{"id":426,"date":"2019-05-09T12:16:35","date_gmt":"2019-05-09T09:16:35","guid":{"rendered":"https:\/\/favorite-news.com\/pl\/ministerstwa-ile-wydaja-na-reklamy-w-telewizji-polskiej-polskim-radiu-sieci-gazeta-polska-i-tv-trwam\/"},"modified":"2019-05-09T12:16:36","modified_gmt":"2019-05-09T09:16:36","slug":"ministerstwa-ile-wydaja-na-reklamy-w-telewizji-polskiej-polskim-radiu-sieci-gazeta-polska-i-tv-trwam","status":"publish","type":"post","link":"https:\/\/favorite-news.com\/pl\/ministerstwa-ile-wydaja-na-reklamy-w-telewizji-polskiej-polskim-radiu-sieci-gazeta-polska-i-tv-trwam\/","title":{"rendered":"Ministerstwa: ile wydaj\u0105 na reklamy w Telewizji Polskiej, Polskim Radiu, &#8222;Sieci&#8221;, &#8222;Gazeta Polska&#8221; i TV Trwam"},"content":{"rendered":"<p> [ad_1]<br \/>\n<\/p>\n<div id=\"\">\n<p>Zapytania do poszczeg\u00f3lnych ministerstw i kancelarii o dzia\u0142ania marketingowe w mediach publicznych skierowa\u0142 na pocz\u0105tku kwietnia pose\u0142 PO Wojciech Kr\u00f3l.<\/p>\n<p>&#13;<br \/>\n&#13;<\/p>\n<p><strong>Resort \u015brodowiska poinformowa\u0142, \u017ce wyda\u0142 w TVP 300 tys. z\u0142<\/strong> na realizowan\u0105 w ub.r. kampani\u0119 \u201eCzyste powietrze &#8211; zdrowy wyb\u00f3r!\u201d (wyemitowano 138 razy 30-sekundowe i 144 razy 15-sekundowe spoty). Nie promowa\u0142 si\u0119 natomiast w Polskim Radiu.<\/p>\n<p>&#13;<br \/>\n&#13;<\/p>\n<p><strong>Ministerstwo Rolnictwa <\/strong>nie podpisa\u0142o \u017cadnych um\u00f3w marketingowych z TVP, a w Polskim Radiu zam\u00f3wi\u0142o w 2017 roku za 51,9 tys. z\u0142 produkcj\u0119 i emisj\u0119 spotu zapraszaj\u0105cego na Piknik Poznaj Dobr\u0105 \u017bywno\u015b\u0107.<\/p>\n<p>&#13;<br \/>\n&#13;<\/p>\n<p><strong>Resort nauki i szkolnictwa wy\u017cszego w TVP wyda\u0142 720,2 tys. z\u0142 <\/strong>(520,3 tys. z\u0142 w 2017 roku, a 199,9 tys. z\u0142 w ub.r.), a <strong>w Polskim Radiu &#8211; 160,3 tys. z\u0142 <\/strong>w ub.r. U obu nadawc\u00f3w promowano Konstytucj\u0119 dla Nauki &#8211; w TVP emisja spot\u00f3w trwa\u0142a \u0142\u0105cznie 140 minut, a w Polskim Radiu (kt\u00f3re zaj\u0119\u0142o si\u0119 te\u017c produkcj\u0105 klipu) &#8211; 137 minut.<\/p>\n<p>&#13;<br \/>\n&#13;<\/p>\n<p><strong>Ministerstwo Edukacji Narodowej w latach 2016-2019 wyda\u0142o w Polskim Radiu 49,6 tys. z\u0142<\/strong> na 50 emisji spotu. Nie poda\u0142o, natomiast ile przeznaczy\u0142o na dzia\u0142ania marketingowe w TVP, t\u0142umacz\u0105c, \u017ce ujawniaj\u0105c te informacje, naruszy\u0142oby zastrze\u017con\u0105 w umowach tajemnic\u0119 przedsi\u0119biorstwa.<\/p>\n<p>&#13;<br \/>\n&#13;<\/p>\n<p><strong>Resort cyfryzacji w ub.r. wykupi\u0142 w TVP za prawie 350 tys. z\u0142<\/strong> 121 emisji trzech spot\u00f3w promuj\u0105cych e-dow\u00f3d. Natomiast w Polskim Radiu promowa\u0142o Og\u00f3lnopolsk\u0105 Sie\u0107 Edukacyjn\u0105: w ub.r. przeznaczy\u0142o 7,8 tys. z\u0142 na produkcj\u0119 dw\u00f3ch spot\u00f3w i jednej audycji na ten temat, a w br. &#8211; 23,4 tys. z\u0142 na 155 ich emisji w pi\u0119ciu rozg\u0142o\u015bniach regionalnych publicznego nadawcy.<\/p>\n<p>&#13;<br \/>\n&#13;<\/p>\n<p>Z kolei <strong>Ministerstwo Obrony Narodowej w TVP w 2016 roku wykupi\u0142o emisj\u0119 spotu informuj\u0105cego o szczycie NATO w Warszawie, a w ub.r. &#8211; spotu \u201eWdzi\u0119czni bohaterom\u201d (<\/strong>nie poda\u0142o, ile za to zap\u0142aci\u0142o. Nie prowadzi\u0142o dzia\u0142a\u0144 marketingowym w Polskim Radiu.<\/p>\n<p>&#13;<br \/>\n&#13;<\/p>\n<p><strong>\u017badnych um\u00f3w z TVP i Polskim Radiem na dzia\u0142ania marketingowe nie zawar\u0142y natomiast resorty s<\/strong>praw wewn\u0119trznych i administracji, sportu i turystyki, rodziny, pracy i polityki spo\u0142ecznej, przedsi\u0119biorczo\u015bci i technologii, gospodarki morskiej i \u017ceglugi \u015br\u00f3dl\u0105dowej, energii.<\/p>\n<p>&#13;<br \/>\n&#13;<\/p>\n<p>Odpowiedzi nie udzieli\u0142y jeszcze resorty zdrowia, spraw zagranicznych, infrastruktury, finans\u00f3w, sprawiedliwo\u015bci, inwestycji i rozwoju oraz kancelaria premiera<\/p>\n<p>&#13;<br \/>\n&#13;<\/p>\n<p><span style=\"font-size:20px;\"><strong>Ministerstwa nie promuj\u0105 si\u0119 w mediach prawicowych<\/strong><\/span><\/p>\n<p>&#13;<br \/>\n&#13;<\/p>\n<p>Osobne zapytania Wojciecha Kr\u00f3la dotyczy\u0142y tego, ile poszczeg\u00f3lne ministerstwa i kancelaria premiera wyda\u0142 na marketing w mediach okre\u015blanych jako prawicowe. Pose\u0142 wyliczy\u0142, \u017ce chodzi mu o nast\u0119puj\u0105ce tytu\u0142y: \u201eGazeta Polska\u201d, Radio Maryja, \u201eSieci\u201d, \u201eDo Rzeczy\u201d, \u201eSolidarno\u015b\u0107\u201d, Telewizja Republika, TV Trwam, wPolityce.pl, Niezale\u017cna.pl, Fronda.pl, wRealu24.pl, RadioMaryja.pl, GazetaPolska.pl, Tysol.pl, DoRzeczy.pl i TelewizjaRepublika.pl.<\/p>\n<p>&#13;<br \/>\n&#13;<\/p>\n<p>Kr\u00f3l nie zaznaczy\u0142, o jaki okres mu chodzi, dlatego wi\u0119kszo\u015b\u0107 resort\u00f3w przyj\u0119\u0142o, \u017ce <strong>ma na my\u015bli br. W tym czasie \u017cadnych \u015brodk\u00f3w na marketing w tych mediach od pocz\u0105tku br. nie przeznaczy\u0142o 12 ministerstw:<\/strong> zdrowia, \u015brodowiska, cyfryzacji, energii, finans\u00f3w, infrastruktury, inwestycji i rozwoju, spraw zagranicznych, spraw wewn\u0119trznych i administracji, sportu i turystyki, rolnictwa, przedsi\u0119biorczo\u015bci i technologii.<\/p>\n<p>&#13;<br \/>\n&#13;<\/p>\n<p>Natomiast wiceminister edukacji narodowej Maciej Kope\u0107 stwierdzi\u0142: \u201etrudno nam si\u0119 odnie\u015b\u0107 do pytania postawionego bez okre\u015blenia konkretnych ram czasowych\u201d.<\/p>\n<p>&#13;<br \/>\n&#13;<\/p>\n<p>Z kolei<strong> Ministerstwo Gospodarki Morskiej i \u017beglugi \u015ar\u00f3dl\u0105dowej<\/strong> poinformowa\u0142o, \u017ce w ub.r. wyda\u0142o prawie 8 tys. z\u0142 na promocj\u0119 w mediach Fratrii \u015awiatowych Dni Morza.<\/p>\n<p>&#13;<br \/>\n&#13;<\/p>\n<p><strong>Resort nauki i szkolnictwa wy\u017cszego przeznaczy\u0142 118,1 tys. z\u0142 na produkcj\u0119 i emisj\u0119 w TV Trwam <\/strong>spot\u00f3w promuj\u0105cych inicjatywy realizowane w ramach programu \u201eSpo\u0142eczna Odpowiedzialno\u015b\u0107 Nauki\u201d, a tak\u017ce 18,4 tys. z\u0142 za dwie publikacje w \u201eDo Rzeczy\u201d i 21,3 tys. z\u0142 za jedn\u0105 publikacj\u0119 w \u201eSieciach\u201d tekstu promuj\u0105cego projekt \u201ePolonia Restituta. Dekalog dla Polski w 100-lecie odzyskania niepodleg\u0142o\u015bci\u201d.<\/p>\n<p>&#13;<br \/>\n&#13;<\/p>\n<p><strong>Ministerstwo Obrony Narodowej podpisa\u0142o w ub.r. z nadawcami TV Trwam i Telewizji Republika <\/strong>umow\u0119 na emisj\u0119 30-sekundowego spotu zach\u0119caj\u0105cego do wzi\u0119cia udzia\u0142u w uroczysto\u015bciach z okazji 100-lecia niepodleg\u0142o\u015bci Polski. Resort nie poda\u0142, ile za to zap\u0142aci\u0142.<\/p>\n<p>&#13;<br \/>\n&#13;<\/p>\n<p>Odpowiedzi nie udzieli\u0142y jeszcze kancelaria premiera, a tak\u017ce resorty sprawiedliwo\u015bci oraz rodziny, pracy i polityki spo\u0142ecznej.<\/p>\n<p>&#13;<br \/>\n&#13;<\/p>\n<p><span style=\"font-size:20px;\"><strong>Ministrom podlegaj\u0105 instytucje i sp\u00f3\u0142ki skarbu pa\u0144stwa<\/strong><\/span><\/p>\n<p>&#13;<br \/>\n&#13;<\/p>\n<p>Bezpo\u015brednie bud\u017cety ministerstw to tylko cz\u0119\u015b\u0107 \u015brodk\u00f3w publicznych, kt\u00f3re mog\u0105 by\u0107 wydawane marketing w mediach. Poszczeg\u00f3lnym ministrom podlega bowiem wiele instytucji r\u00f3wnie\u017c prowadz\u0105cych dzia\u0142ania reklamowe.<\/p>\n<p>&#13;<br \/>\n&#13;<\/p>\n<p>Przyk\u0142adowo Narodowy Fundusz Ochrony \u015arodowiska i Gospodarki Wodnej w odpowiedzi na pismo pos\u0142a PO Krzysztofa Brejzy poinformowa\u0142, \u017ce w ub.r. na komunikacj\u0119 w mediach wyda\u0142 498,5 tys. z\u0142, z czego trzy czwarte trafi\u0142o do sp\u00f3\u0142ek Forum (wydawca \u201eGazety Polskiej Codziennie\u201d) oraz Fratria (wydawca m.in. \u201eSieci\u201d i wPolityce.pl).<\/p>\n<p>&#13;<br \/>\n&#13;<\/p>\n<p>Ministerstwa i podleg\u0142e im instytucje rozdzielaj\u0105 te\u017c dotacje. Je\u015bli o projekty mediowe, w ostatnich latach najszerzej dyskutowano o przez Narodowy Fundusz Ochrony \u015arodowiska i Gospodarki Wodnej 7,2 mln z\u0142 Fundacji Niezale\u017cne Media (za\u0142o\u017cyli i kieruj\u0105 ni\u0105 czo\u0142owi dziennikarze \u201eGazety Polskiej\u201d i \u201eGazety Polskiej Codziennie\u201d) na serwis Puszcza.tv, uruchomiony w po\u0142owie ub.r.<\/p>\n<p>&#13;<br \/>\n&#13;<\/p>\n<p>Natomiast Ministerstwo Kultury i Dziedzictwa Narodowego na pocz\u0105tku br. w ramach dotacji dla czasopism przyzna\u0142o \u015brodki m.in. wydawcom \u201eRes Publiki Nowej\u201d, \u201eWi\u0119zi\u201d, \u201eJazz Forum\u201d, \u201eKultury Liberalnej\u201d, \u201eWpisu\u201d, \u201eForum Dziennikarzy\u201d i \u201eTeologii Politycznej\u201d. Dotacji nie otrzymali natomiast m.in. wydawcy \u201ePisma\u201d, \u201eArchitektury &#8211; Muratora\u201d i \u201eKsi\u0105\u017cek w Tygodniku\u201d.<\/p>\n<p>&#13;<br \/>\n&#13;<\/p>\n<p>Ministrowie i premier sprawuj\u0105 te\u017c nadz\u00f3r nad sp\u00f3\u0142kami skarbu pa\u0144stwa, z kt\u00f3rych cz\u0119\u015b\u0107 to wielkie firmy, notowane na warszawskiej gie\u0142dzie w indeksie WIG-20 skupiaj\u0105cym najwi\u0119ksze podmioty. Niekt\u00f3re z nich w raportach finansowych wyszczeg\u00f3lniaj\u0105 wydatki reklamowe. Przyk\u0142adowo grupa KGHM w ub.r. wyda\u0142a na marketing 62 mln z\u0142 (wobec 57 mln z\u0142 rok wcze\u015bniej), a Alior Bank &#8211; 20,6 mln z\u0142 w pierwszym kwartale br.<\/p>\n<p>&#13;<br \/>\n&#13;<\/p>\n<p>&#13;<br \/>\n&#13;<\/p>\n<p>Wed\u0142ug analizy prof. Tadeusza Kowalskiego czo\u0142owe firmy pa\u0144stwowe w ub.r. na reklamy prasowe cennikowo wyda\u0142y 111,58 mln z\u0142, wobec 61,77 mln z\u0142 rok wcze\u015bniej. W \u201eGazecie Polskiej\u201d wydatki tych podmiot\u00f3w stanowi\u0142y 44,8 proc. \u0142\u0105cznych wp\u0142yw\u00f3w reklamowych, a w \u201eSieciach\u201d &#8211; 39,8 proc.<\/p>\n<p>&#13;<br \/>\n                            &#13;<br \/>\n&#13;<br \/>\n                            &#13;<br \/>\n&#13;<br \/>\n&#13;<br \/>\n&#13;<br \/>\n&#13;<br \/>\n&#13;<br \/>\n                            &#13;<br \/>\n                                                            &#13;<br \/>\n&#13;<br \/>\n                            &#13;\n                        <\/p><\/div>\n<p><script>(function (d, s, id) {\n        var js, fjs = d.getElementsByTagName(s)[0];\n        if (d.getElementById(id)) return;\n        js = d.createElement(s);\n        js.id = id;\n        js.src = \"http:\/\/connect.facebook.net\/pl_PL\/sdk.js#xfbml=1&version=v2.6&appId=297996717062470\";\n        fjs.parentNode.insertBefore(js, fjs);\n    }(document, 'script', 'facebook-jssdk'));<\/script><br \/>\n<br \/>[ad_2]<br \/>\n<br \/><a href=\"https:\/\/www.wirtualnemedia.pl\/artykul\/ministerstwa-ile-wydaja-na-reklamy-w-telewizji-polskiej-polskim-radiu-sieci-gazeta-polska-i-tv-trwam-dane-z-2016-2019\">Source link <\/a><\/p>\n","protected":false},"excerpt":{"rendered":"<p>[ad_1] Zapytania do poszczeg\u00f3lnych ministerstw i kancelarii o dzia\u0142ania marketingowe w mediach publicznych skierowa\u0142 na pocz\u0105tku kwietnia pose\u0142 PO Wojciech Kr\u00f3l. &#13; &#13; Resort \u015brodowiska poinformowa\u0142, \u017ce wyda\u0142 w TVP 300 tys. z\u0142 na realizowan\u0105 w ub.r. kampani\u0119 \u201eCzyste powietrze &#8211; zdrowy wyb\u00f3r!\u201d (wyemitowano 138 razy 30-sekundowe i 144 razy 15-sekundowe spoty). Nie promowa\u0142 si\u0119 [&hellip;]<\/p>\n","protected":false},"author":2,"featured_media":312,"comment_status":"open","ping_status":"open","sticky":false,"template":"","format":"standard","meta":{"footnotes":""},"categories":[2],"tags":[],"class_list":["post-426","post","type-post","status-publish","format-standard","has-post-thumbnail","hentry","category-wiadomosci-marketingowe-internetowe"],"yoast_head":"<!-- This site is optimized with the Yoast SEO plugin v27.4 - https:\/\/yoast.com\/product\/yoast-seo-wordpress\/ -->\n<title>Ministerstwa: ile wydaj\u0105 na reklamy w Telewizji Polskiej, Polskim Radiu, &quot;Sieci&quot;, &quot;Gazeta Polska&quot; i TV Trwam - Favorite News<\/title>\n<meta name=\"robots\" content=\"index, follow, max-snippet:-1, max-image-preview:large, max-video-preview:-1\" \/>\n<link rel=\"canonical\" href=\"https:\/\/favorite-news.com\/pl\/ministerstwa-ile-wydaja-na-reklamy-w-telewizji-polskiej-polskim-radiu-sieci-gazeta-polska-i-tv-trwam\/\" \/>\n<meta property=\"og:locale\" content=\"pl_PL\" \/>\n<meta property=\"og:type\" content=\"article\" \/>\n<meta property=\"og:title\" content=\"Ministerstwa: ile wydaj\u0105 na reklamy w Telewizji Polskiej, Polskim Radiu, &quot;Sieci&quot;, &quot;Gazeta Polska&quot; i TV Trwam - Favorite News\" \/>\n<meta property=\"og:description\" content=\"[ad_1] Zapytania do poszczeg\u00f3lnych ministerstw i kancelarii o dzia\u0142ania marketingowe w mediach publicznych skierowa\u0142 na pocz\u0105tku kwietnia pose\u0142 PO Wojciech Kr\u00f3l. &#013; &#013; Resort \u015brodowiska poinformowa\u0142, \u017ce wyda\u0142 w TVP 300 tys. z\u0142 na realizowan\u0105 w ub.r. kampani\u0119 \u201eCzyste powietrze &#8211; zdrowy wyb\u00f3r!\u201d (wyemitowano 138 razy 30-sekundowe i 144 razy 15-sekundowe spoty). Nie promowa\u0142 si\u0119 [&hellip;]\" \/>\n<meta property=\"og:url\" content=\"https:\/\/favorite-news.com\/pl\/ministerstwa-ile-wydaja-na-reklamy-w-telewizji-polskiej-polskim-radiu-sieci-gazeta-polska-i-tv-trwam\/\" \/>\n<meta property=\"og:site_name\" content=\"Favorite News\" \/>\n<meta property=\"article:published_time\" content=\"2019-05-09T09:16:35+00:00\" \/>\n<meta property=\"article:modified_time\" content=\"2019-05-09T09:16:36+00:00\" \/>\n<meta property=\"og:image\" content=\"https:\/\/favorite-news.com\/pl\/wp-content\/uploads\/sites\/6\/2019\/05\/GIOS-wyda-blisko-4-mln-z\u0142-na-kampani\u0119-informacyjno-edukacyjn\u0105.jpg\" \/>\n\t<meta property=\"og:image:width\" content=\"655\" \/>\n\t<meta property=\"og:image:height\" content=\"437\" \/>\n\t<meta property=\"og:image:type\" content=\"image\/jpeg\" \/>\n<meta name=\"author\" content=\"favorite-news\" \/>\n<meta name=\"twitter:card\" content=\"summary_large_image\" \/>\n<meta name=\"twitter:label1\" content=\"Napisane przez\" \/>\n\t<meta name=\"twitter:data1\" content=\"favorite-news\" \/>\n\t<meta name=\"twitter:label2\" content=\"Szacowany czas czytania\" \/>\n\t<meta name=\"twitter:data2\" content=\"5 minut\" \/>\n<script type=\"application\/ld+json\" class=\"yoast-schema-graph\">{\"@context\":\"https:\\\/\\\/schema.org\",\"@graph\":[{\"@type\":\"Article\",\"@id\":\"https:\\\/\\\/favorite-news.com\\\/pl\\\/ministerstwa-ile-wydaja-na-reklamy-w-telewizji-polskiej-polskim-radiu-sieci-gazeta-polska-i-tv-trwam\\\/#article\",\"isPartOf\":{\"@id\":\"https:\\\/\\\/favorite-news.com\\\/pl\\\/ministerstwa-ile-wydaja-na-reklamy-w-telewizji-polskiej-polskim-radiu-sieci-gazeta-polska-i-tv-trwam\\\/\"},\"author\":{\"name\":\"favorite-news\",\"@id\":\"https:\\\/\\\/favorite-news.com\\\/pl\\\/#\\\/schema\\\/person\\\/b91573b717dcfa5e4696032a9d28d3e8\"},\"headline\":\"Ministerstwa: ile wydaj\u0105 na reklamy w Telewizji Polskiej, Polskim Radiu, &#8222;Sieci&#8221;, &#8222;Gazeta Polska&#8221; i TV Trwam\",\"datePublished\":\"2019-05-09T09:16:35+00:00\",\"dateModified\":\"2019-05-09T09:16:36+00:00\",\"mainEntityOfPage\":{\"@id\":\"https:\\\/\\\/favorite-news.com\\\/pl\\\/ministerstwa-ile-wydaja-na-reklamy-w-telewizji-polskiej-polskim-radiu-sieci-gazeta-polska-i-tv-trwam\\\/\"},\"wordCount\":1046,\"commentCount\":0,\"image\":{\"@id\":\"https:\\\/\\\/favorite-news.com\\\/pl\\\/ministerstwa-ile-wydaja-na-reklamy-w-telewizji-polskiej-polskim-radiu-sieci-gazeta-polska-i-tv-trwam\\\/#primaryimage\"},\"thumbnailUrl\":\"https:\\\/\\\/favorite-news.com\\\/pl\\\/wp-content\\\/uploads\\\/sites\\\/6\\\/2019\\\/05\\\/GIOS-wyda-blisko-4-mln-z\u0142-na-kampani\u0119-informacyjno-edukacyjn\u0105.jpg\",\"articleSection\":[\"WIADOMO\u015aCI MARKETINGOWE INTERNETOWE\"],\"inLanguage\":\"pl-PL\",\"potentialAction\":[{\"@type\":\"CommentAction\",\"name\":\"Comment\",\"target\":[\"https:\\\/\\\/favorite-news.com\\\/pl\\\/ministerstwa-ile-wydaja-na-reklamy-w-telewizji-polskiej-polskim-radiu-sieci-gazeta-polska-i-tv-trwam\\\/#respond\"]}]},{\"@type\":\"WebPage\",\"@id\":\"https:\\\/\\\/favorite-news.com\\\/pl\\\/ministerstwa-ile-wydaja-na-reklamy-w-telewizji-polskiej-polskim-radiu-sieci-gazeta-polska-i-tv-trwam\\\/\",\"url\":\"https:\\\/\\\/favorite-news.com\\\/pl\\\/ministerstwa-ile-wydaja-na-reklamy-w-telewizji-polskiej-polskim-radiu-sieci-gazeta-polska-i-tv-trwam\\\/\",\"name\":\"Ministerstwa: ile wydaj\u0105 na reklamy w Telewizji Polskiej, Polskim Radiu, \\\"Sieci\\\", \\\"Gazeta Polska\\\" i TV Trwam - Favorite News\",\"isPartOf\":{\"@id\":\"https:\\\/\\\/favorite-news.com\\\/pl\\\/#website\"},\"primaryImageOfPage\":{\"@id\":\"https:\\\/\\\/favorite-news.com\\\/pl\\\/ministerstwa-ile-wydaja-na-reklamy-w-telewizji-polskiej-polskim-radiu-sieci-gazeta-polska-i-tv-trwam\\\/#primaryimage\"},\"image\":{\"@id\":\"https:\\\/\\\/favorite-news.com\\\/pl\\\/ministerstwa-ile-wydaja-na-reklamy-w-telewizji-polskiej-polskim-radiu-sieci-gazeta-polska-i-tv-trwam\\\/#primaryimage\"},\"thumbnailUrl\":\"https:\\\/\\\/favorite-news.com\\\/pl\\\/wp-content\\\/uploads\\\/sites\\\/6\\\/2019\\\/05\\\/GIOS-wyda-blisko-4-mln-z\u0142-na-kampani\u0119-informacyjno-edukacyjn\u0105.jpg\",\"datePublished\":\"2019-05-09T09:16:35+00:00\",\"dateModified\":\"2019-05-09T09:16:36+00:00\",\"author\":{\"@id\":\"https:\\\/\\\/favorite-news.com\\\/pl\\\/#\\\/schema\\\/person\\\/b91573b717dcfa5e4696032a9d28d3e8\"},\"breadcrumb\":{\"@id\":\"https:\\\/\\\/favorite-news.com\\\/pl\\\/ministerstwa-ile-wydaja-na-reklamy-w-telewizji-polskiej-polskim-radiu-sieci-gazeta-polska-i-tv-trwam\\\/#breadcrumb\"},\"inLanguage\":\"pl-PL\",\"potentialAction\":[{\"@type\":\"ReadAction\",\"target\":[\"https:\\\/\\\/favorite-news.com\\\/pl\\\/ministerstwa-ile-wydaja-na-reklamy-w-telewizji-polskiej-polskim-radiu-sieci-gazeta-polska-i-tv-trwam\\\/\"]}]},{\"@type\":\"ImageObject\",\"inLanguage\":\"pl-PL\",\"@id\":\"https:\\\/\\\/favorite-news.com\\\/pl\\\/ministerstwa-ile-wydaja-na-reklamy-w-telewizji-polskiej-polskim-radiu-sieci-gazeta-polska-i-tv-trwam\\\/#primaryimage\",\"url\":\"https:\\\/\\\/favorite-news.com\\\/pl\\\/wp-content\\\/uploads\\\/sites\\\/6\\\/2019\\\/05\\\/GIOS-wyda-blisko-4-mln-z\u0142-na-kampani\u0119-informacyjno-edukacyjn\u0105.jpg\",\"contentUrl\":\"https:\\\/\\\/favorite-news.com\\\/pl\\\/wp-content\\\/uploads\\\/sites\\\/6\\\/2019\\\/05\\\/GIOS-wyda-blisko-4-mln-z\u0142-na-kampani\u0119-informacyjno-edukacyjn\u0105.jpg\",\"width\":655,\"height\":437,\"caption\":\"Article\"},{\"@type\":\"BreadcrumbList\",\"@id\":\"https:\\\/\\\/favorite-news.com\\\/pl\\\/ministerstwa-ile-wydaja-na-reklamy-w-telewizji-polskiej-polskim-radiu-sieci-gazeta-polska-i-tv-trwam\\\/#breadcrumb\",\"itemListElement\":[{\"@type\":\"ListItem\",\"position\":1,\"name\":\"Home\",\"item\":\"https:\\\/\\\/favorite-news.com\\\/pl\\\/\"},{\"@type\":\"ListItem\",\"position\":2,\"name\":\"Ministerstwa: ile wydaj\u0105 na reklamy w Telewizji Polskiej, Polskim Radiu, &#8222;Sieci&#8221;, &#8222;Gazeta Polska&#8221; i TV Trwam\"}]},{\"@type\":\"WebSite\",\"@id\":\"https:\\\/\\\/favorite-news.com\\\/pl\\\/#website\",\"url\":\"https:\\\/\\\/favorite-news.com\\\/pl\\\/\",\"name\":\"Favorite News\",\"description\":\"Favorite News Polska\",\"potentialAction\":[{\"@type\":\"SearchAction\",\"target\":{\"@type\":\"EntryPoint\",\"urlTemplate\":\"https:\\\/\\\/favorite-news.com\\\/pl\\\/?s={search_term_string}\"},\"query-input\":{\"@type\":\"PropertyValueSpecification\",\"valueRequired\":true,\"valueName\":\"search_term_string\"}}],\"inLanguage\":\"pl-PL\"},{\"@type\":\"Person\",\"@id\":\"https:\\\/\\\/favorite-news.com\\\/pl\\\/#\\\/schema\\\/person\\\/b91573b717dcfa5e4696032a9d28d3e8\",\"name\":\"favorite-news\",\"image\":{\"@type\":\"ImageObject\",\"inLanguage\":\"pl-PL\",\"@id\":\"https:\\\/\\\/secure.gravatar.com\\\/avatar\\\/6c5a5cb12b74e9d517ee91cf570335b7d16177f1977cc91db161adfa435945a7?s=96&d=mm&r=g\",\"url\":\"https:\\\/\\\/secure.gravatar.com\\\/avatar\\\/6c5a5cb12b74e9d517ee91cf570335b7d16177f1977cc91db161adfa435945a7?s=96&d=mm&r=g\",\"contentUrl\":\"https:\\\/\\\/secure.gravatar.com\\\/avatar\\\/6c5a5cb12b74e9d517ee91cf570335b7d16177f1977cc91db161adfa435945a7?s=96&d=mm&r=g\",\"caption\":\"favorite-news\"},\"url\":\"https:\\\/\\\/favorite-news.com\\\/pl\\\/author\\\/pt\\\/\"}]}<\/script>\n<!-- \/ Yoast SEO plugin. -->","yoast_head_json":{"title":"Ministerstwa: ile wydaj\u0105 na reklamy w Telewizji Polskiej, Polskim Radiu, \"Sieci\", \"Gazeta Polska\" i TV Trwam - Favorite News","robots":{"index":"index","follow":"follow","max-snippet":"max-snippet:-1","max-image-preview":"max-image-preview:large","max-video-preview":"max-video-preview:-1"},"canonical":"https:\/\/favorite-news.com\/pl\/ministerstwa-ile-wydaja-na-reklamy-w-telewizji-polskiej-polskim-radiu-sieci-gazeta-polska-i-tv-trwam\/","og_locale":"pl_PL","og_type":"article","og_title":"Ministerstwa: ile wydaj\u0105 na reklamy w Telewizji Polskiej, Polskim Radiu, \"Sieci\", \"Gazeta Polska\" i TV Trwam - Favorite News","og_description":"[ad_1] Zapytania do poszczeg\u00f3lnych ministerstw i kancelarii o dzia\u0142ania marketingowe w mediach publicznych skierowa\u0142 na pocz\u0105tku kwietnia pose\u0142 PO Wojciech Kr\u00f3l. &#13; &#13; Resort \u015brodowiska poinformowa\u0142, \u017ce wyda\u0142 w TVP 300 tys. z\u0142 na realizowan\u0105 w ub.r. kampani\u0119 \u201eCzyste powietrze &#8211; zdrowy wyb\u00f3r!\u201d (wyemitowano 138 razy 30-sekundowe i 144 razy 15-sekundowe spoty). Nie promowa\u0142 si\u0119 [&hellip;]","og_url":"https:\/\/favorite-news.com\/pl\/ministerstwa-ile-wydaja-na-reklamy-w-telewizji-polskiej-polskim-radiu-sieci-gazeta-polska-i-tv-trwam\/","og_site_name":"Favorite News","article_published_time":"2019-05-09T09:16:35+00:00","article_modified_time":"2019-05-09T09:16:36+00:00","og_image":[{"width":655,"height":437,"url":"https:\/\/favorite-news.com\/pl\/wp-content\/uploads\/sites\/6\/2019\/05\/GIOS-wyda-blisko-4-mln-z\u0142-na-kampani\u0119-informacyjno-edukacyjn\u0105.jpg","type":"image\/jpeg"}],"author":"favorite-news","twitter_card":"summary_large_image","twitter_misc":{"Napisane przez":"favorite-news","Szacowany czas czytania":"5 minut"},"schema":{"@context":"https:\/\/schema.org","@graph":[{"@type":"Article","@id":"https:\/\/favorite-news.com\/pl\/ministerstwa-ile-wydaja-na-reklamy-w-telewizji-polskiej-polskim-radiu-sieci-gazeta-polska-i-tv-trwam\/#article","isPartOf":{"@id":"https:\/\/favorite-news.com\/pl\/ministerstwa-ile-wydaja-na-reklamy-w-telewizji-polskiej-polskim-radiu-sieci-gazeta-polska-i-tv-trwam\/"},"author":{"name":"favorite-news","@id":"https:\/\/favorite-news.com\/pl\/#\/schema\/person\/b91573b717dcfa5e4696032a9d28d3e8"},"headline":"Ministerstwa: ile wydaj\u0105 na reklamy w Telewizji Polskiej, Polskim Radiu, &#8222;Sieci&#8221;, &#8222;Gazeta Polska&#8221; i TV Trwam","datePublished":"2019-05-09T09:16:35+00:00","dateModified":"2019-05-09T09:16:36+00:00","mainEntityOfPage":{"@id":"https:\/\/favorite-news.com\/pl\/ministerstwa-ile-wydaja-na-reklamy-w-telewizji-polskiej-polskim-radiu-sieci-gazeta-polska-i-tv-trwam\/"},"wordCount":1046,"commentCount":0,"image":{"@id":"https:\/\/favorite-news.com\/pl\/ministerstwa-ile-wydaja-na-reklamy-w-telewizji-polskiej-polskim-radiu-sieci-gazeta-polska-i-tv-trwam\/#primaryimage"},"thumbnailUrl":"https:\/\/favorite-news.com\/pl\/wp-content\/uploads\/sites\/6\/2019\/05\/GIOS-wyda-blisko-4-mln-z\u0142-na-kampani\u0119-informacyjno-edukacyjn\u0105.jpg","articleSection":["WIADOMO\u015aCI MARKETINGOWE INTERNETOWE"],"inLanguage":"pl-PL","potentialAction":[{"@type":"CommentAction","name":"Comment","target":["https:\/\/favorite-news.com\/pl\/ministerstwa-ile-wydaja-na-reklamy-w-telewizji-polskiej-polskim-radiu-sieci-gazeta-polska-i-tv-trwam\/#respond"]}]},{"@type":"WebPage","@id":"https:\/\/favorite-news.com\/pl\/ministerstwa-ile-wydaja-na-reklamy-w-telewizji-polskiej-polskim-radiu-sieci-gazeta-polska-i-tv-trwam\/","url":"https:\/\/favorite-news.com\/pl\/ministerstwa-ile-wydaja-na-reklamy-w-telewizji-polskiej-polskim-radiu-sieci-gazeta-polska-i-tv-trwam\/","name":"Ministerstwa: ile wydaj\u0105 na reklamy w Telewizji Polskiej, Polskim Radiu, \"Sieci\", \"Gazeta Polska\" i TV Trwam - Favorite News","isPartOf":{"@id":"https:\/\/favorite-news.com\/pl\/#website"},"primaryImageOfPage":{"@id":"https:\/\/favorite-news.com\/pl\/ministerstwa-ile-wydaja-na-reklamy-w-telewizji-polskiej-polskim-radiu-sieci-gazeta-polska-i-tv-trwam\/#primaryimage"},"image":{"@id":"https:\/\/favorite-news.com\/pl\/ministerstwa-ile-wydaja-na-reklamy-w-telewizji-polskiej-polskim-radiu-sieci-gazeta-polska-i-tv-trwam\/#primaryimage"},"thumbnailUrl":"https:\/\/favorite-news.com\/pl\/wp-content\/uploads\/sites\/6\/2019\/05\/GIOS-wyda-blisko-4-mln-z\u0142-na-kampani\u0119-informacyjno-edukacyjn\u0105.jpg","datePublished":"2019-05-09T09:16:35+00:00","dateModified":"2019-05-09T09:16:36+00:00","author":{"@id":"https:\/\/favorite-news.com\/pl\/#\/schema\/person\/b91573b717dcfa5e4696032a9d28d3e8"},"breadcrumb":{"@id":"https:\/\/favorite-news.com\/pl\/ministerstwa-ile-wydaja-na-reklamy-w-telewizji-polskiej-polskim-radiu-sieci-gazeta-polska-i-tv-trwam\/#breadcrumb"},"inLanguage":"pl-PL","potentialAction":[{"@type":"ReadAction","target":["https:\/\/favorite-news.com\/pl\/ministerstwa-ile-wydaja-na-reklamy-w-telewizji-polskiej-polskim-radiu-sieci-gazeta-polska-i-tv-trwam\/"]}]},{"@type":"ImageObject","inLanguage":"pl-PL","@id":"https:\/\/favorite-news.com\/pl\/ministerstwa-ile-wydaja-na-reklamy-w-telewizji-polskiej-polskim-radiu-sieci-gazeta-polska-i-tv-trwam\/#primaryimage","url":"https:\/\/favorite-news.com\/pl\/wp-content\/uploads\/sites\/6\/2019\/05\/GIOS-wyda-blisko-4-mln-z\u0142-na-kampani\u0119-informacyjno-edukacyjn\u0105.jpg","contentUrl":"https:\/\/favorite-news.com\/pl\/wp-content\/uploads\/sites\/6\/2019\/05\/GIOS-wyda-blisko-4-mln-z\u0142-na-kampani\u0119-informacyjno-edukacyjn\u0105.jpg","width":655,"height":437,"caption":"Article"},{"@type":"BreadcrumbList","@id":"https:\/\/favorite-news.com\/pl\/ministerstwa-ile-wydaja-na-reklamy-w-telewizji-polskiej-polskim-radiu-sieci-gazeta-polska-i-tv-trwam\/#breadcrumb","itemListElement":[{"@type":"ListItem","position":1,"name":"Home","item":"https:\/\/favorite-news.com\/pl\/"},{"@type":"ListItem","position":2,"name":"Ministerstwa: ile wydaj\u0105 na reklamy w Telewizji Polskiej, Polskim Radiu, &#8222;Sieci&#8221;, &#8222;Gazeta Polska&#8221; i TV Trwam"}]},{"@type":"WebSite","@id":"https:\/\/favorite-news.com\/pl\/#website","url":"https:\/\/favorite-news.com\/pl\/","name":"Favorite News","description":"Favorite News Polska","potentialAction":[{"@type":"SearchAction","target":{"@type":"EntryPoint","urlTemplate":"https:\/\/favorite-news.com\/pl\/?s={search_term_string}"},"query-input":{"@type":"PropertyValueSpecification","valueRequired":true,"valueName":"search_term_string"}}],"inLanguage":"pl-PL"},{"@type":"Person","@id":"https:\/\/favorite-news.com\/pl\/#\/schema\/person\/b91573b717dcfa5e4696032a9d28d3e8","name":"favorite-news","image":{"@type":"ImageObject","inLanguage":"pl-PL","@id":"https:\/\/secure.gravatar.com\/avatar\/6c5a5cb12b74e9d517ee91cf570335b7d16177f1977cc91db161adfa435945a7?s=96&d=mm&r=g","url":"https:\/\/secure.gravatar.com\/avatar\/6c5a5cb12b74e9d517ee91cf570335b7d16177f1977cc91db161adfa435945a7?s=96&d=mm&r=g","contentUrl":"https:\/\/secure.gravatar.com\/avatar\/6c5a5cb12b74e9d517ee91cf570335b7d16177f1977cc91db161adfa435945a7?s=96&d=mm&r=g","caption":"favorite-news"},"url":"https:\/\/favorite-news.com\/pl\/author\/pt\/"}]}},"_links":{"self":[{"href":"https:\/\/favorite-news.com\/pl\/wp-json\/wp\/v2\/posts\/426","targetHints":{"allow":["GET"]}}],"collection":[{"href":"https:\/\/favorite-news.com\/pl\/wp-json\/wp\/v2\/posts"}],"about":[{"href":"https:\/\/favorite-news.com\/pl\/wp-json\/wp\/v2\/types\/post"}],"author":[{"embeddable":true,"href":"https:\/\/favorite-news.com\/pl\/wp-json\/wp\/v2\/users\/2"}],"replies":[{"embeddable":true,"href":"https:\/\/favorite-news.com\/pl\/wp-json\/wp\/v2\/comments?post=426"}],"version-history":[{"count":1,"href":"https:\/\/favorite-news.com\/pl\/wp-json\/wp\/v2\/posts\/426\/revisions"}],"predecessor-version":[{"id":427,"href":"https:\/\/favorite-news.com\/pl\/wp-json\/wp\/v2\/posts\/426\/revisions\/427"}],"wp:featuredmedia":[{"embeddable":true,"href":"https:\/\/favorite-news.com\/pl\/wp-json\/wp\/v2\/media\/312"}],"wp:attachment":[{"href":"https:\/\/favorite-news.com\/pl\/wp-json\/wp\/v2\/media?parent=426"}],"wp:term":[{"taxonomy":"category","embeddable":true,"href":"https:\/\/favorite-news.com\/pl\/wp-json\/wp\/v2\/categories?post=426"},{"taxonomy":"post_tag","embeddable":true,"href":"https:\/\/favorite-news.com\/pl\/wp-json\/wp\/v2\/tags?post=426"}],"curies":[{"name":"wp","href":"https:\/\/api.w.org\/{rel}","templated":true}]}}