{"id":420,"date":"2019-05-09T10:07:59","date_gmt":"2019-05-09T07:07:59","guid":{"rendered":"https:\/\/favorite-news.com\/pl\/piecioro-polakow-w-jury-effie-europe-2019\/"},"modified":"2019-05-09T10:08:00","modified_gmt":"2019-05-09T07:08:00","slug":"piecioro-polakow-w-jury-effie-europe-2019","status":"publish","type":"post","link":"https:\/\/favorite-news.com\/pl\/piecioro-polakow-w-jury-effie-europe-2019\/","title":{"rendered":"Pi\u0119cioro Polak\u00f3w w jury Effie Europe 2019"},"content":{"rendered":"<p> [ad_1]<br \/>\n<\/p>\n<div id=\"\">\n<p>Effie Europe Awards to coroczny konkurs, a kt\u00f3rym nagradzane s\u0105 najbardziej efektywne, mi\u0119dzynarodowe kampanie, kt\u00f3re swoim zasi\u0119giem obejmuj\u0105 przynajmniej dwa rynki europejskie. W ocenie rezultat\u00f3w uwzgl\u0119dniane s\u0105 wyzwania strategiczne, kreatywno\u015b\u0107, dopasowanie medi\u00f3w i egzekucja.<\/p>\n<p>&#13;<br \/>\n&#13;<\/p>\n<p>Obradom jury Effie Europe Awards 2019 przewodnicz\u0105 Bastien Schupp, dyrektor zarz\u0105dzaj\u0105cy ds. marek i komunikacji marketingowej Grupy Renault oraz Harjot Singh, szef dzia\u0142u strategii w McCann Worldgroup.<\/p>\n<p>&#13;<br \/>\n&#13;<\/p>\n<p>Prace jury Effie Europe podzielone s\u0105 na dwie rundy. W pierwszej jury wybierze tegorocznych finalist\u00f3w, a druga runda spotka si\u0119 w Brukseli, 26 i 27 czerwca, by wytypowa\u0107 zwyci\u0119zc\u00f3w.<\/p>\n<p>&#13;<br \/>\n&#13;<\/p>\n<p>Jury pierwszej rundy sk\u0142ada si\u0119 prawie z 50 ekspert\u00f3w z 20 kraj\u00f3w europejskich, z Polski s\u0105 to: Micha\u0142 Kociankowski, w\u0142a\u015bciciel Synergion, El\u017cbieta Twardowska, strategic planning director w Ogilvy oraz Kamil Wiszowaty, CEO Group One Media. \u00a0<\/p>\n<p>&#13;<br \/>\n&#13;<\/p>\n<p>Jury drugiej rundy zgromadzi prawie 40 przedstawicieli bran\u017cy z 17 kraj\u00f3w. Przedstawicielkami Polski\u00a0 s\u0105 Inga Songin, regional marketing director, Danone CEN i Marta \u017byci\u0144ska, dyrektor ds. marketingu i komunikacji na Europ\u0119 \u015arodkowo-Wschodni\u0105 w Mastercard Europe.<\/p>\n<p>&#13;<br \/>\n&#13;<\/p>\n<p>Organizatorem Effie Europe jest European Association of Communications Agencies (EACA).<\/p>\n<p>&#13;<br \/>\n                            &#13;<br \/>\n&#13;<br \/>\n                            &#13;<br \/>\n&#13;<br \/>\n&#13;<br \/>\n&#13;<br \/>\n&#13;<br \/>\n&#13;<br \/>\n                            &#13;<br \/>\n                                                            &#13;<br \/>\n&#13;<br \/>\n                            &#13;\n                        <\/p><\/div>\n<p><script>(function (d, s, id) {\n        var js, fjs = d.getElementsByTagName(s)[0];\n        if (d.getElementById(id)) return;\n        js = d.createElement(s);\n        js.id = id;\n        js.src = \"http:\/\/connect.facebook.net\/pl_PL\/sdk.js#xfbml=1&version=v2.6&appId=297996717062470\";\n        fjs.parentNode.insertBefore(js, fjs);\n    }(document, 'script', 'facebook-jssdk'));<\/script><br \/>\n<br \/>[ad_2]<br \/>\n<br \/><a href=\"https:\/\/www.wirtualnemedia.pl\/artykul\/piecioro-polakow-w-jury-effie-europe-2019\">Source link <\/a><\/p>\n","protected":false},"excerpt":{"rendered":"<p>[ad_1] Effie Europe Awards to coroczny konkurs, a kt\u00f3rym nagradzane s\u0105 najbardziej efektywne, mi\u0119dzynarodowe kampanie, kt\u00f3re swoim zasi\u0119giem obejmuj\u0105 przynajmniej dwa rynki europejskie. W ocenie rezultat\u00f3w uwzgl\u0119dniane s\u0105 wyzwania strategiczne, kreatywno\u015b\u0107, dopasowanie medi\u00f3w i egzekucja. &#13; &#13; Obradom jury Effie Europe Awards 2019 przewodnicz\u0105 Bastien Schupp, dyrektor zarz\u0105dzaj\u0105cy ds. marek i komunikacji marketingowej Grupy Renault [&hellip;]<\/p>\n","protected":false},"author":2,"featured_media":421,"comment_status":"open","ping_status":"open","sticky":false,"template":"","format":"standard","meta":{"footnotes":""},"categories":[2],"tags":[],"class_list":["post-420","post","type-post","status-publish","format-standard","has-post-thumbnail","hentry","category-wiadomosci-marketingowe-internetowe"],"yoast_head":"<!-- This site is optimized with the Yoast SEO plugin v27.4 - https:\/\/yoast.com\/product\/yoast-seo-wordpress\/ -->\n<title>Pi\u0119cioro Polak\u00f3w w jury Effie Europe 2019 - Favorite News<\/title>\n<meta name=\"robots\" content=\"index, follow, max-snippet:-1, max-image-preview:large, max-video-preview:-1\" \/>\n<link rel=\"canonical\" href=\"https:\/\/favorite-news.com\/pl\/piecioro-polakow-w-jury-effie-europe-2019\/\" \/>\n<meta property=\"og:locale\" content=\"pl_PL\" \/>\n<meta property=\"og:type\" content=\"article\" \/>\n<meta property=\"og:title\" content=\"Pi\u0119cioro Polak\u00f3w w jury Effie Europe 2019 - Favorite News\" \/>\n<meta property=\"og:description\" content=\"[ad_1] Effie Europe Awards to coroczny konkurs, a kt\u00f3rym nagradzane s\u0105 najbardziej efektywne, mi\u0119dzynarodowe kampanie, kt\u00f3re swoim zasi\u0119giem obejmuj\u0105 przynajmniej dwa rynki europejskie. W ocenie rezultat\u00f3w uwzgl\u0119dniane s\u0105 wyzwania strategiczne, kreatywno\u015b\u0107, dopasowanie medi\u00f3w i egzekucja. &#013; &#013; Obradom jury Effie Europe Awards 2019 przewodnicz\u0105 Bastien Schupp, dyrektor zarz\u0105dzaj\u0105cy ds. marek i komunikacji marketingowej Grupy Renault [&hellip;]\" \/>\n<meta property=\"og:url\" content=\"https:\/\/favorite-news.com\/pl\/piecioro-polakow-w-jury-effie-europe-2019\/\" \/>\n<meta property=\"og:site_name\" content=\"Favorite News\" \/>\n<meta property=\"article:published_time\" content=\"2019-05-09T07:07:59+00:00\" \/>\n<meta property=\"article:modified_time\" content=\"2019-05-09T07:08:00+00:00\" \/>\n<meta property=\"og:image\" content=\"https:\/\/favorite-news.com\/pl\/wp-content\/uploads\/sites\/6\/2019\/05\/Pi\u0119cioro-Polak\u00f3w-w-jury-Effie-Europe-2019.jpg\" \/>\n\t<meta property=\"og:image:width\" content=\"655\" \/>\n\t<meta property=\"og:image:height\" content=\"327\" \/>\n\t<meta property=\"og:image:type\" content=\"image\/jpeg\" \/>\n<meta name=\"author\" content=\"favorite-news\" \/>\n<meta name=\"twitter:card\" content=\"summary_large_image\" \/>\n<meta name=\"twitter:label1\" content=\"Napisane przez\" \/>\n\t<meta name=\"twitter:data1\" content=\"favorite-news\" \/>\n\t<meta name=\"twitter:label2\" content=\"Szacowany czas czytania\" \/>\n\t<meta name=\"twitter:data2\" content=\"1 minuta\" \/>\n<script type=\"application\/ld+json\" class=\"yoast-schema-graph\">{\"@context\":\"https:\\\/\\\/schema.org\",\"@graph\":[{\"@type\":\"Article\",\"@id\":\"https:\\\/\\\/favorite-news.com\\\/pl\\\/piecioro-polakow-w-jury-effie-europe-2019\\\/#article\",\"isPartOf\":{\"@id\":\"https:\\\/\\\/favorite-news.com\\\/pl\\\/piecioro-polakow-w-jury-effie-europe-2019\\\/\"},\"author\":{\"name\":\"favorite-news\",\"@id\":\"https:\\\/\\\/favorite-news.com\\\/pl\\\/#\\\/schema\\\/person\\\/b91573b717dcfa5e4696032a9d28d3e8\"},\"headline\":\"Pi\u0119cioro Polak\u00f3w w jury Effie Europe 2019\",\"datePublished\":\"2019-05-09T07:07:59+00:00\",\"dateModified\":\"2019-05-09T07:08:00+00:00\",\"mainEntityOfPage\":{\"@id\":\"https:\\\/\\\/favorite-news.com\\\/pl\\\/piecioro-polakow-w-jury-effie-europe-2019\\\/\"},\"wordCount\":197,\"commentCount\":0,\"image\":{\"@id\":\"https:\\\/\\\/favorite-news.com\\\/pl\\\/piecioro-polakow-w-jury-effie-europe-2019\\\/#primaryimage\"},\"thumbnailUrl\":\"https:\\\/\\\/favorite-news.com\\\/pl\\\/wp-content\\\/uploads\\\/sites\\\/6\\\/2019\\\/05\\\/Pi\u0119cioro-Polak\u00f3w-w-jury-Effie-Europe-2019.jpg\",\"articleSection\":[\"WIADOMO\u015aCI MARKETINGOWE INTERNETOWE\"],\"inLanguage\":\"pl-PL\",\"potentialAction\":[{\"@type\":\"CommentAction\",\"name\":\"Comment\",\"target\":[\"https:\\\/\\\/favorite-news.com\\\/pl\\\/piecioro-polakow-w-jury-effie-europe-2019\\\/#respond\"]}]},{\"@type\":\"WebPage\",\"@id\":\"https:\\\/\\\/favorite-news.com\\\/pl\\\/piecioro-polakow-w-jury-effie-europe-2019\\\/\",\"url\":\"https:\\\/\\\/favorite-news.com\\\/pl\\\/piecioro-polakow-w-jury-effie-europe-2019\\\/\",\"name\":\"Pi\u0119cioro Polak\u00f3w w jury Effie Europe 2019 - Favorite News\",\"isPartOf\":{\"@id\":\"https:\\\/\\\/favorite-news.com\\\/pl\\\/#website\"},\"primaryImageOfPage\":{\"@id\":\"https:\\\/\\\/favorite-news.com\\\/pl\\\/piecioro-polakow-w-jury-effie-europe-2019\\\/#primaryimage\"},\"image\":{\"@id\":\"https:\\\/\\\/favorite-news.com\\\/pl\\\/piecioro-polakow-w-jury-effie-europe-2019\\\/#primaryimage\"},\"thumbnailUrl\":\"https:\\\/\\\/favorite-news.com\\\/pl\\\/wp-content\\\/uploads\\\/sites\\\/6\\\/2019\\\/05\\\/Pi\u0119cioro-Polak\u00f3w-w-jury-Effie-Europe-2019.jpg\",\"datePublished\":\"2019-05-09T07:07:59+00:00\",\"dateModified\":\"2019-05-09T07:08:00+00:00\",\"author\":{\"@id\":\"https:\\\/\\\/favorite-news.com\\\/pl\\\/#\\\/schema\\\/person\\\/b91573b717dcfa5e4696032a9d28d3e8\"},\"breadcrumb\":{\"@id\":\"https:\\\/\\\/favorite-news.com\\\/pl\\\/piecioro-polakow-w-jury-effie-europe-2019\\\/#breadcrumb\"},\"inLanguage\":\"pl-PL\",\"potentialAction\":[{\"@type\":\"ReadAction\",\"target\":[\"https:\\\/\\\/favorite-news.com\\\/pl\\\/piecioro-polakow-w-jury-effie-europe-2019\\\/\"]}]},{\"@type\":\"ImageObject\",\"inLanguage\":\"pl-PL\",\"@id\":\"https:\\\/\\\/favorite-news.com\\\/pl\\\/piecioro-polakow-w-jury-effie-europe-2019\\\/#primaryimage\",\"url\":\"https:\\\/\\\/favorite-news.com\\\/pl\\\/wp-content\\\/uploads\\\/sites\\\/6\\\/2019\\\/05\\\/Pi\u0119cioro-Polak\u00f3w-w-jury-Effie-Europe-2019.jpg\",\"contentUrl\":\"https:\\\/\\\/favorite-news.com\\\/pl\\\/wp-content\\\/uploads\\\/sites\\\/6\\\/2019\\\/05\\\/Pi\u0119cioro-Polak\u00f3w-w-jury-Effie-Europe-2019.jpg\",\"width\":655,\"height\":327,\"caption\":\"Article\"},{\"@type\":\"BreadcrumbList\",\"@id\":\"https:\\\/\\\/favorite-news.com\\\/pl\\\/piecioro-polakow-w-jury-effie-europe-2019\\\/#breadcrumb\",\"itemListElement\":[{\"@type\":\"ListItem\",\"position\":1,\"name\":\"Home\",\"item\":\"https:\\\/\\\/favorite-news.com\\\/pl\\\/\"},{\"@type\":\"ListItem\",\"position\":2,\"name\":\"Pi\u0119cioro Polak\u00f3w w jury Effie Europe 2019\"}]},{\"@type\":\"WebSite\",\"@id\":\"https:\\\/\\\/favorite-news.com\\\/pl\\\/#website\",\"url\":\"https:\\\/\\\/favorite-news.com\\\/pl\\\/\",\"name\":\"Favorite News\",\"description\":\"Favorite News Polska\",\"potentialAction\":[{\"@type\":\"SearchAction\",\"target\":{\"@type\":\"EntryPoint\",\"urlTemplate\":\"https:\\\/\\\/favorite-news.com\\\/pl\\\/?s={search_term_string}\"},\"query-input\":{\"@type\":\"PropertyValueSpecification\",\"valueRequired\":true,\"valueName\":\"search_term_string\"}}],\"inLanguage\":\"pl-PL\"},{\"@type\":\"Person\",\"@id\":\"https:\\\/\\\/favorite-news.com\\\/pl\\\/#\\\/schema\\\/person\\\/b91573b717dcfa5e4696032a9d28d3e8\",\"name\":\"favorite-news\",\"image\":{\"@type\":\"ImageObject\",\"inLanguage\":\"pl-PL\",\"@id\":\"https:\\\/\\\/secure.gravatar.com\\\/avatar\\\/6c5a5cb12b74e9d517ee91cf570335b7d16177f1977cc91db161adfa435945a7?s=96&d=mm&r=g\",\"url\":\"https:\\\/\\\/secure.gravatar.com\\\/avatar\\\/6c5a5cb12b74e9d517ee91cf570335b7d16177f1977cc91db161adfa435945a7?s=96&d=mm&r=g\",\"contentUrl\":\"https:\\\/\\\/secure.gravatar.com\\\/avatar\\\/6c5a5cb12b74e9d517ee91cf570335b7d16177f1977cc91db161adfa435945a7?s=96&d=mm&r=g\",\"caption\":\"favorite-news\"},\"url\":\"https:\\\/\\\/favorite-news.com\\\/pl\\\/author\\\/pt\\\/\"}]}<\/script>\n<!-- \/ Yoast SEO plugin. -->","yoast_head_json":{"title":"Pi\u0119cioro Polak\u00f3w w jury Effie Europe 2019 - Favorite News","robots":{"index":"index","follow":"follow","max-snippet":"max-snippet:-1","max-image-preview":"max-image-preview:large","max-video-preview":"max-video-preview:-1"},"canonical":"https:\/\/favorite-news.com\/pl\/piecioro-polakow-w-jury-effie-europe-2019\/","og_locale":"pl_PL","og_type":"article","og_title":"Pi\u0119cioro Polak\u00f3w w jury Effie Europe 2019 - Favorite News","og_description":"[ad_1] Effie Europe Awards to coroczny konkurs, a kt\u00f3rym nagradzane s\u0105 najbardziej efektywne, mi\u0119dzynarodowe kampanie, kt\u00f3re swoim zasi\u0119giem obejmuj\u0105 przynajmniej dwa rynki europejskie. W ocenie rezultat\u00f3w uwzgl\u0119dniane s\u0105 wyzwania strategiczne, kreatywno\u015b\u0107, dopasowanie medi\u00f3w i egzekucja. &#13; &#13; Obradom jury Effie Europe Awards 2019 przewodnicz\u0105 Bastien Schupp, dyrektor zarz\u0105dzaj\u0105cy ds. marek i komunikacji marketingowej Grupy Renault [&hellip;]","og_url":"https:\/\/favorite-news.com\/pl\/piecioro-polakow-w-jury-effie-europe-2019\/","og_site_name":"Favorite News","article_published_time":"2019-05-09T07:07:59+00:00","article_modified_time":"2019-05-09T07:08:00+00:00","og_image":[{"width":655,"height":327,"url":"https:\/\/favorite-news.com\/pl\/wp-content\/uploads\/sites\/6\/2019\/05\/Pi\u0119cioro-Polak\u00f3w-w-jury-Effie-Europe-2019.jpg","type":"image\/jpeg"}],"author":"favorite-news","twitter_card":"summary_large_image","twitter_misc":{"Napisane przez":"favorite-news","Szacowany czas czytania":"1 minuta"},"schema":{"@context":"https:\/\/schema.org","@graph":[{"@type":"Article","@id":"https:\/\/favorite-news.com\/pl\/piecioro-polakow-w-jury-effie-europe-2019\/#article","isPartOf":{"@id":"https:\/\/favorite-news.com\/pl\/piecioro-polakow-w-jury-effie-europe-2019\/"},"author":{"name":"favorite-news","@id":"https:\/\/favorite-news.com\/pl\/#\/schema\/person\/b91573b717dcfa5e4696032a9d28d3e8"},"headline":"Pi\u0119cioro Polak\u00f3w w jury Effie Europe 2019","datePublished":"2019-05-09T07:07:59+00:00","dateModified":"2019-05-09T07:08:00+00:00","mainEntityOfPage":{"@id":"https:\/\/favorite-news.com\/pl\/piecioro-polakow-w-jury-effie-europe-2019\/"},"wordCount":197,"commentCount":0,"image":{"@id":"https:\/\/favorite-news.com\/pl\/piecioro-polakow-w-jury-effie-europe-2019\/#primaryimage"},"thumbnailUrl":"https:\/\/favorite-news.com\/pl\/wp-content\/uploads\/sites\/6\/2019\/05\/Pi\u0119cioro-Polak\u00f3w-w-jury-Effie-Europe-2019.jpg","articleSection":["WIADOMO\u015aCI MARKETINGOWE INTERNETOWE"],"inLanguage":"pl-PL","potentialAction":[{"@type":"CommentAction","name":"Comment","target":["https:\/\/favorite-news.com\/pl\/piecioro-polakow-w-jury-effie-europe-2019\/#respond"]}]},{"@type":"WebPage","@id":"https:\/\/favorite-news.com\/pl\/piecioro-polakow-w-jury-effie-europe-2019\/","url":"https:\/\/favorite-news.com\/pl\/piecioro-polakow-w-jury-effie-europe-2019\/","name":"Pi\u0119cioro Polak\u00f3w w jury Effie Europe 2019 - Favorite News","isPartOf":{"@id":"https:\/\/favorite-news.com\/pl\/#website"},"primaryImageOfPage":{"@id":"https:\/\/favorite-news.com\/pl\/piecioro-polakow-w-jury-effie-europe-2019\/#primaryimage"},"image":{"@id":"https:\/\/favorite-news.com\/pl\/piecioro-polakow-w-jury-effie-europe-2019\/#primaryimage"},"thumbnailUrl":"https:\/\/favorite-news.com\/pl\/wp-content\/uploads\/sites\/6\/2019\/05\/Pi\u0119cioro-Polak\u00f3w-w-jury-Effie-Europe-2019.jpg","datePublished":"2019-05-09T07:07:59+00:00","dateModified":"2019-05-09T07:08:00+00:00","author":{"@id":"https:\/\/favorite-news.com\/pl\/#\/schema\/person\/b91573b717dcfa5e4696032a9d28d3e8"},"breadcrumb":{"@id":"https:\/\/favorite-news.com\/pl\/piecioro-polakow-w-jury-effie-europe-2019\/#breadcrumb"},"inLanguage":"pl-PL","potentialAction":[{"@type":"ReadAction","target":["https:\/\/favorite-news.com\/pl\/piecioro-polakow-w-jury-effie-europe-2019\/"]}]},{"@type":"ImageObject","inLanguage":"pl-PL","@id":"https:\/\/favorite-news.com\/pl\/piecioro-polakow-w-jury-effie-europe-2019\/#primaryimage","url":"https:\/\/favorite-news.com\/pl\/wp-content\/uploads\/sites\/6\/2019\/05\/Pi\u0119cioro-Polak\u00f3w-w-jury-Effie-Europe-2019.jpg","contentUrl":"https:\/\/favorite-news.com\/pl\/wp-content\/uploads\/sites\/6\/2019\/05\/Pi\u0119cioro-Polak\u00f3w-w-jury-Effie-Europe-2019.jpg","width":655,"height":327,"caption":"Article"},{"@type":"BreadcrumbList","@id":"https:\/\/favorite-news.com\/pl\/piecioro-polakow-w-jury-effie-europe-2019\/#breadcrumb","itemListElement":[{"@type":"ListItem","position":1,"name":"Home","item":"https:\/\/favorite-news.com\/pl\/"},{"@type":"ListItem","position":2,"name":"Pi\u0119cioro Polak\u00f3w w jury Effie Europe 2019"}]},{"@type":"WebSite","@id":"https:\/\/favorite-news.com\/pl\/#website","url":"https:\/\/favorite-news.com\/pl\/","name":"Favorite News","description":"Favorite News Polska","potentialAction":[{"@type":"SearchAction","target":{"@type":"EntryPoint","urlTemplate":"https:\/\/favorite-news.com\/pl\/?s={search_term_string}"},"query-input":{"@type":"PropertyValueSpecification","valueRequired":true,"valueName":"search_term_string"}}],"inLanguage":"pl-PL"},{"@type":"Person","@id":"https:\/\/favorite-news.com\/pl\/#\/schema\/person\/b91573b717dcfa5e4696032a9d28d3e8","name":"favorite-news","image":{"@type":"ImageObject","inLanguage":"pl-PL","@id":"https:\/\/secure.gravatar.com\/avatar\/6c5a5cb12b74e9d517ee91cf570335b7d16177f1977cc91db161adfa435945a7?s=96&d=mm&r=g","url":"https:\/\/secure.gravatar.com\/avatar\/6c5a5cb12b74e9d517ee91cf570335b7d16177f1977cc91db161adfa435945a7?s=96&d=mm&r=g","contentUrl":"https:\/\/secure.gravatar.com\/avatar\/6c5a5cb12b74e9d517ee91cf570335b7d16177f1977cc91db161adfa435945a7?s=96&d=mm&r=g","caption":"favorite-news"},"url":"https:\/\/favorite-news.com\/pl\/author\/pt\/"}]}},"_links":{"self":[{"href":"https:\/\/favorite-news.com\/pl\/wp-json\/wp\/v2\/posts\/420","targetHints":{"allow":["GET"]}}],"collection":[{"href":"https:\/\/favorite-news.com\/pl\/wp-json\/wp\/v2\/posts"}],"about":[{"href":"https:\/\/favorite-news.com\/pl\/wp-json\/wp\/v2\/types\/post"}],"author":[{"embeddable":true,"href":"https:\/\/favorite-news.com\/pl\/wp-json\/wp\/v2\/users\/2"}],"replies":[{"embeddable":true,"href":"https:\/\/favorite-news.com\/pl\/wp-json\/wp\/v2\/comments?post=420"}],"version-history":[{"count":1,"href":"https:\/\/favorite-news.com\/pl\/wp-json\/wp\/v2\/posts\/420\/revisions"}],"predecessor-version":[{"id":422,"href":"https:\/\/favorite-news.com\/pl\/wp-json\/wp\/v2\/posts\/420\/revisions\/422"}],"wp:featuredmedia":[{"embeddable":true,"href":"https:\/\/favorite-news.com\/pl\/wp-json\/wp\/v2\/media\/421"}],"wp:attachment":[{"href":"https:\/\/favorite-news.com\/pl\/wp-json\/wp\/v2\/media?parent=420"}],"wp:term":[{"taxonomy":"category","embeddable":true,"href":"https:\/\/favorite-news.com\/pl\/wp-json\/wp\/v2\/categories?post=420"},{"taxonomy":"post_tag","embeddable":true,"href":"https:\/\/favorite-news.com\/pl\/wp-json\/wp\/v2\/tags?post=420"}],"curies":[{"name":"wp","href":"https:\/\/api.w.org\/{rel}","templated":true}]}}