{"id":397,"date":"2019-05-08T14:51:00","date_gmt":"2019-05-08T11:51:00","guid":{"rendered":"https:\/\/favorite-news.com\/pl\/danuta-stenka-w-reklamie-wideo\/"},"modified":"2019-05-08T14:51:01","modified_gmt":"2019-05-08T11:51:01","slug":"danuta-stenka-w-reklamie-wideo","status":"publish","type":"post","link":"https:\/\/favorite-news.com\/pl\/danuta-stenka-w-reklamie-wideo\/","title":{"rendered":"Danuta Stenka w reklamie (wideo)"},"content":{"rendered":"<p> [ad_1]<br \/>\n<\/p>\n<div id=\"\">\n<p>Spot z kampanii pokazuje, jak Danuta Stenka relaksuje si\u0119 we w\u0142asnym domu. Prezentowane s\u0105 jego wn\u0119trza pomalowane farbami Magnat, a w tle s\u0142ycha\u0107 piosenk\u0119 \u201eW moim magicznym domu\u201d.<\/p>\n<p>&#13;<br \/>\n&#13;<\/p>\n<p>Aktorka po tym jak wylewa jej si\u0119 kawa, bez problemu \u015bciera j\u0105 ze \u015bciany bez \u017cadnych \u015blad\u00f3w. Ma to podkre\u015bla\u0107, \u017ce farby Magnat s\u0105 sprzedawane z gwarancj\u0105 plamoodporno\u015bci na 12 miesi\u0119cy.<\/p>\n<p>&#13;<br \/>\n&#13;<\/p>\n<p><iframe loading=\"lazy\" allowfullscreen=\"\" frameborder=\"0\" height=\"360\" src=\"https:\/\/tv.wirtualnemedia.pl\/embed\/danuta-stenka-reklamuje-farby-magnat-ceramic?width=640&amp;height=360\" width=\"640\"><\/iframe>\u00a0<\/p>\n<p>&#13;<br \/>\n&#13;<\/p>\n<p>Akcja reklamowa obejmuje telewizj\u0119 (m.in. g\u0142\u00f3wne stacje) oraz internet. B\u0119dzie realizowana przez ca\u0142y sezon prac remontowo-budowlanych.<\/p>\n<p>&#13;<br \/>\n&#13;<\/p>\n<p>Kreacj\u0105 spotu zaj\u0119\u0142a si\u0119 agencja Oldboys&amp;Freshmilk, a za zakup medi\u00f3w odpowiada dom mediowy Initiative Media Warszawa.<\/p>\n<p>&#13;<br \/>\n&#13;<\/p>\n<p>FFiL \u015anie\u017cka nie podaje, na jak d\u0142ugo podpisano umow\u0119 z Danut\u0105 Stenk\u0105. Wiadomo natomiast, \u017ce aktorka b\u0119dzie promowa\u0107 wy\u0142\u0105cznie produkty marki Magnat.<\/p>\n<p>&#13;<br \/>\n&#13;<\/p>\n<p>Poprzednio przez kilka w reklamach farb Magnat <a href=\"https:\/\/twitter.com\/prawolewak\/status\/1125824436534427650\" target=\"_blank\" rel=\"noopener noreferrer\">wyst\u0119powa\u0142 restaurator Wojciech Modest Amaro<\/a>.<\/p>\n<p>&#13;<br \/>\n&#13;<\/p>\n<p>Natomiast Danuta Stenka od trzech lat jest ambasadork\u0105 marketingow\u0105 szkie\u0142 okularowych Varilux.<\/p>\n<p>&#13;<br \/>\n                            &#13;<br \/>\n&#13;<br \/>\n                            &#13;<br \/>\n&#13;<br \/>\n&#13;<br \/>\n&#13;<br \/>\n&#13;<br \/>\n&#13;<br \/>\n                            &#13;<br \/>\n                                                            &#13;<br \/>\n&#13;<br \/>\n                            &#13;\n                        <\/p><\/div>\n<p><script async src=\"http:\/\/platform.twitter.com\/widgets.js\" charset=\"utf-8\"><\/script><script>(function (d, s, id) {\n        var js, fjs = d.getElementsByTagName(s)[0];\n        if (d.getElementById(id)) return;\n        js = d.createElement(s);\n        js.id = id;\n        js.src = \"http:\/\/connect.facebook.net\/pl_PL\/sdk.js#xfbml=1&version=v2.6&appId=297996717062470\";\n        fjs.parentNode.insertBefore(js, fjs);\n    }(document, 'script', 'facebook-jssdk'));<\/script><br \/>\n<br \/>[ad_2]<br \/>\n<br \/><a href=\"https:\/\/www.wirtualnemedia.pl\/artykul\/magnat-farby-danuta-stenka-w-reklamie-wideo\">Source link <\/a><\/p>\n","protected":false},"excerpt":{"rendered":"<p>[ad_1] Spot z kampanii pokazuje, jak Danuta Stenka relaksuje si\u0119 we w\u0142asnym domu. Prezentowane s\u0105 jego wn\u0119trza pomalowane farbami Magnat, a w tle s\u0142ycha\u0107 piosenk\u0119 \u201eW moim magicznym domu\u201d. &#13; &#13; Aktorka po tym jak wylewa jej si\u0119 kawa, bez problemu \u015bciera j\u0105 ze \u015bciany bez \u017cadnych \u015blad\u00f3w. Ma to podkre\u015bla\u0107, \u017ce farby Magnat s\u0105 [&hellip;]<\/p>\n","protected":false},"author":2,"featured_media":398,"comment_status":"open","ping_status":"open","sticky":false,"template":"","format":"standard","meta":{"footnotes":""},"categories":[2],"tags":[],"class_list":["post-397","post","type-post","status-publish","format-standard","has-post-thumbnail","hentry","category-wiadomosci-marketingowe-internetowe"],"yoast_head":"<!-- This site is optimized with the Yoast SEO plugin v27.4 - https:\/\/yoast.com\/product\/yoast-seo-wordpress\/ -->\n<title>Danuta Stenka w reklamie (wideo) - Favorite News<\/title>\n<meta name=\"robots\" content=\"index, follow, max-snippet:-1, max-image-preview:large, max-video-preview:-1\" \/>\n<link rel=\"canonical\" href=\"https:\/\/favorite-news.com\/pl\/danuta-stenka-w-reklamie-wideo\/\" \/>\n<meta property=\"og:locale\" content=\"pl_PL\" \/>\n<meta property=\"og:type\" content=\"article\" \/>\n<meta property=\"og:title\" content=\"Danuta Stenka w reklamie (wideo) - Favorite News\" \/>\n<meta property=\"og:description\" content=\"[ad_1] Spot z kampanii pokazuje, jak Danuta Stenka relaksuje si\u0119 we w\u0142asnym domu. Prezentowane s\u0105 jego wn\u0119trza pomalowane farbami Magnat, a w tle s\u0142ycha\u0107 piosenk\u0119 \u201eW moim magicznym domu\u201d. &#013; &#013; Aktorka po tym jak wylewa jej si\u0119 kawa, bez problemu \u015bciera j\u0105 ze \u015bciany bez \u017cadnych \u015blad\u00f3w. Ma to podkre\u015bla\u0107, \u017ce farby Magnat s\u0105 [&hellip;]\" \/>\n<meta property=\"og:url\" content=\"https:\/\/favorite-news.com\/pl\/danuta-stenka-w-reklamie-wideo\/\" \/>\n<meta property=\"og:site_name\" content=\"Favorite News\" \/>\n<meta property=\"article:published_time\" content=\"2019-05-08T11:51:00+00:00\" \/>\n<meta property=\"article:modified_time\" content=\"2019-05-08T11:51:01+00:00\" \/>\n<meta property=\"og:image\" content=\"https:\/\/favorite-news.com\/pl\/wp-content\/uploads\/sites\/6\/2019\/05\/Danuta-Stenka-w-reklamie-wideo.png\" \/>\n\t<meta property=\"og:image:width\" content=\"655\" \/>\n\t<meta property=\"og:image:height\" content=\"461\" \/>\n\t<meta property=\"og:image:type\" content=\"image\/png\" \/>\n<meta name=\"author\" content=\"favorite-news\" \/>\n<meta name=\"twitter:card\" content=\"summary_large_image\" \/>\n<meta name=\"twitter:label1\" content=\"Napisane przez\" \/>\n\t<meta name=\"twitter:data1\" content=\"favorite-news\" \/>\n\t<meta name=\"twitter:label2\" content=\"Szacowany czas czytania\" \/>\n\t<meta name=\"twitter:data2\" content=\"1 minuta\" \/>\n<script type=\"application\/ld+json\" class=\"yoast-schema-graph\">{\"@context\":\"https:\\\/\\\/schema.org\",\"@graph\":[{\"@type\":\"Article\",\"@id\":\"https:\\\/\\\/favorite-news.com\\\/pl\\\/danuta-stenka-w-reklamie-wideo\\\/#article\",\"isPartOf\":{\"@id\":\"https:\\\/\\\/favorite-news.com\\\/pl\\\/danuta-stenka-w-reklamie-wideo\\\/\"},\"author\":{\"name\":\"favorite-news\",\"@id\":\"https:\\\/\\\/favorite-news.com\\\/pl\\\/#\\\/schema\\\/person\\\/b91573b717dcfa5e4696032a9d28d3e8\"},\"headline\":\"Danuta Stenka w reklamie (wideo)\",\"datePublished\":\"2019-05-08T11:51:00+00:00\",\"dateModified\":\"2019-05-08T11:51:01+00:00\",\"mainEntityOfPage\":{\"@id\":\"https:\\\/\\\/favorite-news.com\\\/pl\\\/danuta-stenka-w-reklamie-wideo\\\/\"},\"wordCount\":165,\"commentCount\":0,\"image\":{\"@id\":\"https:\\\/\\\/favorite-news.com\\\/pl\\\/danuta-stenka-w-reklamie-wideo\\\/#primaryimage\"},\"thumbnailUrl\":\"https:\\\/\\\/favorite-news.com\\\/pl\\\/wp-content\\\/uploads\\\/sites\\\/6\\\/2019\\\/05\\\/Danuta-Stenka-w-reklamie-wideo.png\",\"articleSection\":[\"WIADOMO\u015aCI MARKETINGOWE INTERNETOWE\"],\"inLanguage\":\"pl-PL\",\"potentialAction\":[{\"@type\":\"CommentAction\",\"name\":\"Comment\",\"target\":[\"https:\\\/\\\/favorite-news.com\\\/pl\\\/danuta-stenka-w-reklamie-wideo\\\/#respond\"]}]},{\"@type\":\"WebPage\",\"@id\":\"https:\\\/\\\/favorite-news.com\\\/pl\\\/danuta-stenka-w-reklamie-wideo\\\/\",\"url\":\"https:\\\/\\\/favorite-news.com\\\/pl\\\/danuta-stenka-w-reklamie-wideo\\\/\",\"name\":\"Danuta Stenka w reklamie (wideo) - Favorite News\",\"isPartOf\":{\"@id\":\"https:\\\/\\\/favorite-news.com\\\/pl\\\/#website\"},\"primaryImageOfPage\":{\"@id\":\"https:\\\/\\\/favorite-news.com\\\/pl\\\/danuta-stenka-w-reklamie-wideo\\\/#primaryimage\"},\"image\":{\"@id\":\"https:\\\/\\\/favorite-news.com\\\/pl\\\/danuta-stenka-w-reklamie-wideo\\\/#primaryimage\"},\"thumbnailUrl\":\"https:\\\/\\\/favorite-news.com\\\/pl\\\/wp-content\\\/uploads\\\/sites\\\/6\\\/2019\\\/05\\\/Danuta-Stenka-w-reklamie-wideo.png\",\"datePublished\":\"2019-05-08T11:51:00+00:00\",\"dateModified\":\"2019-05-08T11:51:01+00:00\",\"author\":{\"@id\":\"https:\\\/\\\/favorite-news.com\\\/pl\\\/#\\\/schema\\\/person\\\/b91573b717dcfa5e4696032a9d28d3e8\"},\"breadcrumb\":{\"@id\":\"https:\\\/\\\/favorite-news.com\\\/pl\\\/danuta-stenka-w-reklamie-wideo\\\/#breadcrumb\"},\"inLanguage\":\"pl-PL\",\"potentialAction\":[{\"@type\":\"ReadAction\",\"target\":[\"https:\\\/\\\/favorite-news.com\\\/pl\\\/danuta-stenka-w-reklamie-wideo\\\/\"]}]},{\"@type\":\"ImageObject\",\"inLanguage\":\"pl-PL\",\"@id\":\"https:\\\/\\\/favorite-news.com\\\/pl\\\/danuta-stenka-w-reklamie-wideo\\\/#primaryimage\",\"url\":\"https:\\\/\\\/favorite-news.com\\\/pl\\\/wp-content\\\/uploads\\\/sites\\\/6\\\/2019\\\/05\\\/Danuta-Stenka-w-reklamie-wideo.png\",\"contentUrl\":\"https:\\\/\\\/favorite-news.com\\\/pl\\\/wp-content\\\/uploads\\\/sites\\\/6\\\/2019\\\/05\\\/Danuta-Stenka-w-reklamie-wideo.png\",\"width\":655,\"height\":461,\"caption\":\"Article\"},{\"@type\":\"BreadcrumbList\",\"@id\":\"https:\\\/\\\/favorite-news.com\\\/pl\\\/danuta-stenka-w-reklamie-wideo\\\/#breadcrumb\",\"itemListElement\":[{\"@type\":\"ListItem\",\"position\":1,\"name\":\"Home\",\"item\":\"https:\\\/\\\/favorite-news.com\\\/pl\\\/\"},{\"@type\":\"ListItem\",\"position\":2,\"name\":\"Danuta Stenka w reklamie (wideo)\"}]},{\"@type\":\"WebSite\",\"@id\":\"https:\\\/\\\/favorite-news.com\\\/pl\\\/#website\",\"url\":\"https:\\\/\\\/favorite-news.com\\\/pl\\\/\",\"name\":\"Favorite News\",\"description\":\"Favorite News Polska\",\"potentialAction\":[{\"@type\":\"SearchAction\",\"target\":{\"@type\":\"EntryPoint\",\"urlTemplate\":\"https:\\\/\\\/favorite-news.com\\\/pl\\\/?s={search_term_string}\"},\"query-input\":{\"@type\":\"PropertyValueSpecification\",\"valueRequired\":true,\"valueName\":\"search_term_string\"}}],\"inLanguage\":\"pl-PL\"},{\"@type\":\"Person\",\"@id\":\"https:\\\/\\\/favorite-news.com\\\/pl\\\/#\\\/schema\\\/person\\\/b91573b717dcfa5e4696032a9d28d3e8\",\"name\":\"favorite-news\",\"image\":{\"@type\":\"ImageObject\",\"inLanguage\":\"pl-PL\",\"@id\":\"https:\\\/\\\/secure.gravatar.com\\\/avatar\\\/6c5a5cb12b74e9d517ee91cf570335b7d16177f1977cc91db161adfa435945a7?s=96&d=mm&r=g\",\"url\":\"https:\\\/\\\/secure.gravatar.com\\\/avatar\\\/6c5a5cb12b74e9d517ee91cf570335b7d16177f1977cc91db161adfa435945a7?s=96&d=mm&r=g\",\"contentUrl\":\"https:\\\/\\\/secure.gravatar.com\\\/avatar\\\/6c5a5cb12b74e9d517ee91cf570335b7d16177f1977cc91db161adfa435945a7?s=96&d=mm&r=g\",\"caption\":\"favorite-news\"},\"url\":\"https:\\\/\\\/favorite-news.com\\\/pl\\\/author\\\/pt\\\/\"}]}<\/script>\n<!-- \/ Yoast SEO plugin. -->","yoast_head_json":{"title":"Danuta Stenka w reklamie (wideo) - Favorite News","robots":{"index":"index","follow":"follow","max-snippet":"max-snippet:-1","max-image-preview":"max-image-preview:large","max-video-preview":"max-video-preview:-1"},"canonical":"https:\/\/favorite-news.com\/pl\/danuta-stenka-w-reklamie-wideo\/","og_locale":"pl_PL","og_type":"article","og_title":"Danuta Stenka w reklamie (wideo) - Favorite News","og_description":"[ad_1] Spot z kampanii pokazuje, jak Danuta Stenka relaksuje si\u0119 we w\u0142asnym domu. Prezentowane s\u0105 jego wn\u0119trza pomalowane farbami Magnat, a w tle s\u0142ycha\u0107 piosenk\u0119 \u201eW moim magicznym domu\u201d. &#13; &#13; Aktorka po tym jak wylewa jej si\u0119 kawa, bez problemu \u015bciera j\u0105 ze \u015bciany bez \u017cadnych \u015blad\u00f3w. Ma to podkre\u015bla\u0107, \u017ce farby Magnat s\u0105 [&hellip;]","og_url":"https:\/\/favorite-news.com\/pl\/danuta-stenka-w-reklamie-wideo\/","og_site_name":"Favorite News","article_published_time":"2019-05-08T11:51:00+00:00","article_modified_time":"2019-05-08T11:51:01+00:00","og_image":[{"width":655,"height":461,"url":"https:\/\/favorite-news.com\/pl\/wp-content\/uploads\/sites\/6\/2019\/05\/Danuta-Stenka-w-reklamie-wideo.png","type":"image\/png"}],"author":"favorite-news","twitter_card":"summary_large_image","twitter_misc":{"Napisane przez":"favorite-news","Szacowany czas czytania":"1 minuta"},"schema":{"@context":"https:\/\/schema.org","@graph":[{"@type":"Article","@id":"https:\/\/favorite-news.com\/pl\/danuta-stenka-w-reklamie-wideo\/#article","isPartOf":{"@id":"https:\/\/favorite-news.com\/pl\/danuta-stenka-w-reklamie-wideo\/"},"author":{"name":"favorite-news","@id":"https:\/\/favorite-news.com\/pl\/#\/schema\/person\/b91573b717dcfa5e4696032a9d28d3e8"},"headline":"Danuta Stenka w reklamie (wideo)","datePublished":"2019-05-08T11:51:00+00:00","dateModified":"2019-05-08T11:51:01+00:00","mainEntityOfPage":{"@id":"https:\/\/favorite-news.com\/pl\/danuta-stenka-w-reklamie-wideo\/"},"wordCount":165,"commentCount":0,"image":{"@id":"https:\/\/favorite-news.com\/pl\/danuta-stenka-w-reklamie-wideo\/#primaryimage"},"thumbnailUrl":"https:\/\/favorite-news.com\/pl\/wp-content\/uploads\/sites\/6\/2019\/05\/Danuta-Stenka-w-reklamie-wideo.png","articleSection":["WIADOMO\u015aCI MARKETINGOWE INTERNETOWE"],"inLanguage":"pl-PL","potentialAction":[{"@type":"CommentAction","name":"Comment","target":["https:\/\/favorite-news.com\/pl\/danuta-stenka-w-reklamie-wideo\/#respond"]}]},{"@type":"WebPage","@id":"https:\/\/favorite-news.com\/pl\/danuta-stenka-w-reklamie-wideo\/","url":"https:\/\/favorite-news.com\/pl\/danuta-stenka-w-reklamie-wideo\/","name":"Danuta Stenka w reklamie (wideo) - Favorite News","isPartOf":{"@id":"https:\/\/favorite-news.com\/pl\/#website"},"primaryImageOfPage":{"@id":"https:\/\/favorite-news.com\/pl\/danuta-stenka-w-reklamie-wideo\/#primaryimage"},"image":{"@id":"https:\/\/favorite-news.com\/pl\/danuta-stenka-w-reklamie-wideo\/#primaryimage"},"thumbnailUrl":"https:\/\/favorite-news.com\/pl\/wp-content\/uploads\/sites\/6\/2019\/05\/Danuta-Stenka-w-reklamie-wideo.png","datePublished":"2019-05-08T11:51:00+00:00","dateModified":"2019-05-08T11:51:01+00:00","author":{"@id":"https:\/\/favorite-news.com\/pl\/#\/schema\/person\/b91573b717dcfa5e4696032a9d28d3e8"},"breadcrumb":{"@id":"https:\/\/favorite-news.com\/pl\/danuta-stenka-w-reklamie-wideo\/#breadcrumb"},"inLanguage":"pl-PL","potentialAction":[{"@type":"ReadAction","target":["https:\/\/favorite-news.com\/pl\/danuta-stenka-w-reklamie-wideo\/"]}]},{"@type":"ImageObject","inLanguage":"pl-PL","@id":"https:\/\/favorite-news.com\/pl\/danuta-stenka-w-reklamie-wideo\/#primaryimage","url":"https:\/\/favorite-news.com\/pl\/wp-content\/uploads\/sites\/6\/2019\/05\/Danuta-Stenka-w-reklamie-wideo.png","contentUrl":"https:\/\/favorite-news.com\/pl\/wp-content\/uploads\/sites\/6\/2019\/05\/Danuta-Stenka-w-reklamie-wideo.png","width":655,"height":461,"caption":"Article"},{"@type":"BreadcrumbList","@id":"https:\/\/favorite-news.com\/pl\/danuta-stenka-w-reklamie-wideo\/#breadcrumb","itemListElement":[{"@type":"ListItem","position":1,"name":"Home","item":"https:\/\/favorite-news.com\/pl\/"},{"@type":"ListItem","position":2,"name":"Danuta Stenka w reklamie (wideo)"}]},{"@type":"WebSite","@id":"https:\/\/favorite-news.com\/pl\/#website","url":"https:\/\/favorite-news.com\/pl\/","name":"Favorite News","description":"Favorite News Polska","potentialAction":[{"@type":"SearchAction","target":{"@type":"EntryPoint","urlTemplate":"https:\/\/favorite-news.com\/pl\/?s={search_term_string}"},"query-input":{"@type":"PropertyValueSpecification","valueRequired":true,"valueName":"search_term_string"}}],"inLanguage":"pl-PL"},{"@type":"Person","@id":"https:\/\/favorite-news.com\/pl\/#\/schema\/person\/b91573b717dcfa5e4696032a9d28d3e8","name":"favorite-news","image":{"@type":"ImageObject","inLanguage":"pl-PL","@id":"https:\/\/secure.gravatar.com\/avatar\/6c5a5cb12b74e9d517ee91cf570335b7d16177f1977cc91db161adfa435945a7?s=96&d=mm&r=g","url":"https:\/\/secure.gravatar.com\/avatar\/6c5a5cb12b74e9d517ee91cf570335b7d16177f1977cc91db161adfa435945a7?s=96&d=mm&r=g","contentUrl":"https:\/\/secure.gravatar.com\/avatar\/6c5a5cb12b74e9d517ee91cf570335b7d16177f1977cc91db161adfa435945a7?s=96&d=mm&r=g","caption":"favorite-news"},"url":"https:\/\/favorite-news.com\/pl\/author\/pt\/"}]}},"_links":{"self":[{"href":"https:\/\/favorite-news.com\/pl\/wp-json\/wp\/v2\/posts\/397","targetHints":{"allow":["GET"]}}],"collection":[{"href":"https:\/\/favorite-news.com\/pl\/wp-json\/wp\/v2\/posts"}],"about":[{"href":"https:\/\/favorite-news.com\/pl\/wp-json\/wp\/v2\/types\/post"}],"author":[{"embeddable":true,"href":"https:\/\/favorite-news.com\/pl\/wp-json\/wp\/v2\/users\/2"}],"replies":[{"embeddable":true,"href":"https:\/\/favorite-news.com\/pl\/wp-json\/wp\/v2\/comments?post=397"}],"version-history":[{"count":1,"href":"https:\/\/favorite-news.com\/pl\/wp-json\/wp\/v2\/posts\/397\/revisions"}],"predecessor-version":[{"id":399,"href":"https:\/\/favorite-news.com\/pl\/wp-json\/wp\/v2\/posts\/397\/revisions\/399"}],"wp:featuredmedia":[{"embeddable":true,"href":"https:\/\/favorite-news.com\/pl\/wp-json\/wp\/v2\/media\/398"}],"wp:attachment":[{"href":"https:\/\/favorite-news.com\/pl\/wp-json\/wp\/v2\/media?parent=397"}],"wp:term":[{"taxonomy":"category","embeddable":true,"href":"https:\/\/favorite-news.com\/pl\/wp-json\/wp\/v2\/categories?post=397"},{"taxonomy":"post_tag","embeddable":true,"href":"https:\/\/favorite-news.com\/pl\/wp-json\/wp\/v2\/tags?post=397"}],"curies":[{"name":"wp","href":"https:\/\/api.w.org\/{rel}","templated":true}]}}