{"id":361,"date":"2019-05-07T13:43:20","date_gmt":"2019-05-07T10:43:20","guid":{"rendered":"https:\/\/favorite-news.com\/pl\/rembielinski-roszczeda-wesola-sawicki-i-bolzon-wzmacniaja-obszar-ecommerce-w-publicis-commerce\/"},"modified":"2019-05-07T13:43:21","modified_gmt":"2019-05-07T10:43:21","slug":"rembielinski-roszczeda-wesola-sawicki-i-bolzon-wzmacniaja-obszar-ecommerce-w-publicis-commerce","status":"publish","type":"post","link":"https:\/\/favorite-news.com\/pl\/rembielinski-roszczeda-wesola-sawicki-i-bolzon-wzmacniaja-obszar-ecommerce-w-publicis-commerce\/","title":{"rendered":"Rembieli\u0144ski, Roszcz\u0119da, Weso\u0142a, Sawicki i Bolzon wzmacniaj\u0105 obszar ecommerce w Publicis Commerce"},"content":{"rendered":"<p> [ad_1]<br \/>\n<\/p>\n<div id=\"\">\n<p><strong>Maciej Rembieli\u0144ski, Agnieszka Roszcz\u0119da i Kinga Weso\u0142a obj\u0119li stanowiska account director\u00f3w<\/strong>. Do\u0142\u0105czyli do zespo\u0142u agencji Digitas, obs\u0142uguj\u0105cy globalnie koncern Unilever w zakresie eCommerce.<\/p>\n<p>&#13;<br \/>\n&#13;<\/p>\n<p><strong>Do dzia\u0142u strategii do\u0142\u0105czy\u0142 Giulio Bolzon <\/strong>jako eCommerce strategy lead, a na pocz\u0105tku maja br. stanowisko business directora obj\u0105\u0142 <strong>Dariusz Sawicki,<\/strong> kt\u00f3ry b\u0119dzie nadzorowa\u0142 prac\u0119 hubu produkcji digitalowej dla firmy Mercedes-Benz.<\/p>\n<p>&#13;<br \/>\n&#13;<\/p>\n<p>Dariusz Sawicki ostatnio zwi\u0105zany by\u0142 z SoftwareHut, gdzie zajmowa\u0142 stanowisko presales directora. Wcze\u015bniej jako business development director pracowa\u0142 w agencji Lemon Sky JWT.<\/p>\n<p>&#13;<br \/>\n&#13;<\/p>\n<p>Kinga Weso\u0142a zdobywa\u0142a managerskie do\u015bwiadczenie marketingowe i digitalowe w firmach Shell, Western Union, Provident, MoneyGram, Luloplanet i Advartis Group, w kt\u00f3rym ostatnio pracowa\u0142a na stanowisku group head of marketing &amp; PR w regionie CEE.\u00a0 Agnieszka Roszcz\u0119da zwi\u0105zana by\u0142a z Agencj\u0105 TVN, jako szef departamentu strategii , a wcze\u015bniej z agencjami Isobar (Business Development Director) i Grey (Regional Account Director).<\/p>\n<p>&#13;<br \/>\n&#13;<\/p>\n<p>Maciej Rembieli\u0144ski pracowa\u0142 z kolei w Coca-Cola Poland Services jako business service manager, a wcze\u015bniej w agencjach Hypermedia i Havas.\u00a0<\/p>\n<p>&#13;<br \/>\n&#13;<\/p>\n<p>Giulio Bolzon przeszed\u0142 do Publicis Commerce z platform sprzeda\u017cowych: Displate, gdzie pracowa\u0142 jako chief marketing officer oraz w Zalora (jako Buying Director), a wcze\u015bniej do\u015bwiadczenie zdobywa\u0142 w biurach Google w Irlandii i USA.<\/p>\n<p>&#13;<br \/>\n&#13;<\/p>\n<p>Publicis Commerce w ramach Publicis Groupe Polska integruje wszystkie kluczowe kompetencje eCommerce oraz us\u0142ugi komunikacji digitalowej: od budowy strategii i audytowania marek, integracji i obs\u0142ugi system\u00f3w PIM, poprzez tworzenie, produkcj\u0119 i lokalizacj\u0119 contentu na rynki mi\u0119dzynarodowe, publikacj\u0119 contentu na platformach D2C, outsourcing us\u0142ug zwi\u0105zanych z utrzymaniem contentu webowego na rynkach mi\u0119dzynarodowych, a ko\u0144cz\u0105c na ich dostarczaniu do eRetailer\u00f3w na ca\u0142ym \u015bwiecie. Zajmuje si\u0119 r\u00f3wnie\u017c tworzeniem projekt\u00f3w omnichannel wzbogacaj\u0105cych informacje o produktach w tradycyjnych miejscach sprzeda\u017cy poprzez wykorzystanie AR czy rozwi\u0105za\u0144 mobilnych.<\/p>\n<p>&#13;<br \/>\n&#13;<\/p>\n<p>Poprzez brandy agencyjne (&amp;IS oraz Digitas, a tak\u017ce partner\u00f3w sieciowych takich jak: Publicis.Sapient i Performics) Publicis Commerce pracuje dla takich mi\u0119dzynarodowych klient\u00f3w jak: BP, Duracell, GSK, Lego, McCormick, Mercedes, Mattel, Merck, Microsoft, Motorola-Lenovo, Nokia, P&amp;G, Sanofi, Unilever i Visa.<\/p>\n<p>&#13;<br \/>\n&#13;<\/p>\n<p>Obecnie w Publicis Commerce pracuje w Polsce 320 os\u00f3b. Zesp\u00f3\u0142 ten b\u0119dzie istotnie powi\u0119kszony w ci\u0105gu najbli\u017cszych trzech miesi\u0119cy.<strong> Struktur\u0105 zarz\u0105dzaj\u0105 Krzysztof Andrzejczak<\/strong> jako chief commerce officer Publicis Groupe oraz general managerowie: <strong>Konrad Dorabialski i Krzysztof Szymczak.<\/strong><\/p>\n<p>&#13;<br \/>\n&#13;<\/p>\n<p>Publicis Commerce w Polsce jest obecnie najwi\u0119ksz\u0105 struktur\u0105 wyspecjalizowan\u0105 w tworzeniu contentu eCommerce dzia\u0142aj\u0105c\u0105 w ramach globalnego holdingu Publicis Groupe<\/p>\n<p>&#13;<br \/>\n                            &#13;<br \/>\n&#13;<br \/>\n                            &#13;<br \/>\n&#13;<br \/>\n&#13;<br \/>\n&#13;<br \/>\n&#13;<br \/>\n&#13;<br \/>\n                            &#13;<br \/>\n                                                            &#13;<br \/>\n&#13;<br \/>\n                            &#13;\n                        <\/p><\/div>\n<p><script>(function (d, s, id) {\n        var js, fjs = d.getElementsByTagName(s)[0];\n        if (d.getElementById(id)) return;\n        js = d.createElement(s);\n        js.id = id;\n        js.src = \"http:\/\/connect.facebook.net\/pl_PL\/sdk.js#xfbml=1&version=v2.6&appId=297996717062470\";\n        fjs.parentNode.insertBefore(js, fjs);\n    }(document, 'script', 'facebook-jssdk'));<\/script><br \/>\n<br \/>[ad_2]<br \/>\n<br \/><a href=\"https:\/\/www.wirtualnemedia.pl\/artykul\/rembielinski-roszczeda-wesola-sawicki-i-bolzon-wzmacniaja-obszar-ecommerce-w-publicis-commerce\">Source link <\/a><\/p>\n","protected":false},"excerpt":{"rendered":"<p>[ad_1] Maciej Rembieli\u0144ski, Agnieszka Roszcz\u0119da i Kinga Weso\u0142a obj\u0119li stanowiska account director\u00f3w. Do\u0142\u0105czyli do zespo\u0142u agencji Digitas, obs\u0142uguj\u0105cy globalnie koncern Unilever w zakresie eCommerce. &#13; &#13; Do dzia\u0142u strategii do\u0142\u0105czy\u0142 Giulio Bolzon jako eCommerce strategy lead, a na pocz\u0105tku maja br. stanowisko business directora obj\u0105\u0142 Dariusz Sawicki, kt\u00f3ry b\u0119dzie nadzorowa\u0142 prac\u0119 hubu produkcji digitalowej dla [&hellip;]<\/p>\n","protected":false},"author":2,"featured_media":362,"comment_status":"open","ping_status":"open","sticky":false,"template":"","format":"standard","meta":{"footnotes":""},"categories":[2],"tags":[],"class_list":["post-361","post","type-post","status-publish","format-standard","has-post-thumbnail","hentry","category-wiadomosci-marketingowe-internetowe"],"yoast_head":"<!-- This site is optimized with the Yoast SEO plugin v27.4 - https:\/\/yoast.com\/product\/yoast-seo-wordpress\/ -->\n<title>Rembieli\u0144ski, Roszcz\u0119da, Weso\u0142a, Sawicki i Bolzon wzmacniaj\u0105 obszar ecommerce w Publicis Commerce - Favorite News<\/title>\n<meta name=\"robots\" content=\"index, follow, max-snippet:-1, max-image-preview:large, max-video-preview:-1\" \/>\n<link rel=\"canonical\" href=\"https:\/\/favorite-news.com\/pl\/rembielinski-roszczeda-wesola-sawicki-i-bolzon-wzmacniaja-obszar-ecommerce-w-publicis-commerce\/\" \/>\n<meta property=\"og:locale\" content=\"pl_PL\" \/>\n<meta property=\"og:type\" content=\"article\" \/>\n<meta property=\"og:title\" content=\"Rembieli\u0144ski, Roszcz\u0119da, Weso\u0142a, Sawicki i Bolzon wzmacniaj\u0105 obszar ecommerce w Publicis Commerce - Favorite News\" \/>\n<meta property=\"og:description\" content=\"[ad_1] Maciej Rembieli\u0144ski, Agnieszka Roszcz\u0119da i Kinga Weso\u0142a obj\u0119li stanowiska account director\u00f3w. Do\u0142\u0105czyli do zespo\u0142u agencji Digitas, obs\u0142uguj\u0105cy globalnie koncern Unilever w zakresie eCommerce. &#013; &#013; Do dzia\u0142u strategii do\u0142\u0105czy\u0142 Giulio Bolzon jako eCommerce strategy lead, a na pocz\u0105tku maja br. stanowisko business directora obj\u0105\u0142 Dariusz Sawicki, kt\u00f3ry b\u0119dzie nadzorowa\u0142 prac\u0119 hubu produkcji digitalowej dla [&hellip;]\" \/>\n<meta property=\"og:url\" content=\"https:\/\/favorite-news.com\/pl\/rembielinski-roszczeda-wesola-sawicki-i-bolzon-wzmacniaja-obszar-ecommerce-w-publicis-commerce\/\" \/>\n<meta property=\"og:site_name\" content=\"Favorite News\" \/>\n<meta property=\"article:published_time\" content=\"2019-05-07T10:43:20+00:00\" \/>\n<meta property=\"article:modified_time\" content=\"2019-05-07T10:43:21+00:00\" \/>\n<meta property=\"og:image\" content=\"https:\/\/favorite-news.com\/pl\/wp-content\/uploads\/sites\/6\/2019\/05\/Rembieli\u0144ski-Roszcz\u0119da-Weso\u0142a-Sawicki-i-Bolzon-wzmacniaj\u0105-obszar-ecommerce-w.jpg\" \/>\n\t<meta property=\"og:image:width\" content=\"655\" \/>\n\t<meta property=\"og:image:height\" content=\"436\" \/>\n\t<meta property=\"og:image:type\" content=\"image\/jpeg\" \/>\n<meta name=\"author\" content=\"favorite-news\" \/>\n<meta name=\"twitter:card\" content=\"summary_large_image\" \/>\n<meta name=\"twitter:label1\" content=\"Napisane przez\" \/>\n\t<meta name=\"twitter:data1\" content=\"favorite-news\" \/>\n\t<meta name=\"twitter:label2\" content=\"Szacowany czas czytania\" \/>\n\t<meta name=\"twitter:data2\" content=\"2 minuty\" \/>\n<script type=\"application\/ld+json\" class=\"yoast-schema-graph\">{\"@context\":\"https:\\\/\\\/schema.org\",\"@graph\":[{\"@type\":\"Article\",\"@id\":\"https:\\\/\\\/favorite-news.com\\\/pl\\\/rembielinski-roszczeda-wesola-sawicki-i-bolzon-wzmacniaja-obszar-ecommerce-w-publicis-commerce\\\/#article\",\"isPartOf\":{\"@id\":\"https:\\\/\\\/favorite-news.com\\\/pl\\\/rembielinski-roszczeda-wesola-sawicki-i-bolzon-wzmacniaja-obszar-ecommerce-w-publicis-commerce\\\/\"},\"author\":{\"name\":\"favorite-news\",\"@id\":\"https:\\\/\\\/favorite-news.com\\\/pl\\\/#\\\/schema\\\/person\\\/b91573b717dcfa5e4696032a9d28d3e8\"},\"headline\":\"Rembieli\u0144ski, Roszcz\u0119da, Weso\u0142a, Sawicki i Bolzon wzmacniaj\u0105 obszar ecommerce w Publicis Commerce\",\"datePublished\":\"2019-05-07T10:43:20+00:00\",\"dateModified\":\"2019-05-07T10:43:21+00:00\",\"mainEntityOfPage\":{\"@id\":\"https:\\\/\\\/favorite-news.com\\\/pl\\\/rembielinski-roszczeda-wesola-sawicki-i-bolzon-wzmacniaja-obszar-ecommerce-w-publicis-commerce\\\/\"},\"wordCount\":448,\"commentCount\":0,\"image\":{\"@id\":\"https:\\\/\\\/favorite-news.com\\\/pl\\\/rembielinski-roszczeda-wesola-sawicki-i-bolzon-wzmacniaja-obszar-ecommerce-w-publicis-commerce\\\/#primaryimage\"},\"thumbnailUrl\":\"https:\\\/\\\/favorite-news.com\\\/pl\\\/wp-content\\\/uploads\\\/sites\\\/6\\\/2019\\\/05\\\/Rembieli\u0144ski-Roszcz\u0119da-Weso\u0142a-Sawicki-i-Bolzon-wzmacniaj\u0105-obszar-ecommerce-w.jpg\",\"articleSection\":[\"WIADOMO\u015aCI MARKETINGOWE INTERNETOWE\"],\"inLanguage\":\"pl-PL\",\"potentialAction\":[{\"@type\":\"CommentAction\",\"name\":\"Comment\",\"target\":[\"https:\\\/\\\/favorite-news.com\\\/pl\\\/rembielinski-roszczeda-wesola-sawicki-i-bolzon-wzmacniaja-obszar-ecommerce-w-publicis-commerce\\\/#respond\"]}]},{\"@type\":\"WebPage\",\"@id\":\"https:\\\/\\\/favorite-news.com\\\/pl\\\/rembielinski-roszczeda-wesola-sawicki-i-bolzon-wzmacniaja-obszar-ecommerce-w-publicis-commerce\\\/\",\"url\":\"https:\\\/\\\/favorite-news.com\\\/pl\\\/rembielinski-roszczeda-wesola-sawicki-i-bolzon-wzmacniaja-obszar-ecommerce-w-publicis-commerce\\\/\",\"name\":\"Rembieli\u0144ski, Roszcz\u0119da, Weso\u0142a, Sawicki i Bolzon wzmacniaj\u0105 obszar ecommerce w Publicis Commerce - Favorite News\",\"isPartOf\":{\"@id\":\"https:\\\/\\\/favorite-news.com\\\/pl\\\/#website\"},\"primaryImageOfPage\":{\"@id\":\"https:\\\/\\\/favorite-news.com\\\/pl\\\/rembielinski-roszczeda-wesola-sawicki-i-bolzon-wzmacniaja-obszar-ecommerce-w-publicis-commerce\\\/#primaryimage\"},\"image\":{\"@id\":\"https:\\\/\\\/favorite-news.com\\\/pl\\\/rembielinski-roszczeda-wesola-sawicki-i-bolzon-wzmacniaja-obszar-ecommerce-w-publicis-commerce\\\/#primaryimage\"},\"thumbnailUrl\":\"https:\\\/\\\/favorite-news.com\\\/pl\\\/wp-content\\\/uploads\\\/sites\\\/6\\\/2019\\\/05\\\/Rembieli\u0144ski-Roszcz\u0119da-Weso\u0142a-Sawicki-i-Bolzon-wzmacniaj\u0105-obszar-ecommerce-w.jpg\",\"datePublished\":\"2019-05-07T10:43:20+00:00\",\"dateModified\":\"2019-05-07T10:43:21+00:00\",\"author\":{\"@id\":\"https:\\\/\\\/favorite-news.com\\\/pl\\\/#\\\/schema\\\/person\\\/b91573b717dcfa5e4696032a9d28d3e8\"},\"breadcrumb\":{\"@id\":\"https:\\\/\\\/favorite-news.com\\\/pl\\\/rembielinski-roszczeda-wesola-sawicki-i-bolzon-wzmacniaja-obszar-ecommerce-w-publicis-commerce\\\/#breadcrumb\"},\"inLanguage\":\"pl-PL\",\"potentialAction\":[{\"@type\":\"ReadAction\",\"target\":[\"https:\\\/\\\/favorite-news.com\\\/pl\\\/rembielinski-roszczeda-wesola-sawicki-i-bolzon-wzmacniaja-obszar-ecommerce-w-publicis-commerce\\\/\"]}]},{\"@type\":\"ImageObject\",\"inLanguage\":\"pl-PL\",\"@id\":\"https:\\\/\\\/favorite-news.com\\\/pl\\\/rembielinski-roszczeda-wesola-sawicki-i-bolzon-wzmacniaja-obszar-ecommerce-w-publicis-commerce\\\/#primaryimage\",\"url\":\"https:\\\/\\\/favorite-news.com\\\/pl\\\/wp-content\\\/uploads\\\/sites\\\/6\\\/2019\\\/05\\\/Rembieli\u0144ski-Roszcz\u0119da-Weso\u0142a-Sawicki-i-Bolzon-wzmacniaj\u0105-obszar-ecommerce-w.jpg\",\"contentUrl\":\"https:\\\/\\\/favorite-news.com\\\/pl\\\/wp-content\\\/uploads\\\/sites\\\/6\\\/2019\\\/05\\\/Rembieli\u0144ski-Roszcz\u0119da-Weso\u0142a-Sawicki-i-Bolzon-wzmacniaj\u0105-obszar-ecommerce-w.jpg\",\"width\":655,\"height\":436,\"caption\":\"Article\"},{\"@type\":\"BreadcrumbList\",\"@id\":\"https:\\\/\\\/favorite-news.com\\\/pl\\\/rembielinski-roszczeda-wesola-sawicki-i-bolzon-wzmacniaja-obszar-ecommerce-w-publicis-commerce\\\/#breadcrumb\",\"itemListElement\":[{\"@type\":\"ListItem\",\"position\":1,\"name\":\"Home\",\"item\":\"https:\\\/\\\/favorite-news.com\\\/pl\\\/\"},{\"@type\":\"ListItem\",\"position\":2,\"name\":\"Rembieli\u0144ski, Roszcz\u0119da, Weso\u0142a, Sawicki i Bolzon wzmacniaj\u0105 obszar ecommerce w Publicis Commerce\"}]},{\"@type\":\"WebSite\",\"@id\":\"https:\\\/\\\/favorite-news.com\\\/pl\\\/#website\",\"url\":\"https:\\\/\\\/favorite-news.com\\\/pl\\\/\",\"name\":\"Favorite News\",\"description\":\"Favorite News Polska\",\"potentialAction\":[{\"@type\":\"SearchAction\",\"target\":{\"@type\":\"EntryPoint\",\"urlTemplate\":\"https:\\\/\\\/favorite-news.com\\\/pl\\\/?s={search_term_string}\"},\"query-input\":{\"@type\":\"PropertyValueSpecification\",\"valueRequired\":true,\"valueName\":\"search_term_string\"}}],\"inLanguage\":\"pl-PL\"},{\"@type\":\"Person\",\"@id\":\"https:\\\/\\\/favorite-news.com\\\/pl\\\/#\\\/schema\\\/person\\\/b91573b717dcfa5e4696032a9d28d3e8\",\"name\":\"favorite-news\",\"image\":{\"@type\":\"ImageObject\",\"inLanguage\":\"pl-PL\",\"@id\":\"https:\\\/\\\/secure.gravatar.com\\\/avatar\\\/6c5a5cb12b74e9d517ee91cf570335b7d16177f1977cc91db161adfa435945a7?s=96&d=mm&r=g\",\"url\":\"https:\\\/\\\/secure.gravatar.com\\\/avatar\\\/6c5a5cb12b74e9d517ee91cf570335b7d16177f1977cc91db161adfa435945a7?s=96&d=mm&r=g\",\"contentUrl\":\"https:\\\/\\\/secure.gravatar.com\\\/avatar\\\/6c5a5cb12b74e9d517ee91cf570335b7d16177f1977cc91db161adfa435945a7?s=96&d=mm&r=g\",\"caption\":\"favorite-news\"},\"url\":\"https:\\\/\\\/favorite-news.com\\\/pl\\\/author\\\/pt\\\/\"}]}<\/script>\n<!-- \/ Yoast SEO plugin. -->","yoast_head_json":{"title":"Rembieli\u0144ski, Roszcz\u0119da, Weso\u0142a, Sawicki i Bolzon wzmacniaj\u0105 obszar ecommerce w Publicis Commerce - Favorite News","robots":{"index":"index","follow":"follow","max-snippet":"max-snippet:-1","max-image-preview":"max-image-preview:large","max-video-preview":"max-video-preview:-1"},"canonical":"https:\/\/favorite-news.com\/pl\/rembielinski-roszczeda-wesola-sawicki-i-bolzon-wzmacniaja-obszar-ecommerce-w-publicis-commerce\/","og_locale":"pl_PL","og_type":"article","og_title":"Rembieli\u0144ski, Roszcz\u0119da, Weso\u0142a, Sawicki i Bolzon wzmacniaj\u0105 obszar ecommerce w Publicis Commerce - Favorite News","og_description":"[ad_1] Maciej Rembieli\u0144ski, Agnieszka Roszcz\u0119da i Kinga Weso\u0142a obj\u0119li stanowiska account director\u00f3w. Do\u0142\u0105czyli do zespo\u0142u agencji Digitas, obs\u0142uguj\u0105cy globalnie koncern Unilever w zakresie eCommerce. &#13; &#13; Do dzia\u0142u strategii do\u0142\u0105czy\u0142 Giulio Bolzon jako eCommerce strategy lead, a na pocz\u0105tku maja br. stanowisko business directora obj\u0105\u0142 Dariusz Sawicki, kt\u00f3ry b\u0119dzie nadzorowa\u0142 prac\u0119 hubu produkcji digitalowej dla [&hellip;]","og_url":"https:\/\/favorite-news.com\/pl\/rembielinski-roszczeda-wesola-sawicki-i-bolzon-wzmacniaja-obszar-ecommerce-w-publicis-commerce\/","og_site_name":"Favorite News","article_published_time":"2019-05-07T10:43:20+00:00","article_modified_time":"2019-05-07T10:43:21+00:00","og_image":[{"width":655,"height":436,"url":"https:\/\/favorite-news.com\/pl\/wp-content\/uploads\/sites\/6\/2019\/05\/Rembieli\u0144ski-Roszcz\u0119da-Weso\u0142a-Sawicki-i-Bolzon-wzmacniaj\u0105-obszar-ecommerce-w.jpg","type":"image\/jpeg"}],"author":"favorite-news","twitter_card":"summary_large_image","twitter_misc":{"Napisane przez":"favorite-news","Szacowany czas czytania":"2 minuty"},"schema":{"@context":"https:\/\/schema.org","@graph":[{"@type":"Article","@id":"https:\/\/favorite-news.com\/pl\/rembielinski-roszczeda-wesola-sawicki-i-bolzon-wzmacniaja-obszar-ecommerce-w-publicis-commerce\/#article","isPartOf":{"@id":"https:\/\/favorite-news.com\/pl\/rembielinski-roszczeda-wesola-sawicki-i-bolzon-wzmacniaja-obszar-ecommerce-w-publicis-commerce\/"},"author":{"name":"favorite-news","@id":"https:\/\/favorite-news.com\/pl\/#\/schema\/person\/b91573b717dcfa5e4696032a9d28d3e8"},"headline":"Rembieli\u0144ski, Roszcz\u0119da, Weso\u0142a, Sawicki i Bolzon wzmacniaj\u0105 obszar ecommerce w Publicis Commerce","datePublished":"2019-05-07T10:43:20+00:00","dateModified":"2019-05-07T10:43:21+00:00","mainEntityOfPage":{"@id":"https:\/\/favorite-news.com\/pl\/rembielinski-roszczeda-wesola-sawicki-i-bolzon-wzmacniaja-obszar-ecommerce-w-publicis-commerce\/"},"wordCount":448,"commentCount":0,"image":{"@id":"https:\/\/favorite-news.com\/pl\/rembielinski-roszczeda-wesola-sawicki-i-bolzon-wzmacniaja-obszar-ecommerce-w-publicis-commerce\/#primaryimage"},"thumbnailUrl":"https:\/\/favorite-news.com\/pl\/wp-content\/uploads\/sites\/6\/2019\/05\/Rembieli\u0144ski-Roszcz\u0119da-Weso\u0142a-Sawicki-i-Bolzon-wzmacniaj\u0105-obszar-ecommerce-w.jpg","articleSection":["WIADOMO\u015aCI MARKETINGOWE INTERNETOWE"],"inLanguage":"pl-PL","potentialAction":[{"@type":"CommentAction","name":"Comment","target":["https:\/\/favorite-news.com\/pl\/rembielinski-roszczeda-wesola-sawicki-i-bolzon-wzmacniaja-obszar-ecommerce-w-publicis-commerce\/#respond"]}]},{"@type":"WebPage","@id":"https:\/\/favorite-news.com\/pl\/rembielinski-roszczeda-wesola-sawicki-i-bolzon-wzmacniaja-obszar-ecommerce-w-publicis-commerce\/","url":"https:\/\/favorite-news.com\/pl\/rembielinski-roszczeda-wesola-sawicki-i-bolzon-wzmacniaja-obszar-ecommerce-w-publicis-commerce\/","name":"Rembieli\u0144ski, Roszcz\u0119da, Weso\u0142a, Sawicki i Bolzon wzmacniaj\u0105 obszar ecommerce w Publicis Commerce - Favorite News","isPartOf":{"@id":"https:\/\/favorite-news.com\/pl\/#website"},"primaryImageOfPage":{"@id":"https:\/\/favorite-news.com\/pl\/rembielinski-roszczeda-wesola-sawicki-i-bolzon-wzmacniaja-obszar-ecommerce-w-publicis-commerce\/#primaryimage"},"image":{"@id":"https:\/\/favorite-news.com\/pl\/rembielinski-roszczeda-wesola-sawicki-i-bolzon-wzmacniaja-obszar-ecommerce-w-publicis-commerce\/#primaryimage"},"thumbnailUrl":"https:\/\/favorite-news.com\/pl\/wp-content\/uploads\/sites\/6\/2019\/05\/Rembieli\u0144ski-Roszcz\u0119da-Weso\u0142a-Sawicki-i-Bolzon-wzmacniaj\u0105-obszar-ecommerce-w.jpg","datePublished":"2019-05-07T10:43:20+00:00","dateModified":"2019-05-07T10:43:21+00:00","author":{"@id":"https:\/\/favorite-news.com\/pl\/#\/schema\/person\/b91573b717dcfa5e4696032a9d28d3e8"},"breadcrumb":{"@id":"https:\/\/favorite-news.com\/pl\/rembielinski-roszczeda-wesola-sawicki-i-bolzon-wzmacniaja-obszar-ecommerce-w-publicis-commerce\/#breadcrumb"},"inLanguage":"pl-PL","potentialAction":[{"@type":"ReadAction","target":["https:\/\/favorite-news.com\/pl\/rembielinski-roszczeda-wesola-sawicki-i-bolzon-wzmacniaja-obszar-ecommerce-w-publicis-commerce\/"]}]},{"@type":"ImageObject","inLanguage":"pl-PL","@id":"https:\/\/favorite-news.com\/pl\/rembielinski-roszczeda-wesola-sawicki-i-bolzon-wzmacniaja-obszar-ecommerce-w-publicis-commerce\/#primaryimage","url":"https:\/\/favorite-news.com\/pl\/wp-content\/uploads\/sites\/6\/2019\/05\/Rembieli\u0144ski-Roszcz\u0119da-Weso\u0142a-Sawicki-i-Bolzon-wzmacniaj\u0105-obszar-ecommerce-w.jpg","contentUrl":"https:\/\/favorite-news.com\/pl\/wp-content\/uploads\/sites\/6\/2019\/05\/Rembieli\u0144ski-Roszcz\u0119da-Weso\u0142a-Sawicki-i-Bolzon-wzmacniaj\u0105-obszar-ecommerce-w.jpg","width":655,"height":436,"caption":"Article"},{"@type":"BreadcrumbList","@id":"https:\/\/favorite-news.com\/pl\/rembielinski-roszczeda-wesola-sawicki-i-bolzon-wzmacniaja-obszar-ecommerce-w-publicis-commerce\/#breadcrumb","itemListElement":[{"@type":"ListItem","position":1,"name":"Home","item":"https:\/\/favorite-news.com\/pl\/"},{"@type":"ListItem","position":2,"name":"Rembieli\u0144ski, Roszcz\u0119da, Weso\u0142a, Sawicki i Bolzon wzmacniaj\u0105 obszar ecommerce w Publicis Commerce"}]},{"@type":"WebSite","@id":"https:\/\/favorite-news.com\/pl\/#website","url":"https:\/\/favorite-news.com\/pl\/","name":"Favorite News","description":"Favorite News Polska","potentialAction":[{"@type":"SearchAction","target":{"@type":"EntryPoint","urlTemplate":"https:\/\/favorite-news.com\/pl\/?s={search_term_string}"},"query-input":{"@type":"PropertyValueSpecification","valueRequired":true,"valueName":"search_term_string"}}],"inLanguage":"pl-PL"},{"@type":"Person","@id":"https:\/\/favorite-news.com\/pl\/#\/schema\/person\/b91573b717dcfa5e4696032a9d28d3e8","name":"favorite-news","image":{"@type":"ImageObject","inLanguage":"pl-PL","@id":"https:\/\/secure.gravatar.com\/avatar\/6c5a5cb12b74e9d517ee91cf570335b7d16177f1977cc91db161adfa435945a7?s=96&d=mm&r=g","url":"https:\/\/secure.gravatar.com\/avatar\/6c5a5cb12b74e9d517ee91cf570335b7d16177f1977cc91db161adfa435945a7?s=96&d=mm&r=g","contentUrl":"https:\/\/secure.gravatar.com\/avatar\/6c5a5cb12b74e9d517ee91cf570335b7d16177f1977cc91db161adfa435945a7?s=96&d=mm&r=g","caption":"favorite-news"},"url":"https:\/\/favorite-news.com\/pl\/author\/pt\/"}]}},"_links":{"self":[{"href":"https:\/\/favorite-news.com\/pl\/wp-json\/wp\/v2\/posts\/361","targetHints":{"allow":["GET"]}}],"collection":[{"href":"https:\/\/favorite-news.com\/pl\/wp-json\/wp\/v2\/posts"}],"about":[{"href":"https:\/\/favorite-news.com\/pl\/wp-json\/wp\/v2\/types\/post"}],"author":[{"embeddable":true,"href":"https:\/\/favorite-news.com\/pl\/wp-json\/wp\/v2\/users\/2"}],"replies":[{"embeddable":true,"href":"https:\/\/favorite-news.com\/pl\/wp-json\/wp\/v2\/comments?post=361"}],"version-history":[{"count":1,"href":"https:\/\/favorite-news.com\/pl\/wp-json\/wp\/v2\/posts\/361\/revisions"}],"predecessor-version":[{"id":363,"href":"https:\/\/favorite-news.com\/pl\/wp-json\/wp\/v2\/posts\/361\/revisions\/363"}],"wp:featuredmedia":[{"embeddable":true,"href":"https:\/\/favorite-news.com\/pl\/wp-json\/wp\/v2\/media\/362"}],"wp:attachment":[{"href":"https:\/\/favorite-news.com\/pl\/wp-json\/wp\/v2\/media?parent=361"}],"wp:term":[{"taxonomy":"category","embeddable":true,"href":"https:\/\/favorite-news.com\/pl\/wp-json\/wp\/v2\/categories?post=361"},{"taxonomy":"post_tag","embeddable":true,"href":"https:\/\/favorite-news.com\/pl\/wp-json\/wp\/v2\/tags?post=361"}],"curies":[{"name":"wp","href":"https:\/\/api.w.org\/{rel}","templated":true}]}}