{"id":3271,"date":"2019-08-06T12:20:39","date_gmt":"2019-08-06T09:20:39","guid":{"rendered":"https:\/\/favorite-news.com\/pl\/marcin-prokop-i-dorota-wellman-reklama-esize-me-jak-dziala-wideo\/"},"modified":"2019-08-06T12:20:40","modified_gmt":"2019-08-06T09:20:40","slug":"marcin-prokop-i-dorota-wellman-reklama-esize-me-jak-dziala-wideo","status":"publish","type":"post","link":"https:\/\/favorite-news.com\/pl\/marcin-prokop-i-dorota-wellman-reklama-esize-me-jak-dziala-wideo\/","title":{"rendered":"Marcin Prokop i Dorota Wellman reklama esize.me jak dzia\u0142a wideo"},"content":{"rendered":"<p> [ad_1]<br \/>\n<\/p>\n<div id=\"\">\n<p>W poniedzia\u0142ek na dopiero co uruchomionym profilu esize.me na Facebooku opublikowano film reklamowy z udzia\u0142em Marcina Prokopa i Doroty Wellman.<\/p>\n<p>&#13;<br \/>\n&#13;<\/p>\n<p><iframe loading=\"lazy\" allowfullscreen=\"true\" allowtransparency=\"true\" frameborder=\"0\" height=\"315\" scrolling=\"no\" src=\"https:\/\/www.facebook.com\/plugins\/video.php?href=https%3A%2F%2Fwww.facebook.com%2F359197834816620%2Fvideos%2F2358609354382405%2F&amp;show_text=0&amp;width=560\" style=\"border:none;overflow:hidden\" width=\"560\"><\/iframe><\/p>\n<p>&#13;<br \/>\n&#13;<\/p>\n<p>W 30-sek. spocie oboje sprawdzaj\u0105, na czym polega dzia\u0142anie skanera st\u00f3p 3D esize.me. Dorota Wellman wyst\u0119puj\u0119 w roli korzystaj\u0105cej ze skanera, Marcin Prokop wyja\u015bnia jej na czym polega jego dzia\u0142anie, instruuj\u0105c dziennikark\u0119, co ma po kolei robi\u0107.<\/p>\n<p>&#13;<br \/>\n&#13;<\/p>\n<p>Spot emitowany jest obecnie w internecie. W poniedzia\u0142ek nie uda\u0142o nam si\u0119 ustali\u0107, czy trafi on r\u00f3wnie\u017c do telewizji.<\/p>\n<p>&#13;<br \/>\n&#13;<\/p>\n<p>Towarzysz\u0105ce spotowi reklamy display z wizerunkiem prowadz\u0105cych \u201eDzie\u0144 dobry TVN\u201d zawieraj\u0105 has\u0142o \u201eRozmiar rozmiarowi nier\u00f3wny\u201d.<\/p>\n<p>&#13;<br \/>\n&#13;<\/p>\n<p>Sie\u0107 sklep\u00f3w eobuwie.pl (sklep internetowy i sklepy stacjonarne) wprowadzi\u0142a skaner 3D esize.me do mierzenia st\u00f3p jesieni\u0105 ub.r. Skaner ma pomaga\u0107 klientowi dobra\u0107 obuwie w oparciu o model stopy 3D. Dokonuje bardzo dok\u0142adnego pomiaru stopy, uwzgl\u0119dnia jej d\u0142ugo\u015b\u0107, szeroko\u015b\u0107, t\u0119go\u015b\u0107 i wysoko\u015b\u0107. Skanowanie trwa kilka sekund i jest bezp\u0142atne. Nast\u0119pnie skan stopy klienta zostaje por\u00f3wnany ze skanami i modelami 3Dblisko 40 tys. modeli but\u00f3w spo\u015br\u00f3d 500 marek. Po tym por\u00f3wnaniu klient otrzymuje zestawienie najlepiej dopasowanych do jego stopy but\u00f3w spo\u015br\u00f3d wszystkich produkt\u00f3w dost\u0119pnych w eobuwie.pl &#8211; zar\u00f3wno pod wzgl\u0119dem marek, jak i modeli.<\/p>\n<p>&#13;<br \/>\n&#13;<\/p>\n<p>Skanery st\u00f3p 3D zosta\u0142y wprowadzone w ok. 30 lokalizacjach w ca\u0142ej Polsce, zar\u00f3wno w sklepach stacjonarnych eobuwie.pl, jak w specjalnej sieci lokalizacji w najwi\u0119kszych galeriach handlowych.<\/p>\n<p>&#13;<br \/>\n                            &#13;<br \/>\n&#13;<br \/>\n                            &#13;<br \/>\n&#13;<br \/>\n&#13;<br \/>\n&#13;<br \/>\n&#13;<br \/>\n&#13;<br \/>\n                            &#13;<br \/>\n                                                            &#13;<br \/>\n&#13;<br \/>\n                            &#13;\n                        <\/p><\/div>\n<p><script>(function (d, s, id) {\n        var js, fjs = d.getElementsByTagName(s)[0];\n        if (d.getElementById(id)) return;\n        js = d.createElement(s);\n        js.id = id;\n        js.src = \"http:\/\/connect.facebook.net\/pl_PL\/sdk.js#xfbml=1&version=v2.6&appId=297996717062470\";\n        fjs.parentNode.insertBefore(js, fjs);\n    }(document, 'script', 'facebook-jssdk'));<\/script><br \/>\n<br \/>[ad_2]<br \/>\n<br \/><a href=\"https:\/\/www.wirtualnemedia.pl\/artykul\/marcin-prokop-i-dorota-wellman-reklama-esize-me-jak-dziala-wideo\">Source link <\/a><\/p>\n","protected":false},"excerpt":{"rendered":"<p>[ad_1] W poniedzia\u0142ek na dopiero co uruchomionym profilu esize.me na Facebooku opublikowano film reklamowy z udzia\u0142em Marcina Prokopa i Doroty Wellman. &#13; &#13; &#13; &#13; W 30-sek. spocie oboje sprawdzaj\u0105, na czym polega dzia\u0142anie skanera st\u00f3p 3D esize.me. Dorota Wellman wyst\u0119puj\u0119 w roli korzystaj\u0105cej ze skanera, Marcin Prokop wyja\u015bnia jej na czym polega jego dzia\u0142anie, [&hellip;]<\/p>\n","protected":false},"author":2,"featured_media":3272,"comment_status":"open","ping_status":"open","sticky":false,"template":"","format":"standard","meta":{"footnotes":""},"categories":[2],"tags":[],"class_list":["post-3271","post","type-post","status-publish","format-standard","has-post-thumbnail","hentry","category-wiadomosci-marketingowe-internetowe"],"yoast_head":"<!-- This site is optimized with the Yoast SEO plugin v27.4 - https:\/\/yoast.com\/product\/yoast-seo-wordpress\/ -->\n<title>Marcin Prokop i Dorota Wellman reklama esize.me jak dzia\u0142a wideo - Favorite News<\/title>\n<meta name=\"robots\" content=\"index, follow, max-snippet:-1, max-image-preview:large, max-video-preview:-1\" \/>\n<link rel=\"canonical\" href=\"https:\/\/favorite-news.com\/pl\/marcin-prokop-i-dorota-wellman-reklama-esize-me-jak-dziala-wideo\/\" \/>\n<meta property=\"og:locale\" content=\"pl_PL\" \/>\n<meta property=\"og:type\" content=\"article\" \/>\n<meta property=\"og:title\" content=\"Marcin Prokop i Dorota Wellman reklama esize.me jak dzia\u0142a wideo - Favorite News\" \/>\n<meta property=\"og:description\" content=\"[ad_1] W poniedzia\u0142ek na dopiero co uruchomionym profilu esize.me na Facebooku opublikowano film reklamowy z udzia\u0142em Marcina Prokopa i Doroty Wellman. &#013; &#013; &#013; &#013; W 30-sek. spocie oboje sprawdzaj\u0105, na czym polega dzia\u0142anie skanera st\u00f3p 3D esize.me. Dorota Wellman wyst\u0119puj\u0119 w roli korzystaj\u0105cej ze skanera, Marcin Prokop wyja\u015bnia jej na czym polega jego dzia\u0142anie, [&hellip;]\" \/>\n<meta property=\"og:url\" content=\"https:\/\/favorite-news.com\/pl\/marcin-prokop-i-dorota-wellman-reklama-esize-me-jak-dziala-wideo\/\" \/>\n<meta property=\"og:site_name\" content=\"Favorite News\" \/>\n<meta property=\"article:published_time\" content=\"2019-08-06T09:20:39+00:00\" \/>\n<meta property=\"article:modified_time\" content=\"2019-08-06T09:20:40+00:00\" \/>\n<meta property=\"og:image\" content=\"https:\/\/favorite-news.com\/pl\/wp-content\/uploads\/sites\/6\/2019\/08\/Marcin-Prokop-i-Dorota-Wellman-reklama-esize.me-jak-dzia\u0142a-wideo.jpg\" \/>\n\t<meta property=\"og:image:width\" content=\"655\" \/>\n\t<meta property=\"og:image:height\" content=\"287\" \/>\n\t<meta property=\"og:image:type\" content=\"image\/jpeg\" \/>\n<meta name=\"author\" content=\"favorite-news\" \/>\n<meta name=\"twitter:card\" content=\"summary_large_image\" \/>\n<meta name=\"twitter:label1\" content=\"Napisane przez\" \/>\n\t<meta name=\"twitter:data1\" content=\"favorite-news\" \/>\n\t<meta name=\"twitter:label2\" content=\"Szacowany czas czytania\" \/>\n\t<meta name=\"twitter:data2\" content=\"1 minuta\" \/>\n<script type=\"application\/ld+json\" class=\"yoast-schema-graph\">{\"@context\":\"https:\\\/\\\/schema.org\",\"@graph\":[{\"@type\":\"Article\",\"@id\":\"https:\\\/\\\/favorite-news.com\\\/pl\\\/marcin-prokop-i-dorota-wellman-reklama-esize-me-jak-dziala-wideo\\\/#article\",\"isPartOf\":{\"@id\":\"https:\\\/\\\/favorite-news.com\\\/pl\\\/marcin-prokop-i-dorota-wellman-reklama-esize-me-jak-dziala-wideo\\\/\"},\"author\":{\"name\":\"favorite-news\",\"@id\":\"https:\\\/\\\/favorite-news.com\\\/pl\\\/#\\\/schema\\\/person\\\/b91573b717dcfa5e4696032a9d28d3e8\"},\"headline\":\"Marcin Prokop i Dorota Wellman reklama esize.me jak dzia\u0142a wideo\",\"datePublished\":\"2019-08-06T09:20:39+00:00\",\"dateModified\":\"2019-08-06T09:20:40+00:00\",\"mainEntityOfPage\":{\"@id\":\"https:\\\/\\\/favorite-news.com\\\/pl\\\/marcin-prokop-i-dorota-wellman-reklama-esize-me-jak-dziala-wideo\\\/\"},\"wordCount\":271,\"commentCount\":0,\"image\":{\"@id\":\"https:\\\/\\\/favorite-news.com\\\/pl\\\/marcin-prokop-i-dorota-wellman-reklama-esize-me-jak-dziala-wideo\\\/#primaryimage\"},\"thumbnailUrl\":\"https:\\\/\\\/favorite-news.com\\\/pl\\\/wp-content\\\/uploads\\\/sites\\\/6\\\/2019\\\/08\\\/Marcin-Prokop-i-Dorota-Wellman-reklama-esize.me-jak-dzia\u0142a-wideo.jpg\",\"articleSection\":[\"WIADOMO\u015aCI MARKETINGOWE INTERNETOWE\"],\"inLanguage\":\"pl-PL\",\"potentialAction\":[{\"@type\":\"CommentAction\",\"name\":\"Comment\",\"target\":[\"https:\\\/\\\/favorite-news.com\\\/pl\\\/marcin-prokop-i-dorota-wellman-reklama-esize-me-jak-dziala-wideo\\\/#respond\"]}]},{\"@type\":\"WebPage\",\"@id\":\"https:\\\/\\\/favorite-news.com\\\/pl\\\/marcin-prokop-i-dorota-wellman-reklama-esize-me-jak-dziala-wideo\\\/\",\"url\":\"https:\\\/\\\/favorite-news.com\\\/pl\\\/marcin-prokop-i-dorota-wellman-reklama-esize-me-jak-dziala-wideo\\\/\",\"name\":\"Marcin Prokop i Dorota Wellman reklama esize.me jak dzia\u0142a wideo - Favorite News\",\"isPartOf\":{\"@id\":\"https:\\\/\\\/favorite-news.com\\\/pl\\\/#website\"},\"primaryImageOfPage\":{\"@id\":\"https:\\\/\\\/favorite-news.com\\\/pl\\\/marcin-prokop-i-dorota-wellman-reklama-esize-me-jak-dziala-wideo\\\/#primaryimage\"},\"image\":{\"@id\":\"https:\\\/\\\/favorite-news.com\\\/pl\\\/marcin-prokop-i-dorota-wellman-reklama-esize-me-jak-dziala-wideo\\\/#primaryimage\"},\"thumbnailUrl\":\"https:\\\/\\\/favorite-news.com\\\/pl\\\/wp-content\\\/uploads\\\/sites\\\/6\\\/2019\\\/08\\\/Marcin-Prokop-i-Dorota-Wellman-reklama-esize.me-jak-dzia\u0142a-wideo.jpg\",\"datePublished\":\"2019-08-06T09:20:39+00:00\",\"dateModified\":\"2019-08-06T09:20:40+00:00\",\"author\":{\"@id\":\"https:\\\/\\\/favorite-news.com\\\/pl\\\/#\\\/schema\\\/person\\\/b91573b717dcfa5e4696032a9d28d3e8\"},\"breadcrumb\":{\"@id\":\"https:\\\/\\\/favorite-news.com\\\/pl\\\/marcin-prokop-i-dorota-wellman-reklama-esize-me-jak-dziala-wideo\\\/#breadcrumb\"},\"inLanguage\":\"pl-PL\",\"potentialAction\":[{\"@type\":\"ReadAction\",\"target\":[\"https:\\\/\\\/favorite-news.com\\\/pl\\\/marcin-prokop-i-dorota-wellman-reklama-esize-me-jak-dziala-wideo\\\/\"]}]},{\"@type\":\"ImageObject\",\"inLanguage\":\"pl-PL\",\"@id\":\"https:\\\/\\\/favorite-news.com\\\/pl\\\/marcin-prokop-i-dorota-wellman-reklama-esize-me-jak-dziala-wideo\\\/#primaryimage\",\"url\":\"https:\\\/\\\/favorite-news.com\\\/pl\\\/wp-content\\\/uploads\\\/sites\\\/6\\\/2019\\\/08\\\/Marcin-Prokop-i-Dorota-Wellman-reklama-esize.me-jak-dzia\u0142a-wideo.jpg\",\"contentUrl\":\"https:\\\/\\\/favorite-news.com\\\/pl\\\/wp-content\\\/uploads\\\/sites\\\/6\\\/2019\\\/08\\\/Marcin-Prokop-i-Dorota-Wellman-reklama-esize.me-jak-dzia\u0142a-wideo.jpg\",\"width\":655,\"height\":287,\"caption\":\"Article\"},{\"@type\":\"BreadcrumbList\",\"@id\":\"https:\\\/\\\/favorite-news.com\\\/pl\\\/marcin-prokop-i-dorota-wellman-reklama-esize-me-jak-dziala-wideo\\\/#breadcrumb\",\"itemListElement\":[{\"@type\":\"ListItem\",\"position\":1,\"name\":\"Home\",\"item\":\"https:\\\/\\\/favorite-news.com\\\/pl\\\/\"},{\"@type\":\"ListItem\",\"position\":2,\"name\":\"Marcin Prokop i Dorota Wellman reklama esize.me jak dzia\u0142a wideo\"}]},{\"@type\":\"WebSite\",\"@id\":\"https:\\\/\\\/favorite-news.com\\\/pl\\\/#website\",\"url\":\"https:\\\/\\\/favorite-news.com\\\/pl\\\/\",\"name\":\"Favorite News\",\"description\":\"Favorite News Polska\",\"potentialAction\":[{\"@type\":\"SearchAction\",\"target\":{\"@type\":\"EntryPoint\",\"urlTemplate\":\"https:\\\/\\\/favorite-news.com\\\/pl\\\/?s={search_term_string}\"},\"query-input\":{\"@type\":\"PropertyValueSpecification\",\"valueRequired\":true,\"valueName\":\"search_term_string\"}}],\"inLanguage\":\"pl-PL\"},{\"@type\":\"Person\",\"@id\":\"https:\\\/\\\/favorite-news.com\\\/pl\\\/#\\\/schema\\\/person\\\/b91573b717dcfa5e4696032a9d28d3e8\",\"name\":\"favorite-news\",\"image\":{\"@type\":\"ImageObject\",\"inLanguage\":\"pl-PL\",\"@id\":\"https:\\\/\\\/secure.gravatar.com\\\/avatar\\\/6c5a5cb12b74e9d517ee91cf570335b7d16177f1977cc91db161adfa435945a7?s=96&d=mm&r=g\",\"url\":\"https:\\\/\\\/secure.gravatar.com\\\/avatar\\\/6c5a5cb12b74e9d517ee91cf570335b7d16177f1977cc91db161adfa435945a7?s=96&d=mm&r=g\",\"contentUrl\":\"https:\\\/\\\/secure.gravatar.com\\\/avatar\\\/6c5a5cb12b74e9d517ee91cf570335b7d16177f1977cc91db161adfa435945a7?s=96&d=mm&r=g\",\"caption\":\"favorite-news\"},\"url\":\"https:\\\/\\\/favorite-news.com\\\/pl\\\/author\\\/pt\\\/\"}]}<\/script>\n<!-- \/ Yoast SEO plugin. -->","yoast_head_json":{"title":"Marcin Prokop i Dorota Wellman reklama esize.me jak dzia\u0142a wideo - Favorite News","robots":{"index":"index","follow":"follow","max-snippet":"max-snippet:-1","max-image-preview":"max-image-preview:large","max-video-preview":"max-video-preview:-1"},"canonical":"https:\/\/favorite-news.com\/pl\/marcin-prokop-i-dorota-wellman-reklama-esize-me-jak-dziala-wideo\/","og_locale":"pl_PL","og_type":"article","og_title":"Marcin Prokop i Dorota Wellman reklama esize.me jak dzia\u0142a wideo - Favorite News","og_description":"[ad_1] W poniedzia\u0142ek na dopiero co uruchomionym profilu esize.me na Facebooku opublikowano film reklamowy z udzia\u0142em Marcina Prokopa i Doroty Wellman. &#13; &#13; &#13; &#13; W 30-sek. spocie oboje sprawdzaj\u0105, na czym polega dzia\u0142anie skanera st\u00f3p 3D esize.me. Dorota Wellman wyst\u0119puj\u0119 w roli korzystaj\u0105cej ze skanera, Marcin Prokop wyja\u015bnia jej na czym polega jego dzia\u0142anie, [&hellip;]","og_url":"https:\/\/favorite-news.com\/pl\/marcin-prokop-i-dorota-wellman-reklama-esize-me-jak-dziala-wideo\/","og_site_name":"Favorite News","article_published_time":"2019-08-06T09:20:39+00:00","article_modified_time":"2019-08-06T09:20:40+00:00","og_image":[{"width":655,"height":287,"url":"https:\/\/favorite-news.com\/pl\/wp-content\/uploads\/sites\/6\/2019\/08\/Marcin-Prokop-i-Dorota-Wellman-reklama-esize.me-jak-dzia\u0142a-wideo.jpg","type":"image\/jpeg"}],"author":"favorite-news","twitter_card":"summary_large_image","twitter_misc":{"Napisane przez":"favorite-news","Szacowany czas czytania":"1 minuta"},"schema":{"@context":"https:\/\/schema.org","@graph":[{"@type":"Article","@id":"https:\/\/favorite-news.com\/pl\/marcin-prokop-i-dorota-wellman-reklama-esize-me-jak-dziala-wideo\/#article","isPartOf":{"@id":"https:\/\/favorite-news.com\/pl\/marcin-prokop-i-dorota-wellman-reklama-esize-me-jak-dziala-wideo\/"},"author":{"name":"favorite-news","@id":"https:\/\/favorite-news.com\/pl\/#\/schema\/person\/b91573b717dcfa5e4696032a9d28d3e8"},"headline":"Marcin Prokop i Dorota Wellman reklama esize.me jak dzia\u0142a wideo","datePublished":"2019-08-06T09:20:39+00:00","dateModified":"2019-08-06T09:20:40+00:00","mainEntityOfPage":{"@id":"https:\/\/favorite-news.com\/pl\/marcin-prokop-i-dorota-wellman-reklama-esize-me-jak-dziala-wideo\/"},"wordCount":271,"commentCount":0,"image":{"@id":"https:\/\/favorite-news.com\/pl\/marcin-prokop-i-dorota-wellman-reklama-esize-me-jak-dziala-wideo\/#primaryimage"},"thumbnailUrl":"https:\/\/favorite-news.com\/pl\/wp-content\/uploads\/sites\/6\/2019\/08\/Marcin-Prokop-i-Dorota-Wellman-reklama-esize.me-jak-dzia\u0142a-wideo.jpg","articleSection":["WIADOMO\u015aCI MARKETINGOWE INTERNETOWE"],"inLanguage":"pl-PL","potentialAction":[{"@type":"CommentAction","name":"Comment","target":["https:\/\/favorite-news.com\/pl\/marcin-prokop-i-dorota-wellman-reklama-esize-me-jak-dziala-wideo\/#respond"]}]},{"@type":"WebPage","@id":"https:\/\/favorite-news.com\/pl\/marcin-prokop-i-dorota-wellman-reklama-esize-me-jak-dziala-wideo\/","url":"https:\/\/favorite-news.com\/pl\/marcin-prokop-i-dorota-wellman-reklama-esize-me-jak-dziala-wideo\/","name":"Marcin Prokop i Dorota Wellman reklama esize.me jak dzia\u0142a wideo - Favorite News","isPartOf":{"@id":"https:\/\/favorite-news.com\/pl\/#website"},"primaryImageOfPage":{"@id":"https:\/\/favorite-news.com\/pl\/marcin-prokop-i-dorota-wellman-reklama-esize-me-jak-dziala-wideo\/#primaryimage"},"image":{"@id":"https:\/\/favorite-news.com\/pl\/marcin-prokop-i-dorota-wellman-reklama-esize-me-jak-dziala-wideo\/#primaryimage"},"thumbnailUrl":"https:\/\/favorite-news.com\/pl\/wp-content\/uploads\/sites\/6\/2019\/08\/Marcin-Prokop-i-Dorota-Wellman-reklama-esize.me-jak-dzia\u0142a-wideo.jpg","datePublished":"2019-08-06T09:20:39+00:00","dateModified":"2019-08-06T09:20:40+00:00","author":{"@id":"https:\/\/favorite-news.com\/pl\/#\/schema\/person\/b91573b717dcfa5e4696032a9d28d3e8"},"breadcrumb":{"@id":"https:\/\/favorite-news.com\/pl\/marcin-prokop-i-dorota-wellman-reklama-esize-me-jak-dziala-wideo\/#breadcrumb"},"inLanguage":"pl-PL","potentialAction":[{"@type":"ReadAction","target":["https:\/\/favorite-news.com\/pl\/marcin-prokop-i-dorota-wellman-reklama-esize-me-jak-dziala-wideo\/"]}]},{"@type":"ImageObject","inLanguage":"pl-PL","@id":"https:\/\/favorite-news.com\/pl\/marcin-prokop-i-dorota-wellman-reklama-esize-me-jak-dziala-wideo\/#primaryimage","url":"https:\/\/favorite-news.com\/pl\/wp-content\/uploads\/sites\/6\/2019\/08\/Marcin-Prokop-i-Dorota-Wellman-reklama-esize.me-jak-dzia\u0142a-wideo.jpg","contentUrl":"https:\/\/favorite-news.com\/pl\/wp-content\/uploads\/sites\/6\/2019\/08\/Marcin-Prokop-i-Dorota-Wellman-reklama-esize.me-jak-dzia\u0142a-wideo.jpg","width":655,"height":287,"caption":"Article"},{"@type":"BreadcrumbList","@id":"https:\/\/favorite-news.com\/pl\/marcin-prokop-i-dorota-wellman-reklama-esize-me-jak-dziala-wideo\/#breadcrumb","itemListElement":[{"@type":"ListItem","position":1,"name":"Home","item":"https:\/\/favorite-news.com\/pl\/"},{"@type":"ListItem","position":2,"name":"Marcin Prokop i Dorota Wellman reklama esize.me jak dzia\u0142a wideo"}]},{"@type":"WebSite","@id":"https:\/\/favorite-news.com\/pl\/#website","url":"https:\/\/favorite-news.com\/pl\/","name":"Favorite News","description":"Favorite News Polska","potentialAction":[{"@type":"SearchAction","target":{"@type":"EntryPoint","urlTemplate":"https:\/\/favorite-news.com\/pl\/?s={search_term_string}"},"query-input":{"@type":"PropertyValueSpecification","valueRequired":true,"valueName":"search_term_string"}}],"inLanguage":"pl-PL"},{"@type":"Person","@id":"https:\/\/favorite-news.com\/pl\/#\/schema\/person\/b91573b717dcfa5e4696032a9d28d3e8","name":"favorite-news","image":{"@type":"ImageObject","inLanguage":"pl-PL","@id":"https:\/\/secure.gravatar.com\/avatar\/6c5a5cb12b74e9d517ee91cf570335b7d16177f1977cc91db161adfa435945a7?s=96&d=mm&r=g","url":"https:\/\/secure.gravatar.com\/avatar\/6c5a5cb12b74e9d517ee91cf570335b7d16177f1977cc91db161adfa435945a7?s=96&d=mm&r=g","contentUrl":"https:\/\/secure.gravatar.com\/avatar\/6c5a5cb12b74e9d517ee91cf570335b7d16177f1977cc91db161adfa435945a7?s=96&d=mm&r=g","caption":"favorite-news"},"url":"https:\/\/favorite-news.com\/pl\/author\/pt\/"}]}},"_links":{"self":[{"href":"https:\/\/favorite-news.com\/pl\/wp-json\/wp\/v2\/posts\/3271","targetHints":{"allow":["GET"]}}],"collection":[{"href":"https:\/\/favorite-news.com\/pl\/wp-json\/wp\/v2\/posts"}],"about":[{"href":"https:\/\/favorite-news.com\/pl\/wp-json\/wp\/v2\/types\/post"}],"author":[{"embeddable":true,"href":"https:\/\/favorite-news.com\/pl\/wp-json\/wp\/v2\/users\/2"}],"replies":[{"embeddable":true,"href":"https:\/\/favorite-news.com\/pl\/wp-json\/wp\/v2\/comments?post=3271"}],"version-history":[{"count":1,"href":"https:\/\/favorite-news.com\/pl\/wp-json\/wp\/v2\/posts\/3271\/revisions"}],"predecessor-version":[{"id":3273,"href":"https:\/\/favorite-news.com\/pl\/wp-json\/wp\/v2\/posts\/3271\/revisions\/3273"}],"wp:featuredmedia":[{"embeddable":true,"href":"https:\/\/favorite-news.com\/pl\/wp-json\/wp\/v2\/media\/3272"}],"wp:attachment":[{"href":"https:\/\/favorite-news.com\/pl\/wp-json\/wp\/v2\/media?parent=3271"}],"wp:term":[{"taxonomy":"category","embeddable":true,"href":"https:\/\/favorite-news.com\/pl\/wp-json\/wp\/v2\/categories?post=3271"},{"taxonomy":"post_tag","embeddable":true,"href":"https:\/\/favorite-news.com\/pl\/wp-json\/wp\/v2\/tags?post=3271"}],"curies":[{"name":"wp","href":"https:\/\/api.w.org\/{rel}","templated":true}]}}