{"id":3261,"date":"2019-08-06T08:19:24","date_gmt":"2019-08-06T05:19:24","guid":{"rendered":"https:\/\/favorite-news.com\/pl\/media-group-z-001-zl-miesiecznego-ryczaltu-wygral-przetarg-mediowy-bgk\/"},"modified":"2019-08-06T08:19:25","modified_gmt":"2019-08-06T05:19:25","slug":"media-group-z-001-zl-miesiecznego-ryczaltu-wygral-przetarg-mediowy-bgk","status":"publish","type":"post","link":"https:\/\/favorite-news.com\/pl\/media-group-z-001-zl-miesiecznego-ryczaltu-wygral-przetarg-mediowy-bgk\/","title":{"rendered":"Media Group z 0,01 z\u0142 miesi\u0119cznego rycza\u0142tu wygra\u0142 przetarg mediowy BGK"},"content":{"rendered":"<p> [ad_1]<br \/>\n<\/p>\n<div id=\"\">\n<p>Rozpocz\u0119ty kilka tygodni temu przetarg by\u0142 podzielony na dwie cz\u0119\u015bci, z kt\u00f3rych ka\u017cda dotyczy\u0142a wykonania na rzecz BGK tej samej us\u0142ugi: po\u015brednictwa w zakupie medi\u00f3w do kampanii zlecanych przez bank.<\/p>\n<p><strong>Bud\u017cet do obs\u0142ugi zar\u00f3wno w pierwszej, jak i w drugiej cz\u0119\u015bci przetargu wynosi po 1,5 mln z\u0142, a umowa zostanie zawarta na okres roku od dnia jej podpisania. <\/strong>BGK nie wyklucza te\u017c, \u017ce umowy te zostan\u0105 przed\u0142u\u017cone o kolejne 24 miesi\u0105ce po tym jak wygasn\u0105. Wtedy warto\u015b\u0107 bud\u017cetu wyniesie 12 mln z\u0142 brutto.<\/p>\n<p>&#13;<br \/>\n&#13;<\/p>\n<p><strong>Oferty w pierwszej cz\u0119\u015bci post\u0119powania z\u0142o\u017cy\u0142y ClickAd i Zenith (Publicis Media)<\/strong>. Agencje musia\u0142y przedstawi\u0107 cen\u0119 jednostkow\u0105 brutto za miesi\u0119czny rycza\u0142t za gotowo\u015b\u0107 do zakupu medi\u00f3w oraz przygotowania i realizacji strategii promocji dla okre\u015blonych projekt\u00f3w. Kwota ta nie obejmuje zakupu medi\u00f3w. ClickAd zaproponowa\u0142 tu 0,01 z\u0142, a Zenith &#8211; 9 840 z\u0142.<\/p>\n<p><strong>W tej cz\u0119\u015bci post\u0119powanie uniewa\u017cniono t\u0142umacz\u0105c, \u017ce z\u0142o\u017cone oferty nie odpowiada\u0142y tre\u015bci specyfikacji istotnych warunk\u00f3w zam\u00f3wienia.<\/strong><\/p>\n<p>&#13;<br \/>\n&#13;<\/p>\n<p>W drugiej cz\u0119\u015bci oferty z\u0142o\u017cy\u0142y cztery agencje: <strong>ClickAd (ze stawk\u0105 0,01 z\u0142 miesi\u0119cznego rycza\u0142tu), Media Group ( z kwot\u0105 0,01 z\u0142), Zenith (ze stawk\u0105 9840 z\u0142) i Fabryka Komunikacji Spo\u0142ecznej (ze stawk\u0105 30 tys. z\u0142).<\/strong><\/p>\n<p>&#13;<br \/>\n&#13;<\/p>\n<p><strong>BGK postanowi\u0142 wybra\u0107 do wsp\u00f3\u0142pracy Media Group<\/strong>, przyznaj\u0105c maksymaln\u0105 liczb\u0119 100 pkt z\u0142o\u017conej przez t\u0119 agencj\u0119 ofercie.<\/p>\n<p>&#13;<br \/>\n&#13;<\/p>\n<p>\u00a0<\/p>\n<p>&#13;<br \/>\n                            &#13;<br \/>\n&#13;<br \/>\n                            &#13;<br \/>\n&#13;<br \/>\n&#13;<br \/>\n&#13;<br \/>\n&#13;<br \/>\n&#13;<br \/>\n                            &#13;<br \/>\n                                                            &#13;<br \/>\n&#13;<br \/>\n                            &#13;\n                        <\/p><\/div>\n<p><script>(function (d, s, id) {\n        var js, fjs = d.getElementsByTagName(s)[0];\n        if (d.getElementById(id)) return;\n        js = d.createElement(s);\n        js.id = id;\n        js.src = \"http:\/\/connect.facebook.net\/pl_PL\/sdk.js#xfbml=1&version=v2.6&appId=297996717062470\";\n        fjs.parentNode.insertBefore(js, fjs);\n    }(document, 'script', 'facebook-jssdk'));<\/script><br \/>\n<br \/>[ad_2]<br \/>\n<br \/><a href=\"https:\/\/www.wirtualnemedia.pl\/artykul\/media-group-z-0-01-zl-miesiecznego-ryczaltu-wygral-przetarg-mediowy-bgk\">Source link <\/a><\/p>\n","protected":false},"excerpt":{"rendered":"<p>[ad_1] Rozpocz\u0119ty kilka tygodni temu przetarg by\u0142 podzielony na dwie cz\u0119\u015bci, z kt\u00f3rych ka\u017cda dotyczy\u0142a wykonania na rzecz BGK tej samej us\u0142ugi: po\u015brednictwa w zakupie medi\u00f3w do kampanii zlecanych przez bank. Bud\u017cet do obs\u0142ugi zar\u00f3wno w pierwszej, jak i w drugiej cz\u0119\u015bci przetargu wynosi po 1,5 mln z\u0142, a umowa zostanie zawarta na okres roku [&hellip;]<\/p>\n","protected":false},"author":2,"featured_media":873,"comment_status":"open","ping_status":"open","sticky":false,"template":"","format":"standard","meta":{"footnotes":""},"categories":[2],"tags":[],"class_list":["post-3261","post","type-post","status-publish","format-standard","has-post-thumbnail","hentry","category-wiadomosci-marketingowe-internetowe"],"yoast_head":"<!-- This site is optimized with the Yoast SEO plugin v27.4 - https:\/\/yoast.com\/product\/yoast-seo-wordpress\/ -->\n<title>Media Group z 0,01 z\u0142 miesi\u0119cznego rycza\u0142tu wygra\u0142 przetarg mediowy BGK - Favorite News<\/title>\n<meta name=\"robots\" content=\"index, follow, max-snippet:-1, max-image-preview:large, max-video-preview:-1\" \/>\n<link rel=\"canonical\" href=\"https:\/\/favorite-news.com\/pl\/media-group-z-001-zl-miesiecznego-ryczaltu-wygral-przetarg-mediowy-bgk\/\" \/>\n<meta property=\"og:locale\" content=\"pl_PL\" \/>\n<meta property=\"og:type\" content=\"article\" \/>\n<meta property=\"og:title\" content=\"Media Group z 0,01 z\u0142 miesi\u0119cznego rycza\u0142tu wygra\u0142 przetarg mediowy BGK - Favorite News\" \/>\n<meta property=\"og:description\" content=\"[ad_1] Rozpocz\u0119ty kilka tygodni temu przetarg by\u0142 podzielony na dwie cz\u0119\u015bci, z kt\u00f3rych ka\u017cda dotyczy\u0142a wykonania na rzecz BGK tej samej us\u0142ugi: po\u015brednictwa w zakupie medi\u00f3w do kampanii zlecanych przez bank. Bud\u017cet do obs\u0142ugi zar\u00f3wno w pierwszej, jak i w drugiej cz\u0119\u015bci przetargu wynosi po 1,5 mln z\u0142, a umowa zostanie zawarta na okres roku [&hellip;]\" \/>\n<meta property=\"og:url\" content=\"https:\/\/favorite-news.com\/pl\/media-group-z-001-zl-miesiecznego-ryczaltu-wygral-przetarg-mediowy-bgk\/\" \/>\n<meta property=\"og:site_name\" content=\"Favorite News\" \/>\n<meta property=\"article:published_time\" content=\"2019-08-06T05:19:24+00:00\" \/>\n<meta property=\"article:modified_time\" content=\"2019-08-06T05:19:25+00:00\" \/>\n<meta property=\"og:image\" content=\"https:\/\/favorite-news.com\/pl\/wp-content\/uploads\/sites\/6\/2019\/05\/BGK-Bank-Gospodarstwa-Krajowego-przetarg-domy-mediowe-do-rocznej-wsp\u00f3\u0142pracy.png\" \/>\n\t<meta property=\"og:image:width\" content=\"655\" \/>\n\t<meta property=\"og:image:height\" content=\"350\" \/>\n\t<meta property=\"og:image:type\" content=\"image\/png\" \/>\n<meta name=\"author\" content=\"favorite-news\" \/>\n<meta name=\"twitter:card\" content=\"summary_large_image\" \/>\n<meta name=\"twitter:label1\" content=\"Napisane przez\" \/>\n\t<meta name=\"twitter:data1\" content=\"favorite-news\" \/>\n\t<meta name=\"twitter:label2\" content=\"Szacowany czas czytania\" \/>\n\t<meta name=\"twitter:data2\" content=\"1 minuta\" \/>\n<script type=\"application\/ld+json\" class=\"yoast-schema-graph\">{\"@context\":\"https:\\\/\\\/schema.org\",\"@graph\":[{\"@type\":\"Article\",\"@id\":\"https:\\\/\\\/favorite-news.com\\\/pl\\\/media-group-z-001-zl-miesiecznego-ryczaltu-wygral-przetarg-mediowy-bgk\\\/#article\",\"isPartOf\":{\"@id\":\"https:\\\/\\\/favorite-news.com\\\/pl\\\/media-group-z-001-zl-miesiecznego-ryczaltu-wygral-przetarg-mediowy-bgk\\\/\"},\"author\":{\"name\":\"favorite-news\",\"@id\":\"https:\\\/\\\/favorite-news.com\\\/pl\\\/#\\\/schema\\\/person\\\/b91573b717dcfa5e4696032a9d28d3e8\"},\"headline\":\"Media Group z 0,01 z\u0142 miesi\u0119cznego rycza\u0142tu wygra\u0142 przetarg mediowy BGK\",\"datePublished\":\"2019-08-06T05:19:24+00:00\",\"dateModified\":\"2019-08-06T05:19:25+00:00\",\"mainEntityOfPage\":{\"@id\":\"https:\\\/\\\/favorite-news.com\\\/pl\\\/media-group-z-001-zl-miesiecznego-ryczaltu-wygral-przetarg-mediowy-bgk\\\/\"},\"wordCount\":256,\"commentCount\":0,\"image\":{\"@id\":\"https:\\\/\\\/favorite-news.com\\\/pl\\\/media-group-z-001-zl-miesiecznego-ryczaltu-wygral-przetarg-mediowy-bgk\\\/#primaryimage\"},\"thumbnailUrl\":\"https:\\\/\\\/favorite-news.com\\\/pl\\\/wp-content\\\/uploads\\\/sites\\\/6\\\/2019\\\/05\\\/BGK-Bank-Gospodarstwa-Krajowego-przetarg-domy-mediowe-do-rocznej-wsp\u00f3\u0142pracy.png\",\"articleSection\":[\"WIADOMO\u015aCI MARKETINGOWE INTERNETOWE\"],\"inLanguage\":\"pl-PL\",\"potentialAction\":[{\"@type\":\"CommentAction\",\"name\":\"Comment\",\"target\":[\"https:\\\/\\\/favorite-news.com\\\/pl\\\/media-group-z-001-zl-miesiecznego-ryczaltu-wygral-przetarg-mediowy-bgk\\\/#respond\"]}]},{\"@type\":\"WebPage\",\"@id\":\"https:\\\/\\\/favorite-news.com\\\/pl\\\/media-group-z-001-zl-miesiecznego-ryczaltu-wygral-przetarg-mediowy-bgk\\\/\",\"url\":\"https:\\\/\\\/favorite-news.com\\\/pl\\\/media-group-z-001-zl-miesiecznego-ryczaltu-wygral-przetarg-mediowy-bgk\\\/\",\"name\":\"Media Group z 0,01 z\u0142 miesi\u0119cznego rycza\u0142tu wygra\u0142 przetarg mediowy BGK - Favorite News\",\"isPartOf\":{\"@id\":\"https:\\\/\\\/favorite-news.com\\\/pl\\\/#website\"},\"primaryImageOfPage\":{\"@id\":\"https:\\\/\\\/favorite-news.com\\\/pl\\\/media-group-z-001-zl-miesiecznego-ryczaltu-wygral-przetarg-mediowy-bgk\\\/#primaryimage\"},\"image\":{\"@id\":\"https:\\\/\\\/favorite-news.com\\\/pl\\\/media-group-z-001-zl-miesiecznego-ryczaltu-wygral-przetarg-mediowy-bgk\\\/#primaryimage\"},\"thumbnailUrl\":\"https:\\\/\\\/favorite-news.com\\\/pl\\\/wp-content\\\/uploads\\\/sites\\\/6\\\/2019\\\/05\\\/BGK-Bank-Gospodarstwa-Krajowego-przetarg-domy-mediowe-do-rocznej-wsp\u00f3\u0142pracy.png\",\"datePublished\":\"2019-08-06T05:19:24+00:00\",\"dateModified\":\"2019-08-06T05:19:25+00:00\",\"author\":{\"@id\":\"https:\\\/\\\/favorite-news.com\\\/pl\\\/#\\\/schema\\\/person\\\/b91573b717dcfa5e4696032a9d28d3e8\"},\"breadcrumb\":{\"@id\":\"https:\\\/\\\/favorite-news.com\\\/pl\\\/media-group-z-001-zl-miesiecznego-ryczaltu-wygral-przetarg-mediowy-bgk\\\/#breadcrumb\"},\"inLanguage\":\"pl-PL\",\"potentialAction\":[{\"@type\":\"ReadAction\",\"target\":[\"https:\\\/\\\/favorite-news.com\\\/pl\\\/media-group-z-001-zl-miesiecznego-ryczaltu-wygral-przetarg-mediowy-bgk\\\/\"]}]},{\"@type\":\"ImageObject\",\"inLanguage\":\"pl-PL\",\"@id\":\"https:\\\/\\\/favorite-news.com\\\/pl\\\/media-group-z-001-zl-miesiecznego-ryczaltu-wygral-przetarg-mediowy-bgk\\\/#primaryimage\",\"url\":\"https:\\\/\\\/favorite-news.com\\\/pl\\\/wp-content\\\/uploads\\\/sites\\\/6\\\/2019\\\/05\\\/BGK-Bank-Gospodarstwa-Krajowego-przetarg-domy-mediowe-do-rocznej-wsp\u00f3\u0142pracy.png\",\"contentUrl\":\"https:\\\/\\\/favorite-news.com\\\/pl\\\/wp-content\\\/uploads\\\/sites\\\/6\\\/2019\\\/05\\\/BGK-Bank-Gospodarstwa-Krajowego-przetarg-domy-mediowe-do-rocznej-wsp\u00f3\u0142pracy.png\",\"width\":655,\"height\":350,\"caption\":\"Article\"},{\"@type\":\"BreadcrumbList\",\"@id\":\"https:\\\/\\\/favorite-news.com\\\/pl\\\/media-group-z-001-zl-miesiecznego-ryczaltu-wygral-przetarg-mediowy-bgk\\\/#breadcrumb\",\"itemListElement\":[{\"@type\":\"ListItem\",\"position\":1,\"name\":\"Home\",\"item\":\"https:\\\/\\\/favorite-news.com\\\/pl\\\/\"},{\"@type\":\"ListItem\",\"position\":2,\"name\":\"Media Group z 0,01 z\u0142 miesi\u0119cznego rycza\u0142tu wygra\u0142 przetarg mediowy BGK\"}]},{\"@type\":\"WebSite\",\"@id\":\"https:\\\/\\\/favorite-news.com\\\/pl\\\/#website\",\"url\":\"https:\\\/\\\/favorite-news.com\\\/pl\\\/\",\"name\":\"Favorite News\",\"description\":\"Favorite News Polska\",\"potentialAction\":[{\"@type\":\"SearchAction\",\"target\":{\"@type\":\"EntryPoint\",\"urlTemplate\":\"https:\\\/\\\/favorite-news.com\\\/pl\\\/?s={search_term_string}\"},\"query-input\":{\"@type\":\"PropertyValueSpecification\",\"valueRequired\":true,\"valueName\":\"search_term_string\"}}],\"inLanguage\":\"pl-PL\"},{\"@type\":\"Person\",\"@id\":\"https:\\\/\\\/favorite-news.com\\\/pl\\\/#\\\/schema\\\/person\\\/b91573b717dcfa5e4696032a9d28d3e8\",\"name\":\"favorite-news\",\"image\":{\"@type\":\"ImageObject\",\"inLanguage\":\"pl-PL\",\"@id\":\"https:\\\/\\\/secure.gravatar.com\\\/avatar\\\/6c5a5cb12b74e9d517ee91cf570335b7d16177f1977cc91db161adfa435945a7?s=96&d=mm&r=g\",\"url\":\"https:\\\/\\\/secure.gravatar.com\\\/avatar\\\/6c5a5cb12b74e9d517ee91cf570335b7d16177f1977cc91db161adfa435945a7?s=96&d=mm&r=g\",\"contentUrl\":\"https:\\\/\\\/secure.gravatar.com\\\/avatar\\\/6c5a5cb12b74e9d517ee91cf570335b7d16177f1977cc91db161adfa435945a7?s=96&d=mm&r=g\",\"caption\":\"favorite-news\"},\"url\":\"https:\\\/\\\/favorite-news.com\\\/pl\\\/author\\\/pt\\\/\"}]}<\/script>\n<!-- \/ Yoast SEO plugin. -->","yoast_head_json":{"title":"Media Group z 0,01 z\u0142 miesi\u0119cznego rycza\u0142tu wygra\u0142 przetarg mediowy BGK - Favorite News","robots":{"index":"index","follow":"follow","max-snippet":"max-snippet:-1","max-image-preview":"max-image-preview:large","max-video-preview":"max-video-preview:-1"},"canonical":"https:\/\/favorite-news.com\/pl\/media-group-z-001-zl-miesiecznego-ryczaltu-wygral-przetarg-mediowy-bgk\/","og_locale":"pl_PL","og_type":"article","og_title":"Media Group z 0,01 z\u0142 miesi\u0119cznego rycza\u0142tu wygra\u0142 przetarg mediowy BGK - Favorite News","og_description":"[ad_1] Rozpocz\u0119ty kilka tygodni temu przetarg by\u0142 podzielony na dwie cz\u0119\u015bci, z kt\u00f3rych ka\u017cda dotyczy\u0142a wykonania na rzecz BGK tej samej us\u0142ugi: po\u015brednictwa w zakupie medi\u00f3w do kampanii zlecanych przez bank. Bud\u017cet do obs\u0142ugi zar\u00f3wno w pierwszej, jak i w drugiej cz\u0119\u015bci przetargu wynosi po 1,5 mln z\u0142, a umowa zostanie zawarta na okres roku [&hellip;]","og_url":"https:\/\/favorite-news.com\/pl\/media-group-z-001-zl-miesiecznego-ryczaltu-wygral-przetarg-mediowy-bgk\/","og_site_name":"Favorite News","article_published_time":"2019-08-06T05:19:24+00:00","article_modified_time":"2019-08-06T05:19:25+00:00","og_image":[{"width":655,"height":350,"url":"https:\/\/favorite-news.com\/pl\/wp-content\/uploads\/sites\/6\/2019\/05\/BGK-Bank-Gospodarstwa-Krajowego-przetarg-domy-mediowe-do-rocznej-wsp\u00f3\u0142pracy.png","type":"image\/png"}],"author":"favorite-news","twitter_card":"summary_large_image","twitter_misc":{"Napisane przez":"favorite-news","Szacowany czas czytania":"1 minuta"},"schema":{"@context":"https:\/\/schema.org","@graph":[{"@type":"Article","@id":"https:\/\/favorite-news.com\/pl\/media-group-z-001-zl-miesiecznego-ryczaltu-wygral-przetarg-mediowy-bgk\/#article","isPartOf":{"@id":"https:\/\/favorite-news.com\/pl\/media-group-z-001-zl-miesiecznego-ryczaltu-wygral-przetarg-mediowy-bgk\/"},"author":{"name":"favorite-news","@id":"https:\/\/favorite-news.com\/pl\/#\/schema\/person\/b91573b717dcfa5e4696032a9d28d3e8"},"headline":"Media Group z 0,01 z\u0142 miesi\u0119cznego rycza\u0142tu wygra\u0142 przetarg mediowy BGK","datePublished":"2019-08-06T05:19:24+00:00","dateModified":"2019-08-06T05:19:25+00:00","mainEntityOfPage":{"@id":"https:\/\/favorite-news.com\/pl\/media-group-z-001-zl-miesiecznego-ryczaltu-wygral-przetarg-mediowy-bgk\/"},"wordCount":256,"commentCount":0,"image":{"@id":"https:\/\/favorite-news.com\/pl\/media-group-z-001-zl-miesiecznego-ryczaltu-wygral-przetarg-mediowy-bgk\/#primaryimage"},"thumbnailUrl":"https:\/\/favorite-news.com\/pl\/wp-content\/uploads\/sites\/6\/2019\/05\/BGK-Bank-Gospodarstwa-Krajowego-przetarg-domy-mediowe-do-rocznej-wsp\u00f3\u0142pracy.png","articleSection":["WIADOMO\u015aCI MARKETINGOWE INTERNETOWE"],"inLanguage":"pl-PL","potentialAction":[{"@type":"CommentAction","name":"Comment","target":["https:\/\/favorite-news.com\/pl\/media-group-z-001-zl-miesiecznego-ryczaltu-wygral-przetarg-mediowy-bgk\/#respond"]}]},{"@type":"WebPage","@id":"https:\/\/favorite-news.com\/pl\/media-group-z-001-zl-miesiecznego-ryczaltu-wygral-przetarg-mediowy-bgk\/","url":"https:\/\/favorite-news.com\/pl\/media-group-z-001-zl-miesiecznego-ryczaltu-wygral-przetarg-mediowy-bgk\/","name":"Media Group z 0,01 z\u0142 miesi\u0119cznego rycza\u0142tu wygra\u0142 przetarg mediowy BGK - Favorite News","isPartOf":{"@id":"https:\/\/favorite-news.com\/pl\/#website"},"primaryImageOfPage":{"@id":"https:\/\/favorite-news.com\/pl\/media-group-z-001-zl-miesiecznego-ryczaltu-wygral-przetarg-mediowy-bgk\/#primaryimage"},"image":{"@id":"https:\/\/favorite-news.com\/pl\/media-group-z-001-zl-miesiecznego-ryczaltu-wygral-przetarg-mediowy-bgk\/#primaryimage"},"thumbnailUrl":"https:\/\/favorite-news.com\/pl\/wp-content\/uploads\/sites\/6\/2019\/05\/BGK-Bank-Gospodarstwa-Krajowego-przetarg-domy-mediowe-do-rocznej-wsp\u00f3\u0142pracy.png","datePublished":"2019-08-06T05:19:24+00:00","dateModified":"2019-08-06T05:19:25+00:00","author":{"@id":"https:\/\/favorite-news.com\/pl\/#\/schema\/person\/b91573b717dcfa5e4696032a9d28d3e8"},"breadcrumb":{"@id":"https:\/\/favorite-news.com\/pl\/media-group-z-001-zl-miesiecznego-ryczaltu-wygral-przetarg-mediowy-bgk\/#breadcrumb"},"inLanguage":"pl-PL","potentialAction":[{"@type":"ReadAction","target":["https:\/\/favorite-news.com\/pl\/media-group-z-001-zl-miesiecznego-ryczaltu-wygral-przetarg-mediowy-bgk\/"]}]},{"@type":"ImageObject","inLanguage":"pl-PL","@id":"https:\/\/favorite-news.com\/pl\/media-group-z-001-zl-miesiecznego-ryczaltu-wygral-przetarg-mediowy-bgk\/#primaryimage","url":"https:\/\/favorite-news.com\/pl\/wp-content\/uploads\/sites\/6\/2019\/05\/BGK-Bank-Gospodarstwa-Krajowego-przetarg-domy-mediowe-do-rocznej-wsp\u00f3\u0142pracy.png","contentUrl":"https:\/\/favorite-news.com\/pl\/wp-content\/uploads\/sites\/6\/2019\/05\/BGK-Bank-Gospodarstwa-Krajowego-przetarg-domy-mediowe-do-rocznej-wsp\u00f3\u0142pracy.png","width":655,"height":350,"caption":"Article"},{"@type":"BreadcrumbList","@id":"https:\/\/favorite-news.com\/pl\/media-group-z-001-zl-miesiecznego-ryczaltu-wygral-przetarg-mediowy-bgk\/#breadcrumb","itemListElement":[{"@type":"ListItem","position":1,"name":"Home","item":"https:\/\/favorite-news.com\/pl\/"},{"@type":"ListItem","position":2,"name":"Media Group z 0,01 z\u0142 miesi\u0119cznego rycza\u0142tu wygra\u0142 przetarg mediowy BGK"}]},{"@type":"WebSite","@id":"https:\/\/favorite-news.com\/pl\/#website","url":"https:\/\/favorite-news.com\/pl\/","name":"Favorite News","description":"Favorite News Polska","potentialAction":[{"@type":"SearchAction","target":{"@type":"EntryPoint","urlTemplate":"https:\/\/favorite-news.com\/pl\/?s={search_term_string}"},"query-input":{"@type":"PropertyValueSpecification","valueRequired":true,"valueName":"search_term_string"}}],"inLanguage":"pl-PL"},{"@type":"Person","@id":"https:\/\/favorite-news.com\/pl\/#\/schema\/person\/b91573b717dcfa5e4696032a9d28d3e8","name":"favorite-news","image":{"@type":"ImageObject","inLanguage":"pl-PL","@id":"https:\/\/secure.gravatar.com\/avatar\/6c5a5cb12b74e9d517ee91cf570335b7d16177f1977cc91db161adfa435945a7?s=96&d=mm&r=g","url":"https:\/\/secure.gravatar.com\/avatar\/6c5a5cb12b74e9d517ee91cf570335b7d16177f1977cc91db161adfa435945a7?s=96&d=mm&r=g","contentUrl":"https:\/\/secure.gravatar.com\/avatar\/6c5a5cb12b74e9d517ee91cf570335b7d16177f1977cc91db161adfa435945a7?s=96&d=mm&r=g","caption":"favorite-news"},"url":"https:\/\/favorite-news.com\/pl\/author\/pt\/"}]}},"_links":{"self":[{"href":"https:\/\/favorite-news.com\/pl\/wp-json\/wp\/v2\/posts\/3261","targetHints":{"allow":["GET"]}}],"collection":[{"href":"https:\/\/favorite-news.com\/pl\/wp-json\/wp\/v2\/posts"}],"about":[{"href":"https:\/\/favorite-news.com\/pl\/wp-json\/wp\/v2\/types\/post"}],"author":[{"embeddable":true,"href":"https:\/\/favorite-news.com\/pl\/wp-json\/wp\/v2\/users\/2"}],"replies":[{"embeddable":true,"href":"https:\/\/favorite-news.com\/pl\/wp-json\/wp\/v2\/comments?post=3261"}],"version-history":[{"count":1,"href":"https:\/\/favorite-news.com\/pl\/wp-json\/wp\/v2\/posts\/3261\/revisions"}],"predecessor-version":[{"id":3262,"href":"https:\/\/favorite-news.com\/pl\/wp-json\/wp\/v2\/posts\/3261\/revisions\/3262"}],"wp:featuredmedia":[{"embeddable":true,"href":"https:\/\/favorite-news.com\/pl\/wp-json\/wp\/v2\/media\/873"}],"wp:attachment":[{"href":"https:\/\/favorite-news.com\/pl\/wp-json\/wp\/v2\/media?parent=3261"}],"wp:term":[{"taxonomy":"category","embeddable":true,"href":"https:\/\/favorite-news.com\/pl\/wp-json\/wp\/v2\/categories?post=3261"},{"taxonomy":"post_tag","embeddable":true,"href":"https:\/\/favorite-news.com\/pl\/wp-json\/wp\/v2\/tags?post=3261"}],"curies":[{"name":"wp","href":"https:\/\/api.w.org\/{rel}","templated":true}]}}