{"id":3258,"date":"2019-08-06T06:58:30","date_gmt":"2019-08-06T03:58:30","guid":{"rendered":"https:\/\/favorite-news.com\/pl\/tiktok-wybral-phd-do-globalnej-obslugi-mediowej\/"},"modified":"2019-08-06T06:58:31","modified_gmt":"2019-08-06T03:58:31","slug":"tiktok-wybral-phd-do-globalnej-obslugi-mediowej","status":"publish","type":"post","link":"https:\/\/favorite-news.com\/pl\/tiktok-wybral-phd-do-globalnej-obslugi-mediowej\/","title":{"rendered":"TikTok wybra\u0142 PHD do globalnej obs\u0142ugi mediowej"},"content":{"rendered":"<p> [ad_1]<br \/>\n<\/p>\n<div id=\"\">\n<p>Firma nie podaje liczby i nazw pozosta\u0142ych agencji, kt\u00f3re uczestniczy\u0142y w przetargu. Nie ujawnia te\u017c na jak d\u0142ugo zawar\u0142a umow\u0119 z PHD.<\/p>\n<p>&#13;<br \/>\n&#13;<\/p>\n<p>Agencja b\u0119dzie odpowiada\u0107 za planowanie i zakup medi\u00f3w dla TokTok na wszystkich rynkach mi\u0119dzynarodowych poza Chinami.<\/p>\n<p>&#13;<br \/>\n&#13;<\/p>\n<p>Obs\u0142ug\u0105 mediow\u0105 TikTok w Wielkiej Brytanii, Francji i Niemczech zajmuje si\u0119 obecnie agencja Total Media. PHD jako globalna agencja mediowa ma wsp\u00f3\u0142pracowa\u0107 z domami mediowymi, kt\u00f3re pracuj\u0105 dla tego marketera lokalnie. Na poziomie globalnym ma nadzorowa\u0107 strategi\u0119 i planowanie medi\u00f3w.<\/p>\n<p>&#13;<br \/>\n&#13;<\/p>\n<p><span style=\"font-size:20px;\"><strong>TikTok ma ju\u017c ponad 1,5 mld u\u017cytkownik\u00f3w miesi\u0119cznie<\/strong><\/span><\/p>\n<p>&#13;<br \/>\n&#13;<\/p>\n<p>TikTok jest nale\u017c\u0105c\u0105 do chi\u0144skiej firmy Bytedance mobiln\u0105 aplikacj\u0105 spo\u0142eczno\u015bciow\u0105 adresowan\u0105 g\u0142\u00f3wnie do m\u0142odych os\u00f3b \u2013 wed\u0142ug bada\u0144 agencji GetHero 64 proc. u\u017cytkownik\u00f3w platformy to internauci w wieku od 13 do 15 lat. W po\u0142owie ub.r. TikTok zosta\u0142 po\u0142\u0105czony z przej\u0119t\u0105 przez Bytedance aplikacj\u0105 Musical.ly.<\/p>\n<p>&#13;<br \/>\n&#13;<\/p>\n<p>Ka\u017cdego dnia TikToka u\u017cywa co najmniej 700 mln os\u00f3b dziennie. \u015arednio, miesi\u0119cznie aplikacja przyci\u0105ga 1,5 mld u\u017cytkownik\u00f3w. To zdecydowanie najpopularniejsza platforma w portfelu chi\u0144skiego giganta, do kt\u00f3rego nale\u017c\u0105 m.in. agregator news\u00f3w Jinri Toutiao, aplikacja do robienia sefie FaceU czy Top Buzz z tre\u015bciami wideo.<\/p>\n<p>&#13;<br \/>\n&#13;<\/p>\n<p>Wynik TikToka poprawi\u0142 si\u0119 od stycznia o 500 mln u\u017cytkownik\u00f3w.<\/p>\n<p>&#13;<br \/>\n&#13;<\/p>\n<p>TikTok mimo rosn\u0105cej popularno\u015bci ma tak\u017ce k\u0142opoty wizerunkowe. Kilka miesi\u0119cy temu platforma zosta\u0142a ukarana w USA grzywn\u0105 w wysoko\u015bci 5,7 mln dol. za gromadzenie danych u\u017cytkownik\u00f3w, za\u015b niedawno w\u0142adze Indii zakaza\u0142y udost\u0119pniania TikToka w sklepach Google Play i Apple Store w zwi\u0105zku z pos\u0105dzeniami o udost\u0119pnianie przez aplikacj\u0119 szkodliwych dla m\u0142odzie\u017cy tre\u015bci o charakterze seksualnym.<\/p>\n<p>&#13;<br \/>\n                            &#13;<br \/>\n&#13;<br \/>\n                            &#13;<br \/>\n&#13;<br \/>\n&#13;<br \/>\n&#13;<br \/>\n&#13;<br \/>\n&#13;<br \/>\n                            &#13;<br \/>\n                                                            &#13;<br \/>\n&#13;<br \/>\n                            &#13;\n                        <\/p><\/div>\n<p><script>(function (d, s, id) {\n        var js, fjs = d.getElementsByTagName(s)[0];\n        if (d.getElementById(id)) return;\n        js = d.createElement(s);\n        js.id = id;\n        js.src = \"http:\/\/connect.facebook.net\/pl_PL\/sdk.js#xfbml=1&version=v2.6&appId=297996717062470\";\n        fjs.parentNode.insertBefore(js, fjs);\n    }(document, 'script', 'facebook-jssdk'));<\/script><br \/>\n<br \/>[ad_2]<br \/>\n<br \/><a href=\"https:\/\/www.wirtualnemedia.pl\/artykul\/tiktok-wybral-phd-do-globalnej-obslugi-mediowej\">Source link <\/a><\/p>\n","protected":false},"excerpt":{"rendered":"<p>[ad_1] Firma nie podaje liczby i nazw pozosta\u0142ych agencji, kt\u00f3re uczestniczy\u0142y w przetargu. Nie ujawnia te\u017c na jak d\u0142ugo zawar\u0142a umow\u0119 z PHD. &#13; &#13; Agencja b\u0119dzie odpowiada\u0107 za planowanie i zakup medi\u00f3w dla TokTok na wszystkich rynkach mi\u0119dzynarodowych poza Chinami. &#13; &#13; Obs\u0142ug\u0105 mediow\u0105 TikTok w Wielkiej Brytanii, Francji i Niemczech zajmuje si\u0119 obecnie [&hellip;]<\/p>\n","protected":false},"author":2,"featured_media":3259,"comment_status":"open","ping_status":"open","sticky":false,"template":"","format":"standard","meta":{"footnotes":""},"categories":[2],"tags":[],"class_list":["post-3258","post","type-post","status-publish","format-standard","has-post-thumbnail","hentry","category-wiadomosci-marketingowe-internetowe"],"yoast_head":"<!-- This site is optimized with the Yoast SEO plugin v27.4 - https:\/\/yoast.com\/product\/yoast-seo-wordpress\/ -->\n<title>TikTok wybra\u0142 PHD do globalnej obs\u0142ugi mediowej - Favorite News<\/title>\n<meta name=\"robots\" content=\"index, follow, max-snippet:-1, max-image-preview:large, max-video-preview:-1\" \/>\n<link rel=\"canonical\" href=\"https:\/\/favorite-news.com\/pl\/tiktok-wybral-phd-do-globalnej-obslugi-mediowej\/\" \/>\n<meta property=\"og:locale\" content=\"pl_PL\" \/>\n<meta property=\"og:type\" content=\"article\" \/>\n<meta property=\"og:title\" content=\"TikTok wybra\u0142 PHD do globalnej obs\u0142ugi mediowej - Favorite News\" \/>\n<meta property=\"og:description\" content=\"[ad_1] Firma nie podaje liczby i nazw pozosta\u0142ych agencji, kt\u00f3re uczestniczy\u0142y w przetargu. Nie ujawnia te\u017c na jak d\u0142ugo zawar\u0142a umow\u0119 z PHD. &#013; &#013; Agencja b\u0119dzie odpowiada\u0107 za planowanie i zakup medi\u00f3w dla TokTok na wszystkich rynkach mi\u0119dzynarodowych poza Chinami. &#013; &#013; Obs\u0142ug\u0105 mediow\u0105 TikTok w Wielkiej Brytanii, Francji i Niemczech zajmuje si\u0119 obecnie [&hellip;]\" \/>\n<meta property=\"og:url\" content=\"https:\/\/favorite-news.com\/pl\/tiktok-wybral-phd-do-globalnej-obslugi-mediowej\/\" \/>\n<meta property=\"og:site_name\" content=\"Favorite News\" \/>\n<meta property=\"article:published_time\" content=\"2019-08-06T03:58:30+00:00\" \/>\n<meta property=\"article:modified_time\" content=\"2019-08-06T03:58:31+00:00\" \/>\n<meta property=\"og:image\" content=\"https:\/\/favorite-news.com\/pl\/wp-content\/uploads\/sites\/6\/2019\/08\/TikTok-wybra\u0142-PHD-do-globalnej-obs\u0142ugi-mediowej.png\" \/>\n\t<meta property=\"og:image:width\" content=\"655\" \/>\n\t<meta property=\"og:image:height\" content=\"587\" \/>\n\t<meta property=\"og:image:type\" content=\"image\/png\" \/>\n<meta name=\"author\" content=\"favorite-news\" \/>\n<meta name=\"twitter:card\" content=\"summary_large_image\" \/>\n<meta name=\"twitter:label1\" content=\"Napisane przez\" \/>\n\t<meta name=\"twitter:data1\" content=\"favorite-news\" \/>\n\t<meta name=\"twitter:label2\" content=\"Szacowany czas czytania\" \/>\n\t<meta name=\"twitter:data2\" content=\"1 minuta\" \/>\n<script type=\"application\/ld+json\" class=\"yoast-schema-graph\">{\"@context\":\"https:\\\/\\\/schema.org\",\"@graph\":[{\"@type\":\"Article\",\"@id\":\"https:\\\/\\\/favorite-news.com\\\/pl\\\/tiktok-wybral-phd-do-globalnej-obslugi-mediowej\\\/#article\",\"isPartOf\":{\"@id\":\"https:\\\/\\\/favorite-news.com\\\/pl\\\/tiktok-wybral-phd-do-globalnej-obslugi-mediowej\\\/\"},\"author\":{\"name\":\"favorite-news\",\"@id\":\"https:\\\/\\\/favorite-news.com\\\/pl\\\/#\\\/schema\\\/person\\\/b91573b717dcfa5e4696032a9d28d3e8\"},\"headline\":\"TikTok wybra\u0142 PHD do globalnej obs\u0142ugi mediowej\",\"datePublished\":\"2019-08-06T03:58:30+00:00\",\"dateModified\":\"2019-08-06T03:58:31+00:00\",\"mainEntityOfPage\":{\"@id\":\"https:\\\/\\\/favorite-news.com\\\/pl\\\/tiktok-wybral-phd-do-globalnej-obslugi-mediowej\\\/\"},\"wordCount\":305,\"commentCount\":0,\"image\":{\"@id\":\"https:\\\/\\\/favorite-news.com\\\/pl\\\/tiktok-wybral-phd-do-globalnej-obslugi-mediowej\\\/#primaryimage\"},\"thumbnailUrl\":\"https:\\\/\\\/favorite-news.com\\\/pl\\\/wp-content\\\/uploads\\\/sites\\\/6\\\/2019\\\/08\\\/TikTok-wybra\u0142-PHD-do-globalnej-obs\u0142ugi-mediowej.png\",\"articleSection\":[\"WIADOMO\u015aCI MARKETINGOWE INTERNETOWE\"],\"inLanguage\":\"pl-PL\",\"potentialAction\":[{\"@type\":\"CommentAction\",\"name\":\"Comment\",\"target\":[\"https:\\\/\\\/favorite-news.com\\\/pl\\\/tiktok-wybral-phd-do-globalnej-obslugi-mediowej\\\/#respond\"]}]},{\"@type\":\"WebPage\",\"@id\":\"https:\\\/\\\/favorite-news.com\\\/pl\\\/tiktok-wybral-phd-do-globalnej-obslugi-mediowej\\\/\",\"url\":\"https:\\\/\\\/favorite-news.com\\\/pl\\\/tiktok-wybral-phd-do-globalnej-obslugi-mediowej\\\/\",\"name\":\"TikTok wybra\u0142 PHD do globalnej obs\u0142ugi mediowej - Favorite News\",\"isPartOf\":{\"@id\":\"https:\\\/\\\/favorite-news.com\\\/pl\\\/#website\"},\"primaryImageOfPage\":{\"@id\":\"https:\\\/\\\/favorite-news.com\\\/pl\\\/tiktok-wybral-phd-do-globalnej-obslugi-mediowej\\\/#primaryimage\"},\"image\":{\"@id\":\"https:\\\/\\\/favorite-news.com\\\/pl\\\/tiktok-wybral-phd-do-globalnej-obslugi-mediowej\\\/#primaryimage\"},\"thumbnailUrl\":\"https:\\\/\\\/favorite-news.com\\\/pl\\\/wp-content\\\/uploads\\\/sites\\\/6\\\/2019\\\/08\\\/TikTok-wybra\u0142-PHD-do-globalnej-obs\u0142ugi-mediowej.png\",\"datePublished\":\"2019-08-06T03:58:30+00:00\",\"dateModified\":\"2019-08-06T03:58:31+00:00\",\"author\":{\"@id\":\"https:\\\/\\\/favorite-news.com\\\/pl\\\/#\\\/schema\\\/person\\\/b91573b717dcfa5e4696032a9d28d3e8\"},\"breadcrumb\":{\"@id\":\"https:\\\/\\\/favorite-news.com\\\/pl\\\/tiktok-wybral-phd-do-globalnej-obslugi-mediowej\\\/#breadcrumb\"},\"inLanguage\":\"pl-PL\",\"potentialAction\":[{\"@type\":\"ReadAction\",\"target\":[\"https:\\\/\\\/favorite-news.com\\\/pl\\\/tiktok-wybral-phd-do-globalnej-obslugi-mediowej\\\/\"]}]},{\"@type\":\"ImageObject\",\"inLanguage\":\"pl-PL\",\"@id\":\"https:\\\/\\\/favorite-news.com\\\/pl\\\/tiktok-wybral-phd-do-globalnej-obslugi-mediowej\\\/#primaryimage\",\"url\":\"https:\\\/\\\/favorite-news.com\\\/pl\\\/wp-content\\\/uploads\\\/sites\\\/6\\\/2019\\\/08\\\/TikTok-wybra\u0142-PHD-do-globalnej-obs\u0142ugi-mediowej.png\",\"contentUrl\":\"https:\\\/\\\/favorite-news.com\\\/pl\\\/wp-content\\\/uploads\\\/sites\\\/6\\\/2019\\\/08\\\/TikTok-wybra\u0142-PHD-do-globalnej-obs\u0142ugi-mediowej.png\",\"width\":655,\"height\":587,\"caption\":\"Article\"},{\"@type\":\"BreadcrumbList\",\"@id\":\"https:\\\/\\\/favorite-news.com\\\/pl\\\/tiktok-wybral-phd-do-globalnej-obslugi-mediowej\\\/#breadcrumb\",\"itemListElement\":[{\"@type\":\"ListItem\",\"position\":1,\"name\":\"Home\",\"item\":\"https:\\\/\\\/favorite-news.com\\\/pl\\\/\"},{\"@type\":\"ListItem\",\"position\":2,\"name\":\"TikTok wybra\u0142 PHD do globalnej obs\u0142ugi mediowej\"}]},{\"@type\":\"WebSite\",\"@id\":\"https:\\\/\\\/favorite-news.com\\\/pl\\\/#website\",\"url\":\"https:\\\/\\\/favorite-news.com\\\/pl\\\/\",\"name\":\"Favorite News\",\"description\":\"Favorite News Polska\",\"potentialAction\":[{\"@type\":\"SearchAction\",\"target\":{\"@type\":\"EntryPoint\",\"urlTemplate\":\"https:\\\/\\\/favorite-news.com\\\/pl\\\/?s={search_term_string}\"},\"query-input\":{\"@type\":\"PropertyValueSpecification\",\"valueRequired\":true,\"valueName\":\"search_term_string\"}}],\"inLanguage\":\"pl-PL\"},{\"@type\":\"Person\",\"@id\":\"https:\\\/\\\/favorite-news.com\\\/pl\\\/#\\\/schema\\\/person\\\/b91573b717dcfa5e4696032a9d28d3e8\",\"name\":\"favorite-news\",\"image\":{\"@type\":\"ImageObject\",\"inLanguage\":\"pl-PL\",\"@id\":\"https:\\\/\\\/secure.gravatar.com\\\/avatar\\\/6c5a5cb12b74e9d517ee91cf570335b7d16177f1977cc91db161adfa435945a7?s=96&d=mm&r=g\",\"url\":\"https:\\\/\\\/secure.gravatar.com\\\/avatar\\\/6c5a5cb12b74e9d517ee91cf570335b7d16177f1977cc91db161adfa435945a7?s=96&d=mm&r=g\",\"contentUrl\":\"https:\\\/\\\/secure.gravatar.com\\\/avatar\\\/6c5a5cb12b74e9d517ee91cf570335b7d16177f1977cc91db161adfa435945a7?s=96&d=mm&r=g\",\"caption\":\"favorite-news\"},\"url\":\"https:\\\/\\\/favorite-news.com\\\/pl\\\/author\\\/pt\\\/\"}]}<\/script>\n<!-- \/ Yoast SEO plugin. -->","yoast_head_json":{"title":"TikTok wybra\u0142 PHD do globalnej obs\u0142ugi mediowej - Favorite News","robots":{"index":"index","follow":"follow","max-snippet":"max-snippet:-1","max-image-preview":"max-image-preview:large","max-video-preview":"max-video-preview:-1"},"canonical":"https:\/\/favorite-news.com\/pl\/tiktok-wybral-phd-do-globalnej-obslugi-mediowej\/","og_locale":"pl_PL","og_type":"article","og_title":"TikTok wybra\u0142 PHD do globalnej obs\u0142ugi mediowej - Favorite News","og_description":"[ad_1] Firma nie podaje liczby i nazw pozosta\u0142ych agencji, kt\u00f3re uczestniczy\u0142y w przetargu. Nie ujawnia te\u017c na jak d\u0142ugo zawar\u0142a umow\u0119 z PHD. &#13; &#13; Agencja b\u0119dzie odpowiada\u0107 za planowanie i zakup medi\u00f3w dla TokTok na wszystkich rynkach mi\u0119dzynarodowych poza Chinami. &#13; &#13; Obs\u0142ug\u0105 mediow\u0105 TikTok w Wielkiej Brytanii, Francji i Niemczech zajmuje si\u0119 obecnie [&hellip;]","og_url":"https:\/\/favorite-news.com\/pl\/tiktok-wybral-phd-do-globalnej-obslugi-mediowej\/","og_site_name":"Favorite News","article_published_time":"2019-08-06T03:58:30+00:00","article_modified_time":"2019-08-06T03:58:31+00:00","og_image":[{"width":655,"height":587,"url":"https:\/\/favorite-news.com\/pl\/wp-content\/uploads\/sites\/6\/2019\/08\/TikTok-wybra\u0142-PHD-do-globalnej-obs\u0142ugi-mediowej.png","type":"image\/png"}],"author":"favorite-news","twitter_card":"summary_large_image","twitter_misc":{"Napisane przez":"favorite-news","Szacowany czas czytania":"1 minuta"},"schema":{"@context":"https:\/\/schema.org","@graph":[{"@type":"Article","@id":"https:\/\/favorite-news.com\/pl\/tiktok-wybral-phd-do-globalnej-obslugi-mediowej\/#article","isPartOf":{"@id":"https:\/\/favorite-news.com\/pl\/tiktok-wybral-phd-do-globalnej-obslugi-mediowej\/"},"author":{"name":"favorite-news","@id":"https:\/\/favorite-news.com\/pl\/#\/schema\/person\/b91573b717dcfa5e4696032a9d28d3e8"},"headline":"TikTok wybra\u0142 PHD do globalnej obs\u0142ugi mediowej","datePublished":"2019-08-06T03:58:30+00:00","dateModified":"2019-08-06T03:58:31+00:00","mainEntityOfPage":{"@id":"https:\/\/favorite-news.com\/pl\/tiktok-wybral-phd-do-globalnej-obslugi-mediowej\/"},"wordCount":305,"commentCount":0,"image":{"@id":"https:\/\/favorite-news.com\/pl\/tiktok-wybral-phd-do-globalnej-obslugi-mediowej\/#primaryimage"},"thumbnailUrl":"https:\/\/favorite-news.com\/pl\/wp-content\/uploads\/sites\/6\/2019\/08\/TikTok-wybra\u0142-PHD-do-globalnej-obs\u0142ugi-mediowej.png","articleSection":["WIADOMO\u015aCI MARKETINGOWE INTERNETOWE"],"inLanguage":"pl-PL","potentialAction":[{"@type":"CommentAction","name":"Comment","target":["https:\/\/favorite-news.com\/pl\/tiktok-wybral-phd-do-globalnej-obslugi-mediowej\/#respond"]}]},{"@type":"WebPage","@id":"https:\/\/favorite-news.com\/pl\/tiktok-wybral-phd-do-globalnej-obslugi-mediowej\/","url":"https:\/\/favorite-news.com\/pl\/tiktok-wybral-phd-do-globalnej-obslugi-mediowej\/","name":"TikTok wybra\u0142 PHD do globalnej obs\u0142ugi mediowej - Favorite News","isPartOf":{"@id":"https:\/\/favorite-news.com\/pl\/#website"},"primaryImageOfPage":{"@id":"https:\/\/favorite-news.com\/pl\/tiktok-wybral-phd-do-globalnej-obslugi-mediowej\/#primaryimage"},"image":{"@id":"https:\/\/favorite-news.com\/pl\/tiktok-wybral-phd-do-globalnej-obslugi-mediowej\/#primaryimage"},"thumbnailUrl":"https:\/\/favorite-news.com\/pl\/wp-content\/uploads\/sites\/6\/2019\/08\/TikTok-wybra\u0142-PHD-do-globalnej-obs\u0142ugi-mediowej.png","datePublished":"2019-08-06T03:58:30+00:00","dateModified":"2019-08-06T03:58:31+00:00","author":{"@id":"https:\/\/favorite-news.com\/pl\/#\/schema\/person\/b91573b717dcfa5e4696032a9d28d3e8"},"breadcrumb":{"@id":"https:\/\/favorite-news.com\/pl\/tiktok-wybral-phd-do-globalnej-obslugi-mediowej\/#breadcrumb"},"inLanguage":"pl-PL","potentialAction":[{"@type":"ReadAction","target":["https:\/\/favorite-news.com\/pl\/tiktok-wybral-phd-do-globalnej-obslugi-mediowej\/"]}]},{"@type":"ImageObject","inLanguage":"pl-PL","@id":"https:\/\/favorite-news.com\/pl\/tiktok-wybral-phd-do-globalnej-obslugi-mediowej\/#primaryimage","url":"https:\/\/favorite-news.com\/pl\/wp-content\/uploads\/sites\/6\/2019\/08\/TikTok-wybra\u0142-PHD-do-globalnej-obs\u0142ugi-mediowej.png","contentUrl":"https:\/\/favorite-news.com\/pl\/wp-content\/uploads\/sites\/6\/2019\/08\/TikTok-wybra\u0142-PHD-do-globalnej-obs\u0142ugi-mediowej.png","width":655,"height":587,"caption":"Article"},{"@type":"BreadcrumbList","@id":"https:\/\/favorite-news.com\/pl\/tiktok-wybral-phd-do-globalnej-obslugi-mediowej\/#breadcrumb","itemListElement":[{"@type":"ListItem","position":1,"name":"Home","item":"https:\/\/favorite-news.com\/pl\/"},{"@type":"ListItem","position":2,"name":"TikTok wybra\u0142 PHD do globalnej obs\u0142ugi mediowej"}]},{"@type":"WebSite","@id":"https:\/\/favorite-news.com\/pl\/#website","url":"https:\/\/favorite-news.com\/pl\/","name":"Favorite News","description":"Favorite News Polska","potentialAction":[{"@type":"SearchAction","target":{"@type":"EntryPoint","urlTemplate":"https:\/\/favorite-news.com\/pl\/?s={search_term_string}"},"query-input":{"@type":"PropertyValueSpecification","valueRequired":true,"valueName":"search_term_string"}}],"inLanguage":"pl-PL"},{"@type":"Person","@id":"https:\/\/favorite-news.com\/pl\/#\/schema\/person\/b91573b717dcfa5e4696032a9d28d3e8","name":"favorite-news","image":{"@type":"ImageObject","inLanguage":"pl-PL","@id":"https:\/\/secure.gravatar.com\/avatar\/6c5a5cb12b74e9d517ee91cf570335b7d16177f1977cc91db161adfa435945a7?s=96&d=mm&r=g","url":"https:\/\/secure.gravatar.com\/avatar\/6c5a5cb12b74e9d517ee91cf570335b7d16177f1977cc91db161adfa435945a7?s=96&d=mm&r=g","contentUrl":"https:\/\/secure.gravatar.com\/avatar\/6c5a5cb12b74e9d517ee91cf570335b7d16177f1977cc91db161adfa435945a7?s=96&d=mm&r=g","caption":"favorite-news"},"url":"https:\/\/favorite-news.com\/pl\/author\/pt\/"}]}},"_links":{"self":[{"href":"https:\/\/favorite-news.com\/pl\/wp-json\/wp\/v2\/posts\/3258","targetHints":{"allow":["GET"]}}],"collection":[{"href":"https:\/\/favorite-news.com\/pl\/wp-json\/wp\/v2\/posts"}],"about":[{"href":"https:\/\/favorite-news.com\/pl\/wp-json\/wp\/v2\/types\/post"}],"author":[{"embeddable":true,"href":"https:\/\/favorite-news.com\/pl\/wp-json\/wp\/v2\/users\/2"}],"replies":[{"embeddable":true,"href":"https:\/\/favorite-news.com\/pl\/wp-json\/wp\/v2\/comments?post=3258"}],"version-history":[{"count":1,"href":"https:\/\/favorite-news.com\/pl\/wp-json\/wp\/v2\/posts\/3258\/revisions"}],"predecessor-version":[{"id":3260,"href":"https:\/\/favorite-news.com\/pl\/wp-json\/wp\/v2\/posts\/3258\/revisions\/3260"}],"wp:featuredmedia":[{"embeddable":true,"href":"https:\/\/favorite-news.com\/pl\/wp-json\/wp\/v2\/media\/3259"}],"wp:attachment":[{"href":"https:\/\/favorite-news.com\/pl\/wp-json\/wp\/v2\/media?parent=3258"}],"wp:term":[{"taxonomy":"category","embeddable":true,"href":"https:\/\/favorite-news.com\/pl\/wp-json\/wp\/v2\/categories?post=3258"},{"taxonomy":"post_tag","embeddable":true,"href":"https:\/\/favorite-news.com\/pl\/wp-json\/wp\/v2\/tags?post=3258"}],"curies":[{"name":"wp","href":"https:\/\/api.w.org\/{rel}","templated":true}]}}