{"id":3240,"date":"2019-08-05T22:57:40","date_gmt":"2019-08-05T19:57:40","guid":{"rendered":"https:\/\/favorite-news.com\/pl\/w-reklamach-szkolny-sen-wideo\/"},"modified":"2019-08-05T22:57:44","modified_gmt":"2019-08-05T19:57:44","slug":"w-reklamach-szkolny-sen-wideo","status":"publish","type":"post","link":"https:\/\/favorite-news.com\/pl\/w-reklamach-szkolny-sen-wideo\/","title":{"rendered":"w reklamach szkolny sen (wideo)"},"content":{"rendered":"<p> [ad_1]<br \/>\n<\/p>\n<div id=\"\">\n<p>Nowa kolekcja odzie\u017cy House obejmuje szeroki asortyment kurtek-bejsbol\u00f3wek (zar\u00f3wno w wydaniu damskim i m\u0119skim), koszulek z college\u2019owymi nadrukami, kardigan\u00f3w, bomberek i p\u0142aszczy. W\u015br\u00f3d wzor\u00f3w przewa\u017ca krata w r\u00f3\u017cnych ods\u0142onach, natomiast w\u015br\u00f3d kolor\u00f3w &#8211; ciemna ziele\u0144, bordo oraz be\u017ce i kremy. Dodatkowo w kolekcji s\u0105 bluzy z herbami dom\u00f3w, szaliki, skarpety, a tak\u017ce pi\u017camy i plecaki z elementami nawi\u0105zuj\u0105cymi do \u015bwiata ksi\u0105\u017cek i film\u00f3w o Harrym Potterze.<\/p>\n<p>&#13;<br \/>\n&#13;<\/p>\n<p>W kampanii wyst\u0119puje troje nastoletnich modeli: Aleksandra i Weronika Ka\u017amierczak oraz Marcin Setlak. Reklamy z ich udzia\u0142em nakr\u0119cono w zabytkowych krakowskich budynkach Akademii Sztuk Pi\u0119knych oraz w Polskiej Akademii Umiej\u0119tno\u015bci<\/p>\n<p>&#13;<br \/>\n&#13;<\/p>\n<p><iframe loading=\"lazy\" allowfullscreen=\"\" frameborder=\"0\" height=\"360\" src=\"https:\/\/tv.wirtualnemedia.pl\/embed\/szkolny-sen-w-kampanii-house?width=640&amp;height=360\" width=\"640\"><\/iframe>\u00a0<\/p>\n<p>&#13;<br \/>\n&#13;<\/p>\n<p>Akcja reklamowa jest prowadzona w internecie, obejmuje m.in. serwis marki House oraz jej profile na Facebooku, Instagramie i YouTubie. Potrwa do 15 sierpnia.<\/p>\n<p>&#13;<br \/>\n&#13;<\/p>\n<p><img decoding=\"async\" alt=\"\" class=\"showbig\" src=\"https:\/\/favorite-news.com\/pl\/wp-content\/uploads\/sites\/6\/2019\/08\/1565035060_94_w-reklamach-szkolny-sen-wideo.jpg\" style=\"width: 655px; height: 437px;\"\/><\/p>\n<p>&#13;<br \/>\n&#13;<\/p>\n<p>Za przygotowanie i realizacj\u0119 kampanii we w\u0142asnym zakresie odpowiada LPP. Fotografie wykona\u0142a Helena Bromboszcz.<\/p>\n<p>&#13;<br \/>\n&#13;<\/p>\n<p><img decoding=\"async\" alt=\"\" class=\"showbig\" src=\"https:\/\/favorite-news.com\/pl\/wp-content\/uploads\/sites\/6\/2019\/08\/1565035060_810_w-reklamach-szkolny-sen-wideo.jpg\" style=\"width: 655px; height: 437px;\"\/><\/p>\n<p>&#13;<br \/>\n&#13;<\/p>\n<p><img decoding=\"async\" alt=\"\" src=\"https:\/\/favorite-news.com\/pl\/wp-content\/uploads\/sites\/6\/2019\/08\/1565035060_907_w-reklamach-szkolny-sen-wideo.jpg\" style=\"width: 655px; height: 983px;\"\/><\/p>\n<p>&#13;<br \/>\n                            &#13;<br \/>\n&#13;<br \/>\n                            &#13;<br \/>\n&#13;<br \/>\n&#13;<br \/>\n&#13;<br \/>\n&#13;<br \/>\n&#13;<br \/>\n                            &#13;<br \/>\n                                                            &#13;<br \/>\n&#13;<br \/>\n                            &#13;\n                        <\/p><\/div>\n<p><script>(function (d, s, id) {\n        var js, fjs = d.getElementsByTagName(s)[0];\n        if (d.getElementById(id)) return;\n        js = d.createElement(s);\n        js.id = id;\n        js.src = \"http:\/\/connect.facebook.net\/pl_PL\/sdk.js#xfbml=1&version=v2.6&appId=297996717062470\";\n        fjs.parentNode.insertBefore(js, fjs);\n    }(document, 'script', 'facebook-jssdk'));<\/script><br \/>\n<br \/>[ad_2]<br \/>\n<br \/><a href=\"https:\/\/www.wirtualnemedia.pl\/artykul\/house-kolekcja-harry-potter-szkola-2019-w-reklamach-szkolny-sen-wideo\">Source link <\/a><\/p>\n","protected":false},"excerpt":{"rendered":"<p>[ad_1] Nowa kolekcja odzie\u017cy House obejmuje szeroki asortyment kurtek-bejsbol\u00f3wek (zar\u00f3wno w wydaniu damskim i m\u0119skim), koszulek z college\u2019owymi nadrukami, kardigan\u00f3w, bomberek i p\u0142aszczy. W\u015br\u00f3d wzor\u00f3w przewa\u017ca krata w r\u00f3\u017cnych ods\u0142onach, natomiast w\u015br\u00f3d kolor\u00f3w &#8211; ciemna ziele\u0144, bordo oraz be\u017ce i kremy. Dodatkowo w kolekcji s\u0105 bluzy z herbami dom\u00f3w, szaliki, skarpety, a tak\u017ce pi\u017camy i [&hellip;]<\/p>\n","protected":false},"author":2,"featured_media":3241,"comment_status":"open","ping_status":"open","sticky":false,"template":"","format":"standard","meta":{"footnotes":""},"categories":[2],"tags":[],"class_list":["post-3240","post","type-post","status-publish","format-standard","has-post-thumbnail","hentry","category-wiadomosci-marketingowe-internetowe"],"yoast_head":"<!-- This site is optimized with the Yoast SEO plugin v27.4 - https:\/\/yoast.com\/product\/yoast-seo-wordpress\/ -->\n<title>w reklamach szkolny sen (wideo) - Favorite News<\/title>\n<meta name=\"robots\" content=\"index, follow, max-snippet:-1, max-image-preview:large, max-video-preview:-1\" \/>\n<link rel=\"canonical\" href=\"https:\/\/favorite-news.com\/pl\/w-reklamach-szkolny-sen-wideo\/\" \/>\n<meta property=\"og:locale\" content=\"pl_PL\" \/>\n<meta property=\"og:type\" content=\"article\" \/>\n<meta property=\"og:title\" content=\"w reklamach szkolny sen (wideo) - Favorite News\" \/>\n<meta property=\"og:description\" content=\"[ad_1] Nowa kolekcja odzie\u017cy House obejmuje szeroki asortyment kurtek-bejsbol\u00f3wek (zar\u00f3wno w wydaniu damskim i m\u0119skim), koszulek z college\u2019owymi nadrukami, kardigan\u00f3w, bomberek i p\u0142aszczy. W\u015br\u00f3d wzor\u00f3w przewa\u017ca krata w r\u00f3\u017cnych ods\u0142onach, natomiast w\u015br\u00f3d kolor\u00f3w &#8211; ciemna ziele\u0144, bordo oraz be\u017ce i kremy. Dodatkowo w kolekcji s\u0105 bluzy z herbami dom\u00f3w, szaliki, skarpety, a tak\u017ce pi\u017camy i [&hellip;]\" \/>\n<meta property=\"og:url\" content=\"https:\/\/favorite-news.com\/pl\/w-reklamach-szkolny-sen-wideo\/\" \/>\n<meta property=\"og:site_name\" content=\"Favorite News\" \/>\n<meta property=\"article:published_time\" content=\"2019-08-05T19:57:40+00:00\" \/>\n<meta property=\"article:modified_time\" content=\"2019-08-05T19:57:44+00:00\" \/>\n<meta property=\"og:image\" content=\"https:\/\/favorite-news.com\/pl\/wp-content\/uploads\/sites\/6\/2019\/08\/w-reklamach-szkolny-sen-wideo.jpg\" \/>\n\t<meta property=\"og:image:width\" content=\"1620\" \/>\n\t<meta property=\"og:image:height\" content=\"1080\" \/>\n\t<meta property=\"og:image:type\" content=\"image\/jpeg\" \/>\n<meta name=\"author\" content=\"favorite-news\" \/>\n<meta name=\"twitter:card\" content=\"summary_large_image\" \/>\n<meta name=\"twitter:label1\" content=\"Napisane przez\" \/>\n\t<meta name=\"twitter:data1\" content=\"favorite-news\" \/>\n\t<meta name=\"twitter:label2\" content=\"Szacowany czas czytania\" \/>\n\t<meta name=\"twitter:data2\" content=\"1 minuta\" \/>\n<script type=\"application\/ld+json\" class=\"yoast-schema-graph\">{\"@context\":\"https:\\\/\\\/schema.org\",\"@graph\":[{\"@type\":\"Article\",\"@id\":\"https:\\\/\\\/favorite-news.com\\\/pl\\\/w-reklamach-szkolny-sen-wideo\\\/#article\",\"isPartOf\":{\"@id\":\"https:\\\/\\\/favorite-news.com\\\/pl\\\/w-reklamach-szkolny-sen-wideo\\\/\"},\"author\":{\"name\":\"favorite-news\",\"@id\":\"https:\\\/\\\/favorite-news.com\\\/pl\\\/#\\\/schema\\\/person\\\/b91573b717dcfa5e4696032a9d28d3e8\"},\"headline\":\"w reklamach szkolny sen (wideo)\",\"datePublished\":\"2019-08-05T19:57:40+00:00\",\"dateModified\":\"2019-08-05T19:57:44+00:00\",\"mainEntityOfPage\":{\"@id\":\"https:\\\/\\\/favorite-news.com\\\/pl\\\/w-reklamach-szkolny-sen-wideo\\\/\"},\"wordCount\":175,\"commentCount\":0,\"image\":{\"@id\":\"https:\\\/\\\/favorite-news.com\\\/pl\\\/w-reklamach-szkolny-sen-wideo\\\/#primaryimage\"},\"thumbnailUrl\":\"https:\\\/\\\/favorite-news.com\\\/pl\\\/wp-content\\\/uploads\\\/sites\\\/6\\\/2019\\\/08\\\/w-reklamach-szkolny-sen-wideo.jpg\",\"articleSection\":[\"WIADOMO\u015aCI MARKETINGOWE INTERNETOWE\"],\"inLanguage\":\"pl-PL\",\"potentialAction\":[{\"@type\":\"CommentAction\",\"name\":\"Comment\",\"target\":[\"https:\\\/\\\/favorite-news.com\\\/pl\\\/w-reklamach-szkolny-sen-wideo\\\/#respond\"]}]},{\"@type\":\"WebPage\",\"@id\":\"https:\\\/\\\/favorite-news.com\\\/pl\\\/w-reklamach-szkolny-sen-wideo\\\/\",\"url\":\"https:\\\/\\\/favorite-news.com\\\/pl\\\/w-reklamach-szkolny-sen-wideo\\\/\",\"name\":\"w reklamach szkolny sen (wideo) - Favorite News\",\"isPartOf\":{\"@id\":\"https:\\\/\\\/favorite-news.com\\\/pl\\\/#website\"},\"primaryImageOfPage\":{\"@id\":\"https:\\\/\\\/favorite-news.com\\\/pl\\\/w-reklamach-szkolny-sen-wideo\\\/#primaryimage\"},\"image\":{\"@id\":\"https:\\\/\\\/favorite-news.com\\\/pl\\\/w-reklamach-szkolny-sen-wideo\\\/#primaryimage\"},\"thumbnailUrl\":\"https:\\\/\\\/favorite-news.com\\\/pl\\\/wp-content\\\/uploads\\\/sites\\\/6\\\/2019\\\/08\\\/w-reklamach-szkolny-sen-wideo.jpg\",\"datePublished\":\"2019-08-05T19:57:40+00:00\",\"dateModified\":\"2019-08-05T19:57:44+00:00\",\"author\":{\"@id\":\"https:\\\/\\\/favorite-news.com\\\/pl\\\/#\\\/schema\\\/person\\\/b91573b717dcfa5e4696032a9d28d3e8\"},\"breadcrumb\":{\"@id\":\"https:\\\/\\\/favorite-news.com\\\/pl\\\/w-reklamach-szkolny-sen-wideo\\\/#breadcrumb\"},\"inLanguage\":\"pl-PL\",\"potentialAction\":[{\"@type\":\"ReadAction\",\"target\":[\"https:\\\/\\\/favorite-news.com\\\/pl\\\/w-reklamach-szkolny-sen-wideo\\\/\"]}]},{\"@type\":\"ImageObject\",\"inLanguage\":\"pl-PL\",\"@id\":\"https:\\\/\\\/favorite-news.com\\\/pl\\\/w-reklamach-szkolny-sen-wideo\\\/#primaryimage\",\"url\":\"https:\\\/\\\/favorite-news.com\\\/pl\\\/wp-content\\\/uploads\\\/sites\\\/6\\\/2019\\\/08\\\/w-reklamach-szkolny-sen-wideo.jpg\",\"contentUrl\":\"https:\\\/\\\/favorite-news.com\\\/pl\\\/wp-content\\\/uploads\\\/sites\\\/6\\\/2019\\\/08\\\/w-reklamach-szkolny-sen-wideo.jpg\",\"width\":1620,\"height\":1080,\"caption\":\"w reklamach szkolny sen (wideo)\"},{\"@type\":\"BreadcrumbList\",\"@id\":\"https:\\\/\\\/favorite-news.com\\\/pl\\\/w-reklamach-szkolny-sen-wideo\\\/#breadcrumb\",\"itemListElement\":[{\"@type\":\"ListItem\",\"position\":1,\"name\":\"Home\",\"item\":\"https:\\\/\\\/favorite-news.com\\\/pl\\\/\"},{\"@type\":\"ListItem\",\"position\":2,\"name\":\"w reklamach szkolny sen (wideo)\"}]},{\"@type\":\"WebSite\",\"@id\":\"https:\\\/\\\/favorite-news.com\\\/pl\\\/#website\",\"url\":\"https:\\\/\\\/favorite-news.com\\\/pl\\\/\",\"name\":\"Favorite News\",\"description\":\"Favorite News Polska\",\"potentialAction\":[{\"@type\":\"SearchAction\",\"target\":{\"@type\":\"EntryPoint\",\"urlTemplate\":\"https:\\\/\\\/favorite-news.com\\\/pl\\\/?s={search_term_string}\"},\"query-input\":{\"@type\":\"PropertyValueSpecification\",\"valueRequired\":true,\"valueName\":\"search_term_string\"}}],\"inLanguage\":\"pl-PL\"},{\"@type\":\"Person\",\"@id\":\"https:\\\/\\\/favorite-news.com\\\/pl\\\/#\\\/schema\\\/person\\\/b91573b717dcfa5e4696032a9d28d3e8\",\"name\":\"favorite-news\",\"image\":{\"@type\":\"ImageObject\",\"inLanguage\":\"pl-PL\",\"@id\":\"https:\\\/\\\/secure.gravatar.com\\\/avatar\\\/6c5a5cb12b74e9d517ee91cf570335b7d16177f1977cc91db161adfa435945a7?s=96&d=mm&r=g\",\"url\":\"https:\\\/\\\/secure.gravatar.com\\\/avatar\\\/6c5a5cb12b74e9d517ee91cf570335b7d16177f1977cc91db161adfa435945a7?s=96&d=mm&r=g\",\"contentUrl\":\"https:\\\/\\\/secure.gravatar.com\\\/avatar\\\/6c5a5cb12b74e9d517ee91cf570335b7d16177f1977cc91db161adfa435945a7?s=96&d=mm&r=g\",\"caption\":\"favorite-news\"},\"url\":\"https:\\\/\\\/favorite-news.com\\\/pl\\\/author\\\/pt\\\/\"}]}<\/script>\n<!-- \/ Yoast SEO plugin. -->","yoast_head_json":{"title":"w reklamach szkolny sen (wideo) - Favorite News","robots":{"index":"index","follow":"follow","max-snippet":"max-snippet:-1","max-image-preview":"max-image-preview:large","max-video-preview":"max-video-preview:-1"},"canonical":"https:\/\/favorite-news.com\/pl\/w-reklamach-szkolny-sen-wideo\/","og_locale":"pl_PL","og_type":"article","og_title":"w reklamach szkolny sen (wideo) - Favorite News","og_description":"[ad_1] Nowa kolekcja odzie\u017cy House obejmuje szeroki asortyment kurtek-bejsbol\u00f3wek (zar\u00f3wno w wydaniu damskim i m\u0119skim), koszulek z college\u2019owymi nadrukami, kardigan\u00f3w, bomberek i p\u0142aszczy. W\u015br\u00f3d wzor\u00f3w przewa\u017ca krata w r\u00f3\u017cnych ods\u0142onach, natomiast w\u015br\u00f3d kolor\u00f3w &#8211; ciemna ziele\u0144, bordo oraz be\u017ce i kremy. Dodatkowo w kolekcji s\u0105 bluzy z herbami dom\u00f3w, szaliki, skarpety, a tak\u017ce pi\u017camy i [&hellip;]","og_url":"https:\/\/favorite-news.com\/pl\/w-reklamach-szkolny-sen-wideo\/","og_site_name":"Favorite News","article_published_time":"2019-08-05T19:57:40+00:00","article_modified_time":"2019-08-05T19:57:44+00:00","og_image":[{"width":1620,"height":1080,"url":"https:\/\/favorite-news.com\/pl\/wp-content\/uploads\/sites\/6\/2019\/08\/w-reklamach-szkolny-sen-wideo.jpg","type":"image\/jpeg"}],"author":"favorite-news","twitter_card":"summary_large_image","twitter_misc":{"Napisane przez":"favorite-news","Szacowany czas czytania":"1 minuta"},"schema":{"@context":"https:\/\/schema.org","@graph":[{"@type":"Article","@id":"https:\/\/favorite-news.com\/pl\/w-reklamach-szkolny-sen-wideo\/#article","isPartOf":{"@id":"https:\/\/favorite-news.com\/pl\/w-reklamach-szkolny-sen-wideo\/"},"author":{"name":"favorite-news","@id":"https:\/\/favorite-news.com\/pl\/#\/schema\/person\/b91573b717dcfa5e4696032a9d28d3e8"},"headline":"w reklamach szkolny sen (wideo)","datePublished":"2019-08-05T19:57:40+00:00","dateModified":"2019-08-05T19:57:44+00:00","mainEntityOfPage":{"@id":"https:\/\/favorite-news.com\/pl\/w-reklamach-szkolny-sen-wideo\/"},"wordCount":175,"commentCount":0,"image":{"@id":"https:\/\/favorite-news.com\/pl\/w-reklamach-szkolny-sen-wideo\/#primaryimage"},"thumbnailUrl":"https:\/\/favorite-news.com\/pl\/wp-content\/uploads\/sites\/6\/2019\/08\/w-reklamach-szkolny-sen-wideo.jpg","articleSection":["WIADOMO\u015aCI MARKETINGOWE INTERNETOWE"],"inLanguage":"pl-PL","potentialAction":[{"@type":"CommentAction","name":"Comment","target":["https:\/\/favorite-news.com\/pl\/w-reklamach-szkolny-sen-wideo\/#respond"]}]},{"@type":"WebPage","@id":"https:\/\/favorite-news.com\/pl\/w-reklamach-szkolny-sen-wideo\/","url":"https:\/\/favorite-news.com\/pl\/w-reklamach-szkolny-sen-wideo\/","name":"w reklamach szkolny sen (wideo) - Favorite News","isPartOf":{"@id":"https:\/\/favorite-news.com\/pl\/#website"},"primaryImageOfPage":{"@id":"https:\/\/favorite-news.com\/pl\/w-reklamach-szkolny-sen-wideo\/#primaryimage"},"image":{"@id":"https:\/\/favorite-news.com\/pl\/w-reklamach-szkolny-sen-wideo\/#primaryimage"},"thumbnailUrl":"https:\/\/favorite-news.com\/pl\/wp-content\/uploads\/sites\/6\/2019\/08\/w-reklamach-szkolny-sen-wideo.jpg","datePublished":"2019-08-05T19:57:40+00:00","dateModified":"2019-08-05T19:57:44+00:00","author":{"@id":"https:\/\/favorite-news.com\/pl\/#\/schema\/person\/b91573b717dcfa5e4696032a9d28d3e8"},"breadcrumb":{"@id":"https:\/\/favorite-news.com\/pl\/w-reklamach-szkolny-sen-wideo\/#breadcrumb"},"inLanguage":"pl-PL","potentialAction":[{"@type":"ReadAction","target":["https:\/\/favorite-news.com\/pl\/w-reklamach-szkolny-sen-wideo\/"]}]},{"@type":"ImageObject","inLanguage":"pl-PL","@id":"https:\/\/favorite-news.com\/pl\/w-reklamach-szkolny-sen-wideo\/#primaryimage","url":"https:\/\/favorite-news.com\/pl\/wp-content\/uploads\/sites\/6\/2019\/08\/w-reklamach-szkolny-sen-wideo.jpg","contentUrl":"https:\/\/favorite-news.com\/pl\/wp-content\/uploads\/sites\/6\/2019\/08\/w-reklamach-szkolny-sen-wideo.jpg","width":1620,"height":1080,"caption":"w reklamach szkolny sen (wideo)"},{"@type":"BreadcrumbList","@id":"https:\/\/favorite-news.com\/pl\/w-reklamach-szkolny-sen-wideo\/#breadcrumb","itemListElement":[{"@type":"ListItem","position":1,"name":"Home","item":"https:\/\/favorite-news.com\/pl\/"},{"@type":"ListItem","position":2,"name":"w reklamach szkolny sen (wideo)"}]},{"@type":"WebSite","@id":"https:\/\/favorite-news.com\/pl\/#website","url":"https:\/\/favorite-news.com\/pl\/","name":"Favorite News","description":"Favorite News Polska","potentialAction":[{"@type":"SearchAction","target":{"@type":"EntryPoint","urlTemplate":"https:\/\/favorite-news.com\/pl\/?s={search_term_string}"},"query-input":{"@type":"PropertyValueSpecification","valueRequired":true,"valueName":"search_term_string"}}],"inLanguage":"pl-PL"},{"@type":"Person","@id":"https:\/\/favorite-news.com\/pl\/#\/schema\/person\/b91573b717dcfa5e4696032a9d28d3e8","name":"favorite-news","image":{"@type":"ImageObject","inLanguage":"pl-PL","@id":"https:\/\/secure.gravatar.com\/avatar\/6c5a5cb12b74e9d517ee91cf570335b7d16177f1977cc91db161adfa435945a7?s=96&d=mm&r=g","url":"https:\/\/secure.gravatar.com\/avatar\/6c5a5cb12b74e9d517ee91cf570335b7d16177f1977cc91db161adfa435945a7?s=96&d=mm&r=g","contentUrl":"https:\/\/secure.gravatar.com\/avatar\/6c5a5cb12b74e9d517ee91cf570335b7d16177f1977cc91db161adfa435945a7?s=96&d=mm&r=g","caption":"favorite-news"},"url":"https:\/\/favorite-news.com\/pl\/author\/pt\/"}]}},"_links":{"self":[{"href":"https:\/\/favorite-news.com\/pl\/wp-json\/wp\/v2\/posts\/3240","targetHints":{"allow":["GET"]}}],"collection":[{"href":"https:\/\/favorite-news.com\/pl\/wp-json\/wp\/v2\/posts"}],"about":[{"href":"https:\/\/favorite-news.com\/pl\/wp-json\/wp\/v2\/types\/post"}],"author":[{"embeddable":true,"href":"https:\/\/favorite-news.com\/pl\/wp-json\/wp\/v2\/users\/2"}],"replies":[{"embeddable":true,"href":"https:\/\/favorite-news.com\/pl\/wp-json\/wp\/v2\/comments?post=3240"}],"version-history":[{"count":1,"href":"https:\/\/favorite-news.com\/pl\/wp-json\/wp\/v2\/posts\/3240\/revisions"}],"predecessor-version":[{"id":3242,"href":"https:\/\/favorite-news.com\/pl\/wp-json\/wp\/v2\/posts\/3240\/revisions\/3242"}],"wp:featuredmedia":[{"embeddable":true,"href":"https:\/\/favorite-news.com\/pl\/wp-json\/wp\/v2\/media\/3241"}],"wp:attachment":[{"href":"https:\/\/favorite-news.com\/pl\/wp-json\/wp\/v2\/media?parent=3240"}],"wp:term":[{"taxonomy":"category","embeddable":true,"href":"https:\/\/favorite-news.com\/pl\/wp-json\/wp\/v2\/categories?post=3240"},{"taxonomy":"post_tag","embeddable":true,"href":"https:\/\/favorite-news.com\/pl\/wp-json\/wp\/v2\/tags?post=3240"}],"curies":[{"name":"wp","href":"https:\/\/api.w.org\/{rel}","templated":true}]}}