{"id":3233,"date":"2019-08-05T11:02:47","date_gmt":"2019-08-05T08:02:47","guid":{"rendered":"https:\/\/favorite-news.com\/pl\/piotr-kabaj-prezesem-spolki-z-grupy-ims\/"},"modified":"2019-08-05T11:02:48","modified_gmt":"2019-08-05T08:02:48","slug":"piotr-kabaj-prezesem-spolki-z-grupy-ims","status":"publish","type":"post","link":"https:\/\/favorite-news.com\/pl\/piotr-kabaj-prezesem-spolki-z-grupy-ims\/","title":{"rendered":"Piotr Kabaj prezesem sp\u00f3\u0142ki z Grupy IMS"},"content":{"rendered":"<p> [ad_1]<br \/>\n<\/p>\n<div id=\"\">\n<p>Do zada\u0144 Piotra Kabaja nale\u017cy rozw\u00f3j nowych kompetencji Grupy IMS, zwi\u0105zanych z produkcj\u0105 bibliotek muzycznych.<\/p>\n<p>&#13;<br \/>\n&#13;<\/p>\n<p>\u2013 Jestem w bran\u017cy muzycznej od 1990 roku. Od tego czasu z sukcesem rozwija\u0142em biznesy Pomatonu, EMI Music, Parlophone i Warner Music. Wyzwania, kt\u00f3re realizuje Grupa IMS i jej plany budowy organizacji na skal\u0119 mi\u0119dzynarodow\u0105, przekona\u0142y mnie do zainwestowania w ten projekt \u2013 powiedzia\u0142 Piotr Kabaj, nowy prezes zarz\u0105du VMS.<\/p>\n<p>&#13;<br \/>\n&#13;<\/p>\n<p>Kabaj od pocz\u0105tku kariery zawodowej zwi\u0105zany jest z bran\u017c\u0105 muzyczn\u0105. Przez ostatnich sze\u015b\u0107 lat by\u0142 prezesem zarz\u0105du i dyrektorem zarz\u0105dzaj\u0105cym Warner Music na Polsk\u0119 i Europ\u0119 Wschodni\u0105.<\/p>\n<p>&#13;<br \/>\n&#13;<\/p>\n<p>W 2013-2014 zaanga\u017cowany by\u0142 jako prezes zarz\u0105du i dyrektor zarz\u0105dzaj\u0105cy w Parlophone (Polska i Europa Centralna). Od 2004 do 2013 roku by\u0142 prezesem zarz\u0105du i dyrektorem zarz\u0105dzaj\u0105cym EMI Music na Polsk\u0119 i Europ\u0119 Centraln\u0105\/Wschodni\u0105. Karier\u0119 zawodow\u0105 zaczyna\u0142 jako szef wytw\u00f3rni p\u0142ytowej Pomaton.<\/p>\n<p>&#13;<br \/>\n&#13;<\/p>\n<p><span style=\"font-size:20px;\"><strong>Grupa IMS stawia na audiomarketing<\/strong><\/span><\/p>\n<p>&#13;<br \/>\n&#13;<\/p>\n<p>Grupa IMS chce by biblioteki muzyczne sta\u0142y si\u0119 wa\u017cn\u0105 cz\u0119\u015bci\u0105 przychod\u00f3w sp\u00f3\u0142ki. Maj\u0105 by\u0107 wykorzystywane komercyjnie w ramach kampanii reklamowych, w rozg\u0142o\u015bniach radiowych, w telewizji, a tak\u017ce na rzecz innych podmiot\u00f3w, zajmuj\u0105cych si\u0119 audiomarketingiem. Mog\u0105 r\u00f3wnie\u017c stanowi\u0107 d\u0142ugoterminowe \u017ar\u00f3d\u0142o przychod\u00f3w w postaci tantiem.<\/p>\n<p>&#13;<br \/>\n&#13;<\/p>\n<p>&#8211; Przyk\u0142adowo \u2013 do takich nowych interesuj\u0105cych obszar\u00f3w nale\u017cy sprzedawanie licencji baz muzycznych firmom o podobnym profilu dzia\u0142alno\u015bci jak IMS S.A. Op\u0142ata za wysokiej jako\u015bci muzyk\u0119 pobierana jest z ka\u017cdej lokalizacji takiej firmy i wynosi zazwyczaj kilka euro miesi\u0119cznie. Potencja\u0142 takich lokalizacji w Europie szacowa\u0107 nale\u017cy na kilkaset tysi\u0119cy. Innym interesuj\u0105cym obszarem jest wykorzystywanie baz muzycznych w bran\u017cy reklamowej, radiowej i telewizyjnej, czy przy produkcji gier komputerowych \u2013 powiedzia\u0142 Piotr Bielawski, wiceprezes zarz\u0105du sp\u00f3\u0142ki IMS.<\/p>\n<p>&#13;<br \/>\n&#13;<\/p>\n<p>Sp\u00f3\u0142ka zainwestowa\u0142a ju\u017c ponad milion z\u0142otych w rozw\u00f3j swojej biblioteki muzycznej, buduj\u0105c w\u0142asne studio nagraniowe.<\/p>\n<p>&#13;<br \/>\n&#13;<\/p>\n<p>Grupa IMS, zajmuj\u0105ca si\u0119 marketingiem sensorycznym, w 2018 roku wygenerowa\u0142a 52,7 mln z\u0142 sprzeda\u017cy (wzrost o oko\u0142o 18 proc. w por\u00f3wnaniu z 2017 rokiem), 12 mln z\u0142 zysku z dzia\u0142alno\u015bci operacyjnej (wzrost o oko\u0142o 21 proc. rdr) i 9,3 mln z\u0142 zysku netto (wzrost o oko\u0142o 18 proc. rdr.).<\/p>\n<p>&#13;<br \/>\n                            &#13;<br \/>\n&#13;<br \/>\n                            &#13;<br \/>\n&#13;<br \/>\n&#13;<br \/>\n&#13;<br \/>\n&#13;<br \/>\n&#13;<br \/>\n                            &#13;<br \/>\n                                                            &#13;<br \/>\n&#13;<br \/>\n                            &#13;\n                        <\/p><\/div>\n<p><script>(function (d, s, id) {\n        var js, fjs = d.getElementsByTagName(s)[0];\n        if (d.getElementById(id)) return;\n        js = d.createElement(s);\n        js.id = id;\n        js.src = \"http:\/\/connect.facebook.net\/pl_PL\/sdk.js#xfbml=1&version=v2.6&appId=297996717062470\";\n        fjs.parentNode.insertBefore(js, fjs);\n    }(document, 'script', 'facebook-jssdk'));<\/script><br \/>\n<br \/>[ad_2]<br \/>\n<br \/><a href=\"https:\/\/www.wirtualnemedia.pl\/artykul\/piotr-kabaj-prezesem-spolki-z-grupy-ims\">Source link <\/a><\/p>\n","protected":false},"excerpt":{"rendered":"<p>[ad_1] Do zada\u0144 Piotra Kabaja nale\u017cy rozw\u00f3j nowych kompetencji Grupy IMS, zwi\u0105zanych z produkcj\u0105 bibliotek muzycznych. &#13; &#13; \u2013 Jestem w bran\u017cy muzycznej od 1990 roku. Od tego czasu z sukcesem rozwija\u0142em biznesy Pomatonu, EMI Music, Parlophone i Warner Music. Wyzwania, kt\u00f3re realizuje Grupa IMS i jej plany budowy organizacji na skal\u0119 mi\u0119dzynarodow\u0105, przekona\u0142y mnie [&hellip;]<\/p>\n","protected":false},"author":2,"featured_media":3151,"comment_status":"open","ping_status":"open","sticky":false,"template":"","format":"standard","meta":{"footnotes":""},"categories":[2],"tags":[],"class_list":["post-3233","post","type-post","status-publish","format-standard","has-post-thumbnail","hentry","category-wiadomosci-marketingowe-internetowe"],"yoast_head":"<!-- This site is optimized with the Yoast SEO plugin v27.4 - https:\/\/yoast.com\/product\/yoast-seo-wordpress\/ -->\n<title>Piotr Kabaj prezesem sp\u00f3\u0142ki z Grupy IMS - Favorite News<\/title>\n<meta name=\"robots\" content=\"index, follow, max-snippet:-1, max-image-preview:large, max-video-preview:-1\" \/>\n<link rel=\"canonical\" href=\"https:\/\/favorite-news.com\/pl\/piotr-kabaj-prezesem-spolki-z-grupy-ims\/\" \/>\n<meta property=\"og:locale\" content=\"pl_PL\" \/>\n<meta property=\"og:type\" content=\"article\" \/>\n<meta property=\"og:title\" content=\"Piotr Kabaj prezesem sp\u00f3\u0142ki z Grupy IMS - Favorite News\" \/>\n<meta property=\"og:description\" content=\"[ad_1] Do zada\u0144 Piotra Kabaja nale\u017cy rozw\u00f3j nowych kompetencji Grupy IMS, zwi\u0105zanych z produkcj\u0105 bibliotek muzycznych. &#013; &#013; \u2013 Jestem w bran\u017cy muzycznej od 1990 roku. Od tego czasu z sukcesem rozwija\u0142em biznesy Pomatonu, EMI Music, Parlophone i Warner Music. Wyzwania, kt\u00f3re realizuje Grupa IMS i jej plany budowy organizacji na skal\u0119 mi\u0119dzynarodow\u0105, przekona\u0142y mnie [&hellip;]\" \/>\n<meta property=\"og:url\" content=\"https:\/\/favorite-news.com\/pl\/piotr-kabaj-prezesem-spolki-z-grupy-ims\/\" \/>\n<meta property=\"og:site_name\" content=\"Favorite News\" \/>\n<meta property=\"article:published_time\" content=\"2019-08-05T08:02:47+00:00\" \/>\n<meta property=\"article:modified_time\" content=\"2019-08-05T08:02:48+00:00\" \/>\n<meta property=\"og:image\" content=\"https:\/\/favorite-news.com\/pl\/wp-content\/uploads\/sites\/6\/2019\/08\/Piotr-Kabaj-prezzesem-sp\u00f3\u0142ki-z-Grupy-IMS.jpg\" \/>\n\t<meta property=\"og:image:width\" content=\"655\" \/>\n\t<meta property=\"og:image:height\" content=\"406\" \/>\n\t<meta property=\"og:image:type\" content=\"image\/jpeg\" \/>\n<meta name=\"author\" content=\"favorite-news\" \/>\n<meta name=\"twitter:card\" content=\"summary_large_image\" \/>\n<meta name=\"twitter:label1\" content=\"Napisane przez\" \/>\n\t<meta name=\"twitter:data1\" content=\"favorite-news\" \/>\n\t<meta name=\"twitter:label2\" content=\"Szacowany czas czytania\" \/>\n\t<meta name=\"twitter:data2\" content=\"2 minuty\" \/>\n<script type=\"application\/ld+json\" class=\"yoast-schema-graph\">{\"@context\":\"https:\\\/\\\/schema.org\",\"@graph\":[{\"@type\":\"Article\",\"@id\":\"https:\\\/\\\/favorite-news.com\\\/pl\\\/piotr-kabaj-prezesem-spolki-z-grupy-ims\\\/#article\",\"isPartOf\":{\"@id\":\"https:\\\/\\\/favorite-news.com\\\/pl\\\/piotr-kabaj-prezesem-spolki-z-grupy-ims\\\/\"},\"author\":{\"name\":\"favorite-news\",\"@id\":\"https:\\\/\\\/favorite-news.com\\\/pl\\\/#\\\/schema\\\/person\\\/b91573b717dcfa5e4696032a9d28d3e8\"},\"headline\":\"Piotr Kabaj prezesem sp\u00f3\u0142ki z Grupy IMS\",\"datePublished\":\"2019-08-05T08:02:47+00:00\",\"dateModified\":\"2019-08-05T08:02:48+00:00\",\"mainEntityOfPage\":{\"@id\":\"https:\\\/\\\/favorite-news.com\\\/pl\\\/piotr-kabaj-prezesem-spolki-z-grupy-ims\\\/\"},\"wordCount\":389,\"commentCount\":0,\"image\":{\"@id\":\"https:\\\/\\\/favorite-news.com\\\/pl\\\/piotr-kabaj-prezesem-spolki-z-grupy-ims\\\/#primaryimage\"},\"thumbnailUrl\":\"https:\\\/\\\/favorite-news.com\\\/pl\\\/wp-content\\\/uploads\\\/sites\\\/6\\\/2019\\\/08\\\/Piotr-Kabaj-prezzesem-sp\u00f3\u0142ki-z-Grupy-IMS.jpg\",\"articleSection\":[\"WIADOMO\u015aCI MARKETINGOWE INTERNETOWE\"],\"inLanguage\":\"pl-PL\",\"potentialAction\":[{\"@type\":\"CommentAction\",\"name\":\"Comment\",\"target\":[\"https:\\\/\\\/favorite-news.com\\\/pl\\\/piotr-kabaj-prezesem-spolki-z-grupy-ims\\\/#respond\"]}]},{\"@type\":\"WebPage\",\"@id\":\"https:\\\/\\\/favorite-news.com\\\/pl\\\/piotr-kabaj-prezesem-spolki-z-grupy-ims\\\/\",\"url\":\"https:\\\/\\\/favorite-news.com\\\/pl\\\/piotr-kabaj-prezesem-spolki-z-grupy-ims\\\/\",\"name\":\"Piotr Kabaj prezesem sp\u00f3\u0142ki z Grupy IMS - Favorite News\",\"isPartOf\":{\"@id\":\"https:\\\/\\\/favorite-news.com\\\/pl\\\/#website\"},\"primaryImageOfPage\":{\"@id\":\"https:\\\/\\\/favorite-news.com\\\/pl\\\/piotr-kabaj-prezesem-spolki-z-grupy-ims\\\/#primaryimage\"},\"image\":{\"@id\":\"https:\\\/\\\/favorite-news.com\\\/pl\\\/piotr-kabaj-prezesem-spolki-z-grupy-ims\\\/#primaryimage\"},\"thumbnailUrl\":\"https:\\\/\\\/favorite-news.com\\\/pl\\\/wp-content\\\/uploads\\\/sites\\\/6\\\/2019\\\/08\\\/Piotr-Kabaj-prezzesem-sp\u00f3\u0142ki-z-Grupy-IMS.jpg\",\"datePublished\":\"2019-08-05T08:02:47+00:00\",\"dateModified\":\"2019-08-05T08:02:48+00:00\",\"author\":{\"@id\":\"https:\\\/\\\/favorite-news.com\\\/pl\\\/#\\\/schema\\\/person\\\/b91573b717dcfa5e4696032a9d28d3e8\"},\"breadcrumb\":{\"@id\":\"https:\\\/\\\/favorite-news.com\\\/pl\\\/piotr-kabaj-prezesem-spolki-z-grupy-ims\\\/#breadcrumb\"},\"inLanguage\":\"pl-PL\",\"potentialAction\":[{\"@type\":\"ReadAction\",\"target\":[\"https:\\\/\\\/favorite-news.com\\\/pl\\\/piotr-kabaj-prezesem-spolki-z-grupy-ims\\\/\"]}]},{\"@type\":\"ImageObject\",\"inLanguage\":\"pl-PL\",\"@id\":\"https:\\\/\\\/favorite-news.com\\\/pl\\\/piotr-kabaj-prezesem-spolki-z-grupy-ims\\\/#primaryimage\",\"url\":\"https:\\\/\\\/favorite-news.com\\\/pl\\\/wp-content\\\/uploads\\\/sites\\\/6\\\/2019\\\/08\\\/Piotr-Kabaj-prezzesem-sp\u00f3\u0142ki-z-Grupy-IMS.jpg\",\"contentUrl\":\"https:\\\/\\\/favorite-news.com\\\/pl\\\/wp-content\\\/uploads\\\/sites\\\/6\\\/2019\\\/08\\\/Piotr-Kabaj-prezzesem-sp\u00f3\u0142ki-z-Grupy-IMS.jpg\",\"width\":655,\"height\":406,\"caption\":\"Article\"},{\"@type\":\"BreadcrumbList\",\"@id\":\"https:\\\/\\\/favorite-news.com\\\/pl\\\/piotr-kabaj-prezesem-spolki-z-grupy-ims\\\/#breadcrumb\",\"itemListElement\":[{\"@type\":\"ListItem\",\"position\":1,\"name\":\"Home\",\"item\":\"https:\\\/\\\/favorite-news.com\\\/pl\\\/\"},{\"@type\":\"ListItem\",\"position\":2,\"name\":\"Piotr Kabaj prezesem sp\u00f3\u0142ki z Grupy IMS\"}]},{\"@type\":\"WebSite\",\"@id\":\"https:\\\/\\\/favorite-news.com\\\/pl\\\/#website\",\"url\":\"https:\\\/\\\/favorite-news.com\\\/pl\\\/\",\"name\":\"Favorite News\",\"description\":\"Favorite News Polska\",\"potentialAction\":[{\"@type\":\"SearchAction\",\"target\":{\"@type\":\"EntryPoint\",\"urlTemplate\":\"https:\\\/\\\/favorite-news.com\\\/pl\\\/?s={search_term_string}\"},\"query-input\":{\"@type\":\"PropertyValueSpecification\",\"valueRequired\":true,\"valueName\":\"search_term_string\"}}],\"inLanguage\":\"pl-PL\"},{\"@type\":\"Person\",\"@id\":\"https:\\\/\\\/favorite-news.com\\\/pl\\\/#\\\/schema\\\/person\\\/b91573b717dcfa5e4696032a9d28d3e8\",\"name\":\"favorite-news\",\"image\":{\"@type\":\"ImageObject\",\"inLanguage\":\"pl-PL\",\"@id\":\"https:\\\/\\\/secure.gravatar.com\\\/avatar\\\/6c5a5cb12b74e9d517ee91cf570335b7d16177f1977cc91db161adfa435945a7?s=96&d=mm&r=g\",\"url\":\"https:\\\/\\\/secure.gravatar.com\\\/avatar\\\/6c5a5cb12b74e9d517ee91cf570335b7d16177f1977cc91db161adfa435945a7?s=96&d=mm&r=g\",\"contentUrl\":\"https:\\\/\\\/secure.gravatar.com\\\/avatar\\\/6c5a5cb12b74e9d517ee91cf570335b7d16177f1977cc91db161adfa435945a7?s=96&d=mm&r=g\",\"caption\":\"favorite-news\"},\"url\":\"https:\\\/\\\/favorite-news.com\\\/pl\\\/author\\\/pt\\\/\"}]}<\/script>\n<!-- \/ Yoast SEO plugin. -->","yoast_head_json":{"title":"Piotr Kabaj prezesem sp\u00f3\u0142ki z Grupy IMS - Favorite News","robots":{"index":"index","follow":"follow","max-snippet":"max-snippet:-1","max-image-preview":"max-image-preview:large","max-video-preview":"max-video-preview:-1"},"canonical":"https:\/\/favorite-news.com\/pl\/piotr-kabaj-prezesem-spolki-z-grupy-ims\/","og_locale":"pl_PL","og_type":"article","og_title":"Piotr Kabaj prezesem sp\u00f3\u0142ki z Grupy IMS - Favorite News","og_description":"[ad_1] Do zada\u0144 Piotra Kabaja nale\u017cy rozw\u00f3j nowych kompetencji Grupy IMS, zwi\u0105zanych z produkcj\u0105 bibliotek muzycznych. &#13; &#13; \u2013 Jestem w bran\u017cy muzycznej od 1990 roku. Od tego czasu z sukcesem rozwija\u0142em biznesy Pomatonu, EMI Music, Parlophone i Warner Music. Wyzwania, kt\u00f3re realizuje Grupa IMS i jej plany budowy organizacji na skal\u0119 mi\u0119dzynarodow\u0105, przekona\u0142y mnie [&hellip;]","og_url":"https:\/\/favorite-news.com\/pl\/piotr-kabaj-prezesem-spolki-z-grupy-ims\/","og_site_name":"Favorite News","article_published_time":"2019-08-05T08:02:47+00:00","article_modified_time":"2019-08-05T08:02:48+00:00","og_image":[{"width":655,"height":406,"url":"https:\/\/favorite-news.com\/pl\/wp-content\/uploads\/sites\/6\/2019\/08\/Piotr-Kabaj-prezzesem-sp\u00f3\u0142ki-z-Grupy-IMS.jpg","type":"image\/jpeg"}],"author":"favorite-news","twitter_card":"summary_large_image","twitter_misc":{"Napisane przez":"favorite-news","Szacowany czas czytania":"2 minuty"},"schema":{"@context":"https:\/\/schema.org","@graph":[{"@type":"Article","@id":"https:\/\/favorite-news.com\/pl\/piotr-kabaj-prezesem-spolki-z-grupy-ims\/#article","isPartOf":{"@id":"https:\/\/favorite-news.com\/pl\/piotr-kabaj-prezesem-spolki-z-grupy-ims\/"},"author":{"name":"favorite-news","@id":"https:\/\/favorite-news.com\/pl\/#\/schema\/person\/b91573b717dcfa5e4696032a9d28d3e8"},"headline":"Piotr Kabaj prezesem sp\u00f3\u0142ki z Grupy IMS","datePublished":"2019-08-05T08:02:47+00:00","dateModified":"2019-08-05T08:02:48+00:00","mainEntityOfPage":{"@id":"https:\/\/favorite-news.com\/pl\/piotr-kabaj-prezesem-spolki-z-grupy-ims\/"},"wordCount":389,"commentCount":0,"image":{"@id":"https:\/\/favorite-news.com\/pl\/piotr-kabaj-prezesem-spolki-z-grupy-ims\/#primaryimage"},"thumbnailUrl":"https:\/\/favorite-news.com\/pl\/wp-content\/uploads\/sites\/6\/2019\/08\/Piotr-Kabaj-prezzesem-sp\u00f3\u0142ki-z-Grupy-IMS.jpg","articleSection":["WIADOMO\u015aCI MARKETINGOWE INTERNETOWE"],"inLanguage":"pl-PL","potentialAction":[{"@type":"CommentAction","name":"Comment","target":["https:\/\/favorite-news.com\/pl\/piotr-kabaj-prezesem-spolki-z-grupy-ims\/#respond"]}]},{"@type":"WebPage","@id":"https:\/\/favorite-news.com\/pl\/piotr-kabaj-prezesem-spolki-z-grupy-ims\/","url":"https:\/\/favorite-news.com\/pl\/piotr-kabaj-prezesem-spolki-z-grupy-ims\/","name":"Piotr Kabaj prezesem sp\u00f3\u0142ki z Grupy IMS - Favorite News","isPartOf":{"@id":"https:\/\/favorite-news.com\/pl\/#website"},"primaryImageOfPage":{"@id":"https:\/\/favorite-news.com\/pl\/piotr-kabaj-prezesem-spolki-z-grupy-ims\/#primaryimage"},"image":{"@id":"https:\/\/favorite-news.com\/pl\/piotr-kabaj-prezesem-spolki-z-grupy-ims\/#primaryimage"},"thumbnailUrl":"https:\/\/favorite-news.com\/pl\/wp-content\/uploads\/sites\/6\/2019\/08\/Piotr-Kabaj-prezzesem-sp\u00f3\u0142ki-z-Grupy-IMS.jpg","datePublished":"2019-08-05T08:02:47+00:00","dateModified":"2019-08-05T08:02:48+00:00","author":{"@id":"https:\/\/favorite-news.com\/pl\/#\/schema\/person\/b91573b717dcfa5e4696032a9d28d3e8"},"breadcrumb":{"@id":"https:\/\/favorite-news.com\/pl\/piotr-kabaj-prezesem-spolki-z-grupy-ims\/#breadcrumb"},"inLanguage":"pl-PL","potentialAction":[{"@type":"ReadAction","target":["https:\/\/favorite-news.com\/pl\/piotr-kabaj-prezesem-spolki-z-grupy-ims\/"]}]},{"@type":"ImageObject","inLanguage":"pl-PL","@id":"https:\/\/favorite-news.com\/pl\/piotr-kabaj-prezesem-spolki-z-grupy-ims\/#primaryimage","url":"https:\/\/favorite-news.com\/pl\/wp-content\/uploads\/sites\/6\/2019\/08\/Piotr-Kabaj-prezzesem-sp\u00f3\u0142ki-z-Grupy-IMS.jpg","contentUrl":"https:\/\/favorite-news.com\/pl\/wp-content\/uploads\/sites\/6\/2019\/08\/Piotr-Kabaj-prezzesem-sp\u00f3\u0142ki-z-Grupy-IMS.jpg","width":655,"height":406,"caption":"Article"},{"@type":"BreadcrumbList","@id":"https:\/\/favorite-news.com\/pl\/piotr-kabaj-prezesem-spolki-z-grupy-ims\/#breadcrumb","itemListElement":[{"@type":"ListItem","position":1,"name":"Home","item":"https:\/\/favorite-news.com\/pl\/"},{"@type":"ListItem","position":2,"name":"Piotr Kabaj prezesem sp\u00f3\u0142ki z Grupy IMS"}]},{"@type":"WebSite","@id":"https:\/\/favorite-news.com\/pl\/#website","url":"https:\/\/favorite-news.com\/pl\/","name":"Favorite News","description":"Favorite News Polska","potentialAction":[{"@type":"SearchAction","target":{"@type":"EntryPoint","urlTemplate":"https:\/\/favorite-news.com\/pl\/?s={search_term_string}"},"query-input":{"@type":"PropertyValueSpecification","valueRequired":true,"valueName":"search_term_string"}}],"inLanguage":"pl-PL"},{"@type":"Person","@id":"https:\/\/favorite-news.com\/pl\/#\/schema\/person\/b91573b717dcfa5e4696032a9d28d3e8","name":"favorite-news","image":{"@type":"ImageObject","inLanguage":"pl-PL","@id":"https:\/\/secure.gravatar.com\/avatar\/6c5a5cb12b74e9d517ee91cf570335b7d16177f1977cc91db161adfa435945a7?s=96&d=mm&r=g","url":"https:\/\/secure.gravatar.com\/avatar\/6c5a5cb12b74e9d517ee91cf570335b7d16177f1977cc91db161adfa435945a7?s=96&d=mm&r=g","contentUrl":"https:\/\/secure.gravatar.com\/avatar\/6c5a5cb12b74e9d517ee91cf570335b7d16177f1977cc91db161adfa435945a7?s=96&d=mm&r=g","caption":"favorite-news"},"url":"https:\/\/favorite-news.com\/pl\/author\/pt\/"}]}},"_links":{"self":[{"href":"https:\/\/favorite-news.com\/pl\/wp-json\/wp\/v2\/posts\/3233","targetHints":{"allow":["GET"]}}],"collection":[{"href":"https:\/\/favorite-news.com\/pl\/wp-json\/wp\/v2\/posts"}],"about":[{"href":"https:\/\/favorite-news.com\/pl\/wp-json\/wp\/v2\/types\/post"}],"author":[{"embeddable":true,"href":"https:\/\/favorite-news.com\/pl\/wp-json\/wp\/v2\/users\/2"}],"replies":[{"embeddable":true,"href":"https:\/\/favorite-news.com\/pl\/wp-json\/wp\/v2\/comments?post=3233"}],"version-history":[{"count":1,"href":"https:\/\/favorite-news.com\/pl\/wp-json\/wp\/v2\/posts\/3233\/revisions"}],"predecessor-version":[{"id":3234,"href":"https:\/\/favorite-news.com\/pl\/wp-json\/wp\/v2\/posts\/3233\/revisions\/3234"}],"wp:featuredmedia":[{"embeddable":true,"href":"https:\/\/favorite-news.com\/pl\/wp-json\/wp\/v2\/media\/3151"}],"wp:attachment":[{"href":"https:\/\/favorite-news.com\/pl\/wp-json\/wp\/v2\/media?parent=3233"}],"wp:term":[{"taxonomy":"category","embeddable":true,"href":"https:\/\/favorite-news.com\/pl\/wp-json\/wp\/v2\/categories?post=3233"},{"taxonomy":"post_tag","embeddable":true,"href":"https:\/\/favorite-news.com\/pl\/wp-json\/wp\/v2\/tags?post=3233"}],"curies":[{"name":"wp","href":"https:\/\/api.w.org\/{rel}","templated":true}]}}