{"id":3222,"date":"2019-08-05T07:04:37","date_gmt":"2019-08-05T04:04:37","guid":{"rendered":"https:\/\/favorite-news.com\/pl\/zamiast-jednorazowych-siatek-woreczki-wielokrotnego-uzytku-w-lidlu\/"},"modified":"2019-08-05T07:04:39","modified_gmt":"2019-08-05T04:04:39","slug":"zamiast-jednorazowych-siatek-woreczki-wielokrotnego-uzytku-w-lidlu","status":"publish","type":"post","link":"https:\/\/favorite-news.com\/pl\/zamiast-jednorazowych-siatek-woreczki-wielokrotnego-uzytku-w-lidlu\/","title":{"rendered":"Zamiast jednorazowych siatek woreczki wielokrotnego u\u017cytku w Lidlu"},"content":{"rendered":"<p> [ad_1]<br \/>\n<\/p>\n<div id=\"\">\n<p>W 119 sklepach Lidl Dania zlikwidowano jednorazowe siatki, kt\u00f3re s\u0142u\u017cy\u0142y do pakowania warzyw i owoc\u00f3w. Zamiast tego pojawi\u0142y si\u0119 w ofercie takie, kt\u00f3re mo\u017cna u\u017cy\u0107 wiele razy. Po ich ubrudzeniu mo\u017cna je wypra\u0107 w pralce.<\/p>\n<p>&#13;<br \/>\n&#13;<\/p>\n<p>Wed\u0142ug szacunk\u00f3w firmy takie rozwi\u0105zanie ma zminimalizowa\u0107 u\u017cycie plastikowych siatek o oko\u0142o 20 proc. Lidl jest pierwsz\u0105 sieci\u0105 sklep\u00f3w, kt\u00f3ra zaproponowa\u0142a tak\u0105 ofert\u0119 swoim klientom.<\/p>\n<p>&#13;<br \/>\n&#13;<\/p>\n<p>Cz\u0119\u015b\u0107 \u015brodk\u00f3w ze sprzeda\u017cy work\u00f3w zostanie przeznaczona dla firmy Plastic Change, kt\u00f3rej celem jest wyeliminowanie lub ograniczenie tworzyw sztucznych z naszego \u015brodowiska.<\/p>\n<p>&#13;<br \/>\n&#13;<\/p>\n<p>Spytali\u015bmy biuro prasowe Lidl Polska czy wieloraz\u00f3wki trafi\u0105 r\u00f3wnie\u017c do rodzimych sklep\u00f3w. Czekamy na odpowied\u017a.<\/p>\n<p>&#13;<br \/>\n&#13;<\/p>\n<p>Niedawno pisali\u015bmy o tym, \u017ce Carrefour Polska wprowadzi\u0142 we wszystkich swoich sklepach w Polsce akcj\u0119, w ramach kt\u00f3rej zach\u0119ca klient\u00f3w, by po zakupy produkt\u00f3w na wag\u0119 oraz owoc\u00f3w i warzyw przychodzili z w\u0142asnymi opakowaniami wielorazowego u\u017cytku.<\/p>\n<p>&#13;<br \/>\n&#13;<\/p>\n<p><span style=\"font-size:20px;\"><strong>Wi\u0119cej ni\u017c po\u0142owa Polak\u00f3w uwa\u017ca kryzys klimatyczny za problem<\/strong><\/span><\/p>\n<p>&#13;<br \/>\n&#13;<\/p>\n<p>Na ca\u0142ym \u015bwiecie coraz g\u0142o\u015bniej m\u00f3wi si\u0119 o problemie zanieczyszczenia planety oraz potrzebie ograniczenia plastikowych s\u0142omek, sztu\u0107c\u00f3w czy kubeczk\u00f3w, kt\u00f3re zanieczyszczaj\u0105 nie tylko ziemie, ale przede wszystkim morza i oceany oraz szkodz\u0105 zwierz\u0119tom.<\/p>\n<p>&#13;<br \/>\n&#13;<\/p>\n<p>Z ostatniego raportu przygotowanego przez agencj\u0119 IQS wynika, \u017ce 79 proc. Polak\u00f3w czuje si\u0119 obarczona odpowiedzialno\u015bci\u0105 za \u015bmieci i koszty zwi\u0105zane z ich segregacj\u0105. Natomiast 53 proc. uwa\u017ca, \u017ce kryzys klimatyczny to ogromny problem.<\/p>\n<p>&#13;<br \/>\n                            &#13;<br \/>\n&#13;<br \/>\n                            &#13;<br \/>\n&#13;<br \/>\n&#13;<br \/>\n&#13;<br \/>\n&#13;<br \/>\n&#13;<br \/>\n                            &#13;<br \/>\n                                                            &#13;<br \/>\n&#13;<br \/>\n                            &#13;\n                        <\/p><\/div>\n<p><script>(function (d, s, id) {\n        var js, fjs = d.getElementsByTagName(s)[0];\n        if (d.getElementById(id)) return;\n        js = d.createElement(s);\n        js.id = id;\n        js.src = \"http:\/\/connect.facebook.net\/pl_PL\/sdk.js#xfbml=1&version=v2.6&appId=297996717062470\";\n        fjs.parentNode.insertBefore(js, fjs);\n    }(document, 'script', 'facebook-jssdk'));<\/script><br \/>\n<br \/>[ad_2]<br \/>\n<br \/><a href=\"https:\/\/www.wirtualnemedia.pl\/artykul\/zamiast-jednorazowych-siatek-woreczki-wielokrotnego-uzytku-w-lidlu\">Source link <\/a><\/p>\n","protected":false},"excerpt":{"rendered":"<p>[ad_1] W 119 sklepach Lidl Dania zlikwidowano jednorazowe siatki, kt\u00f3re s\u0142u\u017cy\u0142y do pakowania warzyw i owoc\u00f3w. Zamiast tego pojawi\u0142y si\u0119 w ofercie takie, kt\u00f3re mo\u017cna u\u017cy\u0107 wiele razy. Po ich ubrudzeniu mo\u017cna je wypra\u0107 w pralce. &#13; &#13; Wed\u0142ug szacunk\u00f3w firmy takie rozwi\u0105zanie ma zminimalizowa\u0107 u\u017cycie plastikowych siatek o oko\u0142o 20 proc. Lidl jest pierwsz\u0105 [&hellip;]<\/p>\n","protected":false},"author":2,"featured_media":3223,"comment_status":"open","ping_status":"open","sticky":false,"template":"","format":"standard","meta":{"footnotes":""},"categories":[2],"tags":[],"class_list":["post-3222","post","type-post","status-publish","format-standard","has-post-thumbnail","hentry","category-wiadomosci-marketingowe-internetowe"],"yoast_head":"<!-- This site is optimized with the Yoast SEO plugin v27.4 - https:\/\/yoast.com\/product\/yoast-seo-wordpress\/ -->\n<title>Zamiast jednorazowych siatek woreczki wielokrotnego u\u017cytku w Lidlu - Favorite News<\/title>\n<meta name=\"robots\" content=\"index, follow, max-snippet:-1, max-image-preview:large, max-video-preview:-1\" \/>\n<link rel=\"canonical\" href=\"https:\/\/favorite-news.com\/pl\/zamiast-jednorazowych-siatek-woreczki-wielokrotnego-uzytku-w-lidlu\/\" \/>\n<meta property=\"og:locale\" content=\"pl_PL\" \/>\n<meta property=\"og:type\" content=\"article\" \/>\n<meta property=\"og:title\" content=\"Zamiast jednorazowych siatek woreczki wielokrotnego u\u017cytku w Lidlu - Favorite News\" \/>\n<meta property=\"og:description\" content=\"[ad_1] W 119 sklepach Lidl Dania zlikwidowano jednorazowe siatki, kt\u00f3re s\u0142u\u017cy\u0142y do pakowania warzyw i owoc\u00f3w. Zamiast tego pojawi\u0142y si\u0119 w ofercie takie, kt\u00f3re mo\u017cna u\u017cy\u0107 wiele razy. Po ich ubrudzeniu mo\u017cna je wypra\u0107 w pralce. &#013; &#013; Wed\u0142ug szacunk\u00f3w firmy takie rozwi\u0105zanie ma zminimalizowa\u0107 u\u017cycie plastikowych siatek o oko\u0142o 20 proc. Lidl jest pierwsz\u0105 [&hellip;]\" \/>\n<meta property=\"og:url\" content=\"https:\/\/favorite-news.com\/pl\/zamiast-jednorazowych-siatek-woreczki-wielokrotnego-uzytku-w-lidlu\/\" \/>\n<meta property=\"og:site_name\" content=\"Favorite News\" \/>\n<meta property=\"article:published_time\" content=\"2019-08-05T04:04:37+00:00\" \/>\n<meta property=\"article:modified_time\" content=\"2019-08-05T04:04:39+00:00\" \/>\n<meta property=\"og:image\" content=\"https:\/\/favorite-news.com\/pl\/wp-content\/uploads\/sites\/6\/2019\/08\/Zamiast-jednorazowych-siatek-woreczki-wielokrotnego-u\u017cytku-w-Lidlu.png\" \/>\n\t<meta property=\"og:image:width\" content=\"655\" \/>\n\t<meta property=\"og:image:height\" content=\"471\" \/>\n\t<meta property=\"og:image:type\" content=\"image\/png\" \/>\n<meta name=\"author\" content=\"favorite-news\" \/>\n<meta name=\"twitter:card\" content=\"summary_large_image\" \/>\n<meta name=\"twitter:label1\" content=\"Napisane przez\" \/>\n\t<meta name=\"twitter:data1\" content=\"favorite-news\" \/>\n\t<meta name=\"twitter:label2\" content=\"Szacowany czas czytania\" \/>\n\t<meta name=\"twitter:data2\" content=\"1 minuta\" \/>\n<script type=\"application\/ld+json\" class=\"yoast-schema-graph\">{\"@context\":\"https:\\\/\\\/schema.org\",\"@graph\":[{\"@type\":\"Article\",\"@id\":\"https:\\\/\\\/favorite-news.com\\\/pl\\\/zamiast-jednorazowych-siatek-woreczki-wielokrotnego-uzytku-w-lidlu\\\/#article\",\"isPartOf\":{\"@id\":\"https:\\\/\\\/favorite-news.com\\\/pl\\\/zamiast-jednorazowych-siatek-woreczki-wielokrotnego-uzytku-w-lidlu\\\/\"},\"author\":{\"name\":\"favorite-news\",\"@id\":\"https:\\\/\\\/favorite-news.com\\\/pl\\\/#\\\/schema\\\/person\\\/b91573b717dcfa5e4696032a9d28d3e8\"},\"headline\":\"Zamiast jednorazowych siatek woreczki wielokrotnego u\u017cytku w Lidlu\",\"datePublished\":\"2019-08-05T04:04:37+00:00\",\"dateModified\":\"2019-08-05T04:04:39+00:00\",\"mainEntityOfPage\":{\"@id\":\"https:\\\/\\\/favorite-news.com\\\/pl\\\/zamiast-jednorazowych-siatek-woreczki-wielokrotnego-uzytku-w-lidlu\\\/\"},\"wordCount\":270,\"commentCount\":0,\"image\":{\"@id\":\"https:\\\/\\\/favorite-news.com\\\/pl\\\/zamiast-jednorazowych-siatek-woreczki-wielokrotnego-uzytku-w-lidlu\\\/#primaryimage\"},\"thumbnailUrl\":\"https:\\\/\\\/favorite-news.com\\\/pl\\\/wp-content\\\/uploads\\\/sites\\\/6\\\/2019\\\/08\\\/Zamiast-jednorazowych-siatek-woreczki-wielokrotnego-u\u017cytku-w-Lidlu.png\",\"articleSection\":[\"WIADOMO\u015aCI MARKETINGOWE INTERNETOWE\"],\"inLanguage\":\"pl-PL\",\"potentialAction\":[{\"@type\":\"CommentAction\",\"name\":\"Comment\",\"target\":[\"https:\\\/\\\/favorite-news.com\\\/pl\\\/zamiast-jednorazowych-siatek-woreczki-wielokrotnego-uzytku-w-lidlu\\\/#respond\"]}]},{\"@type\":\"WebPage\",\"@id\":\"https:\\\/\\\/favorite-news.com\\\/pl\\\/zamiast-jednorazowych-siatek-woreczki-wielokrotnego-uzytku-w-lidlu\\\/\",\"url\":\"https:\\\/\\\/favorite-news.com\\\/pl\\\/zamiast-jednorazowych-siatek-woreczki-wielokrotnego-uzytku-w-lidlu\\\/\",\"name\":\"Zamiast jednorazowych siatek woreczki wielokrotnego u\u017cytku w Lidlu - Favorite News\",\"isPartOf\":{\"@id\":\"https:\\\/\\\/favorite-news.com\\\/pl\\\/#website\"},\"primaryImageOfPage\":{\"@id\":\"https:\\\/\\\/favorite-news.com\\\/pl\\\/zamiast-jednorazowych-siatek-woreczki-wielokrotnego-uzytku-w-lidlu\\\/#primaryimage\"},\"image\":{\"@id\":\"https:\\\/\\\/favorite-news.com\\\/pl\\\/zamiast-jednorazowych-siatek-woreczki-wielokrotnego-uzytku-w-lidlu\\\/#primaryimage\"},\"thumbnailUrl\":\"https:\\\/\\\/favorite-news.com\\\/pl\\\/wp-content\\\/uploads\\\/sites\\\/6\\\/2019\\\/08\\\/Zamiast-jednorazowych-siatek-woreczki-wielokrotnego-u\u017cytku-w-Lidlu.png\",\"datePublished\":\"2019-08-05T04:04:37+00:00\",\"dateModified\":\"2019-08-05T04:04:39+00:00\",\"author\":{\"@id\":\"https:\\\/\\\/favorite-news.com\\\/pl\\\/#\\\/schema\\\/person\\\/b91573b717dcfa5e4696032a9d28d3e8\"},\"breadcrumb\":{\"@id\":\"https:\\\/\\\/favorite-news.com\\\/pl\\\/zamiast-jednorazowych-siatek-woreczki-wielokrotnego-uzytku-w-lidlu\\\/#breadcrumb\"},\"inLanguage\":\"pl-PL\",\"potentialAction\":[{\"@type\":\"ReadAction\",\"target\":[\"https:\\\/\\\/favorite-news.com\\\/pl\\\/zamiast-jednorazowych-siatek-woreczki-wielokrotnego-uzytku-w-lidlu\\\/\"]}]},{\"@type\":\"ImageObject\",\"inLanguage\":\"pl-PL\",\"@id\":\"https:\\\/\\\/favorite-news.com\\\/pl\\\/zamiast-jednorazowych-siatek-woreczki-wielokrotnego-uzytku-w-lidlu\\\/#primaryimage\",\"url\":\"https:\\\/\\\/favorite-news.com\\\/pl\\\/wp-content\\\/uploads\\\/sites\\\/6\\\/2019\\\/08\\\/Zamiast-jednorazowych-siatek-woreczki-wielokrotnego-u\u017cytku-w-Lidlu.png\",\"contentUrl\":\"https:\\\/\\\/favorite-news.com\\\/pl\\\/wp-content\\\/uploads\\\/sites\\\/6\\\/2019\\\/08\\\/Zamiast-jednorazowych-siatek-woreczki-wielokrotnego-u\u017cytku-w-Lidlu.png\",\"width\":655,\"height\":471,\"caption\":\"Article\"},{\"@type\":\"BreadcrumbList\",\"@id\":\"https:\\\/\\\/favorite-news.com\\\/pl\\\/zamiast-jednorazowych-siatek-woreczki-wielokrotnego-uzytku-w-lidlu\\\/#breadcrumb\",\"itemListElement\":[{\"@type\":\"ListItem\",\"position\":1,\"name\":\"Home\",\"item\":\"https:\\\/\\\/favorite-news.com\\\/pl\\\/\"},{\"@type\":\"ListItem\",\"position\":2,\"name\":\"Zamiast jednorazowych siatek woreczki wielokrotnego u\u017cytku w Lidlu\"}]},{\"@type\":\"WebSite\",\"@id\":\"https:\\\/\\\/favorite-news.com\\\/pl\\\/#website\",\"url\":\"https:\\\/\\\/favorite-news.com\\\/pl\\\/\",\"name\":\"Favorite News\",\"description\":\"Favorite News Polska\",\"potentialAction\":[{\"@type\":\"SearchAction\",\"target\":{\"@type\":\"EntryPoint\",\"urlTemplate\":\"https:\\\/\\\/favorite-news.com\\\/pl\\\/?s={search_term_string}\"},\"query-input\":{\"@type\":\"PropertyValueSpecification\",\"valueRequired\":true,\"valueName\":\"search_term_string\"}}],\"inLanguage\":\"pl-PL\"},{\"@type\":\"Person\",\"@id\":\"https:\\\/\\\/favorite-news.com\\\/pl\\\/#\\\/schema\\\/person\\\/b91573b717dcfa5e4696032a9d28d3e8\",\"name\":\"favorite-news\",\"image\":{\"@type\":\"ImageObject\",\"inLanguage\":\"pl-PL\",\"@id\":\"https:\\\/\\\/secure.gravatar.com\\\/avatar\\\/6c5a5cb12b74e9d517ee91cf570335b7d16177f1977cc91db161adfa435945a7?s=96&d=mm&r=g\",\"url\":\"https:\\\/\\\/secure.gravatar.com\\\/avatar\\\/6c5a5cb12b74e9d517ee91cf570335b7d16177f1977cc91db161adfa435945a7?s=96&d=mm&r=g\",\"contentUrl\":\"https:\\\/\\\/secure.gravatar.com\\\/avatar\\\/6c5a5cb12b74e9d517ee91cf570335b7d16177f1977cc91db161adfa435945a7?s=96&d=mm&r=g\",\"caption\":\"favorite-news\"},\"url\":\"https:\\\/\\\/favorite-news.com\\\/pl\\\/author\\\/pt\\\/\"}]}<\/script>\n<!-- \/ Yoast SEO plugin. -->","yoast_head_json":{"title":"Zamiast jednorazowych siatek woreczki wielokrotnego u\u017cytku w Lidlu - Favorite News","robots":{"index":"index","follow":"follow","max-snippet":"max-snippet:-1","max-image-preview":"max-image-preview:large","max-video-preview":"max-video-preview:-1"},"canonical":"https:\/\/favorite-news.com\/pl\/zamiast-jednorazowych-siatek-woreczki-wielokrotnego-uzytku-w-lidlu\/","og_locale":"pl_PL","og_type":"article","og_title":"Zamiast jednorazowych siatek woreczki wielokrotnego u\u017cytku w Lidlu - Favorite News","og_description":"[ad_1] W 119 sklepach Lidl Dania zlikwidowano jednorazowe siatki, kt\u00f3re s\u0142u\u017cy\u0142y do pakowania warzyw i owoc\u00f3w. Zamiast tego pojawi\u0142y si\u0119 w ofercie takie, kt\u00f3re mo\u017cna u\u017cy\u0107 wiele razy. Po ich ubrudzeniu mo\u017cna je wypra\u0107 w pralce. &#13; &#13; Wed\u0142ug szacunk\u00f3w firmy takie rozwi\u0105zanie ma zminimalizowa\u0107 u\u017cycie plastikowych siatek o oko\u0142o 20 proc. Lidl jest pierwsz\u0105 [&hellip;]","og_url":"https:\/\/favorite-news.com\/pl\/zamiast-jednorazowych-siatek-woreczki-wielokrotnego-uzytku-w-lidlu\/","og_site_name":"Favorite News","article_published_time":"2019-08-05T04:04:37+00:00","article_modified_time":"2019-08-05T04:04:39+00:00","og_image":[{"width":655,"height":471,"url":"https:\/\/favorite-news.com\/pl\/wp-content\/uploads\/sites\/6\/2019\/08\/Zamiast-jednorazowych-siatek-woreczki-wielokrotnego-u\u017cytku-w-Lidlu.png","type":"image\/png"}],"author":"favorite-news","twitter_card":"summary_large_image","twitter_misc":{"Napisane przez":"favorite-news","Szacowany czas czytania":"1 minuta"},"schema":{"@context":"https:\/\/schema.org","@graph":[{"@type":"Article","@id":"https:\/\/favorite-news.com\/pl\/zamiast-jednorazowych-siatek-woreczki-wielokrotnego-uzytku-w-lidlu\/#article","isPartOf":{"@id":"https:\/\/favorite-news.com\/pl\/zamiast-jednorazowych-siatek-woreczki-wielokrotnego-uzytku-w-lidlu\/"},"author":{"name":"favorite-news","@id":"https:\/\/favorite-news.com\/pl\/#\/schema\/person\/b91573b717dcfa5e4696032a9d28d3e8"},"headline":"Zamiast jednorazowych siatek woreczki wielokrotnego u\u017cytku w Lidlu","datePublished":"2019-08-05T04:04:37+00:00","dateModified":"2019-08-05T04:04:39+00:00","mainEntityOfPage":{"@id":"https:\/\/favorite-news.com\/pl\/zamiast-jednorazowych-siatek-woreczki-wielokrotnego-uzytku-w-lidlu\/"},"wordCount":270,"commentCount":0,"image":{"@id":"https:\/\/favorite-news.com\/pl\/zamiast-jednorazowych-siatek-woreczki-wielokrotnego-uzytku-w-lidlu\/#primaryimage"},"thumbnailUrl":"https:\/\/favorite-news.com\/pl\/wp-content\/uploads\/sites\/6\/2019\/08\/Zamiast-jednorazowych-siatek-woreczki-wielokrotnego-u\u017cytku-w-Lidlu.png","articleSection":["WIADOMO\u015aCI MARKETINGOWE INTERNETOWE"],"inLanguage":"pl-PL","potentialAction":[{"@type":"CommentAction","name":"Comment","target":["https:\/\/favorite-news.com\/pl\/zamiast-jednorazowych-siatek-woreczki-wielokrotnego-uzytku-w-lidlu\/#respond"]}]},{"@type":"WebPage","@id":"https:\/\/favorite-news.com\/pl\/zamiast-jednorazowych-siatek-woreczki-wielokrotnego-uzytku-w-lidlu\/","url":"https:\/\/favorite-news.com\/pl\/zamiast-jednorazowych-siatek-woreczki-wielokrotnego-uzytku-w-lidlu\/","name":"Zamiast jednorazowych siatek woreczki wielokrotnego u\u017cytku w Lidlu - Favorite News","isPartOf":{"@id":"https:\/\/favorite-news.com\/pl\/#website"},"primaryImageOfPage":{"@id":"https:\/\/favorite-news.com\/pl\/zamiast-jednorazowych-siatek-woreczki-wielokrotnego-uzytku-w-lidlu\/#primaryimage"},"image":{"@id":"https:\/\/favorite-news.com\/pl\/zamiast-jednorazowych-siatek-woreczki-wielokrotnego-uzytku-w-lidlu\/#primaryimage"},"thumbnailUrl":"https:\/\/favorite-news.com\/pl\/wp-content\/uploads\/sites\/6\/2019\/08\/Zamiast-jednorazowych-siatek-woreczki-wielokrotnego-u\u017cytku-w-Lidlu.png","datePublished":"2019-08-05T04:04:37+00:00","dateModified":"2019-08-05T04:04:39+00:00","author":{"@id":"https:\/\/favorite-news.com\/pl\/#\/schema\/person\/b91573b717dcfa5e4696032a9d28d3e8"},"breadcrumb":{"@id":"https:\/\/favorite-news.com\/pl\/zamiast-jednorazowych-siatek-woreczki-wielokrotnego-uzytku-w-lidlu\/#breadcrumb"},"inLanguage":"pl-PL","potentialAction":[{"@type":"ReadAction","target":["https:\/\/favorite-news.com\/pl\/zamiast-jednorazowych-siatek-woreczki-wielokrotnego-uzytku-w-lidlu\/"]}]},{"@type":"ImageObject","inLanguage":"pl-PL","@id":"https:\/\/favorite-news.com\/pl\/zamiast-jednorazowych-siatek-woreczki-wielokrotnego-uzytku-w-lidlu\/#primaryimage","url":"https:\/\/favorite-news.com\/pl\/wp-content\/uploads\/sites\/6\/2019\/08\/Zamiast-jednorazowych-siatek-woreczki-wielokrotnego-u\u017cytku-w-Lidlu.png","contentUrl":"https:\/\/favorite-news.com\/pl\/wp-content\/uploads\/sites\/6\/2019\/08\/Zamiast-jednorazowych-siatek-woreczki-wielokrotnego-u\u017cytku-w-Lidlu.png","width":655,"height":471,"caption":"Article"},{"@type":"BreadcrumbList","@id":"https:\/\/favorite-news.com\/pl\/zamiast-jednorazowych-siatek-woreczki-wielokrotnego-uzytku-w-lidlu\/#breadcrumb","itemListElement":[{"@type":"ListItem","position":1,"name":"Home","item":"https:\/\/favorite-news.com\/pl\/"},{"@type":"ListItem","position":2,"name":"Zamiast jednorazowych siatek woreczki wielokrotnego u\u017cytku w Lidlu"}]},{"@type":"WebSite","@id":"https:\/\/favorite-news.com\/pl\/#website","url":"https:\/\/favorite-news.com\/pl\/","name":"Favorite News","description":"Favorite News Polska","potentialAction":[{"@type":"SearchAction","target":{"@type":"EntryPoint","urlTemplate":"https:\/\/favorite-news.com\/pl\/?s={search_term_string}"},"query-input":{"@type":"PropertyValueSpecification","valueRequired":true,"valueName":"search_term_string"}}],"inLanguage":"pl-PL"},{"@type":"Person","@id":"https:\/\/favorite-news.com\/pl\/#\/schema\/person\/b91573b717dcfa5e4696032a9d28d3e8","name":"favorite-news","image":{"@type":"ImageObject","inLanguage":"pl-PL","@id":"https:\/\/secure.gravatar.com\/avatar\/6c5a5cb12b74e9d517ee91cf570335b7d16177f1977cc91db161adfa435945a7?s=96&d=mm&r=g","url":"https:\/\/secure.gravatar.com\/avatar\/6c5a5cb12b74e9d517ee91cf570335b7d16177f1977cc91db161adfa435945a7?s=96&d=mm&r=g","contentUrl":"https:\/\/secure.gravatar.com\/avatar\/6c5a5cb12b74e9d517ee91cf570335b7d16177f1977cc91db161adfa435945a7?s=96&d=mm&r=g","caption":"favorite-news"},"url":"https:\/\/favorite-news.com\/pl\/author\/pt\/"}]}},"_links":{"self":[{"href":"https:\/\/favorite-news.com\/pl\/wp-json\/wp\/v2\/posts\/3222","targetHints":{"allow":["GET"]}}],"collection":[{"href":"https:\/\/favorite-news.com\/pl\/wp-json\/wp\/v2\/posts"}],"about":[{"href":"https:\/\/favorite-news.com\/pl\/wp-json\/wp\/v2\/types\/post"}],"author":[{"embeddable":true,"href":"https:\/\/favorite-news.com\/pl\/wp-json\/wp\/v2\/users\/2"}],"replies":[{"embeddable":true,"href":"https:\/\/favorite-news.com\/pl\/wp-json\/wp\/v2\/comments?post=3222"}],"version-history":[{"count":1,"href":"https:\/\/favorite-news.com\/pl\/wp-json\/wp\/v2\/posts\/3222\/revisions"}],"predecessor-version":[{"id":3224,"href":"https:\/\/favorite-news.com\/pl\/wp-json\/wp\/v2\/posts\/3222\/revisions\/3224"}],"wp:featuredmedia":[{"embeddable":true,"href":"https:\/\/favorite-news.com\/pl\/wp-json\/wp\/v2\/media\/3223"}],"wp:attachment":[{"href":"https:\/\/favorite-news.com\/pl\/wp-json\/wp\/v2\/media?parent=3222"}],"wp:term":[{"taxonomy":"category","embeddable":true,"href":"https:\/\/favorite-news.com\/pl\/wp-json\/wp\/v2\/categories?post=3222"},{"taxonomy":"post_tag","embeddable":true,"href":"https:\/\/favorite-news.com\/pl\/wp-json\/wp\/v2\/tags?post=3222"}],"curies":[{"name":"wp","href":"https:\/\/api.w.org\/{rel}","templated":true}]}}