{"id":3213,"date":"2019-08-05T03:01:02","date_gmt":"2019-08-05T00:01:02","guid":{"rendered":"https:\/\/favorite-news.com\/pl\/ikea-chce-byc-ekspertem-od-snu-rusza-z-kampania-save-our-sleep-wideo\/"},"modified":"2019-08-05T03:01:04","modified_gmt":"2019-08-05T00:01:04","slug":"ikea-chce-byc-ekspertem-od-snu-rusza-z-kampania-save-our-sleep-wideo","status":"publish","type":"post","link":"https:\/\/favorite-news.com\/pl\/ikea-chce-byc-ekspertem-od-snu-rusza-z-kampania-save-our-sleep-wideo\/","title":{"rendered":"IKEA chce by\u0107 ekspertem od snu, rusz\u0105 z kampani\u0105 \u201eSave our sleep\u201d (wideo)"},"content":{"rendered":"<p> [ad_1]<br \/>\n<\/p>\n<div id=\"\">\n<p>Cztery filmy, kt\u00f3re powsta\u0142y na potrzeby kampanii, stworzone przez National Geographic z Wavemaker, pokazuj\u0105 r\u00f3\u017cnych ludzi i r\u00f3\u017cne sytuacje dotycz\u0105ce sny. \u00a0Pierwszy z nich , \u201eSmall Bed Battle\u201d, przedstawia par\u0119 os\u00f3b walcz\u0105cych o miejsce w swoim malutkim \u0142\u00f3\u017cku. Narrator w tle relacjonuje to tak, jakby by\u0142 to dokument. Problem zostaje rozwi\u0105zanym po tym, jak para idzie do IKEA i kupuje \u0142\u00f3\u017cko odpowiedniej wielko\u015bci.<\/p>\n<p>&#13;<br \/>\n&#13;<\/p>\n<p>Serial reklamowy b\u0119dzie emitowany na dedykowanej\u00a0mikrostronie National Geographic Bedroom Habitats\u00a0, na Instagramie i na Facebooku. Ich wsparciem b\u0119d\u0105 reklamy display.<\/p>\n<p>&#13;<br \/>\n&#13;<\/p>\n<p>Kampania ma r\u00f3wnie\u017c zwr\u00f3ci\u0107 uwag\u0119 na problem dotycz\u0105cy Amerykan\u00f3w \u2013 jeden na trzech narzeka, \u017ce ma niewystarczaj\u0105co du\u017co snu.<\/p>\n<p>&#13;<br \/>\n&#13;<\/p>\n<p>Stworzony przez agencj\u0119 Ogilvy spot telewizyjny \u201ePlanet Sleep\u201d pokazuje z kolei, jak wygodne \u0142\u00f3\u017cko w sypialni mo\u017ce\u00a0 \u201euratowa\u0107 zagro\u017cony sen\u201d poprzez wdro\u017cenie prostych i niedrogich rozwi\u0105za\u0144, takich jak nowe ta\u0144sze materace i ergonomiczne poduszki.\u00a0Zaczyna si\u0119 od pokazania zm\u0119czonych ludzi .\u00a0Ciesz\u0105 si\u0119 dopiero, gdy zdaj\u0105 sobie spraw\u0119, \u017ce IKEA jest rozwi\u0105zaniem ich problem\u00f3w ze snem.<\/p>\n<p>&#13;<br \/>\n&#13;<\/p>\n<p>&#8211; W skali globalnej \u015brednia liczba godzin snu znacznie spad\u0142a w ci\u0105gu ostatnich 50 lat z o\u015bmiu godzin do nieco ponad sze\u015bciu na dob\u0119 &#8211; m\u00f3wi Joy Kelly, ameryka\u0144ski mened\u017cer ds. medi\u00f3w w IKEA. &#8211; Po latach szeroko zakrojonych bada\u0144 na temat tego, jak ludzie \u017cyj\u0105\u00a0 i \u015bpi\u0105 w domu i wyci\u0105ganiu wniosk\u00f3w do tworzenia naszej oferty wiemy, \u017ce IKEA oferuje kompletne rozwi\u0105zania do sypialni, kt\u00f3re mog\u0105 pom\u00f3c ka\u017cdemu w zapewnieniu dobrego snu &#8211; dodaje.<\/p>\n<p>&#13;<br \/>\n&#13;<\/p>\n<p>Emitowane w\u0142a\u015bnie filmy s\u0105 pocz\u0105tkiem wi\u0119kszej, ca\u0142orocznej kampanii IKEA maj\u0105cej na celu walk\u0119 ze spadkiem godzin snu w dzisiejszym spo\u0142ecze\u0144stwie. Kampania ta ma pozycjonowa\u0107 szwedzkiego producenta mebli jako tego, kt\u00f3ry daje nadziej\u0119 na lepszy sen.<\/p>\n<p>&#13;<br \/>\n&#13;<\/p>\n<p><iframe loading=\"lazy\" allow=\"accelerometer; autoplay; encrypted-media; gyroscope; picture-in-picture\" allowfullscreen=\"\" frameborder=\"0\" height=\"360\" src=\"https:\/\/www.youtube.com\/embed\/67KJQbBdmxY\" width=\"640\"><\/iframe><\/p>\n<p>&#13;<br \/>\n                            &#13;<br \/>\n&#13;<br \/>\n                            &#13;<br \/>\n&#13;<br \/>\n&#13;<br \/>\n&#13;<br \/>\n&#13;<br \/>\n&#13;<br \/>\n                            &#13;<br \/>\n                                                            &#13;<br \/>\n&#13;<br \/>\n                            &#13;\n                        <\/p><\/div>\n<p><script>(function (d, s, id) {\n        var js, fjs = d.getElementsByTagName(s)[0];\n        if (d.getElementById(id)) return;\n        js = d.createElement(s);\n        js.id = id;\n        js.src = \"http:\/\/connect.facebook.net\/pl_PL\/sdk.js#xfbml=1&version=v2.6&appId=297996717062470\";\n        fjs.parentNode.insertBefore(js, fjs);\n    }(document, 'script', 'facebook-jssdk'));<\/script><br \/>\n<br \/>[ad_2]<br \/>\n<br \/><a href=\"https:\/\/www.wirtualnemedia.pl\/artykul\/ikea-chce-byc-ekspertem-od-snu-rusza-z-kampania-save-our-sleep-wideo\">Source link <\/a><\/p>\n","protected":false},"excerpt":{"rendered":"<p>[ad_1] Cztery filmy, kt\u00f3re powsta\u0142y na potrzeby kampanii, stworzone przez National Geographic z Wavemaker, pokazuj\u0105 r\u00f3\u017cnych ludzi i r\u00f3\u017cne sytuacje dotycz\u0105ce sny. \u00a0Pierwszy z nich , \u201eSmall Bed Battle\u201d, przedstawia par\u0119 os\u00f3b walcz\u0105cych o miejsce w swoim malutkim \u0142\u00f3\u017cku. Narrator w tle relacjonuje to tak, jakby by\u0142 to dokument. Problem zostaje rozwi\u0105zanym po tym, jak [&hellip;]<\/p>\n","protected":false},"author":2,"featured_media":3214,"comment_status":"open","ping_status":"open","sticky":false,"template":"","format":"standard","meta":{"footnotes":""},"categories":[2],"tags":[],"class_list":["post-3213","post","type-post","status-publish","format-standard","has-post-thumbnail","hentry","category-wiadomosci-marketingowe-internetowe"],"yoast_head":"<!-- This site is optimized with the Yoast SEO plugin v27.4 - https:\/\/yoast.com\/product\/yoast-seo-wordpress\/ -->\n<title>IKEA chce by\u0107 ekspertem od snu, rusz\u0105 z kampani\u0105 \u201eSave our sleep\u201d (wideo) - Favorite News<\/title>\n<meta name=\"robots\" content=\"index, follow, max-snippet:-1, max-image-preview:large, max-video-preview:-1\" \/>\n<link rel=\"canonical\" href=\"https:\/\/favorite-news.com\/pl\/ikea-chce-byc-ekspertem-od-snu-rusza-z-kampania-save-our-sleep-wideo\/\" \/>\n<meta property=\"og:locale\" content=\"pl_PL\" \/>\n<meta property=\"og:type\" content=\"article\" \/>\n<meta property=\"og:title\" content=\"IKEA chce by\u0107 ekspertem od snu, rusz\u0105 z kampani\u0105 \u201eSave our sleep\u201d (wideo) - Favorite News\" \/>\n<meta property=\"og:description\" content=\"[ad_1] Cztery filmy, kt\u00f3re powsta\u0142y na potrzeby kampanii, stworzone przez National Geographic z Wavemaker, pokazuj\u0105 r\u00f3\u017cnych ludzi i r\u00f3\u017cne sytuacje dotycz\u0105ce sny. \u00a0Pierwszy z nich , \u201eSmall Bed Battle\u201d, przedstawia par\u0119 os\u00f3b walcz\u0105cych o miejsce w swoim malutkim \u0142\u00f3\u017cku. Narrator w tle relacjonuje to tak, jakby by\u0142 to dokument. Problem zostaje rozwi\u0105zanym po tym, jak [&hellip;]\" \/>\n<meta property=\"og:url\" content=\"https:\/\/favorite-news.com\/pl\/ikea-chce-byc-ekspertem-od-snu-rusza-z-kampania-save-our-sleep-wideo\/\" \/>\n<meta property=\"og:site_name\" content=\"Favorite News\" \/>\n<meta property=\"article:published_time\" content=\"2019-08-05T00:01:02+00:00\" \/>\n<meta property=\"article:modified_time\" content=\"2019-08-05T00:01:04+00:00\" \/>\n<meta property=\"og:image\" content=\"https:\/\/favorite-news.com\/pl\/wp-content\/uploads\/sites\/6\/2019\/08\/IKEA-chce-by\u0107-ekspertem-od-snu-rusz\u0105-z-kampani\u0105-\u201eSave.jpg\" \/>\n\t<meta property=\"og:image:width\" content=\"655\" \/>\n\t<meta property=\"og:image:height\" content=\"367\" \/>\n\t<meta property=\"og:image:type\" content=\"image\/jpeg\" \/>\n<meta name=\"author\" content=\"favorite-news\" \/>\n<meta name=\"twitter:card\" content=\"summary_large_image\" \/>\n<meta name=\"twitter:label1\" content=\"Napisane przez\" \/>\n\t<meta name=\"twitter:data1\" content=\"favorite-news\" \/>\n\t<meta name=\"twitter:label2\" content=\"Szacowany czas czytania\" \/>\n\t<meta name=\"twitter:data2\" content=\"2 minuty\" \/>\n<script type=\"application\/ld+json\" class=\"yoast-schema-graph\">{\"@context\":\"https:\\\/\\\/schema.org\",\"@graph\":[{\"@type\":\"Article\",\"@id\":\"https:\\\/\\\/favorite-news.com\\\/pl\\\/ikea-chce-byc-ekspertem-od-snu-rusza-z-kampania-save-our-sleep-wideo\\\/#article\",\"isPartOf\":{\"@id\":\"https:\\\/\\\/favorite-news.com\\\/pl\\\/ikea-chce-byc-ekspertem-od-snu-rusza-z-kampania-save-our-sleep-wideo\\\/\"},\"author\":{\"name\":\"favorite-news\",\"@id\":\"https:\\\/\\\/favorite-news.com\\\/pl\\\/#\\\/schema\\\/person\\\/b91573b717dcfa5e4696032a9d28d3e8\"},\"headline\":\"IKEA chce by\u0107 ekspertem od snu, rusz\u0105 z kampani\u0105 \u201eSave our sleep\u201d (wideo)\",\"datePublished\":\"2019-08-05T00:01:02+00:00\",\"dateModified\":\"2019-08-05T00:01:04+00:00\",\"mainEntityOfPage\":{\"@id\":\"https:\\\/\\\/favorite-news.com\\\/pl\\\/ikea-chce-byc-ekspertem-od-snu-rusza-z-kampania-save-our-sleep-wideo\\\/\"},\"wordCount\":330,\"commentCount\":0,\"image\":{\"@id\":\"https:\\\/\\\/favorite-news.com\\\/pl\\\/ikea-chce-byc-ekspertem-od-snu-rusza-z-kampania-save-our-sleep-wideo\\\/#primaryimage\"},\"thumbnailUrl\":\"https:\\\/\\\/favorite-news.com\\\/pl\\\/wp-content\\\/uploads\\\/sites\\\/6\\\/2019\\\/08\\\/IKEA-chce-by\u0107-ekspertem-od-snu-rusz\u0105-z-kampani\u0105-\u201eSave.jpg\",\"articleSection\":[\"WIADOMO\u015aCI MARKETINGOWE INTERNETOWE\"],\"inLanguage\":\"pl-PL\",\"potentialAction\":[{\"@type\":\"CommentAction\",\"name\":\"Comment\",\"target\":[\"https:\\\/\\\/favorite-news.com\\\/pl\\\/ikea-chce-byc-ekspertem-od-snu-rusza-z-kampania-save-our-sleep-wideo\\\/#respond\"]}]},{\"@type\":\"WebPage\",\"@id\":\"https:\\\/\\\/favorite-news.com\\\/pl\\\/ikea-chce-byc-ekspertem-od-snu-rusza-z-kampania-save-our-sleep-wideo\\\/\",\"url\":\"https:\\\/\\\/favorite-news.com\\\/pl\\\/ikea-chce-byc-ekspertem-od-snu-rusza-z-kampania-save-our-sleep-wideo\\\/\",\"name\":\"IKEA chce by\u0107 ekspertem od snu, rusz\u0105 z kampani\u0105 \u201eSave our sleep\u201d (wideo) - Favorite News\",\"isPartOf\":{\"@id\":\"https:\\\/\\\/favorite-news.com\\\/pl\\\/#website\"},\"primaryImageOfPage\":{\"@id\":\"https:\\\/\\\/favorite-news.com\\\/pl\\\/ikea-chce-byc-ekspertem-od-snu-rusza-z-kampania-save-our-sleep-wideo\\\/#primaryimage\"},\"image\":{\"@id\":\"https:\\\/\\\/favorite-news.com\\\/pl\\\/ikea-chce-byc-ekspertem-od-snu-rusza-z-kampania-save-our-sleep-wideo\\\/#primaryimage\"},\"thumbnailUrl\":\"https:\\\/\\\/favorite-news.com\\\/pl\\\/wp-content\\\/uploads\\\/sites\\\/6\\\/2019\\\/08\\\/IKEA-chce-by\u0107-ekspertem-od-snu-rusz\u0105-z-kampani\u0105-\u201eSave.jpg\",\"datePublished\":\"2019-08-05T00:01:02+00:00\",\"dateModified\":\"2019-08-05T00:01:04+00:00\",\"author\":{\"@id\":\"https:\\\/\\\/favorite-news.com\\\/pl\\\/#\\\/schema\\\/person\\\/b91573b717dcfa5e4696032a9d28d3e8\"},\"breadcrumb\":{\"@id\":\"https:\\\/\\\/favorite-news.com\\\/pl\\\/ikea-chce-byc-ekspertem-od-snu-rusza-z-kampania-save-our-sleep-wideo\\\/#breadcrumb\"},\"inLanguage\":\"pl-PL\",\"potentialAction\":[{\"@type\":\"ReadAction\",\"target\":[\"https:\\\/\\\/favorite-news.com\\\/pl\\\/ikea-chce-byc-ekspertem-od-snu-rusza-z-kampania-save-our-sleep-wideo\\\/\"]}]},{\"@type\":\"ImageObject\",\"inLanguage\":\"pl-PL\",\"@id\":\"https:\\\/\\\/favorite-news.com\\\/pl\\\/ikea-chce-byc-ekspertem-od-snu-rusza-z-kampania-save-our-sleep-wideo\\\/#primaryimage\",\"url\":\"https:\\\/\\\/favorite-news.com\\\/pl\\\/wp-content\\\/uploads\\\/sites\\\/6\\\/2019\\\/08\\\/IKEA-chce-by\u0107-ekspertem-od-snu-rusz\u0105-z-kampani\u0105-\u201eSave.jpg\",\"contentUrl\":\"https:\\\/\\\/favorite-news.com\\\/pl\\\/wp-content\\\/uploads\\\/sites\\\/6\\\/2019\\\/08\\\/IKEA-chce-by\u0107-ekspertem-od-snu-rusz\u0105-z-kampani\u0105-\u201eSave.jpg\",\"width\":655,\"height\":367,\"caption\":\"Article\"},{\"@type\":\"BreadcrumbList\",\"@id\":\"https:\\\/\\\/favorite-news.com\\\/pl\\\/ikea-chce-byc-ekspertem-od-snu-rusza-z-kampania-save-our-sleep-wideo\\\/#breadcrumb\",\"itemListElement\":[{\"@type\":\"ListItem\",\"position\":1,\"name\":\"Home\",\"item\":\"https:\\\/\\\/favorite-news.com\\\/pl\\\/\"},{\"@type\":\"ListItem\",\"position\":2,\"name\":\"IKEA chce by\u0107 ekspertem od snu, rusz\u0105 z kampani\u0105 \u201eSave our sleep\u201d (wideo)\"}]},{\"@type\":\"WebSite\",\"@id\":\"https:\\\/\\\/favorite-news.com\\\/pl\\\/#website\",\"url\":\"https:\\\/\\\/favorite-news.com\\\/pl\\\/\",\"name\":\"Favorite News\",\"description\":\"Favorite News Polska\",\"potentialAction\":[{\"@type\":\"SearchAction\",\"target\":{\"@type\":\"EntryPoint\",\"urlTemplate\":\"https:\\\/\\\/favorite-news.com\\\/pl\\\/?s={search_term_string}\"},\"query-input\":{\"@type\":\"PropertyValueSpecification\",\"valueRequired\":true,\"valueName\":\"search_term_string\"}}],\"inLanguage\":\"pl-PL\"},{\"@type\":\"Person\",\"@id\":\"https:\\\/\\\/favorite-news.com\\\/pl\\\/#\\\/schema\\\/person\\\/b91573b717dcfa5e4696032a9d28d3e8\",\"name\":\"favorite-news\",\"image\":{\"@type\":\"ImageObject\",\"inLanguage\":\"pl-PL\",\"@id\":\"https:\\\/\\\/secure.gravatar.com\\\/avatar\\\/6c5a5cb12b74e9d517ee91cf570335b7d16177f1977cc91db161adfa435945a7?s=96&d=mm&r=g\",\"url\":\"https:\\\/\\\/secure.gravatar.com\\\/avatar\\\/6c5a5cb12b74e9d517ee91cf570335b7d16177f1977cc91db161adfa435945a7?s=96&d=mm&r=g\",\"contentUrl\":\"https:\\\/\\\/secure.gravatar.com\\\/avatar\\\/6c5a5cb12b74e9d517ee91cf570335b7d16177f1977cc91db161adfa435945a7?s=96&d=mm&r=g\",\"caption\":\"favorite-news\"},\"url\":\"https:\\\/\\\/favorite-news.com\\\/pl\\\/author\\\/pt\\\/\"}]}<\/script>\n<!-- \/ Yoast SEO plugin. -->","yoast_head_json":{"title":"IKEA chce by\u0107 ekspertem od snu, rusz\u0105 z kampani\u0105 \u201eSave our sleep\u201d (wideo) - Favorite News","robots":{"index":"index","follow":"follow","max-snippet":"max-snippet:-1","max-image-preview":"max-image-preview:large","max-video-preview":"max-video-preview:-1"},"canonical":"https:\/\/favorite-news.com\/pl\/ikea-chce-byc-ekspertem-od-snu-rusza-z-kampania-save-our-sleep-wideo\/","og_locale":"pl_PL","og_type":"article","og_title":"IKEA chce by\u0107 ekspertem od snu, rusz\u0105 z kampani\u0105 \u201eSave our sleep\u201d (wideo) - Favorite News","og_description":"[ad_1] Cztery filmy, kt\u00f3re powsta\u0142y na potrzeby kampanii, stworzone przez National Geographic z Wavemaker, pokazuj\u0105 r\u00f3\u017cnych ludzi i r\u00f3\u017cne sytuacje dotycz\u0105ce sny. \u00a0Pierwszy z nich , \u201eSmall Bed Battle\u201d, przedstawia par\u0119 os\u00f3b walcz\u0105cych o miejsce w swoim malutkim \u0142\u00f3\u017cku. Narrator w tle relacjonuje to tak, jakby by\u0142 to dokument. Problem zostaje rozwi\u0105zanym po tym, jak [&hellip;]","og_url":"https:\/\/favorite-news.com\/pl\/ikea-chce-byc-ekspertem-od-snu-rusza-z-kampania-save-our-sleep-wideo\/","og_site_name":"Favorite News","article_published_time":"2019-08-05T00:01:02+00:00","article_modified_time":"2019-08-05T00:01:04+00:00","og_image":[{"width":655,"height":367,"url":"https:\/\/favorite-news.com\/pl\/wp-content\/uploads\/sites\/6\/2019\/08\/IKEA-chce-by\u0107-ekspertem-od-snu-rusz\u0105-z-kampani\u0105-\u201eSave.jpg","type":"image\/jpeg"}],"author":"favorite-news","twitter_card":"summary_large_image","twitter_misc":{"Napisane przez":"favorite-news","Szacowany czas czytania":"2 minuty"},"schema":{"@context":"https:\/\/schema.org","@graph":[{"@type":"Article","@id":"https:\/\/favorite-news.com\/pl\/ikea-chce-byc-ekspertem-od-snu-rusza-z-kampania-save-our-sleep-wideo\/#article","isPartOf":{"@id":"https:\/\/favorite-news.com\/pl\/ikea-chce-byc-ekspertem-od-snu-rusza-z-kampania-save-our-sleep-wideo\/"},"author":{"name":"favorite-news","@id":"https:\/\/favorite-news.com\/pl\/#\/schema\/person\/b91573b717dcfa5e4696032a9d28d3e8"},"headline":"IKEA chce by\u0107 ekspertem od snu, rusz\u0105 z kampani\u0105 \u201eSave our sleep\u201d (wideo)","datePublished":"2019-08-05T00:01:02+00:00","dateModified":"2019-08-05T00:01:04+00:00","mainEntityOfPage":{"@id":"https:\/\/favorite-news.com\/pl\/ikea-chce-byc-ekspertem-od-snu-rusza-z-kampania-save-our-sleep-wideo\/"},"wordCount":330,"commentCount":0,"image":{"@id":"https:\/\/favorite-news.com\/pl\/ikea-chce-byc-ekspertem-od-snu-rusza-z-kampania-save-our-sleep-wideo\/#primaryimage"},"thumbnailUrl":"https:\/\/favorite-news.com\/pl\/wp-content\/uploads\/sites\/6\/2019\/08\/IKEA-chce-by\u0107-ekspertem-od-snu-rusz\u0105-z-kampani\u0105-\u201eSave.jpg","articleSection":["WIADOMO\u015aCI MARKETINGOWE INTERNETOWE"],"inLanguage":"pl-PL","potentialAction":[{"@type":"CommentAction","name":"Comment","target":["https:\/\/favorite-news.com\/pl\/ikea-chce-byc-ekspertem-od-snu-rusza-z-kampania-save-our-sleep-wideo\/#respond"]}]},{"@type":"WebPage","@id":"https:\/\/favorite-news.com\/pl\/ikea-chce-byc-ekspertem-od-snu-rusza-z-kampania-save-our-sleep-wideo\/","url":"https:\/\/favorite-news.com\/pl\/ikea-chce-byc-ekspertem-od-snu-rusza-z-kampania-save-our-sleep-wideo\/","name":"IKEA chce by\u0107 ekspertem od snu, rusz\u0105 z kampani\u0105 \u201eSave our sleep\u201d (wideo) - Favorite News","isPartOf":{"@id":"https:\/\/favorite-news.com\/pl\/#website"},"primaryImageOfPage":{"@id":"https:\/\/favorite-news.com\/pl\/ikea-chce-byc-ekspertem-od-snu-rusza-z-kampania-save-our-sleep-wideo\/#primaryimage"},"image":{"@id":"https:\/\/favorite-news.com\/pl\/ikea-chce-byc-ekspertem-od-snu-rusza-z-kampania-save-our-sleep-wideo\/#primaryimage"},"thumbnailUrl":"https:\/\/favorite-news.com\/pl\/wp-content\/uploads\/sites\/6\/2019\/08\/IKEA-chce-by\u0107-ekspertem-od-snu-rusz\u0105-z-kampani\u0105-\u201eSave.jpg","datePublished":"2019-08-05T00:01:02+00:00","dateModified":"2019-08-05T00:01:04+00:00","author":{"@id":"https:\/\/favorite-news.com\/pl\/#\/schema\/person\/b91573b717dcfa5e4696032a9d28d3e8"},"breadcrumb":{"@id":"https:\/\/favorite-news.com\/pl\/ikea-chce-byc-ekspertem-od-snu-rusza-z-kampania-save-our-sleep-wideo\/#breadcrumb"},"inLanguage":"pl-PL","potentialAction":[{"@type":"ReadAction","target":["https:\/\/favorite-news.com\/pl\/ikea-chce-byc-ekspertem-od-snu-rusza-z-kampania-save-our-sleep-wideo\/"]}]},{"@type":"ImageObject","inLanguage":"pl-PL","@id":"https:\/\/favorite-news.com\/pl\/ikea-chce-byc-ekspertem-od-snu-rusza-z-kampania-save-our-sleep-wideo\/#primaryimage","url":"https:\/\/favorite-news.com\/pl\/wp-content\/uploads\/sites\/6\/2019\/08\/IKEA-chce-by\u0107-ekspertem-od-snu-rusz\u0105-z-kampani\u0105-\u201eSave.jpg","contentUrl":"https:\/\/favorite-news.com\/pl\/wp-content\/uploads\/sites\/6\/2019\/08\/IKEA-chce-by\u0107-ekspertem-od-snu-rusz\u0105-z-kampani\u0105-\u201eSave.jpg","width":655,"height":367,"caption":"Article"},{"@type":"BreadcrumbList","@id":"https:\/\/favorite-news.com\/pl\/ikea-chce-byc-ekspertem-od-snu-rusza-z-kampania-save-our-sleep-wideo\/#breadcrumb","itemListElement":[{"@type":"ListItem","position":1,"name":"Home","item":"https:\/\/favorite-news.com\/pl\/"},{"@type":"ListItem","position":2,"name":"IKEA chce by\u0107 ekspertem od snu, rusz\u0105 z kampani\u0105 \u201eSave our sleep\u201d (wideo)"}]},{"@type":"WebSite","@id":"https:\/\/favorite-news.com\/pl\/#website","url":"https:\/\/favorite-news.com\/pl\/","name":"Favorite News","description":"Favorite News Polska","potentialAction":[{"@type":"SearchAction","target":{"@type":"EntryPoint","urlTemplate":"https:\/\/favorite-news.com\/pl\/?s={search_term_string}"},"query-input":{"@type":"PropertyValueSpecification","valueRequired":true,"valueName":"search_term_string"}}],"inLanguage":"pl-PL"},{"@type":"Person","@id":"https:\/\/favorite-news.com\/pl\/#\/schema\/person\/b91573b717dcfa5e4696032a9d28d3e8","name":"favorite-news","image":{"@type":"ImageObject","inLanguage":"pl-PL","@id":"https:\/\/secure.gravatar.com\/avatar\/6c5a5cb12b74e9d517ee91cf570335b7d16177f1977cc91db161adfa435945a7?s=96&d=mm&r=g","url":"https:\/\/secure.gravatar.com\/avatar\/6c5a5cb12b74e9d517ee91cf570335b7d16177f1977cc91db161adfa435945a7?s=96&d=mm&r=g","contentUrl":"https:\/\/secure.gravatar.com\/avatar\/6c5a5cb12b74e9d517ee91cf570335b7d16177f1977cc91db161adfa435945a7?s=96&d=mm&r=g","caption":"favorite-news"},"url":"https:\/\/favorite-news.com\/pl\/author\/pt\/"}]}},"_links":{"self":[{"href":"https:\/\/favorite-news.com\/pl\/wp-json\/wp\/v2\/posts\/3213","targetHints":{"allow":["GET"]}}],"collection":[{"href":"https:\/\/favorite-news.com\/pl\/wp-json\/wp\/v2\/posts"}],"about":[{"href":"https:\/\/favorite-news.com\/pl\/wp-json\/wp\/v2\/types\/post"}],"author":[{"embeddable":true,"href":"https:\/\/favorite-news.com\/pl\/wp-json\/wp\/v2\/users\/2"}],"replies":[{"embeddable":true,"href":"https:\/\/favorite-news.com\/pl\/wp-json\/wp\/v2\/comments?post=3213"}],"version-history":[{"count":1,"href":"https:\/\/favorite-news.com\/pl\/wp-json\/wp\/v2\/posts\/3213\/revisions"}],"predecessor-version":[{"id":3215,"href":"https:\/\/favorite-news.com\/pl\/wp-json\/wp\/v2\/posts\/3213\/revisions\/3215"}],"wp:featuredmedia":[{"embeddable":true,"href":"https:\/\/favorite-news.com\/pl\/wp-json\/wp\/v2\/media\/3214"}],"wp:attachment":[{"href":"https:\/\/favorite-news.com\/pl\/wp-json\/wp\/v2\/media?parent=3213"}],"wp:term":[{"taxonomy":"category","embeddable":true,"href":"https:\/\/favorite-news.com\/pl\/wp-json\/wp\/v2\/categories?post=3213"},{"taxonomy":"post_tag","embeddable":true,"href":"https:\/\/favorite-news.com\/pl\/wp-json\/wp\/v2\/tags?post=3213"}],"curies":[{"name":"wp","href":"https:\/\/api.w.org\/{rel}","templated":true}]}}