{"id":3199,"date":"2019-08-03T09:54:20","date_gmt":"2019-08-03T06:54:20","guid":{"rendered":"https:\/\/favorite-news.com\/pl\/w-nowym-jorku-powstanie-miejsce-poswiecone-serialowi-przyjaciele\/"},"modified":"2019-08-03T09:54:21","modified_gmt":"2019-08-03T06:54:21","slug":"w-nowym-jorku-powstanie-miejsce-poswiecone-serialowi-przyjaciele","status":"publish","type":"post","link":"https:\/\/favorite-news.com\/pl\/w-nowym-jorku-powstanie-miejsce-poswiecone-serialowi-przyjaciele\/","title":{"rendered":"W Nowym Jorku powstanie miejsce po\u015bwi\u0119cone serialowi &#8222;Przyjaciele&#8221;"},"content":{"rendered":"<p> [ad_1]<br \/>\n<\/p>\n<div id=\"\">\n<p>Przestrze\u0144 (tzw. pop-up) &#8222;Przyjaci\u00f3\u0142&#8221; zostanie otwarta w Nowym Jorku 7 wrze\u015bnia, z okazji 25. rocznicy emisji pierwszego odcinka serialu. &#8222;The One with the Pop-Up&#8221; (w zgodzie z kluczem nazewnictwa odcink\u00f3w serialu) pozwoli fanom przypomnie\u0107 sobie najlepsze momenty z 10-sezonowej historii o sz\u00f3stce przyjaci\u00f3\u0142 z Nowego Jorku. Widzowie b\u0119d\u0105 mogli m.in. usi\u0105\u015b\u0107 na kultowej pomara\u0144czowej kanapie, na kt\u00f3rej d\u0142ugimi godzinami przesiadywali Ross, Rachel, Joey, Monika, Chandler i Phoebe.<\/p>\n<p>&#13;<br \/>\n&#13;<\/p>\n<p>Na terenie obiektu fani b\u0119d\u0105 mogli zrobi\u0107 sobie pami\u0105tkowe zdj\u0119cia, zobaczy\u0107 na \u017cywo rekwizyty wykorzystywane na planie \u0107wier\u0107 wieku temu czy za\u0142o\u017cy\u0107 kostiumy, kt\u00f3re nosili aktorzy graj\u0105cy w serialu. Fani b\u0119d\u0105 mogli zagra\u0107 w pi\u0142karzyki czy przymierzy\u0107 jedn\u0105 z oryginalnych koszul Chandlera.<\/p>\n<p>&#13;<br \/>\n&#13;<\/p>\n<p>Sprzeda\u017c bilet\u00f3w (w cenie 29,5 dolara) do tego niezwyk\u0142ego miejsca pami\u0119ci rozpocznie si\u0119 2 sierpnia na stronie internetowej Friends25popup.com. Pop-up b\u0119dzie otwarty do 6 pa\u017adziernika.<\/p>\n<p>&#13;<br \/>\n&#13;<\/p>\n<p>&#13;<br \/>\n&#13;<\/p>\n<p>Do ko\u0144ca tego roku &#8222;Przyjaci\u00f3\u0142&#8221; b\u0119dzie mo\u017cna ogl\u0105da\u0107 na Netflixie. WarnerMedia przeniesie serial na tworzon\u0105 w\u0142asn\u0105 platform\u0119 streamingow\u0105.<\/p>\n<p>&#13;<br \/>\n&#13;<\/p>\n<p>Wed\u0142ug r\u00f3\u017cnych bada\u0144 (m.in. od firmy analitycznej Jumpshot) w ub.r. seria &#8222;Przyjaciele&#8221; by\u0142a drug\u0105 lub trzeci\u0105 najcz\u0119\u015bciej wybieran\u0105 przez u\u017cytkownik\u00f3w ameryka\u0144skiego serwisu propozycj\u0105.<\/p>\n<p>&#13;<br \/>\n&#13;<\/p>\n<p>Serial &#8222;Przyjaciele&#8221; by\u0142 emitowany w latach 1994-2004 na NBC. W ci\u0105gu dziesi\u0119ciu lat otrzyma\u0142 6 nagr\u00f3d Emmy, Z\u0142oty Glob, dwie nagrody Stowarzyszenia Aktor\u00f3w Filmowych oraz 56 innych nagr\u00f3d i ponad 150 nominacji.<\/p>\n<p>&#13;<br \/>\n                            &#13;<br \/>\n&#13;<br \/>\n                            &#13;<br \/>\n&#13;<br \/>\n&#13;<br \/>\n&#13;<br \/>\n&#13;<br \/>\n&#13;<br \/>\n                            &#13;<br \/>\n                                                            &#13;<br \/>\n&#13;<br \/>\n                            &#13;\n                        <\/p><\/div>\n<p><script>(function (d, s, id) {\n        var js, fjs = d.getElementsByTagName(s)[0];\n        if (d.getElementById(id)) return;\n        js = d.createElement(s);\n        js.id = id;\n        js.src = \"http:\/\/connect.facebook.net\/pl_PL\/sdk.js#xfbml=1&version=v2.6&appId=297996717062470\";\n        fjs.parentNode.insertBefore(js, fjs);\n    }(document, 'script', 'facebook-jssdk'));<\/script><br \/>\n<br \/>[ad_2]<br \/>\n<br \/><a href=\"https:\/\/www.wirtualnemedia.pl\/artykul\/w-nowym-jorku-powstanie-miejsce-poswiecone-serialowi-przyjaciele_1\">Source link <\/a><\/p>\n","protected":false},"excerpt":{"rendered":"<p>[ad_1] Przestrze\u0144 (tzw. pop-up) &#8222;Przyjaci\u00f3\u0142&#8221; zostanie otwarta w Nowym Jorku 7 wrze\u015bnia, z okazji 25. rocznicy emisji pierwszego odcinka serialu. &#8222;The One with the Pop-Up&#8221; (w zgodzie z kluczem nazewnictwa odcink\u00f3w serialu) pozwoli fanom przypomnie\u0107 sobie najlepsze momenty z 10-sezonowej historii o sz\u00f3stce przyjaci\u00f3\u0142 z Nowego Jorku. Widzowie b\u0119d\u0105 mogli m.in. usi\u0105\u015b\u0107 na kultowej pomara\u0144czowej [&hellip;]<\/p>\n","protected":false},"author":2,"featured_media":3200,"comment_status":"open","ping_status":"open","sticky":false,"template":"","format":"standard","meta":{"footnotes":""},"categories":[2],"tags":[],"class_list":["post-3199","post","type-post","status-publish","format-standard","has-post-thumbnail","hentry","category-wiadomosci-marketingowe-internetowe"],"yoast_head":"<!-- This site is optimized with the Yoast SEO plugin v27.4 - https:\/\/yoast.com\/product\/yoast-seo-wordpress\/ -->\n<title>W Nowym Jorku powstanie miejsce po\u015bwi\u0119cone serialowi &quot;Przyjaciele&quot; - Favorite News<\/title>\n<meta name=\"robots\" content=\"index, follow, max-snippet:-1, max-image-preview:large, max-video-preview:-1\" \/>\n<link rel=\"canonical\" href=\"https:\/\/favorite-news.com\/pl\/w-nowym-jorku-powstanie-miejsce-poswiecone-serialowi-przyjaciele\/\" \/>\n<meta property=\"og:locale\" content=\"pl_PL\" \/>\n<meta property=\"og:type\" content=\"article\" \/>\n<meta property=\"og:title\" content=\"W Nowym Jorku powstanie miejsce po\u015bwi\u0119cone serialowi &quot;Przyjaciele&quot; - Favorite News\" \/>\n<meta property=\"og:description\" content=\"[ad_1] Przestrze\u0144 (tzw. pop-up) &#8222;Przyjaci\u00f3\u0142&#8221; zostanie otwarta w Nowym Jorku 7 wrze\u015bnia, z okazji 25. rocznicy emisji pierwszego odcinka serialu. &#8222;The One with the Pop-Up&#8221; (w zgodzie z kluczem nazewnictwa odcink\u00f3w serialu) pozwoli fanom przypomnie\u0107 sobie najlepsze momenty z 10-sezonowej historii o sz\u00f3stce przyjaci\u00f3\u0142 z Nowego Jorku. Widzowie b\u0119d\u0105 mogli m.in. usi\u0105\u015b\u0107 na kultowej pomara\u0144czowej [&hellip;]\" \/>\n<meta property=\"og:url\" content=\"https:\/\/favorite-news.com\/pl\/w-nowym-jorku-powstanie-miejsce-poswiecone-serialowi-przyjaciele\/\" \/>\n<meta property=\"og:site_name\" content=\"Favorite News\" \/>\n<meta property=\"article:published_time\" content=\"2019-08-03T06:54:20+00:00\" \/>\n<meta property=\"article:modified_time\" content=\"2019-08-03T06:54:21+00:00\" \/>\n<meta property=\"og:image\" content=\"https:\/\/favorite-news.com\/pl\/wp-content\/uploads\/sites\/6\/2019\/08\/W-Nowym-Jorku-powstanie-miejsce-po\u015bwi\u0119cone-serialowi-Przyjaciele.png\" \/>\n\t<meta property=\"og:image:width\" content=\"940\" \/>\n\t<meta property=\"og:image:height\" content=\"524\" \/>\n\t<meta property=\"og:image:type\" content=\"image\/png\" \/>\n<meta name=\"author\" content=\"favorite-news\" \/>\n<meta name=\"twitter:card\" content=\"summary_large_image\" \/>\n<meta name=\"twitter:label1\" content=\"Napisane przez\" \/>\n\t<meta name=\"twitter:data1\" content=\"favorite-news\" \/>\n\t<meta name=\"twitter:label2\" content=\"Szacowany czas czytania\" \/>\n\t<meta name=\"twitter:data2\" content=\"1 minuta\" \/>\n<script type=\"application\/ld+json\" class=\"yoast-schema-graph\">{\"@context\":\"https:\\\/\\\/schema.org\",\"@graph\":[{\"@type\":\"Article\",\"@id\":\"https:\\\/\\\/favorite-news.com\\\/pl\\\/w-nowym-jorku-powstanie-miejsce-poswiecone-serialowi-przyjaciele\\\/#article\",\"isPartOf\":{\"@id\":\"https:\\\/\\\/favorite-news.com\\\/pl\\\/w-nowym-jorku-powstanie-miejsce-poswiecone-serialowi-przyjaciele\\\/\"},\"author\":{\"name\":\"favorite-news\",\"@id\":\"https:\\\/\\\/favorite-news.com\\\/pl\\\/#\\\/schema\\\/person\\\/b91573b717dcfa5e4696032a9d28d3e8\"},\"headline\":\"W Nowym Jorku powstanie miejsce po\u015bwi\u0119cone serialowi &#8222;Przyjaciele&#8221;\",\"datePublished\":\"2019-08-03T06:54:20+00:00\",\"dateModified\":\"2019-08-03T06:54:21+00:00\",\"mainEntityOfPage\":{\"@id\":\"https:\\\/\\\/favorite-news.com\\\/pl\\\/w-nowym-jorku-powstanie-miejsce-poswiecone-serialowi-przyjaciele\\\/\"},\"wordCount\":257,\"commentCount\":0,\"image\":{\"@id\":\"https:\\\/\\\/favorite-news.com\\\/pl\\\/w-nowym-jorku-powstanie-miejsce-poswiecone-serialowi-przyjaciele\\\/#primaryimage\"},\"thumbnailUrl\":\"https:\\\/\\\/favorite-news.com\\\/pl\\\/wp-content\\\/uploads\\\/sites\\\/6\\\/2019\\\/08\\\/W-Nowym-Jorku-powstanie-miejsce-po\u015bwi\u0119cone-serialowi-Przyjaciele.png\",\"articleSection\":[\"WIADOMO\u015aCI MARKETINGOWE INTERNETOWE\"],\"inLanguage\":\"pl-PL\",\"potentialAction\":[{\"@type\":\"CommentAction\",\"name\":\"Comment\",\"target\":[\"https:\\\/\\\/favorite-news.com\\\/pl\\\/w-nowym-jorku-powstanie-miejsce-poswiecone-serialowi-przyjaciele\\\/#respond\"]}]},{\"@type\":\"WebPage\",\"@id\":\"https:\\\/\\\/favorite-news.com\\\/pl\\\/w-nowym-jorku-powstanie-miejsce-poswiecone-serialowi-przyjaciele\\\/\",\"url\":\"https:\\\/\\\/favorite-news.com\\\/pl\\\/w-nowym-jorku-powstanie-miejsce-poswiecone-serialowi-przyjaciele\\\/\",\"name\":\"W Nowym Jorku powstanie miejsce po\u015bwi\u0119cone serialowi \\\"Przyjaciele\\\" - Favorite News\",\"isPartOf\":{\"@id\":\"https:\\\/\\\/favorite-news.com\\\/pl\\\/#website\"},\"primaryImageOfPage\":{\"@id\":\"https:\\\/\\\/favorite-news.com\\\/pl\\\/w-nowym-jorku-powstanie-miejsce-poswiecone-serialowi-przyjaciele\\\/#primaryimage\"},\"image\":{\"@id\":\"https:\\\/\\\/favorite-news.com\\\/pl\\\/w-nowym-jorku-powstanie-miejsce-poswiecone-serialowi-przyjaciele\\\/#primaryimage\"},\"thumbnailUrl\":\"https:\\\/\\\/favorite-news.com\\\/pl\\\/wp-content\\\/uploads\\\/sites\\\/6\\\/2019\\\/08\\\/W-Nowym-Jorku-powstanie-miejsce-po\u015bwi\u0119cone-serialowi-Przyjaciele.png\",\"datePublished\":\"2019-08-03T06:54:20+00:00\",\"dateModified\":\"2019-08-03T06:54:21+00:00\",\"author\":{\"@id\":\"https:\\\/\\\/favorite-news.com\\\/pl\\\/#\\\/schema\\\/person\\\/b91573b717dcfa5e4696032a9d28d3e8\"},\"breadcrumb\":{\"@id\":\"https:\\\/\\\/favorite-news.com\\\/pl\\\/w-nowym-jorku-powstanie-miejsce-poswiecone-serialowi-przyjaciele\\\/#breadcrumb\"},\"inLanguage\":\"pl-PL\",\"potentialAction\":[{\"@type\":\"ReadAction\",\"target\":[\"https:\\\/\\\/favorite-news.com\\\/pl\\\/w-nowym-jorku-powstanie-miejsce-poswiecone-serialowi-przyjaciele\\\/\"]}]},{\"@type\":\"ImageObject\",\"inLanguage\":\"pl-PL\",\"@id\":\"https:\\\/\\\/favorite-news.com\\\/pl\\\/w-nowym-jorku-powstanie-miejsce-poswiecone-serialowi-przyjaciele\\\/#primaryimage\",\"url\":\"https:\\\/\\\/favorite-news.com\\\/pl\\\/wp-content\\\/uploads\\\/sites\\\/6\\\/2019\\\/08\\\/W-Nowym-Jorku-powstanie-miejsce-po\u015bwi\u0119cone-serialowi-Przyjaciele.png\",\"contentUrl\":\"https:\\\/\\\/favorite-news.com\\\/pl\\\/wp-content\\\/uploads\\\/sites\\\/6\\\/2019\\\/08\\\/W-Nowym-Jorku-powstanie-miejsce-po\u015bwi\u0119cone-serialowi-Przyjaciele.png\",\"width\":940,\"height\":524,\"caption\":\"W Nowym Jorku powstanie miejsce po\u015bwi\u0119cone serialowi \\\"Przyjaciele\\\"\"},{\"@type\":\"BreadcrumbList\",\"@id\":\"https:\\\/\\\/favorite-news.com\\\/pl\\\/w-nowym-jorku-powstanie-miejsce-poswiecone-serialowi-przyjaciele\\\/#breadcrumb\",\"itemListElement\":[{\"@type\":\"ListItem\",\"position\":1,\"name\":\"Home\",\"item\":\"https:\\\/\\\/favorite-news.com\\\/pl\\\/\"},{\"@type\":\"ListItem\",\"position\":2,\"name\":\"W Nowym Jorku powstanie miejsce po\u015bwi\u0119cone serialowi &#8222;Przyjaciele&#8221;\"}]},{\"@type\":\"WebSite\",\"@id\":\"https:\\\/\\\/favorite-news.com\\\/pl\\\/#website\",\"url\":\"https:\\\/\\\/favorite-news.com\\\/pl\\\/\",\"name\":\"Favorite News\",\"description\":\"Favorite News Polska\",\"potentialAction\":[{\"@type\":\"SearchAction\",\"target\":{\"@type\":\"EntryPoint\",\"urlTemplate\":\"https:\\\/\\\/favorite-news.com\\\/pl\\\/?s={search_term_string}\"},\"query-input\":{\"@type\":\"PropertyValueSpecification\",\"valueRequired\":true,\"valueName\":\"search_term_string\"}}],\"inLanguage\":\"pl-PL\"},{\"@type\":\"Person\",\"@id\":\"https:\\\/\\\/favorite-news.com\\\/pl\\\/#\\\/schema\\\/person\\\/b91573b717dcfa5e4696032a9d28d3e8\",\"name\":\"favorite-news\",\"image\":{\"@type\":\"ImageObject\",\"inLanguage\":\"pl-PL\",\"@id\":\"https:\\\/\\\/secure.gravatar.com\\\/avatar\\\/6c5a5cb12b74e9d517ee91cf570335b7d16177f1977cc91db161adfa435945a7?s=96&d=mm&r=g\",\"url\":\"https:\\\/\\\/secure.gravatar.com\\\/avatar\\\/6c5a5cb12b74e9d517ee91cf570335b7d16177f1977cc91db161adfa435945a7?s=96&d=mm&r=g\",\"contentUrl\":\"https:\\\/\\\/secure.gravatar.com\\\/avatar\\\/6c5a5cb12b74e9d517ee91cf570335b7d16177f1977cc91db161adfa435945a7?s=96&d=mm&r=g\",\"caption\":\"favorite-news\"},\"url\":\"https:\\\/\\\/favorite-news.com\\\/pl\\\/author\\\/pt\\\/\"}]}<\/script>\n<!-- \/ Yoast SEO plugin. -->","yoast_head_json":{"title":"W Nowym Jorku powstanie miejsce po\u015bwi\u0119cone serialowi \"Przyjaciele\" - Favorite News","robots":{"index":"index","follow":"follow","max-snippet":"max-snippet:-1","max-image-preview":"max-image-preview:large","max-video-preview":"max-video-preview:-1"},"canonical":"https:\/\/favorite-news.com\/pl\/w-nowym-jorku-powstanie-miejsce-poswiecone-serialowi-przyjaciele\/","og_locale":"pl_PL","og_type":"article","og_title":"W Nowym Jorku powstanie miejsce po\u015bwi\u0119cone serialowi \"Przyjaciele\" - Favorite News","og_description":"[ad_1] Przestrze\u0144 (tzw. pop-up) &#8222;Przyjaci\u00f3\u0142&#8221; zostanie otwarta w Nowym Jorku 7 wrze\u015bnia, z okazji 25. rocznicy emisji pierwszego odcinka serialu. &#8222;The One with the Pop-Up&#8221; (w zgodzie z kluczem nazewnictwa odcink\u00f3w serialu) pozwoli fanom przypomnie\u0107 sobie najlepsze momenty z 10-sezonowej historii o sz\u00f3stce przyjaci\u00f3\u0142 z Nowego Jorku. Widzowie b\u0119d\u0105 mogli m.in. usi\u0105\u015b\u0107 na kultowej pomara\u0144czowej [&hellip;]","og_url":"https:\/\/favorite-news.com\/pl\/w-nowym-jorku-powstanie-miejsce-poswiecone-serialowi-przyjaciele\/","og_site_name":"Favorite News","article_published_time":"2019-08-03T06:54:20+00:00","article_modified_time":"2019-08-03T06:54:21+00:00","og_image":[{"width":940,"height":524,"url":"https:\/\/favorite-news.com\/pl\/wp-content\/uploads\/sites\/6\/2019\/08\/W-Nowym-Jorku-powstanie-miejsce-po\u015bwi\u0119cone-serialowi-Przyjaciele.png","type":"image\/png"}],"author":"favorite-news","twitter_card":"summary_large_image","twitter_misc":{"Napisane przez":"favorite-news","Szacowany czas czytania":"1 minuta"},"schema":{"@context":"https:\/\/schema.org","@graph":[{"@type":"Article","@id":"https:\/\/favorite-news.com\/pl\/w-nowym-jorku-powstanie-miejsce-poswiecone-serialowi-przyjaciele\/#article","isPartOf":{"@id":"https:\/\/favorite-news.com\/pl\/w-nowym-jorku-powstanie-miejsce-poswiecone-serialowi-przyjaciele\/"},"author":{"name":"favorite-news","@id":"https:\/\/favorite-news.com\/pl\/#\/schema\/person\/b91573b717dcfa5e4696032a9d28d3e8"},"headline":"W Nowym Jorku powstanie miejsce po\u015bwi\u0119cone serialowi &#8222;Przyjaciele&#8221;","datePublished":"2019-08-03T06:54:20+00:00","dateModified":"2019-08-03T06:54:21+00:00","mainEntityOfPage":{"@id":"https:\/\/favorite-news.com\/pl\/w-nowym-jorku-powstanie-miejsce-poswiecone-serialowi-przyjaciele\/"},"wordCount":257,"commentCount":0,"image":{"@id":"https:\/\/favorite-news.com\/pl\/w-nowym-jorku-powstanie-miejsce-poswiecone-serialowi-przyjaciele\/#primaryimage"},"thumbnailUrl":"https:\/\/favorite-news.com\/pl\/wp-content\/uploads\/sites\/6\/2019\/08\/W-Nowym-Jorku-powstanie-miejsce-po\u015bwi\u0119cone-serialowi-Przyjaciele.png","articleSection":["WIADOMO\u015aCI MARKETINGOWE INTERNETOWE"],"inLanguage":"pl-PL","potentialAction":[{"@type":"CommentAction","name":"Comment","target":["https:\/\/favorite-news.com\/pl\/w-nowym-jorku-powstanie-miejsce-poswiecone-serialowi-przyjaciele\/#respond"]}]},{"@type":"WebPage","@id":"https:\/\/favorite-news.com\/pl\/w-nowym-jorku-powstanie-miejsce-poswiecone-serialowi-przyjaciele\/","url":"https:\/\/favorite-news.com\/pl\/w-nowym-jorku-powstanie-miejsce-poswiecone-serialowi-przyjaciele\/","name":"W Nowym Jorku powstanie miejsce po\u015bwi\u0119cone serialowi \"Przyjaciele\" - Favorite News","isPartOf":{"@id":"https:\/\/favorite-news.com\/pl\/#website"},"primaryImageOfPage":{"@id":"https:\/\/favorite-news.com\/pl\/w-nowym-jorku-powstanie-miejsce-poswiecone-serialowi-przyjaciele\/#primaryimage"},"image":{"@id":"https:\/\/favorite-news.com\/pl\/w-nowym-jorku-powstanie-miejsce-poswiecone-serialowi-przyjaciele\/#primaryimage"},"thumbnailUrl":"https:\/\/favorite-news.com\/pl\/wp-content\/uploads\/sites\/6\/2019\/08\/W-Nowym-Jorku-powstanie-miejsce-po\u015bwi\u0119cone-serialowi-Przyjaciele.png","datePublished":"2019-08-03T06:54:20+00:00","dateModified":"2019-08-03T06:54:21+00:00","author":{"@id":"https:\/\/favorite-news.com\/pl\/#\/schema\/person\/b91573b717dcfa5e4696032a9d28d3e8"},"breadcrumb":{"@id":"https:\/\/favorite-news.com\/pl\/w-nowym-jorku-powstanie-miejsce-poswiecone-serialowi-przyjaciele\/#breadcrumb"},"inLanguage":"pl-PL","potentialAction":[{"@type":"ReadAction","target":["https:\/\/favorite-news.com\/pl\/w-nowym-jorku-powstanie-miejsce-poswiecone-serialowi-przyjaciele\/"]}]},{"@type":"ImageObject","inLanguage":"pl-PL","@id":"https:\/\/favorite-news.com\/pl\/w-nowym-jorku-powstanie-miejsce-poswiecone-serialowi-przyjaciele\/#primaryimage","url":"https:\/\/favorite-news.com\/pl\/wp-content\/uploads\/sites\/6\/2019\/08\/W-Nowym-Jorku-powstanie-miejsce-po\u015bwi\u0119cone-serialowi-Przyjaciele.png","contentUrl":"https:\/\/favorite-news.com\/pl\/wp-content\/uploads\/sites\/6\/2019\/08\/W-Nowym-Jorku-powstanie-miejsce-po\u015bwi\u0119cone-serialowi-Przyjaciele.png","width":940,"height":524,"caption":"W Nowym Jorku powstanie miejsce po\u015bwi\u0119cone serialowi \"Przyjaciele\""},{"@type":"BreadcrumbList","@id":"https:\/\/favorite-news.com\/pl\/w-nowym-jorku-powstanie-miejsce-poswiecone-serialowi-przyjaciele\/#breadcrumb","itemListElement":[{"@type":"ListItem","position":1,"name":"Home","item":"https:\/\/favorite-news.com\/pl\/"},{"@type":"ListItem","position":2,"name":"W Nowym Jorku powstanie miejsce po\u015bwi\u0119cone serialowi &#8222;Przyjaciele&#8221;"}]},{"@type":"WebSite","@id":"https:\/\/favorite-news.com\/pl\/#website","url":"https:\/\/favorite-news.com\/pl\/","name":"Favorite News","description":"Favorite News Polska","potentialAction":[{"@type":"SearchAction","target":{"@type":"EntryPoint","urlTemplate":"https:\/\/favorite-news.com\/pl\/?s={search_term_string}"},"query-input":{"@type":"PropertyValueSpecification","valueRequired":true,"valueName":"search_term_string"}}],"inLanguage":"pl-PL"},{"@type":"Person","@id":"https:\/\/favorite-news.com\/pl\/#\/schema\/person\/b91573b717dcfa5e4696032a9d28d3e8","name":"favorite-news","image":{"@type":"ImageObject","inLanguage":"pl-PL","@id":"https:\/\/secure.gravatar.com\/avatar\/6c5a5cb12b74e9d517ee91cf570335b7d16177f1977cc91db161adfa435945a7?s=96&d=mm&r=g","url":"https:\/\/secure.gravatar.com\/avatar\/6c5a5cb12b74e9d517ee91cf570335b7d16177f1977cc91db161adfa435945a7?s=96&d=mm&r=g","contentUrl":"https:\/\/secure.gravatar.com\/avatar\/6c5a5cb12b74e9d517ee91cf570335b7d16177f1977cc91db161adfa435945a7?s=96&d=mm&r=g","caption":"favorite-news"},"url":"https:\/\/favorite-news.com\/pl\/author\/pt\/"}]}},"_links":{"self":[{"href":"https:\/\/favorite-news.com\/pl\/wp-json\/wp\/v2\/posts\/3199","targetHints":{"allow":["GET"]}}],"collection":[{"href":"https:\/\/favorite-news.com\/pl\/wp-json\/wp\/v2\/posts"}],"about":[{"href":"https:\/\/favorite-news.com\/pl\/wp-json\/wp\/v2\/types\/post"}],"author":[{"embeddable":true,"href":"https:\/\/favorite-news.com\/pl\/wp-json\/wp\/v2\/users\/2"}],"replies":[{"embeddable":true,"href":"https:\/\/favorite-news.com\/pl\/wp-json\/wp\/v2\/comments?post=3199"}],"version-history":[{"count":1,"href":"https:\/\/favorite-news.com\/pl\/wp-json\/wp\/v2\/posts\/3199\/revisions"}],"predecessor-version":[{"id":3201,"href":"https:\/\/favorite-news.com\/pl\/wp-json\/wp\/v2\/posts\/3199\/revisions\/3201"}],"wp:featuredmedia":[{"embeddable":true,"href":"https:\/\/favorite-news.com\/pl\/wp-json\/wp\/v2\/media\/3200"}],"wp:attachment":[{"href":"https:\/\/favorite-news.com\/pl\/wp-json\/wp\/v2\/media?parent=3199"}],"wp:term":[{"taxonomy":"category","embeddable":true,"href":"https:\/\/favorite-news.com\/pl\/wp-json\/wp\/v2\/categories?post=3199"},{"taxonomy":"post_tag","embeddable":true,"href":"https:\/\/favorite-news.com\/pl\/wp-json\/wp\/v2\/tags?post=3199"}],"curies":[{"name":"wp","href":"https:\/\/api.w.org\/{rel}","templated":true}]}}