{"id":3191,"date":"2019-08-03T05:49:07","date_gmt":"2019-08-03T02:49:07","guid":{"rendered":"https:\/\/favorite-news.com\/pl\/unilever-wykorzysta-w-swojej-kampanii-w-polsce-collaborative-ads-facebooka\/"},"modified":"2019-08-03T05:49:08","modified_gmt":"2019-08-03T02:49:08","slug":"unilever-wykorzysta-w-swojej-kampanii-w-polsce-collaborative-ads-facebooka","status":"publish","type":"post","link":"https:\/\/favorite-news.com\/pl\/unilever-wykorzysta-w-swojej-kampanii-w-polsce-collaborative-ads-facebooka\/","title":{"rendered":"Unilever wykorzysta w swojej kampanii w Polsce Collaborative Ads Facebooka"},"content":{"rendered":"<p> [ad_1]<br \/>\n<\/p>\n<div id=\"\">\n<p>Zaplanowana kampania b\u0119dzie wspiera\u0107 dzia\u0142ania e-commerce dla marek Unilevera z kategorii chemia domowa, w\u015br\u00f3d kt\u00f3rych jest m.in. Cif.<\/p>\n<p>&#13;<br \/>\n&#13;<\/p>\n<p>Collaborative Ads to produkt reklamowy umo\u017cliwiaj\u0105cy efektywn\u0105 i bezpieczn\u0105 wsp\u00f3\u0142prac\u0119 mi\u0119dzy markami a retailerami, kt\u00f3rzy teraz b\u0119d\u0105 mogli promowa\u0107 wybran\u0105 cz\u0119\u015b\u0107 swojego asortymentu, dzi\u0119ki czemu system automatycznie wybiera produkty danego brandu. Na podstawie tych dzia\u0142a\u0144 maj\u0105 powstawa\u0107 tzw. reklamy dynamiczne. Mo\u017cliwe jest te\u017c retargetowanie reklam do os\u00f3b, kt\u00f3re np. kupi\u0142y czy doda\u0142y do koszyka produkty danej marki na stronie lub w aplikacji retailera.<\/p>\n<p>&#13;<br \/>\n&#13;<\/p>\n<p>Mindshare Polska w czasie trwania kampanii wykorzysta informacje o intencjach zakupowych u\u017cytkownik\u00f3w korzystaj\u0105c z narz\u0119dzia Pixel Facebooka i Mobile SDK na stronie lub w aplikacji retailera. Dzi\u0119ki temu b\u0119dzie mo\u017cna precyzyjnie dotrze\u0107 do os\u00f3b, kt\u00f3re interesuj\u0105 si\u0119 wybranymi produktami, optymalizuj\u0105c dzia\u0142ania w taki spos\u00f3b, aby zmaksymalizowa\u0107 szans\u0119 na konwersj\u0119. Dzi\u0119ki zastosowaniu najnowszego rozwi\u0105zania mo\u017cliwe b\u0119dzie dok\u0142adne zmierzenie wp\u0142ywu kampanii na dzia\u0142ania sprzeda\u017cowe w e-sklepie zewn\u0119trznego partnera.<\/p>\n<p>&#13;<br \/>\n&#13;<\/p>\n<p>By m\u00f3c prowadzi\u0107 kampani\u0119 za pomoc\u0105 Collaborative Ads konieczna jest wsp\u00f3\u0142praca z partnerem sprzeda\u017cowym. Unilever zdecydowa\u0142 si\u0119 na wsp\u00f3lne dzia\u0142ania z serwisem Allegro.<\/p>\n<p>&#13;<br \/>\n&#13;<\/p>\n<p>\u00a0<\/p>\n<p>&#13;<br \/>\n                            &#13;<br \/>\n&#13;<br \/>\n                            &#13;<br \/>\n&#13;<br \/>\n&#13;<br \/>\n&#13;<br \/>\n&#13;<br \/>\n&#13;<br \/>\n                            &#13;<br \/>\n                                                            &#13;<br \/>\n&#13;<br \/>\n                            &#13;\n                        <\/p><\/div>\n<p><script>(function (d, s, id) {\n        var js, fjs = d.getElementsByTagName(s)[0];\n        if (d.getElementById(id)) return;\n        js = d.createElement(s);\n        js.id = id;\n        js.src = \"http:\/\/connect.facebook.net\/pl_PL\/sdk.js#xfbml=1&version=v2.6&appId=297996717062470\";\n        fjs.parentNode.insertBefore(js, fjs);\n    }(document, 'script', 'facebook-jssdk'));<\/script><br \/>\n<br \/>[ad_2]<br \/>\n<br \/><a href=\"https:\/\/www.wirtualnemedia.pl\/artykul\/unilever-wykorzysta-w-swojej-kampanii-w-polsce-collaborative-ads-facebooka\">Source link <\/a><\/p>\n","protected":false},"excerpt":{"rendered":"<p>[ad_1] Zaplanowana kampania b\u0119dzie wspiera\u0107 dzia\u0142ania e-commerce dla marek Unilevera z kategorii chemia domowa, w\u015br\u00f3d kt\u00f3rych jest m.in. Cif. &#13; &#13; Collaborative Ads to produkt reklamowy umo\u017cliwiaj\u0105cy efektywn\u0105 i bezpieczn\u0105 wsp\u00f3\u0142prac\u0119 mi\u0119dzy markami a retailerami, kt\u00f3rzy teraz b\u0119d\u0105 mogli promowa\u0107 wybran\u0105 cz\u0119\u015b\u0107 swojego asortymentu, dzi\u0119ki czemu system automatycznie wybiera produkty danego brandu. Na podstawie tych [&hellip;]<\/p>\n","protected":false},"author":2,"featured_media":3126,"comment_status":"open","ping_status":"open","sticky":false,"template":"","format":"standard","meta":{"footnotes":""},"categories":[2],"tags":[],"class_list":["post-3191","post","type-post","status-publish","format-standard","has-post-thumbnail","hentry","category-wiadomosci-marketingowe-internetowe"],"yoast_head":"<!-- This site is optimized with the Yoast SEO plugin v27.4 - https:\/\/yoast.com\/product\/yoast-seo-wordpress\/ -->\n<title>Unilever wykorzysta w swojej kampanii w Polsce Collaborative Ads Facebooka - Favorite News<\/title>\n<meta name=\"robots\" content=\"index, follow, max-snippet:-1, max-image-preview:large, max-video-preview:-1\" \/>\n<link rel=\"canonical\" href=\"https:\/\/favorite-news.com\/pl\/unilever-wykorzysta-w-swojej-kampanii-w-polsce-collaborative-ads-facebooka\/\" \/>\n<meta property=\"og:locale\" content=\"pl_PL\" \/>\n<meta property=\"og:type\" content=\"article\" \/>\n<meta property=\"og:title\" content=\"Unilever wykorzysta w swojej kampanii w Polsce Collaborative Ads Facebooka - Favorite News\" \/>\n<meta property=\"og:description\" content=\"[ad_1] Zaplanowana kampania b\u0119dzie wspiera\u0107 dzia\u0142ania e-commerce dla marek Unilevera z kategorii chemia domowa, w\u015br\u00f3d kt\u00f3rych jest m.in. Cif. &#013; &#013; Collaborative Ads to produkt reklamowy umo\u017cliwiaj\u0105cy efektywn\u0105 i bezpieczn\u0105 wsp\u00f3\u0142prac\u0119 mi\u0119dzy markami a retailerami, kt\u00f3rzy teraz b\u0119d\u0105 mogli promowa\u0107 wybran\u0105 cz\u0119\u015b\u0107 swojego asortymentu, dzi\u0119ki czemu system automatycznie wybiera produkty danego brandu. Na podstawie tych [&hellip;]\" \/>\n<meta property=\"og:url\" content=\"https:\/\/favorite-news.com\/pl\/unilever-wykorzysta-w-swojej-kampanii-w-polsce-collaborative-ads-facebooka\/\" \/>\n<meta property=\"og:site_name\" content=\"Favorite News\" \/>\n<meta property=\"article:published_time\" content=\"2019-08-03T02:49:07+00:00\" \/>\n<meta property=\"article:modified_time\" content=\"2019-08-03T02:49:08+00:00\" \/>\n<meta property=\"og:image\" content=\"https:\/\/favorite-news.com\/pl\/wp-content\/uploads\/sites\/6\/2019\/08\/Unilever-widzi-\u201eznacz\u0105cy-wzrost\u201d-skuteczno\u015bci-w-przechodzeniu-na-marketing-oparty.jpg\" \/>\n\t<meta property=\"og:image:width\" content=\"655\" \/>\n\t<meta property=\"og:image:height\" content=\"327\" \/>\n\t<meta property=\"og:image:type\" content=\"image\/jpeg\" \/>\n<meta name=\"author\" content=\"favorite-news\" \/>\n<meta name=\"twitter:card\" content=\"summary_large_image\" \/>\n<meta name=\"twitter:label1\" content=\"Napisane przez\" \/>\n\t<meta name=\"twitter:data1\" content=\"favorite-news\" \/>\n\t<meta name=\"twitter:label2\" content=\"Szacowany czas czytania\" \/>\n\t<meta name=\"twitter:data2\" content=\"1 minuta\" \/>\n<script type=\"application\/ld+json\" class=\"yoast-schema-graph\">{\"@context\":\"https:\\\/\\\/schema.org\",\"@graph\":[{\"@type\":\"Article\",\"@id\":\"https:\\\/\\\/favorite-news.com\\\/pl\\\/unilever-wykorzysta-w-swojej-kampanii-w-polsce-collaborative-ads-facebooka\\\/#article\",\"isPartOf\":{\"@id\":\"https:\\\/\\\/favorite-news.com\\\/pl\\\/unilever-wykorzysta-w-swojej-kampanii-w-polsce-collaborative-ads-facebooka\\\/\"},\"author\":{\"name\":\"favorite-news\",\"@id\":\"https:\\\/\\\/favorite-news.com\\\/pl\\\/#\\\/schema\\\/person\\\/b91573b717dcfa5e4696032a9d28d3e8\"},\"headline\":\"Unilever wykorzysta w swojej kampanii w Polsce Collaborative Ads Facebooka\",\"datePublished\":\"2019-08-03T02:49:07+00:00\",\"dateModified\":\"2019-08-03T02:49:08+00:00\",\"mainEntityOfPage\":{\"@id\":\"https:\\\/\\\/favorite-news.com\\\/pl\\\/unilever-wykorzysta-w-swojej-kampanii-w-polsce-collaborative-ads-facebooka\\\/\"},\"wordCount\":229,\"commentCount\":0,\"image\":{\"@id\":\"https:\\\/\\\/favorite-news.com\\\/pl\\\/unilever-wykorzysta-w-swojej-kampanii-w-polsce-collaborative-ads-facebooka\\\/#primaryimage\"},\"thumbnailUrl\":\"https:\\\/\\\/favorite-news.com\\\/pl\\\/wp-content\\\/uploads\\\/sites\\\/6\\\/2019\\\/08\\\/Unilever-widzi-\u201eznacz\u0105cy-wzrost\u201d-skuteczno\u015bci-w-przechodzeniu-na-marketing-oparty.jpg\",\"articleSection\":[\"WIADOMO\u015aCI MARKETINGOWE INTERNETOWE\"],\"inLanguage\":\"pl-PL\",\"potentialAction\":[{\"@type\":\"CommentAction\",\"name\":\"Comment\",\"target\":[\"https:\\\/\\\/favorite-news.com\\\/pl\\\/unilever-wykorzysta-w-swojej-kampanii-w-polsce-collaborative-ads-facebooka\\\/#respond\"]}]},{\"@type\":\"WebPage\",\"@id\":\"https:\\\/\\\/favorite-news.com\\\/pl\\\/unilever-wykorzysta-w-swojej-kampanii-w-polsce-collaborative-ads-facebooka\\\/\",\"url\":\"https:\\\/\\\/favorite-news.com\\\/pl\\\/unilever-wykorzysta-w-swojej-kampanii-w-polsce-collaborative-ads-facebooka\\\/\",\"name\":\"Unilever wykorzysta w swojej kampanii w Polsce Collaborative Ads Facebooka - Favorite News\",\"isPartOf\":{\"@id\":\"https:\\\/\\\/favorite-news.com\\\/pl\\\/#website\"},\"primaryImageOfPage\":{\"@id\":\"https:\\\/\\\/favorite-news.com\\\/pl\\\/unilever-wykorzysta-w-swojej-kampanii-w-polsce-collaborative-ads-facebooka\\\/#primaryimage\"},\"image\":{\"@id\":\"https:\\\/\\\/favorite-news.com\\\/pl\\\/unilever-wykorzysta-w-swojej-kampanii-w-polsce-collaborative-ads-facebooka\\\/#primaryimage\"},\"thumbnailUrl\":\"https:\\\/\\\/favorite-news.com\\\/pl\\\/wp-content\\\/uploads\\\/sites\\\/6\\\/2019\\\/08\\\/Unilever-widzi-\u201eznacz\u0105cy-wzrost\u201d-skuteczno\u015bci-w-przechodzeniu-na-marketing-oparty.jpg\",\"datePublished\":\"2019-08-03T02:49:07+00:00\",\"dateModified\":\"2019-08-03T02:49:08+00:00\",\"author\":{\"@id\":\"https:\\\/\\\/favorite-news.com\\\/pl\\\/#\\\/schema\\\/person\\\/b91573b717dcfa5e4696032a9d28d3e8\"},\"breadcrumb\":{\"@id\":\"https:\\\/\\\/favorite-news.com\\\/pl\\\/unilever-wykorzysta-w-swojej-kampanii-w-polsce-collaborative-ads-facebooka\\\/#breadcrumb\"},\"inLanguage\":\"pl-PL\",\"potentialAction\":[{\"@type\":\"ReadAction\",\"target\":[\"https:\\\/\\\/favorite-news.com\\\/pl\\\/unilever-wykorzysta-w-swojej-kampanii-w-polsce-collaborative-ads-facebooka\\\/\"]}]},{\"@type\":\"ImageObject\",\"inLanguage\":\"pl-PL\",\"@id\":\"https:\\\/\\\/favorite-news.com\\\/pl\\\/unilever-wykorzysta-w-swojej-kampanii-w-polsce-collaborative-ads-facebooka\\\/#primaryimage\",\"url\":\"https:\\\/\\\/favorite-news.com\\\/pl\\\/wp-content\\\/uploads\\\/sites\\\/6\\\/2019\\\/08\\\/Unilever-widzi-\u201eznacz\u0105cy-wzrost\u201d-skuteczno\u015bci-w-przechodzeniu-na-marketing-oparty.jpg\",\"contentUrl\":\"https:\\\/\\\/favorite-news.com\\\/pl\\\/wp-content\\\/uploads\\\/sites\\\/6\\\/2019\\\/08\\\/Unilever-widzi-\u201eznacz\u0105cy-wzrost\u201d-skuteczno\u015bci-w-przechodzeniu-na-marketing-oparty.jpg\",\"width\":655,\"height\":327,\"caption\":\"Article\"},{\"@type\":\"BreadcrumbList\",\"@id\":\"https:\\\/\\\/favorite-news.com\\\/pl\\\/unilever-wykorzysta-w-swojej-kampanii-w-polsce-collaborative-ads-facebooka\\\/#breadcrumb\",\"itemListElement\":[{\"@type\":\"ListItem\",\"position\":1,\"name\":\"Home\",\"item\":\"https:\\\/\\\/favorite-news.com\\\/pl\\\/\"},{\"@type\":\"ListItem\",\"position\":2,\"name\":\"Unilever wykorzysta w swojej kampanii w Polsce Collaborative Ads Facebooka\"}]},{\"@type\":\"WebSite\",\"@id\":\"https:\\\/\\\/favorite-news.com\\\/pl\\\/#website\",\"url\":\"https:\\\/\\\/favorite-news.com\\\/pl\\\/\",\"name\":\"Favorite News\",\"description\":\"Favorite News Polska\",\"potentialAction\":[{\"@type\":\"SearchAction\",\"target\":{\"@type\":\"EntryPoint\",\"urlTemplate\":\"https:\\\/\\\/favorite-news.com\\\/pl\\\/?s={search_term_string}\"},\"query-input\":{\"@type\":\"PropertyValueSpecification\",\"valueRequired\":true,\"valueName\":\"search_term_string\"}}],\"inLanguage\":\"pl-PL\"},{\"@type\":\"Person\",\"@id\":\"https:\\\/\\\/favorite-news.com\\\/pl\\\/#\\\/schema\\\/person\\\/b91573b717dcfa5e4696032a9d28d3e8\",\"name\":\"favorite-news\",\"image\":{\"@type\":\"ImageObject\",\"inLanguage\":\"pl-PL\",\"@id\":\"https:\\\/\\\/secure.gravatar.com\\\/avatar\\\/6c5a5cb12b74e9d517ee91cf570335b7d16177f1977cc91db161adfa435945a7?s=96&d=mm&r=g\",\"url\":\"https:\\\/\\\/secure.gravatar.com\\\/avatar\\\/6c5a5cb12b74e9d517ee91cf570335b7d16177f1977cc91db161adfa435945a7?s=96&d=mm&r=g\",\"contentUrl\":\"https:\\\/\\\/secure.gravatar.com\\\/avatar\\\/6c5a5cb12b74e9d517ee91cf570335b7d16177f1977cc91db161adfa435945a7?s=96&d=mm&r=g\",\"caption\":\"favorite-news\"},\"url\":\"https:\\\/\\\/favorite-news.com\\\/pl\\\/author\\\/pt\\\/\"}]}<\/script>\n<!-- \/ Yoast SEO plugin. -->","yoast_head_json":{"title":"Unilever wykorzysta w swojej kampanii w Polsce Collaborative Ads Facebooka - Favorite News","robots":{"index":"index","follow":"follow","max-snippet":"max-snippet:-1","max-image-preview":"max-image-preview:large","max-video-preview":"max-video-preview:-1"},"canonical":"https:\/\/favorite-news.com\/pl\/unilever-wykorzysta-w-swojej-kampanii-w-polsce-collaborative-ads-facebooka\/","og_locale":"pl_PL","og_type":"article","og_title":"Unilever wykorzysta w swojej kampanii w Polsce Collaborative Ads Facebooka - Favorite News","og_description":"[ad_1] Zaplanowana kampania b\u0119dzie wspiera\u0107 dzia\u0142ania e-commerce dla marek Unilevera z kategorii chemia domowa, w\u015br\u00f3d kt\u00f3rych jest m.in. Cif. &#13; &#13; Collaborative Ads to produkt reklamowy umo\u017cliwiaj\u0105cy efektywn\u0105 i bezpieczn\u0105 wsp\u00f3\u0142prac\u0119 mi\u0119dzy markami a retailerami, kt\u00f3rzy teraz b\u0119d\u0105 mogli promowa\u0107 wybran\u0105 cz\u0119\u015b\u0107 swojego asortymentu, dzi\u0119ki czemu system automatycznie wybiera produkty danego brandu. Na podstawie tych [&hellip;]","og_url":"https:\/\/favorite-news.com\/pl\/unilever-wykorzysta-w-swojej-kampanii-w-polsce-collaborative-ads-facebooka\/","og_site_name":"Favorite News","article_published_time":"2019-08-03T02:49:07+00:00","article_modified_time":"2019-08-03T02:49:08+00:00","og_image":[{"width":655,"height":327,"url":"https:\/\/favorite-news.com\/pl\/wp-content\/uploads\/sites\/6\/2019\/08\/Unilever-widzi-\u201eznacz\u0105cy-wzrost\u201d-skuteczno\u015bci-w-przechodzeniu-na-marketing-oparty.jpg","type":"image\/jpeg"}],"author":"favorite-news","twitter_card":"summary_large_image","twitter_misc":{"Napisane przez":"favorite-news","Szacowany czas czytania":"1 minuta"},"schema":{"@context":"https:\/\/schema.org","@graph":[{"@type":"Article","@id":"https:\/\/favorite-news.com\/pl\/unilever-wykorzysta-w-swojej-kampanii-w-polsce-collaborative-ads-facebooka\/#article","isPartOf":{"@id":"https:\/\/favorite-news.com\/pl\/unilever-wykorzysta-w-swojej-kampanii-w-polsce-collaborative-ads-facebooka\/"},"author":{"name":"favorite-news","@id":"https:\/\/favorite-news.com\/pl\/#\/schema\/person\/b91573b717dcfa5e4696032a9d28d3e8"},"headline":"Unilever wykorzysta w swojej kampanii w Polsce Collaborative Ads Facebooka","datePublished":"2019-08-03T02:49:07+00:00","dateModified":"2019-08-03T02:49:08+00:00","mainEntityOfPage":{"@id":"https:\/\/favorite-news.com\/pl\/unilever-wykorzysta-w-swojej-kampanii-w-polsce-collaborative-ads-facebooka\/"},"wordCount":229,"commentCount":0,"image":{"@id":"https:\/\/favorite-news.com\/pl\/unilever-wykorzysta-w-swojej-kampanii-w-polsce-collaborative-ads-facebooka\/#primaryimage"},"thumbnailUrl":"https:\/\/favorite-news.com\/pl\/wp-content\/uploads\/sites\/6\/2019\/08\/Unilever-widzi-\u201eznacz\u0105cy-wzrost\u201d-skuteczno\u015bci-w-przechodzeniu-na-marketing-oparty.jpg","articleSection":["WIADOMO\u015aCI MARKETINGOWE INTERNETOWE"],"inLanguage":"pl-PL","potentialAction":[{"@type":"CommentAction","name":"Comment","target":["https:\/\/favorite-news.com\/pl\/unilever-wykorzysta-w-swojej-kampanii-w-polsce-collaborative-ads-facebooka\/#respond"]}]},{"@type":"WebPage","@id":"https:\/\/favorite-news.com\/pl\/unilever-wykorzysta-w-swojej-kampanii-w-polsce-collaborative-ads-facebooka\/","url":"https:\/\/favorite-news.com\/pl\/unilever-wykorzysta-w-swojej-kampanii-w-polsce-collaborative-ads-facebooka\/","name":"Unilever wykorzysta w swojej kampanii w Polsce Collaborative Ads Facebooka - Favorite News","isPartOf":{"@id":"https:\/\/favorite-news.com\/pl\/#website"},"primaryImageOfPage":{"@id":"https:\/\/favorite-news.com\/pl\/unilever-wykorzysta-w-swojej-kampanii-w-polsce-collaborative-ads-facebooka\/#primaryimage"},"image":{"@id":"https:\/\/favorite-news.com\/pl\/unilever-wykorzysta-w-swojej-kampanii-w-polsce-collaborative-ads-facebooka\/#primaryimage"},"thumbnailUrl":"https:\/\/favorite-news.com\/pl\/wp-content\/uploads\/sites\/6\/2019\/08\/Unilever-widzi-\u201eznacz\u0105cy-wzrost\u201d-skuteczno\u015bci-w-przechodzeniu-na-marketing-oparty.jpg","datePublished":"2019-08-03T02:49:07+00:00","dateModified":"2019-08-03T02:49:08+00:00","author":{"@id":"https:\/\/favorite-news.com\/pl\/#\/schema\/person\/b91573b717dcfa5e4696032a9d28d3e8"},"breadcrumb":{"@id":"https:\/\/favorite-news.com\/pl\/unilever-wykorzysta-w-swojej-kampanii-w-polsce-collaborative-ads-facebooka\/#breadcrumb"},"inLanguage":"pl-PL","potentialAction":[{"@type":"ReadAction","target":["https:\/\/favorite-news.com\/pl\/unilever-wykorzysta-w-swojej-kampanii-w-polsce-collaborative-ads-facebooka\/"]}]},{"@type":"ImageObject","inLanguage":"pl-PL","@id":"https:\/\/favorite-news.com\/pl\/unilever-wykorzysta-w-swojej-kampanii-w-polsce-collaborative-ads-facebooka\/#primaryimage","url":"https:\/\/favorite-news.com\/pl\/wp-content\/uploads\/sites\/6\/2019\/08\/Unilever-widzi-\u201eznacz\u0105cy-wzrost\u201d-skuteczno\u015bci-w-przechodzeniu-na-marketing-oparty.jpg","contentUrl":"https:\/\/favorite-news.com\/pl\/wp-content\/uploads\/sites\/6\/2019\/08\/Unilever-widzi-\u201eznacz\u0105cy-wzrost\u201d-skuteczno\u015bci-w-przechodzeniu-na-marketing-oparty.jpg","width":655,"height":327,"caption":"Article"},{"@type":"BreadcrumbList","@id":"https:\/\/favorite-news.com\/pl\/unilever-wykorzysta-w-swojej-kampanii-w-polsce-collaborative-ads-facebooka\/#breadcrumb","itemListElement":[{"@type":"ListItem","position":1,"name":"Home","item":"https:\/\/favorite-news.com\/pl\/"},{"@type":"ListItem","position":2,"name":"Unilever wykorzysta w swojej kampanii w Polsce Collaborative Ads Facebooka"}]},{"@type":"WebSite","@id":"https:\/\/favorite-news.com\/pl\/#website","url":"https:\/\/favorite-news.com\/pl\/","name":"Favorite News","description":"Favorite News Polska","potentialAction":[{"@type":"SearchAction","target":{"@type":"EntryPoint","urlTemplate":"https:\/\/favorite-news.com\/pl\/?s={search_term_string}"},"query-input":{"@type":"PropertyValueSpecification","valueRequired":true,"valueName":"search_term_string"}}],"inLanguage":"pl-PL"},{"@type":"Person","@id":"https:\/\/favorite-news.com\/pl\/#\/schema\/person\/b91573b717dcfa5e4696032a9d28d3e8","name":"favorite-news","image":{"@type":"ImageObject","inLanguage":"pl-PL","@id":"https:\/\/secure.gravatar.com\/avatar\/6c5a5cb12b74e9d517ee91cf570335b7d16177f1977cc91db161adfa435945a7?s=96&d=mm&r=g","url":"https:\/\/secure.gravatar.com\/avatar\/6c5a5cb12b74e9d517ee91cf570335b7d16177f1977cc91db161adfa435945a7?s=96&d=mm&r=g","contentUrl":"https:\/\/secure.gravatar.com\/avatar\/6c5a5cb12b74e9d517ee91cf570335b7d16177f1977cc91db161adfa435945a7?s=96&d=mm&r=g","caption":"favorite-news"},"url":"https:\/\/favorite-news.com\/pl\/author\/pt\/"}]}},"_links":{"self":[{"href":"https:\/\/favorite-news.com\/pl\/wp-json\/wp\/v2\/posts\/3191","targetHints":{"allow":["GET"]}}],"collection":[{"href":"https:\/\/favorite-news.com\/pl\/wp-json\/wp\/v2\/posts"}],"about":[{"href":"https:\/\/favorite-news.com\/pl\/wp-json\/wp\/v2\/types\/post"}],"author":[{"embeddable":true,"href":"https:\/\/favorite-news.com\/pl\/wp-json\/wp\/v2\/users\/2"}],"replies":[{"embeddable":true,"href":"https:\/\/favorite-news.com\/pl\/wp-json\/wp\/v2\/comments?post=3191"}],"version-history":[{"count":1,"href":"https:\/\/favorite-news.com\/pl\/wp-json\/wp\/v2\/posts\/3191\/revisions"}],"predecessor-version":[{"id":3192,"href":"https:\/\/favorite-news.com\/pl\/wp-json\/wp\/v2\/posts\/3191\/revisions\/3192"}],"wp:featuredmedia":[{"embeddable":true,"href":"https:\/\/favorite-news.com\/pl\/wp-json\/wp\/v2\/media\/3126"}],"wp:attachment":[{"href":"https:\/\/favorite-news.com\/pl\/wp-json\/wp\/v2\/media?parent=3191"}],"wp:term":[{"taxonomy":"category","embeddable":true,"href":"https:\/\/favorite-news.com\/pl\/wp-json\/wp\/v2\/categories?post=3191"},{"taxonomy":"post_tag","embeddable":true,"href":"https:\/\/favorite-news.com\/pl\/wp-json\/wp\/v2\/tags?post=3191"}],"curies":[{"name":"wp","href":"https:\/\/api.w.org\/{rel}","templated":true}]}}