{"id":319,"date":"2019-05-06T11:34:16","date_gmt":"2019-05-06T08:34:16","guid":{"rendered":"https:\/\/favorite-news.com\/pl\/kancelaria-premiera-piatka-kaczynskiego-spoty-wybrano-firme-produkcyjna\/"},"modified":"2019-05-06T11:34:17","modified_gmt":"2019-05-06T08:34:17","slug":"kancelaria-premiera-piatka-kaczynskiego-spoty-wybrano-firme-produkcyjna","status":"publish","type":"post","link":"https:\/\/favorite-news.com\/pl\/kancelaria-premiera-piatka-kaczynskiego-spoty-wybrano-firme-produkcyjna\/","title":{"rendered":"Kancelaria premiera \u201epi\u0105tka Kaczy\u0144skiego\u201d spoty: wybrano firm\u0119 produkcyjn\u0105"},"content":{"rendered":"<p> [ad_1]<br \/>\n<\/p>\n<div id=\"\">\n<p>W przetargu Kancelarii Premiera dotycz\u0105cym wyboru firmy do produkcji spot\u00f3w informacyjno-promocyjnych do kampanii promuj\u0105cej aktualne dzia\u0142ania obecnego rz\u0105du<strong> rywalizowa\u0142o dziesi\u0119\u0107 firm<\/strong>.<\/p>\n<p>&#13;<br \/>\n&#13;<\/p>\n<p>By\u0142y to World Media, Megaprojekt Bartosz Aninowski, El\u017cbieta Tutka AV Production , Mil-Bud, Masaporta, Ostro Bart\u0142omiej Osses, ZPR Media , Big Idea Promotions , Manufaktura Marek Kogucik, Golden Storm Film.<\/p>\n<p>&#13;<br \/>\n&#13;<\/p>\n<p><strong>KPRM wybra\u0142a ofert\u0119 z najni\u017csz\u0105 cen\u0105 &#8211; 168 510 z\u0142 &#8211; z\u0142o\u017con\u0105 przez firm\u0119 El\u017cbieta Tutka AV Production<\/strong>. To znacznie mniej od zaplanowanego na realizacj\u0119 tego zam\u00f3wienia przez Kancelari\u0119 Premiera<strong> bud\u017cetu, kt\u00f3ry wynosi\u0142 762,6 tys. z\u0142.<\/strong><\/p>\n<p>&#13;<br \/>\n&#13;<\/p>\n<p>Wybrana firma przygotuje i wyprodukuje spoty informacyjno-promocyjne w oparciu o scenariusz, kt\u00f3ry powstanie we wsp\u00f3\u0142pracy z KPRM. Maj\u0105 to by\u0107 trzy spoty telewizyjne (15-sekundowy i dwa 30-sekundowe) oraz trzy spoty radiowe.<strong> B\u0119d\u0105 emitowane w telewizjach, radiu oraz w internecie. Osoby wyst\u0119puj\u0105ce w spotach ma zapewni\u0107 KPRM. Filmy te maj\u0105 promowa\u0107 programy rz\u0105dowe i korzy\u015bci, jakie ma z nich przeci\u0119tny obywatel<\/strong>.<\/p>\n<p>&#13;<br \/>\n&#13;<\/p>\n<p>Nie mog\u0105 by\u0107 w pe\u0142ni animowane, ich j\u0119zyk ma by\u0107 prosty i zrozumia\u0142y. Maj\u0105 mie\u0107 pozytywny przekaz, wzbudza\u0107 pozytywne emocje, przykuwa\u0107 uwag\u0119. Umowa ze zwyci\u0119sk\u0105 firm\u0105 zostanie zawarta do ko\u0144ca pa\u017adziernika br.<\/p>\n<p>&#13;<br \/>\n&#13;<\/p>\n<p>Przypomnijmy, \u017ce KPRM jest w trakcie przetargu dotycz\u0105cego zakupu powierzchni w dw\u00f3ch og\u00f3lnopolskich dziennikach, w kt\u00f3rych maj\u0105 ukazywa\u0107 si\u0119 reklamy \u201epi\u0105tki Kaczy\u0144skiego\u201d. Ponadto szuka agencji, kt\u00f3ra zajmie si\u0119 kampani\u0105 w social mediach i innych serwisach internetowych.<\/p>\n<p>&#13;<br \/>\n                            &#13;<br \/>\n&#13;<br \/>\n                            &#13;<br \/>\n&#13;<br \/>\n&#13;<br \/>\n&#13;<br \/>\n&#13;<br \/>\n&#13;<br \/>\n                            &#13;<br \/>\n                                                            &#13;<br \/>\n&#13;<br \/>\n                            &#13;\n                        <\/p><\/div>\n<p><script>(function (d, s, id) {\n        var js, fjs = d.getElementsByTagName(s)[0];\n        if (d.getElementById(id)) return;\n        js = d.createElement(s);\n        js.id = id;\n        js.src = \"http:\/\/connect.facebook.net\/pl_PL\/sdk.js#xfbml=1&version=v2.6&appId=297996717062470\";\n        fjs.parentNode.insertBefore(js, fjs);\n    }(document, 'script', 'facebook-jssdk'));<\/script><br \/>\n<br \/>[ad_2]<br \/>\n<br \/><a href=\"https:\/\/www.wirtualnemedia.pl\/artykul\/kancelaria-premiera-piatka-kaczynskiego-spoty-wybrano-firme-produkcyjna\">Source link <\/a><\/p>\n","protected":false},"excerpt":{"rendered":"<p>[ad_1] W przetargu Kancelarii Premiera dotycz\u0105cym wyboru firmy do produkcji spot\u00f3w informacyjno-promocyjnych do kampanii promuj\u0105cej aktualne dzia\u0142ania obecnego rz\u0105du rywalizowa\u0142o dziesi\u0119\u0107 firm. &#13; &#13; By\u0142y to World Media, Megaprojekt Bartosz Aninowski, El\u017cbieta Tutka AV Production , Mil-Bud, Masaporta, Ostro Bart\u0142omiej Osses, ZPR Media , Big Idea Promotions , Manufaktura Marek Kogucik, Golden Storm Film. &#13; [&hellip;]<\/p>\n","protected":false},"author":2,"featured_media":320,"comment_status":"open","ping_status":"open","sticky":false,"template":"","format":"standard","meta":{"footnotes":""},"categories":[2],"tags":[],"class_list":["post-319","post","type-post","status-publish","format-standard","has-post-thumbnail","hentry","category-wiadomosci-marketingowe-internetowe"],"yoast_head":"<!-- This site is optimized with the Yoast SEO plugin v27.4 - https:\/\/yoast.com\/product\/yoast-seo-wordpress\/ -->\n<title>Kancelaria premiera \u201epi\u0105tka Kaczy\u0144skiego\u201d spoty: wybrano firm\u0119 produkcyjn\u0105 - Favorite News<\/title>\n<meta name=\"robots\" content=\"index, follow, max-snippet:-1, max-image-preview:large, max-video-preview:-1\" \/>\n<link rel=\"canonical\" href=\"https:\/\/favorite-news.com\/pl\/kancelaria-premiera-piatka-kaczynskiego-spoty-wybrano-firme-produkcyjna\/\" \/>\n<meta property=\"og:locale\" content=\"pl_PL\" \/>\n<meta property=\"og:type\" content=\"article\" \/>\n<meta property=\"og:title\" content=\"Kancelaria premiera \u201epi\u0105tka Kaczy\u0144skiego\u201d spoty: wybrano firm\u0119 produkcyjn\u0105 - Favorite News\" \/>\n<meta property=\"og:description\" content=\"[ad_1] W przetargu Kancelarii Premiera dotycz\u0105cym wyboru firmy do produkcji spot\u00f3w informacyjno-promocyjnych do kampanii promuj\u0105cej aktualne dzia\u0142ania obecnego rz\u0105du rywalizowa\u0142o dziesi\u0119\u0107 firm. &#013; &#013; By\u0142y to World Media, Megaprojekt Bartosz Aninowski, El\u017cbieta Tutka AV Production , Mil-Bud, Masaporta, Ostro Bart\u0142omiej Osses, ZPR Media , Big Idea Promotions , Manufaktura Marek Kogucik, Golden Storm Film. &#013; [&hellip;]\" \/>\n<meta property=\"og:url\" content=\"https:\/\/favorite-news.com\/pl\/kancelaria-premiera-piatka-kaczynskiego-spoty-wybrano-firme-produkcyjna\/\" \/>\n<meta property=\"og:site_name\" content=\"Favorite News\" \/>\n<meta property=\"article:published_time\" content=\"2019-05-06T08:34:16+00:00\" \/>\n<meta property=\"article:modified_time\" content=\"2019-05-06T08:34:17+00:00\" \/>\n<meta property=\"og:image\" content=\"https:\/\/favorite-news.com\/pl\/wp-content\/uploads\/sites\/6\/2019\/05\/Kancelaria-premiera-\u201epi\u0105tka-Kaczy\u0144skiego\u201d-spoty-wybrano-firm\u0119-produkcyjn\u0105.jpg\" \/>\n\t<meta property=\"og:image:width\" content=\"655\" \/>\n\t<meta property=\"og:image:height\" content=\"412\" \/>\n\t<meta property=\"og:image:type\" content=\"image\/jpeg\" \/>\n<meta name=\"author\" content=\"favorite-news\" \/>\n<meta name=\"twitter:card\" content=\"summary_large_image\" \/>\n<meta name=\"twitter:label1\" content=\"Napisane przez\" \/>\n\t<meta name=\"twitter:data1\" content=\"favorite-news\" \/>\n\t<meta name=\"twitter:label2\" content=\"Szacowany czas czytania\" \/>\n\t<meta name=\"twitter:data2\" content=\"1 minuta\" \/>\n<script type=\"application\/ld+json\" class=\"yoast-schema-graph\">{\"@context\":\"https:\\\/\\\/schema.org\",\"@graph\":[{\"@type\":\"Article\",\"@id\":\"https:\\\/\\\/favorite-news.com\\\/pl\\\/kancelaria-premiera-piatka-kaczynskiego-spoty-wybrano-firme-produkcyjna\\\/#article\",\"isPartOf\":{\"@id\":\"https:\\\/\\\/favorite-news.com\\\/pl\\\/kancelaria-premiera-piatka-kaczynskiego-spoty-wybrano-firme-produkcyjna\\\/\"},\"author\":{\"name\":\"favorite-news\",\"@id\":\"https:\\\/\\\/favorite-news.com\\\/pl\\\/#\\\/schema\\\/person\\\/b91573b717dcfa5e4696032a9d28d3e8\"},\"headline\":\"Kancelaria premiera \u201epi\u0105tka Kaczy\u0144skiego\u201d spoty: wybrano firm\u0119 produkcyjn\u0105\",\"datePublished\":\"2019-05-06T08:34:16+00:00\",\"dateModified\":\"2019-05-06T08:34:17+00:00\",\"mainEntityOfPage\":{\"@id\":\"https:\\\/\\\/favorite-news.com\\\/pl\\\/kancelaria-premiera-piatka-kaczynskiego-spoty-wybrano-firme-produkcyjna\\\/\"},\"wordCount\":261,\"commentCount\":0,\"image\":{\"@id\":\"https:\\\/\\\/favorite-news.com\\\/pl\\\/kancelaria-premiera-piatka-kaczynskiego-spoty-wybrano-firme-produkcyjna\\\/#primaryimage\"},\"thumbnailUrl\":\"https:\\\/\\\/favorite-news.com\\\/pl\\\/wp-content\\\/uploads\\\/sites\\\/6\\\/2019\\\/05\\\/Kancelaria-premiera-\u201epi\u0105tka-Kaczy\u0144skiego\u201d-spoty-wybrano-firm\u0119-produkcyjn\u0105.jpg\",\"articleSection\":[\"WIADOMO\u015aCI MARKETINGOWE INTERNETOWE\"],\"inLanguage\":\"pl-PL\",\"potentialAction\":[{\"@type\":\"CommentAction\",\"name\":\"Comment\",\"target\":[\"https:\\\/\\\/favorite-news.com\\\/pl\\\/kancelaria-premiera-piatka-kaczynskiego-spoty-wybrano-firme-produkcyjna\\\/#respond\"]}]},{\"@type\":\"WebPage\",\"@id\":\"https:\\\/\\\/favorite-news.com\\\/pl\\\/kancelaria-premiera-piatka-kaczynskiego-spoty-wybrano-firme-produkcyjna\\\/\",\"url\":\"https:\\\/\\\/favorite-news.com\\\/pl\\\/kancelaria-premiera-piatka-kaczynskiego-spoty-wybrano-firme-produkcyjna\\\/\",\"name\":\"Kancelaria premiera \u201epi\u0105tka Kaczy\u0144skiego\u201d spoty: wybrano firm\u0119 produkcyjn\u0105 - Favorite News\",\"isPartOf\":{\"@id\":\"https:\\\/\\\/favorite-news.com\\\/pl\\\/#website\"},\"primaryImageOfPage\":{\"@id\":\"https:\\\/\\\/favorite-news.com\\\/pl\\\/kancelaria-premiera-piatka-kaczynskiego-spoty-wybrano-firme-produkcyjna\\\/#primaryimage\"},\"image\":{\"@id\":\"https:\\\/\\\/favorite-news.com\\\/pl\\\/kancelaria-premiera-piatka-kaczynskiego-spoty-wybrano-firme-produkcyjna\\\/#primaryimage\"},\"thumbnailUrl\":\"https:\\\/\\\/favorite-news.com\\\/pl\\\/wp-content\\\/uploads\\\/sites\\\/6\\\/2019\\\/05\\\/Kancelaria-premiera-\u201epi\u0105tka-Kaczy\u0144skiego\u201d-spoty-wybrano-firm\u0119-produkcyjn\u0105.jpg\",\"datePublished\":\"2019-05-06T08:34:16+00:00\",\"dateModified\":\"2019-05-06T08:34:17+00:00\",\"author\":{\"@id\":\"https:\\\/\\\/favorite-news.com\\\/pl\\\/#\\\/schema\\\/person\\\/b91573b717dcfa5e4696032a9d28d3e8\"},\"breadcrumb\":{\"@id\":\"https:\\\/\\\/favorite-news.com\\\/pl\\\/kancelaria-premiera-piatka-kaczynskiego-spoty-wybrano-firme-produkcyjna\\\/#breadcrumb\"},\"inLanguage\":\"pl-PL\",\"potentialAction\":[{\"@type\":\"ReadAction\",\"target\":[\"https:\\\/\\\/favorite-news.com\\\/pl\\\/kancelaria-premiera-piatka-kaczynskiego-spoty-wybrano-firme-produkcyjna\\\/\"]}]},{\"@type\":\"ImageObject\",\"inLanguage\":\"pl-PL\",\"@id\":\"https:\\\/\\\/favorite-news.com\\\/pl\\\/kancelaria-premiera-piatka-kaczynskiego-spoty-wybrano-firme-produkcyjna\\\/#primaryimage\",\"url\":\"https:\\\/\\\/favorite-news.com\\\/pl\\\/wp-content\\\/uploads\\\/sites\\\/6\\\/2019\\\/05\\\/Kancelaria-premiera-\u201epi\u0105tka-Kaczy\u0144skiego\u201d-spoty-wybrano-firm\u0119-produkcyjn\u0105.jpg\",\"contentUrl\":\"https:\\\/\\\/favorite-news.com\\\/pl\\\/wp-content\\\/uploads\\\/sites\\\/6\\\/2019\\\/05\\\/Kancelaria-premiera-\u201epi\u0105tka-Kaczy\u0144skiego\u201d-spoty-wybrano-firm\u0119-produkcyjn\u0105.jpg\",\"width\":655,\"height\":412,\"caption\":\"Article\"},{\"@type\":\"BreadcrumbList\",\"@id\":\"https:\\\/\\\/favorite-news.com\\\/pl\\\/kancelaria-premiera-piatka-kaczynskiego-spoty-wybrano-firme-produkcyjna\\\/#breadcrumb\",\"itemListElement\":[{\"@type\":\"ListItem\",\"position\":1,\"name\":\"Home\",\"item\":\"https:\\\/\\\/favorite-news.com\\\/pl\\\/\"},{\"@type\":\"ListItem\",\"position\":2,\"name\":\"Kancelaria premiera \u201epi\u0105tka Kaczy\u0144skiego\u201d spoty: wybrano firm\u0119 produkcyjn\u0105\"}]},{\"@type\":\"WebSite\",\"@id\":\"https:\\\/\\\/favorite-news.com\\\/pl\\\/#website\",\"url\":\"https:\\\/\\\/favorite-news.com\\\/pl\\\/\",\"name\":\"Favorite News\",\"description\":\"Favorite News Polska\",\"potentialAction\":[{\"@type\":\"SearchAction\",\"target\":{\"@type\":\"EntryPoint\",\"urlTemplate\":\"https:\\\/\\\/favorite-news.com\\\/pl\\\/?s={search_term_string}\"},\"query-input\":{\"@type\":\"PropertyValueSpecification\",\"valueRequired\":true,\"valueName\":\"search_term_string\"}}],\"inLanguage\":\"pl-PL\"},{\"@type\":\"Person\",\"@id\":\"https:\\\/\\\/favorite-news.com\\\/pl\\\/#\\\/schema\\\/person\\\/b91573b717dcfa5e4696032a9d28d3e8\",\"name\":\"favorite-news\",\"image\":{\"@type\":\"ImageObject\",\"inLanguage\":\"pl-PL\",\"@id\":\"https:\\\/\\\/secure.gravatar.com\\\/avatar\\\/6c5a5cb12b74e9d517ee91cf570335b7d16177f1977cc91db161adfa435945a7?s=96&d=mm&r=g\",\"url\":\"https:\\\/\\\/secure.gravatar.com\\\/avatar\\\/6c5a5cb12b74e9d517ee91cf570335b7d16177f1977cc91db161adfa435945a7?s=96&d=mm&r=g\",\"contentUrl\":\"https:\\\/\\\/secure.gravatar.com\\\/avatar\\\/6c5a5cb12b74e9d517ee91cf570335b7d16177f1977cc91db161adfa435945a7?s=96&d=mm&r=g\",\"caption\":\"favorite-news\"},\"url\":\"https:\\\/\\\/favorite-news.com\\\/pl\\\/author\\\/pt\\\/\"}]}<\/script>\n<!-- \/ Yoast SEO plugin. -->","yoast_head_json":{"title":"Kancelaria premiera \u201epi\u0105tka Kaczy\u0144skiego\u201d spoty: wybrano firm\u0119 produkcyjn\u0105 - Favorite News","robots":{"index":"index","follow":"follow","max-snippet":"max-snippet:-1","max-image-preview":"max-image-preview:large","max-video-preview":"max-video-preview:-1"},"canonical":"https:\/\/favorite-news.com\/pl\/kancelaria-premiera-piatka-kaczynskiego-spoty-wybrano-firme-produkcyjna\/","og_locale":"pl_PL","og_type":"article","og_title":"Kancelaria premiera \u201epi\u0105tka Kaczy\u0144skiego\u201d spoty: wybrano firm\u0119 produkcyjn\u0105 - Favorite News","og_description":"[ad_1] W przetargu Kancelarii Premiera dotycz\u0105cym wyboru firmy do produkcji spot\u00f3w informacyjno-promocyjnych do kampanii promuj\u0105cej aktualne dzia\u0142ania obecnego rz\u0105du rywalizowa\u0142o dziesi\u0119\u0107 firm. &#13; &#13; By\u0142y to World Media, Megaprojekt Bartosz Aninowski, El\u017cbieta Tutka AV Production , Mil-Bud, Masaporta, Ostro Bart\u0142omiej Osses, ZPR Media , Big Idea Promotions , Manufaktura Marek Kogucik, Golden Storm Film. &#13; [&hellip;]","og_url":"https:\/\/favorite-news.com\/pl\/kancelaria-premiera-piatka-kaczynskiego-spoty-wybrano-firme-produkcyjna\/","og_site_name":"Favorite News","article_published_time":"2019-05-06T08:34:16+00:00","article_modified_time":"2019-05-06T08:34:17+00:00","og_image":[{"width":655,"height":412,"url":"https:\/\/favorite-news.com\/pl\/wp-content\/uploads\/sites\/6\/2019\/05\/Kancelaria-premiera-\u201epi\u0105tka-Kaczy\u0144skiego\u201d-spoty-wybrano-firm\u0119-produkcyjn\u0105.jpg","type":"image\/jpeg"}],"author":"favorite-news","twitter_card":"summary_large_image","twitter_misc":{"Napisane przez":"favorite-news","Szacowany czas czytania":"1 minuta"},"schema":{"@context":"https:\/\/schema.org","@graph":[{"@type":"Article","@id":"https:\/\/favorite-news.com\/pl\/kancelaria-premiera-piatka-kaczynskiego-spoty-wybrano-firme-produkcyjna\/#article","isPartOf":{"@id":"https:\/\/favorite-news.com\/pl\/kancelaria-premiera-piatka-kaczynskiego-spoty-wybrano-firme-produkcyjna\/"},"author":{"name":"favorite-news","@id":"https:\/\/favorite-news.com\/pl\/#\/schema\/person\/b91573b717dcfa5e4696032a9d28d3e8"},"headline":"Kancelaria premiera \u201epi\u0105tka Kaczy\u0144skiego\u201d spoty: wybrano firm\u0119 produkcyjn\u0105","datePublished":"2019-05-06T08:34:16+00:00","dateModified":"2019-05-06T08:34:17+00:00","mainEntityOfPage":{"@id":"https:\/\/favorite-news.com\/pl\/kancelaria-premiera-piatka-kaczynskiego-spoty-wybrano-firme-produkcyjna\/"},"wordCount":261,"commentCount":0,"image":{"@id":"https:\/\/favorite-news.com\/pl\/kancelaria-premiera-piatka-kaczynskiego-spoty-wybrano-firme-produkcyjna\/#primaryimage"},"thumbnailUrl":"https:\/\/favorite-news.com\/pl\/wp-content\/uploads\/sites\/6\/2019\/05\/Kancelaria-premiera-\u201epi\u0105tka-Kaczy\u0144skiego\u201d-spoty-wybrano-firm\u0119-produkcyjn\u0105.jpg","articleSection":["WIADOMO\u015aCI MARKETINGOWE INTERNETOWE"],"inLanguage":"pl-PL","potentialAction":[{"@type":"CommentAction","name":"Comment","target":["https:\/\/favorite-news.com\/pl\/kancelaria-premiera-piatka-kaczynskiego-spoty-wybrano-firme-produkcyjna\/#respond"]}]},{"@type":"WebPage","@id":"https:\/\/favorite-news.com\/pl\/kancelaria-premiera-piatka-kaczynskiego-spoty-wybrano-firme-produkcyjna\/","url":"https:\/\/favorite-news.com\/pl\/kancelaria-premiera-piatka-kaczynskiego-spoty-wybrano-firme-produkcyjna\/","name":"Kancelaria premiera \u201epi\u0105tka Kaczy\u0144skiego\u201d spoty: wybrano firm\u0119 produkcyjn\u0105 - Favorite News","isPartOf":{"@id":"https:\/\/favorite-news.com\/pl\/#website"},"primaryImageOfPage":{"@id":"https:\/\/favorite-news.com\/pl\/kancelaria-premiera-piatka-kaczynskiego-spoty-wybrano-firme-produkcyjna\/#primaryimage"},"image":{"@id":"https:\/\/favorite-news.com\/pl\/kancelaria-premiera-piatka-kaczynskiego-spoty-wybrano-firme-produkcyjna\/#primaryimage"},"thumbnailUrl":"https:\/\/favorite-news.com\/pl\/wp-content\/uploads\/sites\/6\/2019\/05\/Kancelaria-premiera-\u201epi\u0105tka-Kaczy\u0144skiego\u201d-spoty-wybrano-firm\u0119-produkcyjn\u0105.jpg","datePublished":"2019-05-06T08:34:16+00:00","dateModified":"2019-05-06T08:34:17+00:00","author":{"@id":"https:\/\/favorite-news.com\/pl\/#\/schema\/person\/b91573b717dcfa5e4696032a9d28d3e8"},"breadcrumb":{"@id":"https:\/\/favorite-news.com\/pl\/kancelaria-premiera-piatka-kaczynskiego-spoty-wybrano-firme-produkcyjna\/#breadcrumb"},"inLanguage":"pl-PL","potentialAction":[{"@type":"ReadAction","target":["https:\/\/favorite-news.com\/pl\/kancelaria-premiera-piatka-kaczynskiego-spoty-wybrano-firme-produkcyjna\/"]}]},{"@type":"ImageObject","inLanguage":"pl-PL","@id":"https:\/\/favorite-news.com\/pl\/kancelaria-premiera-piatka-kaczynskiego-spoty-wybrano-firme-produkcyjna\/#primaryimage","url":"https:\/\/favorite-news.com\/pl\/wp-content\/uploads\/sites\/6\/2019\/05\/Kancelaria-premiera-\u201epi\u0105tka-Kaczy\u0144skiego\u201d-spoty-wybrano-firm\u0119-produkcyjn\u0105.jpg","contentUrl":"https:\/\/favorite-news.com\/pl\/wp-content\/uploads\/sites\/6\/2019\/05\/Kancelaria-premiera-\u201epi\u0105tka-Kaczy\u0144skiego\u201d-spoty-wybrano-firm\u0119-produkcyjn\u0105.jpg","width":655,"height":412,"caption":"Article"},{"@type":"BreadcrumbList","@id":"https:\/\/favorite-news.com\/pl\/kancelaria-premiera-piatka-kaczynskiego-spoty-wybrano-firme-produkcyjna\/#breadcrumb","itemListElement":[{"@type":"ListItem","position":1,"name":"Home","item":"https:\/\/favorite-news.com\/pl\/"},{"@type":"ListItem","position":2,"name":"Kancelaria premiera \u201epi\u0105tka Kaczy\u0144skiego\u201d spoty: wybrano firm\u0119 produkcyjn\u0105"}]},{"@type":"WebSite","@id":"https:\/\/favorite-news.com\/pl\/#website","url":"https:\/\/favorite-news.com\/pl\/","name":"Favorite News","description":"Favorite News Polska","potentialAction":[{"@type":"SearchAction","target":{"@type":"EntryPoint","urlTemplate":"https:\/\/favorite-news.com\/pl\/?s={search_term_string}"},"query-input":{"@type":"PropertyValueSpecification","valueRequired":true,"valueName":"search_term_string"}}],"inLanguage":"pl-PL"},{"@type":"Person","@id":"https:\/\/favorite-news.com\/pl\/#\/schema\/person\/b91573b717dcfa5e4696032a9d28d3e8","name":"favorite-news","image":{"@type":"ImageObject","inLanguage":"pl-PL","@id":"https:\/\/secure.gravatar.com\/avatar\/6c5a5cb12b74e9d517ee91cf570335b7d16177f1977cc91db161adfa435945a7?s=96&d=mm&r=g","url":"https:\/\/secure.gravatar.com\/avatar\/6c5a5cb12b74e9d517ee91cf570335b7d16177f1977cc91db161adfa435945a7?s=96&d=mm&r=g","contentUrl":"https:\/\/secure.gravatar.com\/avatar\/6c5a5cb12b74e9d517ee91cf570335b7d16177f1977cc91db161adfa435945a7?s=96&d=mm&r=g","caption":"favorite-news"},"url":"https:\/\/favorite-news.com\/pl\/author\/pt\/"}]}},"_links":{"self":[{"href":"https:\/\/favorite-news.com\/pl\/wp-json\/wp\/v2\/posts\/319","targetHints":{"allow":["GET"]}}],"collection":[{"href":"https:\/\/favorite-news.com\/pl\/wp-json\/wp\/v2\/posts"}],"about":[{"href":"https:\/\/favorite-news.com\/pl\/wp-json\/wp\/v2\/types\/post"}],"author":[{"embeddable":true,"href":"https:\/\/favorite-news.com\/pl\/wp-json\/wp\/v2\/users\/2"}],"replies":[{"embeddable":true,"href":"https:\/\/favorite-news.com\/pl\/wp-json\/wp\/v2\/comments?post=319"}],"version-history":[{"count":1,"href":"https:\/\/favorite-news.com\/pl\/wp-json\/wp\/v2\/posts\/319\/revisions"}],"predecessor-version":[{"id":321,"href":"https:\/\/favorite-news.com\/pl\/wp-json\/wp\/v2\/posts\/319\/revisions\/321"}],"wp:featuredmedia":[{"embeddable":true,"href":"https:\/\/favorite-news.com\/pl\/wp-json\/wp\/v2\/media\/320"}],"wp:attachment":[{"href":"https:\/\/favorite-news.com\/pl\/wp-json\/wp\/v2\/media?parent=319"}],"wp:term":[{"taxonomy":"category","embeddable":true,"href":"https:\/\/favorite-news.com\/pl\/wp-json\/wp\/v2\/categories?post=319"},{"taxonomy":"post_tag","embeddable":true,"href":"https:\/\/favorite-news.com\/pl\/wp-json\/wp\/v2\/tags?post=319"}],"curies":[{"name":"wp","href":"https:\/\/api.w.org\/{rel}","templated":true}]}}