{"id":3176,"date":"2019-08-02T23:04:22","date_gmt":"2019-08-02T20:04:22","guid":{"rendered":"https:\/\/favorite-news.com\/pl\/sprite-transparent-niech-gadaja-zyj-rzesko-na-polandrock-festival\/"},"modified":"2019-08-02T23:04:24","modified_gmt":"2019-08-02T20:04:24","slug":"sprite-transparent-niech-gadaja-zyj-rzesko-na-polandrock-festival","status":"publish","type":"post","link":"https:\/\/favorite-news.com\/pl\/sprite-transparent-niech-gadaja-zyj-rzesko-na-polandrock-festival\/","title":{"rendered":"Sprite transparent Niech gadaj\u0105. \u017byj rze\u015bko na Pol\u2019and\u2019Rock Festival"},"content":{"rendered":"<p> [ad_1]<br \/>\n<\/p>\n<div id=\"\">\n<p>O tym, jak pokona\u0107 nienawi\u015b\u0107, Sprite przypomni kolejny raz podczas tegorocznego festiwalu Pol\u2019and\u2019Rock w Kostrzynie nad Odr\u0105. Wspieraj\u0105c tegoroczn\u0105 akcj\u0119 Jurka Owsiaka \u201eHejt mi nie gra\u201d, marka postawi w pobli\u017cu sceny ogromny napis \u201eI Love You Hater\u201d. Litery sk\u0142adaj\u0105ce si\u0119 na g\u0142\u00f3wny przekaz bie\u017c\u0105cej kampanii Sprite b\u0119d\u0105 mia\u0142y a\u017c 8 metr\u00f3w d\u0142ugo\u015bci i 4,5 metra wysoko\u015bci.<\/p>\n<p>&#13;<br \/>\n&#13;<\/p>\n<p>Marka zadba r\u00f3wnie\u017c o armatki wodne, kt\u00f3re w weekend, pod has\u0142em \u201eOlej hejt\u201d, orze\u017awi\u0105 festiwalowicz\u00f3w bawi\u0105cych si\u0119 przy du\u017cej scenie.<\/p>\n<p>&#13;<br \/>\n&#13;<\/p>\n<p>Przekaz akcji brzmi: na nienawi\u015b\u0107 warto odpowiada\u0107 tylko mi\u0142o\u015bci\u0105.<\/p>\n<p>&#13;<br \/>\n&#13;<\/p>\n<p>&#13;<br \/>\n&#13;<\/p>\n<p><span style=\"font-size:20px;\"><strong>Hejt narastaj\u0105cym problemem <\/strong><\/span><\/p>\n<p>&#13;<br \/>\n&#13;<\/p>\n<p>Z badania przeprowadzonego na zlecenie Sprite przez Kantar TNS wynika, \u017ce 60 proc. respondent\u00f3w uwa\u017ca, \u017ce nat\u0119\u017cenie hejtu wzros\u0142o w ci\u0105gu ostatnich 12 miesi\u0119cy, za\u015b ponad po\u0142owa najm\u0142odszych (16-19 lat) z badanej grupy (53 proc.) do\u015bwiadczy\u0142a\u00a0 go personalnie. Jeszcze wi\u0119cej os\u00f3b (65 proc.) przyznaje, \u017ce osobi\u015bcie u\u017cywa\u0142o stwierdze\u0144 nosz\u0105cych znamiona hejtu.<\/p>\n<p>&#13;<br \/>\n&#13;<\/p>\n<p>Festiwal Pol\u2019and\u2019Rock odbywa si\u0119 od 1 do 3 sierpnia w Kostrzynie nad Odr\u0105.<\/p>\n<p>&#13;<br \/>\n&#13;<\/p>\n<p>Za adaptacj\u0119 ca\u0142ej kampanii \u201eNiech gadaj\u0105. \u017byj rze\u015bko\u201d na rynek polski odpowiedzialne s\u0105 dom mediowy MediaCom oraz dom produkcyjny Feel Movie wraz z duetem re\u017cyserskim Natali\u0105 Jakubowsk\u0105 i \u0141ukaszem Gronowskim. Za obs\u0142ug\u0119 marketingow\u0105 kampanii odpowiadaj\u0105 firmy LiquidThread (aktywno\u015bci w internecie, m.in. w social media, branded content, influencerzu), Fortis (przygotowywanie materia\u0142\u00f3w BTL) oraz MediaCom (branded content, influencerzy, planowanie i zakup medi\u00f3w). Obs\u0142ug\u0119 PR powierzono za\u015b agencji Big Picture, odpowiadaj\u0105cej r\u00f3wnie\u017c za przygotowanie og\u00f3lnoeuropejskiej strategii public relations\/public affairs, na bazie kt\u00f3rej pozosta\u0142e rynki buduj\u0105 narracj\u0119 i partnerstwa kampanii.<\/p>\n<p>&#13;<br \/>\n                            &#13;<br \/>\n&#13;<br \/>\n                            &#13;<br \/>\n&#13;<br \/>\n&#13;<br \/>\n&#13;<br \/>\n&#13;<br \/>\n&#13;<br \/>\n                            &#13;<br \/>\n                                                            &#13;<br \/>\n&#13;<br \/>\n                            &#13;\n                        <\/p><\/div>\n<p><script>(function (d, s, id) {\n        var js, fjs = d.getElementsByTagName(s)[0];\n        if (d.getElementById(id)) return;\n        js = d.createElement(s);\n        js.id = id;\n        js.src = \"http:\/\/connect.facebook.net\/pl_PL\/sdk.js#xfbml=1&version=v2.6&appId=297996717062470\";\n        fjs.parentNode.insertBefore(js, fjs);\n    }(document, 'script', 'facebook-jssdk'));<\/script><br \/>\n<br \/>[ad_2]<br \/>\n<br \/><a href=\"https:\/\/www.wirtualnemedia.pl\/artykul\/sprite-transparent-niech-gadaja-zyj-rzesko-na-pol-and-rock-festival\">Source link <\/a><\/p>\n","protected":false},"excerpt":{"rendered":"<p>[ad_1] O tym, jak pokona\u0107 nienawi\u015b\u0107, Sprite przypomni kolejny raz podczas tegorocznego festiwalu Pol\u2019and\u2019Rock w Kostrzynie nad Odr\u0105. Wspieraj\u0105c tegoroczn\u0105 akcj\u0119 Jurka Owsiaka \u201eHejt mi nie gra\u201d, marka postawi w pobli\u017cu sceny ogromny napis \u201eI Love You Hater\u201d. Litery sk\u0142adaj\u0105ce si\u0119 na g\u0142\u00f3wny przekaz bie\u017c\u0105cej kampanii Sprite b\u0119d\u0105 mia\u0142y a\u017c 8 metr\u00f3w d\u0142ugo\u015bci i 4,5 [&hellip;]<\/p>\n","protected":false},"author":2,"featured_media":3177,"comment_status":"open","ping_status":"open","sticky":false,"template":"","format":"standard","meta":{"footnotes":""},"categories":[2],"tags":[],"class_list":["post-3176","post","type-post","status-publish","format-standard","has-post-thumbnail","hentry","category-wiadomosci-marketingowe-internetowe"],"yoast_head":"<!-- This site is optimized with the Yoast SEO plugin v27.4 - https:\/\/yoast.com\/product\/yoast-seo-wordpress\/ -->\n<title>Sprite transparent Niech gadaj\u0105. \u017byj rze\u015bko na Pol\u2019and\u2019Rock Festival - Favorite News<\/title>\n<meta name=\"robots\" content=\"index, follow, max-snippet:-1, max-image-preview:large, max-video-preview:-1\" \/>\n<link rel=\"canonical\" href=\"https:\/\/favorite-news.com\/pl\/sprite-transparent-niech-gadaja-zyj-rzesko-na-polandrock-festival\/\" \/>\n<meta property=\"og:locale\" content=\"pl_PL\" \/>\n<meta property=\"og:type\" content=\"article\" \/>\n<meta property=\"og:title\" content=\"Sprite transparent Niech gadaj\u0105. \u017byj rze\u015bko na Pol\u2019and\u2019Rock Festival - Favorite News\" \/>\n<meta property=\"og:description\" content=\"[ad_1] O tym, jak pokona\u0107 nienawi\u015b\u0107, Sprite przypomni kolejny raz podczas tegorocznego festiwalu Pol\u2019and\u2019Rock w Kostrzynie nad Odr\u0105. Wspieraj\u0105c tegoroczn\u0105 akcj\u0119 Jurka Owsiaka \u201eHejt mi nie gra\u201d, marka postawi w pobli\u017cu sceny ogromny napis \u201eI Love You Hater\u201d. Litery sk\u0142adaj\u0105ce si\u0119 na g\u0142\u00f3wny przekaz bie\u017c\u0105cej kampanii Sprite b\u0119d\u0105 mia\u0142y a\u017c 8 metr\u00f3w d\u0142ugo\u015bci i 4,5 [&hellip;]\" \/>\n<meta property=\"og:url\" content=\"https:\/\/favorite-news.com\/pl\/sprite-transparent-niech-gadaja-zyj-rzesko-na-polandrock-festival\/\" \/>\n<meta property=\"og:site_name\" content=\"Favorite News\" \/>\n<meta property=\"article:published_time\" content=\"2019-08-02T20:04:22+00:00\" \/>\n<meta property=\"article:modified_time\" content=\"2019-08-02T20:04:24+00:00\" \/>\n<meta property=\"og:image\" content=\"https:\/\/favorite-news.com\/pl\/wp-content\/uploads\/sites\/6\/2019\/08\/Sprite-transparent-Niech-gadaj\u0105.-\u017byj-rze\u015bko-na-Pol\u2019and\u2019Rock-Festival.jpg\" \/>\n\t<meta property=\"og:image:width\" content=\"655\" \/>\n\t<meta property=\"og:image:height\" content=\"491\" \/>\n\t<meta property=\"og:image:type\" content=\"image\/jpeg\" \/>\n<meta name=\"author\" content=\"favorite-news\" \/>\n<meta name=\"twitter:card\" content=\"summary_large_image\" \/>\n<meta name=\"twitter:label1\" content=\"Napisane przez\" \/>\n\t<meta name=\"twitter:data1\" content=\"favorite-news\" \/>\n\t<meta name=\"twitter:label2\" content=\"Szacowany czas czytania\" \/>\n\t<meta name=\"twitter:data2\" content=\"1 minuta\" \/>\n<script type=\"application\/ld+json\" class=\"yoast-schema-graph\">{\"@context\":\"https:\\\/\\\/schema.org\",\"@graph\":[{\"@type\":\"Article\",\"@id\":\"https:\\\/\\\/favorite-news.com\\\/pl\\\/sprite-transparent-niech-gadaja-zyj-rzesko-na-polandrock-festival\\\/#article\",\"isPartOf\":{\"@id\":\"https:\\\/\\\/favorite-news.com\\\/pl\\\/sprite-transparent-niech-gadaja-zyj-rzesko-na-polandrock-festival\\\/\"},\"author\":{\"name\":\"favorite-news\",\"@id\":\"https:\\\/\\\/favorite-news.com\\\/pl\\\/#\\\/schema\\\/person\\\/b91573b717dcfa5e4696032a9d28d3e8\"},\"headline\":\"Sprite transparent Niech gadaj\u0105. \u017byj rze\u015bko na Pol\u2019and\u2019Rock Festival\",\"datePublished\":\"2019-08-02T20:04:22+00:00\",\"dateModified\":\"2019-08-02T20:04:24+00:00\",\"mainEntityOfPage\":{\"@id\":\"https:\\\/\\\/favorite-news.com\\\/pl\\\/sprite-transparent-niech-gadaja-zyj-rzesko-na-polandrock-festival\\\/\"},\"wordCount\":303,\"commentCount\":0,\"image\":{\"@id\":\"https:\\\/\\\/favorite-news.com\\\/pl\\\/sprite-transparent-niech-gadaja-zyj-rzesko-na-polandrock-festival\\\/#primaryimage\"},\"thumbnailUrl\":\"https:\\\/\\\/favorite-news.com\\\/pl\\\/wp-content\\\/uploads\\\/sites\\\/6\\\/2019\\\/08\\\/Sprite-transparent-Niech-gadaj\u0105.-\u017byj-rze\u015bko-na-Pol\u2019and\u2019Rock-Festival.jpg\",\"articleSection\":[\"WIADOMO\u015aCI MARKETINGOWE INTERNETOWE\"],\"inLanguage\":\"pl-PL\",\"potentialAction\":[{\"@type\":\"CommentAction\",\"name\":\"Comment\",\"target\":[\"https:\\\/\\\/favorite-news.com\\\/pl\\\/sprite-transparent-niech-gadaja-zyj-rzesko-na-polandrock-festival\\\/#respond\"]}]},{\"@type\":\"WebPage\",\"@id\":\"https:\\\/\\\/favorite-news.com\\\/pl\\\/sprite-transparent-niech-gadaja-zyj-rzesko-na-polandrock-festival\\\/\",\"url\":\"https:\\\/\\\/favorite-news.com\\\/pl\\\/sprite-transparent-niech-gadaja-zyj-rzesko-na-polandrock-festival\\\/\",\"name\":\"Sprite transparent Niech gadaj\u0105. \u017byj rze\u015bko na Pol\u2019and\u2019Rock Festival - Favorite News\",\"isPartOf\":{\"@id\":\"https:\\\/\\\/favorite-news.com\\\/pl\\\/#website\"},\"primaryImageOfPage\":{\"@id\":\"https:\\\/\\\/favorite-news.com\\\/pl\\\/sprite-transparent-niech-gadaja-zyj-rzesko-na-polandrock-festival\\\/#primaryimage\"},\"image\":{\"@id\":\"https:\\\/\\\/favorite-news.com\\\/pl\\\/sprite-transparent-niech-gadaja-zyj-rzesko-na-polandrock-festival\\\/#primaryimage\"},\"thumbnailUrl\":\"https:\\\/\\\/favorite-news.com\\\/pl\\\/wp-content\\\/uploads\\\/sites\\\/6\\\/2019\\\/08\\\/Sprite-transparent-Niech-gadaj\u0105.-\u017byj-rze\u015bko-na-Pol\u2019and\u2019Rock-Festival.jpg\",\"datePublished\":\"2019-08-02T20:04:22+00:00\",\"dateModified\":\"2019-08-02T20:04:24+00:00\",\"author\":{\"@id\":\"https:\\\/\\\/favorite-news.com\\\/pl\\\/#\\\/schema\\\/person\\\/b91573b717dcfa5e4696032a9d28d3e8\"},\"breadcrumb\":{\"@id\":\"https:\\\/\\\/favorite-news.com\\\/pl\\\/sprite-transparent-niech-gadaja-zyj-rzesko-na-polandrock-festival\\\/#breadcrumb\"},\"inLanguage\":\"pl-PL\",\"potentialAction\":[{\"@type\":\"ReadAction\",\"target\":[\"https:\\\/\\\/favorite-news.com\\\/pl\\\/sprite-transparent-niech-gadaja-zyj-rzesko-na-polandrock-festival\\\/\"]}]},{\"@type\":\"ImageObject\",\"inLanguage\":\"pl-PL\",\"@id\":\"https:\\\/\\\/favorite-news.com\\\/pl\\\/sprite-transparent-niech-gadaja-zyj-rzesko-na-polandrock-festival\\\/#primaryimage\",\"url\":\"https:\\\/\\\/favorite-news.com\\\/pl\\\/wp-content\\\/uploads\\\/sites\\\/6\\\/2019\\\/08\\\/Sprite-transparent-Niech-gadaj\u0105.-\u017byj-rze\u015bko-na-Pol\u2019and\u2019Rock-Festival.jpg\",\"contentUrl\":\"https:\\\/\\\/favorite-news.com\\\/pl\\\/wp-content\\\/uploads\\\/sites\\\/6\\\/2019\\\/08\\\/Sprite-transparent-Niech-gadaj\u0105.-\u017byj-rze\u015bko-na-Pol\u2019and\u2019Rock-Festival.jpg\",\"width\":655,\"height\":491,\"caption\":\"Article\"},{\"@type\":\"BreadcrumbList\",\"@id\":\"https:\\\/\\\/favorite-news.com\\\/pl\\\/sprite-transparent-niech-gadaja-zyj-rzesko-na-polandrock-festival\\\/#breadcrumb\",\"itemListElement\":[{\"@type\":\"ListItem\",\"position\":1,\"name\":\"Home\",\"item\":\"https:\\\/\\\/favorite-news.com\\\/pl\\\/\"},{\"@type\":\"ListItem\",\"position\":2,\"name\":\"Sprite transparent Niech gadaj\u0105. \u017byj rze\u015bko na Pol\u2019and\u2019Rock Festival\"}]},{\"@type\":\"WebSite\",\"@id\":\"https:\\\/\\\/favorite-news.com\\\/pl\\\/#website\",\"url\":\"https:\\\/\\\/favorite-news.com\\\/pl\\\/\",\"name\":\"Favorite News\",\"description\":\"Favorite News Polska\",\"potentialAction\":[{\"@type\":\"SearchAction\",\"target\":{\"@type\":\"EntryPoint\",\"urlTemplate\":\"https:\\\/\\\/favorite-news.com\\\/pl\\\/?s={search_term_string}\"},\"query-input\":{\"@type\":\"PropertyValueSpecification\",\"valueRequired\":true,\"valueName\":\"search_term_string\"}}],\"inLanguage\":\"pl-PL\"},{\"@type\":\"Person\",\"@id\":\"https:\\\/\\\/favorite-news.com\\\/pl\\\/#\\\/schema\\\/person\\\/b91573b717dcfa5e4696032a9d28d3e8\",\"name\":\"favorite-news\",\"image\":{\"@type\":\"ImageObject\",\"inLanguage\":\"pl-PL\",\"@id\":\"https:\\\/\\\/secure.gravatar.com\\\/avatar\\\/6c5a5cb12b74e9d517ee91cf570335b7d16177f1977cc91db161adfa435945a7?s=96&d=mm&r=g\",\"url\":\"https:\\\/\\\/secure.gravatar.com\\\/avatar\\\/6c5a5cb12b74e9d517ee91cf570335b7d16177f1977cc91db161adfa435945a7?s=96&d=mm&r=g\",\"contentUrl\":\"https:\\\/\\\/secure.gravatar.com\\\/avatar\\\/6c5a5cb12b74e9d517ee91cf570335b7d16177f1977cc91db161adfa435945a7?s=96&d=mm&r=g\",\"caption\":\"favorite-news\"},\"url\":\"https:\\\/\\\/favorite-news.com\\\/pl\\\/author\\\/pt\\\/\"}]}<\/script>\n<!-- \/ Yoast SEO plugin. -->","yoast_head_json":{"title":"Sprite transparent Niech gadaj\u0105. \u017byj rze\u015bko na Pol\u2019and\u2019Rock Festival - Favorite News","robots":{"index":"index","follow":"follow","max-snippet":"max-snippet:-1","max-image-preview":"max-image-preview:large","max-video-preview":"max-video-preview:-1"},"canonical":"https:\/\/favorite-news.com\/pl\/sprite-transparent-niech-gadaja-zyj-rzesko-na-polandrock-festival\/","og_locale":"pl_PL","og_type":"article","og_title":"Sprite transparent Niech gadaj\u0105. \u017byj rze\u015bko na Pol\u2019and\u2019Rock Festival - Favorite News","og_description":"[ad_1] O tym, jak pokona\u0107 nienawi\u015b\u0107, Sprite przypomni kolejny raz podczas tegorocznego festiwalu Pol\u2019and\u2019Rock w Kostrzynie nad Odr\u0105. Wspieraj\u0105c tegoroczn\u0105 akcj\u0119 Jurka Owsiaka \u201eHejt mi nie gra\u201d, marka postawi w pobli\u017cu sceny ogromny napis \u201eI Love You Hater\u201d. Litery sk\u0142adaj\u0105ce si\u0119 na g\u0142\u00f3wny przekaz bie\u017c\u0105cej kampanii Sprite b\u0119d\u0105 mia\u0142y a\u017c 8 metr\u00f3w d\u0142ugo\u015bci i 4,5 [&hellip;]","og_url":"https:\/\/favorite-news.com\/pl\/sprite-transparent-niech-gadaja-zyj-rzesko-na-polandrock-festival\/","og_site_name":"Favorite News","article_published_time":"2019-08-02T20:04:22+00:00","article_modified_time":"2019-08-02T20:04:24+00:00","og_image":[{"width":655,"height":491,"url":"https:\/\/favorite-news.com\/pl\/wp-content\/uploads\/sites\/6\/2019\/08\/Sprite-transparent-Niech-gadaj\u0105.-\u017byj-rze\u015bko-na-Pol\u2019and\u2019Rock-Festival.jpg","type":"image\/jpeg"}],"author":"favorite-news","twitter_card":"summary_large_image","twitter_misc":{"Napisane przez":"favorite-news","Szacowany czas czytania":"1 minuta"},"schema":{"@context":"https:\/\/schema.org","@graph":[{"@type":"Article","@id":"https:\/\/favorite-news.com\/pl\/sprite-transparent-niech-gadaja-zyj-rzesko-na-polandrock-festival\/#article","isPartOf":{"@id":"https:\/\/favorite-news.com\/pl\/sprite-transparent-niech-gadaja-zyj-rzesko-na-polandrock-festival\/"},"author":{"name":"favorite-news","@id":"https:\/\/favorite-news.com\/pl\/#\/schema\/person\/b91573b717dcfa5e4696032a9d28d3e8"},"headline":"Sprite transparent Niech gadaj\u0105. \u017byj rze\u015bko na Pol\u2019and\u2019Rock Festival","datePublished":"2019-08-02T20:04:22+00:00","dateModified":"2019-08-02T20:04:24+00:00","mainEntityOfPage":{"@id":"https:\/\/favorite-news.com\/pl\/sprite-transparent-niech-gadaja-zyj-rzesko-na-polandrock-festival\/"},"wordCount":303,"commentCount":0,"image":{"@id":"https:\/\/favorite-news.com\/pl\/sprite-transparent-niech-gadaja-zyj-rzesko-na-polandrock-festival\/#primaryimage"},"thumbnailUrl":"https:\/\/favorite-news.com\/pl\/wp-content\/uploads\/sites\/6\/2019\/08\/Sprite-transparent-Niech-gadaj\u0105.-\u017byj-rze\u015bko-na-Pol\u2019and\u2019Rock-Festival.jpg","articleSection":["WIADOMO\u015aCI MARKETINGOWE INTERNETOWE"],"inLanguage":"pl-PL","potentialAction":[{"@type":"CommentAction","name":"Comment","target":["https:\/\/favorite-news.com\/pl\/sprite-transparent-niech-gadaja-zyj-rzesko-na-polandrock-festival\/#respond"]}]},{"@type":"WebPage","@id":"https:\/\/favorite-news.com\/pl\/sprite-transparent-niech-gadaja-zyj-rzesko-na-polandrock-festival\/","url":"https:\/\/favorite-news.com\/pl\/sprite-transparent-niech-gadaja-zyj-rzesko-na-polandrock-festival\/","name":"Sprite transparent Niech gadaj\u0105. \u017byj rze\u015bko na Pol\u2019and\u2019Rock Festival - Favorite News","isPartOf":{"@id":"https:\/\/favorite-news.com\/pl\/#website"},"primaryImageOfPage":{"@id":"https:\/\/favorite-news.com\/pl\/sprite-transparent-niech-gadaja-zyj-rzesko-na-polandrock-festival\/#primaryimage"},"image":{"@id":"https:\/\/favorite-news.com\/pl\/sprite-transparent-niech-gadaja-zyj-rzesko-na-polandrock-festival\/#primaryimage"},"thumbnailUrl":"https:\/\/favorite-news.com\/pl\/wp-content\/uploads\/sites\/6\/2019\/08\/Sprite-transparent-Niech-gadaj\u0105.-\u017byj-rze\u015bko-na-Pol\u2019and\u2019Rock-Festival.jpg","datePublished":"2019-08-02T20:04:22+00:00","dateModified":"2019-08-02T20:04:24+00:00","author":{"@id":"https:\/\/favorite-news.com\/pl\/#\/schema\/person\/b91573b717dcfa5e4696032a9d28d3e8"},"breadcrumb":{"@id":"https:\/\/favorite-news.com\/pl\/sprite-transparent-niech-gadaja-zyj-rzesko-na-polandrock-festival\/#breadcrumb"},"inLanguage":"pl-PL","potentialAction":[{"@type":"ReadAction","target":["https:\/\/favorite-news.com\/pl\/sprite-transparent-niech-gadaja-zyj-rzesko-na-polandrock-festival\/"]}]},{"@type":"ImageObject","inLanguage":"pl-PL","@id":"https:\/\/favorite-news.com\/pl\/sprite-transparent-niech-gadaja-zyj-rzesko-na-polandrock-festival\/#primaryimage","url":"https:\/\/favorite-news.com\/pl\/wp-content\/uploads\/sites\/6\/2019\/08\/Sprite-transparent-Niech-gadaj\u0105.-\u017byj-rze\u015bko-na-Pol\u2019and\u2019Rock-Festival.jpg","contentUrl":"https:\/\/favorite-news.com\/pl\/wp-content\/uploads\/sites\/6\/2019\/08\/Sprite-transparent-Niech-gadaj\u0105.-\u017byj-rze\u015bko-na-Pol\u2019and\u2019Rock-Festival.jpg","width":655,"height":491,"caption":"Article"},{"@type":"BreadcrumbList","@id":"https:\/\/favorite-news.com\/pl\/sprite-transparent-niech-gadaja-zyj-rzesko-na-polandrock-festival\/#breadcrumb","itemListElement":[{"@type":"ListItem","position":1,"name":"Home","item":"https:\/\/favorite-news.com\/pl\/"},{"@type":"ListItem","position":2,"name":"Sprite transparent Niech gadaj\u0105. \u017byj rze\u015bko na Pol\u2019and\u2019Rock Festival"}]},{"@type":"WebSite","@id":"https:\/\/favorite-news.com\/pl\/#website","url":"https:\/\/favorite-news.com\/pl\/","name":"Favorite News","description":"Favorite News Polska","potentialAction":[{"@type":"SearchAction","target":{"@type":"EntryPoint","urlTemplate":"https:\/\/favorite-news.com\/pl\/?s={search_term_string}"},"query-input":{"@type":"PropertyValueSpecification","valueRequired":true,"valueName":"search_term_string"}}],"inLanguage":"pl-PL"},{"@type":"Person","@id":"https:\/\/favorite-news.com\/pl\/#\/schema\/person\/b91573b717dcfa5e4696032a9d28d3e8","name":"favorite-news","image":{"@type":"ImageObject","inLanguage":"pl-PL","@id":"https:\/\/secure.gravatar.com\/avatar\/6c5a5cb12b74e9d517ee91cf570335b7d16177f1977cc91db161adfa435945a7?s=96&d=mm&r=g","url":"https:\/\/secure.gravatar.com\/avatar\/6c5a5cb12b74e9d517ee91cf570335b7d16177f1977cc91db161adfa435945a7?s=96&d=mm&r=g","contentUrl":"https:\/\/secure.gravatar.com\/avatar\/6c5a5cb12b74e9d517ee91cf570335b7d16177f1977cc91db161adfa435945a7?s=96&d=mm&r=g","caption":"favorite-news"},"url":"https:\/\/favorite-news.com\/pl\/author\/pt\/"}]}},"_links":{"self":[{"href":"https:\/\/favorite-news.com\/pl\/wp-json\/wp\/v2\/posts\/3176","targetHints":{"allow":["GET"]}}],"collection":[{"href":"https:\/\/favorite-news.com\/pl\/wp-json\/wp\/v2\/posts"}],"about":[{"href":"https:\/\/favorite-news.com\/pl\/wp-json\/wp\/v2\/types\/post"}],"author":[{"embeddable":true,"href":"https:\/\/favorite-news.com\/pl\/wp-json\/wp\/v2\/users\/2"}],"replies":[{"embeddable":true,"href":"https:\/\/favorite-news.com\/pl\/wp-json\/wp\/v2\/comments?post=3176"}],"version-history":[{"count":1,"href":"https:\/\/favorite-news.com\/pl\/wp-json\/wp\/v2\/posts\/3176\/revisions"}],"predecessor-version":[{"id":3178,"href":"https:\/\/favorite-news.com\/pl\/wp-json\/wp\/v2\/posts\/3176\/revisions\/3178"}],"wp:featuredmedia":[{"embeddable":true,"href":"https:\/\/favorite-news.com\/pl\/wp-json\/wp\/v2\/media\/3177"}],"wp:attachment":[{"href":"https:\/\/favorite-news.com\/pl\/wp-json\/wp\/v2\/media?parent=3176"}],"wp:term":[{"taxonomy":"category","embeddable":true,"href":"https:\/\/favorite-news.com\/pl\/wp-json\/wp\/v2\/categories?post=3176"},{"taxonomy":"post_tag","embeddable":true,"href":"https:\/\/favorite-news.com\/pl\/wp-json\/wp\/v2\/tags?post=3176"}],"curies":[{"name":"wp","href":"https:\/\/api.w.org\/{rel}","templated":true}]}}