{"id":3175,"date":"2019-08-02T21:41:54","date_gmt":"2019-08-02T18:41:54","guid":{"rendered":"https:\/\/favorite-news.com\/pl\/malgorzata-socha-i-perypetie-z-szafa-w-reklamie-salonow-meblowych-agata\/"},"modified":"2019-08-02T21:41:54","modified_gmt":"2019-08-02T18:41:54","slug":"malgorzata-socha-i-perypetie-z-szafa-w-reklamie-salonow-meblowych-agata","status":"publish","type":"post","link":"https:\/\/favorite-news.com\/pl\/malgorzata-socha-i-perypetie-z-szafa-w-reklamie-salonow-meblowych-agata\/","title":{"rendered":"Ma\u0142gorzata Socha i perypetie z szaf\u0105 w reklamie salon\u00f3w meblowych Agata"},"content":{"rendered":"<p> [ad_1]<br \/>\n<\/p>\n<div id=\"\">\n<p>Bohaterka kolejnego spotu reklamowego staje przed wyborem odpowiedniej szafy do swojej sypialni. Z pomoc\u0105 przychodzi jej Ma\u0142gorzata Socha, kt\u00f3ra z w\u0142asnego do\u015bwiadczenia wie, jaka szafa jest odpowiednia dla kobiet. Bohaterce zale\u017cy na tym, aby mebel by\u0142 bardzo pojemny. Socha pomaga jej, sprawdzaj\u0105c czy sama zmie\u015bci si\u0119 w tej szafie. Okazuje si\u0119, \u017ce mebel spe\u0142nia wszelkie oczekiwania.<\/p>\n<p>&#13;<br \/>\n&#13;<\/p>\n<p><iframe loading=\"lazy\" allow=\"accelerometer; autoplay; encrypted-media; gyroscope; picture-in-picture\" allowfullscreen=\"\" frameborder=\"0\" height=\"315\" src=\"https:\/\/www.youtube.com\/embed\/avkCnRcUWI0\" width=\"560\"><\/iframe><\/p>\n<p>&#13;<br \/>\n&#13;<\/p>\n<p>Kampania obejmuje emisj\u0119 spotu w telewizji i internecie oraz reklamy w radiu. Akcja informuje te\u017c o promocji, w ramach kt\u00f3rej klienci mog\u0105 sp\u0142aci\u0107 zakupy w ratach 0 procent i skorzysta\u0107 z rabatu.<\/p>\n<p>&#13;<br \/>\n&#13;<\/p>\n<p>Za kreacj\u0119 i realizacj\u0119 ca\u0142ej kampanii odpowiada agencja PZL.<\/p>\n<p>&#13;<br \/>\n                            &#13;<br \/>\n&#13;<br \/>\n                            &#13;<br \/>\n&#13;<br \/>\n&#13;<br \/>\n&#13;<br \/>\n&#13;<br \/>\n&#13;<br \/>\n                            &#13;<br \/>\n                                                            &#13;<br \/>\n&#13;<br \/>\n                            &#13;\n                        <\/p><\/div>\n<p><script>(function (d, s, id) {\n        var js, fjs = d.getElementsByTagName(s)[0];\n        if (d.getElementById(id)) return;\n        js = d.createElement(s);\n        js.id = id;\n        js.src = \"http:\/\/connect.facebook.net\/pl_PL\/sdk.js#xfbml=1&version=v2.6&appId=297996717062470\";\n        fjs.parentNode.insertBefore(js, fjs);\n    }(document, 'script', 'facebook-jssdk'));<\/script><br \/>\n<br \/>[ad_2]<br \/>\n<br \/><a href=\"https:\/\/www.wirtualnemedia.pl\/artykul\/malgorzata-socha-i-perypetie-z-szafa-w-reklamie-salonow-meblowych-agata\">Source link <\/a><\/p>\n","protected":false},"excerpt":{"rendered":"<p>[ad_1] Bohaterka kolejnego spotu reklamowego staje przed wyborem odpowiedniej szafy do swojej sypialni. Z pomoc\u0105 przychodzi jej Ma\u0142gorzata Socha, kt\u00f3ra z w\u0142asnego do\u015bwiadczenia wie, jaka szafa jest odpowiednia dla kobiet. Bohaterce zale\u017cy na tym, aby mebel by\u0142 bardzo pojemny. Socha pomaga jej, sprawdzaj\u0105c czy sama zmie\u015bci si\u0119 w tej szafie. Okazuje si\u0119, \u017ce mebel spe\u0142nia [&hellip;]<\/p>\n","protected":false},"author":2,"featured_media":0,"comment_status":"open","ping_status":"open","sticky":false,"template":"","format":"standard","meta":{"footnotes":""},"categories":[2],"tags":[],"class_list":["post-3175","post","type-post","status-publish","format-standard","hentry","category-wiadomosci-marketingowe-internetowe"],"yoast_head":"<!-- This site is optimized with the Yoast SEO plugin v27.4 - https:\/\/yoast.com\/product\/yoast-seo-wordpress\/ -->\n<title>Ma\u0142gorzata Socha i perypetie z szaf\u0105 w reklamie salon\u00f3w meblowych Agata - Favorite News<\/title>\n<meta name=\"robots\" content=\"index, follow, max-snippet:-1, max-image-preview:large, max-video-preview:-1\" \/>\n<link rel=\"canonical\" href=\"https:\/\/favorite-news.com\/pl\/malgorzata-socha-i-perypetie-z-szafa-w-reklamie-salonow-meblowych-agata\/\" \/>\n<meta property=\"og:locale\" content=\"pl_PL\" \/>\n<meta property=\"og:type\" content=\"article\" \/>\n<meta property=\"og:title\" content=\"Ma\u0142gorzata Socha i perypetie z szaf\u0105 w reklamie salon\u00f3w meblowych Agata - Favorite News\" \/>\n<meta property=\"og:description\" content=\"[ad_1] Bohaterka kolejnego spotu reklamowego staje przed wyborem odpowiedniej szafy do swojej sypialni. Z pomoc\u0105 przychodzi jej Ma\u0142gorzata Socha, kt\u00f3ra z w\u0142asnego do\u015bwiadczenia wie, jaka szafa jest odpowiednia dla kobiet. Bohaterce zale\u017cy na tym, aby mebel by\u0142 bardzo pojemny. Socha pomaga jej, sprawdzaj\u0105c czy sama zmie\u015bci si\u0119 w tej szafie. Okazuje si\u0119, \u017ce mebel spe\u0142nia [&hellip;]\" \/>\n<meta property=\"og:url\" content=\"https:\/\/favorite-news.com\/pl\/malgorzata-socha-i-perypetie-z-szafa-w-reklamie-salonow-meblowych-agata\/\" \/>\n<meta property=\"og:site_name\" content=\"Favorite News\" \/>\n<meta property=\"article:published_time\" content=\"2019-08-02T18:41:54+00:00\" \/>\n<meta name=\"author\" content=\"favorite-news\" \/>\n<meta name=\"twitter:card\" content=\"summary_large_image\" \/>\n<meta name=\"twitter:label1\" content=\"Napisane przez\" \/>\n\t<meta name=\"twitter:data1\" content=\"favorite-news\" \/>\n\t<meta name=\"twitter:label2\" content=\"Szacowany czas czytania\" \/>\n\t<meta name=\"twitter:data2\" content=\"1 minuta\" \/>\n<script type=\"application\/ld+json\" class=\"yoast-schema-graph\">{\"@context\":\"https:\\\/\\\/schema.org\",\"@graph\":[{\"@type\":\"Article\",\"@id\":\"https:\\\/\\\/favorite-news.com\\\/pl\\\/malgorzata-socha-i-perypetie-z-szafa-w-reklamie-salonow-meblowych-agata\\\/#article\",\"isPartOf\":{\"@id\":\"https:\\\/\\\/favorite-news.com\\\/pl\\\/malgorzata-socha-i-perypetie-z-szafa-w-reklamie-salonow-meblowych-agata\\\/\"},\"author\":{\"name\":\"favorite-news\",\"@id\":\"https:\\\/\\\/favorite-news.com\\\/pl\\\/#\\\/schema\\\/person\\\/b91573b717dcfa5e4696032a9d28d3e8\"},\"headline\":\"Ma\u0142gorzata Socha i perypetie z szaf\u0105 w reklamie salon\u00f3w meblowych Agata\",\"datePublished\":\"2019-08-02T18:41:54+00:00\",\"mainEntityOfPage\":{\"@id\":\"https:\\\/\\\/favorite-news.com\\\/pl\\\/malgorzata-socha-i-perypetie-z-szafa-w-reklamie-salonow-meblowych-agata\\\/\"},\"wordCount\":124,\"commentCount\":0,\"articleSection\":[\"WIADOMO\u015aCI MARKETINGOWE INTERNETOWE\"],\"inLanguage\":\"pl-PL\",\"potentialAction\":[{\"@type\":\"CommentAction\",\"name\":\"Comment\",\"target\":[\"https:\\\/\\\/favorite-news.com\\\/pl\\\/malgorzata-socha-i-perypetie-z-szafa-w-reklamie-salonow-meblowych-agata\\\/#respond\"]}]},{\"@type\":\"WebPage\",\"@id\":\"https:\\\/\\\/favorite-news.com\\\/pl\\\/malgorzata-socha-i-perypetie-z-szafa-w-reklamie-salonow-meblowych-agata\\\/\",\"url\":\"https:\\\/\\\/favorite-news.com\\\/pl\\\/malgorzata-socha-i-perypetie-z-szafa-w-reklamie-salonow-meblowych-agata\\\/\",\"name\":\"Ma\u0142gorzata Socha i perypetie z szaf\u0105 w reklamie salon\u00f3w meblowych Agata - Favorite News\",\"isPartOf\":{\"@id\":\"https:\\\/\\\/favorite-news.com\\\/pl\\\/#website\"},\"datePublished\":\"2019-08-02T18:41:54+00:00\",\"author\":{\"@id\":\"https:\\\/\\\/favorite-news.com\\\/pl\\\/#\\\/schema\\\/person\\\/b91573b717dcfa5e4696032a9d28d3e8\"},\"breadcrumb\":{\"@id\":\"https:\\\/\\\/favorite-news.com\\\/pl\\\/malgorzata-socha-i-perypetie-z-szafa-w-reklamie-salonow-meblowych-agata\\\/#breadcrumb\"},\"inLanguage\":\"pl-PL\",\"potentialAction\":[{\"@type\":\"ReadAction\",\"target\":[\"https:\\\/\\\/favorite-news.com\\\/pl\\\/malgorzata-socha-i-perypetie-z-szafa-w-reklamie-salonow-meblowych-agata\\\/\"]}]},{\"@type\":\"BreadcrumbList\",\"@id\":\"https:\\\/\\\/favorite-news.com\\\/pl\\\/malgorzata-socha-i-perypetie-z-szafa-w-reklamie-salonow-meblowych-agata\\\/#breadcrumb\",\"itemListElement\":[{\"@type\":\"ListItem\",\"position\":1,\"name\":\"Home\",\"item\":\"https:\\\/\\\/favorite-news.com\\\/pl\\\/\"},{\"@type\":\"ListItem\",\"position\":2,\"name\":\"Ma\u0142gorzata Socha i perypetie z szaf\u0105 w reklamie salon\u00f3w meblowych Agata\"}]},{\"@type\":\"WebSite\",\"@id\":\"https:\\\/\\\/favorite-news.com\\\/pl\\\/#website\",\"url\":\"https:\\\/\\\/favorite-news.com\\\/pl\\\/\",\"name\":\"Favorite News\",\"description\":\"Favorite News Polska\",\"potentialAction\":[{\"@type\":\"SearchAction\",\"target\":{\"@type\":\"EntryPoint\",\"urlTemplate\":\"https:\\\/\\\/favorite-news.com\\\/pl\\\/?s={search_term_string}\"},\"query-input\":{\"@type\":\"PropertyValueSpecification\",\"valueRequired\":true,\"valueName\":\"search_term_string\"}}],\"inLanguage\":\"pl-PL\"},{\"@type\":\"Person\",\"@id\":\"https:\\\/\\\/favorite-news.com\\\/pl\\\/#\\\/schema\\\/person\\\/b91573b717dcfa5e4696032a9d28d3e8\",\"name\":\"favorite-news\",\"image\":{\"@type\":\"ImageObject\",\"inLanguage\":\"pl-PL\",\"@id\":\"https:\\\/\\\/secure.gravatar.com\\\/avatar\\\/6c5a5cb12b74e9d517ee91cf570335b7d16177f1977cc91db161adfa435945a7?s=96&d=mm&r=g\",\"url\":\"https:\\\/\\\/secure.gravatar.com\\\/avatar\\\/6c5a5cb12b74e9d517ee91cf570335b7d16177f1977cc91db161adfa435945a7?s=96&d=mm&r=g\",\"contentUrl\":\"https:\\\/\\\/secure.gravatar.com\\\/avatar\\\/6c5a5cb12b74e9d517ee91cf570335b7d16177f1977cc91db161adfa435945a7?s=96&d=mm&r=g\",\"caption\":\"favorite-news\"},\"url\":\"https:\\\/\\\/favorite-news.com\\\/pl\\\/author\\\/pt\\\/\"}]}<\/script>\n<!-- \/ Yoast SEO plugin. -->","yoast_head_json":{"title":"Ma\u0142gorzata Socha i perypetie z szaf\u0105 w reklamie salon\u00f3w meblowych Agata - Favorite News","robots":{"index":"index","follow":"follow","max-snippet":"max-snippet:-1","max-image-preview":"max-image-preview:large","max-video-preview":"max-video-preview:-1"},"canonical":"https:\/\/favorite-news.com\/pl\/malgorzata-socha-i-perypetie-z-szafa-w-reklamie-salonow-meblowych-agata\/","og_locale":"pl_PL","og_type":"article","og_title":"Ma\u0142gorzata Socha i perypetie z szaf\u0105 w reklamie salon\u00f3w meblowych Agata - Favorite News","og_description":"[ad_1] Bohaterka kolejnego spotu reklamowego staje przed wyborem odpowiedniej szafy do swojej sypialni. Z pomoc\u0105 przychodzi jej Ma\u0142gorzata Socha, kt\u00f3ra z w\u0142asnego do\u015bwiadczenia wie, jaka szafa jest odpowiednia dla kobiet. Bohaterce zale\u017cy na tym, aby mebel by\u0142 bardzo pojemny. Socha pomaga jej, sprawdzaj\u0105c czy sama zmie\u015bci si\u0119 w tej szafie. Okazuje si\u0119, \u017ce mebel spe\u0142nia [&hellip;]","og_url":"https:\/\/favorite-news.com\/pl\/malgorzata-socha-i-perypetie-z-szafa-w-reklamie-salonow-meblowych-agata\/","og_site_name":"Favorite News","article_published_time":"2019-08-02T18:41:54+00:00","author":"favorite-news","twitter_card":"summary_large_image","twitter_misc":{"Napisane przez":"favorite-news","Szacowany czas czytania":"1 minuta"},"schema":{"@context":"https:\/\/schema.org","@graph":[{"@type":"Article","@id":"https:\/\/favorite-news.com\/pl\/malgorzata-socha-i-perypetie-z-szafa-w-reklamie-salonow-meblowych-agata\/#article","isPartOf":{"@id":"https:\/\/favorite-news.com\/pl\/malgorzata-socha-i-perypetie-z-szafa-w-reklamie-salonow-meblowych-agata\/"},"author":{"name":"favorite-news","@id":"https:\/\/favorite-news.com\/pl\/#\/schema\/person\/b91573b717dcfa5e4696032a9d28d3e8"},"headline":"Ma\u0142gorzata Socha i perypetie z szaf\u0105 w reklamie salon\u00f3w meblowych Agata","datePublished":"2019-08-02T18:41:54+00:00","mainEntityOfPage":{"@id":"https:\/\/favorite-news.com\/pl\/malgorzata-socha-i-perypetie-z-szafa-w-reklamie-salonow-meblowych-agata\/"},"wordCount":124,"commentCount":0,"articleSection":["WIADOMO\u015aCI MARKETINGOWE INTERNETOWE"],"inLanguage":"pl-PL","potentialAction":[{"@type":"CommentAction","name":"Comment","target":["https:\/\/favorite-news.com\/pl\/malgorzata-socha-i-perypetie-z-szafa-w-reklamie-salonow-meblowych-agata\/#respond"]}]},{"@type":"WebPage","@id":"https:\/\/favorite-news.com\/pl\/malgorzata-socha-i-perypetie-z-szafa-w-reklamie-salonow-meblowych-agata\/","url":"https:\/\/favorite-news.com\/pl\/malgorzata-socha-i-perypetie-z-szafa-w-reklamie-salonow-meblowych-agata\/","name":"Ma\u0142gorzata Socha i perypetie z szaf\u0105 w reklamie salon\u00f3w meblowych Agata - Favorite News","isPartOf":{"@id":"https:\/\/favorite-news.com\/pl\/#website"},"datePublished":"2019-08-02T18:41:54+00:00","author":{"@id":"https:\/\/favorite-news.com\/pl\/#\/schema\/person\/b91573b717dcfa5e4696032a9d28d3e8"},"breadcrumb":{"@id":"https:\/\/favorite-news.com\/pl\/malgorzata-socha-i-perypetie-z-szafa-w-reklamie-salonow-meblowych-agata\/#breadcrumb"},"inLanguage":"pl-PL","potentialAction":[{"@type":"ReadAction","target":["https:\/\/favorite-news.com\/pl\/malgorzata-socha-i-perypetie-z-szafa-w-reklamie-salonow-meblowych-agata\/"]}]},{"@type":"BreadcrumbList","@id":"https:\/\/favorite-news.com\/pl\/malgorzata-socha-i-perypetie-z-szafa-w-reklamie-salonow-meblowych-agata\/#breadcrumb","itemListElement":[{"@type":"ListItem","position":1,"name":"Home","item":"https:\/\/favorite-news.com\/pl\/"},{"@type":"ListItem","position":2,"name":"Ma\u0142gorzata Socha i perypetie z szaf\u0105 w reklamie salon\u00f3w meblowych Agata"}]},{"@type":"WebSite","@id":"https:\/\/favorite-news.com\/pl\/#website","url":"https:\/\/favorite-news.com\/pl\/","name":"Favorite News","description":"Favorite News Polska","potentialAction":[{"@type":"SearchAction","target":{"@type":"EntryPoint","urlTemplate":"https:\/\/favorite-news.com\/pl\/?s={search_term_string}"},"query-input":{"@type":"PropertyValueSpecification","valueRequired":true,"valueName":"search_term_string"}}],"inLanguage":"pl-PL"},{"@type":"Person","@id":"https:\/\/favorite-news.com\/pl\/#\/schema\/person\/b91573b717dcfa5e4696032a9d28d3e8","name":"favorite-news","image":{"@type":"ImageObject","inLanguage":"pl-PL","@id":"https:\/\/secure.gravatar.com\/avatar\/6c5a5cb12b74e9d517ee91cf570335b7d16177f1977cc91db161adfa435945a7?s=96&d=mm&r=g","url":"https:\/\/secure.gravatar.com\/avatar\/6c5a5cb12b74e9d517ee91cf570335b7d16177f1977cc91db161adfa435945a7?s=96&d=mm&r=g","contentUrl":"https:\/\/secure.gravatar.com\/avatar\/6c5a5cb12b74e9d517ee91cf570335b7d16177f1977cc91db161adfa435945a7?s=96&d=mm&r=g","caption":"favorite-news"},"url":"https:\/\/favorite-news.com\/pl\/author\/pt\/"}]}},"_links":{"self":[{"href":"https:\/\/favorite-news.com\/pl\/wp-json\/wp\/v2\/posts\/3175","targetHints":{"allow":["GET"]}}],"collection":[{"href":"https:\/\/favorite-news.com\/pl\/wp-json\/wp\/v2\/posts"}],"about":[{"href":"https:\/\/favorite-news.com\/pl\/wp-json\/wp\/v2\/types\/post"}],"author":[{"embeddable":true,"href":"https:\/\/favorite-news.com\/pl\/wp-json\/wp\/v2\/users\/2"}],"replies":[{"embeddable":true,"href":"https:\/\/favorite-news.com\/pl\/wp-json\/wp\/v2\/comments?post=3175"}],"version-history":[{"count":0,"href":"https:\/\/favorite-news.com\/pl\/wp-json\/wp\/v2\/posts\/3175\/revisions"}],"wp:attachment":[{"href":"https:\/\/favorite-news.com\/pl\/wp-json\/wp\/v2\/media?parent=3175"}],"wp:term":[{"taxonomy":"category","embeddable":true,"href":"https:\/\/favorite-news.com\/pl\/wp-json\/wp\/v2\/categories?post=3175"},{"taxonomy":"post_tag","embeddable":true,"href":"https:\/\/favorite-news.com\/pl\/wp-json\/wp\/v2\/tags?post=3175"}],"curies":[{"name":"wp","href":"https:\/\/api.w.org\/{rel}","templated":true}]}}