{"id":3172,"date":"2019-08-02T20:21:54","date_gmt":"2019-08-02T17:21:54","guid":{"rendered":"https:\/\/favorite-news.com\/pl\/aktywisci-grupy-stonewall-rusza-w-polske-z-letnia-akademia-rownosci\/"},"modified":"2019-08-02T20:21:55","modified_gmt":"2019-08-02T17:21:55","slug":"aktywisci-grupy-stonewall-rusza-w-polske-z-letnia-akademia-rownosci","status":"publish","type":"post","link":"https:\/\/favorite-news.com\/pl\/aktywisci-grupy-stonewall-rusza-w-polske-z-letnia-akademia-rownosci\/","title":{"rendered":"Aktywi\u015bci Grupy Stonewall rusz\u0105 w Polsk\u0119 z Letni\u0105 Akademi\u0105 R\u00f3wno\u015bci"},"content":{"rendered":"<p> [ad_1]<br \/>\n<\/p>\n<div id=\"\">\n<p>W ci\u0105gu siedmiu dni organizatorzy planuj\u0105 odwiedzi\u0107 Ostr\u00f3w Wielkopolski, \u015awidnic\u0119, Sandomierz, Bia\u0142\u0105 Podlask\u0105, Mr\u0105gowo, Grudzi\u0105dz i Ko\u0142obrzeg. Jak zapowiadaj\u0105, ich g\u0142\u00f3wnym celem jest rozmowa z mieszka\u0144cami i obalenie szkodliwych mit\u00f3w na temat os\u00f3b LGBT+.<\/p>\n<p>&#13;<br \/>\n&#13;<\/p>\n<p>Aktywi\u015bci sp\u0119dz\u0105 w ka\u017cdym z miast kilka godzin, w czasie kt\u00f3rych zamierzaj\u0105 rozmawia\u0107 z napotkanymi osobami oraz rozdawa\u0107 im informacyjne ulotki i t\u0119czowe gad\u017cety. Miasta, gdzie zawita Letnia Akademia R\u00f3wno\u015bci, wybrano nieprzypadkowo.<\/p>\n<p>&#13;<br \/>\n&#13;<\/p>\n<p>&#8211; Z ka\u017cdym rokiem w Polsce przybywa miast, w kt\u00f3rych odbywaj\u0105 si\u0119 marsze r\u00f3wno\u015bci. Wci\u0105\u017c jednak jest wiele miejsc, w kt\u00f3rych spo\u0142eczno\u015b\u0107 LGBT+ jest niewidoczna. Zale\u017ca\u0142o nam na tym, aby dotrze\u0107 w\u0142a\u015bnie do takich miejscowo\u015bci. Mamy nadziej\u0119, \u017ce nasza obecno\u015b\u0107 b\u0119dzie wsparciem r\u00f3wnie\u017c dla miejscowych os\u00f3b nieheteronormatywnych. &#8211; m\u00f3wi Sue Bartel z pozna\u0144skiej Grupy Stonewall.<\/p>\n<p>&#13;<br \/>\n&#13;<\/p>\n<p>&#13;<br \/>\n&#13;<\/p>\n<p>&#13;<br \/>\n&#13;<\/p>\n<p><span style=\"font-size:20px;\"><strong>Rozmowa lekiem na hejt wobec LGBT+<\/strong><\/span><\/p>\n<p>&#13;<br \/>\n&#13;<\/p>\n<p>Mateusz Sulwi\u0144ski z Grupy Stonewall dodaje, \u017ce rozmowa jest najbardziej skuteczn\u0105 metod\u0105 niwelowania uprzedze\u0144.<\/p>\n<p>&#13;<br \/>\n&#13;<\/p>\n<p>&#8211; Skala pom\u00f3wie\u0144 i dezinformacji na temat spo\u0142eczno\u015bci LGBT+ jest ogromna. <strong>Chcemy z tym walczy\u0107 w spos\u00f3b, kt\u00f3ry uwa\u017camy za najbardziej efektywny &#8211; poprzez bezpo\u015bredni kontakt z osobami, kt\u00f3re na co dzie\u0144 nie maj\u0105 okazji porozmawia\u0107 z wyoutowanym gejem czy lesbijk\u0105. Badania potwierdzaj\u0105, \u017ce im wi\u0119cej znamy os\u00f3b LGBT+, tym nasz poziom akceptacji wobec nich wzrasta<\/strong> &#8211; m\u00f3wi Sulwi\u0144ski.<\/p>\n<p>&#13;<br \/>\n&#13;<\/p>\n<p>Letnia Akademia R\u00f3wno\u015bci to kolejny element globalnej kampanii marki Sprite \u201eNiech gadaj\u0105. \u017byj rze\u015bko.\u201d, dotykaj\u0105cej problemu dyskryminacji oraz przejaw\u00f3w hejtu wobec r\u00f3\u017cnych grup i os\u00f3b.<\/p>\n<p>&#13;<br \/>\n                            &#13;<br \/>\n&#13;<br \/>\n                            &#13;<br \/>\n&#13;<br \/>\n&#13;<br \/>\n&#13;<br \/>\n&#13;<br \/>\n&#13;<br \/>\n                            &#13;<br \/>\n                                                            &#13;<br \/>\n&#13;<br \/>\n                            &#13;\n                        <\/p><\/div>\n<p><script>(function (d, s, id) {\n        var js, fjs = d.getElementsByTagName(s)[0];\n        if (d.getElementById(id)) return;\n        js = d.createElement(s);\n        js.id = id;\n        js.src = \"http:\/\/connect.facebook.net\/pl_PL\/sdk.js#xfbml=1&version=v2.6&appId=297996717062470\";\n        fjs.parentNode.insertBefore(js, fjs);\n    }(document, 'script', 'facebook-jssdk'));<\/script><br \/>\n<br \/>[ad_2]<br \/>\n<br \/><a href=\"https:\/\/www.wirtualnemedia.pl\/artykul\/aktywisci-grupy-stonewall-rusza-w-polske-z-letnia-akademia-rownosci\">Source link <\/a><\/p>\n","protected":false},"excerpt":{"rendered":"<p>[ad_1] W ci\u0105gu siedmiu dni organizatorzy planuj\u0105 odwiedzi\u0107 Ostr\u00f3w Wielkopolski, \u015awidnic\u0119, Sandomierz, Bia\u0142\u0105 Podlask\u0105, Mr\u0105gowo, Grudzi\u0105dz i Ko\u0142obrzeg. Jak zapowiadaj\u0105, ich g\u0142\u00f3wnym celem jest rozmowa z mieszka\u0144cami i obalenie szkodliwych mit\u00f3w na temat os\u00f3b LGBT+. &#13; &#13; Aktywi\u015bci sp\u0119dz\u0105 w ka\u017cdym z miast kilka godzin, w czasie kt\u00f3rych zamierzaj\u0105 rozmawia\u0107 z napotkanymi osobami oraz rozdawa\u0107 [&hellip;]<\/p>\n","protected":false},"author":2,"featured_media":3173,"comment_status":"open","ping_status":"open","sticky":false,"template":"","format":"standard","meta":{"footnotes":""},"categories":[2],"tags":[],"class_list":["post-3172","post","type-post","status-publish","format-standard","has-post-thumbnail","hentry","category-wiadomosci-marketingowe-internetowe"],"yoast_head":"<!-- This site is optimized with the Yoast SEO plugin v27.4 - https:\/\/yoast.com\/product\/yoast-seo-wordpress\/ -->\n<title>Aktywi\u015bci Grupy Stonewall rusz\u0105 w Polsk\u0119 z Letni\u0105 Akademi\u0105 R\u00f3wno\u015bci - Favorite News<\/title>\n<meta name=\"robots\" content=\"index, follow, max-snippet:-1, max-image-preview:large, max-video-preview:-1\" \/>\n<link rel=\"canonical\" href=\"https:\/\/favorite-news.com\/pl\/aktywisci-grupy-stonewall-rusza-w-polske-z-letnia-akademia-rownosci\/\" \/>\n<meta property=\"og:locale\" content=\"pl_PL\" \/>\n<meta property=\"og:type\" content=\"article\" \/>\n<meta property=\"og:title\" content=\"Aktywi\u015bci Grupy Stonewall rusz\u0105 w Polsk\u0119 z Letni\u0105 Akademi\u0105 R\u00f3wno\u015bci - Favorite News\" \/>\n<meta property=\"og:description\" content=\"[ad_1] W ci\u0105gu siedmiu dni organizatorzy planuj\u0105 odwiedzi\u0107 Ostr\u00f3w Wielkopolski, \u015awidnic\u0119, Sandomierz, Bia\u0142\u0105 Podlask\u0105, Mr\u0105gowo, Grudzi\u0105dz i Ko\u0142obrzeg. Jak zapowiadaj\u0105, ich g\u0142\u00f3wnym celem jest rozmowa z mieszka\u0144cami i obalenie szkodliwych mit\u00f3w na temat os\u00f3b LGBT+. &#013; &#013; Aktywi\u015bci sp\u0119dz\u0105 w ka\u017cdym z miast kilka godzin, w czasie kt\u00f3rych zamierzaj\u0105 rozmawia\u0107 z napotkanymi osobami oraz rozdawa\u0107 [&hellip;]\" \/>\n<meta property=\"og:url\" content=\"https:\/\/favorite-news.com\/pl\/aktywisci-grupy-stonewall-rusza-w-polske-z-letnia-akademia-rownosci\/\" \/>\n<meta property=\"og:site_name\" content=\"Favorite News\" \/>\n<meta property=\"article:published_time\" content=\"2019-08-02T17:21:54+00:00\" \/>\n<meta property=\"article:modified_time\" content=\"2019-08-02T17:21:55+00:00\" \/>\n<meta property=\"og:image\" content=\"https:\/\/favorite-news.com\/pl\/wp-content\/uploads\/sites\/6\/2019\/08\/Aktywi\u015bci-Grupy-Stonewall-rusz\u0105-w-Polsk\u0119-z-Letni\u0105-Akademi\u0105-R\u00f3wno\u015bci.png\" \/>\n\t<meta property=\"og:image:width\" content=\"800\" \/>\n\t<meta property=\"og:image:height\" content=\"800\" \/>\n\t<meta property=\"og:image:type\" content=\"image\/png\" \/>\n<meta name=\"author\" content=\"favorite-news\" \/>\n<meta name=\"twitter:card\" content=\"summary_large_image\" \/>\n<meta name=\"twitter:label1\" content=\"Napisane przez\" \/>\n\t<meta name=\"twitter:data1\" content=\"favorite-news\" \/>\n\t<meta name=\"twitter:label2\" content=\"Szacowany czas czytania\" \/>\n\t<meta name=\"twitter:data2\" content=\"1 minuta\" \/>\n<script type=\"application\/ld+json\" class=\"yoast-schema-graph\">{\"@context\":\"https:\\\/\\\/schema.org\",\"@graph\":[{\"@type\":\"Article\",\"@id\":\"https:\\\/\\\/favorite-news.com\\\/pl\\\/aktywisci-grupy-stonewall-rusza-w-polske-z-letnia-akademia-rownosci\\\/#article\",\"isPartOf\":{\"@id\":\"https:\\\/\\\/favorite-news.com\\\/pl\\\/aktywisci-grupy-stonewall-rusza-w-polske-z-letnia-akademia-rownosci\\\/\"},\"author\":{\"name\":\"favorite-news\",\"@id\":\"https:\\\/\\\/favorite-news.com\\\/pl\\\/#\\\/schema\\\/person\\\/b91573b717dcfa5e4696032a9d28d3e8\"},\"headline\":\"Aktywi\u015bci Grupy Stonewall rusz\u0105 w Polsk\u0119 z Letni\u0105 Akademi\u0105 R\u00f3wno\u015bci\",\"datePublished\":\"2019-08-02T17:21:54+00:00\",\"dateModified\":\"2019-08-02T17:21:55+00:00\",\"mainEntityOfPage\":{\"@id\":\"https:\\\/\\\/favorite-news.com\\\/pl\\\/aktywisci-grupy-stonewall-rusza-w-polske-z-letnia-akademia-rownosci\\\/\"},\"wordCount\":295,\"commentCount\":0,\"image\":{\"@id\":\"https:\\\/\\\/favorite-news.com\\\/pl\\\/aktywisci-grupy-stonewall-rusza-w-polske-z-letnia-akademia-rownosci\\\/#primaryimage\"},\"thumbnailUrl\":\"https:\\\/\\\/favorite-news.com\\\/pl\\\/wp-content\\\/uploads\\\/sites\\\/6\\\/2019\\\/08\\\/Aktywi\u015bci-Grupy-Stonewall-rusz\u0105-w-Polsk\u0119-z-Letni\u0105-Akademi\u0105-R\u00f3wno\u015bci.png\",\"articleSection\":[\"WIADOMO\u015aCI MARKETINGOWE INTERNETOWE\"],\"inLanguage\":\"pl-PL\",\"potentialAction\":[{\"@type\":\"CommentAction\",\"name\":\"Comment\",\"target\":[\"https:\\\/\\\/favorite-news.com\\\/pl\\\/aktywisci-grupy-stonewall-rusza-w-polske-z-letnia-akademia-rownosci\\\/#respond\"]}]},{\"@type\":\"WebPage\",\"@id\":\"https:\\\/\\\/favorite-news.com\\\/pl\\\/aktywisci-grupy-stonewall-rusza-w-polske-z-letnia-akademia-rownosci\\\/\",\"url\":\"https:\\\/\\\/favorite-news.com\\\/pl\\\/aktywisci-grupy-stonewall-rusza-w-polske-z-letnia-akademia-rownosci\\\/\",\"name\":\"Aktywi\u015bci Grupy Stonewall rusz\u0105 w Polsk\u0119 z Letni\u0105 Akademi\u0105 R\u00f3wno\u015bci - Favorite News\",\"isPartOf\":{\"@id\":\"https:\\\/\\\/favorite-news.com\\\/pl\\\/#website\"},\"primaryImageOfPage\":{\"@id\":\"https:\\\/\\\/favorite-news.com\\\/pl\\\/aktywisci-grupy-stonewall-rusza-w-polske-z-letnia-akademia-rownosci\\\/#primaryimage\"},\"image\":{\"@id\":\"https:\\\/\\\/favorite-news.com\\\/pl\\\/aktywisci-grupy-stonewall-rusza-w-polske-z-letnia-akademia-rownosci\\\/#primaryimage\"},\"thumbnailUrl\":\"https:\\\/\\\/favorite-news.com\\\/pl\\\/wp-content\\\/uploads\\\/sites\\\/6\\\/2019\\\/08\\\/Aktywi\u015bci-Grupy-Stonewall-rusz\u0105-w-Polsk\u0119-z-Letni\u0105-Akademi\u0105-R\u00f3wno\u015bci.png\",\"datePublished\":\"2019-08-02T17:21:54+00:00\",\"dateModified\":\"2019-08-02T17:21:55+00:00\",\"author\":{\"@id\":\"https:\\\/\\\/favorite-news.com\\\/pl\\\/#\\\/schema\\\/person\\\/b91573b717dcfa5e4696032a9d28d3e8\"},\"breadcrumb\":{\"@id\":\"https:\\\/\\\/favorite-news.com\\\/pl\\\/aktywisci-grupy-stonewall-rusza-w-polske-z-letnia-akademia-rownosci\\\/#breadcrumb\"},\"inLanguage\":\"pl-PL\",\"potentialAction\":[{\"@type\":\"ReadAction\",\"target\":[\"https:\\\/\\\/favorite-news.com\\\/pl\\\/aktywisci-grupy-stonewall-rusza-w-polske-z-letnia-akademia-rownosci\\\/\"]}]},{\"@type\":\"ImageObject\",\"inLanguage\":\"pl-PL\",\"@id\":\"https:\\\/\\\/favorite-news.com\\\/pl\\\/aktywisci-grupy-stonewall-rusza-w-polske-z-letnia-akademia-rownosci\\\/#primaryimage\",\"url\":\"https:\\\/\\\/favorite-news.com\\\/pl\\\/wp-content\\\/uploads\\\/sites\\\/6\\\/2019\\\/08\\\/Aktywi\u015bci-Grupy-Stonewall-rusz\u0105-w-Polsk\u0119-z-Letni\u0105-Akademi\u0105-R\u00f3wno\u015bci.png\",\"contentUrl\":\"https:\\\/\\\/favorite-news.com\\\/pl\\\/wp-content\\\/uploads\\\/sites\\\/6\\\/2019\\\/08\\\/Aktywi\u015bci-Grupy-Stonewall-rusz\u0105-w-Polsk\u0119-z-Letni\u0105-Akademi\u0105-R\u00f3wno\u015bci.png\",\"width\":800,\"height\":800,\"caption\":\"Aktywi\u015bci Grupy Stonewall rusz\u0105 w Polsk\u0119 z Letni\u0105 Akademi\u0105 R\u00f3wno\u015bci\"},{\"@type\":\"BreadcrumbList\",\"@id\":\"https:\\\/\\\/favorite-news.com\\\/pl\\\/aktywisci-grupy-stonewall-rusza-w-polske-z-letnia-akademia-rownosci\\\/#breadcrumb\",\"itemListElement\":[{\"@type\":\"ListItem\",\"position\":1,\"name\":\"Home\",\"item\":\"https:\\\/\\\/favorite-news.com\\\/pl\\\/\"},{\"@type\":\"ListItem\",\"position\":2,\"name\":\"Aktywi\u015bci Grupy Stonewall rusz\u0105 w Polsk\u0119 z Letni\u0105 Akademi\u0105 R\u00f3wno\u015bci\"}]},{\"@type\":\"WebSite\",\"@id\":\"https:\\\/\\\/favorite-news.com\\\/pl\\\/#website\",\"url\":\"https:\\\/\\\/favorite-news.com\\\/pl\\\/\",\"name\":\"Favorite News\",\"description\":\"Favorite News Polska\",\"potentialAction\":[{\"@type\":\"SearchAction\",\"target\":{\"@type\":\"EntryPoint\",\"urlTemplate\":\"https:\\\/\\\/favorite-news.com\\\/pl\\\/?s={search_term_string}\"},\"query-input\":{\"@type\":\"PropertyValueSpecification\",\"valueRequired\":true,\"valueName\":\"search_term_string\"}}],\"inLanguage\":\"pl-PL\"},{\"@type\":\"Person\",\"@id\":\"https:\\\/\\\/favorite-news.com\\\/pl\\\/#\\\/schema\\\/person\\\/b91573b717dcfa5e4696032a9d28d3e8\",\"name\":\"favorite-news\",\"image\":{\"@type\":\"ImageObject\",\"inLanguage\":\"pl-PL\",\"@id\":\"https:\\\/\\\/secure.gravatar.com\\\/avatar\\\/6c5a5cb12b74e9d517ee91cf570335b7d16177f1977cc91db161adfa435945a7?s=96&d=mm&r=g\",\"url\":\"https:\\\/\\\/secure.gravatar.com\\\/avatar\\\/6c5a5cb12b74e9d517ee91cf570335b7d16177f1977cc91db161adfa435945a7?s=96&d=mm&r=g\",\"contentUrl\":\"https:\\\/\\\/secure.gravatar.com\\\/avatar\\\/6c5a5cb12b74e9d517ee91cf570335b7d16177f1977cc91db161adfa435945a7?s=96&d=mm&r=g\",\"caption\":\"favorite-news\"},\"url\":\"https:\\\/\\\/favorite-news.com\\\/pl\\\/author\\\/pt\\\/\"}]}<\/script>\n<!-- \/ Yoast SEO plugin. -->","yoast_head_json":{"title":"Aktywi\u015bci Grupy Stonewall rusz\u0105 w Polsk\u0119 z Letni\u0105 Akademi\u0105 R\u00f3wno\u015bci - Favorite News","robots":{"index":"index","follow":"follow","max-snippet":"max-snippet:-1","max-image-preview":"max-image-preview:large","max-video-preview":"max-video-preview:-1"},"canonical":"https:\/\/favorite-news.com\/pl\/aktywisci-grupy-stonewall-rusza-w-polske-z-letnia-akademia-rownosci\/","og_locale":"pl_PL","og_type":"article","og_title":"Aktywi\u015bci Grupy Stonewall rusz\u0105 w Polsk\u0119 z Letni\u0105 Akademi\u0105 R\u00f3wno\u015bci - Favorite News","og_description":"[ad_1] W ci\u0105gu siedmiu dni organizatorzy planuj\u0105 odwiedzi\u0107 Ostr\u00f3w Wielkopolski, \u015awidnic\u0119, Sandomierz, Bia\u0142\u0105 Podlask\u0105, Mr\u0105gowo, Grudzi\u0105dz i Ko\u0142obrzeg. Jak zapowiadaj\u0105, ich g\u0142\u00f3wnym celem jest rozmowa z mieszka\u0144cami i obalenie szkodliwych mit\u00f3w na temat os\u00f3b LGBT+. &#13; &#13; Aktywi\u015bci sp\u0119dz\u0105 w ka\u017cdym z miast kilka godzin, w czasie kt\u00f3rych zamierzaj\u0105 rozmawia\u0107 z napotkanymi osobami oraz rozdawa\u0107 [&hellip;]","og_url":"https:\/\/favorite-news.com\/pl\/aktywisci-grupy-stonewall-rusza-w-polske-z-letnia-akademia-rownosci\/","og_site_name":"Favorite News","article_published_time":"2019-08-02T17:21:54+00:00","article_modified_time":"2019-08-02T17:21:55+00:00","og_image":[{"width":800,"height":800,"url":"https:\/\/favorite-news.com\/pl\/wp-content\/uploads\/sites\/6\/2019\/08\/Aktywi\u015bci-Grupy-Stonewall-rusz\u0105-w-Polsk\u0119-z-Letni\u0105-Akademi\u0105-R\u00f3wno\u015bci.png","type":"image\/png"}],"author":"favorite-news","twitter_card":"summary_large_image","twitter_misc":{"Napisane przez":"favorite-news","Szacowany czas czytania":"1 minuta"},"schema":{"@context":"https:\/\/schema.org","@graph":[{"@type":"Article","@id":"https:\/\/favorite-news.com\/pl\/aktywisci-grupy-stonewall-rusza-w-polske-z-letnia-akademia-rownosci\/#article","isPartOf":{"@id":"https:\/\/favorite-news.com\/pl\/aktywisci-grupy-stonewall-rusza-w-polske-z-letnia-akademia-rownosci\/"},"author":{"name":"favorite-news","@id":"https:\/\/favorite-news.com\/pl\/#\/schema\/person\/b91573b717dcfa5e4696032a9d28d3e8"},"headline":"Aktywi\u015bci Grupy Stonewall rusz\u0105 w Polsk\u0119 z Letni\u0105 Akademi\u0105 R\u00f3wno\u015bci","datePublished":"2019-08-02T17:21:54+00:00","dateModified":"2019-08-02T17:21:55+00:00","mainEntityOfPage":{"@id":"https:\/\/favorite-news.com\/pl\/aktywisci-grupy-stonewall-rusza-w-polske-z-letnia-akademia-rownosci\/"},"wordCount":295,"commentCount":0,"image":{"@id":"https:\/\/favorite-news.com\/pl\/aktywisci-grupy-stonewall-rusza-w-polske-z-letnia-akademia-rownosci\/#primaryimage"},"thumbnailUrl":"https:\/\/favorite-news.com\/pl\/wp-content\/uploads\/sites\/6\/2019\/08\/Aktywi\u015bci-Grupy-Stonewall-rusz\u0105-w-Polsk\u0119-z-Letni\u0105-Akademi\u0105-R\u00f3wno\u015bci.png","articleSection":["WIADOMO\u015aCI MARKETINGOWE INTERNETOWE"],"inLanguage":"pl-PL","potentialAction":[{"@type":"CommentAction","name":"Comment","target":["https:\/\/favorite-news.com\/pl\/aktywisci-grupy-stonewall-rusza-w-polske-z-letnia-akademia-rownosci\/#respond"]}]},{"@type":"WebPage","@id":"https:\/\/favorite-news.com\/pl\/aktywisci-grupy-stonewall-rusza-w-polske-z-letnia-akademia-rownosci\/","url":"https:\/\/favorite-news.com\/pl\/aktywisci-grupy-stonewall-rusza-w-polske-z-letnia-akademia-rownosci\/","name":"Aktywi\u015bci Grupy Stonewall rusz\u0105 w Polsk\u0119 z Letni\u0105 Akademi\u0105 R\u00f3wno\u015bci - Favorite News","isPartOf":{"@id":"https:\/\/favorite-news.com\/pl\/#website"},"primaryImageOfPage":{"@id":"https:\/\/favorite-news.com\/pl\/aktywisci-grupy-stonewall-rusza-w-polske-z-letnia-akademia-rownosci\/#primaryimage"},"image":{"@id":"https:\/\/favorite-news.com\/pl\/aktywisci-grupy-stonewall-rusza-w-polske-z-letnia-akademia-rownosci\/#primaryimage"},"thumbnailUrl":"https:\/\/favorite-news.com\/pl\/wp-content\/uploads\/sites\/6\/2019\/08\/Aktywi\u015bci-Grupy-Stonewall-rusz\u0105-w-Polsk\u0119-z-Letni\u0105-Akademi\u0105-R\u00f3wno\u015bci.png","datePublished":"2019-08-02T17:21:54+00:00","dateModified":"2019-08-02T17:21:55+00:00","author":{"@id":"https:\/\/favorite-news.com\/pl\/#\/schema\/person\/b91573b717dcfa5e4696032a9d28d3e8"},"breadcrumb":{"@id":"https:\/\/favorite-news.com\/pl\/aktywisci-grupy-stonewall-rusza-w-polske-z-letnia-akademia-rownosci\/#breadcrumb"},"inLanguage":"pl-PL","potentialAction":[{"@type":"ReadAction","target":["https:\/\/favorite-news.com\/pl\/aktywisci-grupy-stonewall-rusza-w-polske-z-letnia-akademia-rownosci\/"]}]},{"@type":"ImageObject","inLanguage":"pl-PL","@id":"https:\/\/favorite-news.com\/pl\/aktywisci-grupy-stonewall-rusza-w-polske-z-letnia-akademia-rownosci\/#primaryimage","url":"https:\/\/favorite-news.com\/pl\/wp-content\/uploads\/sites\/6\/2019\/08\/Aktywi\u015bci-Grupy-Stonewall-rusz\u0105-w-Polsk\u0119-z-Letni\u0105-Akademi\u0105-R\u00f3wno\u015bci.png","contentUrl":"https:\/\/favorite-news.com\/pl\/wp-content\/uploads\/sites\/6\/2019\/08\/Aktywi\u015bci-Grupy-Stonewall-rusz\u0105-w-Polsk\u0119-z-Letni\u0105-Akademi\u0105-R\u00f3wno\u015bci.png","width":800,"height":800,"caption":"Aktywi\u015bci Grupy Stonewall rusz\u0105 w Polsk\u0119 z Letni\u0105 Akademi\u0105 R\u00f3wno\u015bci"},{"@type":"BreadcrumbList","@id":"https:\/\/favorite-news.com\/pl\/aktywisci-grupy-stonewall-rusza-w-polske-z-letnia-akademia-rownosci\/#breadcrumb","itemListElement":[{"@type":"ListItem","position":1,"name":"Home","item":"https:\/\/favorite-news.com\/pl\/"},{"@type":"ListItem","position":2,"name":"Aktywi\u015bci Grupy Stonewall rusz\u0105 w Polsk\u0119 z Letni\u0105 Akademi\u0105 R\u00f3wno\u015bci"}]},{"@type":"WebSite","@id":"https:\/\/favorite-news.com\/pl\/#website","url":"https:\/\/favorite-news.com\/pl\/","name":"Favorite News","description":"Favorite News Polska","potentialAction":[{"@type":"SearchAction","target":{"@type":"EntryPoint","urlTemplate":"https:\/\/favorite-news.com\/pl\/?s={search_term_string}"},"query-input":{"@type":"PropertyValueSpecification","valueRequired":true,"valueName":"search_term_string"}}],"inLanguage":"pl-PL"},{"@type":"Person","@id":"https:\/\/favorite-news.com\/pl\/#\/schema\/person\/b91573b717dcfa5e4696032a9d28d3e8","name":"favorite-news","image":{"@type":"ImageObject","inLanguage":"pl-PL","@id":"https:\/\/secure.gravatar.com\/avatar\/6c5a5cb12b74e9d517ee91cf570335b7d16177f1977cc91db161adfa435945a7?s=96&d=mm&r=g","url":"https:\/\/secure.gravatar.com\/avatar\/6c5a5cb12b74e9d517ee91cf570335b7d16177f1977cc91db161adfa435945a7?s=96&d=mm&r=g","contentUrl":"https:\/\/secure.gravatar.com\/avatar\/6c5a5cb12b74e9d517ee91cf570335b7d16177f1977cc91db161adfa435945a7?s=96&d=mm&r=g","caption":"favorite-news"},"url":"https:\/\/favorite-news.com\/pl\/author\/pt\/"}]}},"_links":{"self":[{"href":"https:\/\/favorite-news.com\/pl\/wp-json\/wp\/v2\/posts\/3172","targetHints":{"allow":["GET"]}}],"collection":[{"href":"https:\/\/favorite-news.com\/pl\/wp-json\/wp\/v2\/posts"}],"about":[{"href":"https:\/\/favorite-news.com\/pl\/wp-json\/wp\/v2\/types\/post"}],"author":[{"embeddable":true,"href":"https:\/\/favorite-news.com\/pl\/wp-json\/wp\/v2\/users\/2"}],"replies":[{"embeddable":true,"href":"https:\/\/favorite-news.com\/pl\/wp-json\/wp\/v2\/comments?post=3172"}],"version-history":[{"count":1,"href":"https:\/\/favorite-news.com\/pl\/wp-json\/wp\/v2\/posts\/3172\/revisions"}],"predecessor-version":[{"id":3174,"href":"https:\/\/favorite-news.com\/pl\/wp-json\/wp\/v2\/posts\/3172\/revisions\/3174"}],"wp:featuredmedia":[{"embeddable":true,"href":"https:\/\/favorite-news.com\/pl\/wp-json\/wp\/v2\/media\/3173"}],"wp:attachment":[{"href":"https:\/\/favorite-news.com\/pl\/wp-json\/wp\/v2\/media?parent=3172"}],"wp:term":[{"taxonomy":"category","embeddable":true,"href":"https:\/\/favorite-news.com\/pl\/wp-json\/wp\/v2\/categories?post=3172"},{"taxonomy":"post_tag","embeddable":true,"href":"https:\/\/favorite-news.com\/pl\/wp-json\/wp\/v2\/tags?post=3172"}],"curies":[{"name":"wp","href":"https:\/\/api.w.org\/{rel}","templated":true}]}}