{"id":3155,"date":"2019-08-02T12:02:44","date_gmt":"2019-08-02T09:02:44","guid":{"rendered":"https:\/\/favorite-news.com\/pl\/mullenlowe-mediahub-zajmie-sie-obsluga-mediowa-marki-hipp\/"},"modified":"2019-08-02T12:02:45","modified_gmt":"2019-08-02T09:02:45","slug":"mullenlowe-mediahub-zajmie-sie-obsluga-mediowa-marki-hipp","status":"publish","type":"post","link":"https:\/\/favorite-news.com\/pl\/mullenlowe-mediahub-zajmie-sie-obsluga-mediowa-marki-hipp\/","title":{"rendered":"MullenLowe MediaHub zajmie si\u0119 obs\u0142ug\u0105 mediow\u0105 marki Hipp"},"content":{"rendered":"<p> [ad_1]<br \/>\n<\/p>\n<div id=\"\">\n<p>Agencja b\u0119dzie odpowiada\u0107 za planowanie i zakup kampanii w telewizji oraz w internecie.<\/p>\n<p>&#13;<br \/>\n&#13;<\/p>\n<p>Firmy nie ujawniaj\u0105, na jak d\u0142ugo zawar\u0142y umow\u0119. Nie podaj\u0105 te\u017c liczby i nazw pozosta\u0142ych dom\u00f3w mediowych uczestnicz\u0105cych w post\u0119powaniu. Z naszych informacji wynika, \u017ce by\u0142o ich kilka.<\/p>\n<p>&#13;<br \/>\n&#13;<\/p>\n<p>Hipp w ostatnim czasie nie by\u0142 szczeg\u00f3lnie aktywny reklamowo.<\/p>\n<p>&#13;<br \/>\n                            &#13;<br \/>\n&#13;<br \/>\n                            &#13;<br \/>\n&#13;<br \/>\n&#13;<br \/>\n&#13;<br \/>\n&#13;<br \/>\n&#13;<br \/>\n                            &#13;<br \/>\n                                                            &#13;<br \/>\n&#13;<br \/>\n                            &#13;\n                        <\/p><\/div>\n<p><script>(function (d, s, id) {\n        var js, fjs = d.getElementsByTagName(s)[0];\n        if (d.getElementById(id)) return;\n        js = d.createElement(s);\n        js.id = id;\n        js.src = \"http:\/\/connect.facebook.net\/pl_PL\/sdk.js#xfbml=1&version=v2.6&appId=297996717062470\";\n        fjs.parentNode.insertBefore(js, fjs);\n    }(document, 'script', 'facebook-jssdk'));<\/script><br \/>\n<br \/>[ad_2]<br \/>\n<br \/><a href=\"https:\/\/www.wirtualnemedia.pl\/artykul\/mullenlowe-mediahub-zajmie-sie-obsluga-mediowa-marki-hipp\">Source link <\/a><\/p>\n","protected":false},"excerpt":{"rendered":"<p>[ad_1] Agencja b\u0119dzie odpowiada\u0107 za planowanie i zakup kampanii w telewizji oraz w internecie. &#13; &#13; Firmy nie ujawniaj\u0105, na jak d\u0142ugo zawar\u0142y umow\u0119. Nie podaj\u0105 te\u017c liczby i nazw pozosta\u0142ych dom\u00f3w mediowych uczestnicz\u0105cych w post\u0119powaniu. Z naszych informacji wynika, \u017ce by\u0142o ich kilka. &#13; &#13; Hipp w ostatnim czasie nie by\u0142 szczeg\u00f3lnie aktywny reklamowo. [&hellip;]<\/p>\n","protected":false},"author":2,"featured_media":3156,"comment_status":"open","ping_status":"open","sticky":false,"template":"","format":"standard","meta":{"footnotes":""},"categories":[2],"tags":[],"class_list":["post-3155","post","type-post","status-publish","format-standard","has-post-thumbnail","hentry","category-wiadomosci-marketingowe-internetowe"],"yoast_head":"<!-- This site is optimized with the Yoast SEO plugin v27.4 - https:\/\/yoast.com\/product\/yoast-seo-wordpress\/ -->\n<title>MullenLowe MediaHub zajmie si\u0119 obs\u0142ug\u0105 mediow\u0105 marki Hipp - Favorite News<\/title>\n<meta name=\"robots\" content=\"index, follow, max-snippet:-1, max-image-preview:large, max-video-preview:-1\" \/>\n<link rel=\"canonical\" href=\"https:\/\/favorite-news.com\/pl\/mullenlowe-mediahub-zajmie-sie-obsluga-mediowa-marki-hipp\/\" \/>\n<meta property=\"og:locale\" content=\"pl_PL\" \/>\n<meta property=\"og:type\" content=\"article\" \/>\n<meta property=\"og:title\" content=\"MullenLowe MediaHub zajmie si\u0119 obs\u0142ug\u0105 mediow\u0105 marki Hipp - Favorite News\" \/>\n<meta property=\"og:description\" content=\"[ad_1] Agencja b\u0119dzie odpowiada\u0107 za planowanie i zakup kampanii w telewizji oraz w internecie. &#013; &#013; Firmy nie ujawniaj\u0105, na jak d\u0142ugo zawar\u0142y umow\u0119. Nie podaj\u0105 te\u017c liczby i nazw pozosta\u0142ych dom\u00f3w mediowych uczestnicz\u0105cych w post\u0119powaniu. Z naszych informacji wynika, \u017ce by\u0142o ich kilka. &#013; &#013; Hipp w ostatnim czasie nie by\u0142 szczeg\u00f3lnie aktywny reklamowo. [&hellip;]\" \/>\n<meta property=\"og:url\" content=\"https:\/\/favorite-news.com\/pl\/mullenlowe-mediahub-zajmie-sie-obsluga-mediowa-marki-hipp\/\" \/>\n<meta property=\"og:site_name\" content=\"Favorite News\" \/>\n<meta property=\"article:published_time\" content=\"2019-08-02T09:02:44+00:00\" \/>\n<meta property=\"article:modified_time\" content=\"2019-08-02T09:02:45+00:00\" \/>\n<meta property=\"og:image\" content=\"https:\/\/favorite-news.com\/pl\/wp-content\/uploads\/sites\/6\/2019\/08\/MullenLowe-MediaHub-zajmie-si\u0119-obs\u0142ug\u0105-mediow\u0105-marki-Hipp.png\" \/>\n\t<meta property=\"og:image:width\" content=\"655\" \/>\n\t<meta property=\"og:image:height\" content=\"466\" \/>\n\t<meta property=\"og:image:type\" content=\"image\/png\" \/>\n<meta name=\"author\" content=\"favorite-news\" \/>\n<meta name=\"twitter:card\" content=\"summary_large_image\" \/>\n<meta name=\"twitter:label1\" content=\"Napisane przez\" \/>\n\t<meta name=\"twitter:data1\" content=\"favorite-news\" \/>\n<script type=\"application\/ld+json\" class=\"yoast-schema-graph\">{\"@context\":\"https:\\\/\\\/schema.org\",\"@graph\":[{\"@type\":\"Article\",\"@id\":\"https:\\\/\\\/favorite-news.com\\\/pl\\\/mullenlowe-mediahub-zajmie-sie-obsluga-mediowa-marki-hipp\\\/#article\",\"isPartOf\":{\"@id\":\"https:\\\/\\\/favorite-news.com\\\/pl\\\/mullenlowe-mediahub-zajmie-sie-obsluga-mediowa-marki-hipp\\\/\"},\"author\":{\"name\":\"favorite-news\",\"@id\":\"https:\\\/\\\/favorite-news.com\\\/pl\\\/#\\\/schema\\\/person\\\/b91573b717dcfa5e4696032a9d28d3e8\"},\"headline\":\"MullenLowe MediaHub zajmie si\u0119 obs\u0142ug\u0105 mediow\u0105 marki Hipp\",\"datePublished\":\"2019-08-02T09:02:44+00:00\",\"dateModified\":\"2019-08-02T09:02:45+00:00\",\"mainEntityOfPage\":{\"@id\":\"https:\\\/\\\/favorite-news.com\\\/pl\\\/mullenlowe-mediahub-zajmie-sie-obsluga-mediowa-marki-hipp\\\/\"},\"wordCount\":72,\"commentCount\":0,\"image\":{\"@id\":\"https:\\\/\\\/favorite-news.com\\\/pl\\\/mullenlowe-mediahub-zajmie-sie-obsluga-mediowa-marki-hipp\\\/#primaryimage\"},\"thumbnailUrl\":\"https:\\\/\\\/favorite-news.com\\\/pl\\\/wp-content\\\/uploads\\\/sites\\\/6\\\/2019\\\/08\\\/MullenLowe-MediaHub-zajmie-si\u0119-obs\u0142ug\u0105-mediow\u0105-marki-Hipp.png\",\"articleSection\":[\"WIADOMO\u015aCI MARKETINGOWE INTERNETOWE\"],\"inLanguage\":\"pl-PL\",\"potentialAction\":[{\"@type\":\"CommentAction\",\"name\":\"Comment\",\"target\":[\"https:\\\/\\\/favorite-news.com\\\/pl\\\/mullenlowe-mediahub-zajmie-sie-obsluga-mediowa-marki-hipp\\\/#respond\"]}]},{\"@type\":\"WebPage\",\"@id\":\"https:\\\/\\\/favorite-news.com\\\/pl\\\/mullenlowe-mediahub-zajmie-sie-obsluga-mediowa-marki-hipp\\\/\",\"url\":\"https:\\\/\\\/favorite-news.com\\\/pl\\\/mullenlowe-mediahub-zajmie-sie-obsluga-mediowa-marki-hipp\\\/\",\"name\":\"MullenLowe MediaHub zajmie si\u0119 obs\u0142ug\u0105 mediow\u0105 marki Hipp - Favorite News\",\"isPartOf\":{\"@id\":\"https:\\\/\\\/favorite-news.com\\\/pl\\\/#website\"},\"primaryImageOfPage\":{\"@id\":\"https:\\\/\\\/favorite-news.com\\\/pl\\\/mullenlowe-mediahub-zajmie-sie-obsluga-mediowa-marki-hipp\\\/#primaryimage\"},\"image\":{\"@id\":\"https:\\\/\\\/favorite-news.com\\\/pl\\\/mullenlowe-mediahub-zajmie-sie-obsluga-mediowa-marki-hipp\\\/#primaryimage\"},\"thumbnailUrl\":\"https:\\\/\\\/favorite-news.com\\\/pl\\\/wp-content\\\/uploads\\\/sites\\\/6\\\/2019\\\/08\\\/MullenLowe-MediaHub-zajmie-si\u0119-obs\u0142ug\u0105-mediow\u0105-marki-Hipp.png\",\"datePublished\":\"2019-08-02T09:02:44+00:00\",\"dateModified\":\"2019-08-02T09:02:45+00:00\",\"author\":{\"@id\":\"https:\\\/\\\/favorite-news.com\\\/pl\\\/#\\\/schema\\\/person\\\/b91573b717dcfa5e4696032a9d28d3e8\"},\"breadcrumb\":{\"@id\":\"https:\\\/\\\/favorite-news.com\\\/pl\\\/mullenlowe-mediahub-zajmie-sie-obsluga-mediowa-marki-hipp\\\/#breadcrumb\"},\"inLanguage\":\"pl-PL\",\"potentialAction\":[{\"@type\":\"ReadAction\",\"target\":[\"https:\\\/\\\/favorite-news.com\\\/pl\\\/mullenlowe-mediahub-zajmie-sie-obsluga-mediowa-marki-hipp\\\/\"]}]},{\"@type\":\"ImageObject\",\"inLanguage\":\"pl-PL\",\"@id\":\"https:\\\/\\\/favorite-news.com\\\/pl\\\/mullenlowe-mediahub-zajmie-sie-obsluga-mediowa-marki-hipp\\\/#primaryimage\",\"url\":\"https:\\\/\\\/favorite-news.com\\\/pl\\\/wp-content\\\/uploads\\\/sites\\\/6\\\/2019\\\/08\\\/MullenLowe-MediaHub-zajmie-si\u0119-obs\u0142ug\u0105-mediow\u0105-marki-Hipp.png\",\"contentUrl\":\"https:\\\/\\\/favorite-news.com\\\/pl\\\/wp-content\\\/uploads\\\/sites\\\/6\\\/2019\\\/08\\\/MullenLowe-MediaHub-zajmie-si\u0119-obs\u0142ug\u0105-mediow\u0105-marki-Hipp.png\",\"width\":655,\"height\":466,\"caption\":\"Article\"},{\"@type\":\"BreadcrumbList\",\"@id\":\"https:\\\/\\\/favorite-news.com\\\/pl\\\/mullenlowe-mediahub-zajmie-sie-obsluga-mediowa-marki-hipp\\\/#breadcrumb\",\"itemListElement\":[{\"@type\":\"ListItem\",\"position\":1,\"name\":\"Home\",\"item\":\"https:\\\/\\\/favorite-news.com\\\/pl\\\/\"},{\"@type\":\"ListItem\",\"position\":2,\"name\":\"MullenLowe MediaHub zajmie si\u0119 obs\u0142ug\u0105 mediow\u0105 marki Hipp\"}]},{\"@type\":\"WebSite\",\"@id\":\"https:\\\/\\\/favorite-news.com\\\/pl\\\/#website\",\"url\":\"https:\\\/\\\/favorite-news.com\\\/pl\\\/\",\"name\":\"Favorite News\",\"description\":\"Favorite News Polska\",\"potentialAction\":[{\"@type\":\"SearchAction\",\"target\":{\"@type\":\"EntryPoint\",\"urlTemplate\":\"https:\\\/\\\/favorite-news.com\\\/pl\\\/?s={search_term_string}\"},\"query-input\":{\"@type\":\"PropertyValueSpecification\",\"valueRequired\":true,\"valueName\":\"search_term_string\"}}],\"inLanguage\":\"pl-PL\"},{\"@type\":\"Person\",\"@id\":\"https:\\\/\\\/favorite-news.com\\\/pl\\\/#\\\/schema\\\/person\\\/b91573b717dcfa5e4696032a9d28d3e8\",\"name\":\"favorite-news\",\"image\":{\"@type\":\"ImageObject\",\"inLanguage\":\"pl-PL\",\"@id\":\"https:\\\/\\\/secure.gravatar.com\\\/avatar\\\/6c5a5cb12b74e9d517ee91cf570335b7d16177f1977cc91db161adfa435945a7?s=96&d=mm&r=g\",\"url\":\"https:\\\/\\\/secure.gravatar.com\\\/avatar\\\/6c5a5cb12b74e9d517ee91cf570335b7d16177f1977cc91db161adfa435945a7?s=96&d=mm&r=g\",\"contentUrl\":\"https:\\\/\\\/secure.gravatar.com\\\/avatar\\\/6c5a5cb12b74e9d517ee91cf570335b7d16177f1977cc91db161adfa435945a7?s=96&d=mm&r=g\",\"caption\":\"favorite-news\"},\"url\":\"https:\\\/\\\/favorite-news.com\\\/pl\\\/author\\\/pt\\\/\"}]}<\/script>\n<!-- \/ Yoast SEO plugin. -->","yoast_head_json":{"title":"MullenLowe MediaHub zajmie si\u0119 obs\u0142ug\u0105 mediow\u0105 marki Hipp - Favorite News","robots":{"index":"index","follow":"follow","max-snippet":"max-snippet:-1","max-image-preview":"max-image-preview:large","max-video-preview":"max-video-preview:-1"},"canonical":"https:\/\/favorite-news.com\/pl\/mullenlowe-mediahub-zajmie-sie-obsluga-mediowa-marki-hipp\/","og_locale":"pl_PL","og_type":"article","og_title":"MullenLowe MediaHub zajmie si\u0119 obs\u0142ug\u0105 mediow\u0105 marki Hipp - Favorite News","og_description":"[ad_1] Agencja b\u0119dzie odpowiada\u0107 za planowanie i zakup kampanii w telewizji oraz w internecie. &#13; &#13; Firmy nie ujawniaj\u0105, na jak d\u0142ugo zawar\u0142y umow\u0119. Nie podaj\u0105 te\u017c liczby i nazw pozosta\u0142ych dom\u00f3w mediowych uczestnicz\u0105cych w post\u0119powaniu. Z naszych informacji wynika, \u017ce by\u0142o ich kilka. &#13; &#13; Hipp w ostatnim czasie nie by\u0142 szczeg\u00f3lnie aktywny reklamowo. [&hellip;]","og_url":"https:\/\/favorite-news.com\/pl\/mullenlowe-mediahub-zajmie-sie-obsluga-mediowa-marki-hipp\/","og_site_name":"Favorite News","article_published_time":"2019-08-02T09:02:44+00:00","article_modified_time":"2019-08-02T09:02:45+00:00","og_image":[{"width":655,"height":466,"url":"https:\/\/favorite-news.com\/pl\/wp-content\/uploads\/sites\/6\/2019\/08\/MullenLowe-MediaHub-zajmie-si\u0119-obs\u0142ug\u0105-mediow\u0105-marki-Hipp.png","type":"image\/png"}],"author":"favorite-news","twitter_card":"summary_large_image","twitter_misc":{"Napisane przez":"favorite-news"},"schema":{"@context":"https:\/\/schema.org","@graph":[{"@type":"Article","@id":"https:\/\/favorite-news.com\/pl\/mullenlowe-mediahub-zajmie-sie-obsluga-mediowa-marki-hipp\/#article","isPartOf":{"@id":"https:\/\/favorite-news.com\/pl\/mullenlowe-mediahub-zajmie-sie-obsluga-mediowa-marki-hipp\/"},"author":{"name":"favorite-news","@id":"https:\/\/favorite-news.com\/pl\/#\/schema\/person\/b91573b717dcfa5e4696032a9d28d3e8"},"headline":"MullenLowe MediaHub zajmie si\u0119 obs\u0142ug\u0105 mediow\u0105 marki Hipp","datePublished":"2019-08-02T09:02:44+00:00","dateModified":"2019-08-02T09:02:45+00:00","mainEntityOfPage":{"@id":"https:\/\/favorite-news.com\/pl\/mullenlowe-mediahub-zajmie-sie-obsluga-mediowa-marki-hipp\/"},"wordCount":72,"commentCount":0,"image":{"@id":"https:\/\/favorite-news.com\/pl\/mullenlowe-mediahub-zajmie-sie-obsluga-mediowa-marki-hipp\/#primaryimage"},"thumbnailUrl":"https:\/\/favorite-news.com\/pl\/wp-content\/uploads\/sites\/6\/2019\/08\/MullenLowe-MediaHub-zajmie-si\u0119-obs\u0142ug\u0105-mediow\u0105-marki-Hipp.png","articleSection":["WIADOMO\u015aCI MARKETINGOWE INTERNETOWE"],"inLanguage":"pl-PL","potentialAction":[{"@type":"CommentAction","name":"Comment","target":["https:\/\/favorite-news.com\/pl\/mullenlowe-mediahub-zajmie-sie-obsluga-mediowa-marki-hipp\/#respond"]}]},{"@type":"WebPage","@id":"https:\/\/favorite-news.com\/pl\/mullenlowe-mediahub-zajmie-sie-obsluga-mediowa-marki-hipp\/","url":"https:\/\/favorite-news.com\/pl\/mullenlowe-mediahub-zajmie-sie-obsluga-mediowa-marki-hipp\/","name":"MullenLowe MediaHub zajmie si\u0119 obs\u0142ug\u0105 mediow\u0105 marki Hipp - Favorite News","isPartOf":{"@id":"https:\/\/favorite-news.com\/pl\/#website"},"primaryImageOfPage":{"@id":"https:\/\/favorite-news.com\/pl\/mullenlowe-mediahub-zajmie-sie-obsluga-mediowa-marki-hipp\/#primaryimage"},"image":{"@id":"https:\/\/favorite-news.com\/pl\/mullenlowe-mediahub-zajmie-sie-obsluga-mediowa-marki-hipp\/#primaryimage"},"thumbnailUrl":"https:\/\/favorite-news.com\/pl\/wp-content\/uploads\/sites\/6\/2019\/08\/MullenLowe-MediaHub-zajmie-si\u0119-obs\u0142ug\u0105-mediow\u0105-marki-Hipp.png","datePublished":"2019-08-02T09:02:44+00:00","dateModified":"2019-08-02T09:02:45+00:00","author":{"@id":"https:\/\/favorite-news.com\/pl\/#\/schema\/person\/b91573b717dcfa5e4696032a9d28d3e8"},"breadcrumb":{"@id":"https:\/\/favorite-news.com\/pl\/mullenlowe-mediahub-zajmie-sie-obsluga-mediowa-marki-hipp\/#breadcrumb"},"inLanguage":"pl-PL","potentialAction":[{"@type":"ReadAction","target":["https:\/\/favorite-news.com\/pl\/mullenlowe-mediahub-zajmie-sie-obsluga-mediowa-marki-hipp\/"]}]},{"@type":"ImageObject","inLanguage":"pl-PL","@id":"https:\/\/favorite-news.com\/pl\/mullenlowe-mediahub-zajmie-sie-obsluga-mediowa-marki-hipp\/#primaryimage","url":"https:\/\/favorite-news.com\/pl\/wp-content\/uploads\/sites\/6\/2019\/08\/MullenLowe-MediaHub-zajmie-si\u0119-obs\u0142ug\u0105-mediow\u0105-marki-Hipp.png","contentUrl":"https:\/\/favorite-news.com\/pl\/wp-content\/uploads\/sites\/6\/2019\/08\/MullenLowe-MediaHub-zajmie-si\u0119-obs\u0142ug\u0105-mediow\u0105-marki-Hipp.png","width":655,"height":466,"caption":"Article"},{"@type":"BreadcrumbList","@id":"https:\/\/favorite-news.com\/pl\/mullenlowe-mediahub-zajmie-sie-obsluga-mediowa-marki-hipp\/#breadcrumb","itemListElement":[{"@type":"ListItem","position":1,"name":"Home","item":"https:\/\/favorite-news.com\/pl\/"},{"@type":"ListItem","position":2,"name":"MullenLowe MediaHub zajmie si\u0119 obs\u0142ug\u0105 mediow\u0105 marki Hipp"}]},{"@type":"WebSite","@id":"https:\/\/favorite-news.com\/pl\/#website","url":"https:\/\/favorite-news.com\/pl\/","name":"Favorite News","description":"Favorite News Polska","potentialAction":[{"@type":"SearchAction","target":{"@type":"EntryPoint","urlTemplate":"https:\/\/favorite-news.com\/pl\/?s={search_term_string}"},"query-input":{"@type":"PropertyValueSpecification","valueRequired":true,"valueName":"search_term_string"}}],"inLanguage":"pl-PL"},{"@type":"Person","@id":"https:\/\/favorite-news.com\/pl\/#\/schema\/person\/b91573b717dcfa5e4696032a9d28d3e8","name":"favorite-news","image":{"@type":"ImageObject","inLanguage":"pl-PL","@id":"https:\/\/secure.gravatar.com\/avatar\/6c5a5cb12b74e9d517ee91cf570335b7d16177f1977cc91db161adfa435945a7?s=96&d=mm&r=g","url":"https:\/\/secure.gravatar.com\/avatar\/6c5a5cb12b74e9d517ee91cf570335b7d16177f1977cc91db161adfa435945a7?s=96&d=mm&r=g","contentUrl":"https:\/\/secure.gravatar.com\/avatar\/6c5a5cb12b74e9d517ee91cf570335b7d16177f1977cc91db161adfa435945a7?s=96&d=mm&r=g","caption":"favorite-news"},"url":"https:\/\/favorite-news.com\/pl\/author\/pt\/"}]}},"_links":{"self":[{"href":"https:\/\/favorite-news.com\/pl\/wp-json\/wp\/v2\/posts\/3155","targetHints":{"allow":["GET"]}}],"collection":[{"href":"https:\/\/favorite-news.com\/pl\/wp-json\/wp\/v2\/posts"}],"about":[{"href":"https:\/\/favorite-news.com\/pl\/wp-json\/wp\/v2\/types\/post"}],"author":[{"embeddable":true,"href":"https:\/\/favorite-news.com\/pl\/wp-json\/wp\/v2\/users\/2"}],"replies":[{"embeddable":true,"href":"https:\/\/favorite-news.com\/pl\/wp-json\/wp\/v2\/comments?post=3155"}],"version-history":[{"count":1,"href":"https:\/\/favorite-news.com\/pl\/wp-json\/wp\/v2\/posts\/3155\/revisions"}],"predecessor-version":[{"id":3157,"href":"https:\/\/favorite-news.com\/pl\/wp-json\/wp\/v2\/posts\/3155\/revisions\/3157"}],"wp:featuredmedia":[{"embeddable":true,"href":"https:\/\/favorite-news.com\/pl\/wp-json\/wp\/v2\/media\/3156"}],"wp:attachment":[{"href":"https:\/\/favorite-news.com\/pl\/wp-json\/wp\/v2\/media?parent=3155"}],"wp:term":[{"taxonomy":"category","embeddable":true,"href":"https:\/\/favorite-news.com\/pl\/wp-json\/wp\/v2\/categories?post=3155"},{"taxonomy":"post_tag","embeddable":true,"href":"https:\/\/favorite-news.com\/pl\/wp-json\/wp\/v2\/tags?post=3155"}],"curies":[{"name":"wp","href":"https:\/\/api.w.org\/{rel}","templated":true}]}}