{"id":3143,"date":"2019-08-02T06:46:39","date_gmt":"2019-08-02T03:46:39","guid":{"rendered":"https:\/\/favorite-news.com\/pl\/sigma-bis-wspolna-spolka-marketingowa-orlenu-i-pzu\/"},"modified":"2019-08-02T06:46:39","modified_gmt":"2019-08-02T03:46:39","slug":"sigma-bis-wspolna-spolka-marketingowa-orlenu-i-pzu","status":"publish","type":"post","link":"https:\/\/favorite-news.com\/pl\/sigma-bis-wspolna-spolka-marketingowa-orlenu-i-pzu\/","title":{"rendered":"Sigma BIS &#8211; wsp\u00f3lna sp\u00f3\u0142ka marketingowa Orlenu i PZU"},"content":{"rendered":"<p> [ad_1]<br \/>\n<\/p>\n<div id=\"\">\n<p>Kilka dni temu PKN Orlen i Grupa PZU poinformowa\u0142y, \u017ce chc\u0105 utworzy\u0107 sp\u00f3\u0142k\u0119, kt\u00f3ra zajmie si\u0119 dla nich \u015bwiadczeniem szeroko poj\u0119tych us\u0142ug marketingowych i reklamowych. Wtedy nie podano jednak jej nazwy ani szczeg\u00f3\u0142\u00f3w jej dzia\u0142alno\u015bci.<\/p>\n<p>&#13;<br \/>\n&#13;<\/p>\n<p>Z dokument\u00f3w z\u0142o\u017conych do Urz\u0119du Ochrony Konkurencji i Konsument\u00f3w wynika, \u017ce<strong> do utworzenia nowej firmy wykorzystana zostanie istniej\u0105ca ju\u017c sp\u00f3\u0142ka nale\u017c\u0105ca do grupy kapita\u0142owej PZU &#8211; Sigma BIS SA<\/strong> z siedzib\u0105 w Warszawie. Sp\u00f3\u0142ka ta nie prowadzi\u0142a dotychczas dzia\u0142alno\u015bci gospodarczej. Z naszych ustale\u0144 wynika, \u017ce <strong>jest to robocza nazwa nowego podmiotu, docelowo zostanie zmieniona.<\/strong><\/p>\n<p>&#13;<br \/>\n&#13;<\/p>\n<p>We wniosku do UOKiK o zgod\u0119 na utworzenie takiej firmy sprecyzowano, \u017ce b\u0119dzie ona \u015bwiadczy\u0107 <strong>us\u0142ugi w zakresie planowania, opracowywania strategii emisji materia\u0142\u00f3w reklamowych w mediach, sponsoringu projekt\u00f3w mediowych, negocjowania oraz zakupu czasu i przestrzeni reklamowej w mediach, opracowywania bada\u0144 i analiz skuteczno\u015bci aktywno\u015bci reklamowej w mediach, badania rynku, us\u0142ug sprzeda\u017cy w\u0142asnej powierzchni reklamowej PKN Orlen i PZU oraz performance marketingu<\/strong>.<\/p>\n<p>&#13;<br \/>\n&#13;<\/p>\n<p>Us\u0142ugi te maj\u0105 by\u0107 \u015bwiadczone <strong>\u201ezar\u00f3wno na rzecz podmiot\u00f3w z grup kapita\u0142owych PKN Orlen i PZU jak r\u00f3wnie\u017c podmiot\u00f3w trzecich\u201d <\/strong>&#8211; napisano. Tymczasem w wydanym w poniedzia\u0142ek komunikacie obu firm informowano, \u017ce nowa sp\u00f3\u0142ka zajmie si\u0119 jedynie \u015bwiadczeniem us\u0142ug na rzecz tylko i wy\u0142\u0105cznie PZU i Orlenu.<\/p>\n<p>&#13;<br \/>\n&#13;<\/p>\n<p>Na obecnym etapie obie firmy odmawiaj\u0105 udzielania informacji na temat maj\u0105cej powsta\u0107 sp\u00f3\u0142ki \u2013 nie podaj\u0105 daty rozpocz\u0119cia jej dzia\u0142alno\u015bci, liczby pracownik\u00f3w itp. Nieoficjalnie wiadomo, \u017ce w obu firmach ju\u017c zacz\u0119\u0142y si\u0119 rozmowy dotycz\u0105ce sk\u0142adu zespo\u0142u nowego podmiotu. Prawdopodobnie jego trzon stanowi\u0107 b\u0119d\u0105 ludzie z dzia\u0142\u00f3w marketingu obu firm.<\/p>\n<p>&#13;<br \/>\n&#13;<\/p>\n<p><span style=\"font-size:20px;\"><strong>Model &#8222;in-house&#8221; ma sens, ale pod pewnymi warunkami<\/strong><\/span><\/p>\n<p>&#13;<br \/>\n&#13;<\/p>\n<p>Przedstawiciele Orlenu i PZU t\u0142umaczyli w poniedzia\u0142ek, \u017ce celem powstania takiego podmiotu jest m.in. optymalizacja koszt\u00f3w. Podkre\u015blali te\u017c, \u017ce przenoszenie cz\u0119\u015bci us\u0142ug marketingowych, w tym zakupu medi\u00f3w (g\u0142\u00f3wnie cyfrowych) in-house to trend \u015bwiatowy i rozwi\u0105zanie, kt\u00f3re zostaje wprowadzane przez coraz wi\u0119cej firm.<\/p>\n<p>&#13;<br \/>\n&#13;<\/p>\n<p>Sebastian Umi\u0144ski, EMEA media leader w firmie 3M, zwraca uwag\u0119, \u017ce na rynku funkcjonuj\u0105 od dawna oba modele: zar\u00f3wno in-house buying, jak i outsourcing do dom\u00f3w mediowych, przy czym ten drugi dominuje w\u015br\u00f3d du\u017cych firm &#8211; g\u0142\u00f3wnie ze wzgl\u0119du na kompleksow\u0105 ekspertyz\u0119, kt\u00f3rej korporacje nie posiadaj\u0105 w takim zakresie, jak wyspecjalizowana agencja.<\/p>\n<p>&#13;<br \/>\n&#13;<\/p>\n<p class=\"cytat\">&#8211; Si\u0142a przetargowa i cz\u0119sto lepsze warunki zakupu medi\u00f3w oferowane przez agencje mediowe jest r\u00f3wnowa\u017cona dodatkowym kosztem fee, kt\u00f3re firmy musz\u0105 ponosi\u0107 &#8211; m\u00f3wi Wirtualnemedia.pl Umi\u0144ski. &#8211; <strong>Czy Orlen i PZU b\u0119d\u0105 mie\u0107 razem wi\u0119ksz\u0105 si\u0142\u0119 w negocjacjach z np. stacjami tv, grupami radiowymi i portalami? Zapewne tak. Czy potrafi\u0105 to wykorzysta\u0107? Zobaczymy. <\/strong>W obszarze digital widz\u0119 zalety tego rozwi\u0105zania, pocz\u0105wszy od in-house programmatic do pe\u0142nej kontroli kont mediowych, zabezpieczaj\u0105cego kluczowe dane firmy o swoich grupach odbiorc\u00f3w i \u0142\u0105cz\u0105cego \u0142atwiej dane kampanijne, sprzeda\u017cowe i bazy danych klient\u00f3w. To ostatnie jest zawsze bardziej skomplikowane z zewn\u0119trznym partnerem &#8211; dodaje nasz rozm\u00f3wca.<\/p>\n<p>&#13;<br \/>\n&#13;<\/p>\n<p>Jego zdaniem <strong>model in-house ma sw\u00f3j g\u0142\u0119boki sens tylko pod warunkiem, \u017ce korporacja zainwestuje w rozbudowany zesp\u00f3\u0142 ekspert\u00f3w, na r\u00f3wni z tym, kt\u00f3ry utrzymywa\u0142a po stronie agencji.<\/strong> &#8211; Nie sztuka zaraportowa\u0107 szybkie oszcz\u0119dno\u015bci w wydatkach na fee (tu przecie\u017c pojawia si\u0119 analogiczny koszt zasob\u00f3w, kt\u00f3re trzeba zapewni\u0107 in-house), dla firmy pozbawionej dotychczasowej ekspertyzy agencji prawdziwym zagro\u017ceniem jest strata na kluczowych wska\u017anikach efektywno\u015bci, kt\u00f3re biznesowo wa\u017c\u0105 du\u017co wi\u0119cej. Bilans mo\u017ce wi\u0119c wyj\u015b\u0107 na minus &#8211; podkre\u015bla w rozmowie z Wirtualnemedia.pl Sebastian Umi\u0144ski.<\/p>\n<p>&#13;<br \/>\n&#13;<\/p>\n<p><span style=\"font-size:20px;\"><strong>Istotna b\u0119dzie wielko\u015b\u0107 bud\u017cet\u00f3w od innych klient\u00f3w z rynku<\/strong><\/span><\/p>\n<p>&#13;<br \/>\n&#13;<\/p>\n<p>W podobnym tonie wypowiada si\u0119 Marek Gonsior, do niedawna dyrektor marketingu salon\u00f3w meblowych Agata SA.<\/p>\n<p>&#13;<br \/>\n&#13;<\/p>\n<p class=\"cytat\">&#8211; To oczywiste, \u017ce<strong> in-housing nabiera rozp\u0119du <\/strong>i jest obecnie jednym z gor\u0119tszych temat\u00f3w dyskutowanych zar\u00f3wno w gronie klient\u00f3w, jak i agencji. Ch\u0119\u0107 samodzielnego zakupu medi\u00f3w jest powodowana nie tylko przez swego rodzaju kryzys zaufania do dom\u00f3w mediowych. Wa\u017cnym, je\u015bli nie kluczowym czynnikiem sprzyjaj\u0105cym tej zmianie jest coraz \u0142atwiejszy proces zakupu, chocia\u017c <strong>nie nale\u017cy zapomina\u0107 o trudno\u015bciach w skutecznym zakupie telewizji i efekcie skali, kt\u00f3ry trudno uzyska\u0107 maj\u0105c za sob\u0105 bud\u017cet tylko jednej marki lub klienta &#8211; analizuje.<\/strong><\/p>\n<p>&#13;<br \/>\n&#13;<\/p>\n<p>&#8211; Projekt PZU i Orlenu nie jest jednak projektem czysto in-housowym, poniewa\u017c zak\u0142ada budow\u0119 w\u0142asnego domu mediowego, kt\u00f3ry podobno ma \u015bwiadczy\u0107 us\u0142ugi r\u00f3wnie\u017c innym, zewn\u0119trznym podmiotom. Na rynku z powodzeniem funkcjonuj\u0105 mniejsze i wi\u0119ksze agencje, dlatego kluczowym pytaniem w moim przekonaniu nie jest wielko\u015b\u0107 zarz\u0105dzanego bud\u017cetu, kt\u00f3ra ma wynika\u0107 nie tylko z nak\u0142ad\u00f3w za\u0142o\u017cycieli, ale r\u00f3wnie\u017c bud\u017cet\u00f3w pozyskanych od innych klient\u00f3w z rynku. Wi\u0119ksz\u0105 <strong>w\u0105tpliwo\u015b\u0107 budzi we mnie atrakcyjno\u015b\u0107 nowej agencji jako partnera, kt\u00f3ry gros swoich wydatk\u00f3w b\u0119dzie prawdopodobnie alokowa\u0107 w specyficznej grupie medi\u00f3w z pomini\u0119ciem lub ograniczeniem cz\u0119\u015bci atrakcyjnych dla wi\u0119kszo\u015bci marketer\u00f3w nadawc\u00f3w. <\/strong>Chyba, \u017ce nowa agencja ostatecznie skupi si\u0119 na obs\u0142udze PZU i Orlenu i ewentualnej wsp\u00f3\u0142pracy z podmiotami pa\u0144stwowymi &#8211; zwraca uwag\u0119 Gonsior.<\/p>\n<p>&#13;<br \/>\n&#13;<\/p>\n<p><span style=\"font-size:20px;\"><strong>W Polskiej Grupie Uzdrowisk to si\u0119 sprawdzi\u0142o<\/strong><\/span><\/p>\n<p>&#13;<br \/>\n&#13;<\/p>\n<p>Z kolei Piotr Grudzi\u0144ski, dyrektor marketingu sp\u00f3\u0142ki Polska Grupa Uzdrowisk (w\u0142a\u015bciciel m.in. marki Staropolanka) przypomina, \u017ce podobne zjawiska, na mniejsz\u0105 skal\u0119 od lat wdra\u017cane s\u0105 w grupach kapita\u0142owych, gdzie poprzez wydzielone jednostki dokonywane s\u0105 wsp\u00f3lne zakupy czy koordynowane dzia\u0142y marketingu. Takim przyk\u0142adem jest <strong>Polska Grupa Uzdrowisk &#8211; sp\u00f3\u0142ka powo\u0142ana przez w\u0142a\u015bciciela (KGHM TFI S.A.) \u00a0najwi\u0119kszych polskich zdroj\u00f3w (Uzdrowiska K\u0142odzkie, Uzdrowisko Po\u0142czyn, Uzdrowisko \u015awierad\u00f3w, Uzdrowisko Cieplice, wody mineralne Staropolanka) \u00a0<\/strong>posiadaj\u0105ca ponad 11 proc. udzia\u0142u w rynku uzdrowiskowym w Polsce.<\/p>\n<p>&#13;<br \/>\n&#13;<\/p>\n<p class=\"cytat\">&#8211; W naszym przypadku <strong>pozwoli\u0142o to tak\u017ce na koordynowane dzia\u0142ania reklamowe na poziomie grupy, wsp\u00f3lne kampanie internetowe, kt\u00f3re realizujemy w oparciu o w\u0142asne kompetencje. <\/strong>Dzi\u0119ki tej synergii uruchomili\u015bmy wsp\u00f3lny serwis sprzeda\u017cowy, na kt\u00f3rym co roku klienci dokonuj\u0105 rezerwacja na ponad 3 mln z\u0142otych. Wyeliminowali\u015bmy te\u017c tzw. zjawisko &#8222;kanibalizmu&#8221; gdzie na polu marketingu o tego samego klienta walczy\u0142y sp\u00f3\u0142ki z tej samej grupy kapita\u0142owej. <strong>Dla naszych sp\u00f3\u0142ek jeste\u015bmy w stanie wynegocjowa\u0107 lepsze rabaty wiedz\u0105c, \u017ce stoj\u0105 za nami bud\u017cety kilku sp\u00f3\u0142ek a nie jednej<\/strong> \u2013 przyznaje Piotr Grudzi\u0144ski. Dodaje, \u017ce <strong>w przypadku skali dzia\u0142ania i wielko\u015bci bud\u017cet\u00f3w takich graczy jak Orlen i PZU efekty takiej wsp\u00f3\u0142pracy b\u0119d\u0105 dla tych sp\u00f3\u0142ek korzystne nie tylko w wymiarze kosztowym, a tak\u017ce organizacyjnym czy budowania kompetencji w\u0142asnych zespo\u0142\u00f3w.<\/strong><\/p>\n<p>&#13;<br \/>\n&#13;<\/p>\n<p><span style=\"font-size:20px;\"><strong>Orlen reklamuje si\u0119 najwi\u0119cej w TVP, &#8222;Super Expressie&#8221;, &#8222;Sieci&#8221; i &#8222;Gazecie Polskiej&#8221;<\/strong><\/span><\/p>\n<p>&#13;<br \/>\n&#13;<\/p>\n<p>Z danych cennikowych Kantar wynika, \u017ce<strong> PKN Orlen wyda\u0142 w I po\u0142owie br. na reklam\u0119 we wszystkich mediach 83,56 mln z\u0142.<\/strong><\/p>\n<p>&#13;<br \/>\n&#13;<\/p>\n<p><strong>Na telewizj\u0119 koncern paliwowy przeznaczy\u0142 41,29 mln z\u0142. Z tego 11,87 mln z\u0142 trafi\u0142o do TVP2, 11,67 mln z\u0142 \u2013 do TVP1 i 8,67 mln z\u0142 do Polsatu. <\/strong>W tych stacjach sp\u00f3\u0142ka wyda\u0142a najwi\u0119cej. Nie zainwestowa\u0142a natomiast nic w reklamy w stacjach nale\u017c\u0105cych do Grupy TVN.<\/p>\n<p>&#13;<br \/>\n&#13;<\/p>\n<p><strong>W radiu Orlen wyda\u0142 13,85 mln z\u0142. Z tego 5,73 mln z\u0142 trafi\u0142o do RMF FM, 1,73 mln z\u0142 do Programu III Polskiego Radia i nieco ponad 0,5 mln z\u0142 \u2013 do Vox FM.<\/strong><\/p>\n<p>&#13;<br \/>\n&#13;<\/p>\n<p><strong>W gazetach sp\u00f3\u0142ka wyda\u0142a 11,03 mln z\u0142. Najwi\u0119cej \u2013 1,78 mln z\u0142 \u2013 przeznaczy\u0142a na reklamy w \u201eSuper Expressie\u201d. W \u201eDzienniku Gazecie Prawnej\u201d Orlen wyda\u0142 1,07 mln z\u0142, a w \u201eGazecie Polskiej Codziennie\u201d &#8211; 730,8 tys. z\u0142.<\/strong><\/p>\n<p>&#13;<br \/>\n&#13;<\/p>\n<p><strong>Magazyny na reklamach tego koncernu paliwowego zarobi\u0142y w I p\u00f3\u0142roczu br. 6,12 mln z\u0142. Najwi\u0119cej pieni\u0119dzy Orlenu trafi\u0142o do \u201eSieci\u201d (1,97 mln z\u0142), \u201eGazety Polskiej\u201d (1,14 mln z\u0142) i do \u201eWprost\u201d (957 tys. z\u0142).<\/strong><\/p>\n<p>&#13;<br \/>\n&#13;<\/p>\n<p><strong>Na dzia\u0142ania reklamowe w internecie sp\u00f3\u0142ka przeznaczy\u0142a 8,24 mln z\u0142. Z tego 4,56 mln z\u0142 posz\u0142o do Interii.pl, 983,9 tys. z\u0142 \u2013 do se.pl i blisko 700 tys. z\u0142 do Onet.pl.<\/strong><\/p>\n<p>&#13;<br \/>\n&#13;<\/p>\n<p>Reklamy outdoorowe Orlenu kosztowa\u0142y w pierwszych 6 miesi\u0105cach br. 3,03 mln z\u0142.<\/p>\n<p>&#13;<br \/>\n&#13;<\/p>\n<p>&#13;<br \/>\n&#13;<\/p>\n<p><span style=\"font-size:20px;\"><strong>PZU te\u017c stawia na TVP, &#8222;Sieci&#8221; i &#8222;Super Express&#8221;<\/strong><\/span><\/p>\n<p>&#13;<br \/>\n&#13;<\/p>\n<p><strong>Grupa PZU wyda\u0142a natomiast w I po\u0142owie br. na reklam\u0119 21,99 mln z\u0142.<\/strong> Z tego bud\u017cetu 19,38 mln z\u0142 przeznaczono na aktywno\u015b\u0107 reklamow\u0105 w telewizji.<\/p>\n<p>&#13;<br \/>\n&#13;<\/p>\n<p><strong>Firma najwi\u0119cej wyda\u0142a w TVP2 \u2013 5,5 mln z\u0142, Polsacie \u2013 3,25 mln z\u0142, TVP ABC \u2013 2,65 mln z\u0142 i w TVP1 \u2013 2,47 mln z\u0142.<\/strong> Podobnie jak Orlen nie reklamowa\u0142a si\u0119 w stacjach z grupy TVN.<\/p>\n<p>&#13;<br \/>\n&#13;<\/p>\n<p><strong>Do magazyn\u00f3w trafi\u0142o 1,66 mln z\u0142, z czego \u201eSieci\u201d zarobi\u0142o 838 tys. z\u0142, \u201eDo Rzeczy\u201d &#8211; 377,5 tys. z\u0142, do \u201eGazety Polskiej\u201d &#8211; 234,8 tys. z\u0142 a do \u201eWprost\u201d &#8211; 116 tys. z\u0142. Na reklamy w dziennikach Grupa PZU wyda\u0142a w tym roku 697 tys. z\u0142: 284,4 tys. z\u0142 w \u201eSuper Expressie\u201d, 227,1 tys. z\u0142 w \u201eRzeczpospolitej\u201d i 105,1 tys. z\u0142 w \u201eFakcie\u201d.<\/strong><\/p>\n<p>&#13;<br \/>\n&#13;<\/p>\n<p>Na reklamy internetowe przeznaczono 231,3 tys. z\u0142 &#8211;\u00a0 z tego 49,4 tys. z\u0142 na tvp.pl, 36 tys. z\u0142.<\/p>\n<p>&#13;<br \/>\n&#13;<\/p>\n<p>Reklamy Grupy PZU na outdoorze cennikowo warte by\u0142y 9,8 tys. z\u0142, a w radiu \u2013 zaledwie 6,9 tys. z\u0142.<\/p>\n<p>&#13;<br \/>\n&#13;<\/p>\n<p>Warto zwr\u00f3ci\u0107 uwag\u0119, \u017ce Grupa PZU powi\u0105zana jest kapita\u0142owo z firm\u0105 ubezpieczeniow\u0105 Link4, bankami Alior Bank i Pekao\u00a0 SA. Wielce prawdopodobne jest, \u017ce nowa sp\u00f3\u0142ka Orlenu i PZU zajmie si\u0119 te\u017c ich obs\u0142ug\u0105.<\/p>\n<p>&#13;<br \/>\n&#13;<\/p>\n<p>Link4 w I po\u0142owie br. wyda\u0142 na reklam\u0119 w tradycyjnych mediach 13,3 mln z\u0142, Alior Bank \u2013 52,7 mln z\u0142, a bank Pekao SA \u2013 53,7 mln z\u0142.<\/p>\n<p>&#13;<br \/>\n&#13;<\/p>\n<p><span style=\"font-size:20px;\"><strong>Pa\u0144stwowy Dom Mediowy nie mia\u0142 szans na rynku<\/strong><\/span><\/p>\n<p>&#13;<br \/>\n&#13;<\/p>\n<p>Przypomnijmy, \u017ce 3 lata temu zrodzi\u0142 si\u0119 pomys\u0142 utworzenia Pa\u0144stwowego Domu Mediowego \u2013 pomys\u0142odawc\u0105 tego tworu by\u0142o Ministerstwo Skarbu Pa\u0144stwa, kt\u00f3re prowadzi\u0142o analizy dotycz\u0105ce jego utworzenia. Mia\u0142 on obs\u0142ugiwa\u0107 &#8211; g\u0142\u00f3wnie w zakresie planowania i zakupu medi\u00f3w &#8211; wszystkie sp\u00f3\u0142ki Skarbu Pa\u0144stwa, ministerstwa i instytucje pa\u0144stwowe.<\/p>\n<p>&#13;<br \/>\n&#13;<\/p>\n<p>Kilka tygodni p\u00f3\u017aniej prace nad tym projektem wstrzymano g\u0142\u00f3wnie z powodu prowadzonych w\u00f3wczas prac nad ustawami o mediach narodowych. Pa\u0144stwowy Dom Mediowy mia\u0142 w za\u0142o\u017ceniach decydowa\u0107 o podziale miliardowych bud\u017cet\u00f3w przeznaczanych na r\u00f3\u017cne aktywno\u015bci marketingowe prowadzone przez wszystkie pa\u0144stwowe firmy i instytucje. Autorzy projektu liczyli i wierzyli, \u017ce dzi\u0119ki temu nowo powsta\u0142a instytucja mia\u0142aby znacznie wi\u0119ksz\u0105 si\u0142\u0119 przebicia na rynku reklamowym ni\u017c istniej\u0105ce ju\u017c domy mediowe i poprzez to mog\u0142aby dla pa\u0144stwowych firm negocjowa\u0107 znacznie wy\u017csze rabaty od ju\u017c dzia\u0142aj\u0105cych agencji.<\/p>\n<p>&#13;<br \/>\n&#13;<\/p>\n<p>Po kilku miesi\u0105cach rz\u0105d ostatecznie wycofa\u0142 si\u0119 z prac nad utworzeniem tego podmiotu. G\u0142\u00f3wnie dlatego, \u017ce w wyniku dokonanych analiz stwierdzono, \u017ce problemem okaza\u0142y si\u0119 koszty reklam &#8211; nowo utworzonej instytucji trudno by\u0142oby wynegocjowa\u0107 lepsze warunki handlowe w mediach do kampanii zlecanych przez pa\u0144stwowe firmy i instytucje. Poza tym pojawi\u0142o si\u0119 ryzyko, \u017ce utworzenie PDM mog\u0142oby okaza\u0107 si\u0119 niezgodne z ustaw\u0105 o zam\u00f3wieniach publicznych.<\/p>\n<p>&#13;<br \/>\n                            &#13;<br \/>\n&#13;<br \/>\n                            &#13;<br \/>\n&#13;<br \/>\n&#13;<br \/>\n&#13;<br \/>\n&#13;<br \/>\n&#13;<br \/>\n                            &#13;<br \/>\n                                                            &#13;<br \/>\n&#13;<br \/>\n                            &#13;\n                        <\/p><\/div>\n<p><script>(function (d, s, id) {\n        var js, fjs = d.getElementsByTagName(s)[0];\n        if (d.getElementById(id)) return;\n        js = d.createElement(s);\n        js.id = id;\n        js.src = \"http:\/\/connect.facebook.net\/pl_PL\/sdk.js#xfbml=1&version=v2.6&appId=297996717062470\";\n        fjs.parentNode.insertBefore(js, fjs);\n    }(document, 'script', 'facebook-jssdk'));<\/script><br \/>\n<br \/>[ad_2]<br \/>\n<br \/><a href=\"https:\/\/www.wirtualnemedia.pl\/artykul\/sigma-bis-wspolna-spolka-marketingowa-orlenu-i-pzu-ma-obslugiwac-takze-inne-firmy\">Source link <\/a><\/p>\n","protected":false},"excerpt":{"rendered":"<p>[ad_1] Kilka dni temu PKN Orlen i Grupa PZU poinformowa\u0142y, \u017ce chc\u0105 utworzy\u0107 sp\u00f3\u0142k\u0119, kt\u00f3ra zajmie si\u0119 dla nich \u015bwiadczeniem szeroko poj\u0119tych us\u0142ug marketingowych i reklamowych. Wtedy nie podano jednak jej nazwy ani szczeg\u00f3\u0142\u00f3w jej dzia\u0142alno\u015bci. &#13; &#13; Z dokument\u00f3w z\u0142o\u017conych do Urz\u0119du Ochrony Konkurencji i Konsument\u00f3w wynika, \u017ce do utworzenia nowej firmy wykorzystana zostanie [&hellip;]<\/p>\n","protected":false},"author":2,"featured_media":3073,"comment_status":"open","ping_status":"open","sticky":false,"template":"","format":"standard","meta":{"footnotes":""},"categories":[2],"tags":[],"class_list":["post-3143","post","type-post","status-publish","format-standard","has-post-thumbnail","hentry","category-wiadomosci-marketingowe-internetowe"],"yoast_head":"<!-- This site is optimized with the Yoast SEO plugin v27.4 - https:\/\/yoast.com\/product\/yoast-seo-wordpress\/ -->\n<title>Sigma BIS - wsp\u00f3lna sp\u00f3\u0142ka marketingowa Orlenu i PZU - Favorite News<\/title>\n<meta name=\"robots\" content=\"index, follow, max-snippet:-1, max-image-preview:large, max-video-preview:-1\" \/>\n<link rel=\"canonical\" href=\"https:\/\/favorite-news.com\/pl\/sigma-bis-wspolna-spolka-marketingowa-orlenu-i-pzu\/\" \/>\n<meta property=\"og:locale\" content=\"pl_PL\" \/>\n<meta property=\"og:type\" content=\"article\" \/>\n<meta property=\"og:title\" content=\"Sigma BIS - wsp\u00f3lna sp\u00f3\u0142ka marketingowa Orlenu i PZU - Favorite News\" \/>\n<meta property=\"og:description\" content=\"[ad_1] Kilka dni temu PKN Orlen i Grupa PZU poinformowa\u0142y, \u017ce chc\u0105 utworzy\u0107 sp\u00f3\u0142k\u0119, kt\u00f3ra zajmie si\u0119 dla nich \u015bwiadczeniem szeroko poj\u0119tych us\u0142ug marketingowych i reklamowych. Wtedy nie podano jednak jej nazwy ani szczeg\u00f3\u0142\u00f3w jej dzia\u0142alno\u015bci. &#013; &#013; Z dokument\u00f3w z\u0142o\u017conych do Urz\u0119du Ochrony Konkurencji i Konsument\u00f3w wynika, \u017ce do utworzenia nowej firmy wykorzystana zostanie [&hellip;]\" \/>\n<meta property=\"og:url\" content=\"https:\/\/favorite-news.com\/pl\/sigma-bis-wspolna-spolka-marketingowa-orlenu-i-pzu\/\" \/>\n<meta property=\"og:site_name\" content=\"Favorite News\" \/>\n<meta property=\"article:published_time\" content=\"2019-08-02T03:46:39+00:00\" \/>\n<meta property=\"og:image\" content=\"https:\/\/favorite-news.com\/pl\/wp-content\/uploads\/sites\/6\/2019\/07\/Sp\u00f3\u0142ka-PZU-i-Orlen-do-zakupu-us\u0142ug-marketingowych-nie-wynagocjuje.png\" \/>\n\t<meta property=\"og:image:width\" content=\"655\" \/>\n\t<meta property=\"og:image:height\" content=\"408\" \/>\n\t<meta property=\"og:image:type\" content=\"image\/png\" \/>\n<meta name=\"author\" content=\"favorite-news\" \/>\n<meta name=\"twitter:card\" content=\"summary_large_image\" \/>\n<meta name=\"twitter:label1\" content=\"Napisane przez\" \/>\n\t<meta name=\"twitter:data1\" content=\"favorite-news\" \/>\n\t<meta name=\"twitter:label2\" content=\"Szacowany czas czytania\" \/>\n\t<meta name=\"twitter:data2\" content=\"9 minut\" \/>\n<script type=\"application\/ld+json\" class=\"yoast-schema-graph\">{\"@context\":\"https:\\\/\\\/schema.org\",\"@graph\":[{\"@type\":\"Article\",\"@id\":\"https:\\\/\\\/favorite-news.com\\\/pl\\\/sigma-bis-wspolna-spolka-marketingowa-orlenu-i-pzu\\\/#article\",\"isPartOf\":{\"@id\":\"https:\\\/\\\/favorite-news.com\\\/pl\\\/sigma-bis-wspolna-spolka-marketingowa-orlenu-i-pzu\\\/\"},\"author\":{\"name\":\"favorite-news\",\"@id\":\"https:\\\/\\\/favorite-news.com\\\/pl\\\/#\\\/schema\\\/person\\\/b91573b717dcfa5e4696032a9d28d3e8\"},\"headline\":\"Sigma BIS &#8211; wsp\u00f3lna sp\u00f3\u0142ka marketingowa Orlenu i PZU\",\"datePublished\":\"2019-08-02T03:46:39+00:00\",\"mainEntityOfPage\":{\"@id\":\"https:\\\/\\\/favorite-news.com\\\/pl\\\/sigma-bis-wspolna-spolka-marketingowa-orlenu-i-pzu\\\/\"},\"wordCount\":1877,\"commentCount\":0,\"image\":{\"@id\":\"https:\\\/\\\/favorite-news.com\\\/pl\\\/sigma-bis-wspolna-spolka-marketingowa-orlenu-i-pzu\\\/#primaryimage\"},\"thumbnailUrl\":\"https:\\\/\\\/favorite-news.com\\\/pl\\\/wp-content\\\/uploads\\\/sites\\\/6\\\/2019\\\/07\\\/Sp\u00f3\u0142ka-PZU-i-Orlen-do-zakupu-us\u0142ug-marketingowych-nie-wynagocjuje.png\",\"articleSection\":[\"WIADOMO\u015aCI MARKETINGOWE INTERNETOWE\"],\"inLanguage\":\"pl-PL\",\"potentialAction\":[{\"@type\":\"CommentAction\",\"name\":\"Comment\",\"target\":[\"https:\\\/\\\/favorite-news.com\\\/pl\\\/sigma-bis-wspolna-spolka-marketingowa-orlenu-i-pzu\\\/#respond\"]}]},{\"@type\":\"WebPage\",\"@id\":\"https:\\\/\\\/favorite-news.com\\\/pl\\\/sigma-bis-wspolna-spolka-marketingowa-orlenu-i-pzu\\\/\",\"url\":\"https:\\\/\\\/favorite-news.com\\\/pl\\\/sigma-bis-wspolna-spolka-marketingowa-orlenu-i-pzu\\\/\",\"name\":\"Sigma BIS - wsp\u00f3lna sp\u00f3\u0142ka marketingowa Orlenu i PZU - Favorite News\",\"isPartOf\":{\"@id\":\"https:\\\/\\\/favorite-news.com\\\/pl\\\/#website\"},\"primaryImageOfPage\":{\"@id\":\"https:\\\/\\\/favorite-news.com\\\/pl\\\/sigma-bis-wspolna-spolka-marketingowa-orlenu-i-pzu\\\/#primaryimage\"},\"image\":{\"@id\":\"https:\\\/\\\/favorite-news.com\\\/pl\\\/sigma-bis-wspolna-spolka-marketingowa-orlenu-i-pzu\\\/#primaryimage\"},\"thumbnailUrl\":\"https:\\\/\\\/favorite-news.com\\\/pl\\\/wp-content\\\/uploads\\\/sites\\\/6\\\/2019\\\/07\\\/Sp\u00f3\u0142ka-PZU-i-Orlen-do-zakupu-us\u0142ug-marketingowych-nie-wynagocjuje.png\",\"datePublished\":\"2019-08-02T03:46:39+00:00\",\"author\":{\"@id\":\"https:\\\/\\\/favorite-news.com\\\/pl\\\/#\\\/schema\\\/person\\\/b91573b717dcfa5e4696032a9d28d3e8\"},\"breadcrumb\":{\"@id\":\"https:\\\/\\\/favorite-news.com\\\/pl\\\/sigma-bis-wspolna-spolka-marketingowa-orlenu-i-pzu\\\/#breadcrumb\"},\"inLanguage\":\"pl-PL\",\"potentialAction\":[{\"@type\":\"ReadAction\",\"target\":[\"https:\\\/\\\/favorite-news.com\\\/pl\\\/sigma-bis-wspolna-spolka-marketingowa-orlenu-i-pzu\\\/\"]}]},{\"@type\":\"ImageObject\",\"inLanguage\":\"pl-PL\",\"@id\":\"https:\\\/\\\/favorite-news.com\\\/pl\\\/sigma-bis-wspolna-spolka-marketingowa-orlenu-i-pzu\\\/#primaryimage\",\"url\":\"https:\\\/\\\/favorite-news.com\\\/pl\\\/wp-content\\\/uploads\\\/sites\\\/6\\\/2019\\\/07\\\/Sp\u00f3\u0142ka-PZU-i-Orlen-do-zakupu-us\u0142ug-marketingowych-nie-wynagocjuje.png\",\"contentUrl\":\"https:\\\/\\\/favorite-news.com\\\/pl\\\/wp-content\\\/uploads\\\/sites\\\/6\\\/2019\\\/07\\\/Sp\u00f3\u0142ka-PZU-i-Orlen-do-zakupu-us\u0142ug-marketingowych-nie-wynagocjuje.png\",\"width\":655,\"height\":408,\"caption\":\"Article\"},{\"@type\":\"BreadcrumbList\",\"@id\":\"https:\\\/\\\/favorite-news.com\\\/pl\\\/sigma-bis-wspolna-spolka-marketingowa-orlenu-i-pzu\\\/#breadcrumb\",\"itemListElement\":[{\"@type\":\"ListItem\",\"position\":1,\"name\":\"Home\",\"item\":\"https:\\\/\\\/favorite-news.com\\\/pl\\\/\"},{\"@type\":\"ListItem\",\"position\":2,\"name\":\"Sigma BIS &#8211; wsp\u00f3lna sp\u00f3\u0142ka marketingowa Orlenu i PZU\"}]},{\"@type\":\"WebSite\",\"@id\":\"https:\\\/\\\/favorite-news.com\\\/pl\\\/#website\",\"url\":\"https:\\\/\\\/favorite-news.com\\\/pl\\\/\",\"name\":\"Favorite News\",\"description\":\"Favorite News Polska\",\"potentialAction\":[{\"@type\":\"SearchAction\",\"target\":{\"@type\":\"EntryPoint\",\"urlTemplate\":\"https:\\\/\\\/favorite-news.com\\\/pl\\\/?s={search_term_string}\"},\"query-input\":{\"@type\":\"PropertyValueSpecification\",\"valueRequired\":true,\"valueName\":\"search_term_string\"}}],\"inLanguage\":\"pl-PL\"},{\"@type\":\"Person\",\"@id\":\"https:\\\/\\\/favorite-news.com\\\/pl\\\/#\\\/schema\\\/person\\\/b91573b717dcfa5e4696032a9d28d3e8\",\"name\":\"favorite-news\",\"image\":{\"@type\":\"ImageObject\",\"inLanguage\":\"pl-PL\",\"@id\":\"https:\\\/\\\/secure.gravatar.com\\\/avatar\\\/6c5a5cb12b74e9d517ee91cf570335b7d16177f1977cc91db161adfa435945a7?s=96&d=mm&r=g\",\"url\":\"https:\\\/\\\/secure.gravatar.com\\\/avatar\\\/6c5a5cb12b74e9d517ee91cf570335b7d16177f1977cc91db161adfa435945a7?s=96&d=mm&r=g\",\"contentUrl\":\"https:\\\/\\\/secure.gravatar.com\\\/avatar\\\/6c5a5cb12b74e9d517ee91cf570335b7d16177f1977cc91db161adfa435945a7?s=96&d=mm&r=g\",\"caption\":\"favorite-news\"},\"url\":\"https:\\\/\\\/favorite-news.com\\\/pl\\\/author\\\/pt\\\/\"}]}<\/script>\n<!-- \/ Yoast SEO plugin. -->","yoast_head_json":{"title":"Sigma BIS - wsp\u00f3lna sp\u00f3\u0142ka marketingowa Orlenu i PZU - Favorite News","robots":{"index":"index","follow":"follow","max-snippet":"max-snippet:-1","max-image-preview":"max-image-preview:large","max-video-preview":"max-video-preview:-1"},"canonical":"https:\/\/favorite-news.com\/pl\/sigma-bis-wspolna-spolka-marketingowa-orlenu-i-pzu\/","og_locale":"pl_PL","og_type":"article","og_title":"Sigma BIS - wsp\u00f3lna sp\u00f3\u0142ka marketingowa Orlenu i PZU - Favorite News","og_description":"[ad_1] Kilka dni temu PKN Orlen i Grupa PZU poinformowa\u0142y, \u017ce chc\u0105 utworzy\u0107 sp\u00f3\u0142k\u0119, kt\u00f3ra zajmie si\u0119 dla nich \u015bwiadczeniem szeroko poj\u0119tych us\u0142ug marketingowych i reklamowych. Wtedy nie podano jednak jej nazwy ani szczeg\u00f3\u0142\u00f3w jej dzia\u0142alno\u015bci. &#13; &#13; Z dokument\u00f3w z\u0142o\u017conych do Urz\u0119du Ochrony Konkurencji i Konsument\u00f3w wynika, \u017ce do utworzenia nowej firmy wykorzystana zostanie [&hellip;]","og_url":"https:\/\/favorite-news.com\/pl\/sigma-bis-wspolna-spolka-marketingowa-orlenu-i-pzu\/","og_site_name":"Favorite News","article_published_time":"2019-08-02T03:46:39+00:00","og_image":[{"width":655,"height":408,"url":"https:\/\/favorite-news.com\/pl\/wp-content\/uploads\/sites\/6\/2019\/07\/Sp\u00f3\u0142ka-PZU-i-Orlen-do-zakupu-us\u0142ug-marketingowych-nie-wynagocjuje.png","type":"image\/png"}],"author":"favorite-news","twitter_card":"summary_large_image","twitter_misc":{"Napisane przez":"favorite-news","Szacowany czas czytania":"9 minut"},"schema":{"@context":"https:\/\/schema.org","@graph":[{"@type":"Article","@id":"https:\/\/favorite-news.com\/pl\/sigma-bis-wspolna-spolka-marketingowa-orlenu-i-pzu\/#article","isPartOf":{"@id":"https:\/\/favorite-news.com\/pl\/sigma-bis-wspolna-spolka-marketingowa-orlenu-i-pzu\/"},"author":{"name":"favorite-news","@id":"https:\/\/favorite-news.com\/pl\/#\/schema\/person\/b91573b717dcfa5e4696032a9d28d3e8"},"headline":"Sigma BIS &#8211; wsp\u00f3lna sp\u00f3\u0142ka marketingowa Orlenu i PZU","datePublished":"2019-08-02T03:46:39+00:00","mainEntityOfPage":{"@id":"https:\/\/favorite-news.com\/pl\/sigma-bis-wspolna-spolka-marketingowa-orlenu-i-pzu\/"},"wordCount":1877,"commentCount":0,"image":{"@id":"https:\/\/favorite-news.com\/pl\/sigma-bis-wspolna-spolka-marketingowa-orlenu-i-pzu\/#primaryimage"},"thumbnailUrl":"https:\/\/favorite-news.com\/pl\/wp-content\/uploads\/sites\/6\/2019\/07\/Sp\u00f3\u0142ka-PZU-i-Orlen-do-zakupu-us\u0142ug-marketingowych-nie-wynagocjuje.png","articleSection":["WIADOMO\u015aCI MARKETINGOWE INTERNETOWE"],"inLanguage":"pl-PL","potentialAction":[{"@type":"CommentAction","name":"Comment","target":["https:\/\/favorite-news.com\/pl\/sigma-bis-wspolna-spolka-marketingowa-orlenu-i-pzu\/#respond"]}]},{"@type":"WebPage","@id":"https:\/\/favorite-news.com\/pl\/sigma-bis-wspolna-spolka-marketingowa-orlenu-i-pzu\/","url":"https:\/\/favorite-news.com\/pl\/sigma-bis-wspolna-spolka-marketingowa-orlenu-i-pzu\/","name":"Sigma BIS - wsp\u00f3lna sp\u00f3\u0142ka marketingowa Orlenu i PZU - Favorite News","isPartOf":{"@id":"https:\/\/favorite-news.com\/pl\/#website"},"primaryImageOfPage":{"@id":"https:\/\/favorite-news.com\/pl\/sigma-bis-wspolna-spolka-marketingowa-orlenu-i-pzu\/#primaryimage"},"image":{"@id":"https:\/\/favorite-news.com\/pl\/sigma-bis-wspolna-spolka-marketingowa-orlenu-i-pzu\/#primaryimage"},"thumbnailUrl":"https:\/\/favorite-news.com\/pl\/wp-content\/uploads\/sites\/6\/2019\/07\/Sp\u00f3\u0142ka-PZU-i-Orlen-do-zakupu-us\u0142ug-marketingowych-nie-wynagocjuje.png","datePublished":"2019-08-02T03:46:39+00:00","author":{"@id":"https:\/\/favorite-news.com\/pl\/#\/schema\/person\/b91573b717dcfa5e4696032a9d28d3e8"},"breadcrumb":{"@id":"https:\/\/favorite-news.com\/pl\/sigma-bis-wspolna-spolka-marketingowa-orlenu-i-pzu\/#breadcrumb"},"inLanguage":"pl-PL","potentialAction":[{"@type":"ReadAction","target":["https:\/\/favorite-news.com\/pl\/sigma-bis-wspolna-spolka-marketingowa-orlenu-i-pzu\/"]}]},{"@type":"ImageObject","inLanguage":"pl-PL","@id":"https:\/\/favorite-news.com\/pl\/sigma-bis-wspolna-spolka-marketingowa-orlenu-i-pzu\/#primaryimage","url":"https:\/\/favorite-news.com\/pl\/wp-content\/uploads\/sites\/6\/2019\/07\/Sp\u00f3\u0142ka-PZU-i-Orlen-do-zakupu-us\u0142ug-marketingowych-nie-wynagocjuje.png","contentUrl":"https:\/\/favorite-news.com\/pl\/wp-content\/uploads\/sites\/6\/2019\/07\/Sp\u00f3\u0142ka-PZU-i-Orlen-do-zakupu-us\u0142ug-marketingowych-nie-wynagocjuje.png","width":655,"height":408,"caption":"Article"},{"@type":"BreadcrumbList","@id":"https:\/\/favorite-news.com\/pl\/sigma-bis-wspolna-spolka-marketingowa-orlenu-i-pzu\/#breadcrumb","itemListElement":[{"@type":"ListItem","position":1,"name":"Home","item":"https:\/\/favorite-news.com\/pl\/"},{"@type":"ListItem","position":2,"name":"Sigma BIS &#8211; wsp\u00f3lna sp\u00f3\u0142ka marketingowa Orlenu i PZU"}]},{"@type":"WebSite","@id":"https:\/\/favorite-news.com\/pl\/#website","url":"https:\/\/favorite-news.com\/pl\/","name":"Favorite News","description":"Favorite News Polska","potentialAction":[{"@type":"SearchAction","target":{"@type":"EntryPoint","urlTemplate":"https:\/\/favorite-news.com\/pl\/?s={search_term_string}"},"query-input":{"@type":"PropertyValueSpecification","valueRequired":true,"valueName":"search_term_string"}}],"inLanguage":"pl-PL"},{"@type":"Person","@id":"https:\/\/favorite-news.com\/pl\/#\/schema\/person\/b91573b717dcfa5e4696032a9d28d3e8","name":"favorite-news","image":{"@type":"ImageObject","inLanguage":"pl-PL","@id":"https:\/\/secure.gravatar.com\/avatar\/6c5a5cb12b74e9d517ee91cf570335b7d16177f1977cc91db161adfa435945a7?s=96&d=mm&r=g","url":"https:\/\/secure.gravatar.com\/avatar\/6c5a5cb12b74e9d517ee91cf570335b7d16177f1977cc91db161adfa435945a7?s=96&d=mm&r=g","contentUrl":"https:\/\/secure.gravatar.com\/avatar\/6c5a5cb12b74e9d517ee91cf570335b7d16177f1977cc91db161adfa435945a7?s=96&d=mm&r=g","caption":"favorite-news"},"url":"https:\/\/favorite-news.com\/pl\/author\/pt\/"}]}},"_links":{"self":[{"href":"https:\/\/favorite-news.com\/pl\/wp-json\/wp\/v2\/posts\/3143","targetHints":{"allow":["GET"]}}],"collection":[{"href":"https:\/\/favorite-news.com\/pl\/wp-json\/wp\/v2\/posts"}],"about":[{"href":"https:\/\/favorite-news.com\/pl\/wp-json\/wp\/v2\/types\/post"}],"author":[{"embeddable":true,"href":"https:\/\/favorite-news.com\/pl\/wp-json\/wp\/v2\/users\/2"}],"replies":[{"embeddable":true,"href":"https:\/\/favorite-news.com\/pl\/wp-json\/wp\/v2\/comments?post=3143"}],"version-history":[{"count":1,"href":"https:\/\/favorite-news.com\/pl\/wp-json\/wp\/v2\/posts\/3143\/revisions"}],"predecessor-version":[{"id":3144,"href":"https:\/\/favorite-news.com\/pl\/wp-json\/wp\/v2\/posts\/3143\/revisions\/3144"}],"wp:featuredmedia":[{"embeddable":true,"href":"https:\/\/favorite-news.com\/pl\/wp-json\/wp\/v2\/media\/3073"}],"wp:attachment":[{"href":"https:\/\/favorite-news.com\/pl\/wp-json\/wp\/v2\/media?parent=3143"}],"wp:term":[{"taxonomy":"category","embeddable":true,"href":"https:\/\/favorite-news.com\/pl\/wp-json\/wp\/v2\/categories?post=3143"},{"taxonomy":"post_tag","embeddable":true,"href":"https:\/\/favorite-news.com\/pl\/wp-json\/wp\/v2\/tags?post=3143"}],"curies":[{"name":"wp","href":"https:\/\/api.w.org\/{rel}","templated":true}]}}