{"id":3128,"date":"2019-08-01T10:09:14","date_gmt":"2019-08-01T07:09:14","guid":{"rendered":"https:\/\/favorite-news.com\/pl\/pg-odchodzi-od-kierowania-komunikacji-do-ogolnych-grup-demograficznych-do-tzw-inteligentnych-odbiorcow\/"},"modified":"2019-08-01T10:09:16","modified_gmt":"2019-08-01T07:09:16","slug":"pg-odchodzi-od-kierowania-komunikacji-do-ogolnych-grup-demograficznych-do-tzw-inteligentnych-odbiorcow","status":"publish","type":"post","link":"https:\/\/favorite-news.com\/pl\/pg-odchodzi-od-kierowania-komunikacji-do-ogolnych-grup-demograficznych-do-tzw-inteligentnych-odbiorcow\/","title":{"rendered":"P&#038;G odchodzi od kierowania komunikacji do og\u00f3lnych grup demograficznych do tzw. \u201einteligentnych odbiorc\u00f3w\u201d"},"content":{"rendered":"<p> [ad_1]<br \/>\n<\/p>\n<div id=\"\">\n<p><strong>Procter &amp; Gamble\u00a0(P&amp;G) w swojej strategii marketingowej zaczyna odchodzi\u0107 od stosowania og\u00f3lnych grup demograficznych do tzw. \u201einteligentnych odbiorc\u00f3w\u201d<\/strong>. Twierdzi, \u017ce to przyczynia si\u0119 do poprawy skuteczno\u015bci dzia\u0142a\u0144 marketingowych.<\/p>\n<p>&#13;<br \/>\n&#13;<\/p>\n<p>Analizuj\u0105c wyniki kwartalne, David Taylor, dyrektor generalny P&amp;G powiedzia\u0142, \u017ce <strong>takie podej\u015bcie pomaga firmie przej\u015b\u0107 od \u201emarnotrawnego\u201d marketingu masowego do indywidualnego budowania marki<\/strong>.\u00a0W tym celu firma korzysta z ponad miliarda tzw. identyfikator\u00f3w konsument\u00f3w.<\/p>\n<p>&#13;<br \/>\n&#13;<\/p>\n<p>&#8211; Przechodzimy od og\u00f3lnych target\u00f3w demograficznych, takich jak kobiety w wieku od 18 do 35 lat, do ponad 350 precyzyjnych inteligentnych odbiorc\u00f3w, takich jak np. m\u0142ode matki czyli kobiety, kt\u00f3re po raz pierwszy zosta\u0142y matkami, osoby, kt\u00f3re kupi\u0142y swoj\u0105 pierwsz\u0105 pralk\u0119 itp., by dotrze\u0107 do w\u0142a\u015bciwych os\u00f3b w odpowiednim czasie i w odpowiednim miejscu. Ten trend stanie si\u0119 jeszcze silniejszy, a my osi\u0105gniemy wi\u0119cej wydajno\u015bci w marketingu i b\u0119dziemy kierowa\u0107 takie komunikaty, kt\u00f3re zaspokajaj\u0105 potrzeby konsument\u00f3w &#8211; powiedzia\u0142 Taylor.<\/p>\n<p>&#13;<br \/>\n&#13;<\/p>\n<p>Jego zdaniem \u015bci\u015blejsze ukierunkowanie ma tak\u017ce du\u017ce znaczenie w zakresie innowacyjno\u015bci, poniewa\u017c firma mo\u017ce zapewni\u0107 bardzo ukierunkowanym odbiorcom przetestowanie nowych pomys\u0142\u00f3w biznesowych, produkt\u00f3w i propozycji.\u00a0&#8211; To, w po\u0142\u0105czeniu z bardziej zoptymalizowan\u0105 struktur\u0105 organizacyjn\u0105, pozwala na \u201ew\u0119\u017csz\u0105 innowacj\u0119\u201d, skracaj\u0105c czas i koszty rozwoju produktu oraz redukuje cykle innowacji z miesi\u0119cy do dni &#8211; doda\u0142.<\/p>\n<p>&#13;<br \/>\n&#13;<\/p>\n<p><span style=\"font-size:20px;\"><strong>Nowe kampanie reklamowe<\/strong><\/span><\/p>\n<p>&#13;<br \/>\n&#13;<\/p>\n<p>Taylor poruszy\u0142 r\u00f3wnie\u017c kwesti\u0119 reklam P&amp;G, m\u00f3wi\u0105c, \u017ce chce tworzy\u0107 kampanie, kt\u00f3re \u201eoczyszczaj\u0105 najwy\u017cszy pr\u00f3g kreatywno\u015bci, wywo\u0142uj\u0105 rozmowy, zmieniaj\u0105 zachowanie i czasami definiuj\u0105 kultur\u0119 popularn\u0105\u201d.<\/p>\n<p>&#13;<br \/>\n&#13;<\/p>\n<p>&#8211; Zaczynamy od zrozumienia konsument\u00f3w, a nast\u0119pnie tworzenia reklam, kt\u00f3re sprawiaj\u0105, \u017ce ludzie my\u015bl\u0105, rozmawiaj\u0105, \u015bmiej\u0105 si\u0119, p\u0142acz\u0105, u\u015bmiechaj\u0105 si\u0119, dziel\u0105 i oczywi\u015bcie kupuj\u0105 &#8211; powiedzia\u0142.<\/p>\n<p>&#13;<br \/>\n&#13;<\/p>\n<p>Sprzeda\u017c organiczna P&amp;G wzros\u0142a rok do roku o 7 proc. w kwartale ko\u0144cz\u0105cym si\u0119 w czerwcu br., przy wzro\u015bcie cen o 3 punkty procentowe.\u00a0Firma zanotowa\u0142a jednak strat\u0119 netto w wysoko\u015bci 5,24 mld dolar\u00f3w w zwi\u0105zku z odpisem 8 mld dolar\u00f3w na Gillette.<\/p>\n<p>&#13;<br \/>\n&#13;<\/p>\n<p>Gillette pozostaje mark\u0105 numer jeden na \u015bwiecie, ale konkurenci, jak np. Dollar Shave Club Unilevera wp\u0142yn\u0119li na pozycj\u0119 marki P&amp;G dzi\u0119ki ni\u017cszym cenom i modelowi bezpo\u015bredniego kontaktu z konsumentem.<\/p>\n<p>&#13;<br \/>\n&#13;<\/p>\n<p>Przytoczono te\u017c ostatnie kampanie marek Gillette i Venus, kt\u00f3re pokazuj\u0105, jak te marki staraj\u0105 si\u0119 by\u0107 \u201ebardziej odpowiednie\u201d dla pokolenia Gen Z i millenials\u00f3w. Koncern chce odm\u0142odzi\u0107 te marki.<\/p>\n<p>&#13;<br \/>\n                            &#13;<br \/>\n&#13;<br \/>\n                            &#13;<br \/>\n&#13;<br \/>\n&#13;<br \/>\n&#13;<br \/>\n&#13;<br \/>\n&#13;<br \/>\n                            &#13;<br \/>\n                                                            &#13;<br \/>\n&#13;<br \/>\n                            &#13;\n                        <\/p><\/div>\n<p><script>(function (d, s, id) {\n        var js, fjs = d.getElementsByTagName(s)[0];\n        if (d.getElementById(id)) return;\n        js = d.createElement(s);\n        js.id = id;\n        js.src = \"http:\/\/connect.facebook.net\/pl_PL\/sdk.js#xfbml=1&version=v2.6&appId=297996717062470\";\n        fjs.parentNode.insertBefore(js, fjs);\n    }(document, 'script', 'facebook-jssdk'));<\/script><br \/>\n<br \/>[ad_2]<br \/>\n<br \/><a href=\"https:\/\/www.wirtualnemedia.pl\/artykul\/p-g-odchodzi-od-kierowania-komunikacji-do-ogolnych-grup-demograficznych-do-tzw-inteligentnych-odbiorcow\">Source link <\/a><\/p>\n","protected":false},"excerpt":{"rendered":"<p>[ad_1] Procter &amp; Gamble\u00a0(P&amp;G) w swojej strategii marketingowej zaczyna odchodzi\u0107 od stosowania og\u00f3lnych grup demograficznych do tzw. \u201einteligentnych odbiorc\u00f3w\u201d. Twierdzi, \u017ce to przyczynia si\u0119 do poprawy skuteczno\u015bci dzia\u0142a\u0144 marketingowych. &#13; &#13; Analizuj\u0105c wyniki kwartalne, David Taylor, dyrektor generalny P&amp;G powiedzia\u0142, \u017ce takie podej\u015bcie pomaga firmie przej\u015b\u0107 od \u201emarnotrawnego\u201d marketingu masowego do indywidualnego budowania marki.\u00a0W tym [&hellip;]<\/p>\n","protected":false},"author":2,"featured_media":3129,"comment_status":"open","ping_status":"open","sticky":false,"template":"","format":"standard","meta":{"footnotes":""},"categories":[2],"tags":[],"class_list":["post-3128","post","type-post","status-publish","format-standard","has-post-thumbnail","hentry","category-wiadomosci-marketingowe-internetowe"],"yoast_head":"<!-- This site is optimized with the Yoast SEO plugin v27.4 - https:\/\/yoast.com\/product\/yoast-seo-wordpress\/ -->\n<title>P&amp;G odchodzi od kierowania komunikacji do og\u00f3lnych grup demograficznych do tzw. \u201einteligentnych odbiorc\u00f3w\u201d - Favorite News<\/title>\n<meta name=\"robots\" content=\"index, follow, max-snippet:-1, max-image-preview:large, max-video-preview:-1\" \/>\n<link rel=\"canonical\" href=\"https:\/\/favorite-news.com\/pl\/pg-odchodzi-od-kierowania-komunikacji-do-ogolnych-grup-demograficznych-do-tzw-inteligentnych-odbiorcow\/\" \/>\n<meta property=\"og:locale\" content=\"pl_PL\" \/>\n<meta property=\"og:type\" content=\"article\" \/>\n<meta property=\"og:title\" content=\"P&amp;G odchodzi od kierowania komunikacji do og\u00f3lnych grup demograficznych do tzw. \u201einteligentnych odbiorc\u00f3w\u201d - Favorite News\" \/>\n<meta property=\"og:description\" content=\"[ad_1] Procter &amp; Gamble\u00a0(P&amp;G) w swojej strategii marketingowej zaczyna odchodzi\u0107 od stosowania og\u00f3lnych grup demograficznych do tzw. \u201einteligentnych odbiorc\u00f3w\u201d. Twierdzi, \u017ce to przyczynia si\u0119 do poprawy skuteczno\u015bci dzia\u0142a\u0144 marketingowych. &#013; &#013; Analizuj\u0105c wyniki kwartalne, David Taylor, dyrektor generalny P&amp;G powiedzia\u0142, \u017ce takie podej\u015bcie pomaga firmie przej\u015b\u0107 od \u201emarnotrawnego\u201d marketingu masowego do indywidualnego budowania marki.\u00a0W tym [&hellip;]\" \/>\n<meta property=\"og:url\" content=\"https:\/\/favorite-news.com\/pl\/pg-odchodzi-od-kierowania-komunikacji-do-ogolnych-grup-demograficznych-do-tzw-inteligentnych-odbiorcow\/\" \/>\n<meta property=\"og:site_name\" content=\"Favorite News\" \/>\n<meta property=\"article:published_time\" content=\"2019-08-01T07:09:14+00:00\" \/>\n<meta property=\"article:modified_time\" content=\"2019-08-01T07:09:16+00:00\" \/>\n<meta property=\"og:image\" content=\"https:\/\/favorite-news.com\/pl\/wp-content\/uploads\/sites\/6\/2019\/08\/PG-odchodzi-od-kierowania-komunikacji-do-og\u00f3lnych-grup-demograficznych-do.jpg\" \/>\n\t<meta property=\"og:image:width\" content=\"655\" \/>\n\t<meta property=\"og:image:height\" content=\"394\" \/>\n\t<meta property=\"og:image:type\" content=\"image\/jpeg\" \/>\n<meta name=\"author\" content=\"favorite-news\" \/>\n<meta name=\"twitter:card\" content=\"summary_large_image\" \/>\n<meta name=\"twitter:label1\" content=\"Napisane przez\" \/>\n\t<meta name=\"twitter:data1\" content=\"favorite-news\" \/>\n\t<meta name=\"twitter:label2\" content=\"Szacowany czas czytania\" \/>\n\t<meta name=\"twitter:data2\" content=\"2 minuty\" \/>\n<script type=\"application\/ld+json\" class=\"yoast-schema-graph\">{\"@context\":\"https:\\\/\\\/schema.org\",\"@graph\":[{\"@type\":\"Article\",\"@id\":\"https:\\\/\\\/favorite-news.com\\\/pl\\\/pg-odchodzi-od-kierowania-komunikacji-do-ogolnych-grup-demograficznych-do-tzw-inteligentnych-odbiorcow\\\/#article\",\"isPartOf\":{\"@id\":\"https:\\\/\\\/favorite-news.com\\\/pl\\\/pg-odchodzi-od-kierowania-komunikacji-do-ogolnych-grup-demograficznych-do-tzw-inteligentnych-odbiorcow\\\/\"},\"author\":{\"name\":\"favorite-news\",\"@id\":\"https:\\\/\\\/favorite-news.com\\\/pl\\\/#\\\/schema\\\/person\\\/b91573b717dcfa5e4696032a9d28d3e8\"},\"headline\":\"P&#038;G odchodzi od kierowania komunikacji do og\u00f3lnych grup demograficznych do tzw. \u201einteligentnych odbiorc\u00f3w\u201d\",\"datePublished\":\"2019-08-01T07:09:14+00:00\",\"dateModified\":\"2019-08-01T07:09:16+00:00\",\"mainEntityOfPage\":{\"@id\":\"https:\\\/\\\/favorite-news.com\\\/pl\\\/pg-odchodzi-od-kierowania-komunikacji-do-ogolnych-grup-demograficznych-do-tzw-inteligentnych-odbiorcow\\\/\"},\"wordCount\":442,\"commentCount\":0,\"image\":{\"@id\":\"https:\\\/\\\/favorite-news.com\\\/pl\\\/pg-odchodzi-od-kierowania-komunikacji-do-ogolnych-grup-demograficznych-do-tzw-inteligentnych-odbiorcow\\\/#primaryimage\"},\"thumbnailUrl\":\"https:\\\/\\\/favorite-news.com\\\/pl\\\/wp-content\\\/uploads\\\/sites\\\/6\\\/2019\\\/08\\\/PG-odchodzi-od-kierowania-komunikacji-do-og\u00f3lnych-grup-demograficznych-do.jpg\",\"articleSection\":[\"WIADOMO\u015aCI MARKETINGOWE INTERNETOWE\"],\"inLanguage\":\"pl-PL\",\"potentialAction\":[{\"@type\":\"CommentAction\",\"name\":\"Comment\",\"target\":[\"https:\\\/\\\/favorite-news.com\\\/pl\\\/pg-odchodzi-od-kierowania-komunikacji-do-ogolnych-grup-demograficznych-do-tzw-inteligentnych-odbiorcow\\\/#respond\"]}]},{\"@type\":\"WebPage\",\"@id\":\"https:\\\/\\\/favorite-news.com\\\/pl\\\/pg-odchodzi-od-kierowania-komunikacji-do-ogolnych-grup-demograficznych-do-tzw-inteligentnych-odbiorcow\\\/\",\"url\":\"https:\\\/\\\/favorite-news.com\\\/pl\\\/pg-odchodzi-od-kierowania-komunikacji-do-ogolnych-grup-demograficznych-do-tzw-inteligentnych-odbiorcow\\\/\",\"name\":\"P&G odchodzi od kierowania komunikacji do og\u00f3lnych grup demograficznych do tzw. \u201einteligentnych odbiorc\u00f3w\u201d - Favorite News\",\"isPartOf\":{\"@id\":\"https:\\\/\\\/favorite-news.com\\\/pl\\\/#website\"},\"primaryImageOfPage\":{\"@id\":\"https:\\\/\\\/favorite-news.com\\\/pl\\\/pg-odchodzi-od-kierowania-komunikacji-do-ogolnych-grup-demograficznych-do-tzw-inteligentnych-odbiorcow\\\/#primaryimage\"},\"image\":{\"@id\":\"https:\\\/\\\/favorite-news.com\\\/pl\\\/pg-odchodzi-od-kierowania-komunikacji-do-ogolnych-grup-demograficznych-do-tzw-inteligentnych-odbiorcow\\\/#primaryimage\"},\"thumbnailUrl\":\"https:\\\/\\\/favorite-news.com\\\/pl\\\/wp-content\\\/uploads\\\/sites\\\/6\\\/2019\\\/08\\\/PG-odchodzi-od-kierowania-komunikacji-do-og\u00f3lnych-grup-demograficznych-do.jpg\",\"datePublished\":\"2019-08-01T07:09:14+00:00\",\"dateModified\":\"2019-08-01T07:09:16+00:00\",\"author\":{\"@id\":\"https:\\\/\\\/favorite-news.com\\\/pl\\\/#\\\/schema\\\/person\\\/b91573b717dcfa5e4696032a9d28d3e8\"},\"breadcrumb\":{\"@id\":\"https:\\\/\\\/favorite-news.com\\\/pl\\\/pg-odchodzi-od-kierowania-komunikacji-do-ogolnych-grup-demograficznych-do-tzw-inteligentnych-odbiorcow\\\/#breadcrumb\"},\"inLanguage\":\"pl-PL\",\"potentialAction\":[{\"@type\":\"ReadAction\",\"target\":[\"https:\\\/\\\/favorite-news.com\\\/pl\\\/pg-odchodzi-od-kierowania-komunikacji-do-ogolnych-grup-demograficznych-do-tzw-inteligentnych-odbiorcow\\\/\"]}]},{\"@type\":\"ImageObject\",\"inLanguage\":\"pl-PL\",\"@id\":\"https:\\\/\\\/favorite-news.com\\\/pl\\\/pg-odchodzi-od-kierowania-komunikacji-do-ogolnych-grup-demograficznych-do-tzw-inteligentnych-odbiorcow\\\/#primaryimage\",\"url\":\"https:\\\/\\\/favorite-news.com\\\/pl\\\/wp-content\\\/uploads\\\/sites\\\/6\\\/2019\\\/08\\\/PG-odchodzi-od-kierowania-komunikacji-do-og\u00f3lnych-grup-demograficznych-do.jpg\",\"contentUrl\":\"https:\\\/\\\/favorite-news.com\\\/pl\\\/wp-content\\\/uploads\\\/sites\\\/6\\\/2019\\\/08\\\/PG-odchodzi-od-kierowania-komunikacji-do-og\u00f3lnych-grup-demograficznych-do.jpg\",\"width\":655,\"height\":394,\"caption\":\"Article\"},{\"@type\":\"BreadcrumbList\",\"@id\":\"https:\\\/\\\/favorite-news.com\\\/pl\\\/pg-odchodzi-od-kierowania-komunikacji-do-ogolnych-grup-demograficznych-do-tzw-inteligentnych-odbiorcow\\\/#breadcrumb\",\"itemListElement\":[{\"@type\":\"ListItem\",\"position\":1,\"name\":\"Home\",\"item\":\"https:\\\/\\\/favorite-news.com\\\/pl\\\/\"},{\"@type\":\"ListItem\",\"position\":2,\"name\":\"P&#038;G odchodzi od kierowania komunikacji do og\u00f3lnych grup demograficznych do tzw. \u201einteligentnych odbiorc\u00f3w\u201d\"}]},{\"@type\":\"WebSite\",\"@id\":\"https:\\\/\\\/favorite-news.com\\\/pl\\\/#website\",\"url\":\"https:\\\/\\\/favorite-news.com\\\/pl\\\/\",\"name\":\"Favorite News\",\"description\":\"Favorite News Polska\",\"potentialAction\":[{\"@type\":\"SearchAction\",\"target\":{\"@type\":\"EntryPoint\",\"urlTemplate\":\"https:\\\/\\\/favorite-news.com\\\/pl\\\/?s={search_term_string}\"},\"query-input\":{\"@type\":\"PropertyValueSpecification\",\"valueRequired\":true,\"valueName\":\"search_term_string\"}}],\"inLanguage\":\"pl-PL\"},{\"@type\":\"Person\",\"@id\":\"https:\\\/\\\/favorite-news.com\\\/pl\\\/#\\\/schema\\\/person\\\/b91573b717dcfa5e4696032a9d28d3e8\",\"name\":\"favorite-news\",\"image\":{\"@type\":\"ImageObject\",\"inLanguage\":\"pl-PL\",\"@id\":\"https:\\\/\\\/secure.gravatar.com\\\/avatar\\\/6c5a5cb12b74e9d517ee91cf570335b7d16177f1977cc91db161adfa435945a7?s=96&d=mm&r=g\",\"url\":\"https:\\\/\\\/secure.gravatar.com\\\/avatar\\\/6c5a5cb12b74e9d517ee91cf570335b7d16177f1977cc91db161adfa435945a7?s=96&d=mm&r=g\",\"contentUrl\":\"https:\\\/\\\/secure.gravatar.com\\\/avatar\\\/6c5a5cb12b74e9d517ee91cf570335b7d16177f1977cc91db161adfa435945a7?s=96&d=mm&r=g\",\"caption\":\"favorite-news\"},\"url\":\"https:\\\/\\\/favorite-news.com\\\/pl\\\/author\\\/pt\\\/\"}]}<\/script>\n<!-- \/ Yoast SEO plugin. -->","yoast_head_json":{"title":"P&G odchodzi od kierowania komunikacji do og\u00f3lnych grup demograficznych do tzw. \u201einteligentnych odbiorc\u00f3w\u201d - Favorite News","robots":{"index":"index","follow":"follow","max-snippet":"max-snippet:-1","max-image-preview":"max-image-preview:large","max-video-preview":"max-video-preview:-1"},"canonical":"https:\/\/favorite-news.com\/pl\/pg-odchodzi-od-kierowania-komunikacji-do-ogolnych-grup-demograficznych-do-tzw-inteligentnych-odbiorcow\/","og_locale":"pl_PL","og_type":"article","og_title":"P&G odchodzi od kierowania komunikacji do og\u00f3lnych grup demograficznych do tzw. \u201einteligentnych odbiorc\u00f3w\u201d - Favorite News","og_description":"[ad_1] Procter &amp; Gamble\u00a0(P&amp;G) w swojej strategii marketingowej zaczyna odchodzi\u0107 od stosowania og\u00f3lnych grup demograficznych do tzw. \u201einteligentnych odbiorc\u00f3w\u201d. Twierdzi, \u017ce to przyczynia si\u0119 do poprawy skuteczno\u015bci dzia\u0142a\u0144 marketingowych. &#13; &#13; Analizuj\u0105c wyniki kwartalne, David Taylor, dyrektor generalny P&amp;G powiedzia\u0142, \u017ce takie podej\u015bcie pomaga firmie przej\u015b\u0107 od \u201emarnotrawnego\u201d marketingu masowego do indywidualnego budowania marki.\u00a0W tym [&hellip;]","og_url":"https:\/\/favorite-news.com\/pl\/pg-odchodzi-od-kierowania-komunikacji-do-ogolnych-grup-demograficznych-do-tzw-inteligentnych-odbiorcow\/","og_site_name":"Favorite News","article_published_time":"2019-08-01T07:09:14+00:00","article_modified_time":"2019-08-01T07:09:16+00:00","og_image":[{"width":655,"height":394,"url":"https:\/\/favorite-news.com\/pl\/wp-content\/uploads\/sites\/6\/2019\/08\/PG-odchodzi-od-kierowania-komunikacji-do-og\u00f3lnych-grup-demograficznych-do.jpg","type":"image\/jpeg"}],"author":"favorite-news","twitter_card":"summary_large_image","twitter_misc":{"Napisane przez":"favorite-news","Szacowany czas czytania":"2 minuty"},"schema":{"@context":"https:\/\/schema.org","@graph":[{"@type":"Article","@id":"https:\/\/favorite-news.com\/pl\/pg-odchodzi-od-kierowania-komunikacji-do-ogolnych-grup-demograficznych-do-tzw-inteligentnych-odbiorcow\/#article","isPartOf":{"@id":"https:\/\/favorite-news.com\/pl\/pg-odchodzi-od-kierowania-komunikacji-do-ogolnych-grup-demograficznych-do-tzw-inteligentnych-odbiorcow\/"},"author":{"name":"favorite-news","@id":"https:\/\/favorite-news.com\/pl\/#\/schema\/person\/b91573b717dcfa5e4696032a9d28d3e8"},"headline":"P&#038;G odchodzi od kierowania komunikacji do og\u00f3lnych grup demograficznych do tzw. \u201einteligentnych odbiorc\u00f3w\u201d","datePublished":"2019-08-01T07:09:14+00:00","dateModified":"2019-08-01T07:09:16+00:00","mainEntityOfPage":{"@id":"https:\/\/favorite-news.com\/pl\/pg-odchodzi-od-kierowania-komunikacji-do-ogolnych-grup-demograficznych-do-tzw-inteligentnych-odbiorcow\/"},"wordCount":442,"commentCount":0,"image":{"@id":"https:\/\/favorite-news.com\/pl\/pg-odchodzi-od-kierowania-komunikacji-do-ogolnych-grup-demograficznych-do-tzw-inteligentnych-odbiorcow\/#primaryimage"},"thumbnailUrl":"https:\/\/favorite-news.com\/pl\/wp-content\/uploads\/sites\/6\/2019\/08\/PG-odchodzi-od-kierowania-komunikacji-do-og\u00f3lnych-grup-demograficznych-do.jpg","articleSection":["WIADOMO\u015aCI MARKETINGOWE INTERNETOWE"],"inLanguage":"pl-PL","potentialAction":[{"@type":"CommentAction","name":"Comment","target":["https:\/\/favorite-news.com\/pl\/pg-odchodzi-od-kierowania-komunikacji-do-ogolnych-grup-demograficznych-do-tzw-inteligentnych-odbiorcow\/#respond"]}]},{"@type":"WebPage","@id":"https:\/\/favorite-news.com\/pl\/pg-odchodzi-od-kierowania-komunikacji-do-ogolnych-grup-demograficznych-do-tzw-inteligentnych-odbiorcow\/","url":"https:\/\/favorite-news.com\/pl\/pg-odchodzi-od-kierowania-komunikacji-do-ogolnych-grup-demograficznych-do-tzw-inteligentnych-odbiorcow\/","name":"P&G odchodzi od kierowania komunikacji do og\u00f3lnych grup demograficznych do tzw. \u201einteligentnych odbiorc\u00f3w\u201d - Favorite News","isPartOf":{"@id":"https:\/\/favorite-news.com\/pl\/#website"},"primaryImageOfPage":{"@id":"https:\/\/favorite-news.com\/pl\/pg-odchodzi-od-kierowania-komunikacji-do-ogolnych-grup-demograficznych-do-tzw-inteligentnych-odbiorcow\/#primaryimage"},"image":{"@id":"https:\/\/favorite-news.com\/pl\/pg-odchodzi-od-kierowania-komunikacji-do-ogolnych-grup-demograficznych-do-tzw-inteligentnych-odbiorcow\/#primaryimage"},"thumbnailUrl":"https:\/\/favorite-news.com\/pl\/wp-content\/uploads\/sites\/6\/2019\/08\/PG-odchodzi-od-kierowania-komunikacji-do-og\u00f3lnych-grup-demograficznych-do.jpg","datePublished":"2019-08-01T07:09:14+00:00","dateModified":"2019-08-01T07:09:16+00:00","author":{"@id":"https:\/\/favorite-news.com\/pl\/#\/schema\/person\/b91573b717dcfa5e4696032a9d28d3e8"},"breadcrumb":{"@id":"https:\/\/favorite-news.com\/pl\/pg-odchodzi-od-kierowania-komunikacji-do-ogolnych-grup-demograficznych-do-tzw-inteligentnych-odbiorcow\/#breadcrumb"},"inLanguage":"pl-PL","potentialAction":[{"@type":"ReadAction","target":["https:\/\/favorite-news.com\/pl\/pg-odchodzi-od-kierowania-komunikacji-do-ogolnych-grup-demograficznych-do-tzw-inteligentnych-odbiorcow\/"]}]},{"@type":"ImageObject","inLanguage":"pl-PL","@id":"https:\/\/favorite-news.com\/pl\/pg-odchodzi-od-kierowania-komunikacji-do-ogolnych-grup-demograficznych-do-tzw-inteligentnych-odbiorcow\/#primaryimage","url":"https:\/\/favorite-news.com\/pl\/wp-content\/uploads\/sites\/6\/2019\/08\/PG-odchodzi-od-kierowania-komunikacji-do-og\u00f3lnych-grup-demograficznych-do.jpg","contentUrl":"https:\/\/favorite-news.com\/pl\/wp-content\/uploads\/sites\/6\/2019\/08\/PG-odchodzi-od-kierowania-komunikacji-do-og\u00f3lnych-grup-demograficznych-do.jpg","width":655,"height":394,"caption":"Article"},{"@type":"BreadcrumbList","@id":"https:\/\/favorite-news.com\/pl\/pg-odchodzi-od-kierowania-komunikacji-do-ogolnych-grup-demograficznych-do-tzw-inteligentnych-odbiorcow\/#breadcrumb","itemListElement":[{"@type":"ListItem","position":1,"name":"Home","item":"https:\/\/favorite-news.com\/pl\/"},{"@type":"ListItem","position":2,"name":"P&#038;G odchodzi od kierowania komunikacji do og\u00f3lnych grup demograficznych do tzw. \u201einteligentnych odbiorc\u00f3w\u201d"}]},{"@type":"WebSite","@id":"https:\/\/favorite-news.com\/pl\/#website","url":"https:\/\/favorite-news.com\/pl\/","name":"Favorite News","description":"Favorite News Polska","potentialAction":[{"@type":"SearchAction","target":{"@type":"EntryPoint","urlTemplate":"https:\/\/favorite-news.com\/pl\/?s={search_term_string}"},"query-input":{"@type":"PropertyValueSpecification","valueRequired":true,"valueName":"search_term_string"}}],"inLanguage":"pl-PL"},{"@type":"Person","@id":"https:\/\/favorite-news.com\/pl\/#\/schema\/person\/b91573b717dcfa5e4696032a9d28d3e8","name":"favorite-news","image":{"@type":"ImageObject","inLanguage":"pl-PL","@id":"https:\/\/secure.gravatar.com\/avatar\/6c5a5cb12b74e9d517ee91cf570335b7d16177f1977cc91db161adfa435945a7?s=96&d=mm&r=g","url":"https:\/\/secure.gravatar.com\/avatar\/6c5a5cb12b74e9d517ee91cf570335b7d16177f1977cc91db161adfa435945a7?s=96&d=mm&r=g","contentUrl":"https:\/\/secure.gravatar.com\/avatar\/6c5a5cb12b74e9d517ee91cf570335b7d16177f1977cc91db161adfa435945a7?s=96&d=mm&r=g","caption":"favorite-news"},"url":"https:\/\/favorite-news.com\/pl\/author\/pt\/"}]}},"_links":{"self":[{"href":"https:\/\/favorite-news.com\/pl\/wp-json\/wp\/v2\/posts\/3128","targetHints":{"allow":["GET"]}}],"collection":[{"href":"https:\/\/favorite-news.com\/pl\/wp-json\/wp\/v2\/posts"}],"about":[{"href":"https:\/\/favorite-news.com\/pl\/wp-json\/wp\/v2\/types\/post"}],"author":[{"embeddable":true,"href":"https:\/\/favorite-news.com\/pl\/wp-json\/wp\/v2\/users\/2"}],"replies":[{"embeddable":true,"href":"https:\/\/favorite-news.com\/pl\/wp-json\/wp\/v2\/comments?post=3128"}],"version-history":[{"count":1,"href":"https:\/\/favorite-news.com\/pl\/wp-json\/wp\/v2\/posts\/3128\/revisions"}],"predecessor-version":[{"id":3130,"href":"https:\/\/favorite-news.com\/pl\/wp-json\/wp\/v2\/posts\/3128\/revisions\/3130"}],"wp:featuredmedia":[{"embeddable":true,"href":"https:\/\/favorite-news.com\/pl\/wp-json\/wp\/v2\/media\/3129"}],"wp:attachment":[{"href":"https:\/\/favorite-news.com\/pl\/wp-json\/wp\/v2\/media?parent=3128"}],"wp:term":[{"taxonomy":"category","embeddable":true,"href":"https:\/\/favorite-news.com\/pl\/wp-json\/wp\/v2\/categories?post=3128"},{"taxonomy":"post_tag","embeddable":true,"href":"https:\/\/favorite-news.com\/pl\/wp-json\/wp\/v2\/tags?post=3128"}],"curies":[{"name":"wp","href":"https:\/\/api.w.org\/{rel}","templated":true}]}}