{"id":3122,"date":"2019-08-01T07:29:35","date_gmt":"2019-08-01T04:29:35","guid":{"rendered":"https:\/\/favorite-news.com\/pl\/powstanie-warszawskie-rocznica-akcja-bohateron-wlacz-historie\/"},"modified":"2019-08-01T07:29:36","modified_gmt":"2019-08-01T04:29:36","slug":"powstanie-warszawskie-rocznica-akcja-bohateron-wlacz-historie","status":"publish","type":"post","link":"https:\/\/favorite-news.com\/pl\/powstanie-warszawskie-rocznica-akcja-bohateron-wlacz-historie\/","title":{"rendered":"Powstanie Warszawskie rocznica: akcja \u201eBohaterON &#8211; w\u0142\u0105cz histori\u0119!\u201d"},"content":{"rendered":"<p> [ad_1]<br \/>\n<\/p>\n<div id=\"\">\n<p>W ramach kampanii po raz czwarty ka\u017cdy, kto chce uhonorowa\u0107 uczestnik\u00f3w Powstania Warszawskiego, b\u0119dzie m\u00f3g\u0142 wys\u0142a\u0107 do nich kartk\u0119 pocztow\u0105 lub list. W tym roku nie b\u0119d\u0105 dost\u0119pne darmowe poczt\u00f3wki, organizatorzy zach\u0119caj\u0105 do w\u0142asnor\u0119cznego wykonania kartki b\u0105d\u017a napisania listu i przes\u0142ania na adres: Fundacja Sensoria, ul. O\u0142taszy\u0144ska 7, 53-010 Wroc\u0142aw.<\/p>\n<p>&#13;<br \/>\n&#13;<\/p>\n<p>Podobnie jak w poprzednich latach mo\u017cna napisa\u0107 bezp\u0142atn\u0105 poczt\u00f3wk\u0119 do powsta\u0144ca na stronie BohaterON.pl. Wype\u0142nione tam kartki zostan\u0105 wydrukowane i po zako\u0144czeniu akcji &#8211; razem z nades\u0142anymi do siedziby Fundacji Sensoria \u017cyczeniami &#8211; przekazane adresatom w formie tradycyjnej.<\/p>\n<p>&#13;<br \/>\n&#13;<\/p>\n<p>Do udzia\u0142u w kampanii <strong>zach\u0119ca spot, w kt\u00f3rym wyst\u0119puj\u0105 aktorzy Magdalena R\u00f3\u017cczka, Agnieszka Wi\u0119d\u0142ocha, Antoni Pawlicki i Maciej Zako\u015bcielny. <\/strong>&#8211; Dzi\u0119ki akcji mo\u017cemy nawi\u0105za\u0107 dialog z wyj\u0105tkowymi lud\u017ami reprezentuj\u0105cymi inne pokolenie, \u015bwiadkami historii, bohaterami, kt\u00f3rym powinni\u015bmy po prostu podzi\u0119kowa\u0107. Wydarzenia sprzed 75 lat i po\u015bwi\u0119cenie Powsta\u0144c\u00f3w pomog\u0142y zbudowa\u0107 nasz\u0105 \u015bwiadomo\u015b\u0107 narodow\u0105. To w\u0142a\u015bnie oni pokazali nam, \u017ce mamy by\u0107 niepokorni, mie\u0107 swoje zdanie i nie pozwoli\u0107, by kto\u015b m\u00f3wi\u0142 nam, co powinni\u015bmy robi\u0107. To dzi\u0119ki nim dzi\u015b jeste\u015bmy i czujemy si\u0119 wolni &#8211; t\u0142umaczy Antoni Pawlicki.<\/p>\n<p>&#13;<br \/>\n&#13;<\/p>\n<p>&#13;<br \/>\n&#13;<\/p>\n<p>&#8211; W tegorocznej edycji kampanii odeszli\u015bmy od motywu \u201eCzasu honoru\u201d. Spot prezentuje proces tworzenia listu &#8211; korespondencji do Powsta\u0144ca &#8211; oraz sposob\u00f3w, w jaki mo\u017cemy taki dialog nawi\u0105za\u0107. Jest w nim zawarty r\u00f3wnie\u017c zwrot do Powsta\u0144c\u00f3w: \u201eJeste\u015bcie dla nas bardzo wa\u017cni\u201d. Wspieraj\u0105 nas, jak zawsze, wspaniali polscy aktorzy oraz Pani Hanna Stadnik, ps. Hanka, kt\u00f3ra reprezentuje Powsta\u0144c\u00f3w Warszawskich &#8211; opisuje Agnieszka \u0141esiuk-Krajewska, przewodnicz\u0105ca komitetu organizacyjnego kampanii \u201eBohaterON &#8211; w\u0142\u0105cz histori\u0119!\u201d.<\/p>\n<p>&#13;<br \/>\n&#13;<\/p>\n<p><strong>Akcja wysy\u0142ania kartek i list\u00f3w potrwa do ko\u0144ca wrze\u015bnia.<\/strong><\/p>\n<p>&#13;<br \/>\n&#13;<\/p>\n<p><iframe loading=\"lazy\" allowfullscreen=\"\" frameborder=\"0\" height=\"360\" src=\"https:\/\/tv.wirtualnemedia.pl\/embed\/bohateron-wlacz-historie-aktorzy-zachecaja-do-wysylania-kartek-powstancom-warszawskim?width=640&amp;height=360\" width=\"640\"><\/iframe>\u00a0<\/p>\n<p>&#13;<br \/>\n&#13;<\/p>\n<p>W tegorocznej akcji promowana jest te\u017c <strong>ustanowiona w\u0142a\u015bnie Nagroda BohaterONy 2019 im. Powsta\u0144c\u00f3w Warszawskich<\/strong>. Jej celem jest wyr\u00f3\u017cnienie os\u00f3b, firm i instytucji, kt\u00f3rych aktywno\u015b\u0107 w szczeg\u00f3lny spos\u00f3b promowa\u0142a wiedz\u0119 o historii Polski z lat 1918\u20131989 oraz edukacj\u0119 historyczno-patriotyczn\u0105 w 2018 roku. Kandydat\u00f3w mo\u017cna zg\u0142asza\u0107 od 1 do 30 sierpnia w sze\u015bciu kategoriach: instytucja, firma, nauczyciel, osoba publiczna, organizacja non profit i dziennikarz. W tym celu nale\u017cy wype\u0142ni\u0107 formularz dost\u0119pny na stronie kampanii i przes\u0142a\u0107 jego skan wraz ze zgod\u0105 kandydata na adres nagroda@bohateron.pl.<\/p>\n<p>&#13;<br \/>\n&#13;<\/p>\n<p><strong>Wspiera to spot, w kt\u00f3rym wyst\u0119puje Maciej Musia\u0142. <\/strong>Tak jak pozostali aktorzy zaanga\u017cowani w akcj\u0119 znalaz\u0142 si\u0119 &#8211; obok przedstawicieli polskiego rz\u0105du, \u015brodowisk kombatanckich i historyk\u00f3w &#8211; w kapitule wybieraj\u0105cej laureat\u00f3w.<\/p>\n<p>&#13;<br \/>\n&#13;<\/p>\n<p>&#8211; Chcemy wsp\u00f3lnie doceni\u0107 tych, kt\u00f3rzy podtrzymuj\u0105 pami\u0119\u0107 o historii Polski: spo\u0142ecznik\u00f3w, pasjonat\u00f3w &#8211; wszystkich, kt\u00f3rzy swoim zapa\u0142em i kreatywno\u015bci\u0105 sprawiaj\u0105, \u017ce historia jest dla nas ciekawsza, bli\u017csza\u2026 staje si\u0119 naprawd\u0119 nasza. Na potrzeby kampanii stworzyli\u015bmy spot, kt\u00f3ry opr\u00f3cz informowania o Nagrodzie ma zadanie edukacyjne. Pokazujemy w nim proces tworzenia BohaterONa &#8211; statuetki, na kt\u00f3r\u0105 &#8211; w przeno\u015bni &#8211; sk\u0142adaj\u0105 si\u0119 wa\u017cne dla naszej historii wydarzenia. Proces ten to symbol troszczenia si\u0119 o histori\u0119, piel\u0119gnowania jej, przekazywania pami\u0119ci &#8211; rozlewany w formie i zastygaj\u0105cy metal nawi\u0105zywa\u0107 mo\u017ce r\u00f3wnie\u017c do s\u0142\u00f3w: \u201eNasz nar\u00f3d jak lawa\u2026\u201d. Ostateczn\u0105 interpretacj\u0119 spotu pozostawiamy odbiorcom. W rol\u0119 tw\u00f3rcy statuetki \u2013 artysty wcieli\u0142 si\u0119 aktor Maciej Musia\u0142 &#8211; t\u0142umaczy Agnieszka \u0141esiuk-Krajewska<\/p>\n<p>&#13;<br \/>\n&#13;<\/p>\n<p><iframe loading=\"lazy\" allowfullscreen=\"\" frameborder=\"0\" height=\"360\" src=\"https:\/\/tv.wirtualnemedia.pl\/embed\/maciej-musial-promuje-nagrode-bohaterony-2019-im-powstancow-warszawskich?width=640&amp;height=360\" width=\"640\"><\/iframe>\u00a0<\/p>\n<p>&#13;<br \/>\n&#13;<\/p>\n<p>Spoty i grafiki do kampanii na zasadach non-profit przygotowa\u0142 dom produkcyjny Platige Image. Re\u017cyseri\u0105 spot\u00f3w zaj\u0105\u0142 si\u0119 Kamil Pohl.<\/p>\n<p>&#13;<br \/>\n&#13;<\/p>\n<p>Akcja obejmuje Telewizj\u0119 Polsk\u0105, Polskie Radio (rozg\u0142o\u015bnie og\u00f3lnopolskie i regionalne), internet, pojazdy komunikacji miejskiej i lokalnej w r\u00f3\u017cnych cz\u0119\u015bciach kraju, poci\u0105gi PolRegio oraz samoloty Dreamliner PLL LOT.<\/p>\n<p>&#13;<br \/>\n&#13;<\/p>\n<p>Partnerami strategicznymi s\u0105 PKN Orlen i Narodowy Bank Polski, pozosta\u0142ymi &#8211; opr\u00f3cz firm i instytucji wymienionych powy\u017cej &#8211; Muzeum Powstania Warszawskiego, Instytut Pami\u0119ci Narodowej, Fundacja PZU, Poczta Polska, Totalizator Sportowy i Polska Grupa Energetyczna.<\/p>\n<p>&#13;<br \/>\n&#13;<\/p>\n<p>Media i innych partner\u00f3w do kampanii pozyskali jej organizatorzy: Fundacja Rosa i Fundacja Sensoria.<\/p>\n<p>&#13;<br \/>\n                            &#13;<br \/>\n&#13;<br \/>\n                            &#13;<br \/>\n&#13;<br \/>\n&#13;<br \/>\n&#13;<br \/>\n&#13;<br \/>\n&#13;<br \/>\n                            &#13;<br \/>\n                                                            &#13;<br \/>\n&#13;<br \/>\n                            &#13;\n                        <\/p><\/div>\n<p><script>(function (d, s, id) {\n        var js, fjs = d.getElementsByTagName(s)[0];\n        if (d.getElementById(id)) return;\n        js = d.createElement(s);\n        js.id = id;\n        js.src = \"http:\/\/connect.facebook.net\/pl_PL\/sdk.js#xfbml=1&version=v2.6&appId=297996717062470\";\n        fjs.parentNode.insertBefore(js, fjs);\n    }(document, 'script', 'facebook-jssdk'));<\/script><br \/>\n<br \/>[ad_2]<br \/>\n<br \/><a href=\"https:\/\/www.wirtualnemedia.pl\/artykul\/powstanie-warszawskie-rocznica-akcja-bohateron-wlacz-historie-w-spotach-rozczka-wiedlocha-pawlicki-zakoscielny-i-musial-wideo\">Source link <\/a><\/p>\n","protected":false},"excerpt":{"rendered":"<p>[ad_1] W ramach kampanii po raz czwarty ka\u017cdy, kto chce uhonorowa\u0107 uczestnik\u00f3w Powstania Warszawskiego, b\u0119dzie m\u00f3g\u0142 wys\u0142a\u0107 do nich kartk\u0119 pocztow\u0105 lub list. W tym roku nie b\u0119d\u0105 dost\u0119pne darmowe poczt\u00f3wki, organizatorzy zach\u0119caj\u0105 do w\u0142asnor\u0119cznego wykonania kartki b\u0105d\u017a napisania listu i przes\u0142ania na adres: Fundacja Sensoria, ul. O\u0142taszy\u0144ska 7, 53-010 Wroc\u0142aw. &#13; &#13; Podobnie jak [&hellip;]<\/p>\n","protected":false},"author":2,"featured_media":3123,"comment_status":"open","ping_status":"open","sticky":false,"template":"","format":"standard","meta":{"footnotes":""},"categories":[2],"tags":[],"class_list":["post-3122","post","type-post","status-publish","format-standard","has-post-thumbnail","hentry","category-wiadomosci-marketingowe-internetowe"],"yoast_head":"<!-- This site is optimized with the Yoast SEO plugin v27.4 - https:\/\/yoast.com\/product\/yoast-seo-wordpress\/ -->\n<title>Powstanie Warszawskie rocznica: akcja \u201eBohaterON - w\u0142\u0105cz histori\u0119!\u201d - Favorite News<\/title>\n<meta name=\"robots\" content=\"index, follow, max-snippet:-1, max-image-preview:large, max-video-preview:-1\" \/>\n<link rel=\"canonical\" href=\"https:\/\/favorite-news.com\/pl\/powstanie-warszawskie-rocznica-akcja-bohateron-wlacz-historie\/\" \/>\n<meta property=\"og:locale\" content=\"pl_PL\" \/>\n<meta property=\"og:type\" content=\"article\" \/>\n<meta property=\"og:title\" content=\"Powstanie Warszawskie rocznica: akcja \u201eBohaterON - w\u0142\u0105cz histori\u0119!\u201d - Favorite News\" \/>\n<meta property=\"og:description\" content=\"[ad_1] W ramach kampanii po raz czwarty ka\u017cdy, kto chce uhonorowa\u0107 uczestnik\u00f3w Powstania Warszawskiego, b\u0119dzie m\u00f3g\u0142 wys\u0142a\u0107 do nich kartk\u0119 pocztow\u0105 lub list. W tym roku nie b\u0119d\u0105 dost\u0119pne darmowe poczt\u00f3wki, organizatorzy zach\u0119caj\u0105 do w\u0142asnor\u0119cznego wykonania kartki b\u0105d\u017a napisania listu i przes\u0142ania na adres: Fundacja Sensoria, ul. O\u0142taszy\u0144ska 7, 53-010 Wroc\u0142aw. &#013; &#013; Podobnie jak [&hellip;]\" \/>\n<meta property=\"og:url\" content=\"https:\/\/favorite-news.com\/pl\/powstanie-warszawskie-rocznica-akcja-bohateron-wlacz-historie\/\" \/>\n<meta property=\"og:site_name\" content=\"Favorite News\" \/>\n<meta property=\"article:published_time\" content=\"2019-08-01T04:29:35+00:00\" \/>\n<meta property=\"article:modified_time\" content=\"2019-08-01T04:29:36+00:00\" \/>\n<meta property=\"og:image\" content=\"https:\/\/favorite-news.com\/pl\/wp-content\/uploads\/sites\/6\/2019\/08\/Powstanie-Warszawskie-rocznica-akcja-\u201eBohaterON-w\u0142\u0105cz-histori\u0119\u201d.png\" \/>\n\t<meta property=\"og:image:width\" content=\"655\" \/>\n\t<meta property=\"og:image:height\" content=\"509\" \/>\n\t<meta property=\"og:image:type\" content=\"image\/png\" \/>\n<meta name=\"author\" content=\"favorite-news\" \/>\n<meta name=\"twitter:card\" content=\"summary_large_image\" \/>\n<meta name=\"twitter:label1\" content=\"Napisane przez\" \/>\n\t<meta name=\"twitter:data1\" content=\"favorite-news\" \/>\n\t<meta name=\"twitter:label2\" content=\"Szacowany czas czytania\" \/>\n\t<meta name=\"twitter:data2\" content=\"4 minuty\" \/>\n<script type=\"application\/ld+json\" class=\"yoast-schema-graph\">{\"@context\":\"https:\\\/\\\/schema.org\",\"@graph\":[{\"@type\":\"Article\",\"@id\":\"https:\\\/\\\/favorite-news.com\\\/pl\\\/powstanie-warszawskie-rocznica-akcja-bohateron-wlacz-historie\\\/#article\",\"isPartOf\":{\"@id\":\"https:\\\/\\\/favorite-news.com\\\/pl\\\/powstanie-warszawskie-rocznica-akcja-bohateron-wlacz-historie\\\/\"},\"author\":{\"name\":\"favorite-news\",\"@id\":\"https:\\\/\\\/favorite-news.com\\\/pl\\\/#\\\/schema\\\/person\\\/b91573b717dcfa5e4696032a9d28d3e8\"},\"headline\":\"Powstanie Warszawskie rocznica: akcja \u201eBohaterON &#8211; w\u0142\u0105cz histori\u0119!\u201d\",\"datePublished\":\"2019-08-01T04:29:35+00:00\",\"dateModified\":\"2019-08-01T04:29:36+00:00\",\"mainEntityOfPage\":{\"@id\":\"https:\\\/\\\/favorite-news.com\\\/pl\\\/powstanie-warszawskie-rocznica-akcja-bohateron-wlacz-historie\\\/\"},\"wordCount\":718,\"commentCount\":0,\"image\":{\"@id\":\"https:\\\/\\\/favorite-news.com\\\/pl\\\/powstanie-warszawskie-rocznica-akcja-bohateron-wlacz-historie\\\/#primaryimage\"},\"thumbnailUrl\":\"https:\\\/\\\/favorite-news.com\\\/pl\\\/wp-content\\\/uploads\\\/sites\\\/6\\\/2019\\\/08\\\/Powstanie-Warszawskie-rocznica-akcja-\u201eBohaterON-w\u0142\u0105cz-histori\u0119\u201d.png\",\"articleSection\":[\"WIADOMO\u015aCI MARKETINGOWE INTERNETOWE\"],\"inLanguage\":\"pl-PL\",\"potentialAction\":[{\"@type\":\"CommentAction\",\"name\":\"Comment\",\"target\":[\"https:\\\/\\\/favorite-news.com\\\/pl\\\/powstanie-warszawskie-rocznica-akcja-bohateron-wlacz-historie\\\/#respond\"]}]},{\"@type\":\"WebPage\",\"@id\":\"https:\\\/\\\/favorite-news.com\\\/pl\\\/powstanie-warszawskie-rocznica-akcja-bohateron-wlacz-historie\\\/\",\"url\":\"https:\\\/\\\/favorite-news.com\\\/pl\\\/powstanie-warszawskie-rocznica-akcja-bohateron-wlacz-historie\\\/\",\"name\":\"Powstanie Warszawskie rocznica: akcja \u201eBohaterON - w\u0142\u0105cz histori\u0119!\u201d - Favorite News\",\"isPartOf\":{\"@id\":\"https:\\\/\\\/favorite-news.com\\\/pl\\\/#website\"},\"primaryImageOfPage\":{\"@id\":\"https:\\\/\\\/favorite-news.com\\\/pl\\\/powstanie-warszawskie-rocznica-akcja-bohateron-wlacz-historie\\\/#primaryimage\"},\"image\":{\"@id\":\"https:\\\/\\\/favorite-news.com\\\/pl\\\/powstanie-warszawskie-rocznica-akcja-bohateron-wlacz-historie\\\/#primaryimage\"},\"thumbnailUrl\":\"https:\\\/\\\/favorite-news.com\\\/pl\\\/wp-content\\\/uploads\\\/sites\\\/6\\\/2019\\\/08\\\/Powstanie-Warszawskie-rocznica-akcja-\u201eBohaterON-w\u0142\u0105cz-histori\u0119\u201d.png\",\"datePublished\":\"2019-08-01T04:29:35+00:00\",\"dateModified\":\"2019-08-01T04:29:36+00:00\",\"author\":{\"@id\":\"https:\\\/\\\/favorite-news.com\\\/pl\\\/#\\\/schema\\\/person\\\/b91573b717dcfa5e4696032a9d28d3e8\"},\"breadcrumb\":{\"@id\":\"https:\\\/\\\/favorite-news.com\\\/pl\\\/powstanie-warszawskie-rocznica-akcja-bohateron-wlacz-historie\\\/#breadcrumb\"},\"inLanguage\":\"pl-PL\",\"potentialAction\":[{\"@type\":\"ReadAction\",\"target\":[\"https:\\\/\\\/favorite-news.com\\\/pl\\\/powstanie-warszawskie-rocznica-akcja-bohateron-wlacz-historie\\\/\"]}]},{\"@type\":\"ImageObject\",\"inLanguage\":\"pl-PL\",\"@id\":\"https:\\\/\\\/favorite-news.com\\\/pl\\\/powstanie-warszawskie-rocznica-akcja-bohateron-wlacz-historie\\\/#primaryimage\",\"url\":\"https:\\\/\\\/favorite-news.com\\\/pl\\\/wp-content\\\/uploads\\\/sites\\\/6\\\/2019\\\/08\\\/Powstanie-Warszawskie-rocznica-akcja-\u201eBohaterON-w\u0142\u0105cz-histori\u0119\u201d.png\",\"contentUrl\":\"https:\\\/\\\/favorite-news.com\\\/pl\\\/wp-content\\\/uploads\\\/sites\\\/6\\\/2019\\\/08\\\/Powstanie-Warszawskie-rocznica-akcja-\u201eBohaterON-w\u0142\u0105cz-histori\u0119\u201d.png\",\"width\":655,\"height\":509,\"caption\":\"Article\"},{\"@type\":\"BreadcrumbList\",\"@id\":\"https:\\\/\\\/favorite-news.com\\\/pl\\\/powstanie-warszawskie-rocznica-akcja-bohateron-wlacz-historie\\\/#breadcrumb\",\"itemListElement\":[{\"@type\":\"ListItem\",\"position\":1,\"name\":\"Home\",\"item\":\"https:\\\/\\\/favorite-news.com\\\/pl\\\/\"},{\"@type\":\"ListItem\",\"position\":2,\"name\":\"Powstanie Warszawskie rocznica: akcja \u201eBohaterON &#8211; w\u0142\u0105cz histori\u0119!\u201d\"}]},{\"@type\":\"WebSite\",\"@id\":\"https:\\\/\\\/favorite-news.com\\\/pl\\\/#website\",\"url\":\"https:\\\/\\\/favorite-news.com\\\/pl\\\/\",\"name\":\"Favorite News\",\"description\":\"Favorite News Polska\",\"potentialAction\":[{\"@type\":\"SearchAction\",\"target\":{\"@type\":\"EntryPoint\",\"urlTemplate\":\"https:\\\/\\\/favorite-news.com\\\/pl\\\/?s={search_term_string}\"},\"query-input\":{\"@type\":\"PropertyValueSpecification\",\"valueRequired\":true,\"valueName\":\"search_term_string\"}}],\"inLanguage\":\"pl-PL\"},{\"@type\":\"Person\",\"@id\":\"https:\\\/\\\/favorite-news.com\\\/pl\\\/#\\\/schema\\\/person\\\/b91573b717dcfa5e4696032a9d28d3e8\",\"name\":\"favorite-news\",\"image\":{\"@type\":\"ImageObject\",\"inLanguage\":\"pl-PL\",\"@id\":\"https:\\\/\\\/secure.gravatar.com\\\/avatar\\\/6c5a5cb12b74e9d517ee91cf570335b7d16177f1977cc91db161adfa435945a7?s=96&d=mm&r=g\",\"url\":\"https:\\\/\\\/secure.gravatar.com\\\/avatar\\\/6c5a5cb12b74e9d517ee91cf570335b7d16177f1977cc91db161adfa435945a7?s=96&d=mm&r=g\",\"contentUrl\":\"https:\\\/\\\/secure.gravatar.com\\\/avatar\\\/6c5a5cb12b74e9d517ee91cf570335b7d16177f1977cc91db161adfa435945a7?s=96&d=mm&r=g\",\"caption\":\"favorite-news\"},\"url\":\"https:\\\/\\\/favorite-news.com\\\/pl\\\/author\\\/pt\\\/\"}]}<\/script>\n<!-- \/ Yoast SEO plugin. -->","yoast_head_json":{"title":"Powstanie Warszawskie rocznica: akcja \u201eBohaterON - w\u0142\u0105cz histori\u0119!\u201d - Favorite News","robots":{"index":"index","follow":"follow","max-snippet":"max-snippet:-1","max-image-preview":"max-image-preview:large","max-video-preview":"max-video-preview:-1"},"canonical":"https:\/\/favorite-news.com\/pl\/powstanie-warszawskie-rocznica-akcja-bohateron-wlacz-historie\/","og_locale":"pl_PL","og_type":"article","og_title":"Powstanie Warszawskie rocznica: akcja \u201eBohaterON - w\u0142\u0105cz histori\u0119!\u201d - Favorite News","og_description":"[ad_1] W ramach kampanii po raz czwarty ka\u017cdy, kto chce uhonorowa\u0107 uczestnik\u00f3w Powstania Warszawskiego, b\u0119dzie m\u00f3g\u0142 wys\u0142a\u0107 do nich kartk\u0119 pocztow\u0105 lub list. W tym roku nie b\u0119d\u0105 dost\u0119pne darmowe poczt\u00f3wki, organizatorzy zach\u0119caj\u0105 do w\u0142asnor\u0119cznego wykonania kartki b\u0105d\u017a napisania listu i przes\u0142ania na adres: Fundacja Sensoria, ul. O\u0142taszy\u0144ska 7, 53-010 Wroc\u0142aw. &#13; &#13; Podobnie jak [&hellip;]","og_url":"https:\/\/favorite-news.com\/pl\/powstanie-warszawskie-rocznica-akcja-bohateron-wlacz-historie\/","og_site_name":"Favorite News","article_published_time":"2019-08-01T04:29:35+00:00","article_modified_time":"2019-08-01T04:29:36+00:00","og_image":[{"width":655,"height":509,"url":"https:\/\/favorite-news.com\/pl\/wp-content\/uploads\/sites\/6\/2019\/08\/Powstanie-Warszawskie-rocznica-akcja-\u201eBohaterON-w\u0142\u0105cz-histori\u0119\u201d.png","type":"image\/png"}],"author":"favorite-news","twitter_card":"summary_large_image","twitter_misc":{"Napisane przez":"favorite-news","Szacowany czas czytania":"4 minuty"},"schema":{"@context":"https:\/\/schema.org","@graph":[{"@type":"Article","@id":"https:\/\/favorite-news.com\/pl\/powstanie-warszawskie-rocznica-akcja-bohateron-wlacz-historie\/#article","isPartOf":{"@id":"https:\/\/favorite-news.com\/pl\/powstanie-warszawskie-rocznica-akcja-bohateron-wlacz-historie\/"},"author":{"name":"favorite-news","@id":"https:\/\/favorite-news.com\/pl\/#\/schema\/person\/b91573b717dcfa5e4696032a9d28d3e8"},"headline":"Powstanie Warszawskie rocznica: akcja \u201eBohaterON &#8211; w\u0142\u0105cz histori\u0119!\u201d","datePublished":"2019-08-01T04:29:35+00:00","dateModified":"2019-08-01T04:29:36+00:00","mainEntityOfPage":{"@id":"https:\/\/favorite-news.com\/pl\/powstanie-warszawskie-rocznica-akcja-bohateron-wlacz-historie\/"},"wordCount":718,"commentCount":0,"image":{"@id":"https:\/\/favorite-news.com\/pl\/powstanie-warszawskie-rocznica-akcja-bohateron-wlacz-historie\/#primaryimage"},"thumbnailUrl":"https:\/\/favorite-news.com\/pl\/wp-content\/uploads\/sites\/6\/2019\/08\/Powstanie-Warszawskie-rocznica-akcja-\u201eBohaterON-w\u0142\u0105cz-histori\u0119\u201d.png","articleSection":["WIADOMO\u015aCI MARKETINGOWE INTERNETOWE"],"inLanguage":"pl-PL","potentialAction":[{"@type":"CommentAction","name":"Comment","target":["https:\/\/favorite-news.com\/pl\/powstanie-warszawskie-rocznica-akcja-bohateron-wlacz-historie\/#respond"]}]},{"@type":"WebPage","@id":"https:\/\/favorite-news.com\/pl\/powstanie-warszawskie-rocznica-akcja-bohateron-wlacz-historie\/","url":"https:\/\/favorite-news.com\/pl\/powstanie-warszawskie-rocznica-akcja-bohateron-wlacz-historie\/","name":"Powstanie Warszawskie rocznica: akcja \u201eBohaterON - w\u0142\u0105cz histori\u0119!\u201d - Favorite News","isPartOf":{"@id":"https:\/\/favorite-news.com\/pl\/#website"},"primaryImageOfPage":{"@id":"https:\/\/favorite-news.com\/pl\/powstanie-warszawskie-rocznica-akcja-bohateron-wlacz-historie\/#primaryimage"},"image":{"@id":"https:\/\/favorite-news.com\/pl\/powstanie-warszawskie-rocznica-akcja-bohateron-wlacz-historie\/#primaryimage"},"thumbnailUrl":"https:\/\/favorite-news.com\/pl\/wp-content\/uploads\/sites\/6\/2019\/08\/Powstanie-Warszawskie-rocznica-akcja-\u201eBohaterON-w\u0142\u0105cz-histori\u0119\u201d.png","datePublished":"2019-08-01T04:29:35+00:00","dateModified":"2019-08-01T04:29:36+00:00","author":{"@id":"https:\/\/favorite-news.com\/pl\/#\/schema\/person\/b91573b717dcfa5e4696032a9d28d3e8"},"breadcrumb":{"@id":"https:\/\/favorite-news.com\/pl\/powstanie-warszawskie-rocznica-akcja-bohateron-wlacz-historie\/#breadcrumb"},"inLanguage":"pl-PL","potentialAction":[{"@type":"ReadAction","target":["https:\/\/favorite-news.com\/pl\/powstanie-warszawskie-rocznica-akcja-bohateron-wlacz-historie\/"]}]},{"@type":"ImageObject","inLanguage":"pl-PL","@id":"https:\/\/favorite-news.com\/pl\/powstanie-warszawskie-rocznica-akcja-bohateron-wlacz-historie\/#primaryimage","url":"https:\/\/favorite-news.com\/pl\/wp-content\/uploads\/sites\/6\/2019\/08\/Powstanie-Warszawskie-rocznica-akcja-\u201eBohaterON-w\u0142\u0105cz-histori\u0119\u201d.png","contentUrl":"https:\/\/favorite-news.com\/pl\/wp-content\/uploads\/sites\/6\/2019\/08\/Powstanie-Warszawskie-rocznica-akcja-\u201eBohaterON-w\u0142\u0105cz-histori\u0119\u201d.png","width":655,"height":509,"caption":"Article"},{"@type":"BreadcrumbList","@id":"https:\/\/favorite-news.com\/pl\/powstanie-warszawskie-rocznica-akcja-bohateron-wlacz-historie\/#breadcrumb","itemListElement":[{"@type":"ListItem","position":1,"name":"Home","item":"https:\/\/favorite-news.com\/pl\/"},{"@type":"ListItem","position":2,"name":"Powstanie Warszawskie rocznica: akcja \u201eBohaterON &#8211; w\u0142\u0105cz histori\u0119!\u201d"}]},{"@type":"WebSite","@id":"https:\/\/favorite-news.com\/pl\/#website","url":"https:\/\/favorite-news.com\/pl\/","name":"Favorite News","description":"Favorite News Polska","potentialAction":[{"@type":"SearchAction","target":{"@type":"EntryPoint","urlTemplate":"https:\/\/favorite-news.com\/pl\/?s={search_term_string}"},"query-input":{"@type":"PropertyValueSpecification","valueRequired":true,"valueName":"search_term_string"}}],"inLanguage":"pl-PL"},{"@type":"Person","@id":"https:\/\/favorite-news.com\/pl\/#\/schema\/person\/b91573b717dcfa5e4696032a9d28d3e8","name":"favorite-news","image":{"@type":"ImageObject","inLanguage":"pl-PL","@id":"https:\/\/secure.gravatar.com\/avatar\/6c5a5cb12b74e9d517ee91cf570335b7d16177f1977cc91db161adfa435945a7?s=96&d=mm&r=g","url":"https:\/\/secure.gravatar.com\/avatar\/6c5a5cb12b74e9d517ee91cf570335b7d16177f1977cc91db161adfa435945a7?s=96&d=mm&r=g","contentUrl":"https:\/\/secure.gravatar.com\/avatar\/6c5a5cb12b74e9d517ee91cf570335b7d16177f1977cc91db161adfa435945a7?s=96&d=mm&r=g","caption":"favorite-news"},"url":"https:\/\/favorite-news.com\/pl\/author\/pt\/"}]}},"_links":{"self":[{"href":"https:\/\/favorite-news.com\/pl\/wp-json\/wp\/v2\/posts\/3122","targetHints":{"allow":["GET"]}}],"collection":[{"href":"https:\/\/favorite-news.com\/pl\/wp-json\/wp\/v2\/posts"}],"about":[{"href":"https:\/\/favorite-news.com\/pl\/wp-json\/wp\/v2\/types\/post"}],"author":[{"embeddable":true,"href":"https:\/\/favorite-news.com\/pl\/wp-json\/wp\/v2\/users\/2"}],"replies":[{"embeddable":true,"href":"https:\/\/favorite-news.com\/pl\/wp-json\/wp\/v2\/comments?post=3122"}],"version-history":[{"count":1,"href":"https:\/\/favorite-news.com\/pl\/wp-json\/wp\/v2\/posts\/3122\/revisions"}],"predecessor-version":[{"id":3124,"href":"https:\/\/favorite-news.com\/pl\/wp-json\/wp\/v2\/posts\/3122\/revisions\/3124"}],"wp:featuredmedia":[{"embeddable":true,"href":"https:\/\/favorite-news.com\/pl\/wp-json\/wp\/v2\/media\/3123"}],"wp:attachment":[{"href":"https:\/\/favorite-news.com\/pl\/wp-json\/wp\/v2\/media?parent=3122"}],"wp:term":[{"taxonomy":"category","embeddable":true,"href":"https:\/\/favorite-news.com\/pl\/wp-json\/wp\/v2\/categories?post=3122"},{"taxonomy":"post_tag","embeddable":true,"href":"https:\/\/favorite-news.com\/pl\/wp-json\/wp\/v2\/tags?post=3122"}],"curies":[{"name":"wp","href":"https:\/\/api.w.org\/{rel}","templated":true}]}}