{"id":3107,"date":"2019-08-01T00:45:55","date_gmt":"2019-07-31T21:45:55","guid":{"rendered":"https:\/\/favorite-news.com\/pl\/upfield-dolacza-do-grona-klientow-agencji-dentsu-x\/"},"modified":"2019-08-01T00:45:56","modified_gmt":"2019-07-31T21:45:56","slug":"upfield-dolacza-do-grona-klientow-agencji-dentsu-x","status":"publish","type":"post","link":"https:\/\/favorite-news.com\/pl\/upfield-dolacza-do-grona-klientow-agencji-dentsu-x\/","title":{"rendered":"Upfield do\u0142\u0105cza do grona klient\u00f3w agencji dentsu X"},"content":{"rendered":"<p> [ad_1]<br \/>\n<\/p>\n<div id=\"\">\n<p><strong>Agencja dentsu X zajmie si\u0119 obs\u0142ug\u0105 Upfield na kilkudziesi\u0119ciu rynkach<\/strong>. Wsp\u00f3\u0142praca z klientem zawi\u0105zana zostanie w sierpniu, natomiast pierwsze kampanie planowane s\u0105 na wrzesie\u0144 br. W zakres \u015bwiadczonych us\u0142ug wchodzi pe\u0142na obs\u0142uga mediowa offline oraz online.<\/p>\n<p>&#13;<br \/>\n&#13;<\/p>\n<p>Najbli\u017csze planowane dzia\u0142ania jesienne skupi\u0105 si\u0119 wok\u00f3\u0142 trzeciej edycji akcji \u201eEkstra Szkolna Sto\u0142\u00f3wka\u201d marki Delma, maj\u0105cej na celu popraw\u0119 warunk\u00f3w spo\u017cywania przez najm\u0142odszych posi\u0142k\u00f3w w szko\u0142ach oraz przekazania im w\u0142a\u015bciwych nawyk\u00f3w \u017cywieniowych. Kampania obejmie telewizj\u0119 oraz digital, a rozpocznie si\u0119 we wrze\u015bniu.<\/p>\n<p>&#13;<br \/>\n&#13;<\/p>\n<p>Firmy nie podaj\u0105, na jak d\u0142ugo zawar\u0142y umow\u0119 o wsp\u00f3\u0142pracy. Nie podaj\u0105 te\u017c liczby i nazw pozosta\u0142ych uczestnik\u00f3w przetargu.<\/p>\n<p>&#13;<br \/>\n&#13;<\/p>\n<p>Ostatnio obs\u0142ug\u0105 mediow\u0105 Upfield w Polsce zajmowa\u0142 si\u0119 dom mediowy Mindshare (GroupM\/WPP) \u2013 odpowiada\u0142 m.in. za wiosenna kampani\u0119 marki Kasia.<\/p>\n<p>&#13;<br \/>\n                            &#13;<br \/>\n&#13;<br \/>\n                            &#13;<br \/>\n&#13;<br \/>\n&#13;<br \/>\n&#13;<br \/>\n&#13;<br \/>\n&#13;<br \/>\n                            &#13;<br \/>\n                                                            &#13;<br \/>\n&#13;<br \/>\n                            &#13;\n                        <\/p><\/div>\n<p><script>(function (d, s, id) {\n        var js, fjs = d.getElementsByTagName(s)[0];\n        if (d.getElementById(id)) return;\n        js = d.createElement(s);\n        js.id = id;\n        js.src = \"http:\/\/connect.facebook.net\/pl_PL\/sdk.js#xfbml=1&version=v2.6&appId=297996717062470\";\n        fjs.parentNode.insertBefore(js, fjs);\n    }(document, 'script', 'facebook-jssdk'));<\/script><br \/>\n<br \/>[ad_2]<br \/>\n<br \/><a href=\"https:\/\/www.wirtualnemedia.pl\/artykul\/upfield-dolacza-do-grona-klientow-agencji-dentsu-x\">Source link <\/a><\/p>\n","protected":false},"excerpt":{"rendered":"<p>[ad_1] Agencja dentsu X zajmie si\u0119 obs\u0142ug\u0105 Upfield na kilkudziesi\u0119ciu rynkach. Wsp\u00f3\u0142praca z klientem zawi\u0105zana zostanie w sierpniu, natomiast pierwsze kampanie planowane s\u0105 na wrzesie\u0144 br. W zakres \u015bwiadczonych us\u0142ug wchodzi pe\u0142na obs\u0142uga mediowa offline oraz online. &#13; &#13; Najbli\u017csze planowane dzia\u0142ania jesienne skupi\u0105 si\u0119 wok\u00f3\u0142 trzeciej edycji akcji \u201eEkstra Szkolna Sto\u0142\u00f3wka\u201d marki Delma, maj\u0105cej [&hellip;]<\/p>\n","protected":false},"author":2,"featured_media":3108,"comment_status":"open","ping_status":"open","sticky":false,"template":"","format":"standard","meta":{"footnotes":""},"categories":[2],"tags":[],"class_list":["post-3107","post","type-post","status-publish","format-standard","has-post-thumbnail","hentry","category-wiadomosci-marketingowe-internetowe"],"yoast_head":"<!-- This site is optimized with the Yoast SEO plugin v27.4 - https:\/\/yoast.com\/product\/yoast-seo-wordpress\/ -->\n<title>Upfield do\u0142\u0105cza do grona klient\u00f3w agencji dentsu X - Favorite News<\/title>\n<meta name=\"robots\" content=\"index, follow, max-snippet:-1, max-image-preview:large, max-video-preview:-1\" \/>\n<link rel=\"canonical\" href=\"https:\/\/favorite-news.com\/pl\/upfield-dolacza-do-grona-klientow-agencji-dentsu-x\/\" \/>\n<meta property=\"og:locale\" content=\"pl_PL\" \/>\n<meta property=\"og:type\" content=\"article\" \/>\n<meta property=\"og:title\" content=\"Upfield do\u0142\u0105cza do grona klient\u00f3w agencji dentsu X - Favorite News\" \/>\n<meta property=\"og:description\" content=\"[ad_1] Agencja dentsu X zajmie si\u0119 obs\u0142ug\u0105 Upfield na kilkudziesi\u0119ciu rynkach. Wsp\u00f3\u0142praca z klientem zawi\u0105zana zostanie w sierpniu, natomiast pierwsze kampanie planowane s\u0105 na wrzesie\u0144 br. W zakres \u015bwiadczonych us\u0142ug wchodzi pe\u0142na obs\u0142uga mediowa offline oraz online. &#013; &#013; Najbli\u017csze planowane dzia\u0142ania jesienne skupi\u0105 si\u0119 wok\u00f3\u0142 trzeciej edycji akcji \u201eEkstra Szkolna Sto\u0142\u00f3wka\u201d marki Delma, maj\u0105cej [&hellip;]\" \/>\n<meta property=\"og:url\" content=\"https:\/\/favorite-news.com\/pl\/upfield-dolacza-do-grona-klientow-agencji-dentsu-x\/\" \/>\n<meta property=\"og:site_name\" content=\"Favorite News\" \/>\n<meta property=\"article:published_time\" content=\"2019-07-31T21:45:55+00:00\" \/>\n<meta property=\"article:modified_time\" content=\"2019-07-31T21:45:56+00:00\" \/>\n<meta property=\"og:image\" content=\"https:\/\/favorite-news.com\/pl\/wp-content\/uploads\/sites\/6\/2019\/08\/Upfield-do\u0142\u0105cza-do-grona-klient\u00f3w-agencji-dentsu-X.png\" \/>\n\t<meta property=\"og:image:width\" content=\"655\" \/>\n\t<meta property=\"og:image:height\" content=\"494\" \/>\n\t<meta property=\"og:image:type\" content=\"image\/png\" \/>\n<meta name=\"author\" content=\"favorite-news\" \/>\n<meta name=\"twitter:card\" content=\"summary_large_image\" \/>\n<meta name=\"twitter:label1\" content=\"Napisane przez\" \/>\n\t<meta name=\"twitter:data1\" content=\"favorite-news\" \/>\n\t<meta name=\"twitter:label2\" content=\"Szacowany czas czytania\" \/>\n\t<meta name=\"twitter:data2\" content=\"1 minuta\" \/>\n<script type=\"application\/ld+json\" class=\"yoast-schema-graph\">{\"@context\":\"https:\\\/\\\/schema.org\",\"@graph\":[{\"@type\":\"Article\",\"@id\":\"https:\\\/\\\/favorite-news.com\\\/pl\\\/upfield-dolacza-do-grona-klientow-agencji-dentsu-x\\\/#article\",\"isPartOf\":{\"@id\":\"https:\\\/\\\/favorite-news.com\\\/pl\\\/upfield-dolacza-do-grona-klientow-agencji-dentsu-x\\\/\"},\"author\":{\"name\":\"favorite-news\",\"@id\":\"https:\\\/\\\/favorite-news.com\\\/pl\\\/#\\\/schema\\\/person\\\/b91573b717dcfa5e4696032a9d28d3e8\"},\"headline\":\"Upfield do\u0142\u0105cza do grona klient\u00f3w agencji dentsu X\",\"datePublished\":\"2019-07-31T21:45:55+00:00\",\"dateModified\":\"2019-07-31T21:45:56+00:00\",\"mainEntityOfPage\":{\"@id\":\"https:\\\/\\\/favorite-news.com\\\/pl\\\/upfield-dolacza-do-grona-klientow-agencji-dentsu-x\\\/\"},\"wordCount\":159,\"commentCount\":0,\"image\":{\"@id\":\"https:\\\/\\\/favorite-news.com\\\/pl\\\/upfield-dolacza-do-grona-klientow-agencji-dentsu-x\\\/#primaryimage\"},\"thumbnailUrl\":\"https:\\\/\\\/favorite-news.com\\\/pl\\\/wp-content\\\/uploads\\\/sites\\\/6\\\/2019\\\/08\\\/Upfield-do\u0142\u0105cza-do-grona-klient\u00f3w-agencji-dentsu-X.png\",\"articleSection\":[\"WIADOMO\u015aCI MARKETINGOWE INTERNETOWE\"],\"inLanguage\":\"pl-PL\",\"potentialAction\":[{\"@type\":\"CommentAction\",\"name\":\"Comment\",\"target\":[\"https:\\\/\\\/favorite-news.com\\\/pl\\\/upfield-dolacza-do-grona-klientow-agencji-dentsu-x\\\/#respond\"]}]},{\"@type\":\"WebPage\",\"@id\":\"https:\\\/\\\/favorite-news.com\\\/pl\\\/upfield-dolacza-do-grona-klientow-agencji-dentsu-x\\\/\",\"url\":\"https:\\\/\\\/favorite-news.com\\\/pl\\\/upfield-dolacza-do-grona-klientow-agencji-dentsu-x\\\/\",\"name\":\"Upfield do\u0142\u0105cza do grona klient\u00f3w agencji dentsu X - Favorite News\",\"isPartOf\":{\"@id\":\"https:\\\/\\\/favorite-news.com\\\/pl\\\/#website\"},\"primaryImageOfPage\":{\"@id\":\"https:\\\/\\\/favorite-news.com\\\/pl\\\/upfield-dolacza-do-grona-klientow-agencji-dentsu-x\\\/#primaryimage\"},\"image\":{\"@id\":\"https:\\\/\\\/favorite-news.com\\\/pl\\\/upfield-dolacza-do-grona-klientow-agencji-dentsu-x\\\/#primaryimage\"},\"thumbnailUrl\":\"https:\\\/\\\/favorite-news.com\\\/pl\\\/wp-content\\\/uploads\\\/sites\\\/6\\\/2019\\\/08\\\/Upfield-do\u0142\u0105cza-do-grona-klient\u00f3w-agencji-dentsu-X.png\",\"datePublished\":\"2019-07-31T21:45:55+00:00\",\"dateModified\":\"2019-07-31T21:45:56+00:00\",\"author\":{\"@id\":\"https:\\\/\\\/favorite-news.com\\\/pl\\\/#\\\/schema\\\/person\\\/b91573b717dcfa5e4696032a9d28d3e8\"},\"breadcrumb\":{\"@id\":\"https:\\\/\\\/favorite-news.com\\\/pl\\\/upfield-dolacza-do-grona-klientow-agencji-dentsu-x\\\/#breadcrumb\"},\"inLanguage\":\"pl-PL\",\"potentialAction\":[{\"@type\":\"ReadAction\",\"target\":[\"https:\\\/\\\/favorite-news.com\\\/pl\\\/upfield-dolacza-do-grona-klientow-agencji-dentsu-x\\\/\"]}]},{\"@type\":\"ImageObject\",\"inLanguage\":\"pl-PL\",\"@id\":\"https:\\\/\\\/favorite-news.com\\\/pl\\\/upfield-dolacza-do-grona-klientow-agencji-dentsu-x\\\/#primaryimage\",\"url\":\"https:\\\/\\\/favorite-news.com\\\/pl\\\/wp-content\\\/uploads\\\/sites\\\/6\\\/2019\\\/08\\\/Upfield-do\u0142\u0105cza-do-grona-klient\u00f3w-agencji-dentsu-X.png\",\"contentUrl\":\"https:\\\/\\\/favorite-news.com\\\/pl\\\/wp-content\\\/uploads\\\/sites\\\/6\\\/2019\\\/08\\\/Upfield-do\u0142\u0105cza-do-grona-klient\u00f3w-agencji-dentsu-X.png\",\"width\":655,\"height\":494,\"caption\":\"Article\"},{\"@type\":\"BreadcrumbList\",\"@id\":\"https:\\\/\\\/favorite-news.com\\\/pl\\\/upfield-dolacza-do-grona-klientow-agencji-dentsu-x\\\/#breadcrumb\",\"itemListElement\":[{\"@type\":\"ListItem\",\"position\":1,\"name\":\"Home\",\"item\":\"https:\\\/\\\/favorite-news.com\\\/pl\\\/\"},{\"@type\":\"ListItem\",\"position\":2,\"name\":\"Upfield do\u0142\u0105cza do grona klient\u00f3w agencji dentsu X\"}]},{\"@type\":\"WebSite\",\"@id\":\"https:\\\/\\\/favorite-news.com\\\/pl\\\/#website\",\"url\":\"https:\\\/\\\/favorite-news.com\\\/pl\\\/\",\"name\":\"Favorite News\",\"description\":\"Favorite News Polska\",\"potentialAction\":[{\"@type\":\"SearchAction\",\"target\":{\"@type\":\"EntryPoint\",\"urlTemplate\":\"https:\\\/\\\/favorite-news.com\\\/pl\\\/?s={search_term_string}\"},\"query-input\":{\"@type\":\"PropertyValueSpecification\",\"valueRequired\":true,\"valueName\":\"search_term_string\"}}],\"inLanguage\":\"pl-PL\"},{\"@type\":\"Person\",\"@id\":\"https:\\\/\\\/favorite-news.com\\\/pl\\\/#\\\/schema\\\/person\\\/b91573b717dcfa5e4696032a9d28d3e8\",\"name\":\"favorite-news\",\"image\":{\"@type\":\"ImageObject\",\"inLanguage\":\"pl-PL\",\"@id\":\"https:\\\/\\\/secure.gravatar.com\\\/avatar\\\/6c5a5cb12b74e9d517ee91cf570335b7d16177f1977cc91db161adfa435945a7?s=96&d=mm&r=g\",\"url\":\"https:\\\/\\\/secure.gravatar.com\\\/avatar\\\/6c5a5cb12b74e9d517ee91cf570335b7d16177f1977cc91db161adfa435945a7?s=96&d=mm&r=g\",\"contentUrl\":\"https:\\\/\\\/secure.gravatar.com\\\/avatar\\\/6c5a5cb12b74e9d517ee91cf570335b7d16177f1977cc91db161adfa435945a7?s=96&d=mm&r=g\",\"caption\":\"favorite-news\"},\"url\":\"https:\\\/\\\/favorite-news.com\\\/pl\\\/author\\\/pt\\\/\"}]}<\/script>\n<!-- \/ Yoast SEO plugin. -->","yoast_head_json":{"title":"Upfield do\u0142\u0105cza do grona klient\u00f3w agencji dentsu X - Favorite News","robots":{"index":"index","follow":"follow","max-snippet":"max-snippet:-1","max-image-preview":"max-image-preview:large","max-video-preview":"max-video-preview:-1"},"canonical":"https:\/\/favorite-news.com\/pl\/upfield-dolacza-do-grona-klientow-agencji-dentsu-x\/","og_locale":"pl_PL","og_type":"article","og_title":"Upfield do\u0142\u0105cza do grona klient\u00f3w agencji dentsu X - Favorite News","og_description":"[ad_1] Agencja dentsu X zajmie si\u0119 obs\u0142ug\u0105 Upfield na kilkudziesi\u0119ciu rynkach. Wsp\u00f3\u0142praca z klientem zawi\u0105zana zostanie w sierpniu, natomiast pierwsze kampanie planowane s\u0105 na wrzesie\u0144 br. W zakres \u015bwiadczonych us\u0142ug wchodzi pe\u0142na obs\u0142uga mediowa offline oraz online. &#13; &#13; Najbli\u017csze planowane dzia\u0142ania jesienne skupi\u0105 si\u0119 wok\u00f3\u0142 trzeciej edycji akcji \u201eEkstra Szkolna Sto\u0142\u00f3wka\u201d marki Delma, maj\u0105cej [&hellip;]","og_url":"https:\/\/favorite-news.com\/pl\/upfield-dolacza-do-grona-klientow-agencji-dentsu-x\/","og_site_name":"Favorite News","article_published_time":"2019-07-31T21:45:55+00:00","article_modified_time":"2019-07-31T21:45:56+00:00","og_image":[{"width":655,"height":494,"url":"https:\/\/favorite-news.com\/pl\/wp-content\/uploads\/sites\/6\/2019\/08\/Upfield-do\u0142\u0105cza-do-grona-klient\u00f3w-agencji-dentsu-X.png","type":"image\/png"}],"author":"favorite-news","twitter_card":"summary_large_image","twitter_misc":{"Napisane przez":"favorite-news","Szacowany czas czytania":"1 minuta"},"schema":{"@context":"https:\/\/schema.org","@graph":[{"@type":"Article","@id":"https:\/\/favorite-news.com\/pl\/upfield-dolacza-do-grona-klientow-agencji-dentsu-x\/#article","isPartOf":{"@id":"https:\/\/favorite-news.com\/pl\/upfield-dolacza-do-grona-klientow-agencji-dentsu-x\/"},"author":{"name":"favorite-news","@id":"https:\/\/favorite-news.com\/pl\/#\/schema\/person\/b91573b717dcfa5e4696032a9d28d3e8"},"headline":"Upfield do\u0142\u0105cza do grona klient\u00f3w agencji dentsu X","datePublished":"2019-07-31T21:45:55+00:00","dateModified":"2019-07-31T21:45:56+00:00","mainEntityOfPage":{"@id":"https:\/\/favorite-news.com\/pl\/upfield-dolacza-do-grona-klientow-agencji-dentsu-x\/"},"wordCount":159,"commentCount":0,"image":{"@id":"https:\/\/favorite-news.com\/pl\/upfield-dolacza-do-grona-klientow-agencji-dentsu-x\/#primaryimage"},"thumbnailUrl":"https:\/\/favorite-news.com\/pl\/wp-content\/uploads\/sites\/6\/2019\/08\/Upfield-do\u0142\u0105cza-do-grona-klient\u00f3w-agencji-dentsu-X.png","articleSection":["WIADOMO\u015aCI MARKETINGOWE INTERNETOWE"],"inLanguage":"pl-PL","potentialAction":[{"@type":"CommentAction","name":"Comment","target":["https:\/\/favorite-news.com\/pl\/upfield-dolacza-do-grona-klientow-agencji-dentsu-x\/#respond"]}]},{"@type":"WebPage","@id":"https:\/\/favorite-news.com\/pl\/upfield-dolacza-do-grona-klientow-agencji-dentsu-x\/","url":"https:\/\/favorite-news.com\/pl\/upfield-dolacza-do-grona-klientow-agencji-dentsu-x\/","name":"Upfield do\u0142\u0105cza do grona klient\u00f3w agencji dentsu X - Favorite News","isPartOf":{"@id":"https:\/\/favorite-news.com\/pl\/#website"},"primaryImageOfPage":{"@id":"https:\/\/favorite-news.com\/pl\/upfield-dolacza-do-grona-klientow-agencji-dentsu-x\/#primaryimage"},"image":{"@id":"https:\/\/favorite-news.com\/pl\/upfield-dolacza-do-grona-klientow-agencji-dentsu-x\/#primaryimage"},"thumbnailUrl":"https:\/\/favorite-news.com\/pl\/wp-content\/uploads\/sites\/6\/2019\/08\/Upfield-do\u0142\u0105cza-do-grona-klient\u00f3w-agencji-dentsu-X.png","datePublished":"2019-07-31T21:45:55+00:00","dateModified":"2019-07-31T21:45:56+00:00","author":{"@id":"https:\/\/favorite-news.com\/pl\/#\/schema\/person\/b91573b717dcfa5e4696032a9d28d3e8"},"breadcrumb":{"@id":"https:\/\/favorite-news.com\/pl\/upfield-dolacza-do-grona-klientow-agencji-dentsu-x\/#breadcrumb"},"inLanguage":"pl-PL","potentialAction":[{"@type":"ReadAction","target":["https:\/\/favorite-news.com\/pl\/upfield-dolacza-do-grona-klientow-agencji-dentsu-x\/"]}]},{"@type":"ImageObject","inLanguage":"pl-PL","@id":"https:\/\/favorite-news.com\/pl\/upfield-dolacza-do-grona-klientow-agencji-dentsu-x\/#primaryimage","url":"https:\/\/favorite-news.com\/pl\/wp-content\/uploads\/sites\/6\/2019\/08\/Upfield-do\u0142\u0105cza-do-grona-klient\u00f3w-agencji-dentsu-X.png","contentUrl":"https:\/\/favorite-news.com\/pl\/wp-content\/uploads\/sites\/6\/2019\/08\/Upfield-do\u0142\u0105cza-do-grona-klient\u00f3w-agencji-dentsu-X.png","width":655,"height":494,"caption":"Article"},{"@type":"BreadcrumbList","@id":"https:\/\/favorite-news.com\/pl\/upfield-dolacza-do-grona-klientow-agencji-dentsu-x\/#breadcrumb","itemListElement":[{"@type":"ListItem","position":1,"name":"Home","item":"https:\/\/favorite-news.com\/pl\/"},{"@type":"ListItem","position":2,"name":"Upfield do\u0142\u0105cza do grona klient\u00f3w agencji dentsu X"}]},{"@type":"WebSite","@id":"https:\/\/favorite-news.com\/pl\/#website","url":"https:\/\/favorite-news.com\/pl\/","name":"Favorite News","description":"Favorite News Polska","potentialAction":[{"@type":"SearchAction","target":{"@type":"EntryPoint","urlTemplate":"https:\/\/favorite-news.com\/pl\/?s={search_term_string}"},"query-input":{"@type":"PropertyValueSpecification","valueRequired":true,"valueName":"search_term_string"}}],"inLanguage":"pl-PL"},{"@type":"Person","@id":"https:\/\/favorite-news.com\/pl\/#\/schema\/person\/b91573b717dcfa5e4696032a9d28d3e8","name":"favorite-news","image":{"@type":"ImageObject","inLanguage":"pl-PL","@id":"https:\/\/secure.gravatar.com\/avatar\/6c5a5cb12b74e9d517ee91cf570335b7d16177f1977cc91db161adfa435945a7?s=96&d=mm&r=g","url":"https:\/\/secure.gravatar.com\/avatar\/6c5a5cb12b74e9d517ee91cf570335b7d16177f1977cc91db161adfa435945a7?s=96&d=mm&r=g","contentUrl":"https:\/\/secure.gravatar.com\/avatar\/6c5a5cb12b74e9d517ee91cf570335b7d16177f1977cc91db161adfa435945a7?s=96&d=mm&r=g","caption":"favorite-news"},"url":"https:\/\/favorite-news.com\/pl\/author\/pt\/"}]}},"_links":{"self":[{"href":"https:\/\/favorite-news.com\/pl\/wp-json\/wp\/v2\/posts\/3107","targetHints":{"allow":["GET"]}}],"collection":[{"href":"https:\/\/favorite-news.com\/pl\/wp-json\/wp\/v2\/posts"}],"about":[{"href":"https:\/\/favorite-news.com\/pl\/wp-json\/wp\/v2\/types\/post"}],"author":[{"embeddable":true,"href":"https:\/\/favorite-news.com\/pl\/wp-json\/wp\/v2\/users\/2"}],"replies":[{"embeddable":true,"href":"https:\/\/favorite-news.com\/pl\/wp-json\/wp\/v2\/comments?post=3107"}],"version-history":[{"count":1,"href":"https:\/\/favorite-news.com\/pl\/wp-json\/wp\/v2\/posts\/3107\/revisions"}],"predecessor-version":[{"id":3109,"href":"https:\/\/favorite-news.com\/pl\/wp-json\/wp\/v2\/posts\/3107\/revisions\/3109"}],"wp:featuredmedia":[{"embeddable":true,"href":"https:\/\/favorite-news.com\/pl\/wp-json\/wp\/v2\/media\/3108"}],"wp:attachment":[{"href":"https:\/\/favorite-news.com\/pl\/wp-json\/wp\/v2\/media?parent=3107"}],"wp:term":[{"taxonomy":"category","embeddable":true,"href":"https:\/\/favorite-news.com\/pl\/wp-json\/wp\/v2\/categories?post=3107"},{"taxonomy":"post_tag","embeddable":true,"href":"https:\/\/favorite-news.com\/pl\/wp-json\/wp\/v2\/tags?post=3107"}],"curies":[{"name":"wp","href":"https:\/\/api.w.org\/{rel}","templated":true}]}}