{"id":3098,"date":"2019-07-31T20:38:11","date_gmt":"2019-07-31T17:38:11","guid":{"rendered":"https:\/\/favorite-news.com\/pl\/malgorzata-olszewska-i-marcin-laskowski-wypromuja-nowy-produkt-elastic-cloud-solutions\/"},"modified":"2019-07-31T20:38:12","modified_gmt":"2019-07-31T17:38:12","slug":"malgorzata-olszewska-i-marcin-laskowski-wypromuja-nowy-produkt-elastic-cloud-solutions","status":"publish","type":"post","link":"https:\/\/favorite-news.com\/pl\/malgorzata-olszewska-i-marcin-laskowski-wypromuja-nowy-produkt-elastic-cloud-solutions\/","title":{"rendered":"Ma\u0142gorzata Olszewska i Marcin Laskowski wypromuj\u0105 nowy produkt Elastic Cloud Solutions"},"content":{"rendered":"<p> [ad_1]<br \/>\n<\/p>\n<div id=\"\">\n<p>Workai to platforma digital employee experience, bazuj\u0105ca na mobilnych technologiach i sztucznej inteligencji. Produkt zadebiutuje na rynku na pocz\u0105tku sierpnia tego roku. Ju\u017c wiosn\u0105 firma rozpocz\u0119\u0142a intensywn\u0105 promocj\u0119 produktu na nowych rynkach. Do ko\u0144ca roku b\u0119dzie obecna w Wielkiej Brytanii, Szwajcarii, a od 2020 roku rozpoczyna ekspansj\u0119 w Stanach Zjednoczonych i Kanadzie.<\/p>\n<p>&#13;<br \/>\n&#13;<\/p>\n<p><strong>Ma\u0142gorzata Olszewska<\/strong> w ci\u0105gu ostatnich 10 lat budowa\u0142a strategie rozwoju marek oraz kultury organizacyjnej, wsp\u00f3\u0142tworzy\u0142a raporty bran\u017cowe, organizowa\u0142a wydarzenia i szkolenia, aran\u017cowa\u0142a kampanie social media i media relations oraz koordynowa\u0142a prace mi\u0119dzynarodowych zespo\u0142\u00f3w marketingowych oraz procesy rozwoju biznesu.<\/p>\n<p>&#13;<br \/>\n&#13;<\/p>\n<p>W Elastic Cloud Solutions Olszewska jako marketing manager b\u0119dzie odpowiedzialna za marketing cyfrowych miejsc pracy (digital workplace), zarz\u0105dzanie wiedz\u0105 i zaanga\u017cowanie pracownik\u00f3w w firmach.<\/p>\n<p>&#13;<br \/>\n&#13;<\/p>\n<p><strong>Marcin Laskowski <\/strong>od 2015 roku opracowuje strategie i kampanie promocyjne produkt\u00f3w i us\u0142ug. Ma ponad 16 lat do\u015bwiadczenia w obszarze marketingu i wdra\u017caniu kana\u0142\u00f3w sprzeda\u017cy B2B i B2C. Obok komunikacji workai, b\u0119dzie wspiera\u0142 zesp\u00f3\u0142 firmy w zakresie analityki danych biznesowych i rozwoju modeli sprzeda\u017cy.<\/p>\n<p>&#13;<br \/>\n                            &#13;<br \/>\n&#13;<br \/>\n                            &#13;<br \/>\n&#13;<br \/>\n&#13;<br \/>\n&#13;<br \/>\n&#13;<br \/>\n&#13;<br \/>\n                            &#13;<br \/>\n                                                            &#13;<br \/>\n&#13;<br \/>\n                            &#13;\n                        <\/p><\/div>\n<p><script>(function (d, s, id) {\n        var js, fjs = d.getElementsByTagName(s)[0];\n        if (d.getElementById(id)) return;\n        js = d.createElement(s);\n        js.id = id;\n        js.src = \"http:\/\/connect.facebook.net\/pl_PL\/sdk.js#xfbml=1&version=v2.6&appId=297996717062470\";\n        fjs.parentNode.insertBefore(js, fjs);\n    }(document, 'script', 'facebook-jssdk'));<\/script><br \/>\n<br \/>[ad_2]<br \/>\n<br \/><a href=\"https:\/\/www.wirtualnemedia.pl\/artykul\/malgorzata-olszewska-i-marcin-laskowski-wypromuja-nowy-produkt-elastic-cloud-solutions\">Source link <\/a><\/p>\n","protected":false},"excerpt":{"rendered":"<p>[ad_1] Workai to platforma digital employee experience, bazuj\u0105ca na mobilnych technologiach i sztucznej inteligencji. Produkt zadebiutuje na rynku na pocz\u0105tku sierpnia tego roku. Ju\u017c wiosn\u0105 firma rozpocz\u0119\u0142a intensywn\u0105 promocj\u0119 produktu na nowych rynkach. Do ko\u0144ca roku b\u0119dzie obecna w Wielkiej Brytanii, Szwajcarii, a od 2020 roku rozpoczyna ekspansj\u0119 w Stanach Zjednoczonych i Kanadzie. &#13; &#13; [&hellip;]<\/p>\n","protected":false},"author":2,"featured_media":3099,"comment_status":"open","ping_status":"open","sticky":false,"template":"","format":"standard","meta":{"footnotes":""},"categories":[2],"tags":[],"class_list":["post-3098","post","type-post","status-publish","format-standard","has-post-thumbnail","hentry","category-wiadomosci-marketingowe-internetowe"],"yoast_head":"<!-- This site is optimized with the Yoast SEO plugin v27.4 - https:\/\/yoast.com\/product\/yoast-seo-wordpress\/ -->\n<title>Ma\u0142gorzata Olszewska i Marcin Laskowski wypromuj\u0105 nowy produkt Elastic Cloud Solutions - Favorite News<\/title>\n<meta name=\"robots\" content=\"index, follow, max-snippet:-1, max-image-preview:large, max-video-preview:-1\" \/>\n<link rel=\"canonical\" href=\"https:\/\/favorite-news.com\/pl\/malgorzata-olszewska-i-marcin-laskowski-wypromuja-nowy-produkt-elastic-cloud-solutions\/\" \/>\n<meta property=\"og:locale\" content=\"pl_PL\" \/>\n<meta property=\"og:type\" content=\"article\" \/>\n<meta property=\"og:title\" content=\"Ma\u0142gorzata Olszewska i Marcin Laskowski wypromuj\u0105 nowy produkt Elastic Cloud Solutions - Favorite News\" \/>\n<meta property=\"og:description\" content=\"[ad_1] Workai to platforma digital employee experience, bazuj\u0105ca na mobilnych technologiach i sztucznej inteligencji. Produkt zadebiutuje na rynku na pocz\u0105tku sierpnia tego roku. Ju\u017c wiosn\u0105 firma rozpocz\u0119\u0142a intensywn\u0105 promocj\u0119 produktu na nowych rynkach. Do ko\u0144ca roku b\u0119dzie obecna w Wielkiej Brytanii, Szwajcarii, a od 2020 roku rozpoczyna ekspansj\u0119 w Stanach Zjednoczonych i Kanadzie. &#013; &#013; [&hellip;]\" \/>\n<meta property=\"og:url\" content=\"https:\/\/favorite-news.com\/pl\/malgorzata-olszewska-i-marcin-laskowski-wypromuja-nowy-produkt-elastic-cloud-solutions\/\" \/>\n<meta property=\"og:site_name\" content=\"Favorite News\" \/>\n<meta property=\"article:published_time\" content=\"2019-07-31T17:38:11+00:00\" \/>\n<meta property=\"article:modified_time\" content=\"2019-07-31T17:38:12+00:00\" \/>\n<meta property=\"og:image\" content=\"https:\/\/favorite-news.com\/pl\/wp-content\/uploads\/sites\/6\/2019\/07\/Ma\u0142gorzata-Olszewska-i-Marcin-Laskowski-wypromuj\u0105-nowy-produkt-Elastic-Cloud.jpg\" \/>\n\t<meta property=\"og:image:width\" content=\"655\" \/>\n\t<meta property=\"og:image:height\" content=\"368\" \/>\n\t<meta property=\"og:image:type\" content=\"image\/jpeg\" \/>\n<meta name=\"author\" content=\"favorite-news\" \/>\n<meta name=\"twitter:card\" content=\"summary_large_image\" \/>\n<meta name=\"twitter:label1\" content=\"Napisane przez\" \/>\n\t<meta name=\"twitter:data1\" content=\"favorite-news\" \/>\n\t<meta name=\"twitter:label2\" content=\"Szacowany czas czytania\" \/>\n\t<meta name=\"twitter:data2\" content=\"1 minuta\" \/>\n<script type=\"application\/ld+json\" class=\"yoast-schema-graph\">{\"@context\":\"https:\\\/\\\/schema.org\",\"@graph\":[{\"@type\":\"Article\",\"@id\":\"https:\\\/\\\/favorite-news.com\\\/pl\\\/malgorzata-olszewska-i-marcin-laskowski-wypromuja-nowy-produkt-elastic-cloud-solutions\\\/#article\",\"isPartOf\":{\"@id\":\"https:\\\/\\\/favorite-news.com\\\/pl\\\/malgorzata-olszewska-i-marcin-laskowski-wypromuja-nowy-produkt-elastic-cloud-solutions\\\/\"},\"author\":{\"name\":\"favorite-news\",\"@id\":\"https:\\\/\\\/favorite-news.com\\\/pl\\\/#\\\/schema\\\/person\\\/b91573b717dcfa5e4696032a9d28d3e8\"},\"headline\":\"Ma\u0142gorzata Olszewska i Marcin Laskowski wypromuj\u0105 nowy produkt Elastic Cloud Solutions\",\"datePublished\":\"2019-07-31T17:38:11+00:00\",\"dateModified\":\"2019-07-31T17:38:12+00:00\",\"mainEntityOfPage\":{\"@id\":\"https:\\\/\\\/favorite-news.com\\\/pl\\\/malgorzata-olszewska-i-marcin-laskowski-wypromuja-nowy-produkt-elastic-cloud-solutions\\\/\"},\"wordCount\":201,\"commentCount\":0,\"image\":{\"@id\":\"https:\\\/\\\/favorite-news.com\\\/pl\\\/malgorzata-olszewska-i-marcin-laskowski-wypromuja-nowy-produkt-elastic-cloud-solutions\\\/#primaryimage\"},\"thumbnailUrl\":\"https:\\\/\\\/favorite-news.com\\\/pl\\\/wp-content\\\/uploads\\\/sites\\\/6\\\/2019\\\/07\\\/Ma\u0142gorzata-Olszewska-i-Marcin-Laskowski-wypromuj\u0105-nowy-produkt-Elastic-Cloud.jpg\",\"articleSection\":[\"WIADOMO\u015aCI MARKETINGOWE INTERNETOWE\"],\"inLanguage\":\"pl-PL\",\"potentialAction\":[{\"@type\":\"CommentAction\",\"name\":\"Comment\",\"target\":[\"https:\\\/\\\/favorite-news.com\\\/pl\\\/malgorzata-olszewska-i-marcin-laskowski-wypromuja-nowy-produkt-elastic-cloud-solutions\\\/#respond\"]}]},{\"@type\":\"WebPage\",\"@id\":\"https:\\\/\\\/favorite-news.com\\\/pl\\\/malgorzata-olszewska-i-marcin-laskowski-wypromuja-nowy-produkt-elastic-cloud-solutions\\\/\",\"url\":\"https:\\\/\\\/favorite-news.com\\\/pl\\\/malgorzata-olszewska-i-marcin-laskowski-wypromuja-nowy-produkt-elastic-cloud-solutions\\\/\",\"name\":\"Ma\u0142gorzata Olszewska i Marcin Laskowski wypromuj\u0105 nowy produkt Elastic Cloud Solutions - Favorite News\",\"isPartOf\":{\"@id\":\"https:\\\/\\\/favorite-news.com\\\/pl\\\/#website\"},\"primaryImageOfPage\":{\"@id\":\"https:\\\/\\\/favorite-news.com\\\/pl\\\/malgorzata-olszewska-i-marcin-laskowski-wypromuja-nowy-produkt-elastic-cloud-solutions\\\/#primaryimage\"},\"image\":{\"@id\":\"https:\\\/\\\/favorite-news.com\\\/pl\\\/malgorzata-olszewska-i-marcin-laskowski-wypromuja-nowy-produkt-elastic-cloud-solutions\\\/#primaryimage\"},\"thumbnailUrl\":\"https:\\\/\\\/favorite-news.com\\\/pl\\\/wp-content\\\/uploads\\\/sites\\\/6\\\/2019\\\/07\\\/Ma\u0142gorzata-Olszewska-i-Marcin-Laskowski-wypromuj\u0105-nowy-produkt-Elastic-Cloud.jpg\",\"datePublished\":\"2019-07-31T17:38:11+00:00\",\"dateModified\":\"2019-07-31T17:38:12+00:00\",\"author\":{\"@id\":\"https:\\\/\\\/favorite-news.com\\\/pl\\\/#\\\/schema\\\/person\\\/b91573b717dcfa5e4696032a9d28d3e8\"},\"breadcrumb\":{\"@id\":\"https:\\\/\\\/favorite-news.com\\\/pl\\\/malgorzata-olszewska-i-marcin-laskowski-wypromuja-nowy-produkt-elastic-cloud-solutions\\\/#breadcrumb\"},\"inLanguage\":\"pl-PL\",\"potentialAction\":[{\"@type\":\"ReadAction\",\"target\":[\"https:\\\/\\\/favorite-news.com\\\/pl\\\/malgorzata-olszewska-i-marcin-laskowski-wypromuja-nowy-produkt-elastic-cloud-solutions\\\/\"]}]},{\"@type\":\"ImageObject\",\"inLanguage\":\"pl-PL\",\"@id\":\"https:\\\/\\\/favorite-news.com\\\/pl\\\/malgorzata-olszewska-i-marcin-laskowski-wypromuja-nowy-produkt-elastic-cloud-solutions\\\/#primaryimage\",\"url\":\"https:\\\/\\\/favorite-news.com\\\/pl\\\/wp-content\\\/uploads\\\/sites\\\/6\\\/2019\\\/07\\\/Ma\u0142gorzata-Olszewska-i-Marcin-Laskowski-wypromuj\u0105-nowy-produkt-Elastic-Cloud.jpg\",\"contentUrl\":\"https:\\\/\\\/favorite-news.com\\\/pl\\\/wp-content\\\/uploads\\\/sites\\\/6\\\/2019\\\/07\\\/Ma\u0142gorzata-Olszewska-i-Marcin-Laskowski-wypromuj\u0105-nowy-produkt-Elastic-Cloud.jpg\",\"width\":655,\"height\":368,\"caption\":\"Article\"},{\"@type\":\"BreadcrumbList\",\"@id\":\"https:\\\/\\\/favorite-news.com\\\/pl\\\/malgorzata-olszewska-i-marcin-laskowski-wypromuja-nowy-produkt-elastic-cloud-solutions\\\/#breadcrumb\",\"itemListElement\":[{\"@type\":\"ListItem\",\"position\":1,\"name\":\"Home\",\"item\":\"https:\\\/\\\/favorite-news.com\\\/pl\\\/\"},{\"@type\":\"ListItem\",\"position\":2,\"name\":\"Ma\u0142gorzata Olszewska i Marcin Laskowski wypromuj\u0105 nowy produkt Elastic Cloud Solutions\"}]},{\"@type\":\"WebSite\",\"@id\":\"https:\\\/\\\/favorite-news.com\\\/pl\\\/#website\",\"url\":\"https:\\\/\\\/favorite-news.com\\\/pl\\\/\",\"name\":\"Favorite News\",\"description\":\"Favorite News Polska\",\"potentialAction\":[{\"@type\":\"SearchAction\",\"target\":{\"@type\":\"EntryPoint\",\"urlTemplate\":\"https:\\\/\\\/favorite-news.com\\\/pl\\\/?s={search_term_string}\"},\"query-input\":{\"@type\":\"PropertyValueSpecification\",\"valueRequired\":true,\"valueName\":\"search_term_string\"}}],\"inLanguage\":\"pl-PL\"},{\"@type\":\"Person\",\"@id\":\"https:\\\/\\\/favorite-news.com\\\/pl\\\/#\\\/schema\\\/person\\\/b91573b717dcfa5e4696032a9d28d3e8\",\"name\":\"favorite-news\",\"image\":{\"@type\":\"ImageObject\",\"inLanguage\":\"pl-PL\",\"@id\":\"https:\\\/\\\/secure.gravatar.com\\\/avatar\\\/6c5a5cb12b74e9d517ee91cf570335b7d16177f1977cc91db161adfa435945a7?s=96&d=mm&r=g\",\"url\":\"https:\\\/\\\/secure.gravatar.com\\\/avatar\\\/6c5a5cb12b74e9d517ee91cf570335b7d16177f1977cc91db161adfa435945a7?s=96&d=mm&r=g\",\"contentUrl\":\"https:\\\/\\\/secure.gravatar.com\\\/avatar\\\/6c5a5cb12b74e9d517ee91cf570335b7d16177f1977cc91db161adfa435945a7?s=96&d=mm&r=g\",\"caption\":\"favorite-news\"},\"url\":\"https:\\\/\\\/favorite-news.com\\\/pl\\\/author\\\/pt\\\/\"}]}<\/script>\n<!-- \/ Yoast SEO plugin. -->","yoast_head_json":{"title":"Ma\u0142gorzata Olszewska i Marcin Laskowski wypromuj\u0105 nowy produkt Elastic Cloud Solutions - Favorite News","robots":{"index":"index","follow":"follow","max-snippet":"max-snippet:-1","max-image-preview":"max-image-preview:large","max-video-preview":"max-video-preview:-1"},"canonical":"https:\/\/favorite-news.com\/pl\/malgorzata-olszewska-i-marcin-laskowski-wypromuja-nowy-produkt-elastic-cloud-solutions\/","og_locale":"pl_PL","og_type":"article","og_title":"Ma\u0142gorzata Olszewska i Marcin Laskowski wypromuj\u0105 nowy produkt Elastic Cloud Solutions - Favorite News","og_description":"[ad_1] Workai to platforma digital employee experience, bazuj\u0105ca na mobilnych technologiach i sztucznej inteligencji. Produkt zadebiutuje na rynku na pocz\u0105tku sierpnia tego roku. Ju\u017c wiosn\u0105 firma rozpocz\u0119\u0142a intensywn\u0105 promocj\u0119 produktu na nowych rynkach. Do ko\u0144ca roku b\u0119dzie obecna w Wielkiej Brytanii, Szwajcarii, a od 2020 roku rozpoczyna ekspansj\u0119 w Stanach Zjednoczonych i Kanadzie. &#13; &#13; [&hellip;]","og_url":"https:\/\/favorite-news.com\/pl\/malgorzata-olszewska-i-marcin-laskowski-wypromuja-nowy-produkt-elastic-cloud-solutions\/","og_site_name":"Favorite News","article_published_time":"2019-07-31T17:38:11+00:00","article_modified_time":"2019-07-31T17:38:12+00:00","og_image":[{"width":655,"height":368,"url":"https:\/\/favorite-news.com\/pl\/wp-content\/uploads\/sites\/6\/2019\/07\/Ma\u0142gorzata-Olszewska-i-Marcin-Laskowski-wypromuj\u0105-nowy-produkt-Elastic-Cloud.jpg","type":"image\/jpeg"}],"author":"favorite-news","twitter_card":"summary_large_image","twitter_misc":{"Napisane przez":"favorite-news","Szacowany czas czytania":"1 minuta"},"schema":{"@context":"https:\/\/schema.org","@graph":[{"@type":"Article","@id":"https:\/\/favorite-news.com\/pl\/malgorzata-olszewska-i-marcin-laskowski-wypromuja-nowy-produkt-elastic-cloud-solutions\/#article","isPartOf":{"@id":"https:\/\/favorite-news.com\/pl\/malgorzata-olszewska-i-marcin-laskowski-wypromuja-nowy-produkt-elastic-cloud-solutions\/"},"author":{"name":"favorite-news","@id":"https:\/\/favorite-news.com\/pl\/#\/schema\/person\/b91573b717dcfa5e4696032a9d28d3e8"},"headline":"Ma\u0142gorzata Olszewska i Marcin Laskowski wypromuj\u0105 nowy produkt Elastic Cloud Solutions","datePublished":"2019-07-31T17:38:11+00:00","dateModified":"2019-07-31T17:38:12+00:00","mainEntityOfPage":{"@id":"https:\/\/favorite-news.com\/pl\/malgorzata-olszewska-i-marcin-laskowski-wypromuja-nowy-produkt-elastic-cloud-solutions\/"},"wordCount":201,"commentCount":0,"image":{"@id":"https:\/\/favorite-news.com\/pl\/malgorzata-olszewska-i-marcin-laskowski-wypromuja-nowy-produkt-elastic-cloud-solutions\/#primaryimage"},"thumbnailUrl":"https:\/\/favorite-news.com\/pl\/wp-content\/uploads\/sites\/6\/2019\/07\/Ma\u0142gorzata-Olszewska-i-Marcin-Laskowski-wypromuj\u0105-nowy-produkt-Elastic-Cloud.jpg","articleSection":["WIADOMO\u015aCI MARKETINGOWE INTERNETOWE"],"inLanguage":"pl-PL","potentialAction":[{"@type":"CommentAction","name":"Comment","target":["https:\/\/favorite-news.com\/pl\/malgorzata-olszewska-i-marcin-laskowski-wypromuja-nowy-produkt-elastic-cloud-solutions\/#respond"]}]},{"@type":"WebPage","@id":"https:\/\/favorite-news.com\/pl\/malgorzata-olszewska-i-marcin-laskowski-wypromuja-nowy-produkt-elastic-cloud-solutions\/","url":"https:\/\/favorite-news.com\/pl\/malgorzata-olszewska-i-marcin-laskowski-wypromuja-nowy-produkt-elastic-cloud-solutions\/","name":"Ma\u0142gorzata Olszewska i Marcin Laskowski wypromuj\u0105 nowy produkt Elastic Cloud Solutions - Favorite News","isPartOf":{"@id":"https:\/\/favorite-news.com\/pl\/#website"},"primaryImageOfPage":{"@id":"https:\/\/favorite-news.com\/pl\/malgorzata-olszewska-i-marcin-laskowski-wypromuja-nowy-produkt-elastic-cloud-solutions\/#primaryimage"},"image":{"@id":"https:\/\/favorite-news.com\/pl\/malgorzata-olszewska-i-marcin-laskowski-wypromuja-nowy-produkt-elastic-cloud-solutions\/#primaryimage"},"thumbnailUrl":"https:\/\/favorite-news.com\/pl\/wp-content\/uploads\/sites\/6\/2019\/07\/Ma\u0142gorzata-Olszewska-i-Marcin-Laskowski-wypromuj\u0105-nowy-produkt-Elastic-Cloud.jpg","datePublished":"2019-07-31T17:38:11+00:00","dateModified":"2019-07-31T17:38:12+00:00","author":{"@id":"https:\/\/favorite-news.com\/pl\/#\/schema\/person\/b91573b717dcfa5e4696032a9d28d3e8"},"breadcrumb":{"@id":"https:\/\/favorite-news.com\/pl\/malgorzata-olszewska-i-marcin-laskowski-wypromuja-nowy-produkt-elastic-cloud-solutions\/#breadcrumb"},"inLanguage":"pl-PL","potentialAction":[{"@type":"ReadAction","target":["https:\/\/favorite-news.com\/pl\/malgorzata-olszewska-i-marcin-laskowski-wypromuja-nowy-produkt-elastic-cloud-solutions\/"]}]},{"@type":"ImageObject","inLanguage":"pl-PL","@id":"https:\/\/favorite-news.com\/pl\/malgorzata-olszewska-i-marcin-laskowski-wypromuja-nowy-produkt-elastic-cloud-solutions\/#primaryimage","url":"https:\/\/favorite-news.com\/pl\/wp-content\/uploads\/sites\/6\/2019\/07\/Ma\u0142gorzata-Olszewska-i-Marcin-Laskowski-wypromuj\u0105-nowy-produkt-Elastic-Cloud.jpg","contentUrl":"https:\/\/favorite-news.com\/pl\/wp-content\/uploads\/sites\/6\/2019\/07\/Ma\u0142gorzata-Olszewska-i-Marcin-Laskowski-wypromuj\u0105-nowy-produkt-Elastic-Cloud.jpg","width":655,"height":368,"caption":"Article"},{"@type":"BreadcrumbList","@id":"https:\/\/favorite-news.com\/pl\/malgorzata-olszewska-i-marcin-laskowski-wypromuja-nowy-produkt-elastic-cloud-solutions\/#breadcrumb","itemListElement":[{"@type":"ListItem","position":1,"name":"Home","item":"https:\/\/favorite-news.com\/pl\/"},{"@type":"ListItem","position":2,"name":"Ma\u0142gorzata Olszewska i Marcin Laskowski wypromuj\u0105 nowy produkt Elastic Cloud Solutions"}]},{"@type":"WebSite","@id":"https:\/\/favorite-news.com\/pl\/#website","url":"https:\/\/favorite-news.com\/pl\/","name":"Favorite News","description":"Favorite News Polska","potentialAction":[{"@type":"SearchAction","target":{"@type":"EntryPoint","urlTemplate":"https:\/\/favorite-news.com\/pl\/?s={search_term_string}"},"query-input":{"@type":"PropertyValueSpecification","valueRequired":true,"valueName":"search_term_string"}}],"inLanguage":"pl-PL"},{"@type":"Person","@id":"https:\/\/favorite-news.com\/pl\/#\/schema\/person\/b91573b717dcfa5e4696032a9d28d3e8","name":"favorite-news","image":{"@type":"ImageObject","inLanguage":"pl-PL","@id":"https:\/\/secure.gravatar.com\/avatar\/6c5a5cb12b74e9d517ee91cf570335b7d16177f1977cc91db161adfa435945a7?s=96&d=mm&r=g","url":"https:\/\/secure.gravatar.com\/avatar\/6c5a5cb12b74e9d517ee91cf570335b7d16177f1977cc91db161adfa435945a7?s=96&d=mm&r=g","contentUrl":"https:\/\/secure.gravatar.com\/avatar\/6c5a5cb12b74e9d517ee91cf570335b7d16177f1977cc91db161adfa435945a7?s=96&d=mm&r=g","caption":"favorite-news"},"url":"https:\/\/favorite-news.com\/pl\/author\/pt\/"}]}},"_links":{"self":[{"href":"https:\/\/favorite-news.com\/pl\/wp-json\/wp\/v2\/posts\/3098","targetHints":{"allow":["GET"]}}],"collection":[{"href":"https:\/\/favorite-news.com\/pl\/wp-json\/wp\/v2\/posts"}],"about":[{"href":"https:\/\/favorite-news.com\/pl\/wp-json\/wp\/v2\/types\/post"}],"author":[{"embeddable":true,"href":"https:\/\/favorite-news.com\/pl\/wp-json\/wp\/v2\/users\/2"}],"replies":[{"embeddable":true,"href":"https:\/\/favorite-news.com\/pl\/wp-json\/wp\/v2\/comments?post=3098"}],"version-history":[{"count":1,"href":"https:\/\/favorite-news.com\/pl\/wp-json\/wp\/v2\/posts\/3098\/revisions"}],"predecessor-version":[{"id":3100,"href":"https:\/\/favorite-news.com\/pl\/wp-json\/wp\/v2\/posts\/3098\/revisions\/3100"}],"wp:featuredmedia":[{"embeddable":true,"href":"https:\/\/favorite-news.com\/pl\/wp-json\/wp\/v2\/media\/3099"}],"wp:attachment":[{"href":"https:\/\/favorite-news.com\/pl\/wp-json\/wp\/v2\/media?parent=3098"}],"wp:term":[{"taxonomy":"category","embeddable":true,"href":"https:\/\/favorite-news.com\/pl\/wp-json\/wp\/v2\/categories?post=3098"},{"taxonomy":"post_tag","embeddable":true,"href":"https:\/\/favorite-news.com\/pl\/wp-json\/wp\/v2\/tags?post=3098"}],"curies":[{"name":"wp","href":"https:\/\/api.w.org\/{rel}","templated":true}]}}