{"id":3039,"date":"2019-07-30T12:31:53","date_gmt":"2019-07-30T09:31:53","guid":{"rendered":"https:\/\/favorite-news.com\/pl\/nest-warsaw-koniec-dzialalnosci\/"},"modified":"2019-07-30T12:31:55","modified_gmt":"2019-07-30T09:31:55","slug":"nest-warsaw-koniec-dzialalnosci","status":"publish","type":"post","link":"https:\/\/favorite-news.com\/pl\/nest-warsaw-koniec-dzialalnosci\/","title":{"rendered":"Nest Warsaw koniec dzia\u0142alno\u015bci"},"content":{"rendered":"<p> [ad_1]<br \/>\n<\/p>\n<div id=\"\">\n<p>Do Sebastiana Pa\u0144czyka, Tomasza Bagi\u0144skiego i Damiana Nenowa do\u0142\u0105czaj\u0105 trzej kolejni tw\u00f3rcy &#8211; Kordian K\u0105dziela, Roman Przylipiak i Tomasz Karelus (wszyscy byli zwi\u0105zani z Nest Warsaw).<\/p>\n<p>&#13;<br \/>\n&#13;<\/p>\n<p>W strukturach Dobro pozostaje tak\u017ce Joanna Wo\u017aniak, kt\u00f3ra prowadzi\u0142a impresariat Nest Warsaw.<\/p>\n<p>&#13;<br \/>\n&#13;<\/p>\n<p>&#8211; Zdecydowali\u015bmy si\u0119 rozwija\u0107 model wy\u0142\u0105cznej wsp\u00f3\u0142pracy z re\u017cyserami &#8211; uwa\u017camy, \u017ce marka Dobro jest ju\u017c na to w pe\u0142ni gotowa i chcemy wszystkie dzia\u0142ania skoncentrowa\u0107 wok\u00f3\u0142 naszego wiod\u0105cego brandu &#8211; komentuje Ewa Brz\u00f3zka, prezes Dobro.<\/p>\n<p>&#13;<br \/>\n&#13;<\/p>\n<p>Nest Warsaw by\u0142 impresariatem zajmuj\u0105cym si\u0119 wsp\u00f3\u0142prac\u0105 z tw\u00f3rcami reklam, teledysk\u00f3w oraz innych kr\u00f3tkich form filmowych. Reprezentowa\u0142 Szymona Pawlika, Karola Ko\u0142odzi\u0144skiego, Marcina W\u0142adyniaka, Marka Marlikowskiego, Paw\u0142a Borowskiego, Ma\u0107ka Zdrojewskiego oraz Armina Kurasza.\u00a0<\/p>\n<p>&#13;<br \/>\n                            &#13;<br \/>\n&#13;<br \/>\n                            &#13;<br \/>\n&#13;<br \/>\n&#13;<br \/>\n&#13;<br \/>\n&#13;<br \/>\n&#13;<br \/>\n                            &#13;<br \/>\n                                                            &#13;<br \/>\n&#13;<br \/>\n                            &#13;\n                        <\/p><\/div>\n<p><script>(function (d, s, id) {\n        var js, fjs = d.getElementsByTagName(s)[0];\n        if (d.getElementById(id)) return;\n        js = d.createElement(s);\n        js.id = id;\n        js.src = \"http:\/\/connect.facebook.net\/pl_PL\/sdk.js#xfbml=1&version=v2.6&appId=297996717062470\";\n        fjs.parentNode.insertBefore(js, fjs);\n    }(document, 'script', 'facebook-jssdk'));<\/script><br \/>\n<br \/>[ad_2]<br \/>\n<br \/><a href=\"https:\/\/www.wirtualnemedia.pl\/artykul\/nest-warsaw-koniec-dzialalnosci\">Source link <\/a><\/p>\n","protected":false},"excerpt":{"rendered":"<p>[ad_1] Do Sebastiana Pa\u0144czyka, Tomasza Bagi\u0144skiego i Damiana Nenowa do\u0142\u0105czaj\u0105 trzej kolejni tw\u00f3rcy &#8211; Kordian K\u0105dziela, Roman Przylipiak i Tomasz Karelus (wszyscy byli zwi\u0105zani z Nest Warsaw). &#13; &#13; W strukturach Dobro pozostaje tak\u017ce Joanna Wo\u017aniak, kt\u00f3ra prowadzi\u0142a impresariat Nest Warsaw. &#13; &#13; &#8211; Zdecydowali\u015bmy si\u0119 rozwija\u0107 model wy\u0142\u0105cznej wsp\u00f3\u0142pracy z re\u017cyserami &#8211; uwa\u017camy, \u017ce [&hellip;]<\/p>\n","protected":false},"author":2,"featured_media":3040,"comment_status":"open","ping_status":"open","sticky":false,"template":"","format":"standard","meta":{"footnotes":""},"categories":[2],"tags":[],"class_list":["post-3039","post","type-post","status-publish","format-standard","has-post-thumbnail","hentry","category-wiadomosci-marketingowe-internetowe"],"yoast_head":"<!-- This site is optimized with the Yoast SEO plugin v27.4 - https:\/\/yoast.com\/product\/yoast-seo-wordpress\/ -->\n<title>Nest Warsaw koniec dzia\u0142alno\u015bci - Favorite News<\/title>\n<meta name=\"robots\" content=\"index, follow, max-snippet:-1, max-image-preview:large, max-video-preview:-1\" \/>\n<link rel=\"canonical\" href=\"https:\/\/favorite-news.com\/pl\/nest-warsaw-koniec-dzialalnosci\/\" \/>\n<meta property=\"og:locale\" content=\"pl_PL\" \/>\n<meta property=\"og:type\" content=\"article\" \/>\n<meta property=\"og:title\" content=\"Nest Warsaw koniec dzia\u0142alno\u015bci - Favorite News\" \/>\n<meta property=\"og:description\" content=\"[ad_1] Do Sebastiana Pa\u0144czyka, Tomasza Bagi\u0144skiego i Damiana Nenowa do\u0142\u0105czaj\u0105 trzej kolejni tw\u00f3rcy &#8211; Kordian K\u0105dziela, Roman Przylipiak i Tomasz Karelus (wszyscy byli zwi\u0105zani z Nest Warsaw). &#013; &#013; W strukturach Dobro pozostaje tak\u017ce Joanna Wo\u017aniak, kt\u00f3ra prowadzi\u0142a impresariat Nest Warsaw. &#013; &#013; &#8211; Zdecydowali\u015bmy si\u0119 rozwija\u0107 model wy\u0142\u0105cznej wsp\u00f3\u0142pracy z re\u017cyserami &#8211; uwa\u017camy, \u017ce [&hellip;]\" \/>\n<meta property=\"og:url\" content=\"https:\/\/favorite-news.com\/pl\/nest-warsaw-koniec-dzialalnosci\/\" \/>\n<meta property=\"og:site_name\" content=\"Favorite News\" \/>\n<meta property=\"article:published_time\" content=\"2019-07-30T09:31:53+00:00\" \/>\n<meta property=\"article:modified_time\" content=\"2019-07-30T09:31:55+00:00\" \/>\n<meta property=\"og:image\" content=\"https:\/\/favorite-news.com\/pl\/wp-content\/uploads\/sites\/6\/2019\/07\/Nest-Warsaw-koniec-dzia\u0142alno\u015bci.jpg\" \/>\n\t<meta property=\"og:image:width\" content=\"655\" \/>\n\t<meta property=\"og:image:height\" content=\"455\" \/>\n\t<meta property=\"og:image:type\" content=\"image\/jpeg\" \/>\n<meta name=\"author\" content=\"favorite-news\" \/>\n<meta name=\"twitter:card\" content=\"summary_large_image\" \/>\n<meta name=\"twitter:label1\" content=\"Napisane przez\" \/>\n\t<meta name=\"twitter:data1\" content=\"favorite-news\" \/>\n\t<meta name=\"twitter:label2\" content=\"Szacowany czas czytania\" \/>\n\t<meta name=\"twitter:data2\" content=\"1 minuta\" \/>\n<script type=\"application\/ld+json\" class=\"yoast-schema-graph\">{\"@context\":\"https:\\\/\\\/schema.org\",\"@graph\":[{\"@type\":\"Article\",\"@id\":\"https:\\\/\\\/favorite-news.com\\\/pl\\\/nest-warsaw-koniec-dzialalnosci\\\/#article\",\"isPartOf\":{\"@id\":\"https:\\\/\\\/favorite-news.com\\\/pl\\\/nest-warsaw-koniec-dzialalnosci\\\/\"},\"author\":{\"name\":\"favorite-news\",\"@id\":\"https:\\\/\\\/favorite-news.com\\\/pl\\\/#\\\/schema\\\/person\\\/b91573b717dcfa5e4696032a9d28d3e8\"},\"headline\":\"Nest Warsaw koniec dzia\u0142alno\u015bci\",\"datePublished\":\"2019-07-30T09:31:53+00:00\",\"dateModified\":\"2019-07-30T09:31:55+00:00\",\"mainEntityOfPage\":{\"@id\":\"https:\\\/\\\/favorite-news.com\\\/pl\\\/nest-warsaw-koniec-dzialalnosci\\\/\"},\"wordCount\":145,\"commentCount\":0,\"image\":{\"@id\":\"https:\\\/\\\/favorite-news.com\\\/pl\\\/nest-warsaw-koniec-dzialalnosci\\\/#primaryimage\"},\"thumbnailUrl\":\"https:\\\/\\\/favorite-news.com\\\/pl\\\/wp-content\\\/uploads\\\/sites\\\/6\\\/2019\\\/07\\\/Nest-Warsaw-koniec-dzia\u0142alno\u015bci.jpg\",\"articleSection\":[\"WIADOMO\u015aCI MARKETINGOWE INTERNETOWE\"],\"inLanguage\":\"pl-PL\",\"potentialAction\":[{\"@type\":\"CommentAction\",\"name\":\"Comment\",\"target\":[\"https:\\\/\\\/favorite-news.com\\\/pl\\\/nest-warsaw-koniec-dzialalnosci\\\/#respond\"]}]},{\"@type\":\"WebPage\",\"@id\":\"https:\\\/\\\/favorite-news.com\\\/pl\\\/nest-warsaw-koniec-dzialalnosci\\\/\",\"url\":\"https:\\\/\\\/favorite-news.com\\\/pl\\\/nest-warsaw-koniec-dzialalnosci\\\/\",\"name\":\"Nest Warsaw koniec dzia\u0142alno\u015bci - Favorite News\",\"isPartOf\":{\"@id\":\"https:\\\/\\\/favorite-news.com\\\/pl\\\/#website\"},\"primaryImageOfPage\":{\"@id\":\"https:\\\/\\\/favorite-news.com\\\/pl\\\/nest-warsaw-koniec-dzialalnosci\\\/#primaryimage\"},\"image\":{\"@id\":\"https:\\\/\\\/favorite-news.com\\\/pl\\\/nest-warsaw-koniec-dzialalnosci\\\/#primaryimage\"},\"thumbnailUrl\":\"https:\\\/\\\/favorite-news.com\\\/pl\\\/wp-content\\\/uploads\\\/sites\\\/6\\\/2019\\\/07\\\/Nest-Warsaw-koniec-dzia\u0142alno\u015bci.jpg\",\"datePublished\":\"2019-07-30T09:31:53+00:00\",\"dateModified\":\"2019-07-30T09:31:55+00:00\",\"author\":{\"@id\":\"https:\\\/\\\/favorite-news.com\\\/pl\\\/#\\\/schema\\\/person\\\/b91573b717dcfa5e4696032a9d28d3e8\"},\"breadcrumb\":{\"@id\":\"https:\\\/\\\/favorite-news.com\\\/pl\\\/nest-warsaw-koniec-dzialalnosci\\\/#breadcrumb\"},\"inLanguage\":\"pl-PL\",\"potentialAction\":[{\"@type\":\"ReadAction\",\"target\":[\"https:\\\/\\\/favorite-news.com\\\/pl\\\/nest-warsaw-koniec-dzialalnosci\\\/\"]}]},{\"@type\":\"ImageObject\",\"inLanguage\":\"pl-PL\",\"@id\":\"https:\\\/\\\/favorite-news.com\\\/pl\\\/nest-warsaw-koniec-dzialalnosci\\\/#primaryimage\",\"url\":\"https:\\\/\\\/favorite-news.com\\\/pl\\\/wp-content\\\/uploads\\\/sites\\\/6\\\/2019\\\/07\\\/Nest-Warsaw-koniec-dzia\u0142alno\u015bci.jpg\",\"contentUrl\":\"https:\\\/\\\/favorite-news.com\\\/pl\\\/wp-content\\\/uploads\\\/sites\\\/6\\\/2019\\\/07\\\/Nest-Warsaw-koniec-dzia\u0142alno\u015bci.jpg\",\"width\":655,\"height\":455,\"caption\":\"Article\"},{\"@type\":\"BreadcrumbList\",\"@id\":\"https:\\\/\\\/favorite-news.com\\\/pl\\\/nest-warsaw-koniec-dzialalnosci\\\/#breadcrumb\",\"itemListElement\":[{\"@type\":\"ListItem\",\"position\":1,\"name\":\"Home\",\"item\":\"https:\\\/\\\/favorite-news.com\\\/pl\\\/\"},{\"@type\":\"ListItem\",\"position\":2,\"name\":\"Nest Warsaw koniec dzia\u0142alno\u015bci\"}]},{\"@type\":\"WebSite\",\"@id\":\"https:\\\/\\\/favorite-news.com\\\/pl\\\/#website\",\"url\":\"https:\\\/\\\/favorite-news.com\\\/pl\\\/\",\"name\":\"Favorite News\",\"description\":\"Favorite News Polska\",\"potentialAction\":[{\"@type\":\"SearchAction\",\"target\":{\"@type\":\"EntryPoint\",\"urlTemplate\":\"https:\\\/\\\/favorite-news.com\\\/pl\\\/?s={search_term_string}\"},\"query-input\":{\"@type\":\"PropertyValueSpecification\",\"valueRequired\":true,\"valueName\":\"search_term_string\"}}],\"inLanguage\":\"pl-PL\"},{\"@type\":\"Person\",\"@id\":\"https:\\\/\\\/favorite-news.com\\\/pl\\\/#\\\/schema\\\/person\\\/b91573b717dcfa5e4696032a9d28d3e8\",\"name\":\"favorite-news\",\"image\":{\"@type\":\"ImageObject\",\"inLanguage\":\"pl-PL\",\"@id\":\"https:\\\/\\\/secure.gravatar.com\\\/avatar\\\/6c5a5cb12b74e9d517ee91cf570335b7d16177f1977cc91db161adfa435945a7?s=96&d=mm&r=g\",\"url\":\"https:\\\/\\\/secure.gravatar.com\\\/avatar\\\/6c5a5cb12b74e9d517ee91cf570335b7d16177f1977cc91db161adfa435945a7?s=96&d=mm&r=g\",\"contentUrl\":\"https:\\\/\\\/secure.gravatar.com\\\/avatar\\\/6c5a5cb12b74e9d517ee91cf570335b7d16177f1977cc91db161adfa435945a7?s=96&d=mm&r=g\",\"caption\":\"favorite-news\"},\"url\":\"https:\\\/\\\/favorite-news.com\\\/pl\\\/author\\\/pt\\\/\"}]}<\/script>\n<!-- \/ Yoast SEO plugin. -->","yoast_head_json":{"title":"Nest Warsaw koniec dzia\u0142alno\u015bci - Favorite News","robots":{"index":"index","follow":"follow","max-snippet":"max-snippet:-1","max-image-preview":"max-image-preview:large","max-video-preview":"max-video-preview:-1"},"canonical":"https:\/\/favorite-news.com\/pl\/nest-warsaw-koniec-dzialalnosci\/","og_locale":"pl_PL","og_type":"article","og_title":"Nest Warsaw koniec dzia\u0142alno\u015bci - Favorite News","og_description":"[ad_1] Do Sebastiana Pa\u0144czyka, Tomasza Bagi\u0144skiego i Damiana Nenowa do\u0142\u0105czaj\u0105 trzej kolejni tw\u00f3rcy &#8211; Kordian K\u0105dziela, Roman Przylipiak i Tomasz Karelus (wszyscy byli zwi\u0105zani z Nest Warsaw). &#13; &#13; W strukturach Dobro pozostaje tak\u017ce Joanna Wo\u017aniak, kt\u00f3ra prowadzi\u0142a impresariat Nest Warsaw. &#13; &#13; &#8211; Zdecydowali\u015bmy si\u0119 rozwija\u0107 model wy\u0142\u0105cznej wsp\u00f3\u0142pracy z re\u017cyserami &#8211; uwa\u017camy, \u017ce [&hellip;]","og_url":"https:\/\/favorite-news.com\/pl\/nest-warsaw-koniec-dzialalnosci\/","og_site_name":"Favorite News","article_published_time":"2019-07-30T09:31:53+00:00","article_modified_time":"2019-07-30T09:31:55+00:00","og_image":[{"width":655,"height":455,"url":"https:\/\/favorite-news.com\/pl\/wp-content\/uploads\/sites\/6\/2019\/07\/Nest-Warsaw-koniec-dzia\u0142alno\u015bci.jpg","type":"image\/jpeg"}],"author":"favorite-news","twitter_card":"summary_large_image","twitter_misc":{"Napisane przez":"favorite-news","Szacowany czas czytania":"1 minuta"},"schema":{"@context":"https:\/\/schema.org","@graph":[{"@type":"Article","@id":"https:\/\/favorite-news.com\/pl\/nest-warsaw-koniec-dzialalnosci\/#article","isPartOf":{"@id":"https:\/\/favorite-news.com\/pl\/nest-warsaw-koniec-dzialalnosci\/"},"author":{"name":"favorite-news","@id":"https:\/\/favorite-news.com\/pl\/#\/schema\/person\/b91573b717dcfa5e4696032a9d28d3e8"},"headline":"Nest Warsaw koniec dzia\u0142alno\u015bci","datePublished":"2019-07-30T09:31:53+00:00","dateModified":"2019-07-30T09:31:55+00:00","mainEntityOfPage":{"@id":"https:\/\/favorite-news.com\/pl\/nest-warsaw-koniec-dzialalnosci\/"},"wordCount":145,"commentCount":0,"image":{"@id":"https:\/\/favorite-news.com\/pl\/nest-warsaw-koniec-dzialalnosci\/#primaryimage"},"thumbnailUrl":"https:\/\/favorite-news.com\/pl\/wp-content\/uploads\/sites\/6\/2019\/07\/Nest-Warsaw-koniec-dzia\u0142alno\u015bci.jpg","articleSection":["WIADOMO\u015aCI MARKETINGOWE INTERNETOWE"],"inLanguage":"pl-PL","potentialAction":[{"@type":"CommentAction","name":"Comment","target":["https:\/\/favorite-news.com\/pl\/nest-warsaw-koniec-dzialalnosci\/#respond"]}]},{"@type":"WebPage","@id":"https:\/\/favorite-news.com\/pl\/nest-warsaw-koniec-dzialalnosci\/","url":"https:\/\/favorite-news.com\/pl\/nest-warsaw-koniec-dzialalnosci\/","name":"Nest Warsaw koniec dzia\u0142alno\u015bci - Favorite News","isPartOf":{"@id":"https:\/\/favorite-news.com\/pl\/#website"},"primaryImageOfPage":{"@id":"https:\/\/favorite-news.com\/pl\/nest-warsaw-koniec-dzialalnosci\/#primaryimage"},"image":{"@id":"https:\/\/favorite-news.com\/pl\/nest-warsaw-koniec-dzialalnosci\/#primaryimage"},"thumbnailUrl":"https:\/\/favorite-news.com\/pl\/wp-content\/uploads\/sites\/6\/2019\/07\/Nest-Warsaw-koniec-dzia\u0142alno\u015bci.jpg","datePublished":"2019-07-30T09:31:53+00:00","dateModified":"2019-07-30T09:31:55+00:00","author":{"@id":"https:\/\/favorite-news.com\/pl\/#\/schema\/person\/b91573b717dcfa5e4696032a9d28d3e8"},"breadcrumb":{"@id":"https:\/\/favorite-news.com\/pl\/nest-warsaw-koniec-dzialalnosci\/#breadcrumb"},"inLanguage":"pl-PL","potentialAction":[{"@type":"ReadAction","target":["https:\/\/favorite-news.com\/pl\/nest-warsaw-koniec-dzialalnosci\/"]}]},{"@type":"ImageObject","inLanguage":"pl-PL","@id":"https:\/\/favorite-news.com\/pl\/nest-warsaw-koniec-dzialalnosci\/#primaryimage","url":"https:\/\/favorite-news.com\/pl\/wp-content\/uploads\/sites\/6\/2019\/07\/Nest-Warsaw-koniec-dzia\u0142alno\u015bci.jpg","contentUrl":"https:\/\/favorite-news.com\/pl\/wp-content\/uploads\/sites\/6\/2019\/07\/Nest-Warsaw-koniec-dzia\u0142alno\u015bci.jpg","width":655,"height":455,"caption":"Article"},{"@type":"BreadcrumbList","@id":"https:\/\/favorite-news.com\/pl\/nest-warsaw-koniec-dzialalnosci\/#breadcrumb","itemListElement":[{"@type":"ListItem","position":1,"name":"Home","item":"https:\/\/favorite-news.com\/pl\/"},{"@type":"ListItem","position":2,"name":"Nest Warsaw koniec dzia\u0142alno\u015bci"}]},{"@type":"WebSite","@id":"https:\/\/favorite-news.com\/pl\/#website","url":"https:\/\/favorite-news.com\/pl\/","name":"Favorite News","description":"Favorite News Polska","potentialAction":[{"@type":"SearchAction","target":{"@type":"EntryPoint","urlTemplate":"https:\/\/favorite-news.com\/pl\/?s={search_term_string}"},"query-input":{"@type":"PropertyValueSpecification","valueRequired":true,"valueName":"search_term_string"}}],"inLanguage":"pl-PL"},{"@type":"Person","@id":"https:\/\/favorite-news.com\/pl\/#\/schema\/person\/b91573b717dcfa5e4696032a9d28d3e8","name":"favorite-news","image":{"@type":"ImageObject","inLanguage":"pl-PL","@id":"https:\/\/secure.gravatar.com\/avatar\/6c5a5cb12b74e9d517ee91cf570335b7d16177f1977cc91db161adfa435945a7?s=96&d=mm&r=g","url":"https:\/\/secure.gravatar.com\/avatar\/6c5a5cb12b74e9d517ee91cf570335b7d16177f1977cc91db161adfa435945a7?s=96&d=mm&r=g","contentUrl":"https:\/\/secure.gravatar.com\/avatar\/6c5a5cb12b74e9d517ee91cf570335b7d16177f1977cc91db161adfa435945a7?s=96&d=mm&r=g","caption":"favorite-news"},"url":"https:\/\/favorite-news.com\/pl\/author\/pt\/"}]}},"_links":{"self":[{"href":"https:\/\/favorite-news.com\/pl\/wp-json\/wp\/v2\/posts\/3039","targetHints":{"allow":["GET"]}}],"collection":[{"href":"https:\/\/favorite-news.com\/pl\/wp-json\/wp\/v2\/posts"}],"about":[{"href":"https:\/\/favorite-news.com\/pl\/wp-json\/wp\/v2\/types\/post"}],"author":[{"embeddable":true,"href":"https:\/\/favorite-news.com\/pl\/wp-json\/wp\/v2\/users\/2"}],"replies":[{"embeddable":true,"href":"https:\/\/favorite-news.com\/pl\/wp-json\/wp\/v2\/comments?post=3039"}],"version-history":[{"count":1,"href":"https:\/\/favorite-news.com\/pl\/wp-json\/wp\/v2\/posts\/3039\/revisions"}],"predecessor-version":[{"id":3041,"href":"https:\/\/favorite-news.com\/pl\/wp-json\/wp\/v2\/posts\/3039\/revisions\/3041"}],"wp:featuredmedia":[{"embeddable":true,"href":"https:\/\/favorite-news.com\/pl\/wp-json\/wp\/v2\/media\/3040"}],"wp:attachment":[{"href":"https:\/\/favorite-news.com\/pl\/wp-json\/wp\/v2\/media?parent=3039"}],"wp:term":[{"taxonomy":"category","embeddable":true,"href":"https:\/\/favorite-news.com\/pl\/wp-json\/wp\/v2\/categories?post=3039"},{"taxonomy":"post_tag","embeddable":true,"href":"https:\/\/favorite-news.com\/pl\/wp-json\/wp\/v2\/tags?post=3039"}],"curies":[{"name":"wp","href":"https:\/\/api.w.org\/{rel}","templated":true}]}}