{"id":3025,"date":"2019-07-30T05:41:24","date_gmt":"2019-07-30T02:41:24","guid":{"rendered":"https:\/\/favorite-news.com\/pl\/zakochani-w-paryzu-w-kampanii-balenciaga\/"},"modified":"2019-07-30T05:41:25","modified_gmt":"2019-07-30T02:41:25","slug":"zakochani-w-paryzu-w-kampanii-balenciaga","status":"publish","type":"post","link":"https:\/\/favorite-news.com\/pl\/zakochani-w-paryzu-w-kampanii-balenciaga\/","title":{"rendered":"Zakochani w Pary\u017cu w kampanii Balenciaga"},"content":{"rendered":"<p> [ad_1]<br \/>\n<\/p>\n<div id=\"\">\n<p>Hiszpa\u0144ski dom mody Balenciaga stawia w swojej komunikacji marketingowej na naturalno\u015b\u0107. W akcji promuj\u0105cej kolekcj\u0119 jesie\u0144-zima 2019\/2020 pojawi\u0142y si\u0119 autentyczne, zakochane pary, kt\u00f3re na co dzie\u0144 \u017cyj\u0105 w stolicy Francji.<\/p>\n<p>&#13;<br \/>\n&#13;<\/p>\n<p>Na potrzeby kampanii pary zosta\u0142y zarejestrowana na filmie z kamer miejskich.<\/p>\n<p>&#13;<br \/>\n&#13;<\/p>\n<p><iframe loading=\"lazy\" allow=\"accelerometer; autoplay; encrypted-media; gyroscope; picture-in-picture\" allowfullscreen=\"\" frameborder=\"0\" height=\"315\" src=\"https:\/\/www.youtube.com\/embed\/nLc6G6dB2uM\" width=\"560\"><\/iframe><\/p>\n<p>&#13;<br \/>\n&#13;<\/p>\n<p>&#13;<br \/>\n&#13;<\/p>\n<p><img decoding=\"async\" alt=\"\" src=\"https:\/\/favorite-news.com\/pl\/wp-content\/uploads\/sites\/6\/2019\/07\/1564454484_36_Zakochani-w-Paryzu-w-kampanii-Balenciaga.jpg\" style=\"width: 600px; height: 800px;\"\/><\/p>\n<p>&#13;<br \/>\n&#13;<\/p>\n<p><img decoding=\"async\" alt=\"\" src=\"https:\/\/favorite-news.com\/pl\/wp-content\/uploads\/sites\/6\/2019\/07\/1564454484_787_Zakochani-w-Paryzu-w-kampanii-Balenciaga.jpg\" style=\"width: 655px; height: 874px;\"\/><\/p>\n<p>&#13;<br \/>\n&#13;<\/p>\n<p><img decoding=\"async\" alt=\"\" src=\"https:\/\/favorite-news.com\/pl\/wp-content\/uploads\/sites\/6\/2019\/07\/1564454484_710_Zakochani-w-Paryzu-w-kampanii-Balenciaga.jpg\" style=\"width: 600px; height: 837px;\"\/><\/p>\n<p>&#13;<br \/>\n&#13;<\/p>\n<p><img decoding=\"async\" alt=\"\" src=\"https:\/\/favorite-news.com\/pl\/wp-content\/uploads\/sites\/6\/2019\/07\/1564454484_373_Zakochani-w-Paryzu-w-kampanii-Balenciaga.jpg\" style=\"width: 600px; height: 800px;\"\/><\/p>\n<p>&#13;<br \/>\n                            &#13;<br \/>\n&#13;<br \/>\n                            &#13;<br \/>\n&#13;<br \/>\n&#13;<br \/>\n&#13;<br \/>\n&#13;<br \/>\n&#13;<br \/>\n                            &#13;<br \/>\n                                                            &#13;<br \/>\n&#13;<br \/>\n                            &#13;\n                        <\/p><\/div>\n<p><script>(function (d, s, id) {\n        var js, fjs = d.getElementsByTagName(s)[0];\n        if (d.getElementById(id)) return;\n        js = d.createElement(s);\n        js.id = id;\n        js.src = \"http:\/\/connect.facebook.net\/pl_PL\/sdk.js#xfbml=1&version=v2.6&appId=297996717062470\";\n        fjs.parentNode.insertBefore(js, fjs);\n    }(document, 'script', 'facebook-jssdk'));<\/script><br \/>\n<br \/>[ad_2]<br \/>\n<br \/><a href=\"https:\/\/www.wirtualnemedia.pl\/artykul\/zakochani-w-paryzu-w-kampanii-balenciaga\">Source link <\/a><\/p>\n","protected":false},"excerpt":{"rendered":"<p>[ad_1] Hiszpa\u0144ski dom mody Balenciaga stawia w swojej komunikacji marketingowej na naturalno\u015b\u0107. W akcji promuj\u0105cej kolekcj\u0119 jesie\u0144-zima 2019\/2020 pojawi\u0142y si\u0119 autentyczne, zakochane pary, kt\u00f3re na co dzie\u0144 \u017cyj\u0105 w stolicy Francji. &#13; &#13; Na potrzeby kampanii pary zosta\u0142y zarejestrowana na filmie z kamer miejskich. &#13; &#13; &#13; &#13; &#13; &#13; &#13; &#13; &#13; &#13; &#13; [&hellip;]<\/p>\n","protected":false},"author":2,"featured_media":3026,"comment_status":"open","ping_status":"open","sticky":false,"template":"","format":"standard","meta":{"footnotes":""},"categories":[2],"tags":[],"class_list":["post-3025","post","type-post","status-publish","format-standard","has-post-thumbnail","hentry","category-wiadomosci-marketingowe-internetowe"],"yoast_head":"<!-- This site is optimized with the Yoast SEO plugin v27.4 - https:\/\/yoast.com\/product\/yoast-seo-wordpress\/ -->\n<title>Zakochani w Pary\u017cu w kampanii Balenciaga - Favorite News<\/title>\n<meta name=\"robots\" content=\"index, follow, max-snippet:-1, max-image-preview:large, max-video-preview:-1\" \/>\n<link rel=\"canonical\" href=\"https:\/\/favorite-news.com\/pl\/zakochani-w-paryzu-w-kampanii-balenciaga\/\" \/>\n<meta property=\"og:locale\" content=\"pl_PL\" \/>\n<meta property=\"og:type\" content=\"article\" \/>\n<meta property=\"og:title\" content=\"Zakochani w Pary\u017cu w kampanii Balenciaga - Favorite News\" \/>\n<meta property=\"og:description\" content=\"[ad_1] Hiszpa\u0144ski dom mody Balenciaga stawia w swojej komunikacji marketingowej na naturalno\u015b\u0107. W akcji promuj\u0105cej kolekcj\u0119 jesie\u0144-zima 2019\/2020 pojawi\u0142y si\u0119 autentyczne, zakochane pary, kt\u00f3re na co dzie\u0144 \u017cyj\u0105 w stolicy Francji. &#013; &#013; Na potrzeby kampanii pary zosta\u0142y zarejestrowana na filmie z kamer miejskich. &#013; &#013; &#013; &#013; &#013; &#013; &#013; &#013; &#013; &#013; &#013; [&hellip;]\" \/>\n<meta property=\"og:url\" content=\"https:\/\/favorite-news.com\/pl\/zakochani-w-paryzu-w-kampanii-balenciaga\/\" \/>\n<meta property=\"og:site_name\" content=\"Favorite News\" \/>\n<meta property=\"article:published_time\" content=\"2019-07-30T02:41:24+00:00\" \/>\n<meta property=\"article:modified_time\" content=\"2019-07-30T02:41:25+00:00\" \/>\n<meta property=\"og:image\" content=\"https:\/\/favorite-news.com\/pl\/wp-content\/uploads\/sites\/6\/2019\/07\/Zakochani-w-Pary\u017cu-w-kampanii-Balenciaga.jpg\" \/>\n\t<meta property=\"og:image:width\" content=\"2067\" \/>\n\t<meta property=\"og:image:height\" content=\"2757\" \/>\n\t<meta property=\"og:image:type\" content=\"image\/jpeg\" \/>\n<meta name=\"author\" content=\"favorite-news\" \/>\n<meta name=\"twitter:card\" content=\"summary_large_image\" \/>\n<meta name=\"twitter:label1\" content=\"Napisane przez\" \/>\n\t<meta name=\"twitter:data1\" content=\"favorite-news\" \/>\n<script type=\"application\/ld+json\" class=\"yoast-schema-graph\">{\"@context\":\"https:\\\/\\\/schema.org\",\"@graph\":[{\"@type\":\"Article\",\"@id\":\"https:\\\/\\\/favorite-news.com\\\/pl\\\/zakochani-w-paryzu-w-kampanii-balenciaga\\\/#article\",\"isPartOf\":{\"@id\":\"https:\\\/\\\/favorite-news.com\\\/pl\\\/zakochani-w-paryzu-w-kampanii-balenciaga\\\/\"},\"author\":{\"name\":\"favorite-news\",\"@id\":\"https:\\\/\\\/favorite-news.com\\\/pl\\\/#\\\/schema\\\/person\\\/b91573b717dcfa5e4696032a9d28d3e8\"},\"headline\":\"Zakochani w Pary\u017cu w kampanii Balenciaga\",\"datePublished\":\"2019-07-30T02:41:24+00:00\",\"dateModified\":\"2019-07-30T02:41:25+00:00\",\"mainEntityOfPage\":{\"@id\":\"https:\\\/\\\/favorite-news.com\\\/pl\\\/zakochani-w-paryzu-w-kampanii-balenciaga\\\/\"},\"wordCount\":57,\"commentCount\":0,\"image\":{\"@id\":\"https:\\\/\\\/favorite-news.com\\\/pl\\\/zakochani-w-paryzu-w-kampanii-balenciaga\\\/#primaryimage\"},\"thumbnailUrl\":\"https:\\\/\\\/favorite-news.com\\\/pl\\\/wp-content\\\/uploads\\\/sites\\\/6\\\/2019\\\/07\\\/Zakochani-w-Pary\u017cu-w-kampanii-Balenciaga.jpg\",\"articleSection\":[\"WIADOMO\u015aCI MARKETINGOWE INTERNETOWE\"],\"inLanguage\":\"pl-PL\",\"potentialAction\":[{\"@type\":\"CommentAction\",\"name\":\"Comment\",\"target\":[\"https:\\\/\\\/favorite-news.com\\\/pl\\\/zakochani-w-paryzu-w-kampanii-balenciaga\\\/#respond\"]}]},{\"@type\":\"WebPage\",\"@id\":\"https:\\\/\\\/favorite-news.com\\\/pl\\\/zakochani-w-paryzu-w-kampanii-balenciaga\\\/\",\"url\":\"https:\\\/\\\/favorite-news.com\\\/pl\\\/zakochani-w-paryzu-w-kampanii-balenciaga\\\/\",\"name\":\"Zakochani w Pary\u017cu w kampanii Balenciaga - Favorite News\",\"isPartOf\":{\"@id\":\"https:\\\/\\\/favorite-news.com\\\/pl\\\/#website\"},\"primaryImageOfPage\":{\"@id\":\"https:\\\/\\\/favorite-news.com\\\/pl\\\/zakochani-w-paryzu-w-kampanii-balenciaga\\\/#primaryimage\"},\"image\":{\"@id\":\"https:\\\/\\\/favorite-news.com\\\/pl\\\/zakochani-w-paryzu-w-kampanii-balenciaga\\\/#primaryimage\"},\"thumbnailUrl\":\"https:\\\/\\\/favorite-news.com\\\/pl\\\/wp-content\\\/uploads\\\/sites\\\/6\\\/2019\\\/07\\\/Zakochani-w-Pary\u017cu-w-kampanii-Balenciaga.jpg\",\"datePublished\":\"2019-07-30T02:41:24+00:00\",\"dateModified\":\"2019-07-30T02:41:25+00:00\",\"author\":{\"@id\":\"https:\\\/\\\/favorite-news.com\\\/pl\\\/#\\\/schema\\\/person\\\/b91573b717dcfa5e4696032a9d28d3e8\"},\"breadcrumb\":{\"@id\":\"https:\\\/\\\/favorite-news.com\\\/pl\\\/zakochani-w-paryzu-w-kampanii-balenciaga\\\/#breadcrumb\"},\"inLanguage\":\"pl-PL\",\"potentialAction\":[{\"@type\":\"ReadAction\",\"target\":[\"https:\\\/\\\/favorite-news.com\\\/pl\\\/zakochani-w-paryzu-w-kampanii-balenciaga\\\/\"]}]},{\"@type\":\"ImageObject\",\"inLanguage\":\"pl-PL\",\"@id\":\"https:\\\/\\\/favorite-news.com\\\/pl\\\/zakochani-w-paryzu-w-kampanii-balenciaga\\\/#primaryimage\",\"url\":\"https:\\\/\\\/favorite-news.com\\\/pl\\\/wp-content\\\/uploads\\\/sites\\\/6\\\/2019\\\/07\\\/Zakochani-w-Pary\u017cu-w-kampanii-Balenciaga.jpg\",\"contentUrl\":\"https:\\\/\\\/favorite-news.com\\\/pl\\\/wp-content\\\/uploads\\\/sites\\\/6\\\/2019\\\/07\\\/Zakochani-w-Pary\u017cu-w-kampanii-Balenciaga.jpg\",\"width\":2067,\"height\":2757,\"caption\":\"Zakochani w Pary\u017cu w kampanii Balenciaga\"},{\"@type\":\"BreadcrumbList\",\"@id\":\"https:\\\/\\\/favorite-news.com\\\/pl\\\/zakochani-w-paryzu-w-kampanii-balenciaga\\\/#breadcrumb\",\"itemListElement\":[{\"@type\":\"ListItem\",\"position\":1,\"name\":\"Home\",\"item\":\"https:\\\/\\\/favorite-news.com\\\/pl\\\/\"},{\"@type\":\"ListItem\",\"position\":2,\"name\":\"Zakochani w Pary\u017cu w kampanii Balenciaga\"}]},{\"@type\":\"WebSite\",\"@id\":\"https:\\\/\\\/favorite-news.com\\\/pl\\\/#website\",\"url\":\"https:\\\/\\\/favorite-news.com\\\/pl\\\/\",\"name\":\"Favorite News\",\"description\":\"Favorite News Polska\",\"potentialAction\":[{\"@type\":\"SearchAction\",\"target\":{\"@type\":\"EntryPoint\",\"urlTemplate\":\"https:\\\/\\\/favorite-news.com\\\/pl\\\/?s={search_term_string}\"},\"query-input\":{\"@type\":\"PropertyValueSpecification\",\"valueRequired\":true,\"valueName\":\"search_term_string\"}}],\"inLanguage\":\"pl-PL\"},{\"@type\":\"Person\",\"@id\":\"https:\\\/\\\/favorite-news.com\\\/pl\\\/#\\\/schema\\\/person\\\/b91573b717dcfa5e4696032a9d28d3e8\",\"name\":\"favorite-news\",\"image\":{\"@type\":\"ImageObject\",\"inLanguage\":\"pl-PL\",\"@id\":\"https:\\\/\\\/secure.gravatar.com\\\/avatar\\\/6c5a5cb12b74e9d517ee91cf570335b7d16177f1977cc91db161adfa435945a7?s=96&d=mm&r=g\",\"url\":\"https:\\\/\\\/secure.gravatar.com\\\/avatar\\\/6c5a5cb12b74e9d517ee91cf570335b7d16177f1977cc91db161adfa435945a7?s=96&d=mm&r=g\",\"contentUrl\":\"https:\\\/\\\/secure.gravatar.com\\\/avatar\\\/6c5a5cb12b74e9d517ee91cf570335b7d16177f1977cc91db161adfa435945a7?s=96&d=mm&r=g\",\"caption\":\"favorite-news\"},\"url\":\"https:\\\/\\\/favorite-news.com\\\/pl\\\/author\\\/pt\\\/\"}]}<\/script>\n<!-- \/ Yoast SEO plugin. -->","yoast_head_json":{"title":"Zakochani w Pary\u017cu w kampanii Balenciaga - Favorite News","robots":{"index":"index","follow":"follow","max-snippet":"max-snippet:-1","max-image-preview":"max-image-preview:large","max-video-preview":"max-video-preview:-1"},"canonical":"https:\/\/favorite-news.com\/pl\/zakochani-w-paryzu-w-kampanii-balenciaga\/","og_locale":"pl_PL","og_type":"article","og_title":"Zakochani w Pary\u017cu w kampanii Balenciaga - Favorite News","og_description":"[ad_1] Hiszpa\u0144ski dom mody Balenciaga stawia w swojej komunikacji marketingowej na naturalno\u015b\u0107. W akcji promuj\u0105cej kolekcj\u0119 jesie\u0144-zima 2019\/2020 pojawi\u0142y si\u0119 autentyczne, zakochane pary, kt\u00f3re na co dzie\u0144 \u017cyj\u0105 w stolicy Francji. &#13; &#13; Na potrzeby kampanii pary zosta\u0142y zarejestrowana na filmie z kamer miejskich. &#13; &#13; &#13; &#13; &#13; &#13; &#13; &#13; &#13; &#13; &#13; [&hellip;]","og_url":"https:\/\/favorite-news.com\/pl\/zakochani-w-paryzu-w-kampanii-balenciaga\/","og_site_name":"Favorite News","article_published_time":"2019-07-30T02:41:24+00:00","article_modified_time":"2019-07-30T02:41:25+00:00","og_image":[{"width":2067,"height":2757,"url":"https:\/\/favorite-news.com\/pl\/wp-content\/uploads\/sites\/6\/2019\/07\/Zakochani-w-Pary\u017cu-w-kampanii-Balenciaga.jpg","type":"image\/jpeg"}],"author":"favorite-news","twitter_card":"summary_large_image","twitter_misc":{"Napisane przez":"favorite-news"},"schema":{"@context":"https:\/\/schema.org","@graph":[{"@type":"Article","@id":"https:\/\/favorite-news.com\/pl\/zakochani-w-paryzu-w-kampanii-balenciaga\/#article","isPartOf":{"@id":"https:\/\/favorite-news.com\/pl\/zakochani-w-paryzu-w-kampanii-balenciaga\/"},"author":{"name":"favorite-news","@id":"https:\/\/favorite-news.com\/pl\/#\/schema\/person\/b91573b717dcfa5e4696032a9d28d3e8"},"headline":"Zakochani w Pary\u017cu w kampanii Balenciaga","datePublished":"2019-07-30T02:41:24+00:00","dateModified":"2019-07-30T02:41:25+00:00","mainEntityOfPage":{"@id":"https:\/\/favorite-news.com\/pl\/zakochani-w-paryzu-w-kampanii-balenciaga\/"},"wordCount":57,"commentCount":0,"image":{"@id":"https:\/\/favorite-news.com\/pl\/zakochani-w-paryzu-w-kampanii-balenciaga\/#primaryimage"},"thumbnailUrl":"https:\/\/favorite-news.com\/pl\/wp-content\/uploads\/sites\/6\/2019\/07\/Zakochani-w-Pary\u017cu-w-kampanii-Balenciaga.jpg","articleSection":["WIADOMO\u015aCI MARKETINGOWE INTERNETOWE"],"inLanguage":"pl-PL","potentialAction":[{"@type":"CommentAction","name":"Comment","target":["https:\/\/favorite-news.com\/pl\/zakochani-w-paryzu-w-kampanii-balenciaga\/#respond"]}]},{"@type":"WebPage","@id":"https:\/\/favorite-news.com\/pl\/zakochani-w-paryzu-w-kampanii-balenciaga\/","url":"https:\/\/favorite-news.com\/pl\/zakochani-w-paryzu-w-kampanii-balenciaga\/","name":"Zakochani w Pary\u017cu w kampanii Balenciaga - Favorite News","isPartOf":{"@id":"https:\/\/favorite-news.com\/pl\/#website"},"primaryImageOfPage":{"@id":"https:\/\/favorite-news.com\/pl\/zakochani-w-paryzu-w-kampanii-balenciaga\/#primaryimage"},"image":{"@id":"https:\/\/favorite-news.com\/pl\/zakochani-w-paryzu-w-kampanii-balenciaga\/#primaryimage"},"thumbnailUrl":"https:\/\/favorite-news.com\/pl\/wp-content\/uploads\/sites\/6\/2019\/07\/Zakochani-w-Pary\u017cu-w-kampanii-Balenciaga.jpg","datePublished":"2019-07-30T02:41:24+00:00","dateModified":"2019-07-30T02:41:25+00:00","author":{"@id":"https:\/\/favorite-news.com\/pl\/#\/schema\/person\/b91573b717dcfa5e4696032a9d28d3e8"},"breadcrumb":{"@id":"https:\/\/favorite-news.com\/pl\/zakochani-w-paryzu-w-kampanii-balenciaga\/#breadcrumb"},"inLanguage":"pl-PL","potentialAction":[{"@type":"ReadAction","target":["https:\/\/favorite-news.com\/pl\/zakochani-w-paryzu-w-kampanii-balenciaga\/"]}]},{"@type":"ImageObject","inLanguage":"pl-PL","@id":"https:\/\/favorite-news.com\/pl\/zakochani-w-paryzu-w-kampanii-balenciaga\/#primaryimage","url":"https:\/\/favorite-news.com\/pl\/wp-content\/uploads\/sites\/6\/2019\/07\/Zakochani-w-Pary\u017cu-w-kampanii-Balenciaga.jpg","contentUrl":"https:\/\/favorite-news.com\/pl\/wp-content\/uploads\/sites\/6\/2019\/07\/Zakochani-w-Pary\u017cu-w-kampanii-Balenciaga.jpg","width":2067,"height":2757,"caption":"Zakochani w Pary\u017cu w kampanii Balenciaga"},{"@type":"BreadcrumbList","@id":"https:\/\/favorite-news.com\/pl\/zakochani-w-paryzu-w-kampanii-balenciaga\/#breadcrumb","itemListElement":[{"@type":"ListItem","position":1,"name":"Home","item":"https:\/\/favorite-news.com\/pl\/"},{"@type":"ListItem","position":2,"name":"Zakochani w Pary\u017cu w kampanii Balenciaga"}]},{"@type":"WebSite","@id":"https:\/\/favorite-news.com\/pl\/#website","url":"https:\/\/favorite-news.com\/pl\/","name":"Favorite News","description":"Favorite News Polska","potentialAction":[{"@type":"SearchAction","target":{"@type":"EntryPoint","urlTemplate":"https:\/\/favorite-news.com\/pl\/?s={search_term_string}"},"query-input":{"@type":"PropertyValueSpecification","valueRequired":true,"valueName":"search_term_string"}}],"inLanguage":"pl-PL"},{"@type":"Person","@id":"https:\/\/favorite-news.com\/pl\/#\/schema\/person\/b91573b717dcfa5e4696032a9d28d3e8","name":"favorite-news","image":{"@type":"ImageObject","inLanguage":"pl-PL","@id":"https:\/\/secure.gravatar.com\/avatar\/6c5a5cb12b74e9d517ee91cf570335b7d16177f1977cc91db161adfa435945a7?s=96&d=mm&r=g","url":"https:\/\/secure.gravatar.com\/avatar\/6c5a5cb12b74e9d517ee91cf570335b7d16177f1977cc91db161adfa435945a7?s=96&d=mm&r=g","contentUrl":"https:\/\/secure.gravatar.com\/avatar\/6c5a5cb12b74e9d517ee91cf570335b7d16177f1977cc91db161adfa435945a7?s=96&d=mm&r=g","caption":"favorite-news"},"url":"https:\/\/favorite-news.com\/pl\/author\/pt\/"}]}},"_links":{"self":[{"href":"https:\/\/favorite-news.com\/pl\/wp-json\/wp\/v2\/posts\/3025","targetHints":{"allow":["GET"]}}],"collection":[{"href":"https:\/\/favorite-news.com\/pl\/wp-json\/wp\/v2\/posts"}],"about":[{"href":"https:\/\/favorite-news.com\/pl\/wp-json\/wp\/v2\/types\/post"}],"author":[{"embeddable":true,"href":"https:\/\/favorite-news.com\/pl\/wp-json\/wp\/v2\/users\/2"}],"replies":[{"embeddable":true,"href":"https:\/\/favorite-news.com\/pl\/wp-json\/wp\/v2\/comments?post=3025"}],"version-history":[{"count":1,"href":"https:\/\/favorite-news.com\/pl\/wp-json\/wp\/v2\/posts\/3025\/revisions"}],"predecessor-version":[{"id":3027,"href":"https:\/\/favorite-news.com\/pl\/wp-json\/wp\/v2\/posts\/3025\/revisions\/3027"}],"wp:featuredmedia":[{"embeddable":true,"href":"https:\/\/favorite-news.com\/pl\/wp-json\/wp\/v2\/media\/3026"}],"wp:attachment":[{"href":"https:\/\/favorite-news.com\/pl\/wp-json\/wp\/v2\/media?parent=3025"}],"wp:term":[{"taxonomy":"category","embeddable":true,"href":"https:\/\/favorite-news.com\/pl\/wp-json\/wp\/v2\/categories?post=3025"},{"taxonomy":"post_tag","embeddable":true,"href":"https:\/\/favorite-news.com\/pl\/wp-json\/wp\/v2\/tags?post=3025"}],"curies":[{"name":"wp","href":"https:\/\/api.w.org\/{rel}","templated":true}]}}