{"id":302,"date":"2019-05-05T23:18:48","date_gmt":"2019-05-05T20:18:48","guid":{"rendered":"https:\/\/favorite-news.com\/pl\/barbara-kurdej-szatan-mikolaj-roznerski-olga-kalicka-cezary-i-edyta-pazurowie-wideo\/"},"modified":"2019-05-05T23:18:50","modified_gmt":"2019-05-05T20:18:50","slug":"barbara-kurdej-szatan-mikolaj-roznerski-olga-kalicka-cezary-i-edyta-pazurowie-wideo","status":"publish","type":"post","link":"https:\/\/favorite-news.com\/pl\/barbara-kurdej-szatan-mikolaj-roznerski-olga-kalicka-cezary-i-edyta-pazurowie-wideo\/","title":{"rendered":"Barbara Kurdej-Szatan, Miko\u0142aj Roznerski, Olga Kalicka, Cezary i Edyta Pazurowie (wideo)"},"content":{"rendered":"<p> [ad_1]<br \/>\n<\/p>\n<div id=\"\">\n<p>Kampania \u201eW zwi\u0105zku z natur\u0105\u201d ma na celu podkre\u015blanie, \u017ce dbanie o \u015brodowisko naturalne to przede wszystkim kwestia codziennych wybor\u00f3w i ma\u0142ych rzeczy, kt\u00f3re sk\u0142adaj\u0105 si\u0119 na ogromny efekt.<\/p>\n<p>&#13;<br \/>\n&#13;<\/p>\n<p>Akcja b\u0119dzie obejmowa\u0107 wiele porad, konkurs\u00f3w i spotka\u0144 zach\u0119caj\u0105cych odbiorc\u00f3w do wprowadzenia do swoich codziennych nawyk\u00f3w drobnych zmian, kt\u00f3re w szerszej perspektywie maj\u0105 realny wp\u0142yw na nasz\u0105 planet\u0119. Zwie\u0144czeniem kampanii b\u0119dzie event Love Nature Day, kt\u00f3ry odb\u0119dzie si\u0119 19 maja w Elektrowni Powi\u015ble.<\/p>\n<p>&#13;<br \/>\n&#13;<\/p>\n<p><iframe loading=\"lazy\" allowfullscreen=\"\" frameborder=\"0\" height=\"360\" src=\"https:\/\/tv.wirtualnemedia.pl\/embed\/w-zwiazku-z-natura-w-proekologicznej-kampanii-oriflame?width=640&amp;height=360\" width=\"640\"><\/iframe>\u00a0<\/p>\n<p>&#13;<br \/>\n&#13;<\/p>\n<p>W kampani\u0119 zaanga\u017cowa\u0142y si\u0119 znane osoby: Barbara Kurdej-Szatan, Miko\u0142aj Roznerski, Olga Kalicka, Cezary i Edyta Pazurowie, Anna Nowak oraz Micha\u0142 i Paulina B\u0119dzimirowscy. Na swoich profilach w mediach spo\u0142eczno\u015bciowych publikuj\u0105 tre\u015bci dotycz\u0105ce akcji, m.in. kr\u00f3tkie klipy wideo. Wszystkie materia\u0142y s\u0105 oznaczone tagiem #wzwiazkuznatura.<\/p>\n<p>&#13;<br \/>\n&#13;<\/p>\n<p><iframe loading=\"lazy\" allowfullscreen=\"\" frameborder=\"0\" height=\"360\" src=\"https:\/\/tv.wirtualnemedia.pl\/embed\/cezary-i-edyta-pazurowie-w-akcji-oriflame-w-zwiazku-z-natura?width=640&amp;height=360\" width=\"640\"><\/iframe>\u00a0<\/p>\n<p>&#13;<br \/>\n&#13;<\/p>\n<p>Akcja jest elementem globalnej strategii Oriflame, w ramach kt\u00f3rej koncern ograniczaa stosowanie p\u00f3\u0142produkt\u00f3w ropopochodnych, zast\u0119puj\u0105c je substancjami pochodzenia ro\u015blinnego. Zredukowa\u0142a te\u017c sw\u00f3j \u015blad w\u0119glowy o 24 proc., stawia na energi\u0119 odnawialn\u0105 oraz ca\u0142kowicie zrezygnowa\u0142a z mikroplastiku w swoich produktach.<\/p>\n<p>&#13;<br \/>\n&#13;<\/p>\n<p><iframe loading=\"lazy\" allowfullscreen=\"\" frameborder=\"0\" height=\"360\" src=\"https:\/\/tv.wirtualnemedia.pl\/embed\/w-zwiazku-z-natura-w-akcji-oriflame-spot-z-barbara-kurdej-szatan?width=640&amp;height=360\" width=\"640\"><\/iframe>\u00a0<\/p>\n<p>&#13;<br \/>\n                            &#13;<br \/>\n&#13;<br \/>\n                            &#13;<br \/>\n&#13;<br \/>\n&#13;<br \/>\n&#13;<br \/>\n&#13;<br \/>\n&#13;<br \/>\n                            &#13;<br \/>\n                                                            &#13;<br \/>\n&#13;<br \/>\n                            &#13;\n                        <\/p><\/div>\n<p><script>(function (d, s, id) {\n        var js, fjs = d.getElementsByTagName(s)[0];\n        if (d.getElementById(id)) return;\n        js = d.createElement(s);\n        js.id = id;\n        js.src = \"http:\/\/connect.facebook.net\/pl_PL\/sdk.js#xfbml=1&version=v2.6&appId=297996717062470\";\n        fjs.parentNode.insertBefore(js, fjs);\n    }(document, 'script', 'facebook-jssdk'));<\/script><br \/>\n<br \/>[ad_2]<br \/>\n<br \/><a href=\"https:\/\/www.wirtualnemedia.pl\/artykul\/oriflame-w-zwiazku-z-natura-kampania-barbara-kurdej-szatan-mikolaj-roznerski-olga-kalicka-cezary-i-edyta-pazurowie-wideo\">Source link <\/a><\/p>\n","protected":false},"excerpt":{"rendered":"<p>[ad_1] Kampania \u201eW zwi\u0105zku z natur\u0105\u201d ma na celu podkre\u015blanie, \u017ce dbanie o \u015brodowisko naturalne to przede wszystkim kwestia codziennych wybor\u00f3w i ma\u0142ych rzeczy, kt\u00f3re sk\u0142adaj\u0105 si\u0119 na ogromny efekt. &#13; &#13; Akcja b\u0119dzie obejmowa\u0107 wiele porad, konkurs\u00f3w i spotka\u0144 zach\u0119caj\u0105cych odbiorc\u00f3w do wprowadzenia do swoich codziennych nawyk\u00f3w drobnych zmian, kt\u00f3re w szerszej perspektywie maj\u0105 [&hellip;]<\/p>\n","protected":false},"author":2,"featured_media":303,"comment_status":"open","ping_status":"open","sticky":false,"template":"","format":"standard","meta":{"footnotes":""},"categories":[2],"tags":[],"class_list":["post-302","post","type-post","status-publish","format-standard","has-post-thumbnail","hentry","category-wiadomosci-marketingowe-internetowe"],"yoast_head":"<!-- This site is optimized with the Yoast SEO plugin v27.4 - https:\/\/yoast.com\/product\/yoast-seo-wordpress\/ -->\n<title>Barbara Kurdej-Szatan, Miko\u0142aj Roznerski, Olga Kalicka, Cezary i Edyta Pazurowie (wideo) - Favorite News<\/title>\n<meta name=\"robots\" content=\"index, follow, max-snippet:-1, max-image-preview:large, max-video-preview:-1\" \/>\n<link rel=\"canonical\" href=\"https:\/\/favorite-news.com\/pl\/barbara-kurdej-szatan-mikolaj-roznerski-olga-kalicka-cezary-i-edyta-pazurowie-wideo\/\" \/>\n<meta property=\"og:locale\" content=\"pl_PL\" \/>\n<meta property=\"og:type\" content=\"article\" \/>\n<meta property=\"og:title\" content=\"Barbara Kurdej-Szatan, Miko\u0142aj Roznerski, Olga Kalicka, Cezary i Edyta Pazurowie (wideo) - Favorite News\" \/>\n<meta property=\"og:description\" content=\"[ad_1] Kampania \u201eW zwi\u0105zku z natur\u0105\u201d ma na celu podkre\u015blanie, \u017ce dbanie o \u015brodowisko naturalne to przede wszystkim kwestia codziennych wybor\u00f3w i ma\u0142ych rzeczy, kt\u00f3re sk\u0142adaj\u0105 si\u0119 na ogromny efekt. &#013; &#013; Akcja b\u0119dzie obejmowa\u0107 wiele porad, konkurs\u00f3w i spotka\u0144 zach\u0119caj\u0105cych odbiorc\u00f3w do wprowadzenia do swoich codziennych nawyk\u00f3w drobnych zmian, kt\u00f3re w szerszej perspektywie maj\u0105 [&hellip;]\" \/>\n<meta property=\"og:url\" content=\"https:\/\/favorite-news.com\/pl\/barbara-kurdej-szatan-mikolaj-roznerski-olga-kalicka-cezary-i-edyta-pazurowie-wideo\/\" \/>\n<meta property=\"og:site_name\" content=\"Favorite News\" \/>\n<meta property=\"article:published_time\" content=\"2019-05-05T20:18:48+00:00\" \/>\n<meta property=\"article:modified_time\" content=\"2019-05-05T20:18:50+00:00\" \/>\n<meta property=\"og:image\" content=\"https:\/\/favorite-news.com\/pl\/wp-content\/uploads\/sites\/6\/2019\/05\/Barbara-Kurdej-Szatan-Miko\u0142aj-Roznerski-Olga-Kalicka-Cezary-i-Edyta-Pazurowie.png\" \/>\n\t<meta property=\"og:image:width\" content=\"655\" \/>\n\t<meta property=\"og:image:height\" content=\"430\" \/>\n\t<meta property=\"og:image:type\" content=\"image\/png\" \/>\n<meta name=\"author\" content=\"favorite-news\" \/>\n<meta name=\"twitter:card\" content=\"summary_large_image\" \/>\n<meta name=\"twitter:label1\" content=\"Napisane przez\" \/>\n\t<meta name=\"twitter:data1\" content=\"favorite-news\" \/>\n\t<meta name=\"twitter:label2\" content=\"Szacowany czas czytania\" \/>\n\t<meta name=\"twitter:data2\" content=\"1 minuta\" \/>\n<script type=\"application\/ld+json\" class=\"yoast-schema-graph\">{\"@context\":\"https:\\\/\\\/schema.org\",\"@graph\":[{\"@type\":\"Article\",\"@id\":\"https:\\\/\\\/favorite-news.com\\\/pl\\\/barbara-kurdej-szatan-mikolaj-roznerski-olga-kalicka-cezary-i-edyta-pazurowie-wideo\\\/#article\",\"isPartOf\":{\"@id\":\"https:\\\/\\\/favorite-news.com\\\/pl\\\/barbara-kurdej-szatan-mikolaj-roznerski-olga-kalicka-cezary-i-edyta-pazurowie-wideo\\\/\"},\"author\":{\"name\":\"favorite-news\",\"@id\":\"https:\\\/\\\/favorite-news.com\\\/pl\\\/#\\\/schema\\\/person\\\/b91573b717dcfa5e4696032a9d28d3e8\"},\"headline\":\"Barbara Kurdej-Szatan, Miko\u0142aj Roznerski, Olga Kalicka, Cezary i Edyta Pazurowie (wideo)\",\"datePublished\":\"2019-05-05T20:18:48+00:00\",\"dateModified\":\"2019-05-05T20:18:50+00:00\",\"mainEntityOfPage\":{\"@id\":\"https:\\\/\\\/favorite-news.com\\\/pl\\\/barbara-kurdej-szatan-mikolaj-roznerski-olga-kalicka-cezary-i-edyta-pazurowie-wideo\\\/\"},\"wordCount\":209,\"commentCount\":0,\"image\":{\"@id\":\"https:\\\/\\\/favorite-news.com\\\/pl\\\/barbara-kurdej-szatan-mikolaj-roznerski-olga-kalicka-cezary-i-edyta-pazurowie-wideo\\\/#primaryimage\"},\"thumbnailUrl\":\"https:\\\/\\\/favorite-news.com\\\/pl\\\/wp-content\\\/uploads\\\/sites\\\/6\\\/2019\\\/05\\\/Barbara-Kurdej-Szatan-Miko\u0142aj-Roznerski-Olga-Kalicka-Cezary-i-Edyta-Pazurowie.png\",\"articleSection\":[\"WIADOMO\u015aCI MARKETINGOWE INTERNETOWE\"],\"inLanguage\":\"pl-PL\",\"potentialAction\":[{\"@type\":\"CommentAction\",\"name\":\"Comment\",\"target\":[\"https:\\\/\\\/favorite-news.com\\\/pl\\\/barbara-kurdej-szatan-mikolaj-roznerski-olga-kalicka-cezary-i-edyta-pazurowie-wideo\\\/#respond\"]}]},{\"@type\":\"WebPage\",\"@id\":\"https:\\\/\\\/favorite-news.com\\\/pl\\\/barbara-kurdej-szatan-mikolaj-roznerski-olga-kalicka-cezary-i-edyta-pazurowie-wideo\\\/\",\"url\":\"https:\\\/\\\/favorite-news.com\\\/pl\\\/barbara-kurdej-szatan-mikolaj-roznerski-olga-kalicka-cezary-i-edyta-pazurowie-wideo\\\/\",\"name\":\"Barbara Kurdej-Szatan, Miko\u0142aj Roznerski, Olga Kalicka, Cezary i Edyta Pazurowie (wideo) - Favorite News\",\"isPartOf\":{\"@id\":\"https:\\\/\\\/favorite-news.com\\\/pl\\\/#website\"},\"primaryImageOfPage\":{\"@id\":\"https:\\\/\\\/favorite-news.com\\\/pl\\\/barbara-kurdej-szatan-mikolaj-roznerski-olga-kalicka-cezary-i-edyta-pazurowie-wideo\\\/#primaryimage\"},\"image\":{\"@id\":\"https:\\\/\\\/favorite-news.com\\\/pl\\\/barbara-kurdej-szatan-mikolaj-roznerski-olga-kalicka-cezary-i-edyta-pazurowie-wideo\\\/#primaryimage\"},\"thumbnailUrl\":\"https:\\\/\\\/favorite-news.com\\\/pl\\\/wp-content\\\/uploads\\\/sites\\\/6\\\/2019\\\/05\\\/Barbara-Kurdej-Szatan-Miko\u0142aj-Roznerski-Olga-Kalicka-Cezary-i-Edyta-Pazurowie.png\",\"datePublished\":\"2019-05-05T20:18:48+00:00\",\"dateModified\":\"2019-05-05T20:18:50+00:00\",\"author\":{\"@id\":\"https:\\\/\\\/favorite-news.com\\\/pl\\\/#\\\/schema\\\/person\\\/b91573b717dcfa5e4696032a9d28d3e8\"},\"breadcrumb\":{\"@id\":\"https:\\\/\\\/favorite-news.com\\\/pl\\\/barbara-kurdej-szatan-mikolaj-roznerski-olga-kalicka-cezary-i-edyta-pazurowie-wideo\\\/#breadcrumb\"},\"inLanguage\":\"pl-PL\",\"potentialAction\":[{\"@type\":\"ReadAction\",\"target\":[\"https:\\\/\\\/favorite-news.com\\\/pl\\\/barbara-kurdej-szatan-mikolaj-roznerski-olga-kalicka-cezary-i-edyta-pazurowie-wideo\\\/\"]}]},{\"@type\":\"ImageObject\",\"inLanguage\":\"pl-PL\",\"@id\":\"https:\\\/\\\/favorite-news.com\\\/pl\\\/barbara-kurdej-szatan-mikolaj-roznerski-olga-kalicka-cezary-i-edyta-pazurowie-wideo\\\/#primaryimage\",\"url\":\"https:\\\/\\\/favorite-news.com\\\/pl\\\/wp-content\\\/uploads\\\/sites\\\/6\\\/2019\\\/05\\\/Barbara-Kurdej-Szatan-Miko\u0142aj-Roznerski-Olga-Kalicka-Cezary-i-Edyta-Pazurowie.png\",\"contentUrl\":\"https:\\\/\\\/favorite-news.com\\\/pl\\\/wp-content\\\/uploads\\\/sites\\\/6\\\/2019\\\/05\\\/Barbara-Kurdej-Szatan-Miko\u0142aj-Roznerski-Olga-Kalicka-Cezary-i-Edyta-Pazurowie.png\",\"width\":655,\"height\":430,\"caption\":\"Article\"},{\"@type\":\"BreadcrumbList\",\"@id\":\"https:\\\/\\\/favorite-news.com\\\/pl\\\/barbara-kurdej-szatan-mikolaj-roznerski-olga-kalicka-cezary-i-edyta-pazurowie-wideo\\\/#breadcrumb\",\"itemListElement\":[{\"@type\":\"ListItem\",\"position\":1,\"name\":\"Home\",\"item\":\"https:\\\/\\\/favorite-news.com\\\/pl\\\/\"},{\"@type\":\"ListItem\",\"position\":2,\"name\":\"Barbara Kurdej-Szatan, Miko\u0142aj Roznerski, Olga Kalicka, Cezary i Edyta Pazurowie (wideo)\"}]},{\"@type\":\"WebSite\",\"@id\":\"https:\\\/\\\/favorite-news.com\\\/pl\\\/#website\",\"url\":\"https:\\\/\\\/favorite-news.com\\\/pl\\\/\",\"name\":\"Favorite News\",\"description\":\"Favorite News Polska\",\"potentialAction\":[{\"@type\":\"SearchAction\",\"target\":{\"@type\":\"EntryPoint\",\"urlTemplate\":\"https:\\\/\\\/favorite-news.com\\\/pl\\\/?s={search_term_string}\"},\"query-input\":{\"@type\":\"PropertyValueSpecification\",\"valueRequired\":true,\"valueName\":\"search_term_string\"}}],\"inLanguage\":\"pl-PL\"},{\"@type\":\"Person\",\"@id\":\"https:\\\/\\\/favorite-news.com\\\/pl\\\/#\\\/schema\\\/person\\\/b91573b717dcfa5e4696032a9d28d3e8\",\"name\":\"favorite-news\",\"image\":{\"@type\":\"ImageObject\",\"inLanguage\":\"pl-PL\",\"@id\":\"https:\\\/\\\/secure.gravatar.com\\\/avatar\\\/6c5a5cb12b74e9d517ee91cf570335b7d16177f1977cc91db161adfa435945a7?s=96&d=mm&r=g\",\"url\":\"https:\\\/\\\/secure.gravatar.com\\\/avatar\\\/6c5a5cb12b74e9d517ee91cf570335b7d16177f1977cc91db161adfa435945a7?s=96&d=mm&r=g\",\"contentUrl\":\"https:\\\/\\\/secure.gravatar.com\\\/avatar\\\/6c5a5cb12b74e9d517ee91cf570335b7d16177f1977cc91db161adfa435945a7?s=96&d=mm&r=g\",\"caption\":\"favorite-news\"},\"url\":\"https:\\\/\\\/favorite-news.com\\\/pl\\\/author\\\/pt\\\/\"}]}<\/script>\n<!-- \/ Yoast SEO plugin. -->","yoast_head_json":{"title":"Barbara Kurdej-Szatan, Miko\u0142aj Roznerski, Olga Kalicka, Cezary i Edyta Pazurowie (wideo) - Favorite News","robots":{"index":"index","follow":"follow","max-snippet":"max-snippet:-1","max-image-preview":"max-image-preview:large","max-video-preview":"max-video-preview:-1"},"canonical":"https:\/\/favorite-news.com\/pl\/barbara-kurdej-szatan-mikolaj-roznerski-olga-kalicka-cezary-i-edyta-pazurowie-wideo\/","og_locale":"pl_PL","og_type":"article","og_title":"Barbara Kurdej-Szatan, Miko\u0142aj Roznerski, Olga Kalicka, Cezary i Edyta Pazurowie (wideo) - Favorite News","og_description":"[ad_1] Kampania \u201eW zwi\u0105zku z natur\u0105\u201d ma na celu podkre\u015blanie, \u017ce dbanie o \u015brodowisko naturalne to przede wszystkim kwestia codziennych wybor\u00f3w i ma\u0142ych rzeczy, kt\u00f3re sk\u0142adaj\u0105 si\u0119 na ogromny efekt. &#13; &#13; Akcja b\u0119dzie obejmowa\u0107 wiele porad, konkurs\u00f3w i spotka\u0144 zach\u0119caj\u0105cych odbiorc\u00f3w do wprowadzenia do swoich codziennych nawyk\u00f3w drobnych zmian, kt\u00f3re w szerszej perspektywie maj\u0105 [&hellip;]","og_url":"https:\/\/favorite-news.com\/pl\/barbara-kurdej-szatan-mikolaj-roznerski-olga-kalicka-cezary-i-edyta-pazurowie-wideo\/","og_site_name":"Favorite News","article_published_time":"2019-05-05T20:18:48+00:00","article_modified_time":"2019-05-05T20:18:50+00:00","og_image":[{"width":655,"height":430,"url":"https:\/\/favorite-news.com\/pl\/wp-content\/uploads\/sites\/6\/2019\/05\/Barbara-Kurdej-Szatan-Miko\u0142aj-Roznerski-Olga-Kalicka-Cezary-i-Edyta-Pazurowie.png","type":"image\/png"}],"author":"favorite-news","twitter_card":"summary_large_image","twitter_misc":{"Napisane przez":"favorite-news","Szacowany czas czytania":"1 minuta"},"schema":{"@context":"https:\/\/schema.org","@graph":[{"@type":"Article","@id":"https:\/\/favorite-news.com\/pl\/barbara-kurdej-szatan-mikolaj-roznerski-olga-kalicka-cezary-i-edyta-pazurowie-wideo\/#article","isPartOf":{"@id":"https:\/\/favorite-news.com\/pl\/barbara-kurdej-szatan-mikolaj-roznerski-olga-kalicka-cezary-i-edyta-pazurowie-wideo\/"},"author":{"name":"favorite-news","@id":"https:\/\/favorite-news.com\/pl\/#\/schema\/person\/b91573b717dcfa5e4696032a9d28d3e8"},"headline":"Barbara Kurdej-Szatan, Miko\u0142aj Roznerski, Olga Kalicka, Cezary i Edyta Pazurowie (wideo)","datePublished":"2019-05-05T20:18:48+00:00","dateModified":"2019-05-05T20:18:50+00:00","mainEntityOfPage":{"@id":"https:\/\/favorite-news.com\/pl\/barbara-kurdej-szatan-mikolaj-roznerski-olga-kalicka-cezary-i-edyta-pazurowie-wideo\/"},"wordCount":209,"commentCount":0,"image":{"@id":"https:\/\/favorite-news.com\/pl\/barbara-kurdej-szatan-mikolaj-roznerski-olga-kalicka-cezary-i-edyta-pazurowie-wideo\/#primaryimage"},"thumbnailUrl":"https:\/\/favorite-news.com\/pl\/wp-content\/uploads\/sites\/6\/2019\/05\/Barbara-Kurdej-Szatan-Miko\u0142aj-Roznerski-Olga-Kalicka-Cezary-i-Edyta-Pazurowie.png","articleSection":["WIADOMO\u015aCI MARKETINGOWE INTERNETOWE"],"inLanguage":"pl-PL","potentialAction":[{"@type":"CommentAction","name":"Comment","target":["https:\/\/favorite-news.com\/pl\/barbara-kurdej-szatan-mikolaj-roznerski-olga-kalicka-cezary-i-edyta-pazurowie-wideo\/#respond"]}]},{"@type":"WebPage","@id":"https:\/\/favorite-news.com\/pl\/barbara-kurdej-szatan-mikolaj-roznerski-olga-kalicka-cezary-i-edyta-pazurowie-wideo\/","url":"https:\/\/favorite-news.com\/pl\/barbara-kurdej-szatan-mikolaj-roznerski-olga-kalicka-cezary-i-edyta-pazurowie-wideo\/","name":"Barbara Kurdej-Szatan, Miko\u0142aj Roznerski, Olga Kalicka, Cezary i Edyta Pazurowie (wideo) - Favorite News","isPartOf":{"@id":"https:\/\/favorite-news.com\/pl\/#website"},"primaryImageOfPage":{"@id":"https:\/\/favorite-news.com\/pl\/barbara-kurdej-szatan-mikolaj-roznerski-olga-kalicka-cezary-i-edyta-pazurowie-wideo\/#primaryimage"},"image":{"@id":"https:\/\/favorite-news.com\/pl\/barbara-kurdej-szatan-mikolaj-roznerski-olga-kalicka-cezary-i-edyta-pazurowie-wideo\/#primaryimage"},"thumbnailUrl":"https:\/\/favorite-news.com\/pl\/wp-content\/uploads\/sites\/6\/2019\/05\/Barbara-Kurdej-Szatan-Miko\u0142aj-Roznerski-Olga-Kalicka-Cezary-i-Edyta-Pazurowie.png","datePublished":"2019-05-05T20:18:48+00:00","dateModified":"2019-05-05T20:18:50+00:00","author":{"@id":"https:\/\/favorite-news.com\/pl\/#\/schema\/person\/b91573b717dcfa5e4696032a9d28d3e8"},"breadcrumb":{"@id":"https:\/\/favorite-news.com\/pl\/barbara-kurdej-szatan-mikolaj-roznerski-olga-kalicka-cezary-i-edyta-pazurowie-wideo\/#breadcrumb"},"inLanguage":"pl-PL","potentialAction":[{"@type":"ReadAction","target":["https:\/\/favorite-news.com\/pl\/barbara-kurdej-szatan-mikolaj-roznerski-olga-kalicka-cezary-i-edyta-pazurowie-wideo\/"]}]},{"@type":"ImageObject","inLanguage":"pl-PL","@id":"https:\/\/favorite-news.com\/pl\/barbara-kurdej-szatan-mikolaj-roznerski-olga-kalicka-cezary-i-edyta-pazurowie-wideo\/#primaryimage","url":"https:\/\/favorite-news.com\/pl\/wp-content\/uploads\/sites\/6\/2019\/05\/Barbara-Kurdej-Szatan-Miko\u0142aj-Roznerski-Olga-Kalicka-Cezary-i-Edyta-Pazurowie.png","contentUrl":"https:\/\/favorite-news.com\/pl\/wp-content\/uploads\/sites\/6\/2019\/05\/Barbara-Kurdej-Szatan-Miko\u0142aj-Roznerski-Olga-Kalicka-Cezary-i-Edyta-Pazurowie.png","width":655,"height":430,"caption":"Article"},{"@type":"BreadcrumbList","@id":"https:\/\/favorite-news.com\/pl\/barbara-kurdej-szatan-mikolaj-roznerski-olga-kalicka-cezary-i-edyta-pazurowie-wideo\/#breadcrumb","itemListElement":[{"@type":"ListItem","position":1,"name":"Home","item":"https:\/\/favorite-news.com\/pl\/"},{"@type":"ListItem","position":2,"name":"Barbara Kurdej-Szatan, Miko\u0142aj Roznerski, Olga Kalicka, Cezary i Edyta Pazurowie (wideo)"}]},{"@type":"WebSite","@id":"https:\/\/favorite-news.com\/pl\/#website","url":"https:\/\/favorite-news.com\/pl\/","name":"Favorite News","description":"Favorite News Polska","potentialAction":[{"@type":"SearchAction","target":{"@type":"EntryPoint","urlTemplate":"https:\/\/favorite-news.com\/pl\/?s={search_term_string}"},"query-input":{"@type":"PropertyValueSpecification","valueRequired":true,"valueName":"search_term_string"}}],"inLanguage":"pl-PL"},{"@type":"Person","@id":"https:\/\/favorite-news.com\/pl\/#\/schema\/person\/b91573b717dcfa5e4696032a9d28d3e8","name":"favorite-news","image":{"@type":"ImageObject","inLanguage":"pl-PL","@id":"https:\/\/secure.gravatar.com\/avatar\/6c5a5cb12b74e9d517ee91cf570335b7d16177f1977cc91db161adfa435945a7?s=96&d=mm&r=g","url":"https:\/\/secure.gravatar.com\/avatar\/6c5a5cb12b74e9d517ee91cf570335b7d16177f1977cc91db161adfa435945a7?s=96&d=mm&r=g","contentUrl":"https:\/\/secure.gravatar.com\/avatar\/6c5a5cb12b74e9d517ee91cf570335b7d16177f1977cc91db161adfa435945a7?s=96&d=mm&r=g","caption":"favorite-news"},"url":"https:\/\/favorite-news.com\/pl\/author\/pt\/"}]}},"_links":{"self":[{"href":"https:\/\/favorite-news.com\/pl\/wp-json\/wp\/v2\/posts\/302","targetHints":{"allow":["GET"]}}],"collection":[{"href":"https:\/\/favorite-news.com\/pl\/wp-json\/wp\/v2\/posts"}],"about":[{"href":"https:\/\/favorite-news.com\/pl\/wp-json\/wp\/v2\/types\/post"}],"author":[{"embeddable":true,"href":"https:\/\/favorite-news.com\/pl\/wp-json\/wp\/v2\/users\/2"}],"replies":[{"embeddable":true,"href":"https:\/\/favorite-news.com\/pl\/wp-json\/wp\/v2\/comments?post=302"}],"version-history":[{"count":1,"href":"https:\/\/favorite-news.com\/pl\/wp-json\/wp\/v2\/posts\/302\/revisions"}],"predecessor-version":[{"id":304,"href":"https:\/\/favorite-news.com\/pl\/wp-json\/wp\/v2\/posts\/302\/revisions\/304"}],"wp:featuredmedia":[{"embeddable":true,"href":"https:\/\/favorite-news.com\/pl\/wp-json\/wp\/v2\/media\/303"}],"wp:attachment":[{"href":"https:\/\/favorite-news.com\/pl\/wp-json\/wp\/v2\/media?parent=302"}],"wp:term":[{"taxonomy":"category","embeddable":true,"href":"https:\/\/favorite-news.com\/pl\/wp-json\/wp\/v2\/categories?post=302"},{"taxonomy":"post_tag","embeddable":true,"href":"https:\/\/favorite-news.com\/pl\/wp-json\/wp\/v2\/tags?post=302"}],"curies":[{"name":"wp","href":"https:\/\/api.w.org\/{rel}","templated":true}]}}