{"id":258,"date":"2019-05-02T19:11:34","date_gmt":"2019-05-02T16:11:34","guid":{"rendered":"https:\/\/favorite-news.com\/pl\/ogilvy-zajmie-sie-obsluga-mattela-w-social-mediach-w-europie-trwa-przetarg-na-pr\/"},"modified":"2019-05-02T19:11:35","modified_gmt":"2019-05-02T16:11:35","slug":"ogilvy-zajmie-sie-obsluga-mattela-w-social-mediach-w-europie-trwa-przetarg-na-pr","status":"publish","type":"post","link":"https:\/\/favorite-news.com\/pl\/ogilvy-zajmie-sie-obsluga-mattela-w-social-mediach-w-europie-trwa-przetarg-na-pr\/","title":{"rendered":"Ogilvy zajmie si\u0119 obs\u0142ug\u0105 Mattela w social mediach w Europie, trwa przetarg na PR"},"content":{"rendered":"<p> [ad_1]<br \/>\n<\/p>\n<div id=\"\">\n<p><strong>Obs\u0142ug\u0105 Mattela w regionie EMEA zarz\u0105dza\u0107 b\u0119dzie centrala Ogilvy w Londynie.<\/strong> B\u0119dzie nadzorowa\u0107 prac\u0119 dla takich rynk\u00f3w, jak m.in. Wielka Brytania, Niemcy, Francja, W\u0142ochy, Hiszpania. Szczeg\u00f3\u0142\u00f3w dotycz\u0105cych liczby i nazw agencji bior\u0105cych udzia\u0142 w przetargu wygranym przez Ogilvy nie ujawniono.<\/p>\n<p>&#13;<br \/>\n&#13;<\/p>\n<p>Biura agencji Ogilvy na poszczeg\u00f3lnych rynkach zajm\u0105 si\u0119 ponadto lokaln\u0105 obs\u0142ug\u0105 marki, ale Mattel zapowiada, \u017ce b\u0119dzie r\u00f3wnie\u017c wsp\u00f3\u0142pracowa\u0107 z innymi agencjami przy realizacji konkretnych projekt\u00f3w.<\/p>\n<p>&#13;<br \/>\n&#13;<\/p>\n<p>Mattel b\u0119dzie \u015bwi\u0119towa\u0107 w tym roku 60. urodziny lalki Barbie. Marka skupia si\u0119 ostatnio w swojej komunikacji na promowaniu m.in. r\u00f3\u017cnorodno\u015bci, kwestii LGBT, niepe\u0142nosprawno\u015bci. Marka Barbie ma obecnie na Instagramie 1,4 mln obserwuj\u0105cych.<\/p>\n<p>&#13;<br \/>\n&#13;<\/p>\n<p>&#13;<br \/>\n&#13;<\/p>\n<p>Na pocz\u0105tku kwietnia <strong>Mattel og\u0142osi\u0142 te\u017c przetarg na obs\u0142ug\u0119 w zakresie public relations w Europie<\/strong>. Firma zaprosi\u0142a do niego 5 agencji, a finalnie ma rozmawia\u0107 z trzema.<\/p>\n<p>&#13;<br \/>\n&#13;<\/p>\n<p>W wyniku rozstrzygni\u0119tego przetargu ma zosta\u0107 stworzony tzw. og\u00f3lnoeuropejski model hub-and-spoke, koncentruj\u0105cy si\u0119 na Wielkiej Brytanii i Niemczech, a nast\u0119pnie Francji, Hiszpanii i prawdopodobnie Rosji.<\/p>\n<p>&#13;<br \/>\n&#13;<\/p>\n<p>Wybrana agencja zajmie si\u0119 PR korporacyjnym i konsumenckim oraz obs\u0142ug\u0105 biura prasowego wszystkich marek Mattela. Zwyci\u0119zca tego przetargu ma zosta\u0107 wybrany pod koniec maja, a obs\u0142ug\u0119 firmy rozpocznie ju\u017c w czerwcu br.<\/p>\n<p>&#13;<br \/>\n                            &#13;<br \/>\n&#13;<br \/>\n                            &#13;<br \/>\n&#13;<br \/>\n&#13;<br \/>\n&#13;<br \/>\n&#13;<br \/>\n&#13;<br \/>\n                            &#13;<br \/>\n                                                            &#13;<br \/>\n&#13;<br \/>\n                            &#13;\n                        <\/p><\/div>\n<p><script>(function (d, s, id) {\n        var js, fjs = d.getElementsByTagName(s)[0];\n        if (d.getElementById(id)) return;\n        js = d.createElement(s);\n        js.id = id;\n        js.src = \"http:\/\/connect.facebook.net\/pl_PL\/sdk.js#xfbml=1&version=v2.6&appId=297996717062470\";\n        fjs.parentNode.insertBefore(js, fjs);\n    }(document, 'script', 'facebook-jssdk'));<\/script><br \/>\n<br \/>[ad_2]<br \/>\n<br \/><a href=\"https:\/\/www.wirtualnemedia.pl\/artykul\/ogilvy-zajmie-sie-obsluga-mattela-w-social-mediach-w-europie-trwa-przetarg-na-pr\">Source link <\/a><\/p>\n","protected":false},"excerpt":{"rendered":"<p>[ad_1] Obs\u0142ug\u0105 Mattela w regionie EMEA zarz\u0105dza\u0107 b\u0119dzie centrala Ogilvy w Londynie. B\u0119dzie nadzorowa\u0107 prac\u0119 dla takich rynk\u00f3w, jak m.in. Wielka Brytania, Niemcy, Francja, W\u0142ochy, Hiszpania. Szczeg\u00f3\u0142\u00f3w dotycz\u0105cych liczby i nazw agencji bior\u0105cych udzia\u0142 w przetargu wygranym przez Ogilvy nie ujawniono. &#13; &#13; Biura agencji Ogilvy na poszczeg\u00f3lnych rynkach zajm\u0105 si\u0119 ponadto lokaln\u0105 obs\u0142ug\u0105 marki, [&hellip;]<\/p>\n","protected":false},"author":2,"featured_media":259,"comment_status":"open","ping_status":"open","sticky":false,"template":"","format":"standard","meta":{"footnotes":""},"categories":[2],"tags":[],"class_list":["post-258","post","type-post","status-publish","format-standard","has-post-thumbnail","hentry","category-wiadomosci-marketingowe-internetowe"],"yoast_head":"<!-- This site is optimized with the Yoast SEO plugin v27.4 - https:\/\/yoast.com\/product\/yoast-seo-wordpress\/ -->\n<title>Ogilvy zajmie si\u0119 obs\u0142ug\u0105 Mattela w social mediach w Europie, trwa przetarg na PR - Favorite News<\/title>\n<meta name=\"robots\" content=\"index, follow, max-snippet:-1, max-image-preview:large, max-video-preview:-1\" \/>\n<link rel=\"canonical\" href=\"https:\/\/favorite-news.com\/pl\/ogilvy-zajmie-sie-obsluga-mattela-w-social-mediach-w-europie-trwa-przetarg-na-pr\/\" \/>\n<meta property=\"og:locale\" content=\"pl_PL\" \/>\n<meta property=\"og:type\" content=\"article\" \/>\n<meta property=\"og:title\" content=\"Ogilvy zajmie si\u0119 obs\u0142ug\u0105 Mattela w social mediach w Europie, trwa przetarg na PR - Favorite News\" \/>\n<meta property=\"og:description\" content=\"[ad_1] Obs\u0142ug\u0105 Mattela w regionie EMEA zarz\u0105dza\u0107 b\u0119dzie centrala Ogilvy w Londynie. B\u0119dzie nadzorowa\u0107 prac\u0119 dla takich rynk\u00f3w, jak m.in. Wielka Brytania, Niemcy, Francja, W\u0142ochy, Hiszpania. Szczeg\u00f3\u0142\u00f3w dotycz\u0105cych liczby i nazw agencji bior\u0105cych udzia\u0142 w przetargu wygranym przez Ogilvy nie ujawniono. &#013; &#013; Biura agencji Ogilvy na poszczeg\u00f3lnych rynkach zajm\u0105 si\u0119 ponadto lokaln\u0105 obs\u0142ug\u0105 marki, [&hellip;]\" \/>\n<meta property=\"og:url\" content=\"https:\/\/favorite-news.com\/pl\/ogilvy-zajmie-sie-obsluga-mattela-w-social-mediach-w-europie-trwa-przetarg-na-pr\/\" \/>\n<meta property=\"og:site_name\" content=\"Favorite News\" \/>\n<meta property=\"article:published_time\" content=\"2019-05-02T16:11:34+00:00\" \/>\n<meta property=\"article:modified_time\" content=\"2019-05-02T16:11:35+00:00\" \/>\n<meta property=\"og:image\" content=\"https:\/\/favorite-news.com\/pl\/wp-content\/uploads\/sites\/6\/2019\/05\/Ogilvy-zajmie-si\u0119-obs\u0142ug\u0105-Mattela-w-social-mediach-w-Europie.jpg\" \/>\n\t<meta property=\"og:image:width\" content=\"655\" \/>\n\t<meta property=\"og:image:height\" content=\"491\" \/>\n\t<meta property=\"og:image:type\" content=\"image\/jpeg\" \/>\n<meta name=\"author\" content=\"favorite-news\" \/>\n<meta name=\"twitter:card\" content=\"summary_large_image\" \/>\n<meta name=\"twitter:label1\" content=\"Napisane przez\" \/>\n\t<meta name=\"twitter:data1\" content=\"favorite-news\" \/>\n\t<meta name=\"twitter:label2\" content=\"Szacowany czas czytania\" \/>\n\t<meta name=\"twitter:data2\" content=\"1 minuta\" \/>\n<script type=\"application\/ld+json\" class=\"yoast-schema-graph\">{\"@context\":\"https:\\\/\\\/schema.org\",\"@graph\":[{\"@type\":\"Article\",\"@id\":\"https:\\\/\\\/favorite-news.com\\\/pl\\\/ogilvy-zajmie-sie-obsluga-mattela-w-social-mediach-w-europie-trwa-przetarg-na-pr\\\/#article\",\"isPartOf\":{\"@id\":\"https:\\\/\\\/favorite-news.com\\\/pl\\\/ogilvy-zajmie-sie-obsluga-mattela-w-social-mediach-w-europie-trwa-przetarg-na-pr\\\/\"},\"author\":{\"name\":\"favorite-news\",\"@id\":\"https:\\\/\\\/favorite-news.com\\\/pl\\\/#\\\/schema\\\/person\\\/b91573b717dcfa5e4696032a9d28d3e8\"},\"headline\":\"Ogilvy zajmie si\u0119 obs\u0142ug\u0105 Mattela w social mediach w Europie, trwa przetarg na PR\",\"datePublished\":\"2019-05-02T16:11:34+00:00\",\"dateModified\":\"2019-05-02T16:11:35+00:00\",\"mainEntityOfPage\":{\"@id\":\"https:\\\/\\\/favorite-news.com\\\/pl\\\/ogilvy-zajmie-sie-obsluga-mattela-w-social-mediach-w-europie-trwa-przetarg-na-pr\\\/\"},\"wordCount\":234,\"commentCount\":0,\"image\":{\"@id\":\"https:\\\/\\\/favorite-news.com\\\/pl\\\/ogilvy-zajmie-sie-obsluga-mattela-w-social-mediach-w-europie-trwa-przetarg-na-pr\\\/#primaryimage\"},\"thumbnailUrl\":\"https:\\\/\\\/favorite-news.com\\\/pl\\\/wp-content\\\/uploads\\\/sites\\\/6\\\/2019\\\/05\\\/Ogilvy-zajmie-si\u0119-obs\u0142ug\u0105-Mattela-w-social-mediach-w-Europie.jpg\",\"articleSection\":[\"WIADOMO\u015aCI MARKETINGOWE INTERNETOWE\"],\"inLanguage\":\"pl-PL\",\"potentialAction\":[{\"@type\":\"CommentAction\",\"name\":\"Comment\",\"target\":[\"https:\\\/\\\/favorite-news.com\\\/pl\\\/ogilvy-zajmie-sie-obsluga-mattela-w-social-mediach-w-europie-trwa-przetarg-na-pr\\\/#respond\"]}]},{\"@type\":\"WebPage\",\"@id\":\"https:\\\/\\\/favorite-news.com\\\/pl\\\/ogilvy-zajmie-sie-obsluga-mattela-w-social-mediach-w-europie-trwa-przetarg-na-pr\\\/\",\"url\":\"https:\\\/\\\/favorite-news.com\\\/pl\\\/ogilvy-zajmie-sie-obsluga-mattela-w-social-mediach-w-europie-trwa-przetarg-na-pr\\\/\",\"name\":\"Ogilvy zajmie si\u0119 obs\u0142ug\u0105 Mattela w social mediach w Europie, trwa przetarg na PR - Favorite News\",\"isPartOf\":{\"@id\":\"https:\\\/\\\/favorite-news.com\\\/pl\\\/#website\"},\"primaryImageOfPage\":{\"@id\":\"https:\\\/\\\/favorite-news.com\\\/pl\\\/ogilvy-zajmie-sie-obsluga-mattela-w-social-mediach-w-europie-trwa-przetarg-na-pr\\\/#primaryimage\"},\"image\":{\"@id\":\"https:\\\/\\\/favorite-news.com\\\/pl\\\/ogilvy-zajmie-sie-obsluga-mattela-w-social-mediach-w-europie-trwa-przetarg-na-pr\\\/#primaryimage\"},\"thumbnailUrl\":\"https:\\\/\\\/favorite-news.com\\\/pl\\\/wp-content\\\/uploads\\\/sites\\\/6\\\/2019\\\/05\\\/Ogilvy-zajmie-si\u0119-obs\u0142ug\u0105-Mattela-w-social-mediach-w-Europie.jpg\",\"datePublished\":\"2019-05-02T16:11:34+00:00\",\"dateModified\":\"2019-05-02T16:11:35+00:00\",\"author\":{\"@id\":\"https:\\\/\\\/favorite-news.com\\\/pl\\\/#\\\/schema\\\/person\\\/b91573b717dcfa5e4696032a9d28d3e8\"},\"breadcrumb\":{\"@id\":\"https:\\\/\\\/favorite-news.com\\\/pl\\\/ogilvy-zajmie-sie-obsluga-mattela-w-social-mediach-w-europie-trwa-przetarg-na-pr\\\/#breadcrumb\"},\"inLanguage\":\"pl-PL\",\"potentialAction\":[{\"@type\":\"ReadAction\",\"target\":[\"https:\\\/\\\/favorite-news.com\\\/pl\\\/ogilvy-zajmie-sie-obsluga-mattela-w-social-mediach-w-europie-trwa-przetarg-na-pr\\\/\"]}]},{\"@type\":\"ImageObject\",\"inLanguage\":\"pl-PL\",\"@id\":\"https:\\\/\\\/favorite-news.com\\\/pl\\\/ogilvy-zajmie-sie-obsluga-mattela-w-social-mediach-w-europie-trwa-przetarg-na-pr\\\/#primaryimage\",\"url\":\"https:\\\/\\\/favorite-news.com\\\/pl\\\/wp-content\\\/uploads\\\/sites\\\/6\\\/2019\\\/05\\\/Ogilvy-zajmie-si\u0119-obs\u0142ug\u0105-Mattela-w-social-mediach-w-Europie.jpg\",\"contentUrl\":\"https:\\\/\\\/favorite-news.com\\\/pl\\\/wp-content\\\/uploads\\\/sites\\\/6\\\/2019\\\/05\\\/Ogilvy-zajmie-si\u0119-obs\u0142ug\u0105-Mattela-w-social-mediach-w-Europie.jpg\",\"width\":655,\"height\":491,\"caption\":\"Article\"},{\"@type\":\"BreadcrumbList\",\"@id\":\"https:\\\/\\\/favorite-news.com\\\/pl\\\/ogilvy-zajmie-sie-obsluga-mattela-w-social-mediach-w-europie-trwa-przetarg-na-pr\\\/#breadcrumb\",\"itemListElement\":[{\"@type\":\"ListItem\",\"position\":1,\"name\":\"Home\",\"item\":\"https:\\\/\\\/favorite-news.com\\\/pl\\\/\"},{\"@type\":\"ListItem\",\"position\":2,\"name\":\"Ogilvy zajmie si\u0119 obs\u0142ug\u0105 Mattela w social mediach w Europie, trwa przetarg na PR\"}]},{\"@type\":\"WebSite\",\"@id\":\"https:\\\/\\\/favorite-news.com\\\/pl\\\/#website\",\"url\":\"https:\\\/\\\/favorite-news.com\\\/pl\\\/\",\"name\":\"Favorite News\",\"description\":\"Favorite News Polska\",\"potentialAction\":[{\"@type\":\"SearchAction\",\"target\":{\"@type\":\"EntryPoint\",\"urlTemplate\":\"https:\\\/\\\/favorite-news.com\\\/pl\\\/?s={search_term_string}\"},\"query-input\":{\"@type\":\"PropertyValueSpecification\",\"valueRequired\":true,\"valueName\":\"search_term_string\"}}],\"inLanguage\":\"pl-PL\"},{\"@type\":\"Person\",\"@id\":\"https:\\\/\\\/favorite-news.com\\\/pl\\\/#\\\/schema\\\/person\\\/b91573b717dcfa5e4696032a9d28d3e8\",\"name\":\"favorite-news\",\"image\":{\"@type\":\"ImageObject\",\"inLanguage\":\"pl-PL\",\"@id\":\"https:\\\/\\\/secure.gravatar.com\\\/avatar\\\/6c5a5cb12b74e9d517ee91cf570335b7d16177f1977cc91db161adfa435945a7?s=96&d=mm&r=g\",\"url\":\"https:\\\/\\\/secure.gravatar.com\\\/avatar\\\/6c5a5cb12b74e9d517ee91cf570335b7d16177f1977cc91db161adfa435945a7?s=96&d=mm&r=g\",\"contentUrl\":\"https:\\\/\\\/secure.gravatar.com\\\/avatar\\\/6c5a5cb12b74e9d517ee91cf570335b7d16177f1977cc91db161adfa435945a7?s=96&d=mm&r=g\",\"caption\":\"favorite-news\"},\"url\":\"https:\\\/\\\/favorite-news.com\\\/pl\\\/author\\\/pt\\\/\"}]}<\/script>\n<!-- \/ Yoast SEO plugin. -->","yoast_head_json":{"title":"Ogilvy zajmie si\u0119 obs\u0142ug\u0105 Mattela w social mediach w Europie, trwa przetarg na PR - Favorite News","robots":{"index":"index","follow":"follow","max-snippet":"max-snippet:-1","max-image-preview":"max-image-preview:large","max-video-preview":"max-video-preview:-1"},"canonical":"https:\/\/favorite-news.com\/pl\/ogilvy-zajmie-sie-obsluga-mattela-w-social-mediach-w-europie-trwa-przetarg-na-pr\/","og_locale":"pl_PL","og_type":"article","og_title":"Ogilvy zajmie si\u0119 obs\u0142ug\u0105 Mattela w social mediach w Europie, trwa przetarg na PR - Favorite News","og_description":"[ad_1] Obs\u0142ug\u0105 Mattela w regionie EMEA zarz\u0105dza\u0107 b\u0119dzie centrala Ogilvy w Londynie. B\u0119dzie nadzorowa\u0107 prac\u0119 dla takich rynk\u00f3w, jak m.in. Wielka Brytania, Niemcy, Francja, W\u0142ochy, Hiszpania. Szczeg\u00f3\u0142\u00f3w dotycz\u0105cych liczby i nazw agencji bior\u0105cych udzia\u0142 w przetargu wygranym przez Ogilvy nie ujawniono. &#13; &#13; Biura agencji Ogilvy na poszczeg\u00f3lnych rynkach zajm\u0105 si\u0119 ponadto lokaln\u0105 obs\u0142ug\u0105 marki, [&hellip;]","og_url":"https:\/\/favorite-news.com\/pl\/ogilvy-zajmie-sie-obsluga-mattela-w-social-mediach-w-europie-trwa-przetarg-na-pr\/","og_site_name":"Favorite News","article_published_time":"2019-05-02T16:11:34+00:00","article_modified_time":"2019-05-02T16:11:35+00:00","og_image":[{"width":655,"height":491,"url":"https:\/\/favorite-news.com\/pl\/wp-content\/uploads\/sites\/6\/2019\/05\/Ogilvy-zajmie-si\u0119-obs\u0142ug\u0105-Mattela-w-social-mediach-w-Europie.jpg","type":"image\/jpeg"}],"author":"favorite-news","twitter_card":"summary_large_image","twitter_misc":{"Napisane przez":"favorite-news","Szacowany czas czytania":"1 minuta"},"schema":{"@context":"https:\/\/schema.org","@graph":[{"@type":"Article","@id":"https:\/\/favorite-news.com\/pl\/ogilvy-zajmie-sie-obsluga-mattela-w-social-mediach-w-europie-trwa-przetarg-na-pr\/#article","isPartOf":{"@id":"https:\/\/favorite-news.com\/pl\/ogilvy-zajmie-sie-obsluga-mattela-w-social-mediach-w-europie-trwa-przetarg-na-pr\/"},"author":{"name":"favorite-news","@id":"https:\/\/favorite-news.com\/pl\/#\/schema\/person\/b91573b717dcfa5e4696032a9d28d3e8"},"headline":"Ogilvy zajmie si\u0119 obs\u0142ug\u0105 Mattela w social mediach w Europie, trwa przetarg na PR","datePublished":"2019-05-02T16:11:34+00:00","dateModified":"2019-05-02T16:11:35+00:00","mainEntityOfPage":{"@id":"https:\/\/favorite-news.com\/pl\/ogilvy-zajmie-sie-obsluga-mattela-w-social-mediach-w-europie-trwa-przetarg-na-pr\/"},"wordCount":234,"commentCount":0,"image":{"@id":"https:\/\/favorite-news.com\/pl\/ogilvy-zajmie-sie-obsluga-mattela-w-social-mediach-w-europie-trwa-przetarg-na-pr\/#primaryimage"},"thumbnailUrl":"https:\/\/favorite-news.com\/pl\/wp-content\/uploads\/sites\/6\/2019\/05\/Ogilvy-zajmie-si\u0119-obs\u0142ug\u0105-Mattela-w-social-mediach-w-Europie.jpg","articleSection":["WIADOMO\u015aCI MARKETINGOWE INTERNETOWE"],"inLanguage":"pl-PL","potentialAction":[{"@type":"CommentAction","name":"Comment","target":["https:\/\/favorite-news.com\/pl\/ogilvy-zajmie-sie-obsluga-mattela-w-social-mediach-w-europie-trwa-przetarg-na-pr\/#respond"]}]},{"@type":"WebPage","@id":"https:\/\/favorite-news.com\/pl\/ogilvy-zajmie-sie-obsluga-mattela-w-social-mediach-w-europie-trwa-przetarg-na-pr\/","url":"https:\/\/favorite-news.com\/pl\/ogilvy-zajmie-sie-obsluga-mattela-w-social-mediach-w-europie-trwa-przetarg-na-pr\/","name":"Ogilvy zajmie si\u0119 obs\u0142ug\u0105 Mattela w social mediach w Europie, trwa przetarg na PR - Favorite News","isPartOf":{"@id":"https:\/\/favorite-news.com\/pl\/#website"},"primaryImageOfPage":{"@id":"https:\/\/favorite-news.com\/pl\/ogilvy-zajmie-sie-obsluga-mattela-w-social-mediach-w-europie-trwa-przetarg-na-pr\/#primaryimage"},"image":{"@id":"https:\/\/favorite-news.com\/pl\/ogilvy-zajmie-sie-obsluga-mattela-w-social-mediach-w-europie-trwa-przetarg-na-pr\/#primaryimage"},"thumbnailUrl":"https:\/\/favorite-news.com\/pl\/wp-content\/uploads\/sites\/6\/2019\/05\/Ogilvy-zajmie-si\u0119-obs\u0142ug\u0105-Mattela-w-social-mediach-w-Europie.jpg","datePublished":"2019-05-02T16:11:34+00:00","dateModified":"2019-05-02T16:11:35+00:00","author":{"@id":"https:\/\/favorite-news.com\/pl\/#\/schema\/person\/b91573b717dcfa5e4696032a9d28d3e8"},"breadcrumb":{"@id":"https:\/\/favorite-news.com\/pl\/ogilvy-zajmie-sie-obsluga-mattela-w-social-mediach-w-europie-trwa-przetarg-na-pr\/#breadcrumb"},"inLanguage":"pl-PL","potentialAction":[{"@type":"ReadAction","target":["https:\/\/favorite-news.com\/pl\/ogilvy-zajmie-sie-obsluga-mattela-w-social-mediach-w-europie-trwa-przetarg-na-pr\/"]}]},{"@type":"ImageObject","inLanguage":"pl-PL","@id":"https:\/\/favorite-news.com\/pl\/ogilvy-zajmie-sie-obsluga-mattela-w-social-mediach-w-europie-trwa-przetarg-na-pr\/#primaryimage","url":"https:\/\/favorite-news.com\/pl\/wp-content\/uploads\/sites\/6\/2019\/05\/Ogilvy-zajmie-si\u0119-obs\u0142ug\u0105-Mattela-w-social-mediach-w-Europie.jpg","contentUrl":"https:\/\/favorite-news.com\/pl\/wp-content\/uploads\/sites\/6\/2019\/05\/Ogilvy-zajmie-si\u0119-obs\u0142ug\u0105-Mattela-w-social-mediach-w-Europie.jpg","width":655,"height":491,"caption":"Article"},{"@type":"BreadcrumbList","@id":"https:\/\/favorite-news.com\/pl\/ogilvy-zajmie-sie-obsluga-mattela-w-social-mediach-w-europie-trwa-przetarg-na-pr\/#breadcrumb","itemListElement":[{"@type":"ListItem","position":1,"name":"Home","item":"https:\/\/favorite-news.com\/pl\/"},{"@type":"ListItem","position":2,"name":"Ogilvy zajmie si\u0119 obs\u0142ug\u0105 Mattela w social mediach w Europie, trwa przetarg na PR"}]},{"@type":"WebSite","@id":"https:\/\/favorite-news.com\/pl\/#website","url":"https:\/\/favorite-news.com\/pl\/","name":"Favorite News","description":"Favorite News Polska","potentialAction":[{"@type":"SearchAction","target":{"@type":"EntryPoint","urlTemplate":"https:\/\/favorite-news.com\/pl\/?s={search_term_string}"},"query-input":{"@type":"PropertyValueSpecification","valueRequired":true,"valueName":"search_term_string"}}],"inLanguage":"pl-PL"},{"@type":"Person","@id":"https:\/\/favorite-news.com\/pl\/#\/schema\/person\/b91573b717dcfa5e4696032a9d28d3e8","name":"favorite-news","image":{"@type":"ImageObject","inLanguage":"pl-PL","@id":"https:\/\/secure.gravatar.com\/avatar\/6c5a5cb12b74e9d517ee91cf570335b7d16177f1977cc91db161adfa435945a7?s=96&d=mm&r=g","url":"https:\/\/secure.gravatar.com\/avatar\/6c5a5cb12b74e9d517ee91cf570335b7d16177f1977cc91db161adfa435945a7?s=96&d=mm&r=g","contentUrl":"https:\/\/secure.gravatar.com\/avatar\/6c5a5cb12b74e9d517ee91cf570335b7d16177f1977cc91db161adfa435945a7?s=96&d=mm&r=g","caption":"favorite-news"},"url":"https:\/\/favorite-news.com\/pl\/author\/pt\/"}]}},"_links":{"self":[{"href":"https:\/\/favorite-news.com\/pl\/wp-json\/wp\/v2\/posts\/258","targetHints":{"allow":["GET"]}}],"collection":[{"href":"https:\/\/favorite-news.com\/pl\/wp-json\/wp\/v2\/posts"}],"about":[{"href":"https:\/\/favorite-news.com\/pl\/wp-json\/wp\/v2\/types\/post"}],"author":[{"embeddable":true,"href":"https:\/\/favorite-news.com\/pl\/wp-json\/wp\/v2\/users\/2"}],"replies":[{"embeddable":true,"href":"https:\/\/favorite-news.com\/pl\/wp-json\/wp\/v2\/comments?post=258"}],"version-history":[{"count":1,"href":"https:\/\/favorite-news.com\/pl\/wp-json\/wp\/v2\/posts\/258\/revisions"}],"predecessor-version":[{"id":260,"href":"https:\/\/favorite-news.com\/pl\/wp-json\/wp\/v2\/posts\/258\/revisions\/260"}],"wp:featuredmedia":[{"embeddable":true,"href":"https:\/\/favorite-news.com\/pl\/wp-json\/wp\/v2\/media\/259"}],"wp:attachment":[{"href":"https:\/\/favorite-news.com\/pl\/wp-json\/wp\/v2\/media?parent=258"}],"wp:term":[{"taxonomy":"category","embeddable":true,"href":"https:\/\/favorite-news.com\/pl\/wp-json\/wp\/v2\/categories?post=258"},{"taxonomy":"post_tag","embeddable":true,"href":"https:\/\/favorite-news.com\/pl\/wp-json\/wp\/v2\/tags?post=258"}],"curies":[{"name":"wp","href":"https:\/\/api.w.org\/{rel}","templated":true}]}}