{"id":201,"date":"2019-04-29T20:59:46","date_gmt":"2019-04-29T17:59:46","guid":{"rendered":"https:\/\/favorite-news.com\/pl\/spar-group-z-rpa-nowym-wlascicielem-sieci-piotr-i-pawel\/"},"modified":"2019-04-29T20:59:47","modified_gmt":"2019-04-29T17:59:47","slug":"spar-group-z-rpa-nowym-wlascicielem-sieci-piotr-i-pawel","status":"publish","type":"post","link":"https:\/\/favorite-news.com\/pl\/spar-group-z-rpa-nowym-wlascicielem-sieci-piotr-i-pawel\/","title":{"rendered":"Spar Group z RPA nowym w\u0142a\u015bcicielem sieci Piotr i Pawe\u0142"},"content":{"rendered":"<p> [ad_1]<br \/>\n<\/p>\n<div id=\"\">\n<p>W pi\u0105tek w Poznaniu sp\u00f3\u0142ka Spar Group Ltd z RPA podpisa\u0142a list intencyjny w sprawie nabycia wi\u0119kszo\u015bciowych udzia\u0142\u00f3w w sieci delikates\u00f3w Piotr i Pawe\u0142. Nab\u0119dzie je od fundusz\u00f3w nale\u017c\u0105cych do TFI Capital Partners. Te zachowaj\u0105 mniejszo\u015bciowy pakiet udzia\u0142\u00f3w po sfinalizowaniu transakcji.<\/p>\n<p>&#13;<br \/>\n&#13;<\/p>\n<p>W najbli\u017cszych tygodniach<strong> ma zosta\u0107 podpisana wst\u0119pna umowa pomi\u0119dzy Spar a TFI Capital Partners<\/strong>, nast\u0119pnie zostanie z\u0142o\u017cony wniosek do UOKiK w celu uzyskania zgody na realizacj\u0119 transakcji. Po jej uzyskaniu ma zosta\u0107 utworzona nowa sp\u00f3\u0142ka, kt\u00f3ra zostanie wi\u0119kszo\u015bciowym udzia\u0142owcem sieci Piotr i Pawe\u0142. Mniejszo\u015bciowy pakiet udzia\u0142\u00f3w zachowaj\u0105 fundusze TFI Capital Partners, kt\u00f3re przej\u0119\u0142y Piotra i Paw\u0142a od rodziny Wosi\u00f3w w lutym ub.r.<\/p>\n<p>&#13;<br \/>\n&#13;<\/p>\n<p>Dopiero po uzyskaniu wymaganych zg\u00f3d zwi\u0105zanych z inwestycj\u0105 Spar Group poda szczeg\u00f3\u0142y zawieranej transakcji.<\/p>\n<p>&#13;<br \/>\n&#13;<\/p>\n<p><span style=\"font-size:20px;\"><strong>Wielomiesi\u0119czne poszukiwanie inwestora<\/strong><\/span><\/p>\n<p>&#13;<br \/>\n&#13;<\/p>\n<p>Sie\u0107 delikates\u00f3w Piotr i Pawe\u0142 istnieje od 1990 roku. Za\u0142o\u017cyli j\u0105 Piotr, Pawe\u0142 i Eleonora Wosiowie. Problemy finansowe sieci zacz\u0119\u0142y si\u0119 jesieni\u0105 2017 roku. Na p\u00f3\u0142kach brakowa\u0142o towar\u00f3w, dostawcy skar\u017cyli si\u0119 na brak p\u0142atno\u015bci. Od tego czasu g\u0142o\u015bno by\u0142o o poszukiwaniu inwestora przez sie\u0107.<\/p>\n<p>&#13;<br \/>\n&#13;<\/p>\n<p>\u00a0W po\u0142owie 2018 roku pojawi\u0142y si\u0119 informacje, \u017ce najbli\u017csza kupna tej sieci jest sie\u0107 sklep\u00f3w Biedronka nale\u017c\u0105ca do Jeronimo Martins Polska. Ta portugalska firma przej\u0119\u0142a jednak tylko kilka sklep\u00f3w od Piotra i Paw\u0142a i otworzy\u0142a w tych lokalizacjach swoje kolejne sklepy, ale w nowym formacie.<\/p>\n<p>&#13;<br \/>\n&#13;<\/p>\n<p>&#13;<br \/>\n&#13;<\/p>\n<p>W\u0142a\u015bcicielem kilku plac\u00f3wek zosta\u0142 te\u017c Carrefour Polska, r\u00f3wnie\u017c wymieniany jako potencjalny inwestor.<\/p>\n<p>&#13;<br \/>\n&#13;<\/p>\n<p><span style=\"font-size:20px;\"><strong>Sie\u0107 Piotr i Pawe\u0142 to obecnie 70 sklep\u00f3w<\/strong><\/span><\/p>\n<p>&#13;<br \/>\n&#13;<\/p>\n<p>W ci\u0105gu minionego roku sie\u0107 Piotr i Pawe\u0142 podejmowa\u0142a szereg dzia\u0142a\u0144 maj\u0105cych na celu popraw\u0119 jej kondycji finansowej. W efekcie <strong>liczb\u0119 sklep\u00f3w zredukowano z ok. 150 do 70 obecnie.<\/strong><\/p>\n<p>&#13;<br \/>\n&#13;<\/p>\n<p>&#13;<br \/>\n&#13;<\/p>\n<p>Sp\u00f3\u0142ka Spar Group Ltd. jest notowana na gie\u0142dzie w Johannesburgu. Dzia\u0142a w RPA oraz innych krajach afryka\u0144skich, w Irlandii, po\u0142udniowo-zachodniej Anglii i Szwajcarii.<\/p>\n<p>&#13;<br \/>\n&#13;<\/p>\n<p>Sie\u0107 handlowa Spar International powsta\u0142a na pocz\u0105tku lat 30. XX wieku w Holandii. Obecnie pod tym szyldem dzia\u0142a ponad 12,5 tys. sklep\u00f3w w ponad 40 krajach \u015bwiata. R\u00f3wnie\u017c w Polsce &#8211; jest to ok. 250 sklep\u00f3w, kt\u00f3re prowadzi sp\u00f3\u0142ka Spar Polska nale\u017c\u0105ca do Grupy Ba\u0107-Pol.<\/p>\n<p>&#13;<br \/>\n                            &#13;<br \/>\n&#13;<br \/>\n                            &#13;<br \/>\n&#13;<br \/>\n&#13;<br \/>\n&#13;<br \/>\n&#13;<br \/>\n&#13;<br \/>\n                            &#13;<br \/>\n                                                            &#13;<br \/>\n&#13;<br \/>\n                            &#13;\n                        <\/p><\/div>\n<p><script>(function (d, s, id) {\n        var js, fjs = d.getElementsByTagName(s)[0];\n        if (d.getElementById(id)) return;\n        js = d.createElement(s);\n        js.id = id;\n        js.src = \"http:\/\/connect.facebook.net\/pl_PL\/sdk.js#xfbml=1&version=v2.6&appId=297996717062470\";\n        fjs.parentNode.insertBefore(js, fjs);\n    }(document, 'script', 'facebook-jssdk'));<\/script><br \/>\n<br \/>[ad_2]<br \/>\n<br \/><a href=\"https:\/\/www.wirtualnemedia.pl\/artykul\/spar-group-z-rpa-nowym-wlascicielem-sieci-piotr-i-pawel\">Source link <\/a><\/p>\n","protected":false},"excerpt":{"rendered":"<p>[ad_1] W pi\u0105tek w Poznaniu sp\u00f3\u0142ka Spar Group Ltd z RPA podpisa\u0142a list intencyjny w sprawie nabycia wi\u0119kszo\u015bciowych udzia\u0142\u00f3w w sieci delikates\u00f3w Piotr i Pawe\u0142. Nab\u0119dzie je od fundusz\u00f3w nale\u017c\u0105cych do TFI Capital Partners. Te zachowaj\u0105 mniejszo\u015bciowy pakiet udzia\u0142\u00f3w po sfinalizowaniu transakcji. &#13; &#13; W najbli\u017cszych tygodniach ma zosta\u0107 podpisana wst\u0119pna umowa pomi\u0119dzy Spar a [&hellip;]<\/p>\n","protected":false},"author":2,"featured_media":202,"comment_status":"open","ping_status":"open","sticky":false,"template":"","format":"standard","meta":{"footnotes":""},"categories":[2],"tags":[],"class_list":["post-201","post","type-post","status-publish","format-standard","has-post-thumbnail","hentry","category-wiadomosci-marketingowe-internetowe"],"yoast_head":"<!-- This site is optimized with the Yoast SEO plugin v27.4 - https:\/\/yoast.com\/product\/yoast-seo-wordpress\/ -->\n<title>Spar Group z RPA nowym w\u0142a\u015bcicielem sieci Piotr i Pawe\u0142 - Favorite News<\/title>\n<meta name=\"robots\" content=\"index, follow, max-snippet:-1, max-image-preview:large, max-video-preview:-1\" \/>\n<link rel=\"canonical\" href=\"https:\/\/favorite-news.com\/pl\/spar-group-z-rpa-nowym-wlascicielem-sieci-piotr-i-pawel\/\" \/>\n<meta property=\"og:locale\" content=\"pl_PL\" \/>\n<meta property=\"og:type\" content=\"article\" \/>\n<meta property=\"og:title\" content=\"Spar Group z RPA nowym w\u0142a\u015bcicielem sieci Piotr i Pawe\u0142 - Favorite News\" \/>\n<meta property=\"og:description\" content=\"[ad_1] W pi\u0105tek w Poznaniu sp\u00f3\u0142ka Spar Group Ltd z RPA podpisa\u0142a list intencyjny w sprawie nabycia wi\u0119kszo\u015bciowych udzia\u0142\u00f3w w sieci delikates\u00f3w Piotr i Pawe\u0142. Nab\u0119dzie je od fundusz\u00f3w nale\u017c\u0105cych do TFI Capital Partners. Te zachowaj\u0105 mniejszo\u015bciowy pakiet udzia\u0142\u00f3w po sfinalizowaniu transakcji. &#013; &#013; W najbli\u017cszych tygodniach ma zosta\u0107 podpisana wst\u0119pna umowa pomi\u0119dzy Spar a [&hellip;]\" \/>\n<meta property=\"og:url\" content=\"https:\/\/favorite-news.com\/pl\/spar-group-z-rpa-nowym-wlascicielem-sieci-piotr-i-pawel\/\" \/>\n<meta property=\"og:site_name\" content=\"Favorite News\" \/>\n<meta property=\"article:published_time\" content=\"2019-04-29T17:59:46+00:00\" \/>\n<meta property=\"article:modified_time\" content=\"2019-04-29T17:59:47+00:00\" \/>\n<meta property=\"og:image\" content=\"https:\/\/favorite-news.com\/pl\/wp-content\/uploads\/sites\/6\/2019\/04\/Spar-Group-z-RPA-nowym-w\u0142a\u015bcicielem-sieci-Piotr-i-Pawe\u0142.jpg\" \/>\n\t<meta property=\"og:image:width\" content=\"655\" \/>\n\t<meta property=\"og:image:height\" content=\"455\" \/>\n\t<meta property=\"og:image:type\" content=\"image\/jpeg\" \/>\n<meta name=\"author\" content=\"favorite-news\" \/>\n<meta name=\"twitter:card\" content=\"summary_large_image\" \/>\n<meta name=\"twitter:label1\" content=\"Napisane przez\" \/>\n\t<meta name=\"twitter:data1\" content=\"favorite-news\" \/>\n\t<meta name=\"twitter:label2\" content=\"Szacowany czas czytania\" \/>\n\t<meta name=\"twitter:data2\" content=\"2 minuty\" \/>\n<script type=\"application\/ld+json\" class=\"yoast-schema-graph\">{\"@context\":\"https:\\\/\\\/schema.org\",\"@graph\":[{\"@type\":\"Article\",\"@id\":\"https:\\\/\\\/favorite-news.com\\\/pl\\\/spar-group-z-rpa-nowym-wlascicielem-sieci-piotr-i-pawel\\\/#article\",\"isPartOf\":{\"@id\":\"https:\\\/\\\/favorite-news.com\\\/pl\\\/spar-group-z-rpa-nowym-wlascicielem-sieci-piotr-i-pawel\\\/\"},\"author\":{\"name\":\"favorite-news\",\"@id\":\"https:\\\/\\\/favorite-news.com\\\/pl\\\/#\\\/schema\\\/person\\\/b91573b717dcfa5e4696032a9d28d3e8\"},\"headline\":\"Spar Group z RPA nowym w\u0142a\u015bcicielem sieci Piotr i Pawe\u0142\",\"datePublished\":\"2019-04-29T17:59:46+00:00\",\"dateModified\":\"2019-04-29T17:59:47+00:00\",\"mainEntityOfPage\":{\"@id\":\"https:\\\/\\\/favorite-news.com\\\/pl\\\/spar-group-z-rpa-nowym-wlascicielem-sieci-piotr-i-pawel\\\/\"},\"wordCount\":413,\"commentCount\":0,\"image\":{\"@id\":\"https:\\\/\\\/favorite-news.com\\\/pl\\\/spar-group-z-rpa-nowym-wlascicielem-sieci-piotr-i-pawel\\\/#primaryimage\"},\"thumbnailUrl\":\"https:\\\/\\\/favorite-news.com\\\/pl\\\/wp-content\\\/uploads\\\/sites\\\/6\\\/2019\\\/04\\\/Spar-Group-z-RPA-nowym-w\u0142a\u015bcicielem-sieci-Piotr-i-Pawe\u0142.jpg\",\"articleSection\":[\"WIADOMO\u015aCI MARKETINGOWE INTERNETOWE\"],\"inLanguage\":\"pl-PL\",\"potentialAction\":[{\"@type\":\"CommentAction\",\"name\":\"Comment\",\"target\":[\"https:\\\/\\\/favorite-news.com\\\/pl\\\/spar-group-z-rpa-nowym-wlascicielem-sieci-piotr-i-pawel\\\/#respond\"]}]},{\"@type\":\"WebPage\",\"@id\":\"https:\\\/\\\/favorite-news.com\\\/pl\\\/spar-group-z-rpa-nowym-wlascicielem-sieci-piotr-i-pawel\\\/\",\"url\":\"https:\\\/\\\/favorite-news.com\\\/pl\\\/spar-group-z-rpa-nowym-wlascicielem-sieci-piotr-i-pawel\\\/\",\"name\":\"Spar Group z RPA nowym w\u0142a\u015bcicielem sieci Piotr i Pawe\u0142 - Favorite News\",\"isPartOf\":{\"@id\":\"https:\\\/\\\/favorite-news.com\\\/pl\\\/#website\"},\"primaryImageOfPage\":{\"@id\":\"https:\\\/\\\/favorite-news.com\\\/pl\\\/spar-group-z-rpa-nowym-wlascicielem-sieci-piotr-i-pawel\\\/#primaryimage\"},\"image\":{\"@id\":\"https:\\\/\\\/favorite-news.com\\\/pl\\\/spar-group-z-rpa-nowym-wlascicielem-sieci-piotr-i-pawel\\\/#primaryimage\"},\"thumbnailUrl\":\"https:\\\/\\\/favorite-news.com\\\/pl\\\/wp-content\\\/uploads\\\/sites\\\/6\\\/2019\\\/04\\\/Spar-Group-z-RPA-nowym-w\u0142a\u015bcicielem-sieci-Piotr-i-Pawe\u0142.jpg\",\"datePublished\":\"2019-04-29T17:59:46+00:00\",\"dateModified\":\"2019-04-29T17:59:47+00:00\",\"author\":{\"@id\":\"https:\\\/\\\/favorite-news.com\\\/pl\\\/#\\\/schema\\\/person\\\/b91573b717dcfa5e4696032a9d28d3e8\"},\"breadcrumb\":{\"@id\":\"https:\\\/\\\/favorite-news.com\\\/pl\\\/spar-group-z-rpa-nowym-wlascicielem-sieci-piotr-i-pawel\\\/#breadcrumb\"},\"inLanguage\":\"pl-PL\",\"potentialAction\":[{\"@type\":\"ReadAction\",\"target\":[\"https:\\\/\\\/favorite-news.com\\\/pl\\\/spar-group-z-rpa-nowym-wlascicielem-sieci-piotr-i-pawel\\\/\"]}]},{\"@type\":\"ImageObject\",\"inLanguage\":\"pl-PL\",\"@id\":\"https:\\\/\\\/favorite-news.com\\\/pl\\\/spar-group-z-rpa-nowym-wlascicielem-sieci-piotr-i-pawel\\\/#primaryimage\",\"url\":\"https:\\\/\\\/favorite-news.com\\\/pl\\\/wp-content\\\/uploads\\\/sites\\\/6\\\/2019\\\/04\\\/Spar-Group-z-RPA-nowym-w\u0142a\u015bcicielem-sieci-Piotr-i-Pawe\u0142.jpg\",\"contentUrl\":\"https:\\\/\\\/favorite-news.com\\\/pl\\\/wp-content\\\/uploads\\\/sites\\\/6\\\/2019\\\/04\\\/Spar-Group-z-RPA-nowym-w\u0142a\u015bcicielem-sieci-Piotr-i-Pawe\u0142.jpg\",\"width\":655,\"height\":455,\"caption\":\"Article\"},{\"@type\":\"BreadcrumbList\",\"@id\":\"https:\\\/\\\/favorite-news.com\\\/pl\\\/spar-group-z-rpa-nowym-wlascicielem-sieci-piotr-i-pawel\\\/#breadcrumb\",\"itemListElement\":[{\"@type\":\"ListItem\",\"position\":1,\"name\":\"Home\",\"item\":\"https:\\\/\\\/favorite-news.com\\\/pl\\\/\"},{\"@type\":\"ListItem\",\"position\":2,\"name\":\"Spar Group z RPA nowym w\u0142a\u015bcicielem sieci Piotr i Pawe\u0142\"}]},{\"@type\":\"WebSite\",\"@id\":\"https:\\\/\\\/favorite-news.com\\\/pl\\\/#website\",\"url\":\"https:\\\/\\\/favorite-news.com\\\/pl\\\/\",\"name\":\"Favorite News\",\"description\":\"Favorite News Polska\",\"potentialAction\":[{\"@type\":\"SearchAction\",\"target\":{\"@type\":\"EntryPoint\",\"urlTemplate\":\"https:\\\/\\\/favorite-news.com\\\/pl\\\/?s={search_term_string}\"},\"query-input\":{\"@type\":\"PropertyValueSpecification\",\"valueRequired\":true,\"valueName\":\"search_term_string\"}}],\"inLanguage\":\"pl-PL\"},{\"@type\":\"Person\",\"@id\":\"https:\\\/\\\/favorite-news.com\\\/pl\\\/#\\\/schema\\\/person\\\/b91573b717dcfa5e4696032a9d28d3e8\",\"name\":\"favorite-news\",\"image\":{\"@type\":\"ImageObject\",\"inLanguage\":\"pl-PL\",\"@id\":\"https:\\\/\\\/secure.gravatar.com\\\/avatar\\\/6c5a5cb12b74e9d517ee91cf570335b7d16177f1977cc91db161adfa435945a7?s=96&d=mm&r=g\",\"url\":\"https:\\\/\\\/secure.gravatar.com\\\/avatar\\\/6c5a5cb12b74e9d517ee91cf570335b7d16177f1977cc91db161adfa435945a7?s=96&d=mm&r=g\",\"contentUrl\":\"https:\\\/\\\/secure.gravatar.com\\\/avatar\\\/6c5a5cb12b74e9d517ee91cf570335b7d16177f1977cc91db161adfa435945a7?s=96&d=mm&r=g\",\"caption\":\"favorite-news\"},\"url\":\"https:\\\/\\\/favorite-news.com\\\/pl\\\/author\\\/pt\\\/\"}]}<\/script>\n<!-- \/ Yoast SEO plugin. -->","yoast_head_json":{"title":"Spar Group z RPA nowym w\u0142a\u015bcicielem sieci Piotr i Pawe\u0142 - Favorite News","robots":{"index":"index","follow":"follow","max-snippet":"max-snippet:-1","max-image-preview":"max-image-preview:large","max-video-preview":"max-video-preview:-1"},"canonical":"https:\/\/favorite-news.com\/pl\/spar-group-z-rpa-nowym-wlascicielem-sieci-piotr-i-pawel\/","og_locale":"pl_PL","og_type":"article","og_title":"Spar Group z RPA nowym w\u0142a\u015bcicielem sieci Piotr i Pawe\u0142 - Favorite News","og_description":"[ad_1] W pi\u0105tek w Poznaniu sp\u00f3\u0142ka Spar Group Ltd z RPA podpisa\u0142a list intencyjny w sprawie nabycia wi\u0119kszo\u015bciowych udzia\u0142\u00f3w w sieci delikates\u00f3w Piotr i Pawe\u0142. Nab\u0119dzie je od fundusz\u00f3w nale\u017c\u0105cych do TFI Capital Partners. Te zachowaj\u0105 mniejszo\u015bciowy pakiet udzia\u0142\u00f3w po sfinalizowaniu transakcji. &#13; &#13; W najbli\u017cszych tygodniach ma zosta\u0107 podpisana wst\u0119pna umowa pomi\u0119dzy Spar a [&hellip;]","og_url":"https:\/\/favorite-news.com\/pl\/spar-group-z-rpa-nowym-wlascicielem-sieci-piotr-i-pawel\/","og_site_name":"Favorite News","article_published_time":"2019-04-29T17:59:46+00:00","article_modified_time":"2019-04-29T17:59:47+00:00","og_image":[{"width":655,"height":455,"url":"https:\/\/favorite-news.com\/pl\/wp-content\/uploads\/sites\/6\/2019\/04\/Spar-Group-z-RPA-nowym-w\u0142a\u015bcicielem-sieci-Piotr-i-Pawe\u0142.jpg","type":"image\/jpeg"}],"author":"favorite-news","twitter_card":"summary_large_image","twitter_misc":{"Napisane przez":"favorite-news","Szacowany czas czytania":"2 minuty"},"schema":{"@context":"https:\/\/schema.org","@graph":[{"@type":"Article","@id":"https:\/\/favorite-news.com\/pl\/spar-group-z-rpa-nowym-wlascicielem-sieci-piotr-i-pawel\/#article","isPartOf":{"@id":"https:\/\/favorite-news.com\/pl\/spar-group-z-rpa-nowym-wlascicielem-sieci-piotr-i-pawel\/"},"author":{"name":"favorite-news","@id":"https:\/\/favorite-news.com\/pl\/#\/schema\/person\/b91573b717dcfa5e4696032a9d28d3e8"},"headline":"Spar Group z RPA nowym w\u0142a\u015bcicielem sieci Piotr i Pawe\u0142","datePublished":"2019-04-29T17:59:46+00:00","dateModified":"2019-04-29T17:59:47+00:00","mainEntityOfPage":{"@id":"https:\/\/favorite-news.com\/pl\/spar-group-z-rpa-nowym-wlascicielem-sieci-piotr-i-pawel\/"},"wordCount":413,"commentCount":0,"image":{"@id":"https:\/\/favorite-news.com\/pl\/spar-group-z-rpa-nowym-wlascicielem-sieci-piotr-i-pawel\/#primaryimage"},"thumbnailUrl":"https:\/\/favorite-news.com\/pl\/wp-content\/uploads\/sites\/6\/2019\/04\/Spar-Group-z-RPA-nowym-w\u0142a\u015bcicielem-sieci-Piotr-i-Pawe\u0142.jpg","articleSection":["WIADOMO\u015aCI MARKETINGOWE INTERNETOWE"],"inLanguage":"pl-PL","potentialAction":[{"@type":"CommentAction","name":"Comment","target":["https:\/\/favorite-news.com\/pl\/spar-group-z-rpa-nowym-wlascicielem-sieci-piotr-i-pawel\/#respond"]}]},{"@type":"WebPage","@id":"https:\/\/favorite-news.com\/pl\/spar-group-z-rpa-nowym-wlascicielem-sieci-piotr-i-pawel\/","url":"https:\/\/favorite-news.com\/pl\/spar-group-z-rpa-nowym-wlascicielem-sieci-piotr-i-pawel\/","name":"Spar Group z RPA nowym w\u0142a\u015bcicielem sieci Piotr i Pawe\u0142 - Favorite News","isPartOf":{"@id":"https:\/\/favorite-news.com\/pl\/#website"},"primaryImageOfPage":{"@id":"https:\/\/favorite-news.com\/pl\/spar-group-z-rpa-nowym-wlascicielem-sieci-piotr-i-pawel\/#primaryimage"},"image":{"@id":"https:\/\/favorite-news.com\/pl\/spar-group-z-rpa-nowym-wlascicielem-sieci-piotr-i-pawel\/#primaryimage"},"thumbnailUrl":"https:\/\/favorite-news.com\/pl\/wp-content\/uploads\/sites\/6\/2019\/04\/Spar-Group-z-RPA-nowym-w\u0142a\u015bcicielem-sieci-Piotr-i-Pawe\u0142.jpg","datePublished":"2019-04-29T17:59:46+00:00","dateModified":"2019-04-29T17:59:47+00:00","author":{"@id":"https:\/\/favorite-news.com\/pl\/#\/schema\/person\/b91573b717dcfa5e4696032a9d28d3e8"},"breadcrumb":{"@id":"https:\/\/favorite-news.com\/pl\/spar-group-z-rpa-nowym-wlascicielem-sieci-piotr-i-pawel\/#breadcrumb"},"inLanguage":"pl-PL","potentialAction":[{"@type":"ReadAction","target":["https:\/\/favorite-news.com\/pl\/spar-group-z-rpa-nowym-wlascicielem-sieci-piotr-i-pawel\/"]}]},{"@type":"ImageObject","inLanguage":"pl-PL","@id":"https:\/\/favorite-news.com\/pl\/spar-group-z-rpa-nowym-wlascicielem-sieci-piotr-i-pawel\/#primaryimage","url":"https:\/\/favorite-news.com\/pl\/wp-content\/uploads\/sites\/6\/2019\/04\/Spar-Group-z-RPA-nowym-w\u0142a\u015bcicielem-sieci-Piotr-i-Pawe\u0142.jpg","contentUrl":"https:\/\/favorite-news.com\/pl\/wp-content\/uploads\/sites\/6\/2019\/04\/Spar-Group-z-RPA-nowym-w\u0142a\u015bcicielem-sieci-Piotr-i-Pawe\u0142.jpg","width":655,"height":455,"caption":"Article"},{"@type":"BreadcrumbList","@id":"https:\/\/favorite-news.com\/pl\/spar-group-z-rpa-nowym-wlascicielem-sieci-piotr-i-pawel\/#breadcrumb","itemListElement":[{"@type":"ListItem","position":1,"name":"Home","item":"https:\/\/favorite-news.com\/pl\/"},{"@type":"ListItem","position":2,"name":"Spar Group z RPA nowym w\u0142a\u015bcicielem sieci Piotr i Pawe\u0142"}]},{"@type":"WebSite","@id":"https:\/\/favorite-news.com\/pl\/#website","url":"https:\/\/favorite-news.com\/pl\/","name":"Favorite News","description":"Favorite News Polska","potentialAction":[{"@type":"SearchAction","target":{"@type":"EntryPoint","urlTemplate":"https:\/\/favorite-news.com\/pl\/?s={search_term_string}"},"query-input":{"@type":"PropertyValueSpecification","valueRequired":true,"valueName":"search_term_string"}}],"inLanguage":"pl-PL"},{"@type":"Person","@id":"https:\/\/favorite-news.com\/pl\/#\/schema\/person\/b91573b717dcfa5e4696032a9d28d3e8","name":"favorite-news","image":{"@type":"ImageObject","inLanguage":"pl-PL","@id":"https:\/\/secure.gravatar.com\/avatar\/6c5a5cb12b74e9d517ee91cf570335b7d16177f1977cc91db161adfa435945a7?s=96&d=mm&r=g","url":"https:\/\/secure.gravatar.com\/avatar\/6c5a5cb12b74e9d517ee91cf570335b7d16177f1977cc91db161adfa435945a7?s=96&d=mm&r=g","contentUrl":"https:\/\/secure.gravatar.com\/avatar\/6c5a5cb12b74e9d517ee91cf570335b7d16177f1977cc91db161adfa435945a7?s=96&d=mm&r=g","caption":"favorite-news"},"url":"https:\/\/favorite-news.com\/pl\/author\/pt\/"}]}},"_links":{"self":[{"href":"https:\/\/favorite-news.com\/pl\/wp-json\/wp\/v2\/posts\/201","targetHints":{"allow":["GET"]}}],"collection":[{"href":"https:\/\/favorite-news.com\/pl\/wp-json\/wp\/v2\/posts"}],"about":[{"href":"https:\/\/favorite-news.com\/pl\/wp-json\/wp\/v2\/types\/post"}],"author":[{"embeddable":true,"href":"https:\/\/favorite-news.com\/pl\/wp-json\/wp\/v2\/users\/2"}],"replies":[{"embeddable":true,"href":"https:\/\/favorite-news.com\/pl\/wp-json\/wp\/v2\/comments?post=201"}],"version-history":[{"count":1,"href":"https:\/\/favorite-news.com\/pl\/wp-json\/wp\/v2\/posts\/201\/revisions"}],"predecessor-version":[{"id":203,"href":"https:\/\/favorite-news.com\/pl\/wp-json\/wp\/v2\/posts\/201\/revisions\/203"}],"wp:featuredmedia":[{"embeddable":true,"href":"https:\/\/favorite-news.com\/pl\/wp-json\/wp\/v2\/media\/202"}],"wp:attachment":[{"href":"https:\/\/favorite-news.com\/pl\/wp-json\/wp\/v2\/media?parent=201"}],"wp:term":[{"taxonomy":"category","embeddable":true,"href":"https:\/\/favorite-news.com\/pl\/wp-json\/wp\/v2\/categories?post=201"},{"taxonomy":"post_tag","embeddable":true,"href":"https:\/\/favorite-news.com\/pl\/wp-json\/wp\/v2\/tags?post=201"}],"curies":[{"name":"wp","href":"https:\/\/api.w.org\/{rel}","templated":true}]}}