{"id":195,"date":"2019-04-29T14:24:25","date_gmt":"2019-04-29T11:24:25","guid":{"rendered":"https:\/\/favorite-news.com\/pl\/wpp-wyniki-finansowe-i-kwartal-2019-przychody-spadly-o-28-proc\/"},"modified":"2019-04-29T14:24:26","modified_gmt":"2019-04-29T11:24:26","slug":"wpp-wyniki-finansowe-i-kwartal-2019-przychody-spadly-o-28-proc","status":"publish","type":"post","link":"https:\/\/favorite-news.com\/pl\/wpp-wyniki-finansowe-i-kwartal-2019-przychody-spadly-o-28-proc\/","title":{"rendered":"WPP wyniki finansowe I kwarta\u0142 2019 przychody spad\u0142y o 2,8 proc."},"content":{"rendered":"<p> [ad_1]<br \/>\n<\/p>\n<div id=\"\">\n<p>Mark Read, dyrektor generalny WPP og\u0142aszaj\u0105c wyniki finansowe holdingu za I kwarta\u0142 br. powiedzia\u0142, \u017ce by\u0142y one spodziewane, g\u0142\u00f3wnie na skutek <strong>straty w 2018 roku znacz\u0105cych klient\u00f3w w USA.<\/strong> Na rynku ameryka\u0144skim przychody WPP spad\u0142y rok do roku o 8,5 proc. wskutek zako\u0144czenia wsp\u00f3\u0142pracy g\u0142\u00f3wnie z <strong>Fordem, GSK, United Airlines i American Express.<\/strong><\/p>\n<p>&#13;<br \/>\n&#13;<\/p>\n<p>Przychody ca\u0142ego WPP spad\u0142y w I kwartale br. by\u0142y ni\u017csze od ubieg\u0142orocznych o 2,8 proc.<\/p>\n<p>&#13;<br \/>\n&#13;<\/p>\n<p>W Wielkiej Brytanii odnotowano spadek sprzeda\u017cy o 0,9 proc., natomiast w regionie Azji i Pacyfiku, Ameryce \u0141aci\u0144skiej, Afryce i na Bliskim Wschodzie przychody wzros\u0142y o 2,3 proc.<\/p>\n<p>&#13;<br \/>\n&#13;<\/p>\n<p>&#8211; Nasze nowo utworzone agencje wykazuj\u0105 pierwsze oznaki sukcesu w nowych obszarach dzia\u0142alno\u015bci.\u00a0Ostatnia fuzja\u00a0 agencji Wunderman i Thompson czy utworzenie VMLY &amp; R z VML i Y&amp;R ju\u017c przynosi efekty &#8211; wygran\u0105 globalnego bud\u017cetu kreatywnego marki Duracell &#8211; poinformowa\u0142 Mark Read. Doda\u0142, \u017ce kluczowe w 2019 roku jest dla WPP dalsze inwestowanie w talenty kreatywne w Stanach Zjednoczonych. &#8211; \u00a0Jak powiedzieli\u015bmy wcze\u015bniej, zajmie to troch\u0119 czasu, aby rozwi\u0105za\u0107 problemy zwi\u0105zane ze spu\u015bcizn\u0105 firmy, ale jeste\u015bmy zobowi\u0105zani do podj\u0119cia wszystkich dzia\u0142a\u0144 niezb\u0119dnych do pozycjonowania WPP na przysz\u0142o\u015b\u0107 &#8211; doda\u0142 Read.<\/p>\n<p>&#13;<br \/>\n&#13;<\/p>\n<p>Zad\u0142u\u017cenie netto WPP spad\u0142o z 4,875 mld funt\u00f3w w I kwartale 2018 roku do\u00a0 4,163 mld funt\u00f3w w pierwszym kwartale 2019 roku.<br \/>&#13;<br \/>\nWPP zamierza realizowa\u0107 wdro\u017cenie trzyletniego planu restrukturyzacji, og\u0142oszonego w grudniu ub.r.<\/p>\n<p>&#13;<br \/>\n&#13;<\/p>\n<p>Zak\u0142ada on m.in.\u00a0 redukcj\u0119 zatrudniania o 3,5 tys. os\u00f3b w skali globalnej, uproszczenie oferty oraz struktury firmy i kolejne inwestycje, aby by\u0107 lepiej przygotowanym do walki z \u201eszybko zmieniaj\u0105cym si\u0119 krajobrazem marketingowym\u201d.<\/p>\n<p>&#13;<br \/>\n                            &#13;<br \/>\n&#13;<br \/>\n                            &#13;<br \/>\n&#13;<br \/>\n&#13;<br \/>\n&#13;<br \/>\n&#13;<br \/>\n&#13;<br \/>\n                            &#13;<br \/>\n                                                            &#13;<br \/>\n&#13;<br \/>\n                            &#13;\n                        <\/p><\/div>\n<p><script>(function (d, s, id) {\n        var js, fjs = d.getElementsByTagName(s)[0];\n        if (d.getElementById(id)) return;\n        js = d.createElement(s);\n        js.id = id;\n        js.src = \"http:\/\/connect.facebook.net\/pl_PL\/sdk.js#xfbml=1&version=v2.6&appId=297996717062470\";\n        fjs.parentNode.insertBefore(js, fjs);\n    }(document, 'script', 'facebook-jssdk'));<\/script><br \/>\n<br \/>[ad_2]<br \/>\n<br \/><a href=\"https:\/\/www.wirtualnemedia.pl\/artykul\/wpp-wyniki-finansowe-i-kwartal-2019-przychody-spadly-o-2-8-proc\">Source link <\/a><\/p>\n","protected":false},"excerpt":{"rendered":"<p>[ad_1] Mark Read, dyrektor generalny WPP og\u0142aszaj\u0105c wyniki finansowe holdingu za I kwarta\u0142 br. powiedzia\u0142, \u017ce by\u0142y one spodziewane, g\u0142\u00f3wnie na skutek straty w 2018 roku znacz\u0105cych klient\u00f3w w USA. Na rynku ameryka\u0144skim przychody WPP spad\u0142y rok do roku o 8,5 proc. wskutek zako\u0144czenia wsp\u00f3\u0142pracy g\u0142\u00f3wnie z Fordem, GSK, United Airlines i American Express. &#13; [&hellip;]<\/p>\n","protected":false},"author":2,"featured_media":196,"comment_status":"open","ping_status":"open","sticky":false,"template":"","format":"standard","meta":{"footnotes":""},"categories":[2],"tags":[],"class_list":["post-195","post","type-post","status-publish","format-standard","has-post-thumbnail","hentry","category-wiadomosci-marketingowe-internetowe"],"yoast_head":"<!-- This site is optimized with the Yoast SEO plugin v27.4 - https:\/\/yoast.com\/product\/yoast-seo-wordpress\/ -->\n<title>WPP wyniki finansowe I kwarta\u0142 2019 przychody spad\u0142y o 2,8 proc. - Favorite News<\/title>\n<meta name=\"robots\" content=\"index, follow, max-snippet:-1, max-image-preview:large, max-video-preview:-1\" \/>\n<link rel=\"canonical\" href=\"https:\/\/favorite-news.com\/pl\/wpp-wyniki-finansowe-i-kwartal-2019-przychody-spadly-o-28-proc\/\" \/>\n<meta property=\"og:locale\" content=\"pl_PL\" \/>\n<meta property=\"og:type\" content=\"article\" \/>\n<meta property=\"og:title\" content=\"WPP wyniki finansowe I kwarta\u0142 2019 przychody spad\u0142y o 2,8 proc. - Favorite News\" \/>\n<meta property=\"og:description\" content=\"[ad_1] Mark Read, dyrektor generalny WPP og\u0142aszaj\u0105c wyniki finansowe holdingu za I kwarta\u0142 br. powiedzia\u0142, \u017ce by\u0142y one spodziewane, g\u0142\u00f3wnie na skutek straty w 2018 roku znacz\u0105cych klient\u00f3w w USA. Na rynku ameryka\u0144skim przychody WPP spad\u0142y rok do roku o 8,5 proc. wskutek zako\u0144czenia wsp\u00f3\u0142pracy g\u0142\u00f3wnie z Fordem, GSK, United Airlines i American Express. &#013; [&hellip;]\" \/>\n<meta property=\"og:url\" content=\"https:\/\/favorite-news.com\/pl\/wpp-wyniki-finansowe-i-kwartal-2019-przychody-spadly-o-28-proc\/\" \/>\n<meta property=\"og:site_name\" content=\"Favorite News\" \/>\n<meta property=\"article:published_time\" content=\"2019-04-29T11:24:25+00:00\" \/>\n<meta property=\"article:modified_time\" content=\"2019-04-29T11:24:26+00:00\" \/>\n<meta property=\"og:image\" content=\"https:\/\/favorite-news.com\/pl\/wp-content\/uploads\/sites\/6\/2019\/04\/WPP-wyniki-finansowe-I-kwarta\u0142-2019-przychody-spad\u0142y-o-28.jpg\" \/>\n\t<meta property=\"og:image:width\" content=\"655\" \/>\n\t<meta property=\"og:image:height\" content=\"437\" \/>\n\t<meta property=\"og:image:type\" content=\"image\/jpeg\" \/>\n<meta name=\"author\" content=\"favorite-news\" \/>\n<meta name=\"twitter:card\" content=\"summary_large_image\" \/>\n<meta name=\"twitter:label1\" content=\"Napisane przez\" \/>\n\t<meta name=\"twitter:data1\" content=\"favorite-news\" \/>\n\t<meta name=\"twitter:label2\" content=\"Szacowany czas czytania\" \/>\n\t<meta name=\"twitter:data2\" content=\"1 minuta\" \/>\n<script type=\"application\/ld+json\" class=\"yoast-schema-graph\">{\"@context\":\"https:\\\/\\\/schema.org\",\"@graph\":[{\"@type\":\"Article\",\"@id\":\"https:\\\/\\\/favorite-news.com\\\/pl\\\/wpp-wyniki-finansowe-i-kwartal-2019-przychody-spadly-o-28-proc\\\/#article\",\"isPartOf\":{\"@id\":\"https:\\\/\\\/favorite-news.com\\\/pl\\\/wpp-wyniki-finansowe-i-kwartal-2019-przychody-spadly-o-28-proc\\\/\"},\"author\":{\"name\":\"favorite-news\",\"@id\":\"https:\\\/\\\/favorite-news.com\\\/pl\\\/#\\\/schema\\\/person\\\/b91573b717dcfa5e4696032a9d28d3e8\"},\"headline\":\"WPP wyniki finansowe I kwarta\u0142 2019 przychody spad\u0142y o 2,8 proc.\",\"datePublished\":\"2019-04-29T11:24:25+00:00\",\"dateModified\":\"2019-04-29T11:24:26+00:00\",\"mainEntityOfPage\":{\"@id\":\"https:\\\/\\\/favorite-news.com\\\/pl\\\/wpp-wyniki-finansowe-i-kwartal-2019-przychody-spadly-o-28-proc\\\/\"},\"wordCount\":300,\"commentCount\":0,\"image\":{\"@id\":\"https:\\\/\\\/favorite-news.com\\\/pl\\\/wpp-wyniki-finansowe-i-kwartal-2019-przychody-spadly-o-28-proc\\\/#primaryimage\"},\"thumbnailUrl\":\"https:\\\/\\\/favorite-news.com\\\/pl\\\/wp-content\\\/uploads\\\/sites\\\/6\\\/2019\\\/04\\\/WPP-wyniki-finansowe-I-kwarta\u0142-2019-przychody-spad\u0142y-o-28.jpg\",\"articleSection\":[\"WIADOMO\u015aCI MARKETINGOWE INTERNETOWE\"],\"inLanguage\":\"pl-PL\",\"potentialAction\":[{\"@type\":\"CommentAction\",\"name\":\"Comment\",\"target\":[\"https:\\\/\\\/favorite-news.com\\\/pl\\\/wpp-wyniki-finansowe-i-kwartal-2019-przychody-spadly-o-28-proc\\\/#respond\"]}]},{\"@type\":\"WebPage\",\"@id\":\"https:\\\/\\\/favorite-news.com\\\/pl\\\/wpp-wyniki-finansowe-i-kwartal-2019-przychody-spadly-o-28-proc\\\/\",\"url\":\"https:\\\/\\\/favorite-news.com\\\/pl\\\/wpp-wyniki-finansowe-i-kwartal-2019-przychody-spadly-o-28-proc\\\/\",\"name\":\"WPP wyniki finansowe I kwarta\u0142 2019 przychody spad\u0142y o 2,8 proc. - Favorite News\",\"isPartOf\":{\"@id\":\"https:\\\/\\\/favorite-news.com\\\/pl\\\/#website\"},\"primaryImageOfPage\":{\"@id\":\"https:\\\/\\\/favorite-news.com\\\/pl\\\/wpp-wyniki-finansowe-i-kwartal-2019-przychody-spadly-o-28-proc\\\/#primaryimage\"},\"image\":{\"@id\":\"https:\\\/\\\/favorite-news.com\\\/pl\\\/wpp-wyniki-finansowe-i-kwartal-2019-przychody-spadly-o-28-proc\\\/#primaryimage\"},\"thumbnailUrl\":\"https:\\\/\\\/favorite-news.com\\\/pl\\\/wp-content\\\/uploads\\\/sites\\\/6\\\/2019\\\/04\\\/WPP-wyniki-finansowe-I-kwarta\u0142-2019-przychody-spad\u0142y-o-28.jpg\",\"datePublished\":\"2019-04-29T11:24:25+00:00\",\"dateModified\":\"2019-04-29T11:24:26+00:00\",\"author\":{\"@id\":\"https:\\\/\\\/favorite-news.com\\\/pl\\\/#\\\/schema\\\/person\\\/b91573b717dcfa5e4696032a9d28d3e8\"},\"breadcrumb\":{\"@id\":\"https:\\\/\\\/favorite-news.com\\\/pl\\\/wpp-wyniki-finansowe-i-kwartal-2019-przychody-spadly-o-28-proc\\\/#breadcrumb\"},\"inLanguage\":\"pl-PL\",\"potentialAction\":[{\"@type\":\"ReadAction\",\"target\":[\"https:\\\/\\\/favorite-news.com\\\/pl\\\/wpp-wyniki-finansowe-i-kwartal-2019-przychody-spadly-o-28-proc\\\/\"]}]},{\"@type\":\"ImageObject\",\"inLanguage\":\"pl-PL\",\"@id\":\"https:\\\/\\\/favorite-news.com\\\/pl\\\/wpp-wyniki-finansowe-i-kwartal-2019-przychody-spadly-o-28-proc\\\/#primaryimage\",\"url\":\"https:\\\/\\\/favorite-news.com\\\/pl\\\/wp-content\\\/uploads\\\/sites\\\/6\\\/2019\\\/04\\\/WPP-wyniki-finansowe-I-kwarta\u0142-2019-przychody-spad\u0142y-o-28.jpg\",\"contentUrl\":\"https:\\\/\\\/favorite-news.com\\\/pl\\\/wp-content\\\/uploads\\\/sites\\\/6\\\/2019\\\/04\\\/WPP-wyniki-finansowe-I-kwarta\u0142-2019-przychody-spad\u0142y-o-28.jpg\",\"width\":655,\"height\":437,\"caption\":\"Article\"},{\"@type\":\"BreadcrumbList\",\"@id\":\"https:\\\/\\\/favorite-news.com\\\/pl\\\/wpp-wyniki-finansowe-i-kwartal-2019-przychody-spadly-o-28-proc\\\/#breadcrumb\",\"itemListElement\":[{\"@type\":\"ListItem\",\"position\":1,\"name\":\"Home\",\"item\":\"https:\\\/\\\/favorite-news.com\\\/pl\\\/\"},{\"@type\":\"ListItem\",\"position\":2,\"name\":\"WPP wyniki finansowe I kwarta\u0142 2019 przychody spad\u0142y o 2,8 proc.\"}]},{\"@type\":\"WebSite\",\"@id\":\"https:\\\/\\\/favorite-news.com\\\/pl\\\/#website\",\"url\":\"https:\\\/\\\/favorite-news.com\\\/pl\\\/\",\"name\":\"Favorite News\",\"description\":\"Favorite News Polska\",\"potentialAction\":[{\"@type\":\"SearchAction\",\"target\":{\"@type\":\"EntryPoint\",\"urlTemplate\":\"https:\\\/\\\/favorite-news.com\\\/pl\\\/?s={search_term_string}\"},\"query-input\":{\"@type\":\"PropertyValueSpecification\",\"valueRequired\":true,\"valueName\":\"search_term_string\"}}],\"inLanguage\":\"pl-PL\"},{\"@type\":\"Person\",\"@id\":\"https:\\\/\\\/favorite-news.com\\\/pl\\\/#\\\/schema\\\/person\\\/b91573b717dcfa5e4696032a9d28d3e8\",\"name\":\"favorite-news\",\"image\":{\"@type\":\"ImageObject\",\"inLanguage\":\"pl-PL\",\"@id\":\"https:\\\/\\\/secure.gravatar.com\\\/avatar\\\/6c5a5cb12b74e9d517ee91cf570335b7d16177f1977cc91db161adfa435945a7?s=96&d=mm&r=g\",\"url\":\"https:\\\/\\\/secure.gravatar.com\\\/avatar\\\/6c5a5cb12b74e9d517ee91cf570335b7d16177f1977cc91db161adfa435945a7?s=96&d=mm&r=g\",\"contentUrl\":\"https:\\\/\\\/secure.gravatar.com\\\/avatar\\\/6c5a5cb12b74e9d517ee91cf570335b7d16177f1977cc91db161adfa435945a7?s=96&d=mm&r=g\",\"caption\":\"favorite-news\"},\"url\":\"https:\\\/\\\/favorite-news.com\\\/pl\\\/author\\\/pt\\\/\"}]}<\/script>\n<!-- \/ Yoast SEO plugin. -->","yoast_head_json":{"title":"WPP wyniki finansowe I kwarta\u0142 2019 przychody spad\u0142y o 2,8 proc. - Favorite News","robots":{"index":"index","follow":"follow","max-snippet":"max-snippet:-1","max-image-preview":"max-image-preview:large","max-video-preview":"max-video-preview:-1"},"canonical":"https:\/\/favorite-news.com\/pl\/wpp-wyniki-finansowe-i-kwartal-2019-przychody-spadly-o-28-proc\/","og_locale":"pl_PL","og_type":"article","og_title":"WPP wyniki finansowe I kwarta\u0142 2019 przychody spad\u0142y o 2,8 proc. - Favorite News","og_description":"[ad_1] Mark Read, dyrektor generalny WPP og\u0142aszaj\u0105c wyniki finansowe holdingu za I kwarta\u0142 br. powiedzia\u0142, \u017ce by\u0142y one spodziewane, g\u0142\u00f3wnie na skutek straty w 2018 roku znacz\u0105cych klient\u00f3w w USA. Na rynku ameryka\u0144skim przychody WPP spad\u0142y rok do roku o 8,5 proc. wskutek zako\u0144czenia wsp\u00f3\u0142pracy g\u0142\u00f3wnie z Fordem, GSK, United Airlines i American Express. &#13; [&hellip;]","og_url":"https:\/\/favorite-news.com\/pl\/wpp-wyniki-finansowe-i-kwartal-2019-przychody-spadly-o-28-proc\/","og_site_name":"Favorite News","article_published_time":"2019-04-29T11:24:25+00:00","article_modified_time":"2019-04-29T11:24:26+00:00","og_image":[{"width":655,"height":437,"url":"https:\/\/favorite-news.com\/pl\/wp-content\/uploads\/sites\/6\/2019\/04\/WPP-wyniki-finansowe-I-kwarta\u0142-2019-przychody-spad\u0142y-o-28.jpg","type":"image\/jpeg"}],"author":"favorite-news","twitter_card":"summary_large_image","twitter_misc":{"Napisane przez":"favorite-news","Szacowany czas czytania":"1 minuta"},"schema":{"@context":"https:\/\/schema.org","@graph":[{"@type":"Article","@id":"https:\/\/favorite-news.com\/pl\/wpp-wyniki-finansowe-i-kwartal-2019-przychody-spadly-o-28-proc\/#article","isPartOf":{"@id":"https:\/\/favorite-news.com\/pl\/wpp-wyniki-finansowe-i-kwartal-2019-przychody-spadly-o-28-proc\/"},"author":{"name":"favorite-news","@id":"https:\/\/favorite-news.com\/pl\/#\/schema\/person\/b91573b717dcfa5e4696032a9d28d3e8"},"headline":"WPP wyniki finansowe I kwarta\u0142 2019 przychody spad\u0142y o 2,8 proc.","datePublished":"2019-04-29T11:24:25+00:00","dateModified":"2019-04-29T11:24:26+00:00","mainEntityOfPage":{"@id":"https:\/\/favorite-news.com\/pl\/wpp-wyniki-finansowe-i-kwartal-2019-przychody-spadly-o-28-proc\/"},"wordCount":300,"commentCount":0,"image":{"@id":"https:\/\/favorite-news.com\/pl\/wpp-wyniki-finansowe-i-kwartal-2019-przychody-spadly-o-28-proc\/#primaryimage"},"thumbnailUrl":"https:\/\/favorite-news.com\/pl\/wp-content\/uploads\/sites\/6\/2019\/04\/WPP-wyniki-finansowe-I-kwarta\u0142-2019-przychody-spad\u0142y-o-28.jpg","articleSection":["WIADOMO\u015aCI MARKETINGOWE INTERNETOWE"],"inLanguage":"pl-PL","potentialAction":[{"@type":"CommentAction","name":"Comment","target":["https:\/\/favorite-news.com\/pl\/wpp-wyniki-finansowe-i-kwartal-2019-przychody-spadly-o-28-proc\/#respond"]}]},{"@type":"WebPage","@id":"https:\/\/favorite-news.com\/pl\/wpp-wyniki-finansowe-i-kwartal-2019-przychody-spadly-o-28-proc\/","url":"https:\/\/favorite-news.com\/pl\/wpp-wyniki-finansowe-i-kwartal-2019-przychody-spadly-o-28-proc\/","name":"WPP wyniki finansowe I kwarta\u0142 2019 przychody spad\u0142y o 2,8 proc. - Favorite News","isPartOf":{"@id":"https:\/\/favorite-news.com\/pl\/#website"},"primaryImageOfPage":{"@id":"https:\/\/favorite-news.com\/pl\/wpp-wyniki-finansowe-i-kwartal-2019-przychody-spadly-o-28-proc\/#primaryimage"},"image":{"@id":"https:\/\/favorite-news.com\/pl\/wpp-wyniki-finansowe-i-kwartal-2019-przychody-spadly-o-28-proc\/#primaryimage"},"thumbnailUrl":"https:\/\/favorite-news.com\/pl\/wp-content\/uploads\/sites\/6\/2019\/04\/WPP-wyniki-finansowe-I-kwarta\u0142-2019-przychody-spad\u0142y-o-28.jpg","datePublished":"2019-04-29T11:24:25+00:00","dateModified":"2019-04-29T11:24:26+00:00","author":{"@id":"https:\/\/favorite-news.com\/pl\/#\/schema\/person\/b91573b717dcfa5e4696032a9d28d3e8"},"breadcrumb":{"@id":"https:\/\/favorite-news.com\/pl\/wpp-wyniki-finansowe-i-kwartal-2019-przychody-spadly-o-28-proc\/#breadcrumb"},"inLanguage":"pl-PL","potentialAction":[{"@type":"ReadAction","target":["https:\/\/favorite-news.com\/pl\/wpp-wyniki-finansowe-i-kwartal-2019-przychody-spadly-o-28-proc\/"]}]},{"@type":"ImageObject","inLanguage":"pl-PL","@id":"https:\/\/favorite-news.com\/pl\/wpp-wyniki-finansowe-i-kwartal-2019-przychody-spadly-o-28-proc\/#primaryimage","url":"https:\/\/favorite-news.com\/pl\/wp-content\/uploads\/sites\/6\/2019\/04\/WPP-wyniki-finansowe-I-kwarta\u0142-2019-przychody-spad\u0142y-o-28.jpg","contentUrl":"https:\/\/favorite-news.com\/pl\/wp-content\/uploads\/sites\/6\/2019\/04\/WPP-wyniki-finansowe-I-kwarta\u0142-2019-przychody-spad\u0142y-o-28.jpg","width":655,"height":437,"caption":"Article"},{"@type":"BreadcrumbList","@id":"https:\/\/favorite-news.com\/pl\/wpp-wyniki-finansowe-i-kwartal-2019-przychody-spadly-o-28-proc\/#breadcrumb","itemListElement":[{"@type":"ListItem","position":1,"name":"Home","item":"https:\/\/favorite-news.com\/pl\/"},{"@type":"ListItem","position":2,"name":"WPP wyniki finansowe I kwarta\u0142 2019 przychody spad\u0142y o 2,8 proc."}]},{"@type":"WebSite","@id":"https:\/\/favorite-news.com\/pl\/#website","url":"https:\/\/favorite-news.com\/pl\/","name":"Favorite News","description":"Favorite News Polska","potentialAction":[{"@type":"SearchAction","target":{"@type":"EntryPoint","urlTemplate":"https:\/\/favorite-news.com\/pl\/?s={search_term_string}"},"query-input":{"@type":"PropertyValueSpecification","valueRequired":true,"valueName":"search_term_string"}}],"inLanguage":"pl-PL"},{"@type":"Person","@id":"https:\/\/favorite-news.com\/pl\/#\/schema\/person\/b91573b717dcfa5e4696032a9d28d3e8","name":"favorite-news","image":{"@type":"ImageObject","inLanguage":"pl-PL","@id":"https:\/\/secure.gravatar.com\/avatar\/6c5a5cb12b74e9d517ee91cf570335b7d16177f1977cc91db161adfa435945a7?s=96&d=mm&r=g","url":"https:\/\/secure.gravatar.com\/avatar\/6c5a5cb12b74e9d517ee91cf570335b7d16177f1977cc91db161adfa435945a7?s=96&d=mm&r=g","contentUrl":"https:\/\/secure.gravatar.com\/avatar\/6c5a5cb12b74e9d517ee91cf570335b7d16177f1977cc91db161adfa435945a7?s=96&d=mm&r=g","caption":"favorite-news"},"url":"https:\/\/favorite-news.com\/pl\/author\/pt\/"}]}},"_links":{"self":[{"href":"https:\/\/favorite-news.com\/pl\/wp-json\/wp\/v2\/posts\/195","targetHints":{"allow":["GET"]}}],"collection":[{"href":"https:\/\/favorite-news.com\/pl\/wp-json\/wp\/v2\/posts"}],"about":[{"href":"https:\/\/favorite-news.com\/pl\/wp-json\/wp\/v2\/types\/post"}],"author":[{"embeddable":true,"href":"https:\/\/favorite-news.com\/pl\/wp-json\/wp\/v2\/users\/2"}],"replies":[{"embeddable":true,"href":"https:\/\/favorite-news.com\/pl\/wp-json\/wp\/v2\/comments?post=195"}],"version-history":[{"count":1,"href":"https:\/\/favorite-news.com\/pl\/wp-json\/wp\/v2\/posts\/195\/revisions"}],"predecessor-version":[{"id":197,"href":"https:\/\/favorite-news.com\/pl\/wp-json\/wp\/v2\/posts\/195\/revisions\/197"}],"wp:featuredmedia":[{"embeddable":true,"href":"https:\/\/favorite-news.com\/pl\/wp-json\/wp\/v2\/media\/196"}],"wp:attachment":[{"href":"https:\/\/favorite-news.com\/pl\/wp-json\/wp\/v2\/media?parent=195"}],"wp:term":[{"taxonomy":"category","embeddable":true,"href":"https:\/\/favorite-news.com\/pl\/wp-json\/wp\/v2\/categories?post=195"},{"taxonomy":"post_tag","embeddable":true,"href":"https:\/\/favorite-news.com\/pl\/wp-json\/wp\/v2\/tags?post=195"}],"curies":[{"name":"wp","href":"https:\/\/api.w.org\/{rel}","templated":true}]}}