{"id":192,"date":"2019-04-29T10:35:24","date_gmt":"2019-04-29T07:35:24","guid":{"rendered":"https:\/\/favorite-news.com\/pl\/txm-sklepy-upadlosc-wniosek-o-restrukturyzacje-firma-chce-zamknac-nierentowne-sklepy-wycofac-sie-z-rumunii-i-slowacji\/"},"modified":"2019-04-29T10:35:25","modified_gmt":"2019-04-29T07:35:25","slug":"txm-sklepy-upadlosc-wniosek-o-restrukturyzacje-firma-chce-zamknac-nierentowne-sklepy-wycofac-sie-z-rumunii-i-slowacji","status":"publish","type":"post","link":"https:\/\/favorite-news.com\/pl\/txm-sklepy-upadlosc-wniosek-o-restrukturyzacje-firma-chce-zamknac-nierentowne-sklepy-wycofac-sie-z-rumunii-i-slowacji\/","title":{"rendered":"TXM sklepy upad\u0142o\u015b\u0107 wniosek o restrukturyzacj\u0119. Firma chce zamkn\u0105\u0107 nierentowne sklepy, wycofa\u0107 si\u0119 z Rumunii i S\u0142owacji"},"content":{"rendered":"<p> [ad_1]<br \/>\n<\/p>\n<div id=\"\">\n<p>O skierowaniu wniosku o upad\u0142o\u015b\u0107 TXM poinformowa\u0142 w poniedzia\u0142ek rano w komunikacie gie\u0142dowym. &#8211; Z powodu przed\u0142u\u017caj\u0105cego si\u0119 rozpoznania wniosku restrukturyzacyjnego, zgodnie z obowi\u0105zuj\u0105cymi przepisami prawa musieli\u015bmy z\u0142o\u017cy\u0107 wniosek o og\u0142oszenie upad\u0142o\u015bci. Wraz z nim z\u0142o\u017cyli\u015bmy tak\u017ce wniosek o wstrzymanie rozpoznania wniosku o og\u0142oszenie upad\u0142o\u015bci do czasu rozstrzygni\u0119cia w sprawie wniosku o restrukturyzacj\u0119. <strong>Oznacza to, \u017ce najpierw s\u0105d zweryfikuje, czy post\u0119powanie uk\u0142adowe si\u0119 powiedzie i do tego czasu nie b\u0119dzie si\u0119 w og\u00f3le zajmowa\u0142 tym wnioskiem o upad\u0142o\u015b\u0107 &#8211; opisuje Marcin \u0141u\u017cniak, wiceprezes firmy.<\/strong><\/p>\n<p>&#13;<br \/>\n&#13;<\/p>\n<p>&#8211; Z\u0142o\u017cenie tego wniosku nic nie zmienia w naszym podej\u015bciu. Czekamy z niecierpliwo\u015bci\u0105 na otwarcie przyspieszonego post\u0119powania uk\u0142adowego i wierzymy, \u017ce to jedyny s\u0142usznie obrany kierunek w obecnej sytuacji. W tej chwili TXM w spos\u00f3b normalny prowadzi bie\u017c\u0105c\u0105 dzia\u0142alno\u015b\u0107. Na bie\u017c\u0105co mamy tak\u017ce zapewnione \u017ar\u00f3d\u0142a finansowania ze strony wsp\u00f3\u0142pracuj\u0105cych z nami bank\u00f3w &#8211; zapewnia \u0141u\u017cniak.<\/p>\n<p>&#13;<br \/>\n&#13;<\/p>\n<p><span style=\"font-size:20px;\"><strong>TXM chce zamkn\u0105\u0107 nierentowne sklepy oraz wycofa\u0107 si\u0119 z Rumunii i S\u0142owacji<\/strong><\/span><\/p>\n<p>&#13;<br \/>\n&#13;<\/p>\n<p>Wniosek o otwarcie przyspieszonego post\u0119powania uk\u0142adowego <strong>TXM z\u0142o\u017cy\u0142 do s\u0105du 3 kwietnia br.<\/strong> Firma w komunikacie zapewnia\u0142a, \u017ce takie post\u0119powanie \u201epozwoli uzdrowi\u0107 sytuacj\u0119 przedsi\u0119biorstwa oraz zapewni\u0107 sp\u00f3\u0142ce stabilizacj\u0119 sytuacji finansowej w przysz\u0142o\u015bci\u201d<\/p>\n<p>&#13;<br \/>\n&#13;<\/p>\n<p>&#8211; Celem tych dzia\u0142a\u0144 jest w szczeg\u00f3lno\u015bci poprawa efektywno\u015bci ekonomicznej sp\u00f3\u0142ki. Przyj\u0119te za\u0142o\u017cenia restrukturyzacji opieraj\u0105 si\u0119 na utrzymaniu i dalszym rozwoju dotychczasowej dzia\u0142alno\u015bci, przy uwzgl\u0119dnieniu konieczno\u015bci wprowadzenia zmian organizacyjnych niezb\u0119dnych do osi\u0105gni\u0119cia rzeczonych cel\u00f3w &#8211; dodano.<\/p>\n<p>&#13;<br \/>\n&#13;<\/p>\n<p>TXM poinformowa\u0142, \u017ce <strong>wst\u0119pny plan restrukturyzacji zak\u0142ada zamkni\u0119cie nierentownych i nieperspektywicznych sklep\u00f3w w Polsce, zako\u0144czenie dzia\u0142alno\u015bci w Rumunii i na S\u0142owacji<\/strong> oraz zmniejszenie og\u00f3lnego poziomu zapas\u00f3w (cz\u0119\u015bciowo w wyniku zamkni\u0119\u0107 sklep\u00f3w, a cz\u0119\u015bciowo poprzez optymalizacj\u0119 alokacji zapasu do pozosta\u0142ych sklep\u00f3w). Sp\u00f3\u0142ka zapowiedzia\u0142a te\u017c wzrost sprzeda\u017cy w wyniku modyfikacji struktury asortymentowej i koncentracji na najbardziej efektywnych kategoriach oraz ograniczenie koszt\u00f3w zar\u00f3wno sklep\u00f3w, logistyki, jak i centrali.<\/p>\n<p>&#13;<br \/>\n&#13;<\/p>\n<p>Firma zaznaczy\u0142a, \u017ce negocjuje umow\u0119 z E&amp;Y dotycz\u0105c\u0105 m.in. przygotowania raportu z analizy rynku i przegl\u0105du strategicznego, weryfikacji jej prognoz finansowych oraz sporz\u0105dzenia planu naprawczego. Ostateczna wersja planu restrukturyzacji ma zosta\u0107 opublikowana do po\u0142owy maja.<\/p>\n<p>&#13;<br \/>\n&#13;<\/p>\n<p>TXM zadeklarowa\u0142, \u017ce <strong>chce w pe\u0142ni sp\u0142aci\u0107 wierzycielom g\u0142\u00f3wne kwoty ich nale\u017cno\u015bci \u201ecz\u0119\u015bciowo w formie konwersji na akcje TXM, a cz\u0119\u015bciowo w formie sp\u0142aty roz\u0142o\u017conej na raty\u201d. <\/strong>&#8211; Ostateczna wersja propozycji uk\u0142adowych, kt\u00f3ra zostanie poddana pod g\u0142osowanie wierzycieli, zostanie ustalona w toku negocjacji oraz oparta o ostateczn\u0105 wersj\u0119 planu restrukturyzacji. Ka\u017cdy z wierzycieli otrzyma propozycje uk\u0142adowe wraz z zaproszeniem do g\u0142osowania nad uk\u0142adem &#8211; zapowiedziano.<\/p>\n<p>&#13;<br \/>\n&#13;<\/p>\n<p>Firma porozumia\u0142a si\u0119 te\u017c z kredytuj\u0105cymi j\u0105 bankami PKO BP i ING Bank \u015al\u0105ski co do utrzymania do ko\u0144ca maja poziomu finansowania na poziomie o 10 proc. ni\u017cszym od przyznanych wcze\u015bniej limit\u00f3w kredytowych. &#8211; Dodatkowo w tym okresie TXM b\u0119dzie zobowi\u0105zany do dokonania sp\u0142at do bank\u00f3w wi\u0119kszej z kwot: 5 proc. warto\u015bci przychod\u00f3w ze sprzeda\u017cy lub po\u0142owy kwoty wynikaj\u0105cej z ewentualnego spadku warto\u015bci zapas\u00f3w. Obecnie s\u0105 prowadzone prace maj\u0105ce na celu sporz\u0105dzenie stosownej dokumentacji prawnej potwierdzaj\u0105cej te ustalenia i jej podpisanie &#8211; zaznaczono.<\/p>\n<p>&#13;<br \/>\n&#13;<\/p>\n<p><span style=\"font-size:20px;\"><strong>TXM ze spadkiem wp\u0142yw\u00f3w, odpisami i strat\u0105<\/strong><\/span><\/p>\n<p>&#13;<br \/>\n&#13;<\/p>\n<p>Na pocz\u0105tku kwietnia firma poda\u0142a swoje wst\u0119pne wyniki finansowe za ca\u0142y ub.r. W uj\u0119ciu skonsolidowanym <strong>zanotowa\u0142a 353,5 mln z\u0142 przychod\u00f3w sprzeda\u017cowych, 174,9 mln koszt\u00f3w operacyjnych, 140,5 mln z\u0142 zysk brutto na sprzeda\u017cy, 41,8 mln z\u0142 straty brutto, 24,3 mln z\u0142 straty EBITDA i 46,5 mln z\u0142 straty netto.<\/strong><\/p>\n<p>&#13;<br \/>\n&#13;<\/p>\n<p>Rentowno\u015b\u0107 firmy zosta\u0142a obci\u0105\u017cona dwoma odpisami: 2,97 mln z\u0142 na rzeczowe aktywa trwa\u0142e w sklepach planowanych do zamkni\u0119cia oraz 9,69 mln z\u0142 na nale\u017cno\u015bci handlowe od sp\u00f3\u0142ki rumu\u0144skiej. Ponadto firma zawi\u0105za\u0142a 2,1 mln z\u0142 rezerwy na niedobory inwetaryzacyjne wskazane podczas spis\u00f3w na rynku rumu\u0144skim oraz rozwi\u0105za\u0142a 4,57 mln z\u0142 aktywa na odroczony podatek dochodowy.<\/p>\n<p>&#13;<br \/>\n&#13;<\/p>\n<p>Pe\u0142ny raport finansowy za ub.r. ma zosta\u0107 podany we wtorek, wcze\u015bniej planowano udost\u0119pni\u0107 go 23 kwietnia.<\/p>\n<p>&#13;<br \/>\n&#13;<\/p>\n<p>W 2017 roku grupa kapita\u0142owa TXM mia\u0142a 386,5 mln z\u0142 wp\u0142yw\u00f3w sprzeda\u017cowych 29,9 mln z\u0142 straty ze sprzeda\u017cy i 36,6 mln z\u0142 straty netto. Za to <strong>wcze\u015bniej przez trzy lata notowa\u0142a zyski netto: 26,1 mln z\u0142 w 2014 roku, 16,1 mln z\u0142 w 2015 roku i 13 mln z\u0142 w 2016 roku.<\/strong><\/p>\n<p>&#13;<br \/>\n&#13;<\/p>\n<p><strong>Do TXM nale\u017cy 375 sklep\u00f3w dyskontowych z odzie\u017c\u0105 oraz innymi artyku\u0142ami tekstylnymi i gospodarstwa domowego,<\/strong> a tak\u017ce sklep internetowy TXM.pl. \u0141\u0105czna powierzchnia sklep\u00f3w stacjonarnych to 100 tys. metr\u00f3w kwadratowych.<\/p>\n<p>&#13;<br \/>\n&#13;<\/p>\n<p>Od grudnia 2016 roku TXM jest notowany na warszawskiej gie\u0142dzie. Wi\u0119kszo\u015bciowym akcjonariuszem sp\u00f3\u0142ki jest Redan, ma walory stanowi\u0105ce 58,7 proc. jej kapita\u0142u.<\/p>\n<p>&#13;<br \/>\n&#13;<\/p>\n<p><strong>Od debiutu kurs firmy zmala\u0142 z 5,6 z\u0142 do 16 groszy. <\/strong>Przy obecnej cenie jej kapitalizacja wynosi 6,2 mln z\u0142.<\/p>\n<p>&#13;<br \/>\n&#13;<\/p>\n<p>&#13;<br \/>\n                            &#13;<br \/>\n&#13;<br \/>\n                            &#13;<br \/>\n&#13;<br \/>\n&#13;<br \/>\n&#13;<br \/>\n&#13;<br \/>\n&#13;<br \/>\n                            &#13;<br \/>\n                                                            &#13;<br \/>\n&#13;<br \/>\n                            &#13;\n                        <\/p><\/div>\n<p><script>(function (d, s, id) {\n        var js, fjs = d.getElementsByTagName(s)[0];\n        if (d.getElementById(id)) return;\n        js = d.createElement(s);\n        js.id = id;\n        js.src = \"http:\/\/connect.facebook.net\/pl_PL\/sdk.js#xfbml=1&version=v2.6&appId=297996717062470\";\n        fjs.parentNode.insertBefore(js, fjs);\n    }(document, 'script', 'facebook-jssdk'));<\/script><br \/>\n<br \/>[ad_2]<br \/>\n<br \/><a href=\"https:\/\/www.wirtualnemedia.pl\/artykul\/txm-sklepy-upadlosc-wniosek-o-restrukturyzacje-firma-chce-zamknac-nierentowne-sklepy-wycofac-sie-z-rumunii-i-slowacji\">Source link <\/a><\/p>\n","protected":false},"excerpt":{"rendered":"<p>[ad_1] O skierowaniu wniosku o upad\u0142o\u015b\u0107 TXM poinformowa\u0142 w poniedzia\u0142ek rano w komunikacie gie\u0142dowym. &#8211; Z powodu przed\u0142u\u017caj\u0105cego si\u0119 rozpoznania wniosku restrukturyzacyjnego, zgodnie z obowi\u0105zuj\u0105cymi przepisami prawa musieli\u015bmy z\u0142o\u017cy\u0107 wniosek o og\u0142oszenie upad\u0142o\u015bci. Wraz z nim z\u0142o\u017cyli\u015bmy tak\u017ce wniosek o wstrzymanie rozpoznania wniosku o og\u0142oszenie upad\u0142o\u015bci do czasu rozstrzygni\u0119cia w sprawie wniosku o restrukturyzacj\u0119. Oznacza [&hellip;]<\/p>\n","protected":false},"author":2,"featured_media":193,"comment_status":"open","ping_status":"open","sticky":false,"template":"","format":"standard","meta":{"footnotes":""},"categories":[2],"tags":[],"class_list":["post-192","post","type-post","status-publish","format-standard","has-post-thumbnail","hentry","category-wiadomosci-marketingowe-internetowe"],"yoast_head":"<!-- This site is optimized with the Yoast SEO plugin v27.4 - https:\/\/yoast.com\/product\/yoast-seo-wordpress\/ -->\n<title>TXM sklepy upad\u0142o\u015b\u0107 wniosek o restrukturyzacj\u0119. Firma chce zamkn\u0105\u0107 nierentowne sklepy, wycofa\u0107 si\u0119 z Rumunii i S\u0142owacji - Favorite News<\/title>\n<meta name=\"robots\" content=\"index, follow, max-snippet:-1, max-image-preview:large, max-video-preview:-1\" \/>\n<link rel=\"canonical\" href=\"https:\/\/favorite-news.com\/pl\/txm-sklepy-upadlosc-wniosek-o-restrukturyzacje-firma-chce-zamknac-nierentowne-sklepy-wycofac-sie-z-rumunii-i-slowacji\/\" \/>\n<meta property=\"og:locale\" content=\"pl_PL\" \/>\n<meta property=\"og:type\" content=\"article\" \/>\n<meta property=\"og:title\" content=\"TXM sklepy upad\u0142o\u015b\u0107 wniosek o restrukturyzacj\u0119. Firma chce zamkn\u0105\u0107 nierentowne sklepy, wycofa\u0107 si\u0119 z Rumunii i S\u0142owacji - Favorite News\" \/>\n<meta property=\"og:description\" content=\"[ad_1] O skierowaniu wniosku o upad\u0142o\u015b\u0107 TXM poinformowa\u0142 w poniedzia\u0142ek rano w komunikacie gie\u0142dowym. &#8211; Z powodu przed\u0142u\u017caj\u0105cego si\u0119 rozpoznania wniosku restrukturyzacyjnego, zgodnie z obowi\u0105zuj\u0105cymi przepisami prawa musieli\u015bmy z\u0142o\u017cy\u0107 wniosek o og\u0142oszenie upad\u0142o\u015bci. Wraz z nim z\u0142o\u017cyli\u015bmy tak\u017ce wniosek o wstrzymanie rozpoznania wniosku o og\u0142oszenie upad\u0142o\u015bci do czasu rozstrzygni\u0119cia w sprawie wniosku o restrukturyzacj\u0119. Oznacza [&hellip;]\" \/>\n<meta property=\"og:url\" content=\"https:\/\/favorite-news.com\/pl\/txm-sklepy-upadlosc-wniosek-o-restrukturyzacje-firma-chce-zamknac-nierentowne-sklepy-wycofac-sie-z-rumunii-i-slowacji\/\" \/>\n<meta property=\"og:site_name\" content=\"Favorite News\" \/>\n<meta property=\"article:published_time\" content=\"2019-04-29T07:35:24+00:00\" \/>\n<meta property=\"article:modified_time\" content=\"2019-04-29T07:35:25+00:00\" \/>\n<meta property=\"og:image\" content=\"https:\/\/favorite-news.com\/pl\/wp-content\/uploads\/sites\/6\/2019\/04\/TXM-sklepy-upad\u0142o\u015b\u0107-wniosek-o-restrukturyzacj\u0119.-Firma-chce-zamkn\u0105\u0107-nierentowne.png\" \/>\n\t<meta property=\"og:image:width\" content=\"963\" \/>\n\t<meta property=\"og:image:height\" content=\"305\" \/>\n\t<meta property=\"og:image:type\" content=\"image\/png\" \/>\n<meta name=\"author\" content=\"favorite-news\" \/>\n<meta name=\"twitter:card\" content=\"summary_large_image\" \/>\n<meta name=\"twitter:label1\" content=\"Napisane przez\" \/>\n\t<meta name=\"twitter:data1\" content=\"favorite-news\" \/>\n\t<meta name=\"twitter:label2\" content=\"Szacowany czas czytania\" \/>\n\t<meta name=\"twitter:data2\" content=\"4 minuty\" \/>\n<script type=\"application\/ld+json\" class=\"yoast-schema-graph\">{\"@context\":\"https:\\\/\\\/schema.org\",\"@graph\":[{\"@type\":\"Article\",\"@id\":\"https:\\\/\\\/favorite-news.com\\\/pl\\\/txm-sklepy-upadlosc-wniosek-o-restrukturyzacje-firma-chce-zamknac-nierentowne-sklepy-wycofac-sie-z-rumunii-i-slowacji\\\/#article\",\"isPartOf\":{\"@id\":\"https:\\\/\\\/favorite-news.com\\\/pl\\\/txm-sklepy-upadlosc-wniosek-o-restrukturyzacje-firma-chce-zamknac-nierentowne-sklepy-wycofac-sie-z-rumunii-i-slowacji\\\/\"},\"author\":{\"name\":\"favorite-news\",\"@id\":\"https:\\\/\\\/favorite-news.com\\\/pl\\\/#\\\/schema\\\/person\\\/b91573b717dcfa5e4696032a9d28d3e8\"},\"headline\":\"TXM sklepy upad\u0142o\u015b\u0107 wniosek o restrukturyzacj\u0119. Firma chce zamkn\u0105\u0107 nierentowne sklepy, wycofa\u0107 si\u0119 z Rumunii i S\u0142owacji\",\"datePublished\":\"2019-04-29T07:35:24+00:00\",\"dateModified\":\"2019-04-29T07:35:25+00:00\",\"mainEntityOfPage\":{\"@id\":\"https:\\\/\\\/favorite-news.com\\\/pl\\\/txm-sklepy-upadlosc-wniosek-o-restrukturyzacje-firma-chce-zamknac-nierentowne-sklepy-wycofac-sie-z-rumunii-i-slowacji\\\/\"},\"wordCount\":902,\"commentCount\":0,\"image\":{\"@id\":\"https:\\\/\\\/favorite-news.com\\\/pl\\\/txm-sklepy-upadlosc-wniosek-o-restrukturyzacje-firma-chce-zamknac-nierentowne-sklepy-wycofac-sie-z-rumunii-i-slowacji\\\/#primaryimage\"},\"thumbnailUrl\":\"https:\\\/\\\/favorite-news.com\\\/pl\\\/wp-content\\\/uploads\\\/sites\\\/6\\\/2019\\\/04\\\/TXM-sklepy-upad\u0142o\u015b\u0107-wniosek-o-restrukturyzacj\u0119.-Firma-chce-zamkn\u0105\u0107-nierentowne.png\",\"articleSection\":[\"WIADOMO\u015aCI MARKETINGOWE INTERNETOWE\"],\"inLanguage\":\"pl-PL\",\"potentialAction\":[{\"@type\":\"CommentAction\",\"name\":\"Comment\",\"target\":[\"https:\\\/\\\/favorite-news.com\\\/pl\\\/txm-sklepy-upadlosc-wniosek-o-restrukturyzacje-firma-chce-zamknac-nierentowne-sklepy-wycofac-sie-z-rumunii-i-slowacji\\\/#respond\"]}]},{\"@type\":\"WebPage\",\"@id\":\"https:\\\/\\\/favorite-news.com\\\/pl\\\/txm-sklepy-upadlosc-wniosek-o-restrukturyzacje-firma-chce-zamknac-nierentowne-sklepy-wycofac-sie-z-rumunii-i-slowacji\\\/\",\"url\":\"https:\\\/\\\/favorite-news.com\\\/pl\\\/txm-sklepy-upadlosc-wniosek-o-restrukturyzacje-firma-chce-zamknac-nierentowne-sklepy-wycofac-sie-z-rumunii-i-slowacji\\\/\",\"name\":\"TXM sklepy upad\u0142o\u015b\u0107 wniosek o restrukturyzacj\u0119. Firma chce zamkn\u0105\u0107 nierentowne sklepy, wycofa\u0107 si\u0119 z Rumunii i S\u0142owacji - Favorite News\",\"isPartOf\":{\"@id\":\"https:\\\/\\\/favorite-news.com\\\/pl\\\/#website\"},\"primaryImageOfPage\":{\"@id\":\"https:\\\/\\\/favorite-news.com\\\/pl\\\/txm-sklepy-upadlosc-wniosek-o-restrukturyzacje-firma-chce-zamknac-nierentowne-sklepy-wycofac-sie-z-rumunii-i-slowacji\\\/#primaryimage\"},\"image\":{\"@id\":\"https:\\\/\\\/favorite-news.com\\\/pl\\\/txm-sklepy-upadlosc-wniosek-o-restrukturyzacje-firma-chce-zamknac-nierentowne-sklepy-wycofac-sie-z-rumunii-i-slowacji\\\/#primaryimage\"},\"thumbnailUrl\":\"https:\\\/\\\/favorite-news.com\\\/pl\\\/wp-content\\\/uploads\\\/sites\\\/6\\\/2019\\\/04\\\/TXM-sklepy-upad\u0142o\u015b\u0107-wniosek-o-restrukturyzacj\u0119.-Firma-chce-zamkn\u0105\u0107-nierentowne.png\",\"datePublished\":\"2019-04-29T07:35:24+00:00\",\"dateModified\":\"2019-04-29T07:35:25+00:00\",\"author\":{\"@id\":\"https:\\\/\\\/favorite-news.com\\\/pl\\\/#\\\/schema\\\/person\\\/b91573b717dcfa5e4696032a9d28d3e8\"},\"breadcrumb\":{\"@id\":\"https:\\\/\\\/favorite-news.com\\\/pl\\\/txm-sklepy-upadlosc-wniosek-o-restrukturyzacje-firma-chce-zamknac-nierentowne-sklepy-wycofac-sie-z-rumunii-i-slowacji\\\/#breadcrumb\"},\"inLanguage\":\"pl-PL\",\"potentialAction\":[{\"@type\":\"ReadAction\",\"target\":[\"https:\\\/\\\/favorite-news.com\\\/pl\\\/txm-sklepy-upadlosc-wniosek-o-restrukturyzacje-firma-chce-zamknac-nierentowne-sklepy-wycofac-sie-z-rumunii-i-slowacji\\\/\"]}]},{\"@type\":\"ImageObject\",\"inLanguage\":\"pl-PL\",\"@id\":\"https:\\\/\\\/favorite-news.com\\\/pl\\\/txm-sklepy-upadlosc-wniosek-o-restrukturyzacje-firma-chce-zamknac-nierentowne-sklepy-wycofac-sie-z-rumunii-i-slowacji\\\/#primaryimage\",\"url\":\"https:\\\/\\\/favorite-news.com\\\/pl\\\/wp-content\\\/uploads\\\/sites\\\/6\\\/2019\\\/04\\\/TXM-sklepy-upad\u0142o\u015b\u0107-wniosek-o-restrukturyzacj\u0119.-Firma-chce-zamkn\u0105\u0107-nierentowne.png\",\"contentUrl\":\"https:\\\/\\\/favorite-news.com\\\/pl\\\/wp-content\\\/uploads\\\/sites\\\/6\\\/2019\\\/04\\\/TXM-sklepy-upad\u0142o\u015b\u0107-wniosek-o-restrukturyzacj\u0119.-Firma-chce-zamkn\u0105\u0107-nierentowne.png\",\"width\":963,\"height\":305,\"caption\":\"TXM sklepy upad\u0142o\u015b\u0107 wniosek o restrukturyzacj\u0119. Firma chce zamkn\u0105\u0107 nierentowne sklepy, wycofa\u0107 si\u0119 z Rumunii i S\u0142owacji\"},{\"@type\":\"BreadcrumbList\",\"@id\":\"https:\\\/\\\/favorite-news.com\\\/pl\\\/txm-sklepy-upadlosc-wniosek-o-restrukturyzacje-firma-chce-zamknac-nierentowne-sklepy-wycofac-sie-z-rumunii-i-slowacji\\\/#breadcrumb\",\"itemListElement\":[{\"@type\":\"ListItem\",\"position\":1,\"name\":\"Home\",\"item\":\"https:\\\/\\\/favorite-news.com\\\/pl\\\/\"},{\"@type\":\"ListItem\",\"position\":2,\"name\":\"TXM sklepy upad\u0142o\u015b\u0107 wniosek o restrukturyzacj\u0119. Firma chce zamkn\u0105\u0107 nierentowne sklepy, wycofa\u0107 si\u0119 z Rumunii i S\u0142owacji\"}]},{\"@type\":\"WebSite\",\"@id\":\"https:\\\/\\\/favorite-news.com\\\/pl\\\/#website\",\"url\":\"https:\\\/\\\/favorite-news.com\\\/pl\\\/\",\"name\":\"Favorite News\",\"description\":\"Favorite News Polska\",\"potentialAction\":[{\"@type\":\"SearchAction\",\"target\":{\"@type\":\"EntryPoint\",\"urlTemplate\":\"https:\\\/\\\/favorite-news.com\\\/pl\\\/?s={search_term_string}\"},\"query-input\":{\"@type\":\"PropertyValueSpecification\",\"valueRequired\":true,\"valueName\":\"search_term_string\"}}],\"inLanguage\":\"pl-PL\"},{\"@type\":\"Person\",\"@id\":\"https:\\\/\\\/favorite-news.com\\\/pl\\\/#\\\/schema\\\/person\\\/b91573b717dcfa5e4696032a9d28d3e8\",\"name\":\"favorite-news\",\"image\":{\"@type\":\"ImageObject\",\"inLanguage\":\"pl-PL\",\"@id\":\"https:\\\/\\\/secure.gravatar.com\\\/avatar\\\/6c5a5cb12b74e9d517ee91cf570335b7d16177f1977cc91db161adfa435945a7?s=96&d=mm&r=g\",\"url\":\"https:\\\/\\\/secure.gravatar.com\\\/avatar\\\/6c5a5cb12b74e9d517ee91cf570335b7d16177f1977cc91db161adfa435945a7?s=96&d=mm&r=g\",\"contentUrl\":\"https:\\\/\\\/secure.gravatar.com\\\/avatar\\\/6c5a5cb12b74e9d517ee91cf570335b7d16177f1977cc91db161adfa435945a7?s=96&d=mm&r=g\",\"caption\":\"favorite-news\"},\"url\":\"https:\\\/\\\/favorite-news.com\\\/pl\\\/author\\\/pt\\\/\"}]}<\/script>\n<!-- \/ Yoast SEO plugin. -->","yoast_head_json":{"title":"TXM sklepy upad\u0142o\u015b\u0107 wniosek o restrukturyzacj\u0119. Firma chce zamkn\u0105\u0107 nierentowne sklepy, wycofa\u0107 si\u0119 z Rumunii i S\u0142owacji - Favorite News","robots":{"index":"index","follow":"follow","max-snippet":"max-snippet:-1","max-image-preview":"max-image-preview:large","max-video-preview":"max-video-preview:-1"},"canonical":"https:\/\/favorite-news.com\/pl\/txm-sklepy-upadlosc-wniosek-o-restrukturyzacje-firma-chce-zamknac-nierentowne-sklepy-wycofac-sie-z-rumunii-i-slowacji\/","og_locale":"pl_PL","og_type":"article","og_title":"TXM sklepy upad\u0142o\u015b\u0107 wniosek o restrukturyzacj\u0119. Firma chce zamkn\u0105\u0107 nierentowne sklepy, wycofa\u0107 si\u0119 z Rumunii i S\u0142owacji - Favorite News","og_description":"[ad_1] O skierowaniu wniosku o upad\u0142o\u015b\u0107 TXM poinformowa\u0142 w poniedzia\u0142ek rano w komunikacie gie\u0142dowym. &#8211; Z powodu przed\u0142u\u017caj\u0105cego si\u0119 rozpoznania wniosku restrukturyzacyjnego, zgodnie z obowi\u0105zuj\u0105cymi przepisami prawa musieli\u015bmy z\u0142o\u017cy\u0107 wniosek o og\u0142oszenie upad\u0142o\u015bci. Wraz z nim z\u0142o\u017cyli\u015bmy tak\u017ce wniosek o wstrzymanie rozpoznania wniosku o og\u0142oszenie upad\u0142o\u015bci do czasu rozstrzygni\u0119cia w sprawie wniosku o restrukturyzacj\u0119. Oznacza [&hellip;]","og_url":"https:\/\/favorite-news.com\/pl\/txm-sklepy-upadlosc-wniosek-o-restrukturyzacje-firma-chce-zamknac-nierentowne-sklepy-wycofac-sie-z-rumunii-i-slowacji\/","og_site_name":"Favorite News","article_published_time":"2019-04-29T07:35:24+00:00","article_modified_time":"2019-04-29T07:35:25+00:00","og_image":[{"width":963,"height":305,"url":"https:\/\/favorite-news.com\/pl\/wp-content\/uploads\/sites\/6\/2019\/04\/TXM-sklepy-upad\u0142o\u015b\u0107-wniosek-o-restrukturyzacj\u0119.-Firma-chce-zamkn\u0105\u0107-nierentowne.png","type":"image\/png"}],"author":"favorite-news","twitter_card":"summary_large_image","twitter_misc":{"Napisane przez":"favorite-news","Szacowany czas czytania":"4 minuty"},"schema":{"@context":"https:\/\/schema.org","@graph":[{"@type":"Article","@id":"https:\/\/favorite-news.com\/pl\/txm-sklepy-upadlosc-wniosek-o-restrukturyzacje-firma-chce-zamknac-nierentowne-sklepy-wycofac-sie-z-rumunii-i-slowacji\/#article","isPartOf":{"@id":"https:\/\/favorite-news.com\/pl\/txm-sklepy-upadlosc-wniosek-o-restrukturyzacje-firma-chce-zamknac-nierentowne-sklepy-wycofac-sie-z-rumunii-i-slowacji\/"},"author":{"name":"favorite-news","@id":"https:\/\/favorite-news.com\/pl\/#\/schema\/person\/b91573b717dcfa5e4696032a9d28d3e8"},"headline":"TXM sklepy upad\u0142o\u015b\u0107 wniosek o restrukturyzacj\u0119. Firma chce zamkn\u0105\u0107 nierentowne sklepy, wycofa\u0107 si\u0119 z Rumunii i S\u0142owacji","datePublished":"2019-04-29T07:35:24+00:00","dateModified":"2019-04-29T07:35:25+00:00","mainEntityOfPage":{"@id":"https:\/\/favorite-news.com\/pl\/txm-sklepy-upadlosc-wniosek-o-restrukturyzacje-firma-chce-zamknac-nierentowne-sklepy-wycofac-sie-z-rumunii-i-slowacji\/"},"wordCount":902,"commentCount":0,"image":{"@id":"https:\/\/favorite-news.com\/pl\/txm-sklepy-upadlosc-wniosek-o-restrukturyzacje-firma-chce-zamknac-nierentowne-sklepy-wycofac-sie-z-rumunii-i-slowacji\/#primaryimage"},"thumbnailUrl":"https:\/\/favorite-news.com\/pl\/wp-content\/uploads\/sites\/6\/2019\/04\/TXM-sklepy-upad\u0142o\u015b\u0107-wniosek-o-restrukturyzacj\u0119.-Firma-chce-zamkn\u0105\u0107-nierentowne.png","articleSection":["WIADOMO\u015aCI MARKETINGOWE INTERNETOWE"],"inLanguage":"pl-PL","potentialAction":[{"@type":"CommentAction","name":"Comment","target":["https:\/\/favorite-news.com\/pl\/txm-sklepy-upadlosc-wniosek-o-restrukturyzacje-firma-chce-zamknac-nierentowne-sklepy-wycofac-sie-z-rumunii-i-slowacji\/#respond"]}]},{"@type":"WebPage","@id":"https:\/\/favorite-news.com\/pl\/txm-sklepy-upadlosc-wniosek-o-restrukturyzacje-firma-chce-zamknac-nierentowne-sklepy-wycofac-sie-z-rumunii-i-slowacji\/","url":"https:\/\/favorite-news.com\/pl\/txm-sklepy-upadlosc-wniosek-o-restrukturyzacje-firma-chce-zamknac-nierentowne-sklepy-wycofac-sie-z-rumunii-i-slowacji\/","name":"TXM sklepy upad\u0142o\u015b\u0107 wniosek o restrukturyzacj\u0119. Firma chce zamkn\u0105\u0107 nierentowne sklepy, wycofa\u0107 si\u0119 z Rumunii i S\u0142owacji - Favorite News","isPartOf":{"@id":"https:\/\/favorite-news.com\/pl\/#website"},"primaryImageOfPage":{"@id":"https:\/\/favorite-news.com\/pl\/txm-sklepy-upadlosc-wniosek-o-restrukturyzacje-firma-chce-zamknac-nierentowne-sklepy-wycofac-sie-z-rumunii-i-slowacji\/#primaryimage"},"image":{"@id":"https:\/\/favorite-news.com\/pl\/txm-sklepy-upadlosc-wniosek-o-restrukturyzacje-firma-chce-zamknac-nierentowne-sklepy-wycofac-sie-z-rumunii-i-slowacji\/#primaryimage"},"thumbnailUrl":"https:\/\/favorite-news.com\/pl\/wp-content\/uploads\/sites\/6\/2019\/04\/TXM-sklepy-upad\u0142o\u015b\u0107-wniosek-o-restrukturyzacj\u0119.-Firma-chce-zamkn\u0105\u0107-nierentowne.png","datePublished":"2019-04-29T07:35:24+00:00","dateModified":"2019-04-29T07:35:25+00:00","author":{"@id":"https:\/\/favorite-news.com\/pl\/#\/schema\/person\/b91573b717dcfa5e4696032a9d28d3e8"},"breadcrumb":{"@id":"https:\/\/favorite-news.com\/pl\/txm-sklepy-upadlosc-wniosek-o-restrukturyzacje-firma-chce-zamknac-nierentowne-sklepy-wycofac-sie-z-rumunii-i-slowacji\/#breadcrumb"},"inLanguage":"pl-PL","potentialAction":[{"@type":"ReadAction","target":["https:\/\/favorite-news.com\/pl\/txm-sklepy-upadlosc-wniosek-o-restrukturyzacje-firma-chce-zamknac-nierentowne-sklepy-wycofac-sie-z-rumunii-i-slowacji\/"]}]},{"@type":"ImageObject","inLanguage":"pl-PL","@id":"https:\/\/favorite-news.com\/pl\/txm-sklepy-upadlosc-wniosek-o-restrukturyzacje-firma-chce-zamknac-nierentowne-sklepy-wycofac-sie-z-rumunii-i-slowacji\/#primaryimage","url":"https:\/\/favorite-news.com\/pl\/wp-content\/uploads\/sites\/6\/2019\/04\/TXM-sklepy-upad\u0142o\u015b\u0107-wniosek-o-restrukturyzacj\u0119.-Firma-chce-zamkn\u0105\u0107-nierentowne.png","contentUrl":"https:\/\/favorite-news.com\/pl\/wp-content\/uploads\/sites\/6\/2019\/04\/TXM-sklepy-upad\u0142o\u015b\u0107-wniosek-o-restrukturyzacj\u0119.-Firma-chce-zamkn\u0105\u0107-nierentowne.png","width":963,"height":305,"caption":"TXM sklepy upad\u0142o\u015b\u0107 wniosek o restrukturyzacj\u0119. Firma chce zamkn\u0105\u0107 nierentowne sklepy, wycofa\u0107 si\u0119 z Rumunii i S\u0142owacji"},{"@type":"BreadcrumbList","@id":"https:\/\/favorite-news.com\/pl\/txm-sklepy-upadlosc-wniosek-o-restrukturyzacje-firma-chce-zamknac-nierentowne-sklepy-wycofac-sie-z-rumunii-i-slowacji\/#breadcrumb","itemListElement":[{"@type":"ListItem","position":1,"name":"Home","item":"https:\/\/favorite-news.com\/pl\/"},{"@type":"ListItem","position":2,"name":"TXM sklepy upad\u0142o\u015b\u0107 wniosek o restrukturyzacj\u0119. Firma chce zamkn\u0105\u0107 nierentowne sklepy, wycofa\u0107 si\u0119 z Rumunii i S\u0142owacji"}]},{"@type":"WebSite","@id":"https:\/\/favorite-news.com\/pl\/#website","url":"https:\/\/favorite-news.com\/pl\/","name":"Favorite News","description":"Favorite News Polska","potentialAction":[{"@type":"SearchAction","target":{"@type":"EntryPoint","urlTemplate":"https:\/\/favorite-news.com\/pl\/?s={search_term_string}"},"query-input":{"@type":"PropertyValueSpecification","valueRequired":true,"valueName":"search_term_string"}}],"inLanguage":"pl-PL"},{"@type":"Person","@id":"https:\/\/favorite-news.com\/pl\/#\/schema\/person\/b91573b717dcfa5e4696032a9d28d3e8","name":"favorite-news","image":{"@type":"ImageObject","inLanguage":"pl-PL","@id":"https:\/\/secure.gravatar.com\/avatar\/6c5a5cb12b74e9d517ee91cf570335b7d16177f1977cc91db161adfa435945a7?s=96&d=mm&r=g","url":"https:\/\/secure.gravatar.com\/avatar\/6c5a5cb12b74e9d517ee91cf570335b7d16177f1977cc91db161adfa435945a7?s=96&d=mm&r=g","contentUrl":"https:\/\/secure.gravatar.com\/avatar\/6c5a5cb12b74e9d517ee91cf570335b7d16177f1977cc91db161adfa435945a7?s=96&d=mm&r=g","caption":"favorite-news"},"url":"https:\/\/favorite-news.com\/pl\/author\/pt\/"}]}},"_links":{"self":[{"href":"https:\/\/favorite-news.com\/pl\/wp-json\/wp\/v2\/posts\/192","targetHints":{"allow":["GET"]}}],"collection":[{"href":"https:\/\/favorite-news.com\/pl\/wp-json\/wp\/v2\/posts"}],"about":[{"href":"https:\/\/favorite-news.com\/pl\/wp-json\/wp\/v2\/types\/post"}],"author":[{"embeddable":true,"href":"https:\/\/favorite-news.com\/pl\/wp-json\/wp\/v2\/users\/2"}],"replies":[{"embeddable":true,"href":"https:\/\/favorite-news.com\/pl\/wp-json\/wp\/v2\/comments?post=192"}],"version-history":[{"count":1,"href":"https:\/\/favorite-news.com\/pl\/wp-json\/wp\/v2\/posts\/192\/revisions"}],"predecessor-version":[{"id":194,"href":"https:\/\/favorite-news.com\/pl\/wp-json\/wp\/v2\/posts\/192\/revisions\/194"}],"wp:featuredmedia":[{"embeddable":true,"href":"https:\/\/favorite-news.com\/pl\/wp-json\/wp\/v2\/media\/193"}],"wp:attachment":[{"href":"https:\/\/favorite-news.com\/pl\/wp-json\/wp\/v2\/media?parent=192"}],"wp:term":[{"taxonomy":"category","embeddable":true,"href":"https:\/\/favorite-news.com\/pl\/wp-json\/wp\/v2\/categories?post=192"},{"taxonomy":"post_tag","embeddable":true,"href":"https:\/\/favorite-news.com\/pl\/wp-json\/wp\/v2\/tags?post=192"}],"curies":[{"name":"wp","href":"https:\/\/api.w.org\/{rel}","templated":true}]}}