{"id":1895,"date":"2019-06-26T04:16:05","date_gmt":"2019-06-26T01:16:05","guid":{"rendered":"https:\/\/favorite-news.com\/pl\/lech-z-leszkiem-lato-zawsze-jest-pelne-muzyki-lech-music\/"},"modified":"2019-06-26T04:16:06","modified_gmt":"2019-06-26T01:16:06","slug":"lech-z-leszkiem-lato-zawsze-jest-pelne-muzyki-lech-music","status":"publish","type":"post","link":"https:\/\/favorite-news.com\/pl\/lech-z-leszkiem-lato-zawsze-jest-pelne-muzyki-lech-music\/","title":{"rendered":"Lech z Leszkiem lato zawsze jest pe\u0142ne muzyki Lech Music"},"content":{"rendered":"<p> [ad_1]<br \/>\n<\/p>\n<div id=\"\">\n<p>Osi\u0105 letniej komunikacji marki jest has\u0142o \u201ez Leszkiem lato zawsze jest pe\u0142ne muzyki\u201d. Jedn\u0105 z zaplanowanych w ramach dzia\u0142a\u0144 aktywacji jest quiz. By wzi\u0105\u0107 w nim udzia\u0142, wystarczy kupi\u0107 Lecha obj\u0119tego promocj\u0105, wpisa\u0107 kod spod kapsla lub zawleczki w formularzu dost\u0119pnym na stronie marki i zmierzy\u0107 si\u0119 pytaniami dotycz\u0105cymi muzyki. W ka\u017cdym tygodniu konkursu 1500 os\u00f3b, kt\u00f3re najlepiej poradzi sobie z quizem, zdob\u0119dzie koszulki zaprojektowane przez takich artyst\u00f3w jak Dawid Ryski, Lis Kula czy Miss Pank.<\/p>\n<p>&#13;<br \/>\n&#13;<\/p>\n<p><span style=\"font-size:20px;\"><strong>Lech na festiwalach OFF, Audioriver i Pol\u2019and\u2019Rock<\/strong><\/span><\/p>\n<p>&#13;<br \/>\n&#13;<\/p>\n<p>Dodatkowo, w\u015br\u00f3d projekt\u00f3w znajd\u0105 si\u0119 r\u00f3wnie\u017c wzory dedykowane trzem festiwalom, na kt\u00f3rych b\u0119dzie promowa\u0107 si\u0119 Lech: Audioriver, OFF Festival i Pol\u2019and\u2019Rock. Motyw koszulki na Pol\u2019and\u2019Rock przygotowa\u0142 Jerzy Owsiak.<\/p>\n<p>&#13;<br \/>\n&#13;<\/p>\n<p>Marka przygotowa\u0142a tak\u017ce trzy limitowane edycje puszek, kt\u00f3re stylem nawi\u0105zuj\u0105 do imprez, na kt\u00f3rych go\u015bci Lech Premium. Za design puszki z motywem Audioriver stoi Piotr Ho\u0142ub, projekt na OFF Festival przygotowa\u0142 Lis Kula za\u015b ilustracj\u0119 na Pol\u2019and\u2019Rock, podobnie jak koszulk\u0119, stworzy\u0142 Jerzy Owsiak.<\/p>\n<p>&#13;<br \/>\n&#13;<\/p>\n<p>Lech przygotowa\u0142 w tym roku tak\u017ce w\u0142asny cykl koncert\u00f3w Lech Music Tour &#8211; szczeg\u00f3\u0142y zostan\u0105 przekazane wkr\u00f3tce.<\/p>\n<p>&#13;<br \/>\n&#13;<\/p>\n<p>Letnia komunikacja marki potrwa do ko\u0144ca sierpnia. Za przygotowanie spotu reklamowego, strony www oraz za dzia\u0142ania w social media odpowiada agencja Cut the Mustard. Wsp\u00f3\u0142prac\u0119 z influencerami i grafikami oraz dzia\u0142ania PR koordynuje agencja Tailor Made PR.<\/p>\n<p>&#13;<br \/>\n&#13;<\/p>\n<p>Planowaniem i zakupem medi\u00f3w zaj\u0105\u0142 si\u0119 dom mediowy Zenith Optimedia, za\u015b nad technicznym przebiegiem konkursu i zg\u0142oszeniami czuwa Afekt.<\/p>\n<p>&#13;<br \/>\n                            &#13;<br \/>\n&#13;<br \/>\n                            &#13;<br \/>\n&#13;<br \/>\n&#13;<br \/>\n&#13;<br \/>\n&#13;<br \/>\n&#13;<br \/>\n                            &#13;<br \/>\n                                                            &#13;<br \/>\n&#13;<br \/>\n                            &#13;\n                        <\/p><\/div>\n<p><script>(function (d, s, id) {\n        var js, fjs = d.getElementsByTagName(s)[0];\n        if (d.getElementById(id)) return;\n        js = d.createElement(s);\n        js.id = id;\n        js.src = \"http:\/\/connect.facebook.net\/pl_PL\/sdk.js#xfbml=1&version=v2.6&appId=297996717062470\";\n        fjs.parentNode.insertBefore(js, fjs);\n    }(document, 'script', 'facebook-jssdk'));<\/script><br \/>\n<br \/>[ad_2]<br \/>\n<br \/><a href=\"https:\/\/www.wirtualnemedia.pl\/artykul\/lech-z-leszkiem-lato-zawsze-jest-pelne-muzyki-lech-music\">Source link <\/a><\/p>\n","protected":false},"excerpt":{"rendered":"<p>[ad_1] Osi\u0105 letniej komunikacji marki jest has\u0142o \u201ez Leszkiem lato zawsze jest pe\u0142ne muzyki\u201d. Jedn\u0105 z zaplanowanych w ramach dzia\u0142a\u0144 aktywacji jest quiz. By wzi\u0105\u0107 w nim udzia\u0142, wystarczy kupi\u0107 Lecha obj\u0119tego promocj\u0105, wpisa\u0107 kod spod kapsla lub zawleczki w formularzu dost\u0119pnym na stronie marki i zmierzy\u0107 si\u0119 pytaniami dotycz\u0105cymi muzyki. W ka\u017cdym tygodniu konkursu [&hellip;]<\/p>\n","protected":false},"author":2,"featured_media":1896,"comment_status":"open","ping_status":"open","sticky":false,"template":"","format":"standard","meta":{"footnotes":""},"categories":[2],"tags":[],"class_list":["post-1895","post","type-post","status-publish","format-standard","has-post-thumbnail","hentry","category-wiadomosci-marketingowe-internetowe"],"yoast_head":"<!-- This site is optimized with the Yoast SEO plugin v27.4 - https:\/\/yoast.com\/product\/yoast-seo-wordpress\/ -->\n<title>Lech z Leszkiem lato zawsze jest pe\u0142ne muzyki Lech Music - Favorite News<\/title>\n<meta name=\"robots\" content=\"index, follow, max-snippet:-1, max-image-preview:large, max-video-preview:-1\" \/>\n<link rel=\"canonical\" href=\"https:\/\/favorite-news.com\/pl\/lech-z-leszkiem-lato-zawsze-jest-pelne-muzyki-lech-music\/\" \/>\n<meta property=\"og:locale\" content=\"pl_PL\" \/>\n<meta property=\"og:type\" content=\"article\" \/>\n<meta property=\"og:title\" content=\"Lech z Leszkiem lato zawsze jest pe\u0142ne muzyki Lech Music - Favorite News\" \/>\n<meta property=\"og:description\" content=\"[ad_1] Osi\u0105 letniej komunikacji marki jest has\u0142o \u201ez Leszkiem lato zawsze jest pe\u0142ne muzyki\u201d. Jedn\u0105 z zaplanowanych w ramach dzia\u0142a\u0144 aktywacji jest quiz. By wzi\u0105\u0107 w nim udzia\u0142, wystarczy kupi\u0107 Lecha obj\u0119tego promocj\u0105, wpisa\u0107 kod spod kapsla lub zawleczki w formularzu dost\u0119pnym na stronie marki i zmierzy\u0107 si\u0119 pytaniami dotycz\u0105cymi muzyki. W ka\u017cdym tygodniu konkursu [&hellip;]\" \/>\n<meta property=\"og:url\" content=\"https:\/\/favorite-news.com\/pl\/lech-z-leszkiem-lato-zawsze-jest-pelne-muzyki-lech-music\/\" \/>\n<meta property=\"og:site_name\" content=\"Favorite News\" \/>\n<meta property=\"article:published_time\" content=\"2019-06-26T01:16:05+00:00\" \/>\n<meta property=\"article:modified_time\" content=\"2019-06-26T01:16:06+00:00\" \/>\n<meta property=\"og:image\" content=\"https:\/\/favorite-news.com\/pl\/wp-content\/uploads\/sites\/6\/2019\/06\/Lech-z-Leszkiem-lato-zawsze-jest-pe\u0142ne-muzyki-Lech-Music.jpg\" \/>\n\t<meta property=\"og:image:width\" content=\"655\" \/>\n\t<meta property=\"og:image:height\" content=\"766\" \/>\n\t<meta property=\"og:image:type\" content=\"image\/jpeg\" \/>\n<meta name=\"author\" content=\"favorite-news\" \/>\n<meta name=\"twitter:card\" content=\"summary_large_image\" \/>\n<meta name=\"twitter:label1\" content=\"Napisane przez\" \/>\n\t<meta name=\"twitter:data1\" content=\"favorite-news\" \/>\n\t<meta name=\"twitter:label2\" content=\"Szacowany czas czytania\" \/>\n\t<meta name=\"twitter:data2\" content=\"1 minuta\" \/>\n<script type=\"application\/ld+json\" class=\"yoast-schema-graph\">{\"@context\":\"https:\\\/\\\/schema.org\",\"@graph\":[{\"@type\":\"Article\",\"@id\":\"https:\\\/\\\/favorite-news.com\\\/pl\\\/lech-z-leszkiem-lato-zawsze-jest-pelne-muzyki-lech-music\\\/#article\",\"isPartOf\":{\"@id\":\"https:\\\/\\\/favorite-news.com\\\/pl\\\/lech-z-leszkiem-lato-zawsze-jest-pelne-muzyki-lech-music\\\/\"},\"author\":{\"name\":\"favorite-news\",\"@id\":\"https:\\\/\\\/favorite-news.com\\\/pl\\\/#\\\/schema\\\/person\\\/b91573b717dcfa5e4696032a9d28d3e8\"},\"headline\":\"Lech z Leszkiem lato zawsze jest pe\u0142ne muzyki Lech Music\",\"datePublished\":\"2019-06-26T01:16:05+00:00\",\"dateModified\":\"2019-06-26T01:16:06+00:00\",\"mainEntityOfPage\":{\"@id\":\"https:\\\/\\\/favorite-news.com\\\/pl\\\/lech-z-leszkiem-lato-zawsze-jest-pelne-muzyki-lech-music\\\/\"},\"wordCount\":284,\"commentCount\":0,\"image\":{\"@id\":\"https:\\\/\\\/favorite-news.com\\\/pl\\\/lech-z-leszkiem-lato-zawsze-jest-pelne-muzyki-lech-music\\\/#primaryimage\"},\"thumbnailUrl\":\"https:\\\/\\\/favorite-news.com\\\/pl\\\/wp-content\\\/uploads\\\/sites\\\/6\\\/2019\\\/06\\\/Lech-z-Leszkiem-lato-zawsze-jest-pe\u0142ne-muzyki-Lech-Music.jpg\",\"articleSection\":[\"WIADOMO\u015aCI MARKETINGOWE INTERNETOWE\"],\"inLanguage\":\"pl-PL\",\"potentialAction\":[{\"@type\":\"CommentAction\",\"name\":\"Comment\",\"target\":[\"https:\\\/\\\/favorite-news.com\\\/pl\\\/lech-z-leszkiem-lato-zawsze-jest-pelne-muzyki-lech-music\\\/#respond\"]}]},{\"@type\":\"WebPage\",\"@id\":\"https:\\\/\\\/favorite-news.com\\\/pl\\\/lech-z-leszkiem-lato-zawsze-jest-pelne-muzyki-lech-music\\\/\",\"url\":\"https:\\\/\\\/favorite-news.com\\\/pl\\\/lech-z-leszkiem-lato-zawsze-jest-pelne-muzyki-lech-music\\\/\",\"name\":\"Lech z Leszkiem lato zawsze jest pe\u0142ne muzyki Lech Music - Favorite News\",\"isPartOf\":{\"@id\":\"https:\\\/\\\/favorite-news.com\\\/pl\\\/#website\"},\"primaryImageOfPage\":{\"@id\":\"https:\\\/\\\/favorite-news.com\\\/pl\\\/lech-z-leszkiem-lato-zawsze-jest-pelne-muzyki-lech-music\\\/#primaryimage\"},\"image\":{\"@id\":\"https:\\\/\\\/favorite-news.com\\\/pl\\\/lech-z-leszkiem-lato-zawsze-jest-pelne-muzyki-lech-music\\\/#primaryimage\"},\"thumbnailUrl\":\"https:\\\/\\\/favorite-news.com\\\/pl\\\/wp-content\\\/uploads\\\/sites\\\/6\\\/2019\\\/06\\\/Lech-z-Leszkiem-lato-zawsze-jest-pe\u0142ne-muzyki-Lech-Music.jpg\",\"datePublished\":\"2019-06-26T01:16:05+00:00\",\"dateModified\":\"2019-06-26T01:16:06+00:00\",\"author\":{\"@id\":\"https:\\\/\\\/favorite-news.com\\\/pl\\\/#\\\/schema\\\/person\\\/b91573b717dcfa5e4696032a9d28d3e8\"},\"breadcrumb\":{\"@id\":\"https:\\\/\\\/favorite-news.com\\\/pl\\\/lech-z-leszkiem-lato-zawsze-jest-pelne-muzyki-lech-music\\\/#breadcrumb\"},\"inLanguage\":\"pl-PL\",\"potentialAction\":[{\"@type\":\"ReadAction\",\"target\":[\"https:\\\/\\\/favorite-news.com\\\/pl\\\/lech-z-leszkiem-lato-zawsze-jest-pelne-muzyki-lech-music\\\/\"]}]},{\"@type\":\"ImageObject\",\"inLanguage\":\"pl-PL\",\"@id\":\"https:\\\/\\\/favorite-news.com\\\/pl\\\/lech-z-leszkiem-lato-zawsze-jest-pelne-muzyki-lech-music\\\/#primaryimage\",\"url\":\"https:\\\/\\\/favorite-news.com\\\/pl\\\/wp-content\\\/uploads\\\/sites\\\/6\\\/2019\\\/06\\\/Lech-z-Leszkiem-lato-zawsze-jest-pe\u0142ne-muzyki-Lech-Music.jpg\",\"contentUrl\":\"https:\\\/\\\/favorite-news.com\\\/pl\\\/wp-content\\\/uploads\\\/sites\\\/6\\\/2019\\\/06\\\/Lech-z-Leszkiem-lato-zawsze-jest-pe\u0142ne-muzyki-Lech-Music.jpg\",\"width\":655,\"height\":766,\"caption\":\"Article\"},{\"@type\":\"BreadcrumbList\",\"@id\":\"https:\\\/\\\/favorite-news.com\\\/pl\\\/lech-z-leszkiem-lato-zawsze-jest-pelne-muzyki-lech-music\\\/#breadcrumb\",\"itemListElement\":[{\"@type\":\"ListItem\",\"position\":1,\"name\":\"Home\",\"item\":\"https:\\\/\\\/favorite-news.com\\\/pl\\\/\"},{\"@type\":\"ListItem\",\"position\":2,\"name\":\"Lech z Leszkiem lato zawsze jest pe\u0142ne muzyki Lech Music\"}]},{\"@type\":\"WebSite\",\"@id\":\"https:\\\/\\\/favorite-news.com\\\/pl\\\/#website\",\"url\":\"https:\\\/\\\/favorite-news.com\\\/pl\\\/\",\"name\":\"Favorite News\",\"description\":\"Favorite News Polska\",\"potentialAction\":[{\"@type\":\"SearchAction\",\"target\":{\"@type\":\"EntryPoint\",\"urlTemplate\":\"https:\\\/\\\/favorite-news.com\\\/pl\\\/?s={search_term_string}\"},\"query-input\":{\"@type\":\"PropertyValueSpecification\",\"valueRequired\":true,\"valueName\":\"search_term_string\"}}],\"inLanguage\":\"pl-PL\"},{\"@type\":\"Person\",\"@id\":\"https:\\\/\\\/favorite-news.com\\\/pl\\\/#\\\/schema\\\/person\\\/b91573b717dcfa5e4696032a9d28d3e8\",\"name\":\"favorite-news\",\"image\":{\"@type\":\"ImageObject\",\"inLanguage\":\"pl-PL\",\"@id\":\"https:\\\/\\\/secure.gravatar.com\\\/avatar\\\/6c5a5cb12b74e9d517ee91cf570335b7d16177f1977cc91db161adfa435945a7?s=96&d=mm&r=g\",\"url\":\"https:\\\/\\\/secure.gravatar.com\\\/avatar\\\/6c5a5cb12b74e9d517ee91cf570335b7d16177f1977cc91db161adfa435945a7?s=96&d=mm&r=g\",\"contentUrl\":\"https:\\\/\\\/secure.gravatar.com\\\/avatar\\\/6c5a5cb12b74e9d517ee91cf570335b7d16177f1977cc91db161adfa435945a7?s=96&d=mm&r=g\",\"caption\":\"favorite-news\"},\"url\":\"https:\\\/\\\/favorite-news.com\\\/pl\\\/author\\\/pt\\\/\"}]}<\/script>\n<!-- \/ Yoast SEO plugin. -->","yoast_head_json":{"title":"Lech z Leszkiem lato zawsze jest pe\u0142ne muzyki Lech Music - Favorite News","robots":{"index":"index","follow":"follow","max-snippet":"max-snippet:-1","max-image-preview":"max-image-preview:large","max-video-preview":"max-video-preview:-1"},"canonical":"https:\/\/favorite-news.com\/pl\/lech-z-leszkiem-lato-zawsze-jest-pelne-muzyki-lech-music\/","og_locale":"pl_PL","og_type":"article","og_title":"Lech z Leszkiem lato zawsze jest pe\u0142ne muzyki Lech Music - Favorite News","og_description":"[ad_1] Osi\u0105 letniej komunikacji marki jest has\u0142o \u201ez Leszkiem lato zawsze jest pe\u0142ne muzyki\u201d. Jedn\u0105 z zaplanowanych w ramach dzia\u0142a\u0144 aktywacji jest quiz. By wzi\u0105\u0107 w nim udzia\u0142, wystarczy kupi\u0107 Lecha obj\u0119tego promocj\u0105, wpisa\u0107 kod spod kapsla lub zawleczki w formularzu dost\u0119pnym na stronie marki i zmierzy\u0107 si\u0119 pytaniami dotycz\u0105cymi muzyki. W ka\u017cdym tygodniu konkursu [&hellip;]","og_url":"https:\/\/favorite-news.com\/pl\/lech-z-leszkiem-lato-zawsze-jest-pelne-muzyki-lech-music\/","og_site_name":"Favorite News","article_published_time":"2019-06-26T01:16:05+00:00","article_modified_time":"2019-06-26T01:16:06+00:00","og_image":[{"width":655,"height":766,"url":"https:\/\/favorite-news.com\/pl\/wp-content\/uploads\/sites\/6\/2019\/06\/Lech-z-Leszkiem-lato-zawsze-jest-pe\u0142ne-muzyki-Lech-Music.jpg","type":"image\/jpeg"}],"author":"favorite-news","twitter_card":"summary_large_image","twitter_misc":{"Napisane przez":"favorite-news","Szacowany czas czytania":"1 minuta"},"schema":{"@context":"https:\/\/schema.org","@graph":[{"@type":"Article","@id":"https:\/\/favorite-news.com\/pl\/lech-z-leszkiem-lato-zawsze-jest-pelne-muzyki-lech-music\/#article","isPartOf":{"@id":"https:\/\/favorite-news.com\/pl\/lech-z-leszkiem-lato-zawsze-jest-pelne-muzyki-lech-music\/"},"author":{"name":"favorite-news","@id":"https:\/\/favorite-news.com\/pl\/#\/schema\/person\/b91573b717dcfa5e4696032a9d28d3e8"},"headline":"Lech z Leszkiem lato zawsze jest pe\u0142ne muzyki Lech Music","datePublished":"2019-06-26T01:16:05+00:00","dateModified":"2019-06-26T01:16:06+00:00","mainEntityOfPage":{"@id":"https:\/\/favorite-news.com\/pl\/lech-z-leszkiem-lato-zawsze-jest-pelne-muzyki-lech-music\/"},"wordCount":284,"commentCount":0,"image":{"@id":"https:\/\/favorite-news.com\/pl\/lech-z-leszkiem-lato-zawsze-jest-pelne-muzyki-lech-music\/#primaryimage"},"thumbnailUrl":"https:\/\/favorite-news.com\/pl\/wp-content\/uploads\/sites\/6\/2019\/06\/Lech-z-Leszkiem-lato-zawsze-jest-pe\u0142ne-muzyki-Lech-Music.jpg","articleSection":["WIADOMO\u015aCI MARKETINGOWE INTERNETOWE"],"inLanguage":"pl-PL","potentialAction":[{"@type":"CommentAction","name":"Comment","target":["https:\/\/favorite-news.com\/pl\/lech-z-leszkiem-lato-zawsze-jest-pelne-muzyki-lech-music\/#respond"]}]},{"@type":"WebPage","@id":"https:\/\/favorite-news.com\/pl\/lech-z-leszkiem-lato-zawsze-jest-pelne-muzyki-lech-music\/","url":"https:\/\/favorite-news.com\/pl\/lech-z-leszkiem-lato-zawsze-jest-pelne-muzyki-lech-music\/","name":"Lech z Leszkiem lato zawsze jest pe\u0142ne muzyki Lech Music - Favorite News","isPartOf":{"@id":"https:\/\/favorite-news.com\/pl\/#website"},"primaryImageOfPage":{"@id":"https:\/\/favorite-news.com\/pl\/lech-z-leszkiem-lato-zawsze-jest-pelne-muzyki-lech-music\/#primaryimage"},"image":{"@id":"https:\/\/favorite-news.com\/pl\/lech-z-leszkiem-lato-zawsze-jest-pelne-muzyki-lech-music\/#primaryimage"},"thumbnailUrl":"https:\/\/favorite-news.com\/pl\/wp-content\/uploads\/sites\/6\/2019\/06\/Lech-z-Leszkiem-lato-zawsze-jest-pe\u0142ne-muzyki-Lech-Music.jpg","datePublished":"2019-06-26T01:16:05+00:00","dateModified":"2019-06-26T01:16:06+00:00","author":{"@id":"https:\/\/favorite-news.com\/pl\/#\/schema\/person\/b91573b717dcfa5e4696032a9d28d3e8"},"breadcrumb":{"@id":"https:\/\/favorite-news.com\/pl\/lech-z-leszkiem-lato-zawsze-jest-pelne-muzyki-lech-music\/#breadcrumb"},"inLanguage":"pl-PL","potentialAction":[{"@type":"ReadAction","target":["https:\/\/favorite-news.com\/pl\/lech-z-leszkiem-lato-zawsze-jest-pelne-muzyki-lech-music\/"]}]},{"@type":"ImageObject","inLanguage":"pl-PL","@id":"https:\/\/favorite-news.com\/pl\/lech-z-leszkiem-lato-zawsze-jest-pelne-muzyki-lech-music\/#primaryimage","url":"https:\/\/favorite-news.com\/pl\/wp-content\/uploads\/sites\/6\/2019\/06\/Lech-z-Leszkiem-lato-zawsze-jest-pe\u0142ne-muzyki-Lech-Music.jpg","contentUrl":"https:\/\/favorite-news.com\/pl\/wp-content\/uploads\/sites\/6\/2019\/06\/Lech-z-Leszkiem-lato-zawsze-jest-pe\u0142ne-muzyki-Lech-Music.jpg","width":655,"height":766,"caption":"Article"},{"@type":"BreadcrumbList","@id":"https:\/\/favorite-news.com\/pl\/lech-z-leszkiem-lato-zawsze-jest-pelne-muzyki-lech-music\/#breadcrumb","itemListElement":[{"@type":"ListItem","position":1,"name":"Home","item":"https:\/\/favorite-news.com\/pl\/"},{"@type":"ListItem","position":2,"name":"Lech z Leszkiem lato zawsze jest pe\u0142ne muzyki Lech Music"}]},{"@type":"WebSite","@id":"https:\/\/favorite-news.com\/pl\/#website","url":"https:\/\/favorite-news.com\/pl\/","name":"Favorite News","description":"Favorite News Polska","potentialAction":[{"@type":"SearchAction","target":{"@type":"EntryPoint","urlTemplate":"https:\/\/favorite-news.com\/pl\/?s={search_term_string}"},"query-input":{"@type":"PropertyValueSpecification","valueRequired":true,"valueName":"search_term_string"}}],"inLanguage":"pl-PL"},{"@type":"Person","@id":"https:\/\/favorite-news.com\/pl\/#\/schema\/person\/b91573b717dcfa5e4696032a9d28d3e8","name":"favorite-news","image":{"@type":"ImageObject","inLanguage":"pl-PL","@id":"https:\/\/secure.gravatar.com\/avatar\/6c5a5cb12b74e9d517ee91cf570335b7d16177f1977cc91db161adfa435945a7?s=96&d=mm&r=g","url":"https:\/\/secure.gravatar.com\/avatar\/6c5a5cb12b74e9d517ee91cf570335b7d16177f1977cc91db161adfa435945a7?s=96&d=mm&r=g","contentUrl":"https:\/\/secure.gravatar.com\/avatar\/6c5a5cb12b74e9d517ee91cf570335b7d16177f1977cc91db161adfa435945a7?s=96&d=mm&r=g","caption":"favorite-news"},"url":"https:\/\/favorite-news.com\/pl\/author\/pt\/"}]}},"_links":{"self":[{"href":"https:\/\/favorite-news.com\/pl\/wp-json\/wp\/v2\/posts\/1895","targetHints":{"allow":["GET"]}}],"collection":[{"href":"https:\/\/favorite-news.com\/pl\/wp-json\/wp\/v2\/posts"}],"about":[{"href":"https:\/\/favorite-news.com\/pl\/wp-json\/wp\/v2\/types\/post"}],"author":[{"embeddable":true,"href":"https:\/\/favorite-news.com\/pl\/wp-json\/wp\/v2\/users\/2"}],"replies":[{"embeddable":true,"href":"https:\/\/favorite-news.com\/pl\/wp-json\/wp\/v2\/comments?post=1895"}],"version-history":[{"count":1,"href":"https:\/\/favorite-news.com\/pl\/wp-json\/wp\/v2\/posts\/1895\/revisions"}],"predecessor-version":[{"id":1897,"href":"https:\/\/favorite-news.com\/pl\/wp-json\/wp\/v2\/posts\/1895\/revisions\/1897"}],"wp:featuredmedia":[{"embeddable":true,"href":"https:\/\/favorite-news.com\/pl\/wp-json\/wp\/v2\/media\/1896"}],"wp:attachment":[{"href":"https:\/\/favorite-news.com\/pl\/wp-json\/wp\/v2\/media?parent=1895"}],"wp:term":[{"taxonomy":"category","embeddable":true,"href":"https:\/\/favorite-news.com\/pl\/wp-json\/wp\/v2\/categories?post=1895"},{"taxonomy":"post_tag","embeddable":true,"href":"https:\/\/favorite-news.com\/pl\/wp-json\/wp\/v2\/tags?post=1895"}],"curies":[{"name":"wp","href":"https:\/\/api.w.org\/{rel}","templated":true}]}}