{"id":1880,"date":"2019-06-25T17:12:30","date_gmt":"2019-06-25T14:12:30","guid":{"rendered":"https:\/\/favorite-news.com\/pl\/maciej-bielinski-i-zespol-kamp-w-impresariacie-gifted\/"},"modified":"2019-06-25T17:12:33","modified_gmt":"2019-06-25T14:12:33","slug":"maciej-bielinski-i-zespol-kamp-w-impresariacie-gifted","status":"publish","type":"post","link":"https:\/\/favorite-news.com\/pl\/maciej-bielinski-i-zespol-kamp-w-impresariacie-gifted\/","title":{"rendered":"Maciej Bieli\u0144ski i zesp\u00f3\u0142 KAMP! w impresariacie Gifted"},"content":{"rendered":"<p> [ad_1]<br \/>\n<\/p>\n<div id=\"\">\n<p><strong>Maciej Bieli\u0144ski <\/strong>to re\u017cyser, scenarzysta, cz\u0142onek Stowarzyszenia Filmowc\u00f3w Polskich, absolwent Pa\u0144stwowej Wy\u017cszej Szko\u0142y Filmowej, Telewizyjnej i Teatralnej im. Leona Schillera w \u0141odzi.<\/p>\n<p>&#13;<br \/>\n&#13;<\/p>\n<p>Jako re\u017cyser reklamowy wsp\u00f3\u0142pracowa\u0142 z m.in. z markami: Bank Pekao, Coca \u2013 Cola, L&#8217;Oreal Paris, 4F, Medicine. W Gifted Maciej b\u0119dzie nie tylko realizowa\u0142 kolejne projekty reklamowe, ale tak\u017ce rozwija\u0142 swoje do\u015bwiadczenie o nowe projekty artystyczne, zwi\u0105zane z teatrem i filmem.<\/p>\n<p>&#13;<br \/>\n&#13;<\/p>\n<p><strong>Zesp\u00f3\u0142 KAMP!<\/strong> zosta\u0142 stworzony przez Micha\u0142a S\u0142odowego, Radka Krzy\u017canowskiego i Tomka Szpaderskiego. Specjalizuje si\u0119 w tanecznej, popowej elektronice, dzia\u0142aj\u0105cy na rynku od 2008 roku. Zesp\u00f3\u0142 ma na swoim koncie 3 albumy, remiksy i wsp\u00f3\u0142prac\u0119 m.in. z takimi artystami jak Monika Brodka, Dawid Podsiad\u0142o czy Baranovski.<\/p>\n<p>&#13;<br \/>\n&#13;<\/p>\n<p>&#13;<br \/>\n&#13;<\/p>\n<p><em>Zesp\u00f3\u0142 KAMP!<\/em><\/p>\n<p>&#13;<br \/>\n&#13;<\/p>\n<p>Dzi\u0119ki wsp\u00f3\u0142pracy z Gifted Kamp! poszerzaj\u0105c swoj\u0105 dzia\u0142alno\u015b\u0107 o tworzenie kompozycji muzycznych do projekt\u00f3w filmowych i reklamowych.<\/p>\n<p>&#13;<br \/>\n&#13;<\/p>\n<p>Impresariat Gifted zosta\u0142 za\u0142o\u017cony przez Zofi\u0119 Kami\u0144sk\u0105 i Zuzann\u0119 Fuksiewicz w pa\u017adzierniku 2018 roku.<\/p>\n<p>&#13;<br \/>\n                            &#13;<br \/>\n&#13;<br \/>\n                            &#13;<br \/>\n&#13;<br \/>\n&#13;<br \/>\n&#13;<br \/>\n&#13;<br \/>\n&#13;<br \/>\n                            &#13;<br \/>\n                                                            &#13;<br \/>\n&#13;<br \/>\n                            &#13;\n                        <\/p><\/div>\n<p><script>(function (d, s, id) {\n        var js, fjs = d.getElementsByTagName(s)[0];\n        if (d.getElementById(id)) return;\n        js = d.createElement(s);\n        js.id = id;\n        js.src = \"http:\/\/connect.facebook.net\/pl_PL\/sdk.js#xfbml=1&version=v2.6&appId=297996717062470\";\n        fjs.parentNode.insertBefore(js, fjs);\n    }(document, 'script', 'facebook-jssdk'));<\/script><br \/>\n<br \/>[ad_2]<br \/>\n<br \/><a href=\"https:\/\/www.wirtualnemedia.pl\/artykul\/maciej-bielinski-i-zespol-kamp-w-impresariacie-gifted\">Source link <\/a><\/p>\n","protected":false},"excerpt":{"rendered":"<p>[ad_1] Maciej Bieli\u0144ski to re\u017cyser, scenarzysta, cz\u0142onek Stowarzyszenia Filmowc\u00f3w Polskich, absolwent Pa\u0144stwowej Wy\u017cszej Szko\u0142y Filmowej, Telewizyjnej i Teatralnej im. Leona Schillera w \u0141odzi. &#13; &#13; Jako re\u017cyser reklamowy wsp\u00f3\u0142pracowa\u0142 z m.in. z markami: Bank Pekao, Coca \u2013 Cola, L&#8217;Oreal Paris, 4F, Medicine. W Gifted Maciej b\u0119dzie nie tylko realizowa\u0142 kolejne projekty reklamowe, ale tak\u017ce rozwija\u0142 [&hellip;]<\/p>\n","protected":false},"author":2,"featured_media":1881,"comment_status":"open","ping_status":"open","sticky":false,"template":"","format":"standard","meta":{"footnotes":""},"categories":[2],"tags":[],"class_list":["post-1880","post","type-post","status-publish","format-standard","has-post-thumbnail","hentry","category-wiadomosci-marketingowe-internetowe"],"yoast_head":"<!-- This site is optimized with the Yoast SEO plugin v27.4 - https:\/\/yoast.com\/product\/yoast-seo-wordpress\/ -->\n<title>Maciej Bieli\u0144ski i zesp\u00f3\u0142 KAMP! w impresariacie Gifted - Favorite News<\/title>\n<meta name=\"robots\" content=\"index, follow, max-snippet:-1, max-image-preview:large, max-video-preview:-1\" \/>\n<link rel=\"canonical\" href=\"https:\/\/favorite-news.com\/pl\/maciej-bielinski-i-zespol-kamp-w-impresariacie-gifted\/\" \/>\n<meta property=\"og:locale\" content=\"pl_PL\" \/>\n<meta property=\"og:type\" content=\"article\" \/>\n<meta property=\"og:title\" content=\"Maciej Bieli\u0144ski i zesp\u00f3\u0142 KAMP! w impresariacie Gifted - Favorite News\" \/>\n<meta property=\"og:description\" content=\"[ad_1] Maciej Bieli\u0144ski to re\u017cyser, scenarzysta, cz\u0142onek Stowarzyszenia Filmowc\u00f3w Polskich, absolwent Pa\u0144stwowej Wy\u017cszej Szko\u0142y Filmowej, Telewizyjnej i Teatralnej im. Leona Schillera w \u0141odzi. &#013; &#013; Jako re\u017cyser reklamowy wsp\u00f3\u0142pracowa\u0142 z m.in. z markami: Bank Pekao, Coca \u2013 Cola, L&#8217;Oreal Paris, 4F, Medicine. W Gifted Maciej b\u0119dzie nie tylko realizowa\u0142 kolejne projekty reklamowe, ale tak\u017ce rozwija\u0142 [&hellip;]\" \/>\n<meta property=\"og:url\" content=\"https:\/\/favorite-news.com\/pl\/maciej-bielinski-i-zespol-kamp-w-impresariacie-gifted\/\" \/>\n<meta property=\"og:site_name\" content=\"Favorite News\" \/>\n<meta property=\"article:published_time\" content=\"2019-06-25T14:12:30+00:00\" \/>\n<meta property=\"article:modified_time\" content=\"2019-06-25T14:12:33+00:00\" \/>\n<meta property=\"og:image\" content=\"https:\/\/favorite-news.com\/pl\/wp-content\/uploads\/sites\/6\/2019\/06\/Maciej-Bieli\u0144ski-i-zesp\u00f3\u0142-KAMP-w-impresariacie-Gifted-682x1024.png\" \/>\n\t<meta property=\"og:image:width\" content=\"682\" \/>\n\t<meta property=\"og:image:height\" content=\"1024\" \/>\n\t<meta property=\"og:image:type\" content=\"image\/png\" \/>\n<meta name=\"author\" content=\"favorite-news\" \/>\n<meta name=\"twitter:card\" content=\"summary_large_image\" \/>\n<meta name=\"twitter:label1\" content=\"Napisane przez\" \/>\n\t<meta name=\"twitter:data1\" content=\"favorite-news\" \/>\n\t<meta name=\"twitter:label2\" content=\"Szacowany czas czytania\" \/>\n\t<meta name=\"twitter:data2\" content=\"1 minuta\" \/>\n<script type=\"application\/ld+json\" class=\"yoast-schema-graph\">{\"@context\":\"https:\\\/\\\/schema.org\",\"@graph\":[{\"@type\":\"Article\",\"@id\":\"https:\\\/\\\/favorite-news.com\\\/pl\\\/maciej-bielinski-i-zespol-kamp-w-impresariacie-gifted\\\/#article\",\"isPartOf\":{\"@id\":\"https:\\\/\\\/favorite-news.com\\\/pl\\\/maciej-bielinski-i-zespol-kamp-w-impresariacie-gifted\\\/\"},\"author\":{\"name\":\"favorite-news\",\"@id\":\"https:\\\/\\\/favorite-news.com\\\/pl\\\/#\\\/schema\\\/person\\\/b91573b717dcfa5e4696032a9d28d3e8\"},\"headline\":\"Maciej Bieli\u0144ski i zesp\u00f3\u0142 KAMP! w impresariacie Gifted\",\"datePublished\":\"2019-06-25T14:12:30+00:00\",\"dateModified\":\"2019-06-25T14:12:33+00:00\",\"mainEntityOfPage\":{\"@id\":\"https:\\\/\\\/favorite-news.com\\\/pl\\\/maciej-bielinski-i-zespol-kamp-w-impresariacie-gifted\\\/\"},\"wordCount\":182,\"commentCount\":0,\"image\":{\"@id\":\"https:\\\/\\\/favorite-news.com\\\/pl\\\/maciej-bielinski-i-zespol-kamp-w-impresariacie-gifted\\\/#primaryimage\"},\"thumbnailUrl\":\"https:\\\/\\\/favorite-news.com\\\/pl\\\/wp-content\\\/uploads\\\/sites\\\/6\\\/2019\\\/06\\\/Maciej-Bieli\u0144ski-i-zesp\u00f3\u0142-KAMP-w-impresariacie-Gifted.png\",\"articleSection\":[\"WIADOMO\u015aCI MARKETINGOWE INTERNETOWE\"],\"inLanguage\":\"pl-PL\",\"potentialAction\":[{\"@type\":\"CommentAction\",\"name\":\"Comment\",\"target\":[\"https:\\\/\\\/favorite-news.com\\\/pl\\\/maciej-bielinski-i-zespol-kamp-w-impresariacie-gifted\\\/#respond\"]}]},{\"@type\":\"WebPage\",\"@id\":\"https:\\\/\\\/favorite-news.com\\\/pl\\\/maciej-bielinski-i-zespol-kamp-w-impresariacie-gifted\\\/\",\"url\":\"https:\\\/\\\/favorite-news.com\\\/pl\\\/maciej-bielinski-i-zespol-kamp-w-impresariacie-gifted\\\/\",\"name\":\"Maciej Bieli\u0144ski i zesp\u00f3\u0142 KAMP! w impresariacie Gifted - Favorite News\",\"isPartOf\":{\"@id\":\"https:\\\/\\\/favorite-news.com\\\/pl\\\/#website\"},\"primaryImageOfPage\":{\"@id\":\"https:\\\/\\\/favorite-news.com\\\/pl\\\/maciej-bielinski-i-zespol-kamp-w-impresariacie-gifted\\\/#primaryimage\"},\"image\":{\"@id\":\"https:\\\/\\\/favorite-news.com\\\/pl\\\/maciej-bielinski-i-zespol-kamp-w-impresariacie-gifted\\\/#primaryimage\"},\"thumbnailUrl\":\"https:\\\/\\\/favorite-news.com\\\/pl\\\/wp-content\\\/uploads\\\/sites\\\/6\\\/2019\\\/06\\\/Maciej-Bieli\u0144ski-i-zesp\u00f3\u0142-KAMP-w-impresariacie-Gifted.png\",\"datePublished\":\"2019-06-25T14:12:30+00:00\",\"dateModified\":\"2019-06-25T14:12:33+00:00\",\"author\":{\"@id\":\"https:\\\/\\\/favorite-news.com\\\/pl\\\/#\\\/schema\\\/person\\\/b91573b717dcfa5e4696032a9d28d3e8\"},\"breadcrumb\":{\"@id\":\"https:\\\/\\\/favorite-news.com\\\/pl\\\/maciej-bielinski-i-zespol-kamp-w-impresariacie-gifted\\\/#breadcrumb\"},\"inLanguage\":\"pl-PL\",\"potentialAction\":[{\"@type\":\"ReadAction\",\"target\":[\"https:\\\/\\\/favorite-news.com\\\/pl\\\/maciej-bielinski-i-zespol-kamp-w-impresariacie-gifted\\\/\"]}]},{\"@type\":\"ImageObject\",\"inLanguage\":\"pl-PL\",\"@id\":\"https:\\\/\\\/favorite-news.com\\\/pl\\\/maciej-bielinski-i-zespol-kamp-w-impresariacie-gifted\\\/#primaryimage\",\"url\":\"https:\\\/\\\/favorite-news.com\\\/pl\\\/wp-content\\\/uploads\\\/sites\\\/6\\\/2019\\\/06\\\/Maciej-Bieli\u0144ski-i-zesp\u00f3\u0142-KAMP-w-impresariacie-Gifted.png\",\"contentUrl\":\"https:\\\/\\\/favorite-news.com\\\/pl\\\/wp-content\\\/uploads\\\/sites\\\/6\\\/2019\\\/06\\\/Maciej-Bieli\u0144ski-i-zesp\u00f3\u0142-KAMP-w-impresariacie-Gifted.png\",\"width\":1706,\"height\":2560,\"caption\":\"Maciej Bieli\u0144ski i zesp\u00f3\u0142 KAMP! w impresariacie Gifted\"},{\"@type\":\"BreadcrumbList\",\"@id\":\"https:\\\/\\\/favorite-news.com\\\/pl\\\/maciej-bielinski-i-zespol-kamp-w-impresariacie-gifted\\\/#breadcrumb\",\"itemListElement\":[{\"@type\":\"ListItem\",\"position\":1,\"name\":\"Home\",\"item\":\"https:\\\/\\\/favorite-news.com\\\/pl\\\/\"},{\"@type\":\"ListItem\",\"position\":2,\"name\":\"Maciej Bieli\u0144ski i zesp\u00f3\u0142 KAMP! w impresariacie Gifted\"}]},{\"@type\":\"WebSite\",\"@id\":\"https:\\\/\\\/favorite-news.com\\\/pl\\\/#website\",\"url\":\"https:\\\/\\\/favorite-news.com\\\/pl\\\/\",\"name\":\"Favorite News\",\"description\":\"Favorite News Polska\",\"potentialAction\":[{\"@type\":\"SearchAction\",\"target\":{\"@type\":\"EntryPoint\",\"urlTemplate\":\"https:\\\/\\\/favorite-news.com\\\/pl\\\/?s={search_term_string}\"},\"query-input\":{\"@type\":\"PropertyValueSpecification\",\"valueRequired\":true,\"valueName\":\"search_term_string\"}}],\"inLanguage\":\"pl-PL\"},{\"@type\":\"Person\",\"@id\":\"https:\\\/\\\/favorite-news.com\\\/pl\\\/#\\\/schema\\\/person\\\/b91573b717dcfa5e4696032a9d28d3e8\",\"name\":\"favorite-news\",\"image\":{\"@type\":\"ImageObject\",\"inLanguage\":\"pl-PL\",\"@id\":\"https:\\\/\\\/secure.gravatar.com\\\/avatar\\\/6c5a5cb12b74e9d517ee91cf570335b7d16177f1977cc91db161adfa435945a7?s=96&d=mm&r=g\",\"url\":\"https:\\\/\\\/secure.gravatar.com\\\/avatar\\\/6c5a5cb12b74e9d517ee91cf570335b7d16177f1977cc91db161adfa435945a7?s=96&d=mm&r=g\",\"contentUrl\":\"https:\\\/\\\/secure.gravatar.com\\\/avatar\\\/6c5a5cb12b74e9d517ee91cf570335b7d16177f1977cc91db161adfa435945a7?s=96&d=mm&r=g\",\"caption\":\"favorite-news\"},\"url\":\"https:\\\/\\\/favorite-news.com\\\/pl\\\/author\\\/pt\\\/\"}]}<\/script>\n<!-- \/ Yoast SEO plugin. -->","yoast_head_json":{"title":"Maciej Bieli\u0144ski i zesp\u00f3\u0142 KAMP! w impresariacie Gifted - Favorite News","robots":{"index":"index","follow":"follow","max-snippet":"max-snippet:-1","max-image-preview":"max-image-preview:large","max-video-preview":"max-video-preview:-1"},"canonical":"https:\/\/favorite-news.com\/pl\/maciej-bielinski-i-zespol-kamp-w-impresariacie-gifted\/","og_locale":"pl_PL","og_type":"article","og_title":"Maciej Bieli\u0144ski i zesp\u00f3\u0142 KAMP! w impresariacie Gifted - Favorite News","og_description":"[ad_1] Maciej Bieli\u0144ski to re\u017cyser, scenarzysta, cz\u0142onek Stowarzyszenia Filmowc\u00f3w Polskich, absolwent Pa\u0144stwowej Wy\u017cszej Szko\u0142y Filmowej, Telewizyjnej i Teatralnej im. Leona Schillera w \u0141odzi. &#13; &#13; Jako re\u017cyser reklamowy wsp\u00f3\u0142pracowa\u0142 z m.in. z markami: Bank Pekao, Coca \u2013 Cola, L&#8217;Oreal Paris, 4F, Medicine. W Gifted Maciej b\u0119dzie nie tylko realizowa\u0142 kolejne projekty reklamowe, ale tak\u017ce rozwija\u0142 [&hellip;]","og_url":"https:\/\/favorite-news.com\/pl\/maciej-bielinski-i-zespol-kamp-w-impresariacie-gifted\/","og_site_name":"Favorite News","article_published_time":"2019-06-25T14:12:30+00:00","article_modified_time":"2019-06-25T14:12:33+00:00","og_image":[{"width":682,"height":1024,"url":"https:\/\/favorite-news.com\/pl\/wp-content\/uploads\/sites\/6\/2019\/06\/Maciej-Bieli\u0144ski-i-zesp\u00f3\u0142-KAMP-w-impresariacie-Gifted-682x1024.png","type":"image\/png"}],"author":"favorite-news","twitter_card":"summary_large_image","twitter_misc":{"Napisane przez":"favorite-news","Szacowany czas czytania":"1 minuta"},"schema":{"@context":"https:\/\/schema.org","@graph":[{"@type":"Article","@id":"https:\/\/favorite-news.com\/pl\/maciej-bielinski-i-zespol-kamp-w-impresariacie-gifted\/#article","isPartOf":{"@id":"https:\/\/favorite-news.com\/pl\/maciej-bielinski-i-zespol-kamp-w-impresariacie-gifted\/"},"author":{"name":"favorite-news","@id":"https:\/\/favorite-news.com\/pl\/#\/schema\/person\/b91573b717dcfa5e4696032a9d28d3e8"},"headline":"Maciej Bieli\u0144ski i zesp\u00f3\u0142 KAMP! w impresariacie Gifted","datePublished":"2019-06-25T14:12:30+00:00","dateModified":"2019-06-25T14:12:33+00:00","mainEntityOfPage":{"@id":"https:\/\/favorite-news.com\/pl\/maciej-bielinski-i-zespol-kamp-w-impresariacie-gifted\/"},"wordCount":182,"commentCount":0,"image":{"@id":"https:\/\/favorite-news.com\/pl\/maciej-bielinski-i-zespol-kamp-w-impresariacie-gifted\/#primaryimage"},"thumbnailUrl":"https:\/\/favorite-news.com\/pl\/wp-content\/uploads\/sites\/6\/2019\/06\/Maciej-Bieli\u0144ski-i-zesp\u00f3\u0142-KAMP-w-impresariacie-Gifted.png","articleSection":["WIADOMO\u015aCI MARKETINGOWE INTERNETOWE"],"inLanguage":"pl-PL","potentialAction":[{"@type":"CommentAction","name":"Comment","target":["https:\/\/favorite-news.com\/pl\/maciej-bielinski-i-zespol-kamp-w-impresariacie-gifted\/#respond"]}]},{"@type":"WebPage","@id":"https:\/\/favorite-news.com\/pl\/maciej-bielinski-i-zespol-kamp-w-impresariacie-gifted\/","url":"https:\/\/favorite-news.com\/pl\/maciej-bielinski-i-zespol-kamp-w-impresariacie-gifted\/","name":"Maciej Bieli\u0144ski i zesp\u00f3\u0142 KAMP! w impresariacie Gifted - Favorite News","isPartOf":{"@id":"https:\/\/favorite-news.com\/pl\/#website"},"primaryImageOfPage":{"@id":"https:\/\/favorite-news.com\/pl\/maciej-bielinski-i-zespol-kamp-w-impresariacie-gifted\/#primaryimage"},"image":{"@id":"https:\/\/favorite-news.com\/pl\/maciej-bielinski-i-zespol-kamp-w-impresariacie-gifted\/#primaryimage"},"thumbnailUrl":"https:\/\/favorite-news.com\/pl\/wp-content\/uploads\/sites\/6\/2019\/06\/Maciej-Bieli\u0144ski-i-zesp\u00f3\u0142-KAMP-w-impresariacie-Gifted.png","datePublished":"2019-06-25T14:12:30+00:00","dateModified":"2019-06-25T14:12:33+00:00","author":{"@id":"https:\/\/favorite-news.com\/pl\/#\/schema\/person\/b91573b717dcfa5e4696032a9d28d3e8"},"breadcrumb":{"@id":"https:\/\/favorite-news.com\/pl\/maciej-bielinski-i-zespol-kamp-w-impresariacie-gifted\/#breadcrumb"},"inLanguage":"pl-PL","potentialAction":[{"@type":"ReadAction","target":["https:\/\/favorite-news.com\/pl\/maciej-bielinski-i-zespol-kamp-w-impresariacie-gifted\/"]}]},{"@type":"ImageObject","inLanguage":"pl-PL","@id":"https:\/\/favorite-news.com\/pl\/maciej-bielinski-i-zespol-kamp-w-impresariacie-gifted\/#primaryimage","url":"https:\/\/favorite-news.com\/pl\/wp-content\/uploads\/sites\/6\/2019\/06\/Maciej-Bieli\u0144ski-i-zesp\u00f3\u0142-KAMP-w-impresariacie-Gifted.png","contentUrl":"https:\/\/favorite-news.com\/pl\/wp-content\/uploads\/sites\/6\/2019\/06\/Maciej-Bieli\u0144ski-i-zesp\u00f3\u0142-KAMP-w-impresariacie-Gifted.png","width":1706,"height":2560,"caption":"Maciej Bieli\u0144ski i zesp\u00f3\u0142 KAMP! w impresariacie Gifted"},{"@type":"BreadcrumbList","@id":"https:\/\/favorite-news.com\/pl\/maciej-bielinski-i-zespol-kamp-w-impresariacie-gifted\/#breadcrumb","itemListElement":[{"@type":"ListItem","position":1,"name":"Home","item":"https:\/\/favorite-news.com\/pl\/"},{"@type":"ListItem","position":2,"name":"Maciej Bieli\u0144ski i zesp\u00f3\u0142 KAMP! w impresariacie Gifted"}]},{"@type":"WebSite","@id":"https:\/\/favorite-news.com\/pl\/#website","url":"https:\/\/favorite-news.com\/pl\/","name":"Favorite News","description":"Favorite News Polska","potentialAction":[{"@type":"SearchAction","target":{"@type":"EntryPoint","urlTemplate":"https:\/\/favorite-news.com\/pl\/?s={search_term_string}"},"query-input":{"@type":"PropertyValueSpecification","valueRequired":true,"valueName":"search_term_string"}}],"inLanguage":"pl-PL"},{"@type":"Person","@id":"https:\/\/favorite-news.com\/pl\/#\/schema\/person\/b91573b717dcfa5e4696032a9d28d3e8","name":"favorite-news","image":{"@type":"ImageObject","inLanguage":"pl-PL","@id":"https:\/\/secure.gravatar.com\/avatar\/6c5a5cb12b74e9d517ee91cf570335b7d16177f1977cc91db161adfa435945a7?s=96&d=mm&r=g","url":"https:\/\/secure.gravatar.com\/avatar\/6c5a5cb12b74e9d517ee91cf570335b7d16177f1977cc91db161adfa435945a7?s=96&d=mm&r=g","contentUrl":"https:\/\/secure.gravatar.com\/avatar\/6c5a5cb12b74e9d517ee91cf570335b7d16177f1977cc91db161adfa435945a7?s=96&d=mm&r=g","caption":"favorite-news"},"url":"https:\/\/favorite-news.com\/pl\/author\/pt\/"}]}},"_links":{"self":[{"href":"https:\/\/favorite-news.com\/pl\/wp-json\/wp\/v2\/posts\/1880","targetHints":{"allow":["GET"]}}],"collection":[{"href":"https:\/\/favorite-news.com\/pl\/wp-json\/wp\/v2\/posts"}],"about":[{"href":"https:\/\/favorite-news.com\/pl\/wp-json\/wp\/v2\/types\/post"}],"author":[{"embeddable":true,"href":"https:\/\/favorite-news.com\/pl\/wp-json\/wp\/v2\/users\/2"}],"replies":[{"embeddable":true,"href":"https:\/\/favorite-news.com\/pl\/wp-json\/wp\/v2\/comments?post=1880"}],"version-history":[{"count":1,"href":"https:\/\/favorite-news.com\/pl\/wp-json\/wp\/v2\/posts\/1880\/revisions"}],"predecessor-version":[{"id":1882,"href":"https:\/\/favorite-news.com\/pl\/wp-json\/wp\/v2\/posts\/1880\/revisions\/1882"}],"wp:featuredmedia":[{"embeddable":true,"href":"https:\/\/favorite-news.com\/pl\/wp-json\/wp\/v2\/media\/1881"}],"wp:attachment":[{"href":"https:\/\/favorite-news.com\/pl\/wp-json\/wp\/v2\/media?parent=1880"}],"wp:term":[{"taxonomy":"category","embeddable":true,"href":"https:\/\/favorite-news.com\/pl\/wp-json\/wp\/v2\/categories?post=1880"},{"taxonomy":"post_tag","embeddable":true,"href":"https:\/\/favorite-news.com\/pl\/wp-json\/wp\/v2\/tags?post=1880"}],"curies":[{"name":"wp","href":"https:\/\/api.w.org\/{rel}","templated":true}]}}