{"id":1847,"date":"2019-06-25T00:07:22","date_gmt":"2019-06-24T21:07:22","guid":{"rendered":"https:\/\/favorite-news.com\/pl\/zubr-zaprasza-na-podlasie\/"},"modified":"2019-06-25T00:07:23","modified_gmt":"2019-06-24T21:07:23","slug":"zubr-zaprasza-na-podlasie","status":"publish","type":"post","link":"https:\/\/favorite-news.com\/pl\/zubr-zaprasza-na-podlasie\/","title":{"rendered":"\u017bubr &#8222;zaprasza na Podlasie&#8221;"},"content":{"rendered":"<p> [ad_1]<br \/>\n<\/p>\n<div id=\"\">\n<p>W nowym spocie \u017cubr &#8211; symbol Podlasia &#8211; chowa si\u0119 w cieniu. Na plan pierwszy wysuwa si\u0119 natomiast podlaska przyroda, widziana oczami \u017cubra majestatycznego kr\u00f3la puszczy.<\/p>\n<p>&#13;<br \/>\n&#13;<\/p>\n<p>&#8211; \u017bubr pochodzi z Podlasia, staramy si\u0119 to podkre\u015bla\u0107 na ka\u017cdym kroku. Wiele zawdzi\u0119czamy temu miejscu, st\u0105d od lat czerpiemy inspiracj\u0119 i si\u0142\u0119. Nowy spot jest wyj\u0105tkowy, to swoisty ho\u0142d \u017bubra dla Podlasia &#8211; t\u0142umaczy Kamil Zug, m\u0142odszy mened\u017cer ds. zarz\u0105dzania mark\u0105 \u017bubr.<\/p>\n<p>&#13;<br \/>\n&#13;<\/p>\n<p>30-sekundowy spot od pocz\u0105tku czerwca mo\u017cna ogl\u0105da\u0107 w telewizji, a tak\u017ce w serwisach VOD, na\u00a0 profilu marki na Facebooku i kanale na YouTube.<\/p>\n<p>&#13;<br \/>\n&#13;<\/p>\n<p><iframe loading=\"lazy\" allow=\"accelerometer; autoplay; encrypted-media; gyroscope; picture-in-picture\" allowfullscreen=\"\" frameborder=\"0\" height=\"315\" src=\"https:\/\/www.youtube.com\/embed\/uSr3KXVXKxc\" width=\"560\"><\/iframe><\/p>\n<p>&#13;<br \/>\n&#13;<\/p>\n<p><span style=\"font-size:20px;\"><strong>\u017bubr lokalnie dla Podlasia<\/strong><\/span><\/p>\n<p>&#13;<br \/>\n&#13;<\/p>\n<p>Dodatkowo, marka \u017bubr anga\u017cuje si\u0119 w lokalne dzia\u0142ania na rzecz podlaskiej spo\u0142eczno\u015b\u0107. W ubieg\u0142ym roku z okazji jubileuszu 250-lecia istnienia Browaru Dojlidy m.in. odmalowano tanki browaru, a w sklepach w ca\u0142ej Polsce pojawi\u0142a si\u0119 limitowana edycja opakowa\u0144 jubileuszowych \u017bubra. Firma wspiera dzik\u0105 przyrod\u0119 w ramach umowy z Bia\u0142owieskim Parkiem Narodowym.\u00a0 W Bia\u0142ymstoku marka organizuje cykliczn\u0105 imprez\u0119 Urodziny \u017bubra.<\/p>\n<p>&#13;<br \/>\n&#13;<\/p>\n<p>Spot wyprodukowa\u0142o Oto Film, autorem kreacji jest PZL, agencje Tailor Made PR i Huta 19 im. Joachima Fersengelda s\u0105 odpowiedzialne za dzia\u0142ania PR i digital. Dom mediowy Zenith zaj\u0105\u0142 si\u0119 planowaniem i zakupem medi\u00f3w.<\/p>\n<p>&#13;<br \/>\n                            &#13;<br \/>\n&#13;<br \/>\n                            &#13;<br \/>\n&#13;<br \/>\n&#13;<br \/>\n&#13;<br \/>\n&#13;<br \/>\n&#13;<br \/>\n                            &#13;<br \/>\n                                                            &#13;<br \/>\n&#13;<br \/>\n                            &#13;\n                        <\/p><\/div>\n<p><script>(function (d, s, id) {\n        var js, fjs = d.getElementsByTagName(s)[0];\n        if (d.getElementById(id)) return;\n        js = d.createElement(s);\n        js.id = id;\n        js.src = \"http:\/\/connect.facebook.net\/pl_PL\/sdk.js#xfbml=1&version=v2.6&appId=297996717062470\";\n        fjs.parentNode.insertBefore(js, fjs);\n    }(document, 'script', 'facebook-jssdk'));<\/script><br \/>\n<br \/>[ad_2]<br \/>\n<br \/><a href=\"https:\/\/www.wirtualnemedia.pl\/artykul\/zubr-zaprasza-na-podlasie\">Source link <\/a><\/p>\n","protected":false},"excerpt":{"rendered":"<p>[ad_1] W nowym spocie \u017cubr &#8211; symbol Podlasia &#8211; chowa si\u0119 w cieniu. Na plan pierwszy wysuwa si\u0119 natomiast podlaska przyroda, widziana oczami \u017cubra majestatycznego kr\u00f3la puszczy. &#13; &#13; &#8211; \u017bubr pochodzi z Podlasia, staramy si\u0119 to podkre\u015bla\u0107 na ka\u017cdym kroku. Wiele zawdzi\u0119czamy temu miejscu, st\u0105d od lat czerpiemy inspiracj\u0119 i si\u0142\u0119. Nowy spot jest [&hellip;]<\/p>\n","protected":false},"author":2,"featured_media":1848,"comment_status":"open","ping_status":"open","sticky":false,"template":"","format":"standard","meta":{"footnotes":""},"categories":[2],"tags":[],"class_list":["post-1847","post","type-post","status-publish","format-standard","has-post-thumbnail","hentry","category-wiadomosci-marketingowe-internetowe"],"yoast_head":"<!-- This site is optimized with the Yoast SEO plugin v27.4 - https:\/\/yoast.com\/product\/yoast-seo-wordpress\/ -->\n<title>\u017bubr &quot;zaprasza na Podlasie&quot; - Favorite News<\/title>\n<meta name=\"robots\" content=\"index, follow, max-snippet:-1, max-image-preview:large, max-video-preview:-1\" \/>\n<link rel=\"canonical\" href=\"https:\/\/favorite-news.com\/pl\/zubr-zaprasza-na-podlasie\/\" \/>\n<meta property=\"og:locale\" content=\"pl_PL\" \/>\n<meta property=\"og:type\" content=\"article\" \/>\n<meta property=\"og:title\" content=\"\u017bubr &quot;zaprasza na Podlasie&quot; - Favorite News\" \/>\n<meta property=\"og:description\" content=\"[ad_1] W nowym spocie \u017cubr &#8211; symbol Podlasia &#8211; chowa si\u0119 w cieniu. Na plan pierwszy wysuwa si\u0119 natomiast podlaska przyroda, widziana oczami \u017cubra majestatycznego kr\u00f3la puszczy. &#013; &#013; &#8211; \u017bubr pochodzi z Podlasia, staramy si\u0119 to podkre\u015bla\u0107 na ka\u017cdym kroku. Wiele zawdzi\u0119czamy temu miejscu, st\u0105d od lat czerpiemy inspiracj\u0119 i si\u0142\u0119. Nowy spot jest [&hellip;]\" \/>\n<meta property=\"og:url\" content=\"https:\/\/favorite-news.com\/pl\/zubr-zaprasza-na-podlasie\/\" \/>\n<meta property=\"og:site_name\" content=\"Favorite News\" \/>\n<meta property=\"article:published_time\" content=\"2019-06-24T21:07:22+00:00\" \/>\n<meta property=\"article:modified_time\" content=\"2019-06-24T21:07:23+00:00\" \/>\n<meta property=\"og:image\" content=\"https:\/\/favorite-news.com\/pl\/wp-content\/uploads\/sites\/6\/2019\/06\/\u017bubr-zaprasza-na-Podlasie.png\" \/>\n\t<meta property=\"og:image:width\" content=\"655\" \/>\n\t<meta property=\"og:image:height\" content=\"351\" \/>\n\t<meta property=\"og:image:type\" content=\"image\/png\" \/>\n<meta name=\"author\" content=\"favorite-news\" \/>\n<meta name=\"twitter:card\" content=\"summary_large_image\" \/>\n<meta name=\"twitter:label1\" content=\"Napisane przez\" \/>\n\t<meta name=\"twitter:data1\" content=\"favorite-news\" \/>\n\t<meta name=\"twitter:label2\" content=\"Szacowany czas czytania\" \/>\n\t<meta name=\"twitter:data2\" content=\"1 minuta\" \/>\n<script type=\"application\/ld+json\" class=\"yoast-schema-graph\">{\"@context\":\"https:\\\/\\\/schema.org\",\"@graph\":[{\"@type\":\"Article\",\"@id\":\"https:\\\/\\\/favorite-news.com\\\/pl\\\/zubr-zaprasza-na-podlasie\\\/#article\",\"isPartOf\":{\"@id\":\"https:\\\/\\\/favorite-news.com\\\/pl\\\/zubr-zaprasza-na-podlasie\\\/\"},\"author\":{\"name\":\"favorite-news\",\"@id\":\"https:\\\/\\\/favorite-news.com\\\/pl\\\/#\\\/schema\\\/person\\\/b91573b717dcfa5e4696032a9d28d3e8\"},\"headline\":\"\u017bubr &#8222;zaprasza na Podlasie&#8221;\",\"datePublished\":\"2019-06-24T21:07:22+00:00\",\"dateModified\":\"2019-06-24T21:07:23+00:00\",\"mainEntityOfPage\":{\"@id\":\"https:\\\/\\\/favorite-news.com\\\/pl\\\/zubr-zaprasza-na-podlasie\\\/\"},\"wordCount\":222,\"commentCount\":0,\"image\":{\"@id\":\"https:\\\/\\\/favorite-news.com\\\/pl\\\/zubr-zaprasza-na-podlasie\\\/#primaryimage\"},\"thumbnailUrl\":\"https:\\\/\\\/favorite-news.com\\\/pl\\\/wp-content\\\/uploads\\\/sites\\\/6\\\/2019\\\/06\\\/\u017bubr-zaprasza-na-Podlasie.png\",\"articleSection\":[\"WIADOMO\u015aCI MARKETINGOWE INTERNETOWE\"],\"inLanguage\":\"pl-PL\",\"potentialAction\":[{\"@type\":\"CommentAction\",\"name\":\"Comment\",\"target\":[\"https:\\\/\\\/favorite-news.com\\\/pl\\\/zubr-zaprasza-na-podlasie\\\/#respond\"]}]},{\"@type\":\"WebPage\",\"@id\":\"https:\\\/\\\/favorite-news.com\\\/pl\\\/zubr-zaprasza-na-podlasie\\\/\",\"url\":\"https:\\\/\\\/favorite-news.com\\\/pl\\\/zubr-zaprasza-na-podlasie\\\/\",\"name\":\"\u017bubr \\\"zaprasza na Podlasie\\\" - Favorite News\",\"isPartOf\":{\"@id\":\"https:\\\/\\\/favorite-news.com\\\/pl\\\/#website\"},\"primaryImageOfPage\":{\"@id\":\"https:\\\/\\\/favorite-news.com\\\/pl\\\/zubr-zaprasza-na-podlasie\\\/#primaryimage\"},\"image\":{\"@id\":\"https:\\\/\\\/favorite-news.com\\\/pl\\\/zubr-zaprasza-na-podlasie\\\/#primaryimage\"},\"thumbnailUrl\":\"https:\\\/\\\/favorite-news.com\\\/pl\\\/wp-content\\\/uploads\\\/sites\\\/6\\\/2019\\\/06\\\/\u017bubr-zaprasza-na-Podlasie.png\",\"datePublished\":\"2019-06-24T21:07:22+00:00\",\"dateModified\":\"2019-06-24T21:07:23+00:00\",\"author\":{\"@id\":\"https:\\\/\\\/favorite-news.com\\\/pl\\\/#\\\/schema\\\/person\\\/b91573b717dcfa5e4696032a9d28d3e8\"},\"breadcrumb\":{\"@id\":\"https:\\\/\\\/favorite-news.com\\\/pl\\\/zubr-zaprasza-na-podlasie\\\/#breadcrumb\"},\"inLanguage\":\"pl-PL\",\"potentialAction\":[{\"@type\":\"ReadAction\",\"target\":[\"https:\\\/\\\/favorite-news.com\\\/pl\\\/zubr-zaprasza-na-podlasie\\\/\"]}]},{\"@type\":\"ImageObject\",\"inLanguage\":\"pl-PL\",\"@id\":\"https:\\\/\\\/favorite-news.com\\\/pl\\\/zubr-zaprasza-na-podlasie\\\/#primaryimage\",\"url\":\"https:\\\/\\\/favorite-news.com\\\/pl\\\/wp-content\\\/uploads\\\/sites\\\/6\\\/2019\\\/06\\\/\u017bubr-zaprasza-na-Podlasie.png\",\"contentUrl\":\"https:\\\/\\\/favorite-news.com\\\/pl\\\/wp-content\\\/uploads\\\/sites\\\/6\\\/2019\\\/06\\\/\u017bubr-zaprasza-na-Podlasie.png\",\"width\":655,\"height\":351,\"caption\":\"Article\"},{\"@type\":\"BreadcrumbList\",\"@id\":\"https:\\\/\\\/favorite-news.com\\\/pl\\\/zubr-zaprasza-na-podlasie\\\/#breadcrumb\",\"itemListElement\":[{\"@type\":\"ListItem\",\"position\":1,\"name\":\"Home\",\"item\":\"https:\\\/\\\/favorite-news.com\\\/pl\\\/\"},{\"@type\":\"ListItem\",\"position\":2,\"name\":\"\u017bubr &#8222;zaprasza na Podlasie&#8221;\"}]},{\"@type\":\"WebSite\",\"@id\":\"https:\\\/\\\/favorite-news.com\\\/pl\\\/#website\",\"url\":\"https:\\\/\\\/favorite-news.com\\\/pl\\\/\",\"name\":\"Favorite News\",\"description\":\"Favorite News Polska\",\"potentialAction\":[{\"@type\":\"SearchAction\",\"target\":{\"@type\":\"EntryPoint\",\"urlTemplate\":\"https:\\\/\\\/favorite-news.com\\\/pl\\\/?s={search_term_string}\"},\"query-input\":{\"@type\":\"PropertyValueSpecification\",\"valueRequired\":true,\"valueName\":\"search_term_string\"}}],\"inLanguage\":\"pl-PL\"},{\"@type\":\"Person\",\"@id\":\"https:\\\/\\\/favorite-news.com\\\/pl\\\/#\\\/schema\\\/person\\\/b91573b717dcfa5e4696032a9d28d3e8\",\"name\":\"favorite-news\",\"image\":{\"@type\":\"ImageObject\",\"inLanguage\":\"pl-PL\",\"@id\":\"https:\\\/\\\/secure.gravatar.com\\\/avatar\\\/6c5a5cb12b74e9d517ee91cf570335b7d16177f1977cc91db161adfa435945a7?s=96&d=mm&r=g\",\"url\":\"https:\\\/\\\/secure.gravatar.com\\\/avatar\\\/6c5a5cb12b74e9d517ee91cf570335b7d16177f1977cc91db161adfa435945a7?s=96&d=mm&r=g\",\"contentUrl\":\"https:\\\/\\\/secure.gravatar.com\\\/avatar\\\/6c5a5cb12b74e9d517ee91cf570335b7d16177f1977cc91db161adfa435945a7?s=96&d=mm&r=g\",\"caption\":\"favorite-news\"},\"url\":\"https:\\\/\\\/favorite-news.com\\\/pl\\\/author\\\/pt\\\/\"}]}<\/script>\n<!-- \/ Yoast SEO plugin. -->","yoast_head_json":{"title":"\u017bubr \"zaprasza na Podlasie\" - Favorite News","robots":{"index":"index","follow":"follow","max-snippet":"max-snippet:-1","max-image-preview":"max-image-preview:large","max-video-preview":"max-video-preview:-1"},"canonical":"https:\/\/favorite-news.com\/pl\/zubr-zaprasza-na-podlasie\/","og_locale":"pl_PL","og_type":"article","og_title":"\u017bubr \"zaprasza na Podlasie\" - Favorite News","og_description":"[ad_1] W nowym spocie \u017cubr &#8211; symbol Podlasia &#8211; chowa si\u0119 w cieniu. Na plan pierwszy wysuwa si\u0119 natomiast podlaska przyroda, widziana oczami \u017cubra majestatycznego kr\u00f3la puszczy. &#13; &#13; &#8211; \u017bubr pochodzi z Podlasia, staramy si\u0119 to podkre\u015bla\u0107 na ka\u017cdym kroku. Wiele zawdzi\u0119czamy temu miejscu, st\u0105d od lat czerpiemy inspiracj\u0119 i si\u0142\u0119. Nowy spot jest [&hellip;]","og_url":"https:\/\/favorite-news.com\/pl\/zubr-zaprasza-na-podlasie\/","og_site_name":"Favorite News","article_published_time":"2019-06-24T21:07:22+00:00","article_modified_time":"2019-06-24T21:07:23+00:00","og_image":[{"width":655,"height":351,"url":"https:\/\/favorite-news.com\/pl\/wp-content\/uploads\/sites\/6\/2019\/06\/\u017bubr-zaprasza-na-Podlasie.png","type":"image\/png"}],"author":"favorite-news","twitter_card":"summary_large_image","twitter_misc":{"Napisane przez":"favorite-news","Szacowany czas czytania":"1 minuta"},"schema":{"@context":"https:\/\/schema.org","@graph":[{"@type":"Article","@id":"https:\/\/favorite-news.com\/pl\/zubr-zaprasza-na-podlasie\/#article","isPartOf":{"@id":"https:\/\/favorite-news.com\/pl\/zubr-zaprasza-na-podlasie\/"},"author":{"name":"favorite-news","@id":"https:\/\/favorite-news.com\/pl\/#\/schema\/person\/b91573b717dcfa5e4696032a9d28d3e8"},"headline":"\u017bubr &#8222;zaprasza na Podlasie&#8221;","datePublished":"2019-06-24T21:07:22+00:00","dateModified":"2019-06-24T21:07:23+00:00","mainEntityOfPage":{"@id":"https:\/\/favorite-news.com\/pl\/zubr-zaprasza-na-podlasie\/"},"wordCount":222,"commentCount":0,"image":{"@id":"https:\/\/favorite-news.com\/pl\/zubr-zaprasza-na-podlasie\/#primaryimage"},"thumbnailUrl":"https:\/\/favorite-news.com\/pl\/wp-content\/uploads\/sites\/6\/2019\/06\/\u017bubr-zaprasza-na-Podlasie.png","articleSection":["WIADOMO\u015aCI MARKETINGOWE INTERNETOWE"],"inLanguage":"pl-PL","potentialAction":[{"@type":"CommentAction","name":"Comment","target":["https:\/\/favorite-news.com\/pl\/zubr-zaprasza-na-podlasie\/#respond"]}]},{"@type":"WebPage","@id":"https:\/\/favorite-news.com\/pl\/zubr-zaprasza-na-podlasie\/","url":"https:\/\/favorite-news.com\/pl\/zubr-zaprasza-na-podlasie\/","name":"\u017bubr \"zaprasza na Podlasie\" - Favorite News","isPartOf":{"@id":"https:\/\/favorite-news.com\/pl\/#website"},"primaryImageOfPage":{"@id":"https:\/\/favorite-news.com\/pl\/zubr-zaprasza-na-podlasie\/#primaryimage"},"image":{"@id":"https:\/\/favorite-news.com\/pl\/zubr-zaprasza-na-podlasie\/#primaryimage"},"thumbnailUrl":"https:\/\/favorite-news.com\/pl\/wp-content\/uploads\/sites\/6\/2019\/06\/\u017bubr-zaprasza-na-Podlasie.png","datePublished":"2019-06-24T21:07:22+00:00","dateModified":"2019-06-24T21:07:23+00:00","author":{"@id":"https:\/\/favorite-news.com\/pl\/#\/schema\/person\/b91573b717dcfa5e4696032a9d28d3e8"},"breadcrumb":{"@id":"https:\/\/favorite-news.com\/pl\/zubr-zaprasza-na-podlasie\/#breadcrumb"},"inLanguage":"pl-PL","potentialAction":[{"@type":"ReadAction","target":["https:\/\/favorite-news.com\/pl\/zubr-zaprasza-na-podlasie\/"]}]},{"@type":"ImageObject","inLanguage":"pl-PL","@id":"https:\/\/favorite-news.com\/pl\/zubr-zaprasza-na-podlasie\/#primaryimage","url":"https:\/\/favorite-news.com\/pl\/wp-content\/uploads\/sites\/6\/2019\/06\/\u017bubr-zaprasza-na-Podlasie.png","contentUrl":"https:\/\/favorite-news.com\/pl\/wp-content\/uploads\/sites\/6\/2019\/06\/\u017bubr-zaprasza-na-Podlasie.png","width":655,"height":351,"caption":"Article"},{"@type":"BreadcrumbList","@id":"https:\/\/favorite-news.com\/pl\/zubr-zaprasza-na-podlasie\/#breadcrumb","itemListElement":[{"@type":"ListItem","position":1,"name":"Home","item":"https:\/\/favorite-news.com\/pl\/"},{"@type":"ListItem","position":2,"name":"\u017bubr &#8222;zaprasza na Podlasie&#8221;"}]},{"@type":"WebSite","@id":"https:\/\/favorite-news.com\/pl\/#website","url":"https:\/\/favorite-news.com\/pl\/","name":"Favorite News","description":"Favorite News Polska","potentialAction":[{"@type":"SearchAction","target":{"@type":"EntryPoint","urlTemplate":"https:\/\/favorite-news.com\/pl\/?s={search_term_string}"},"query-input":{"@type":"PropertyValueSpecification","valueRequired":true,"valueName":"search_term_string"}}],"inLanguage":"pl-PL"},{"@type":"Person","@id":"https:\/\/favorite-news.com\/pl\/#\/schema\/person\/b91573b717dcfa5e4696032a9d28d3e8","name":"favorite-news","image":{"@type":"ImageObject","inLanguage":"pl-PL","@id":"https:\/\/secure.gravatar.com\/avatar\/6c5a5cb12b74e9d517ee91cf570335b7d16177f1977cc91db161adfa435945a7?s=96&d=mm&r=g","url":"https:\/\/secure.gravatar.com\/avatar\/6c5a5cb12b74e9d517ee91cf570335b7d16177f1977cc91db161adfa435945a7?s=96&d=mm&r=g","contentUrl":"https:\/\/secure.gravatar.com\/avatar\/6c5a5cb12b74e9d517ee91cf570335b7d16177f1977cc91db161adfa435945a7?s=96&d=mm&r=g","caption":"favorite-news"},"url":"https:\/\/favorite-news.com\/pl\/author\/pt\/"}]}},"_links":{"self":[{"href":"https:\/\/favorite-news.com\/pl\/wp-json\/wp\/v2\/posts\/1847","targetHints":{"allow":["GET"]}}],"collection":[{"href":"https:\/\/favorite-news.com\/pl\/wp-json\/wp\/v2\/posts"}],"about":[{"href":"https:\/\/favorite-news.com\/pl\/wp-json\/wp\/v2\/types\/post"}],"author":[{"embeddable":true,"href":"https:\/\/favorite-news.com\/pl\/wp-json\/wp\/v2\/users\/2"}],"replies":[{"embeddable":true,"href":"https:\/\/favorite-news.com\/pl\/wp-json\/wp\/v2\/comments?post=1847"}],"version-history":[{"count":1,"href":"https:\/\/favorite-news.com\/pl\/wp-json\/wp\/v2\/posts\/1847\/revisions"}],"predecessor-version":[{"id":1849,"href":"https:\/\/favorite-news.com\/pl\/wp-json\/wp\/v2\/posts\/1847\/revisions\/1849"}],"wp:featuredmedia":[{"embeddable":true,"href":"https:\/\/favorite-news.com\/pl\/wp-json\/wp\/v2\/media\/1848"}],"wp:attachment":[{"href":"https:\/\/favorite-news.com\/pl\/wp-json\/wp\/v2\/media?parent=1847"}],"wp:term":[{"taxonomy":"category","embeddable":true,"href":"https:\/\/favorite-news.com\/pl\/wp-json\/wp\/v2\/categories?post=1847"},{"taxonomy":"post_tag","embeddable":true,"href":"https:\/\/favorite-news.com\/pl\/wp-json\/wp\/v2\/tags?post=1847"}],"curies":[{"name":"wp","href":"https:\/\/api.w.org\/{rel}","templated":true}]}}