{"id":1844,"date":"2019-06-24T22:12:22","date_gmt":"2019-06-24T19:12:22","guid":{"rendered":"https:\/\/favorite-news.com\/pl\/onet-o-wartosci-prawdy-w-nowej-kampanii-wybieramyprawde\/"},"modified":"2019-06-24T22:12:23","modified_gmt":"2019-06-24T19:12:23","slug":"onet-o-wartosci-prawdy-w-nowej-kampanii-wybieramyprawde","status":"publish","type":"post","link":"https:\/\/favorite-news.com\/pl\/onet-o-wartosci-prawdy-w-nowej-kampanii-wybieramyprawde\/","title":{"rendered":"Onet o warto\u015bci prawdy w nowej kampanii #WybieramyPrawd\u0119"},"content":{"rendered":"<p> [ad_1]<br \/>\n<\/p>\n<div id=\"\">\n<p>Tematem przewodnim akcji Onetu #WybieramyPrawd\u0119 jest wy\u017cszo\u015b\u0107 prawdy nad k\u0142amstwem w ka\u017cdym wymiarze \u017cycia \u2013 relacji kole\u017ce\u0144skich i rodzinnych, kreowania w\u0142asnego wizerunku w Internecie, niezale\u017cnie od wieku, p\u0142ci czy statusu spo\u0142ecznego.<\/p>\n<p>&#13;<br \/>\n&#13;<\/p>\n<p>Na specjalnie przygotowanej stronie Prawda.onet.pl znajd\u0105 si\u0119 artyku\u0142y przygotowywane przez ca\u0142y zesp\u00f3\u0142 redakcyjny Onetu. Przygotowano szeroki wyb\u00f3r materia\u0142\u00f3w obejmuj\u0105cych r\u00f3\u017cne dziedziny \u017cycia &#8211; od prawdy i fa\u0142szu w sporcie, \u017cyciu codziennym i relacjach mi\u0119dzyludzkich, a tak\u017ce w biznesie i polityce.<\/p>\n<p>&#13;<br \/>\n&#13;<\/p>\n<p><span style=\"font-size:20px;\"><strong>Onet zaprasza do refleksji o prawdzie i k\u0142amstwie<\/strong><\/span><\/p>\n<p>&#13;<br \/>\n&#13;<\/p>\n<p>Na potrzeby kampanii przygotowano spoty (w wersjach 30-sekundowej i 45-sekundowej), kt\u00f3rych bohaterowie pokazuj\u0105 np. w mediach spo\u0142eczno\u015bciowych wyidealizowane obrazki z swojego \u017cycia, kt\u00f3re nie wygl\u0105da tak jak na zdj\u0119ciach. Inni nie m\u00f3wi\u0105 prawdy swoim bliskim.<\/p>\n<p>&#13;<br \/>\n&#13;<\/p>\n<p><iframe loading=\"lazy\" allow=\"accelerometer; autoplay; encrypted-media; gyroscope; picture-in-picture\" allowfullscreen=\"\" frameborder=\"0\" height=\"315\" src=\"https:\/\/www.youtube.com\/embed\/Hvqggy320cY\" width=\"560\"><\/iframe><\/p>\n<p>&#13;<br \/>\n&#13;<\/p>\n<p><iframe loading=\"lazy\" allow=\"accelerometer; autoplay; encrypted-media; gyroscope; picture-in-picture\" allowfullscreen=\"\" frameborder=\"0\" height=\"315\" src=\"https:\/\/www.youtube.com\/embed\/mbmD-zG2DeM\" width=\"560\"><\/iframe><\/p>\n<p>&#13;<br \/>\n&#13;<\/p>\n<p>&#8211; <strong>Celem naszej nowej akcji jest ch\u0119\u0107 wywo\u0142ania refleksji o prawdzie i k\u0142amstwie, o tym co jest realne a co wymy\u015blone, co jest faktem a co fake newsem.<\/strong>\u00a0 K\u0142amstwo dotyczy ka\u017cdego i na r\u00f3\u017cny spos\u00f3b dotyka ludzi.\u00a0 My chcemy wykorzysta\u0107 si\u0142\u0119 naszego medium i zach\u0119ci\u0107 do dyskusji na temat naszych zachowa\u0144, zar\u00f3wno w mediach spo\u0142eczno\u015bciowych jak i w relacjach z bliskimi, zach\u0119ci\u0107 do poszukiwania prawdy we w\u0142asnym \u017cyciu oraz w przekazach medialnych. K\u0142amstwo jest cz\u0119sto \u0142atwiejsze, ale wierzymy, \u017ce tylko prawda mo\u017ce co\u015b zmieni\u0107 na lepsze &#8211; m\u00f3wi Olga Korolec, dyrektor marketingu Ringier Axel Springer Polska.<\/p>\n<p>&#13;<br \/>\n&#13;<\/p>\n<p><span style=\"font-size:20px;\"><strong>Kampania Onetu w mediach<\/strong><\/span><\/p>\n<p>&#13;<br \/>\n&#13;<\/p>\n<p>Dzia\u0142ania redakcyjne Onetu b\u0119d\u0105 wspierane kampani\u0105 reklamow\u0105 w telewizji, radiu i w prasie oraz na no\u015bnikach OOH i w kinach. Spoty b\u0119d\u0105 emitowane w kana\u0142ach grupy TVN, w TV Puls na kanale Stopklatka oraz w Kino Polska, Zoom TV, Kino TV, a tak\u017ce w kinach sieci Cinema City, Multikino, Helios oraz we wsp\u00f3\u0142pracy z Kinads.<\/p>\n<p>&#13;<br \/>\n&#13;<\/p>\n<p>Kampania obejmie stacje radiowe z grupy RMF, Polskie Radio, Z\u0142ote Przeboje, Rock Radio. W akcj\u0119 zaanga\u017cowane b\u0119d\u0105 tak\u017ce media nale\u017c\u0105ce do Ringier Axel Springer Polska \u2013 wszystkie serwisy internetowe oraz &#8222;Newsweek&#8221;, &#8222;Fakt&#8221;, &#8222;Przegl\u0105d Sportowy&#8221;, &#8222;Komputer \u015awiat&#8221; i &#8222;Auto \u015awiat&#8221;.<\/p>\n<p>&#13;<br \/>\n&#13;<\/p>\n<p>W ramach kampanii prowadzone b\u0119d\u0105 r\u00f3wnie\u017c dzia\u0142ania niestandardowe. W\u015br\u00f3d nich b\u0119d\u0105 live photo, interaktywne grafiki, specjalne efekty AR do aparatu na Facebooku oraz plansze 360\u00b0.<\/p>\n<p>&#13;<br \/>\n&#13;<\/p>\n<p>Kampani\u0119 przygotowa\u0142 dzia\u0142 marketingu i dzia\u0142 kreatywny Ringier Axel Springer Polska. Za koncepcj\u0119 kreatywn\u0105 i jej realizacj\u0119 odpowiada agencja Bridge2Fun. Media dla kampanii zakupi\u0142 dom mediowy Starcom. Za produkcj\u0119 odpowiada\u0142 dom produkcyjny Flota Filmowa.<\/p>\n<p>&#13;<br \/>\n                            &#13;<br \/>\n&#13;<br \/>\n                            &#13;<br \/>\n&#13;<br \/>\n&#13;<br \/>\n&#13;<br \/>\n&#13;<br \/>\n&#13;<br \/>\n                            &#13;<br \/>\n                                                            &#13;<br \/>\n&#13;<br \/>\n                            &#13;\n                        <\/p><\/div>\n<p><script>(function (d, s, id) {\n        var js, fjs = d.getElementsByTagName(s)[0];\n        if (d.getElementById(id)) return;\n        js = d.createElement(s);\n        js.id = id;\n        js.src = \"http:\/\/connect.facebook.net\/pl_PL\/sdk.js#xfbml=1&version=v2.6&appId=297996717062470\";\n        fjs.parentNode.insertBefore(js, fjs);\n    }(document, 'script', 'facebook-jssdk'));<\/script><br \/>\n<br \/>[ad_2]<br \/>\n<br \/><a href=\"https:\/\/www.wirtualnemedia.pl\/artykul\/onet-o-wartosci-prawdy-w-nowej-kampanii-wybieramyprawde\">Source link <\/a><\/p>\n","protected":false},"excerpt":{"rendered":"<p>[ad_1] Tematem przewodnim akcji Onetu #WybieramyPrawd\u0119 jest wy\u017cszo\u015b\u0107 prawdy nad k\u0142amstwem w ka\u017cdym wymiarze \u017cycia \u2013 relacji kole\u017ce\u0144skich i rodzinnych, kreowania w\u0142asnego wizerunku w Internecie, niezale\u017cnie od wieku, p\u0142ci czy statusu spo\u0142ecznego. &#13; &#13; Na specjalnie przygotowanej stronie Prawda.onet.pl znajd\u0105 si\u0119 artyku\u0142y przygotowywane przez ca\u0142y zesp\u00f3\u0142 redakcyjny Onetu. Przygotowano szeroki wyb\u00f3r materia\u0142\u00f3w obejmuj\u0105cych r\u00f3\u017cne dziedziny [&hellip;]<\/p>\n","protected":false},"author":2,"featured_media":1845,"comment_status":"open","ping_status":"open","sticky":false,"template":"","format":"standard","meta":{"footnotes":""},"categories":[2],"tags":[],"class_list":["post-1844","post","type-post","status-publish","format-standard","has-post-thumbnail","hentry","category-wiadomosci-marketingowe-internetowe"],"yoast_head":"<!-- This site is optimized with the Yoast SEO plugin v27.4 - https:\/\/yoast.com\/product\/yoast-seo-wordpress\/ -->\n<title>Onet o warto\u015bci prawdy w nowej kampanii #WybieramyPrawd\u0119 - Favorite News<\/title>\n<meta name=\"robots\" content=\"index, follow, max-snippet:-1, max-image-preview:large, max-video-preview:-1\" \/>\n<link rel=\"canonical\" href=\"https:\/\/favorite-news.com\/pl\/onet-o-wartosci-prawdy-w-nowej-kampanii-wybieramyprawde\/\" \/>\n<meta property=\"og:locale\" content=\"pl_PL\" \/>\n<meta property=\"og:type\" content=\"article\" \/>\n<meta property=\"og:title\" content=\"Onet o warto\u015bci prawdy w nowej kampanii #WybieramyPrawd\u0119 - Favorite News\" \/>\n<meta property=\"og:description\" content=\"[ad_1] Tematem przewodnim akcji Onetu #WybieramyPrawd\u0119 jest wy\u017cszo\u015b\u0107 prawdy nad k\u0142amstwem w ka\u017cdym wymiarze \u017cycia \u2013 relacji kole\u017ce\u0144skich i rodzinnych, kreowania w\u0142asnego wizerunku w Internecie, niezale\u017cnie od wieku, p\u0142ci czy statusu spo\u0142ecznego. &#013; &#013; Na specjalnie przygotowanej stronie Prawda.onet.pl znajd\u0105 si\u0119 artyku\u0142y przygotowywane przez ca\u0142y zesp\u00f3\u0142 redakcyjny Onetu. Przygotowano szeroki wyb\u00f3r materia\u0142\u00f3w obejmuj\u0105cych r\u00f3\u017cne dziedziny [&hellip;]\" \/>\n<meta property=\"og:url\" content=\"https:\/\/favorite-news.com\/pl\/onet-o-wartosci-prawdy-w-nowej-kampanii-wybieramyprawde\/\" \/>\n<meta property=\"og:site_name\" content=\"Favorite News\" \/>\n<meta property=\"article:published_time\" content=\"2019-06-24T19:12:22+00:00\" \/>\n<meta property=\"article:modified_time\" content=\"2019-06-24T19:12:23+00:00\" \/>\n<meta property=\"og:image\" content=\"https:\/\/favorite-news.com\/pl\/wp-content\/uploads\/sites\/6\/2019\/06\/Onet-o-warto\u015bci-prawdy-w-nowej-kampanii-WybieramyPrawd\u0119.png\" \/>\n\t<meta property=\"og:image:width\" content=\"655\" \/>\n\t<meta property=\"og:image:height\" content=\"270\" \/>\n\t<meta property=\"og:image:type\" content=\"image\/png\" \/>\n<meta name=\"author\" content=\"favorite-news\" \/>\n<meta name=\"twitter:card\" content=\"summary_large_image\" \/>\n<meta name=\"twitter:label1\" content=\"Napisane przez\" \/>\n\t<meta name=\"twitter:data1\" content=\"favorite-news\" \/>\n\t<meta name=\"twitter:label2\" content=\"Szacowany czas czytania\" \/>\n\t<meta name=\"twitter:data2\" content=\"2 minuty\" \/>\n<script type=\"application\/ld+json\" class=\"yoast-schema-graph\">{\"@context\":\"https:\\\/\\\/schema.org\",\"@graph\":[{\"@type\":\"Article\",\"@id\":\"https:\\\/\\\/favorite-news.com\\\/pl\\\/onet-o-wartosci-prawdy-w-nowej-kampanii-wybieramyprawde\\\/#article\",\"isPartOf\":{\"@id\":\"https:\\\/\\\/favorite-news.com\\\/pl\\\/onet-o-wartosci-prawdy-w-nowej-kampanii-wybieramyprawde\\\/\"},\"author\":{\"name\":\"favorite-news\",\"@id\":\"https:\\\/\\\/favorite-news.com\\\/pl\\\/#\\\/schema\\\/person\\\/b91573b717dcfa5e4696032a9d28d3e8\"},\"headline\":\"Onet o warto\u015bci prawdy w nowej kampanii #WybieramyPrawd\u0119\",\"datePublished\":\"2019-06-24T19:12:22+00:00\",\"dateModified\":\"2019-06-24T19:12:23+00:00\",\"mainEntityOfPage\":{\"@id\":\"https:\\\/\\\/favorite-news.com\\\/pl\\\/onet-o-wartosci-prawdy-w-nowej-kampanii-wybieramyprawde\\\/\"},\"wordCount\":442,\"commentCount\":0,\"image\":{\"@id\":\"https:\\\/\\\/favorite-news.com\\\/pl\\\/onet-o-wartosci-prawdy-w-nowej-kampanii-wybieramyprawde\\\/#primaryimage\"},\"thumbnailUrl\":\"https:\\\/\\\/favorite-news.com\\\/pl\\\/wp-content\\\/uploads\\\/sites\\\/6\\\/2019\\\/06\\\/Onet-o-warto\u015bci-prawdy-w-nowej-kampanii-WybieramyPrawd\u0119.png\",\"articleSection\":[\"WIADOMO\u015aCI MARKETINGOWE INTERNETOWE\"],\"inLanguage\":\"pl-PL\",\"potentialAction\":[{\"@type\":\"CommentAction\",\"name\":\"Comment\",\"target\":[\"https:\\\/\\\/favorite-news.com\\\/pl\\\/onet-o-wartosci-prawdy-w-nowej-kampanii-wybieramyprawde\\\/#respond\"]}]},{\"@type\":\"WebPage\",\"@id\":\"https:\\\/\\\/favorite-news.com\\\/pl\\\/onet-o-wartosci-prawdy-w-nowej-kampanii-wybieramyprawde\\\/\",\"url\":\"https:\\\/\\\/favorite-news.com\\\/pl\\\/onet-o-wartosci-prawdy-w-nowej-kampanii-wybieramyprawde\\\/\",\"name\":\"Onet o warto\u015bci prawdy w nowej kampanii #WybieramyPrawd\u0119 - Favorite News\",\"isPartOf\":{\"@id\":\"https:\\\/\\\/favorite-news.com\\\/pl\\\/#website\"},\"primaryImageOfPage\":{\"@id\":\"https:\\\/\\\/favorite-news.com\\\/pl\\\/onet-o-wartosci-prawdy-w-nowej-kampanii-wybieramyprawde\\\/#primaryimage\"},\"image\":{\"@id\":\"https:\\\/\\\/favorite-news.com\\\/pl\\\/onet-o-wartosci-prawdy-w-nowej-kampanii-wybieramyprawde\\\/#primaryimage\"},\"thumbnailUrl\":\"https:\\\/\\\/favorite-news.com\\\/pl\\\/wp-content\\\/uploads\\\/sites\\\/6\\\/2019\\\/06\\\/Onet-o-warto\u015bci-prawdy-w-nowej-kampanii-WybieramyPrawd\u0119.png\",\"datePublished\":\"2019-06-24T19:12:22+00:00\",\"dateModified\":\"2019-06-24T19:12:23+00:00\",\"author\":{\"@id\":\"https:\\\/\\\/favorite-news.com\\\/pl\\\/#\\\/schema\\\/person\\\/b91573b717dcfa5e4696032a9d28d3e8\"},\"breadcrumb\":{\"@id\":\"https:\\\/\\\/favorite-news.com\\\/pl\\\/onet-o-wartosci-prawdy-w-nowej-kampanii-wybieramyprawde\\\/#breadcrumb\"},\"inLanguage\":\"pl-PL\",\"potentialAction\":[{\"@type\":\"ReadAction\",\"target\":[\"https:\\\/\\\/favorite-news.com\\\/pl\\\/onet-o-wartosci-prawdy-w-nowej-kampanii-wybieramyprawde\\\/\"]}]},{\"@type\":\"ImageObject\",\"inLanguage\":\"pl-PL\",\"@id\":\"https:\\\/\\\/favorite-news.com\\\/pl\\\/onet-o-wartosci-prawdy-w-nowej-kampanii-wybieramyprawde\\\/#primaryimage\",\"url\":\"https:\\\/\\\/favorite-news.com\\\/pl\\\/wp-content\\\/uploads\\\/sites\\\/6\\\/2019\\\/06\\\/Onet-o-warto\u015bci-prawdy-w-nowej-kampanii-WybieramyPrawd\u0119.png\",\"contentUrl\":\"https:\\\/\\\/favorite-news.com\\\/pl\\\/wp-content\\\/uploads\\\/sites\\\/6\\\/2019\\\/06\\\/Onet-o-warto\u015bci-prawdy-w-nowej-kampanii-WybieramyPrawd\u0119.png\",\"width\":655,\"height\":270,\"caption\":\"Article\"},{\"@type\":\"BreadcrumbList\",\"@id\":\"https:\\\/\\\/favorite-news.com\\\/pl\\\/onet-o-wartosci-prawdy-w-nowej-kampanii-wybieramyprawde\\\/#breadcrumb\",\"itemListElement\":[{\"@type\":\"ListItem\",\"position\":1,\"name\":\"Home\",\"item\":\"https:\\\/\\\/favorite-news.com\\\/pl\\\/\"},{\"@type\":\"ListItem\",\"position\":2,\"name\":\"Onet o warto\u015bci prawdy w nowej kampanii #WybieramyPrawd\u0119\"}]},{\"@type\":\"WebSite\",\"@id\":\"https:\\\/\\\/favorite-news.com\\\/pl\\\/#website\",\"url\":\"https:\\\/\\\/favorite-news.com\\\/pl\\\/\",\"name\":\"Favorite News\",\"description\":\"Favorite News Polska\",\"potentialAction\":[{\"@type\":\"SearchAction\",\"target\":{\"@type\":\"EntryPoint\",\"urlTemplate\":\"https:\\\/\\\/favorite-news.com\\\/pl\\\/?s={search_term_string}\"},\"query-input\":{\"@type\":\"PropertyValueSpecification\",\"valueRequired\":true,\"valueName\":\"search_term_string\"}}],\"inLanguage\":\"pl-PL\"},{\"@type\":\"Person\",\"@id\":\"https:\\\/\\\/favorite-news.com\\\/pl\\\/#\\\/schema\\\/person\\\/b91573b717dcfa5e4696032a9d28d3e8\",\"name\":\"favorite-news\",\"image\":{\"@type\":\"ImageObject\",\"inLanguage\":\"pl-PL\",\"@id\":\"https:\\\/\\\/secure.gravatar.com\\\/avatar\\\/6c5a5cb12b74e9d517ee91cf570335b7d16177f1977cc91db161adfa435945a7?s=96&d=mm&r=g\",\"url\":\"https:\\\/\\\/secure.gravatar.com\\\/avatar\\\/6c5a5cb12b74e9d517ee91cf570335b7d16177f1977cc91db161adfa435945a7?s=96&d=mm&r=g\",\"contentUrl\":\"https:\\\/\\\/secure.gravatar.com\\\/avatar\\\/6c5a5cb12b74e9d517ee91cf570335b7d16177f1977cc91db161adfa435945a7?s=96&d=mm&r=g\",\"caption\":\"favorite-news\"},\"url\":\"https:\\\/\\\/favorite-news.com\\\/pl\\\/author\\\/pt\\\/\"}]}<\/script>\n<!-- \/ Yoast SEO plugin. -->","yoast_head_json":{"title":"Onet o warto\u015bci prawdy w nowej kampanii #WybieramyPrawd\u0119 - Favorite News","robots":{"index":"index","follow":"follow","max-snippet":"max-snippet:-1","max-image-preview":"max-image-preview:large","max-video-preview":"max-video-preview:-1"},"canonical":"https:\/\/favorite-news.com\/pl\/onet-o-wartosci-prawdy-w-nowej-kampanii-wybieramyprawde\/","og_locale":"pl_PL","og_type":"article","og_title":"Onet o warto\u015bci prawdy w nowej kampanii #WybieramyPrawd\u0119 - Favorite News","og_description":"[ad_1] Tematem przewodnim akcji Onetu #WybieramyPrawd\u0119 jest wy\u017cszo\u015b\u0107 prawdy nad k\u0142amstwem w ka\u017cdym wymiarze \u017cycia \u2013 relacji kole\u017ce\u0144skich i rodzinnych, kreowania w\u0142asnego wizerunku w Internecie, niezale\u017cnie od wieku, p\u0142ci czy statusu spo\u0142ecznego. &#13; &#13; Na specjalnie przygotowanej stronie Prawda.onet.pl znajd\u0105 si\u0119 artyku\u0142y przygotowywane przez ca\u0142y zesp\u00f3\u0142 redakcyjny Onetu. Przygotowano szeroki wyb\u00f3r materia\u0142\u00f3w obejmuj\u0105cych r\u00f3\u017cne dziedziny [&hellip;]","og_url":"https:\/\/favorite-news.com\/pl\/onet-o-wartosci-prawdy-w-nowej-kampanii-wybieramyprawde\/","og_site_name":"Favorite News","article_published_time":"2019-06-24T19:12:22+00:00","article_modified_time":"2019-06-24T19:12:23+00:00","og_image":[{"width":655,"height":270,"url":"https:\/\/favorite-news.com\/pl\/wp-content\/uploads\/sites\/6\/2019\/06\/Onet-o-warto\u015bci-prawdy-w-nowej-kampanii-WybieramyPrawd\u0119.png","type":"image\/png"}],"author":"favorite-news","twitter_card":"summary_large_image","twitter_misc":{"Napisane przez":"favorite-news","Szacowany czas czytania":"2 minuty"},"schema":{"@context":"https:\/\/schema.org","@graph":[{"@type":"Article","@id":"https:\/\/favorite-news.com\/pl\/onet-o-wartosci-prawdy-w-nowej-kampanii-wybieramyprawde\/#article","isPartOf":{"@id":"https:\/\/favorite-news.com\/pl\/onet-o-wartosci-prawdy-w-nowej-kampanii-wybieramyprawde\/"},"author":{"name":"favorite-news","@id":"https:\/\/favorite-news.com\/pl\/#\/schema\/person\/b91573b717dcfa5e4696032a9d28d3e8"},"headline":"Onet o warto\u015bci prawdy w nowej kampanii #WybieramyPrawd\u0119","datePublished":"2019-06-24T19:12:22+00:00","dateModified":"2019-06-24T19:12:23+00:00","mainEntityOfPage":{"@id":"https:\/\/favorite-news.com\/pl\/onet-o-wartosci-prawdy-w-nowej-kampanii-wybieramyprawde\/"},"wordCount":442,"commentCount":0,"image":{"@id":"https:\/\/favorite-news.com\/pl\/onet-o-wartosci-prawdy-w-nowej-kampanii-wybieramyprawde\/#primaryimage"},"thumbnailUrl":"https:\/\/favorite-news.com\/pl\/wp-content\/uploads\/sites\/6\/2019\/06\/Onet-o-warto\u015bci-prawdy-w-nowej-kampanii-WybieramyPrawd\u0119.png","articleSection":["WIADOMO\u015aCI MARKETINGOWE INTERNETOWE"],"inLanguage":"pl-PL","potentialAction":[{"@type":"CommentAction","name":"Comment","target":["https:\/\/favorite-news.com\/pl\/onet-o-wartosci-prawdy-w-nowej-kampanii-wybieramyprawde\/#respond"]}]},{"@type":"WebPage","@id":"https:\/\/favorite-news.com\/pl\/onet-o-wartosci-prawdy-w-nowej-kampanii-wybieramyprawde\/","url":"https:\/\/favorite-news.com\/pl\/onet-o-wartosci-prawdy-w-nowej-kampanii-wybieramyprawde\/","name":"Onet o warto\u015bci prawdy w nowej kampanii #WybieramyPrawd\u0119 - Favorite News","isPartOf":{"@id":"https:\/\/favorite-news.com\/pl\/#website"},"primaryImageOfPage":{"@id":"https:\/\/favorite-news.com\/pl\/onet-o-wartosci-prawdy-w-nowej-kampanii-wybieramyprawde\/#primaryimage"},"image":{"@id":"https:\/\/favorite-news.com\/pl\/onet-o-wartosci-prawdy-w-nowej-kampanii-wybieramyprawde\/#primaryimage"},"thumbnailUrl":"https:\/\/favorite-news.com\/pl\/wp-content\/uploads\/sites\/6\/2019\/06\/Onet-o-warto\u015bci-prawdy-w-nowej-kampanii-WybieramyPrawd\u0119.png","datePublished":"2019-06-24T19:12:22+00:00","dateModified":"2019-06-24T19:12:23+00:00","author":{"@id":"https:\/\/favorite-news.com\/pl\/#\/schema\/person\/b91573b717dcfa5e4696032a9d28d3e8"},"breadcrumb":{"@id":"https:\/\/favorite-news.com\/pl\/onet-o-wartosci-prawdy-w-nowej-kampanii-wybieramyprawde\/#breadcrumb"},"inLanguage":"pl-PL","potentialAction":[{"@type":"ReadAction","target":["https:\/\/favorite-news.com\/pl\/onet-o-wartosci-prawdy-w-nowej-kampanii-wybieramyprawde\/"]}]},{"@type":"ImageObject","inLanguage":"pl-PL","@id":"https:\/\/favorite-news.com\/pl\/onet-o-wartosci-prawdy-w-nowej-kampanii-wybieramyprawde\/#primaryimage","url":"https:\/\/favorite-news.com\/pl\/wp-content\/uploads\/sites\/6\/2019\/06\/Onet-o-warto\u015bci-prawdy-w-nowej-kampanii-WybieramyPrawd\u0119.png","contentUrl":"https:\/\/favorite-news.com\/pl\/wp-content\/uploads\/sites\/6\/2019\/06\/Onet-o-warto\u015bci-prawdy-w-nowej-kampanii-WybieramyPrawd\u0119.png","width":655,"height":270,"caption":"Article"},{"@type":"BreadcrumbList","@id":"https:\/\/favorite-news.com\/pl\/onet-o-wartosci-prawdy-w-nowej-kampanii-wybieramyprawde\/#breadcrumb","itemListElement":[{"@type":"ListItem","position":1,"name":"Home","item":"https:\/\/favorite-news.com\/pl\/"},{"@type":"ListItem","position":2,"name":"Onet o warto\u015bci prawdy w nowej kampanii #WybieramyPrawd\u0119"}]},{"@type":"WebSite","@id":"https:\/\/favorite-news.com\/pl\/#website","url":"https:\/\/favorite-news.com\/pl\/","name":"Favorite News","description":"Favorite News Polska","potentialAction":[{"@type":"SearchAction","target":{"@type":"EntryPoint","urlTemplate":"https:\/\/favorite-news.com\/pl\/?s={search_term_string}"},"query-input":{"@type":"PropertyValueSpecification","valueRequired":true,"valueName":"search_term_string"}}],"inLanguage":"pl-PL"},{"@type":"Person","@id":"https:\/\/favorite-news.com\/pl\/#\/schema\/person\/b91573b717dcfa5e4696032a9d28d3e8","name":"favorite-news","image":{"@type":"ImageObject","inLanguage":"pl-PL","@id":"https:\/\/secure.gravatar.com\/avatar\/6c5a5cb12b74e9d517ee91cf570335b7d16177f1977cc91db161adfa435945a7?s=96&d=mm&r=g","url":"https:\/\/secure.gravatar.com\/avatar\/6c5a5cb12b74e9d517ee91cf570335b7d16177f1977cc91db161adfa435945a7?s=96&d=mm&r=g","contentUrl":"https:\/\/secure.gravatar.com\/avatar\/6c5a5cb12b74e9d517ee91cf570335b7d16177f1977cc91db161adfa435945a7?s=96&d=mm&r=g","caption":"favorite-news"},"url":"https:\/\/favorite-news.com\/pl\/author\/pt\/"}]}},"_links":{"self":[{"href":"https:\/\/favorite-news.com\/pl\/wp-json\/wp\/v2\/posts\/1844","targetHints":{"allow":["GET"]}}],"collection":[{"href":"https:\/\/favorite-news.com\/pl\/wp-json\/wp\/v2\/posts"}],"about":[{"href":"https:\/\/favorite-news.com\/pl\/wp-json\/wp\/v2\/types\/post"}],"author":[{"embeddable":true,"href":"https:\/\/favorite-news.com\/pl\/wp-json\/wp\/v2\/users\/2"}],"replies":[{"embeddable":true,"href":"https:\/\/favorite-news.com\/pl\/wp-json\/wp\/v2\/comments?post=1844"}],"version-history":[{"count":1,"href":"https:\/\/favorite-news.com\/pl\/wp-json\/wp\/v2\/posts\/1844\/revisions"}],"predecessor-version":[{"id":1846,"href":"https:\/\/favorite-news.com\/pl\/wp-json\/wp\/v2\/posts\/1844\/revisions\/1846"}],"wp:featuredmedia":[{"embeddable":true,"href":"https:\/\/favorite-news.com\/pl\/wp-json\/wp\/v2\/media\/1845"}],"wp:attachment":[{"href":"https:\/\/favorite-news.com\/pl\/wp-json\/wp\/v2\/media?parent=1844"}],"wp:term":[{"taxonomy":"category","embeddable":true,"href":"https:\/\/favorite-news.com\/pl\/wp-json\/wp\/v2\/categories?post=1844"},{"taxonomy":"post_tag","embeddable":true,"href":"https:\/\/favorite-news.com\/pl\/wp-json\/wp\/v2\/tags?post=1844"}],"curies":[{"name":"wp","href":"https:\/\/api.w.org\/{rel}","templated":true}]}}