{"id":1841,"date":"2019-06-24T20:37:10","date_gmt":"2019-06-24T17:37:10","guid":{"rendered":"https:\/\/favorite-news.com\/pl\/ebay-ruszyl-z-globalnym-przetargiem-mediowym\/"},"modified":"2019-06-24T20:37:11","modified_gmt":"2019-06-24T17:37:11","slug":"ebay-ruszyl-z-globalnym-przetargiem-mediowym","status":"publish","type":"post","link":"https:\/\/favorite-news.com\/pl\/ebay-ruszyl-z-globalnym-przetargiem-mediowym\/","title":{"rendered":"ebay ruszy\u0142 z globalnym przetargiem mediowym"},"content":{"rendered":"<p> [ad_1]<br \/>\n<\/p>\n<div id=\"\">\n<p>Rzecznik prasowy eBaya przekaza\u0142 serwisowi Adweek, \u017ce <strong>konsolidacja partner\u00f3w agencyjnych ma pozwoli\u0107 firmie na usprawnienie jej podej\u015bcia marketingowego na ca\u0142ym \u015bwiecie.<\/strong><\/p>\n<p>&#13;<br \/>\n&#13;<\/p>\n<p><strong>Obecnie eBay mediowo obs\u0142ugiwany jest przez domy mediowe MediaCom (WPP) i Blue449 (Publicis Media)<\/strong> odpowiednio od 2014 i 2016 roku. Pocz\u0105tkowo MediaCom by\u0142 globaln\u0105 agencj\u0105 mediow\u0105 firmy, ale w 2016 straci\u0142 obs\u0142ug\u0119 klienta w USA na rzecz Blue449. Pozosta\u0142a mu obs\u0142uga w Europie i Australii.<\/p>\n<p>&#13;<br \/>\n&#13;<\/p>\n<p>Nie wiadomo, czy procesem przetargowym eBaya b\u0119dzie zarz\u0105dza\u0107 audytor. Rzecznik firmy poinformowa\u0142 jedynie, \u017ce f<strong>irma nie zamierza zaprasza\u0107 do przetargu innych ni\u017c dotychczasowe agencji. Oznacza to zatem, \u017ce o globalny bud\u017cet eBaya konkurowa\u0107 b\u0119d\u0105 mi\u0119dzy sob\u0105 jedynie MediaCom i Blue449.<\/strong><\/p>\n<p>&#13;<br \/>\n&#13;<\/p>\n<p><span style=\"font-size:20px;\"><strong>Nowa strategia marketingowa<\/strong><\/span><\/p>\n<p>&#13;<br \/>\n&#13;<\/p>\n<p>Rozpocz\u0119ty w\u0142a\u015bnie przegl\u0105d mediowy jest wynikiem globalnej restrukturyzacji organizacji marketingowej eBay.com.<\/p>\n<p>&#13;<br \/>\n&#13;<\/p>\n<p>Od lutego br. regionalne zespo\u0142y marketingowe firmy na ca\u0142ym \u015bwiecie \u015bci\u015blej ni\u017c dotychczas ze sob\u0105 wsp\u00f3\u0142pracuj\u0105, m.in. po to, by usprawni\u0107 i przyspieszy\u0107 podejmowanie decyzji i realizacj\u0119 projekt\u00f3w.<\/p>\n<p>&#13;<br \/>\n&#13;<\/p>\n<p><strong>Firma zmierza do ponownego zdefiniowania swojej dzia\u0142alno\u015bci oraz strategii marketingowej, poniewa\u017c wzrost gospodarczy w \u015bwiecie e-commerce jest coraz bardziej zdominowany przez Amazon. <\/strong>Akcjonariusze eBaya naciskaj\u0105, by serwis bardziej odr\u00f3\u017cnia\u0142 si\u0119 od swojego g\u0142\u00f3wnego konkurenta. \u00a0Najnowsza inicjatywa eBay polega na wsp\u00f3\u0142pracy z Facebookiem nad nowym projektem kryptowaluty o nazwie Libra.<\/p>\n<p>&#13;<br \/>\n&#13;<\/p>\n<p>eBay nie og\u0142osi\u0142 publicznie znacz\u0105cych zmian dotycz\u0105cych obs\u0142ugi reklamowej. W styczniu firma po niespe\u0142na roku wsp\u00f3\u0142pracy z agencj\u0105 reklamowa VCCP og\u0142osi\u0142a przetarg na obs\u0142ug\u0119 reklamow\u0105 w Europie.<\/p>\n<p>&#13;<br \/>\n&#13;<\/p>\n<p>Po dw\u00f3ch miesi\u0105cach zdecydowa\u0142a si\u0119 na wyb\u00f3r agencji Craft nale\u017c\u0105cej do sieci McCann.<\/p>\n<p>&#13;<br \/>\n&#13;<\/p>\n<p>Wed\u0142ug wylicze\u0144 firmy konsultingowej Comvergence, eBay wyda\u0142 na reklamy w 2018 roku w mediach ok. 201 mln dolar\u00f3w. Wi\u0119kszo\u015b\u0107 tej kwoty obejmowa\u0142a Stany Zjednoczone.<\/p>\n<p>&#13;<br \/>\n                            &#13;<br \/>\n&#13;<br \/>\n                            &#13;<br \/>\n&#13;<br \/>\n&#13;<br \/>\n&#13;<br \/>\n&#13;<br \/>\n&#13;<br \/>\n                            &#13;<br \/>\n                                                            &#13;<br \/>\n&#13;<br \/>\n                            &#13;\n                        <\/p><\/div>\n<p><script>(function (d, s, id) {\n        var js, fjs = d.getElementsByTagName(s)[0];\n        if (d.getElementById(id)) return;\n        js = d.createElement(s);\n        js.id = id;\n        js.src = \"http:\/\/connect.facebook.net\/pl_PL\/sdk.js#xfbml=1&version=v2.6&appId=297996717062470\";\n        fjs.parentNode.insertBefore(js, fjs);\n    }(document, 'script', 'facebook-jssdk'));<\/script><br \/>\n<br \/>[ad_2]<br \/>\n<br \/><a href=\"https:\/\/www.wirtualnemedia.pl\/artykul\/ebay-ruszyl-z-globalnym-przetargiem-mediowym\">Source link <\/a><\/p>\n","protected":false},"excerpt":{"rendered":"<p>[ad_1] Rzecznik prasowy eBaya przekaza\u0142 serwisowi Adweek, \u017ce konsolidacja partner\u00f3w agencyjnych ma pozwoli\u0107 firmie na usprawnienie jej podej\u015bcia marketingowego na ca\u0142ym \u015bwiecie. &#13; &#13; Obecnie eBay mediowo obs\u0142ugiwany jest przez domy mediowe MediaCom (WPP) i Blue449 (Publicis Media) odpowiednio od 2014 i 2016 roku. Pocz\u0105tkowo MediaCom by\u0142 globaln\u0105 agencj\u0105 mediow\u0105 firmy, ale w 2016 straci\u0142 [&hellip;]<\/p>\n","protected":false},"author":2,"featured_media":1842,"comment_status":"open","ping_status":"open","sticky":false,"template":"","format":"standard","meta":{"footnotes":""},"categories":[2],"tags":[],"class_list":["post-1841","post","type-post","status-publish","format-standard","has-post-thumbnail","hentry","category-wiadomosci-marketingowe-internetowe"],"yoast_head":"<!-- This site is optimized with the Yoast SEO plugin v27.4 - https:\/\/yoast.com\/product\/yoast-seo-wordpress\/ -->\n<title>ebay ruszy\u0142 z globalnym przetargiem mediowym - Favorite News<\/title>\n<meta name=\"robots\" content=\"index, follow, max-snippet:-1, max-image-preview:large, max-video-preview:-1\" \/>\n<link rel=\"canonical\" href=\"https:\/\/favorite-news.com\/pl\/ebay-ruszyl-z-globalnym-przetargiem-mediowym\/\" \/>\n<meta property=\"og:locale\" content=\"pl_PL\" \/>\n<meta property=\"og:type\" content=\"article\" \/>\n<meta property=\"og:title\" content=\"ebay ruszy\u0142 z globalnym przetargiem mediowym - Favorite News\" \/>\n<meta property=\"og:description\" content=\"[ad_1] Rzecznik prasowy eBaya przekaza\u0142 serwisowi Adweek, \u017ce konsolidacja partner\u00f3w agencyjnych ma pozwoli\u0107 firmie na usprawnienie jej podej\u015bcia marketingowego na ca\u0142ym \u015bwiecie. &#013; &#013; Obecnie eBay mediowo obs\u0142ugiwany jest przez domy mediowe MediaCom (WPP) i Blue449 (Publicis Media) odpowiednio od 2014 i 2016 roku. Pocz\u0105tkowo MediaCom by\u0142 globaln\u0105 agencj\u0105 mediow\u0105 firmy, ale w 2016 straci\u0142 [&hellip;]\" \/>\n<meta property=\"og:url\" content=\"https:\/\/favorite-news.com\/pl\/ebay-ruszyl-z-globalnym-przetargiem-mediowym\/\" \/>\n<meta property=\"og:site_name\" content=\"Favorite News\" \/>\n<meta property=\"article:published_time\" content=\"2019-06-24T17:37:10+00:00\" \/>\n<meta property=\"article:modified_time\" content=\"2019-06-24T17:37:11+00:00\" \/>\n<meta property=\"og:image\" content=\"https:\/\/favorite-news.com\/pl\/wp-content\/uploads\/sites\/6\/2019\/06\/ebay-ruszy\u0142-z-globalnym-przetargiem-mediowym.jpg\" \/>\n\t<meta property=\"og:image:width\" content=\"655\" \/>\n\t<meta property=\"og:image:height\" content=\"438\" \/>\n\t<meta property=\"og:image:type\" content=\"image\/jpeg\" \/>\n<meta name=\"author\" content=\"favorite-news\" \/>\n<meta name=\"twitter:card\" content=\"summary_large_image\" \/>\n<meta name=\"twitter:label1\" content=\"Napisane przez\" \/>\n\t<meta name=\"twitter:data1\" content=\"favorite-news\" \/>\n\t<meta name=\"twitter:label2\" content=\"Szacowany czas czytania\" \/>\n\t<meta name=\"twitter:data2\" content=\"2 minuty\" \/>\n<script type=\"application\/ld+json\" class=\"yoast-schema-graph\">{\"@context\":\"https:\\\/\\\/schema.org\",\"@graph\":[{\"@type\":\"Article\",\"@id\":\"https:\\\/\\\/favorite-news.com\\\/pl\\\/ebay-ruszyl-z-globalnym-przetargiem-mediowym\\\/#article\",\"isPartOf\":{\"@id\":\"https:\\\/\\\/favorite-news.com\\\/pl\\\/ebay-ruszyl-z-globalnym-przetargiem-mediowym\\\/\"},\"author\":{\"name\":\"favorite-news\",\"@id\":\"https:\\\/\\\/favorite-news.com\\\/pl\\\/#\\\/schema\\\/person\\\/b91573b717dcfa5e4696032a9d28d3e8\"},\"headline\":\"ebay ruszy\u0142 z globalnym przetargiem mediowym\",\"datePublished\":\"2019-06-24T17:37:10+00:00\",\"dateModified\":\"2019-06-24T17:37:11+00:00\",\"mainEntityOfPage\":{\"@id\":\"https:\\\/\\\/favorite-news.com\\\/pl\\\/ebay-ruszyl-z-globalnym-przetargiem-mediowym\\\/\"},\"wordCount\":313,\"commentCount\":0,\"image\":{\"@id\":\"https:\\\/\\\/favorite-news.com\\\/pl\\\/ebay-ruszyl-z-globalnym-przetargiem-mediowym\\\/#primaryimage\"},\"thumbnailUrl\":\"https:\\\/\\\/favorite-news.com\\\/pl\\\/wp-content\\\/uploads\\\/sites\\\/6\\\/2019\\\/06\\\/ebay-ruszy\u0142-z-globalnym-przetargiem-mediowym.jpg\",\"articleSection\":[\"WIADOMO\u015aCI MARKETINGOWE INTERNETOWE\"],\"inLanguage\":\"pl-PL\",\"potentialAction\":[{\"@type\":\"CommentAction\",\"name\":\"Comment\",\"target\":[\"https:\\\/\\\/favorite-news.com\\\/pl\\\/ebay-ruszyl-z-globalnym-przetargiem-mediowym\\\/#respond\"]}]},{\"@type\":\"WebPage\",\"@id\":\"https:\\\/\\\/favorite-news.com\\\/pl\\\/ebay-ruszyl-z-globalnym-przetargiem-mediowym\\\/\",\"url\":\"https:\\\/\\\/favorite-news.com\\\/pl\\\/ebay-ruszyl-z-globalnym-przetargiem-mediowym\\\/\",\"name\":\"ebay ruszy\u0142 z globalnym przetargiem mediowym - Favorite News\",\"isPartOf\":{\"@id\":\"https:\\\/\\\/favorite-news.com\\\/pl\\\/#website\"},\"primaryImageOfPage\":{\"@id\":\"https:\\\/\\\/favorite-news.com\\\/pl\\\/ebay-ruszyl-z-globalnym-przetargiem-mediowym\\\/#primaryimage\"},\"image\":{\"@id\":\"https:\\\/\\\/favorite-news.com\\\/pl\\\/ebay-ruszyl-z-globalnym-przetargiem-mediowym\\\/#primaryimage\"},\"thumbnailUrl\":\"https:\\\/\\\/favorite-news.com\\\/pl\\\/wp-content\\\/uploads\\\/sites\\\/6\\\/2019\\\/06\\\/ebay-ruszy\u0142-z-globalnym-przetargiem-mediowym.jpg\",\"datePublished\":\"2019-06-24T17:37:10+00:00\",\"dateModified\":\"2019-06-24T17:37:11+00:00\",\"author\":{\"@id\":\"https:\\\/\\\/favorite-news.com\\\/pl\\\/#\\\/schema\\\/person\\\/b91573b717dcfa5e4696032a9d28d3e8\"},\"breadcrumb\":{\"@id\":\"https:\\\/\\\/favorite-news.com\\\/pl\\\/ebay-ruszyl-z-globalnym-przetargiem-mediowym\\\/#breadcrumb\"},\"inLanguage\":\"pl-PL\",\"potentialAction\":[{\"@type\":\"ReadAction\",\"target\":[\"https:\\\/\\\/favorite-news.com\\\/pl\\\/ebay-ruszyl-z-globalnym-przetargiem-mediowym\\\/\"]}]},{\"@type\":\"ImageObject\",\"inLanguage\":\"pl-PL\",\"@id\":\"https:\\\/\\\/favorite-news.com\\\/pl\\\/ebay-ruszyl-z-globalnym-przetargiem-mediowym\\\/#primaryimage\",\"url\":\"https:\\\/\\\/favorite-news.com\\\/pl\\\/wp-content\\\/uploads\\\/sites\\\/6\\\/2019\\\/06\\\/ebay-ruszy\u0142-z-globalnym-przetargiem-mediowym.jpg\",\"contentUrl\":\"https:\\\/\\\/favorite-news.com\\\/pl\\\/wp-content\\\/uploads\\\/sites\\\/6\\\/2019\\\/06\\\/ebay-ruszy\u0142-z-globalnym-przetargiem-mediowym.jpg\",\"width\":655,\"height\":438,\"caption\":\"Article\"},{\"@type\":\"BreadcrumbList\",\"@id\":\"https:\\\/\\\/favorite-news.com\\\/pl\\\/ebay-ruszyl-z-globalnym-przetargiem-mediowym\\\/#breadcrumb\",\"itemListElement\":[{\"@type\":\"ListItem\",\"position\":1,\"name\":\"Home\",\"item\":\"https:\\\/\\\/favorite-news.com\\\/pl\\\/\"},{\"@type\":\"ListItem\",\"position\":2,\"name\":\"ebay ruszy\u0142 z globalnym przetargiem mediowym\"}]},{\"@type\":\"WebSite\",\"@id\":\"https:\\\/\\\/favorite-news.com\\\/pl\\\/#website\",\"url\":\"https:\\\/\\\/favorite-news.com\\\/pl\\\/\",\"name\":\"Favorite News\",\"description\":\"Favorite News Polska\",\"potentialAction\":[{\"@type\":\"SearchAction\",\"target\":{\"@type\":\"EntryPoint\",\"urlTemplate\":\"https:\\\/\\\/favorite-news.com\\\/pl\\\/?s={search_term_string}\"},\"query-input\":{\"@type\":\"PropertyValueSpecification\",\"valueRequired\":true,\"valueName\":\"search_term_string\"}}],\"inLanguage\":\"pl-PL\"},{\"@type\":\"Person\",\"@id\":\"https:\\\/\\\/favorite-news.com\\\/pl\\\/#\\\/schema\\\/person\\\/b91573b717dcfa5e4696032a9d28d3e8\",\"name\":\"favorite-news\",\"image\":{\"@type\":\"ImageObject\",\"inLanguage\":\"pl-PL\",\"@id\":\"https:\\\/\\\/secure.gravatar.com\\\/avatar\\\/6c5a5cb12b74e9d517ee91cf570335b7d16177f1977cc91db161adfa435945a7?s=96&d=mm&r=g\",\"url\":\"https:\\\/\\\/secure.gravatar.com\\\/avatar\\\/6c5a5cb12b74e9d517ee91cf570335b7d16177f1977cc91db161adfa435945a7?s=96&d=mm&r=g\",\"contentUrl\":\"https:\\\/\\\/secure.gravatar.com\\\/avatar\\\/6c5a5cb12b74e9d517ee91cf570335b7d16177f1977cc91db161adfa435945a7?s=96&d=mm&r=g\",\"caption\":\"favorite-news\"},\"url\":\"https:\\\/\\\/favorite-news.com\\\/pl\\\/author\\\/pt\\\/\"}]}<\/script>\n<!-- \/ Yoast SEO plugin. -->","yoast_head_json":{"title":"ebay ruszy\u0142 z globalnym przetargiem mediowym - Favorite News","robots":{"index":"index","follow":"follow","max-snippet":"max-snippet:-1","max-image-preview":"max-image-preview:large","max-video-preview":"max-video-preview:-1"},"canonical":"https:\/\/favorite-news.com\/pl\/ebay-ruszyl-z-globalnym-przetargiem-mediowym\/","og_locale":"pl_PL","og_type":"article","og_title":"ebay ruszy\u0142 z globalnym przetargiem mediowym - Favorite News","og_description":"[ad_1] Rzecznik prasowy eBaya przekaza\u0142 serwisowi Adweek, \u017ce konsolidacja partner\u00f3w agencyjnych ma pozwoli\u0107 firmie na usprawnienie jej podej\u015bcia marketingowego na ca\u0142ym \u015bwiecie. &#13; &#13; Obecnie eBay mediowo obs\u0142ugiwany jest przez domy mediowe MediaCom (WPP) i Blue449 (Publicis Media) odpowiednio od 2014 i 2016 roku. Pocz\u0105tkowo MediaCom by\u0142 globaln\u0105 agencj\u0105 mediow\u0105 firmy, ale w 2016 straci\u0142 [&hellip;]","og_url":"https:\/\/favorite-news.com\/pl\/ebay-ruszyl-z-globalnym-przetargiem-mediowym\/","og_site_name":"Favorite News","article_published_time":"2019-06-24T17:37:10+00:00","article_modified_time":"2019-06-24T17:37:11+00:00","og_image":[{"width":655,"height":438,"url":"https:\/\/favorite-news.com\/pl\/wp-content\/uploads\/sites\/6\/2019\/06\/ebay-ruszy\u0142-z-globalnym-przetargiem-mediowym.jpg","type":"image\/jpeg"}],"author":"favorite-news","twitter_card":"summary_large_image","twitter_misc":{"Napisane przez":"favorite-news","Szacowany czas czytania":"2 minuty"},"schema":{"@context":"https:\/\/schema.org","@graph":[{"@type":"Article","@id":"https:\/\/favorite-news.com\/pl\/ebay-ruszyl-z-globalnym-przetargiem-mediowym\/#article","isPartOf":{"@id":"https:\/\/favorite-news.com\/pl\/ebay-ruszyl-z-globalnym-przetargiem-mediowym\/"},"author":{"name":"favorite-news","@id":"https:\/\/favorite-news.com\/pl\/#\/schema\/person\/b91573b717dcfa5e4696032a9d28d3e8"},"headline":"ebay ruszy\u0142 z globalnym przetargiem mediowym","datePublished":"2019-06-24T17:37:10+00:00","dateModified":"2019-06-24T17:37:11+00:00","mainEntityOfPage":{"@id":"https:\/\/favorite-news.com\/pl\/ebay-ruszyl-z-globalnym-przetargiem-mediowym\/"},"wordCount":313,"commentCount":0,"image":{"@id":"https:\/\/favorite-news.com\/pl\/ebay-ruszyl-z-globalnym-przetargiem-mediowym\/#primaryimage"},"thumbnailUrl":"https:\/\/favorite-news.com\/pl\/wp-content\/uploads\/sites\/6\/2019\/06\/ebay-ruszy\u0142-z-globalnym-przetargiem-mediowym.jpg","articleSection":["WIADOMO\u015aCI MARKETINGOWE INTERNETOWE"],"inLanguage":"pl-PL","potentialAction":[{"@type":"CommentAction","name":"Comment","target":["https:\/\/favorite-news.com\/pl\/ebay-ruszyl-z-globalnym-przetargiem-mediowym\/#respond"]}]},{"@type":"WebPage","@id":"https:\/\/favorite-news.com\/pl\/ebay-ruszyl-z-globalnym-przetargiem-mediowym\/","url":"https:\/\/favorite-news.com\/pl\/ebay-ruszyl-z-globalnym-przetargiem-mediowym\/","name":"ebay ruszy\u0142 z globalnym przetargiem mediowym - Favorite News","isPartOf":{"@id":"https:\/\/favorite-news.com\/pl\/#website"},"primaryImageOfPage":{"@id":"https:\/\/favorite-news.com\/pl\/ebay-ruszyl-z-globalnym-przetargiem-mediowym\/#primaryimage"},"image":{"@id":"https:\/\/favorite-news.com\/pl\/ebay-ruszyl-z-globalnym-przetargiem-mediowym\/#primaryimage"},"thumbnailUrl":"https:\/\/favorite-news.com\/pl\/wp-content\/uploads\/sites\/6\/2019\/06\/ebay-ruszy\u0142-z-globalnym-przetargiem-mediowym.jpg","datePublished":"2019-06-24T17:37:10+00:00","dateModified":"2019-06-24T17:37:11+00:00","author":{"@id":"https:\/\/favorite-news.com\/pl\/#\/schema\/person\/b91573b717dcfa5e4696032a9d28d3e8"},"breadcrumb":{"@id":"https:\/\/favorite-news.com\/pl\/ebay-ruszyl-z-globalnym-przetargiem-mediowym\/#breadcrumb"},"inLanguage":"pl-PL","potentialAction":[{"@type":"ReadAction","target":["https:\/\/favorite-news.com\/pl\/ebay-ruszyl-z-globalnym-przetargiem-mediowym\/"]}]},{"@type":"ImageObject","inLanguage":"pl-PL","@id":"https:\/\/favorite-news.com\/pl\/ebay-ruszyl-z-globalnym-przetargiem-mediowym\/#primaryimage","url":"https:\/\/favorite-news.com\/pl\/wp-content\/uploads\/sites\/6\/2019\/06\/ebay-ruszy\u0142-z-globalnym-przetargiem-mediowym.jpg","contentUrl":"https:\/\/favorite-news.com\/pl\/wp-content\/uploads\/sites\/6\/2019\/06\/ebay-ruszy\u0142-z-globalnym-przetargiem-mediowym.jpg","width":655,"height":438,"caption":"Article"},{"@type":"BreadcrumbList","@id":"https:\/\/favorite-news.com\/pl\/ebay-ruszyl-z-globalnym-przetargiem-mediowym\/#breadcrumb","itemListElement":[{"@type":"ListItem","position":1,"name":"Home","item":"https:\/\/favorite-news.com\/pl\/"},{"@type":"ListItem","position":2,"name":"ebay ruszy\u0142 z globalnym przetargiem mediowym"}]},{"@type":"WebSite","@id":"https:\/\/favorite-news.com\/pl\/#website","url":"https:\/\/favorite-news.com\/pl\/","name":"Favorite News","description":"Favorite News Polska","potentialAction":[{"@type":"SearchAction","target":{"@type":"EntryPoint","urlTemplate":"https:\/\/favorite-news.com\/pl\/?s={search_term_string}"},"query-input":{"@type":"PropertyValueSpecification","valueRequired":true,"valueName":"search_term_string"}}],"inLanguage":"pl-PL"},{"@type":"Person","@id":"https:\/\/favorite-news.com\/pl\/#\/schema\/person\/b91573b717dcfa5e4696032a9d28d3e8","name":"favorite-news","image":{"@type":"ImageObject","inLanguage":"pl-PL","@id":"https:\/\/secure.gravatar.com\/avatar\/6c5a5cb12b74e9d517ee91cf570335b7d16177f1977cc91db161adfa435945a7?s=96&d=mm&r=g","url":"https:\/\/secure.gravatar.com\/avatar\/6c5a5cb12b74e9d517ee91cf570335b7d16177f1977cc91db161adfa435945a7?s=96&d=mm&r=g","contentUrl":"https:\/\/secure.gravatar.com\/avatar\/6c5a5cb12b74e9d517ee91cf570335b7d16177f1977cc91db161adfa435945a7?s=96&d=mm&r=g","caption":"favorite-news"},"url":"https:\/\/favorite-news.com\/pl\/author\/pt\/"}]}},"_links":{"self":[{"href":"https:\/\/favorite-news.com\/pl\/wp-json\/wp\/v2\/posts\/1841","targetHints":{"allow":["GET"]}}],"collection":[{"href":"https:\/\/favorite-news.com\/pl\/wp-json\/wp\/v2\/posts"}],"about":[{"href":"https:\/\/favorite-news.com\/pl\/wp-json\/wp\/v2\/types\/post"}],"author":[{"embeddable":true,"href":"https:\/\/favorite-news.com\/pl\/wp-json\/wp\/v2\/users\/2"}],"replies":[{"embeddable":true,"href":"https:\/\/favorite-news.com\/pl\/wp-json\/wp\/v2\/comments?post=1841"}],"version-history":[{"count":1,"href":"https:\/\/favorite-news.com\/pl\/wp-json\/wp\/v2\/posts\/1841\/revisions"}],"predecessor-version":[{"id":1843,"href":"https:\/\/favorite-news.com\/pl\/wp-json\/wp\/v2\/posts\/1841\/revisions\/1843"}],"wp:featuredmedia":[{"embeddable":true,"href":"https:\/\/favorite-news.com\/pl\/wp-json\/wp\/v2\/media\/1842"}],"wp:attachment":[{"href":"https:\/\/favorite-news.com\/pl\/wp-json\/wp\/v2\/media?parent=1841"}],"wp:term":[{"taxonomy":"category","embeddable":true,"href":"https:\/\/favorite-news.com\/pl\/wp-json\/wp\/v2\/categories?post=1841"},{"taxonomy":"post_tag","embeddable":true,"href":"https:\/\/favorite-news.com\/pl\/wp-json\/wp\/v2\/tags?post=1841"}],"curies":[{"name":"wp","href":"https:\/\/api.w.org\/{rel}","templated":true}]}}