{"id":1832,"date":"2019-06-24T16:16:01","date_gmt":"2019-06-24T13:16:01","guid":{"rendered":"https:\/\/favorite-news.com\/pl\/wyschnieta-palma-w-warszawie-znow-zielona\/"},"modified":"2019-06-24T16:16:02","modified_gmt":"2019-06-24T13:16:02","slug":"wyschnieta-palma-w-warszawie-znow-zielona","status":"publish","type":"post","link":"https:\/\/favorite-news.com\/pl\/wyschnieta-palma-w-warszawie-znow-zielona\/","title":{"rendered":"Wyschni\u0119ta &#8222;Palma&#8221; w Warszawie zn\u00f3w zielona"},"content":{"rendered":"<p> [ad_1]<br \/>\n<\/p>\n<div id=\"\">\n<p>Sztuczna palma przy Rondzie de Gaulle&#8217;a w Warszawie usch\u0142a w nocy z 31 maja na 1 czerwca. Instalacja by\u0142a cz\u0119\u015bci\u0105 kampanii spo\u0142ecznej \u201eZielona Wst\u0105\u017cka #DlaPlanety&#8221;, przygotowanej z okazji \u015awiatowego Dnia \u015arodowiska, obchodzonego 5 czerwca.<\/p>\n<p>&#13;<br \/>\n&#13;<\/p>\n<p><span style=\"font-size:20px;\"><strong>Sucha &#8222;Palma&#8221; nawo\u0142uje do refleksji<\/strong><\/span><\/p>\n<p>&#13;<br \/>\n&#13;<\/p>\n<p>Akcja z palm\u0105 stanowi\u0142a element kampanii realizuj\u0105cej w tym roku temat walki z zanieczyszczeniem powietrza. Tw\u00f3rcy kampanii przestawili r\u00f3wnie\u017c list\u0119 ekopostulat\u00f3w &#8211; drobnych gest\u00f3w i nawyk\u00f3w, dzi\u0119ki kt\u00f3rym pojedyncze osoby mog\u0105 przyczyni\u0107 si\u0119 do poprawy jako\u015bci powietrza i zatrzymania kryzysu klimatycznego.<\/p>\n<p>&#13;<br \/>\n&#13;<\/p>\n<p>W wyniku kampanii spo\u0142ecznej z\u0142o\u017cono ju\u017c ponad 10 tysi\u0119cy ekopostanowie\u0144. Akcja trwa do ko\u0144ca roku.<\/p>\n<p>&#13;<br \/>\n&#13;<\/p>\n<p>&#8211; <strong>Gestem u\u015bmiercenia palmy uda\u0142o si\u0119 spojrze\u0107 szerzej, wychyli\u0107 g\u0142ow\u0119 poza ludzki horyzont po to, \u017ceby zobaczy\u0107 groz\u0119 skutk\u00f3w antropogenicznych zmian klimatycznych i nadchodz\u0105ce za\u0142amanie delikatnej r\u00f3wnowagi ekosystemu, kt\u00f3ry utrzymuje nas przy \u017cyciu <\/strong>&#8211; komentuje Joanna Rajkowska.<\/p>\n<p>&#13;<br \/>\n&#13;<\/p>\n<blockquote class=\"instagram-media\" data-instgrm-captioned=\"\" data-instgrm-permalink=\"https:\/\/www.instagram.com\/p\/BzAUhP5Iffg\/\" data-instgrm-version=\"12\" style=\" background:#FFF; border:0; border-radius:3px; box-shadow:0 0 1px 0 rgba(0,0,0,0.5),0 1px 10px 0 rgba(0,0,0,0.15); margin: 1px; max-width:540px; min-width:326px; padding:0; width:99.375%; width:-webkit-calc(100% - 2px); width:calc(100% - 2px);\"><p>&#13;<br \/>\n&#13;\n<\/p><\/blockquote>\n<p>&#13;<br \/>\n&#13;<br \/>\n&#13;<\/p>\n<p>\u00a0<\/p>\n<p>&#13;<br \/>\n&#13;<\/p>\n<p>Opiek\u0119 merytoryczn\u0105 nad projektem sprawuje i kampani\u0119 prowadzi Centrum UNEP\/GRID-Warszawa, za strategi\u0119 kreatywn\u0105 kampanii odpowiada Syrena Communications; pomys\u0142odawc\u0105 transformacji palmy jest Jaros\u0142aw Wiewi\u00f3rski (Syrena Communications). \u201ePalma&#8221; jest projektem Partnerstwa SDGs &#8222;Razem dla \u015brodowiska&#8221;.<\/p>\n<p>&#13;<br \/>\n&#13;<\/p>\n<p>Palma przy rondzie de Gaulle&#8217;a w centrum Warszawy to instalacja artystyczna \u201ePozdrowienia z Alej Jerozolimskich\u201c Joanny Rajkowskiej. Zosta\u0142a tam umieszczona w 2002 roku, nale\u017cy do depozytu Muzeum Sztuki Nowoczesnej.<\/p>\n<p>&#13;<br \/>\n                            &#13;<br \/>\n&#13;<br \/>\n                            &#13;<br \/>\n&#13;<br \/>\n&#13;<br \/>\n&#13;<br \/>\n&#13;<br \/>\n&#13;<br \/>\n                            &#13;<br \/>\n                                                            &#13;<br \/>\n&#13;<br \/>\n                            &#13;\n                        <\/p><\/div>\n<p><script>(function (d, s, id) {\n        var js, fjs = d.getElementsByTagName(s)[0];\n        if (d.getElementById(id)) return;\n        js = d.createElement(s);\n        js.id = id;\n        js.src = \"http:\/\/connect.facebook.net\/pl_PL\/sdk.js#xfbml=1&version=v2.6&appId=297996717062470\";\n        fjs.parentNode.insertBefore(js, fjs);\n    }(document, 'script', 'facebook-jssdk'));<\/script><script async defer src=\"https:\/\/platform.instagram.com\/en_US\/embeds.js\"><\/script><br \/>\n<br \/>[ad_2]<br \/>\n<br \/><a href=\"https:\/\/www.wirtualnemedia.pl\/artykul\/wyschnieta-palma-w-warszawie-znow-zielona\">Source link <\/a><\/p>\n","protected":false},"excerpt":{"rendered":"<p>[ad_1] Sztuczna palma przy Rondzie de Gaulle&#8217;a w Warszawie usch\u0142a w nocy z 31 maja na 1 czerwca. Instalacja by\u0142a cz\u0119\u015bci\u0105 kampanii spo\u0142ecznej \u201eZielona Wst\u0105\u017cka #DlaPlanety&#8221;, przygotowanej z okazji \u015awiatowego Dnia \u015arodowiska, obchodzonego 5 czerwca. &#13; &#13; Sucha &#8222;Palma&#8221; nawo\u0142uje do refleksji &#13; &#13; Akcja z palm\u0105 stanowi\u0142a element kampanii realizuj\u0105cej w tym roku temat [&hellip;]<\/p>\n","protected":false},"author":2,"featured_media":1833,"comment_status":"open","ping_status":"open","sticky":false,"template":"","format":"standard","meta":{"footnotes":""},"categories":[2],"tags":[],"class_list":["post-1832","post","type-post","status-publish","format-standard","has-post-thumbnail","hentry","category-wiadomosci-marketingowe-internetowe"],"yoast_head":"<!-- This site is optimized with the Yoast SEO plugin v27.4 - https:\/\/yoast.com\/product\/yoast-seo-wordpress\/ -->\n<title>Wyschni\u0119ta &quot;Palma&quot; w Warszawie zn\u00f3w zielona - Favorite News<\/title>\n<meta name=\"robots\" content=\"index, follow, max-snippet:-1, max-image-preview:large, max-video-preview:-1\" \/>\n<link rel=\"canonical\" href=\"https:\/\/favorite-news.com\/pl\/wyschnieta-palma-w-warszawie-znow-zielona\/\" \/>\n<meta property=\"og:locale\" content=\"pl_PL\" \/>\n<meta property=\"og:type\" content=\"article\" \/>\n<meta property=\"og:title\" content=\"Wyschni\u0119ta &quot;Palma&quot; w Warszawie zn\u00f3w zielona - Favorite News\" \/>\n<meta property=\"og:description\" content=\"[ad_1] Sztuczna palma przy Rondzie de Gaulle&#8217;a w Warszawie usch\u0142a w nocy z 31 maja na 1 czerwca. Instalacja by\u0142a cz\u0119\u015bci\u0105 kampanii spo\u0142ecznej \u201eZielona Wst\u0105\u017cka #DlaPlanety&#8221;, przygotowanej z okazji \u015awiatowego Dnia \u015arodowiska, obchodzonego 5 czerwca. &#013; &#013; Sucha &#8222;Palma&#8221; nawo\u0142uje do refleksji &#013; &#013; Akcja z palm\u0105 stanowi\u0142a element kampanii realizuj\u0105cej w tym roku temat [&hellip;]\" \/>\n<meta property=\"og:url\" content=\"https:\/\/favorite-news.com\/pl\/wyschnieta-palma-w-warszawie-znow-zielona\/\" \/>\n<meta property=\"og:site_name\" content=\"Favorite News\" \/>\n<meta property=\"article:published_time\" content=\"2019-06-24T13:16:01+00:00\" \/>\n<meta property=\"article:modified_time\" content=\"2019-06-24T13:16:02+00:00\" \/>\n<meta property=\"og:image\" content=\"https:\/\/favorite-news.com\/pl\/wp-content\/uploads\/sites\/6\/2019\/06\/Wyschni\u0119ta-Palma-w-Warszawie-zn\u00f3w-zielona.png\" \/>\n\t<meta property=\"og:image:width\" content=\"655\" \/>\n\t<meta property=\"og:image:height\" content=\"589\" \/>\n\t<meta property=\"og:image:type\" content=\"image\/png\" \/>\n<meta name=\"author\" content=\"favorite-news\" \/>\n<meta name=\"twitter:card\" content=\"summary_large_image\" \/>\n<meta name=\"twitter:label1\" content=\"Napisane przez\" \/>\n\t<meta name=\"twitter:data1\" content=\"favorite-news\" \/>\n\t<meta name=\"twitter:label2\" content=\"Szacowany czas czytania\" \/>\n\t<meta name=\"twitter:data2\" content=\"1 minuta\" \/>\n<script type=\"application\/ld+json\" class=\"yoast-schema-graph\">{\"@context\":\"https:\\\/\\\/schema.org\",\"@graph\":[{\"@type\":\"Article\",\"@id\":\"https:\\\/\\\/favorite-news.com\\\/pl\\\/wyschnieta-palma-w-warszawie-znow-zielona\\\/#article\",\"isPartOf\":{\"@id\":\"https:\\\/\\\/favorite-news.com\\\/pl\\\/wyschnieta-palma-w-warszawie-znow-zielona\\\/\"},\"author\":{\"name\":\"favorite-news\",\"@id\":\"https:\\\/\\\/favorite-news.com\\\/pl\\\/#\\\/schema\\\/person\\\/b91573b717dcfa5e4696032a9d28d3e8\"},\"headline\":\"Wyschni\u0119ta &#8222;Palma&#8221; w Warszawie zn\u00f3w zielona\",\"datePublished\":\"2019-06-24T13:16:01+00:00\",\"dateModified\":\"2019-06-24T13:16:02+00:00\",\"mainEntityOfPage\":{\"@id\":\"https:\\\/\\\/favorite-news.com\\\/pl\\\/wyschnieta-palma-w-warszawie-znow-zielona\\\/\"},\"wordCount\":238,\"commentCount\":0,\"image\":{\"@id\":\"https:\\\/\\\/favorite-news.com\\\/pl\\\/wyschnieta-palma-w-warszawie-znow-zielona\\\/#primaryimage\"},\"thumbnailUrl\":\"https:\\\/\\\/favorite-news.com\\\/pl\\\/wp-content\\\/uploads\\\/sites\\\/6\\\/2019\\\/06\\\/Wyschni\u0119ta-Palma-w-Warszawie-zn\u00f3w-zielona.png\",\"articleSection\":[\"WIADOMO\u015aCI MARKETINGOWE INTERNETOWE\"],\"inLanguage\":\"pl-PL\",\"potentialAction\":[{\"@type\":\"CommentAction\",\"name\":\"Comment\",\"target\":[\"https:\\\/\\\/favorite-news.com\\\/pl\\\/wyschnieta-palma-w-warszawie-znow-zielona\\\/#respond\"]}]},{\"@type\":\"WebPage\",\"@id\":\"https:\\\/\\\/favorite-news.com\\\/pl\\\/wyschnieta-palma-w-warszawie-znow-zielona\\\/\",\"url\":\"https:\\\/\\\/favorite-news.com\\\/pl\\\/wyschnieta-palma-w-warszawie-znow-zielona\\\/\",\"name\":\"Wyschni\u0119ta \\\"Palma\\\" w Warszawie zn\u00f3w zielona - Favorite News\",\"isPartOf\":{\"@id\":\"https:\\\/\\\/favorite-news.com\\\/pl\\\/#website\"},\"primaryImageOfPage\":{\"@id\":\"https:\\\/\\\/favorite-news.com\\\/pl\\\/wyschnieta-palma-w-warszawie-znow-zielona\\\/#primaryimage\"},\"image\":{\"@id\":\"https:\\\/\\\/favorite-news.com\\\/pl\\\/wyschnieta-palma-w-warszawie-znow-zielona\\\/#primaryimage\"},\"thumbnailUrl\":\"https:\\\/\\\/favorite-news.com\\\/pl\\\/wp-content\\\/uploads\\\/sites\\\/6\\\/2019\\\/06\\\/Wyschni\u0119ta-Palma-w-Warszawie-zn\u00f3w-zielona.png\",\"datePublished\":\"2019-06-24T13:16:01+00:00\",\"dateModified\":\"2019-06-24T13:16:02+00:00\",\"author\":{\"@id\":\"https:\\\/\\\/favorite-news.com\\\/pl\\\/#\\\/schema\\\/person\\\/b91573b717dcfa5e4696032a9d28d3e8\"},\"breadcrumb\":{\"@id\":\"https:\\\/\\\/favorite-news.com\\\/pl\\\/wyschnieta-palma-w-warszawie-znow-zielona\\\/#breadcrumb\"},\"inLanguage\":\"pl-PL\",\"potentialAction\":[{\"@type\":\"ReadAction\",\"target\":[\"https:\\\/\\\/favorite-news.com\\\/pl\\\/wyschnieta-palma-w-warszawie-znow-zielona\\\/\"]}]},{\"@type\":\"ImageObject\",\"inLanguage\":\"pl-PL\",\"@id\":\"https:\\\/\\\/favorite-news.com\\\/pl\\\/wyschnieta-palma-w-warszawie-znow-zielona\\\/#primaryimage\",\"url\":\"https:\\\/\\\/favorite-news.com\\\/pl\\\/wp-content\\\/uploads\\\/sites\\\/6\\\/2019\\\/06\\\/Wyschni\u0119ta-Palma-w-Warszawie-zn\u00f3w-zielona.png\",\"contentUrl\":\"https:\\\/\\\/favorite-news.com\\\/pl\\\/wp-content\\\/uploads\\\/sites\\\/6\\\/2019\\\/06\\\/Wyschni\u0119ta-Palma-w-Warszawie-zn\u00f3w-zielona.png\",\"width\":655,\"height\":589,\"caption\":\"Article\"},{\"@type\":\"BreadcrumbList\",\"@id\":\"https:\\\/\\\/favorite-news.com\\\/pl\\\/wyschnieta-palma-w-warszawie-znow-zielona\\\/#breadcrumb\",\"itemListElement\":[{\"@type\":\"ListItem\",\"position\":1,\"name\":\"Home\",\"item\":\"https:\\\/\\\/favorite-news.com\\\/pl\\\/\"},{\"@type\":\"ListItem\",\"position\":2,\"name\":\"Wyschni\u0119ta &#8222;Palma&#8221; w Warszawie zn\u00f3w zielona\"}]},{\"@type\":\"WebSite\",\"@id\":\"https:\\\/\\\/favorite-news.com\\\/pl\\\/#website\",\"url\":\"https:\\\/\\\/favorite-news.com\\\/pl\\\/\",\"name\":\"Favorite News\",\"description\":\"Favorite News Polska\",\"potentialAction\":[{\"@type\":\"SearchAction\",\"target\":{\"@type\":\"EntryPoint\",\"urlTemplate\":\"https:\\\/\\\/favorite-news.com\\\/pl\\\/?s={search_term_string}\"},\"query-input\":{\"@type\":\"PropertyValueSpecification\",\"valueRequired\":true,\"valueName\":\"search_term_string\"}}],\"inLanguage\":\"pl-PL\"},{\"@type\":\"Person\",\"@id\":\"https:\\\/\\\/favorite-news.com\\\/pl\\\/#\\\/schema\\\/person\\\/b91573b717dcfa5e4696032a9d28d3e8\",\"name\":\"favorite-news\",\"image\":{\"@type\":\"ImageObject\",\"inLanguage\":\"pl-PL\",\"@id\":\"https:\\\/\\\/secure.gravatar.com\\\/avatar\\\/6c5a5cb12b74e9d517ee91cf570335b7d16177f1977cc91db161adfa435945a7?s=96&d=mm&r=g\",\"url\":\"https:\\\/\\\/secure.gravatar.com\\\/avatar\\\/6c5a5cb12b74e9d517ee91cf570335b7d16177f1977cc91db161adfa435945a7?s=96&d=mm&r=g\",\"contentUrl\":\"https:\\\/\\\/secure.gravatar.com\\\/avatar\\\/6c5a5cb12b74e9d517ee91cf570335b7d16177f1977cc91db161adfa435945a7?s=96&d=mm&r=g\",\"caption\":\"favorite-news\"},\"url\":\"https:\\\/\\\/favorite-news.com\\\/pl\\\/author\\\/pt\\\/\"}]}<\/script>\n<!-- \/ Yoast SEO plugin. -->","yoast_head_json":{"title":"Wyschni\u0119ta \"Palma\" w Warszawie zn\u00f3w zielona - Favorite News","robots":{"index":"index","follow":"follow","max-snippet":"max-snippet:-1","max-image-preview":"max-image-preview:large","max-video-preview":"max-video-preview:-1"},"canonical":"https:\/\/favorite-news.com\/pl\/wyschnieta-palma-w-warszawie-znow-zielona\/","og_locale":"pl_PL","og_type":"article","og_title":"Wyschni\u0119ta \"Palma\" w Warszawie zn\u00f3w zielona - Favorite News","og_description":"[ad_1] Sztuczna palma przy Rondzie de Gaulle&#8217;a w Warszawie usch\u0142a w nocy z 31 maja na 1 czerwca. Instalacja by\u0142a cz\u0119\u015bci\u0105 kampanii spo\u0142ecznej \u201eZielona Wst\u0105\u017cka #DlaPlanety&#8221;, przygotowanej z okazji \u015awiatowego Dnia \u015arodowiska, obchodzonego 5 czerwca. &#13; &#13; Sucha &#8222;Palma&#8221; nawo\u0142uje do refleksji &#13; &#13; Akcja z palm\u0105 stanowi\u0142a element kampanii realizuj\u0105cej w tym roku temat [&hellip;]","og_url":"https:\/\/favorite-news.com\/pl\/wyschnieta-palma-w-warszawie-znow-zielona\/","og_site_name":"Favorite News","article_published_time":"2019-06-24T13:16:01+00:00","article_modified_time":"2019-06-24T13:16:02+00:00","og_image":[{"width":655,"height":589,"url":"https:\/\/favorite-news.com\/pl\/wp-content\/uploads\/sites\/6\/2019\/06\/Wyschni\u0119ta-Palma-w-Warszawie-zn\u00f3w-zielona.png","type":"image\/png"}],"author":"favorite-news","twitter_card":"summary_large_image","twitter_misc":{"Napisane przez":"favorite-news","Szacowany czas czytania":"1 minuta"},"schema":{"@context":"https:\/\/schema.org","@graph":[{"@type":"Article","@id":"https:\/\/favorite-news.com\/pl\/wyschnieta-palma-w-warszawie-znow-zielona\/#article","isPartOf":{"@id":"https:\/\/favorite-news.com\/pl\/wyschnieta-palma-w-warszawie-znow-zielona\/"},"author":{"name":"favorite-news","@id":"https:\/\/favorite-news.com\/pl\/#\/schema\/person\/b91573b717dcfa5e4696032a9d28d3e8"},"headline":"Wyschni\u0119ta &#8222;Palma&#8221; w Warszawie zn\u00f3w zielona","datePublished":"2019-06-24T13:16:01+00:00","dateModified":"2019-06-24T13:16:02+00:00","mainEntityOfPage":{"@id":"https:\/\/favorite-news.com\/pl\/wyschnieta-palma-w-warszawie-znow-zielona\/"},"wordCount":238,"commentCount":0,"image":{"@id":"https:\/\/favorite-news.com\/pl\/wyschnieta-palma-w-warszawie-znow-zielona\/#primaryimage"},"thumbnailUrl":"https:\/\/favorite-news.com\/pl\/wp-content\/uploads\/sites\/6\/2019\/06\/Wyschni\u0119ta-Palma-w-Warszawie-zn\u00f3w-zielona.png","articleSection":["WIADOMO\u015aCI MARKETINGOWE INTERNETOWE"],"inLanguage":"pl-PL","potentialAction":[{"@type":"CommentAction","name":"Comment","target":["https:\/\/favorite-news.com\/pl\/wyschnieta-palma-w-warszawie-znow-zielona\/#respond"]}]},{"@type":"WebPage","@id":"https:\/\/favorite-news.com\/pl\/wyschnieta-palma-w-warszawie-znow-zielona\/","url":"https:\/\/favorite-news.com\/pl\/wyschnieta-palma-w-warszawie-znow-zielona\/","name":"Wyschni\u0119ta \"Palma\" w Warszawie zn\u00f3w zielona - Favorite News","isPartOf":{"@id":"https:\/\/favorite-news.com\/pl\/#website"},"primaryImageOfPage":{"@id":"https:\/\/favorite-news.com\/pl\/wyschnieta-palma-w-warszawie-znow-zielona\/#primaryimage"},"image":{"@id":"https:\/\/favorite-news.com\/pl\/wyschnieta-palma-w-warszawie-znow-zielona\/#primaryimage"},"thumbnailUrl":"https:\/\/favorite-news.com\/pl\/wp-content\/uploads\/sites\/6\/2019\/06\/Wyschni\u0119ta-Palma-w-Warszawie-zn\u00f3w-zielona.png","datePublished":"2019-06-24T13:16:01+00:00","dateModified":"2019-06-24T13:16:02+00:00","author":{"@id":"https:\/\/favorite-news.com\/pl\/#\/schema\/person\/b91573b717dcfa5e4696032a9d28d3e8"},"breadcrumb":{"@id":"https:\/\/favorite-news.com\/pl\/wyschnieta-palma-w-warszawie-znow-zielona\/#breadcrumb"},"inLanguage":"pl-PL","potentialAction":[{"@type":"ReadAction","target":["https:\/\/favorite-news.com\/pl\/wyschnieta-palma-w-warszawie-znow-zielona\/"]}]},{"@type":"ImageObject","inLanguage":"pl-PL","@id":"https:\/\/favorite-news.com\/pl\/wyschnieta-palma-w-warszawie-znow-zielona\/#primaryimage","url":"https:\/\/favorite-news.com\/pl\/wp-content\/uploads\/sites\/6\/2019\/06\/Wyschni\u0119ta-Palma-w-Warszawie-zn\u00f3w-zielona.png","contentUrl":"https:\/\/favorite-news.com\/pl\/wp-content\/uploads\/sites\/6\/2019\/06\/Wyschni\u0119ta-Palma-w-Warszawie-zn\u00f3w-zielona.png","width":655,"height":589,"caption":"Article"},{"@type":"BreadcrumbList","@id":"https:\/\/favorite-news.com\/pl\/wyschnieta-palma-w-warszawie-znow-zielona\/#breadcrumb","itemListElement":[{"@type":"ListItem","position":1,"name":"Home","item":"https:\/\/favorite-news.com\/pl\/"},{"@type":"ListItem","position":2,"name":"Wyschni\u0119ta &#8222;Palma&#8221; w Warszawie zn\u00f3w zielona"}]},{"@type":"WebSite","@id":"https:\/\/favorite-news.com\/pl\/#website","url":"https:\/\/favorite-news.com\/pl\/","name":"Favorite News","description":"Favorite News Polska","potentialAction":[{"@type":"SearchAction","target":{"@type":"EntryPoint","urlTemplate":"https:\/\/favorite-news.com\/pl\/?s={search_term_string}"},"query-input":{"@type":"PropertyValueSpecification","valueRequired":true,"valueName":"search_term_string"}}],"inLanguage":"pl-PL"},{"@type":"Person","@id":"https:\/\/favorite-news.com\/pl\/#\/schema\/person\/b91573b717dcfa5e4696032a9d28d3e8","name":"favorite-news","image":{"@type":"ImageObject","inLanguage":"pl-PL","@id":"https:\/\/secure.gravatar.com\/avatar\/6c5a5cb12b74e9d517ee91cf570335b7d16177f1977cc91db161adfa435945a7?s=96&d=mm&r=g","url":"https:\/\/secure.gravatar.com\/avatar\/6c5a5cb12b74e9d517ee91cf570335b7d16177f1977cc91db161adfa435945a7?s=96&d=mm&r=g","contentUrl":"https:\/\/secure.gravatar.com\/avatar\/6c5a5cb12b74e9d517ee91cf570335b7d16177f1977cc91db161adfa435945a7?s=96&d=mm&r=g","caption":"favorite-news"},"url":"https:\/\/favorite-news.com\/pl\/author\/pt\/"}]}},"_links":{"self":[{"href":"https:\/\/favorite-news.com\/pl\/wp-json\/wp\/v2\/posts\/1832","targetHints":{"allow":["GET"]}}],"collection":[{"href":"https:\/\/favorite-news.com\/pl\/wp-json\/wp\/v2\/posts"}],"about":[{"href":"https:\/\/favorite-news.com\/pl\/wp-json\/wp\/v2\/types\/post"}],"author":[{"embeddable":true,"href":"https:\/\/favorite-news.com\/pl\/wp-json\/wp\/v2\/users\/2"}],"replies":[{"embeddable":true,"href":"https:\/\/favorite-news.com\/pl\/wp-json\/wp\/v2\/comments?post=1832"}],"version-history":[{"count":1,"href":"https:\/\/favorite-news.com\/pl\/wp-json\/wp\/v2\/posts\/1832\/revisions"}],"predecessor-version":[{"id":1834,"href":"https:\/\/favorite-news.com\/pl\/wp-json\/wp\/v2\/posts\/1832\/revisions\/1834"}],"wp:featuredmedia":[{"embeddable":true,"href":"https:\/\/favorite-news.com\/pl\/wp-json\/wp\/v2\/media\/1833"}],"wp:attachment":[{"href":"https:\/\/favorite-news.com\/pl\/wp-json\/wp\/v2\/media?parent=1832"}],"wp:term":[{"taxonomy":"category","embeddable":true,"href":"https:\/\/favorite-news.com\/pl\/wp-json\/wp\/v2\/categories?post=1832"},{"taxonomy":"post_tag","embeddable":true,"href":"https:\/\/favorite-news.com\/pl\/wp-json\/wp\/v2\/tags?post=1832"}],"curies":[{"name":"wp","href":"https:\/\/api.w.org\/{rel}","templated":true}]}}