{"id":1829,"date":"2019-06-24T14:44:15","date_gmt":"2019-06-24T11:44:15","guid":{"rendered":"https:\/\/favorite-news.com\/pl\/ims-sprzedal-swoim-menedzerom-akcje-za-15-mln-zl-w-ramach-programu-motywacyjnego\/"},"modified":"2019-06-24T14:44:16","modified_gmt":"2019-06-24T11:44:16","slug":"ims-sprzedal-swoim-menedzerom-akcje-za-15-mln-zl-w-ramach-programu-motywacyjnego","status":"publish","type":"post","link":"https:\/\/favorite-news.com\/pl\/ims-sprzedal-swoim-menedzerom-akcje-za-15-mln-zl-w-ramach-programu-motywacyjnego\/","title":{"rendered":"IMS sprzeda\u0142 swoim mened\u017cerom akcje za 1,5 mln z\u0142 w ramach programu motywacyjnego"},"content":{"rendered":"<p> [ad_1]<br \/>\n<\/p>\n<div id=\"\">\n<p>W ramach planu w maju br. pi\u0119ciu cz\u0142onk\u00f3w zarz\u0105du IMS otrzyma\u0142o 250 tys. warrant\u00f3w subskrypcyjnych, a 35 pracownik\u00f3w i wsp\u00f3\u0142pracownik\u00f3w firmy &#8211; 150,5 tys.<\/p>\n<p>&#13;<br \/>\n&#13;<\/p>\n<p><strong>Cz\u0142onkowie zarz\u0105du IMS S.A. \u0142\u0105cznie otrzymali 350.000 szt. warrant\u00f3w subskrypcyjnych, a pracownicy i wsp\u00f3\u0142pracownicy Grupy IMS 150.500 szt. warrant\u00f3w subskrypcyjnych.<\/strong> 5 i 18 czerwca sp\u00f3\u0142ka przydzieli\u0142a im akcje, kt\u00f3rych dotyczy\u0142y te warranty.<\/p>\n<p>&#13;<br \/>\n&#13;<\/p>\n<p>Mened\u017cerowie kupili akcje po 3,03 z\u0142 za sztuk\u0119, tym samym <strong>IMS ze sprzeda\u017cy pozyska\u0142 1,516 mln z\u0142,<\/strong> nie poni\u00f3s\u0142 natomiast w zwi\u0105zku z tym \u017cadnych koszt\u00f3w. Walory s\u0105 obj\u0119te bezwzgl\u0119dnym zobowi\u0105zaniem do niezbywania <strong>(tzw. lock-up) przez 12 miesi\u0119cy.<\/strong><\/p>\n<p>&#13;<br \/>\n&#13;<\/p>\n<p>Cena sprzedanych akcji jest znacznie ni\u017csza od kursu gie\u0142dowego IMS, kt\u00f3ry od lutego br. wynosi ok. 3,50-4 z\u0142, a na pocz\u0105tku marca na kr\u00f3tko podskoczy\u0142 do 4,20 z\u0142. W pi\u0105tek na koniec sesji wynosi\u0142 3,76 z\u0142, co daje kapitalizacj\u0119 sp\u00f3\u0142ki w wysoko\u015bci 121,72 mln z\u0142.<\/p>\n<p>&#13;<br \/>\n&#13;<\/p>\n<p>Informuj\u0105c o realizacji programu motywacyjnego, IMS zaznaczy\u0142, \u017ce celem jest \u201estworzenie dodatkowego, silnego narz\u0119dzia motywuj\u0105cego do osi\u0105gania bardzo ambitnych cel\u00f3w, poprzez takie dzia\u0142ania jak przej\u0119cia wysokorentownych podmiot\u00f3w, generowanie wysokiej sprzeda\u017cy z bie\u017c\u0105cych produkt\u00f3w i us\u0142ug oraz pozyskiwanie nowych klient\u00f3w i nowych rynk\u00f3w, co w efekcie powinno w istotny spos\u00f3b prze\u0142o\u017cy\u0107 si\u0119 na kurs akcji IMS\u201d.<\/p>\n<p>&#13;<br \/>\n&#13;<\/p>\n<p><strong>Kapita\u0142 zak\u0142adowy IMS sk\u0142ada si\u0119 z 32,37 mln akcji. G\u0142\u00f3wnymi akcjonariuszami sp\u00f3\u0142ki s\u0105<\/strong> jej wiceprezes Dariusz Lichacz (19,12 proc.), prezes Micha\u0142 Kornacki (18,66 proc.), TFI Opera (11,14 proc.), cz\u0142onek rady nadzorczej Artur Czeszejko-Sochacki (10,80 proc.) i Pawe\u0142 Przetacznik (7,86 proc.).<\/p>\n<p>&#13;<br \/>\n&#13;<\/p>\n<p>W zarz\u0105dzie firmy s\u0105 jeszcze wiceprezesi Wojciech Grendzi\u0144ski, Piotr Bielawski (obaj od po\u0142owy 2011 roku) oraz Wojciech Piwocki (od stycznia br.).<\/p>\n<p>&#13;<br \/>\n&#13;<\/p>\n<p>W pierwszym kwartale br. grupa kapita\u0142owa IMS <strong>zanotowa\u0142a 13,61 mln z\u0142 wp\u0142yw\u00f3w sprzeda\u017cowych (wobec 11,43 mln z\u0142 rok wcze\u015bniej) i 1,69 mln z\u0142 zysku netto (w pierwszym kwartale ub.r. wyni\u00f3s\u0142 on 2,26 mln z\u0142).<\/strong><\/p>\n<p>&#13;<br \/>\n                            &#13;<br \/>\n&#13;<br \/>\n                            &#13;<br \/>\n&#13;<br \/>\n&#13;<br \/>\n&#13;<br \/>\n&#13;<br \/>\n&#13;<br \/>\n                            &#13;<br \/>\n                                                            &#13;<br \/>\n&#13;<br \/>\n                            &#13;\n                        <\/p><\/div>\n<p><script>(function (d, s, id) {\n        var js, fjs = d.getElementsByTagName(s)[0];\n        if (d.getElementById(id)) return;\n        js = d.createElement(s);\n        js.id = id;\n        js.src = \"http:\/\/connect.facebook.net\/pl_PL\/sdk.js#xfbml=1&version=v2.6&appId=297996717062470\";\n        fjs.parentNode.insertBefore(js, fjs);\n    }(document, 'script', 'facebook-jssdk'));<\/script><br \/>\n<br \/>[ad_2]<br \/>\n<br \/><a href=\"https:\/\/www.wirtualnemedia.pl\/artykul\/ims-sprzedal-swoim-menedzerom-akcje-za-1-5-mln-zl-w-ramach-programu-motywacyjnego\">Source link <\/a><\/p>\n","protected":false},"excerpt":{"rendered":"<p>[ad_1] W ramach planu w maju br. pi\u0119ciu cz\u0142onk\u00f3w zarz\u0105du IMS otrzyma\u0142o 250 tys. warrant\u00f3w subskrypcyjnych, a 35 pracownik\u00f3w i wsp\u00f3\u0142pracownik\u00f3w firmy &#8211; 150,5 tys. &#13; &#13; Cz\u0142onkowie zarz\u0105du IMS S.A. \u0142\u0105cznie otrzymali 350.000 szt. warrant\u00f3w subskrypcyjnych, a pracownicy i wsp\u00f3\u0142pracownicy Grupy IMS 150.500 szt. warrant\u00f3w subskrypcyjnych. 5 i 18 czerwca sp\u00f3\u0142ka przydzieli\u0142a im akcje, [&hellip;]<\/p>\n","protected":false},"author":2,"featured_media":1830,"comment_status":"open","ping_status":"open","sticky":false,"template":"","format":"standard","meta":{"footnotes":""},"categories":[2],"tags":[],"class_list":["post-1829","post","type-post","status-publish","format-standard","has-post-thumbnail","hentry","category-wiadomosci-marketingowe-internetowe"],"yoast_head":"<!-- This site is optimized with the Yoast SEO plugin v27.4 - https:\/\/yoast.com\/product\/yoast-seo-wordpress\/ -->\n<title>IMS sprzeda\u0142 swoim mened\u017cerom akcje za 1,5 mln z\u0142 w ramach programu motywacyjnego - Favorite News<\/title>\n<meta name=\"robots\" content=\"index, follow, max-snippet:-1, max-image-preview:large, max-video-preview:-1\" \/>\n<link rel=\"canonical\" href=\"https:\/\/favorite-news.com\/pl\/ims-sprzedal-swoim-menedzerom-akcje-za-15-mln-zl-w-ramach-programu-motywacyjnego\/\" \/>\n<meta property=\"og:locale\" content=\"pl_PL\" \/>\n<meta property=\"og:type\" content=\"article\" \/>\n<meta property=\"og:title\" content=\"IMS sprzeda\u0142 swoim mened\u017cerom akcje za 1,5 mln z\u0142 w ramach programu motywacyjnego - Favorite News\" \/>\n<meta property=\"og:description\" content=\"[ad_1] W ramach planu w maju br. pi\u0119ciu cz\u0142onk\u00f3w zarz\u0105du IMS otrzyma\u0142o 250 tys. warrant\u00f3w subskrypcyjnych, a 35 pracownik\u00f3w i wsp\u00f3\u0142pracownik\u00f3w firmy &#8211; 150,5 tys. &#013; &#013; Cz\u0142onkowie zarz\u0105du IMS S.A. \u0142\u0105cznie otrzymali 350.000 szt. warrant\u00f3w subskrypcyjnych, a pracownicy i wsp\u00f3\u0142pracownicy Grupy IMS 150.500 szt. warrant\u00f3w subskrypcyjnych. 5 i 18 czerwca sp\u00f3\u0142ka przydzieli\u0142a im akcje, [&hellip;]\" \/>\n<meta property=\"og:url\" content=\"https:\/\/favorite-news.com\/pl\/ims-sprzedal-swoim-menedzerom-akcje-za-15-mln-zl-w-ramach-programu-motywacyjnego\/\" \/>\n<meta property=\"og:site_name\" content=\"Favorite News\" \/>\n<meta property=\"article:published_time\" content=\"2019-06-24T11:44:15+00:00\" \/>\n<meta property=\"article:modified_time\" content=\"2019-06-24T11:44:16+00:00\" \/>\n<meta property=\"og:image\" content=\"https:\/\/favorite-news.com\/pl\/wp-content\/uploads\/sites\/6\/2019\/06\/IMS-sprzeda\u0142-swoim-mened\u017cerom-akcje-za-15-mln-z\u0142-w.png\" \/>\n\t<meta property=\"og:image:width\" content=\"655\" \/>\n\t<meta property=\"og:image:height\" content=\"317\" \/>\n\t<meta property=\"og:image:type\" content=\"image\/png\" \/>\n<meta name=\"author\" content=\"favorite-news\" \/>\n<meta name=\"twitter:card\" content=\"summary_large_image\" \/>\n<meta name=\"twitter:label1\" content=\"Napisane przez\" \/>\n\t<meta name=\"twitter:data1\" content=\"favorite-news\" \/>\n\t<meta name=\"twitter:label2\" content=\"Szacowany czas czytania\" \/>\n\t<meta name=\"twitter:data2\" content=\"2 minuty\" \/>\n<script type=\"application\/ld+json\" class=\"yoast-schema-graph\">{\"@context\":\"https:\\\/\\\/schema.org\",\"@graph\":[{\"@type\":\"Article\",\"@id\":\"https:\\\/\\\/favorite-news.com\\\/pl\\\/ims-sprzedal-swoim-menedzerom-akcje-za-15-mln-zl-w-ramach-programu-motywacyjnego\\\/#article\",\"isPartOf\":{\"@id\":\"https:\\\/\\\/favorite-news.com\\\/pl\\\/ims-sprzedal-swoim-menedzerom-akcje-za-15-mln-zl-w-ramach-programu-motywacyjnego\\\/\"},\"author\":{\"name\":\"favorite-news\",\"@id\":\"https:\\\/\\\/favorite-news.com\\\/pl\\\/#\\\/schema\\\/person\\\/b91573b717dcfa5e4696032a9d28d3e8\"},\"headline\":\"IMS sprzeda\u0142 swoim mened\u017cerom akcje za 1,5 mln z\u0142 w ramach programu motywacyjnego\",\"datePublished\":\"2019-06-24T11:44:15+00:00\",\"dateModified\":\"2019-06-24T11:44:16+00:00\",\"mainEntityOfPage\":{\"@id\":\"https:\\\/\\\/favorite-news.com\\\/pl\\\/ims-sprzedal-swoim-menedzerom-akcje-za-15-mln-zl-w-ramach-programu-motywacyjnego\\\/\"},\"wordCount\":351,\"commentCount\":0,\"image\":{\"@id\":\"https:\\\/\\\/favorite-news.com\\\/pl\\\/ims-sprzedal-swoim-menedzerom-akcje-za-15-mln-zl-w-ramach-programu-motywacyjnego\\\/#primaryimage\"},\"thumbnailUrl\":\"https:\\\/\\\/favorite-news.com\\\/pl\\\/wp-content\\\/uploads\\\/sites\\\/6\\\/2019\\\/06\\\/IMS-sprzeda\u0142-swoim-mened\u017cerom-akcje-za-15-mln-z\u0142-w.png\",\"articleSection\":[\"WIADOMO\u015aCI MARKETINGOWE INTERNETOWE\"],\"inLanguage\":\"pl-PL\",\"potentialAction\":[{\"@type\":\"CommentAction\",\"name\":\"Comment\",\"target\":[\"https:\\\/\\\/favorite-news.com\\\/pl\\\/ims-sprzedal-swoim-menedzerom-akcje-za-15-mln-zl-w-ramach-programu-motywacyjnego\\\/#respond\"]}]},{\"@type\":\"WebPage\",\"@id\":\"https:\\\/\\\/favorite-news.com\\\/pl\\\/ims-sprzedal-swoim-menedzerom-akcje-za-15-mln-zl-w-ramach-programu-motywacyjnego\\\/\",\"url\":\"https:\\\/\\\/favorite-news.com\\\/pl\\\/ims-sprzedal-swoim-menedzerom-akcje-za-15-mln-zl-w-ramach-programu-motywacyjnego\\\/\",\"name\":\"IMS sprzeda\u0142 swoim mened\u017cerom akcje za 1,5 mln z\u0142 w ramach programu motywacyjnego - Favorite News\",\"isPartOf\":{\"@id\":\"https:\\\/\\\/favorite-news.com\\\/pl\\\/#website\"},\"primaryImageOfPage\":{\"@id\":\"https:\\\/\\\/favorite-news.com\\\/pl\\\/ims-sprzedal-swoim-menedzerom-akcje-za-15-mln-zl-w-ramach-programu-motywacyjnego\\\/#primaryimage\"},\"image\":{\"@id\":\"https:\\\/\\\/favorite-news.com\\\/pl\\\/ims-sprzedal-swoim-menedzerom-akcje-za-15-mln-zl-w-ramach-programu-motywacyjnego\\\/#primaryimage\"},\"thumbnailUrl\":\"https:\\\/\\\/favorite-news.com\\\/pl\\\/wp-content\\\/uploads\\\/sites\\\/6\\\/2019\\\/06\\\/IMS-sprzeda\u0142-swoim-mened\u017cerom-akcje-za-15-mln-z\u0142-w.png\",\"datePublished\":\"2019-06-24T11:44:15+00:00\",\"dateModified\":\"2019-06-24T11:44:16+00:00\",\"author\":{\"@id\":\"https:\\\/\\\/favorite-news.com\\\/pl\\\/#\\\/schema\\\/person\\\/b91573b717dcfa5e4696032a9d28d3e8\"},\"breadcrumb\":{\"@id\":\"https:\\\/\\\/favorite-news.com\\\/pl\\\/ims-sprzedal-swoim-menedzerom-akcje-za-15-mln-zl-w-ramach-programu-motywacyjnego\\\/#breadcrumb\"},\"inLanguage\":\"pl-PL\",\"potentialAction\":[{\"@type\":\"ReadAction\",\"target\":[\"https:\\\/\\\/favorite-news.com\\\/pl\\\/ims-sprzedal-swoim-menedzerom-akcje-za-15-mln-zl-w-ramach-programu-motywacyjnego\\\/\"]}]},{\"@type\":\"ImageObject\",\"inLanguage\":\"pl-PL\",\"@id\":\"https:\\\/\\\/favorite-news.com\\\/pl\\\/ims-sprzedal-swoim-menedzerom-akcje-za-15-mln-zl-w-ramach-programu-motywacyjnego\\\/#primaryimage\",\"url\":\"https:\\\/\\\/favorite-news.com\\\/pl\\\/wp-content\\\/uploads\\\/sites\\\/6\\\/2019\\\/06\\\/IMS-sprzeda\u0142-swoim-mened\u017cerom-akcje-za-15-mln-z\u0142-w.png\",\"contentUrl\":\"https:\\\/\\\/favorite-news.com\\\/pl\\\/wp-content\\\/uploads\\\/sites\\\/6\\\/2019\\\/06\\\/IMS-sprzeda\u0142-swoim-mened\u017cerom-akcje-za-15-mln-z\u0142-w.png\",\"width\":655,\"height\":317,\"caption\":\"Article\"},{\"@type\":\"BreadcrumbList\",\"@id\":\"https:\\\/\\\/favorite-news.com\\\/pl\\\/ims-sprzedal-swoim-menedzerom-akcje-za-15-mln-zl-w-ramach-programu-motywacyjnego\\\/#breadcrumb\",\"itemListElement\":[{\"@type\":\"ListItem\",\"position\":1,\"name\":\"Home\",\"item\":\"https:\\\/\\\/favorite-news.com\\\/pl\\\/\"},{\"@type\":\"ListItem\",\"position\":2,\"name\":\"IMS sprzeda\u0142 swoim mened\u017cerom akcje za 1,5 mln z\u0142 w ramach programu motywacyjnego\"}]},{\"@type\":\"WebSite\",\"@id\":\"https:\\\/\\\/favorite-news.com\\\/pl\\\/#website\",\"url\":\"https:\\\/\\\/favorite-news.com\\\/pl\\\/\",\"name\":\"Favorite News\",\"description\":\"Favorite News Polska\",\"potentialAction\":[{\"@type\":\"SearchAction\",\"target\":{\"@type\":\"EntryPoint\",\"urlTemplate\":\"https:\\\/\\\/favorite-news.com\\\/pl\\\/?s={search_term_string}\"},\"query-input\":{\"@type\":\"PropertyValueSpecification\",\"valueRequired\":true,\"valueName\":\"search_term_string\"}}],\"inLanguage\":\"pl-PL\"},{\"@type\":\"Person\",\"@id\":\"https:\\\/\\\/favorite-news.com\\\/pl\\\/#\\\/schema\\\/person\\\/b91573b717dcfa5e4696032a9d28d3e8\",\"name\":\"favorite-news\",\"image\":{\"@type\":\"ImageObject\",\"inLanguage\":\"pl-PL\",\"@id\":\"https:\\\/\\\/secure.gravatar.com\\\/avatar\\\/6c5a5cb12b74e9d517ee91cf570335b7d16177f1977cc91db161adfa435945a7?s=96&d=mm&r=g\",\"url\":\"https:\\\/\\\/secure.gravatar.com\\\/avatar\\\/6c5a5cb12b74e9d517ee91cf570335b7d16177f1977cc91db161adfa435945a7?s=96&d=mm&r=g\",\"contentUrl\":\"https:\\\/\\\/secure.gravatar.com\\\/avatar\\\/6c5a5cb12b74e9d517ee91cf570335b7d16177f1977cc91db161adfa435945a7?s=96&d=mm&r=g\",\"caption\":\"favorite-news\"},\"url\":\"https:\\\/\\\/favorite-news.com\\\/pl\\\/author\\\/pt\\\/\"}]}<\/script>\n<!-- \/ Yoast SEO plugin. -->","yoast_head_json":{"title":"IMS sprzeda\u0142 swoim mened\u017cerom akcje za 1,5 mln z\u0142 w ramach programu motywacyjnego - Favorite News","robots":{"index":"index","follow":"follow","max-snippet":"max-snippet:-1","max-image-preview":"max-image-preview:large","max-video-preview":"max-video-preview:-1"},"canonical":"https:\/\/favorite-news.com\/pl\/ims-sprzedal-swoim-menedzerom-akcje-za-15-mln-zl-w-ramach-programu-motywacyjnego\/","og_locale":"pl_PL","og_type":"article","og_title":"IMS sprzeda\u0142 swoim mened\u017cerom akcje za 1,5 mln z\u0142 w ramach programu motywacyjnego - Favorite News","og_description":"[ad_1] W ramach planu w maju br. pi\u0119ciu cz\u0142onk\u00f3w zarz\u0105du IMS otrzyma\u0142o 250 tys. warrant\u00f3w subskrypcyjnych, a 35 pracownik\u00f3w i wsp\u00f3\u0142pracownik\u00f3w firmy &#8211; 150,5 tys. &#13; &#13; Cz\u0142onkowie zarz\u0105du IMS S.A. \u0142\u0105cznie otrzymali 350.000 szt. warrant\u00f3w subskrypcyjnych, a pracownicy i wsp\u00f3\u0142pracownicy Grupy IMS 150.500 szt. warrant\u00f3w subskrypcyjnych. 5 i 18 czerwca sp\u00f3\u0142ka przydzieli\u0142a im akcje, [&hellip;]","og_url":"https:\/\/favorite-news.com\/pl\/ims-sprzedal-swoim-menedzerom-akcje-za-15-mln-zl-w-ramach-programu-motywacyjnego\/","og_site_name":"Favorite News","article_published_time":"2019-06-24T11:44:15+00:00","article_modified_time":"2019-06-24T11:44:16+00:00","og_image":[{"width":655,"height":317,"url":"https:\/\/favorite-news.com\/pl\/wp-content\/uploads\/sites\/6\/2019\/06\/IMS-sprzeda\u0142-swoim-mened\u017cerom-akcje-za-15-mln-z\u0142-w.png","type":"image\/png"}],"author":"favorite-news","twitter_card":"summary_large_image","twitter_misc":{"Napisane przez":"favorite-news","Szacowany czas czytania":"2 minuty"},"schema":{"@context":"https:\/\/schema.org","@graph":[{"@type":"Article","@id":"https:\/\/favorite-news.com\/pl\/ims-sprzedal-swoim-menedzerom-akcje-za-15-mln-zl-w-ramach-programu-motywacyjnego\/#article","isPartOf":{"@id":"https:\/\/favorite-news.com\/pl\/ims-sprzedal-swoim-menedzerom-akcje-za-15-mln-zl-w-ramach-programu-motywacyjnego\/"},"author":{"name":"favorite-news","@id":"https:\/\/favorite-news.com\/pl\/#\/schema\/person\/b91573b717dcfa5e4696032a9d28d3e8"},"headline":"IMS sprzeda\u0142 swoim mened\u017cerom akcje za 1,5 mln z\u0142 w ramach programu motywacyjnego","datePublished":"2019-06-24T11:44:15+00:00","dateModified":"2019-06-24T11:44:16+00:00","mainEntityOfPage":{"@id":"https:\/\/favorite-news.com\/pl\/ims-sprzedal-swoim-menedzerom-akcje-za-15-mln-zl-w-ramach-programu-motywacyjnego\/"},"wordCount":351,"commentCount":0,"image":{"@id":"https:\/\/favorite-news.com\/pl\/ims-sprzedal-swoim-menedzerom-akcje-za-15-mln-zl-w-ramach-programu-motywacyjnego\/#primaryimage"},"thumbnailUrl":"https:\/\/favorite-news.com\/pl\/wp-content\/uploads\/sites\/6\/2019\/06\/IMS-sprzeda\u0142-swoim-mened\u017cerom-akcje-za-15-mln-z\u0142-w.png","articleSection":["WIADOMO\u015aCI MARKETINGOWE INTERNETOWE"],"inLanguage":"pl-PL","potentialAction":[{"@type":"CommentAction","name":"Comment","target":["https:\/\/favorite-news.com\/pl\/ims-sprzedal-swoim-menedzerom-akcje-za-15-mln-zl-w-ramach-programu-motywacyjnego\/#respond"]}]},{"@type":"WebPage","@id":"https:\/\/favorite-news.com\/pl\/ims-sprzedal-swoim-menedzerom-akcje-za-15-mln-zl-w-ramach-programu-motywacyjnego\/","url":"https:\/\/favorite-news.com\/pl\/ims-sprzedal-swoim-menedzerom-akcje-za-15-mln-zl-w-ramach-programu-motywacyjnego\/","name":"IMS sprzeda\u0142 swoim mened\u017cerom akcje za 1,5 mln z\u0142 w ramach programu motywacyjnego - Favorite News","isPartOf":{"@id":"https:\/\/favorite-news.com\/pl\/#website"},"primaryImageOfPage":{"@id":"https:\/\/favorite-news.com\/pl\/ims-sprzedal-swoim-menedzerom-akcje-za-15-mln-zl-w-ramach-programu-motywacyjnego\/#primaryimage"},"image":{"@id":"https:\/\/favorite-news.com\/pl\/ims-sprzedal-swoim-menedzerom-akcje-za-15-mln-zl-w-ramach-programu-motywacyjnego\/#primaryimage"},"thumbnailUrl":"https:\/\/favorite-news.com\/pl\/wp-content\/uploads\/sites\/6\/2019\/06\/IMS-sprzeda\u0142-swoim-mened\u017cerom-akcje-za-15-mln-z\u0142-w.png","datePublished":"2019-06-24T11:44:15+00:00","dateModified":"2019-06-24T11:44:16+00:00","author":{"@id":"https:\/\/favorite-news.com\/pl\/#\/schema\/person\/b91573b717dcfa5e4696032a9d28d3e8"},"breadcrumb":{"@id":"https:\/\/favorite-news.com\/pl\/ims-sprzedal-swoim-menedzerom-akcje-za-15-mln-zl-w-ramach-programu-motywacyjnego\/#breadcrumb"},"inLanguage":"pl-PL","potentialAction":[{"@type":"ReadAction","target":["https:\/\/favorite-news.com\/pl\/ims-sprzedal-swoim-menedzerom-akcje-za-15-mln-zl-w-ramach-programu-motywacyjnego\/"]}]},{"@type":"ImageObject","inLanguage":"pl-PL","@id":"https:\/\/favorite-news.com\/pl\/ims-sprzedal-swoim-menedzerom-akcje-za-15-mln-zl-w-ramach-programu-motywacyjnego\/#primaryimage","url":"https:\/\/favorite-news.com\/pl\/wp-content\/uploads\/sites\/6\/2019\/06\/IMS-sprzeda\u0142-swoim-mened\u017cerom-akcje-za-15-mln-z\u0142-w.png","contentUrl":"https:\/\/favorite-news.com\/pl\/wp-content\/uploads\/sites\/6\/2019\/06\/IMS-sprzeda\u0142-swoim-mened\u017cerom-akcje-za-15-mln-z\u0142-w.png","width":655,"height":317,"caption":"Article"},{"@type":"BreadcrumbList","@id":"https:\/\/favorite-news.com\/pl\/ims-sprzedal-swoim-menedzerom-akcje-za-15-mln-zl-w-ramach-programu-motywacyjnego\/#breadcrumb","itemListElement":[{"@type":"ListItem","position":1,"name":"Home","item":"https:\/\/favorite-news.com\/pl\/"},{"@type":"ListItem","position":2,"name":"IMS sprzeda\u0142 swoim mened\u017cerom akcje za 1,5 mln z\u0142 w ramach programu motywacyjnego"}]},{"@type":"WebSite","@id":"https:\/\/favorite-news.com\/pl\/#website","url":"https:\/\/favorite-news.com\/pl\/","name":"Favorite News","description":"Favorite News Polska","potentialAction":[{"@type":"SearchAction","target":{"@type":"EntryPoint","urlTemplate":"https:\/\/favorite-news.com\/pl\/?s={search_term_string}"},"query-input":{"@type":"PropertyValueSpecification","valueRequired":true,"valueName":"search_term_string"}}],"inLanguage":"pl-PL"},{"@type":"Person","@id":"https:\/\/favorite-news.com\/pl\/#\/schema\/person\/b91573b717dcfa5e4696032a9d28d3e8","name":"favorite-news","image":{"@type":"ImageObject","inLanguage":"pl-PL","@id":"https:\/\/secure.gravatar.com\/avatar\/6c5a5cb12b74e9d517ee91cf570335b7d16177f1977cc91db161adfa435945a7?s=96&d=mm&r=g","url":"https:\/\/secure.gravatar.com\/avatar\/6c5a5cb12b74e9d517ee91cf570335b7d16177f1977cc91db161adfa435945a7?s=96&d=mm&r=g","contentUrl":"https:\/\/secure.gravatar.com\/avatar\/6c5a5cb12b74e9d517ee91cf570335b7d16177f1977cc91db161adfa435945a7?s=96&d=mm&r=g","caption":"favorite-news"},"url":"https:\/\/favorite-news.com\/pl\/author\/pt\/"}]}},"_links":{"self":[{"href":"https:\/\/favorite-news.com\/pl\/wp-json\/wp\/v2\/posts\/1829","targetHints":{"allow":["GET"]}}],"collection":[{"href":"https:\/\/favorite-news.com\/pl\/wp-json\/wp\/v2\/posts"}],"about":[{"href":"https:\/\/favorite-news.com\/pl\/wp-json\/wp\/v2\/types\/post"}],"author":[{"embeddable":true,"href":"https:\/\/favorite-news.com\/pl\/wp-json\/wp\/v2\/users\/2"}],"replies":[{"embeddable":true,"href":"https:\/\/favorite-news.com\/pl\/wp-json\/wp\/v2\/comments?post=1829"}],"version-history":[{"count":1,"href":"https:\/\/favorite-news.com\/pl\/wp-json\/wp\/v2\/posts\/1829\/revisions"}],"predecessor-version":[{"id":1831,"href":"https:\/\/favorite-news.com\/pl\/wp-json\/wp\/v2\/posts\/1829\/revisions\/1831"}],"wp:featuredmedia":[{"embeddable":true,"href":"https:\/\/favorite-news.com\/pl\/wp-json\/wp\/v2\/media\/1830"}],"wp:attachment":[{"href":"https:\/\/favorite-news.com\/pl\/wp-json\/wp\/v2\/media?parent=1829"}],"wp:term":[{"taxonomy":"category","embeddable":true,"href":"https:\/\/favorite-news.com\/pl\/wp-json\/wp\/v2\/categories?post=1829"},{"taxonomy":"post_tag","embeddable":true,"href":"https:\/\/favorite-news.com\/pl\/wp-json\/wp\/v2\/tags?post=1829"}],"curies":[{"name":"wp","href":"https:\/\/api.w.org\/{rel}","templated":true}]}}