{"id":1817,"date":"2019-06-24T08:47:25","date_gmt":"2019-06-24T05:47:25","guid":{"rendered":"https:\/\/favorite-news.com\/pl\/tecza-to-taka-idea-ktora-mozesz-opowiedziec-jednym-zdaniem-w-tym-tkwi-cala-sila-pomyslu\/"},"modified":"2019-06-24T08:47:26","modified_gmt":"2019-06-24T05:47:26","slug":"tecza-to-taka-idea-ktora-mozesz-opowiedziec-jednym-zdaniem-w-tym-tkwi-cala-sila-pomyslu","status":"publish","type":"post","link":"https:\/\/favorite-news.com\/pl\/tecza-to-taka-idea-ktora-mozesz-opowiedziec-jednym-zdaniem-w-tym-tkwi-cala-sila-pomyslu\/","title":{"rendered":"T\u0119cza to taka idea, kt\u00f3r\u0105 mo\u017cesz opowiedzie\u0107 jednym zdaniem. W tym tkwi ca\u0142a si\u0142a pomys\u0142u"},"content":{"rendered":"<p> [ad_1]<br \/>\n<\/p>\n<div id=\"\">\n<p><strong>Nowojorska agencja FCB za kampani\u0119 promuj\u0105c\u0105 Whoppera w sieci gastronomicznej Burger King otrzyma\u0142a w pi\u0105tek Grand Prix festiwalu Cannes Lions w uznawanej za najbardziej presti\u017cow\u0105 kategorii Titanum Lions<\/strong>, a tak\u017ce w kategoriach Mobile i Lions. Akcj\u0119 nagrodzono te\u017c wieloma Z\u0142otymi Lwami w r\u00f3\u017cnych kategoriach<\/p>\n<p>&#13;<br \/>\n&#13;<\/p>\n<p><strong>Agencj\u0105 reklamow\u0105 roku zosta\u0142a Wieden + Kennedy dzia\u0142aj\u0105ca w Portland, wyprzedzaj\u0105c Droga5 i nowojorski McCann<\/strong>. Wieden + Kennedy triumf zawdzi\u0119cza przede wszystkim nagrodom za akcj\u0119 \u201eDream Crazy\u201d dla Nike, kt\u00f3ry zdoby\u0142a m.in. Grand Prix w kategoriach Outdoor i Entertainment Lions for Sport.<\/p>\n<p>&#13;<br \/>\n&#13;<\/p>\n<p><span style=\"font-size:20px;\"><strong>VMLY&amp;R Poland w\u015br\u00f3d najlepszych agencji<\/strong><\/span><\/p>\n<p>&#13;<br \/>\n&#13;<\/p>\n<p>Najlepsze agencje <strong>wskazano te\u017c w g\u0142\u00f3wnych obszarach tematycznych, na kt\u00f3re podzielono 29 kategorii konkursowych.<\/strong> W obszarze Zasi\u0119g wygra\u0142a nowojorska FCB przed Forsman &amp; Bodenfors i VML&amp;YR z Kansas City, <strong>w obszarze Dobro (trzy kategorie dotycz\u0105ce akcji spo\u0142ecznych i CSR) &#8211; Clemenger BBDO przed AMV BBDO i polskim oddzia\u0142em VMLY&amp;R<\/strong>.<\/p>\n<p>&#13;<br \/>\n&#13;<\/p>\n<p>Akcja &#8222;Ostatni Tw\u00f3j Weekend&#8221;, kt\u00f3ry agencja reklamowa VMLY&amp;R Poland (we wsp\u00f3\u0142pracy z Wavemaker i Papaya Films) przygotowa\u0142a z okazji Dnia Kobiet razem z Gazeta.pl, BNP Paribas i Mastercard zdoby\u0142a Grand Prix w kategorii Glass: the Lion for Change oraz Tytanowego Lwa, a tak\u017cetrzy br\u0105zowe Lwy w kategoriach: Print&amp;Publishing, PR i Media. O nagrody walczy\u0142a na 7 shortlistach. Zdobyte Grand Prix i Tytanowy Lwe to pierwsze w historii polskiej reklamy tak presti\u017cowe nagrody na Cannes Lions.<\/p>\n<p>&#13;<br \/>\n&#13;<\/p>\n<p><iframe loading=\"lazy\" allow=\"accelerometer; autoplay; encrypted-media; gyroscope; picture-in-picture\" allowfullscreen=\"\" frameborder=\"0\" height=\"360\" src=\"https:\/\/www.youtube.com\/embed\/lFQhGUVQ0Qw\" width=\"640\"><\/iframe>\u00a0<\/p>\n<p>&#13;<br \/>\n&#13;<\/p>\n<p>W obszarze Do\u015bwiadczenie triumfowa\u0142a Leo Burnett Chicago przed RKB Communication i McCann z Nowego Jorku, w obszarze Rozrywka &#8211; UM Studios przed AKQA i Wieden + Kennedy, w obszarze Rzemios\u0142o &#8211; Virtue przed DDB Paris i Droga5, a w obszarze Komunikacja &#8211; McCann z Nowego Jorku przed Droga5 i Wieden + Kennedy.<\/p>\n<p>&#13;<br \/>\n&#13;<\/p>\n<p>W\u015br\u00f3d <strong>sieci agencji reklamowych pierwsze miejsce zaj\u0105\u0142 McCann<\/strong>, wyprzedzaj\u0105c DDB i FCB. Natomiast holdingiem marketingowy roku zosta\u0142 WPP, przed IPG i Omnicomem.<\/p>\n<p>&#13;<br \/>\n&#13;<\/p>\n<p><strong>Kreatywn\u0105 mark\u0105 roku obwo\u0142ano IKEA<\/strong>, a na kolejnych miejscach w zestawieniu znalaz\u0142y si\u0119 Nike i Burger King.<\/p>\n<p>&#13;<br \/>\n&#13;<\/p>\n<p><span style=\"font-size:20px;\"><strong>Pi\u0119\u0107 canne\u0144skich Lw\u00f3w<\/strong><\/span><\/p>\n<p>&#13;<br \/>\n&#13;<\/p>\n<p>Marka lod\u00f3w Ben &amp; Jerry\u2019s (Unilever) by\u0142a partnerem ubieg\u0142orocznej Parady R\u00f3wno\u015bci, jednego z najwi\u0119kszych wydarze\u0144 spo\u0142eczno\u015bci LGBT w Polsce. Brand we wsp\u00f3\u0142pracy z Mi\u0142o\u015b\u0107 Nie Wyklucza i Fundacj\u0105 Wolontariat R\u00f3wno\u015bci na rzecz r\u00f3wno\u015bci ma\u0142\u017ce\u0144skiej prowadzi\u0142 w\u00f3wczas kampani\u0119 na rzecz r\u00f3wnouprawnienia ma\u0142\u017ce\u0144stw dwu- i jednop\u0142ciowych w Polsce.<\/p>\n<p>&#13;<br \/>\n&#13;<\/p>\n<p>W ramach akcji w czerwcowy, pi\u0105tkowy wiecz\u00f3r na placu Zbawiciela w Warszawie otworzona zosta\u0142a t\u0119cza w postaci wodno-\u015bwietlnego hologramu. Wcze\u015bniej przez par\u0119 lat t\u0119cza by\u0142a tam obecna jako kompozycja z kwiat\u00f3w na metalowej konstrukcji. W 2013 roku zosta\u0142a podpalona w czasie Marszu Niepodleg\u0142o\u015bci.<\/p>\n<p>&#13;<br \/>\n&#13;<\/p>\n<p>Projekt ten zdoby\u0142 na zako\u0144czonym w pi\u0105tek festiwalu reklamowym Cannes Lions 5 Lw\u00f3w: 2 srebrne (w kategoriach Desing i PR) oraz 3 br\u0105zowe (w kategoriach PR oraz Brand Experience&amp;Activation). <\/p>\n<p>&#13;<br \/>\n&#13;<\/p>\n<p><iframe loading=\"lazy\" allowfullscreen=\"\" frameborder=\"0\" height=\"360\" src=\"https:\/\/player.vimeo.com\/video\/289274135\" title=\"vimeo-player\" width=\"640\"><\/iframe><\/p>\n<p>&#13;<br \/>\n&#13;<\/p>\n<p><span style=\"font-size:20px;\"><strong>Nagrody te\u017c dla Grey Group Poland<\/strong><\/span><\/p>\n<p>&#13;<br \/>\n&#13;<\/p>\n<p><strong>Z\u0142oto i Srebro w kategorii PR zdoby\u0142a te\u017c kampania &#8222;The people&#8217;s seat&#8221;, kt\u00f3r\u0105 agencja Grey London przygotowa\u0142a we wsp\u00f3\u0142pracy z Grey Group Poland.\u00a0 <\/strong>W ramach tej akcji mieszka\u0144cy ca\u0142ego \u015bwiata mogli na Twitterze wyra\u017ca\u0107 swoje obawy zwi\u0105zane ze zmianami klimatycznymi na naszej planecie. Mieli te\u017c mo\u017cliwo\u015b\u0107 podzielenia si\u0119 swoim zdaniem z liderami, rz\u0105dami i organizacjami na ten temat &#8211; problem ten poruszano podczas szczytu klimatycznego ONZ &#8211; COP24.<\/p>\n<p>&#13;<br \/>\n&#13;<\/p>\n<p><iframe loading=\"lazy\" allow=\"accelerometer; autoplay; encrypted-media; gyroscope; picture-in-picture\" allowfullscreen=\"\" frameborder=\"0\" height=\"315\" src=\"https:\/\/www.youtube.com\/embed\/0e96HvbD6hM\" width=\"560\"><\/iframe><\/p>\n<p>&#13;<br \/>\n&#13;<\/p>\n<p><strong>Do tegorocznej edycji Cannes Lions wp\u0142yn\u0119\u0142o 30 953 zg\u0142osze\u0144 z 89 kraj\u00f3w.<\/strong> W konkursie pojawi\u0142y si\u0119 dwie nowe kategorie: Creative Strategy Lion i Entertainment Lion for Sport, po rocznej przerwie do rywalizacji o nagrody wr\u00f3ci\u0142y agencje z Publicis Groupe.<\/p>\n<p>&#13;<br \/>\n&#13;<\/p>\n<p>Polskie agencje zg\u0142osi\u0142y 162 prace, z czego 43 trafi\u0142y na short listy &#8211; a 12 zmieni\u0142y si\u0119 w nagrody (1 Grand Prix, 1 Tytanowy Lew, 1 z\u0142oto, 3 srebra, 6 br\u0105zowych nagr\u00f3d). \u00a0<\/p>\n<p>&#13;<br \/>\n&#13;<\/p>\n<p>&gt;&gt;&gt; ZOBACZ WSZYSTKIE NAGRODZONE PRACE<\/p>\n<p>&#13;<br \/>\n&#13;<\/p>\n<hr\/>\n<p><strong>Beata Gocza\u0142: Projekt \u201eNiezniszczalna t\u0119cza&#8221; zdoby\u0142 dwa srebra i trzy br\u0105zy na Cannes Lions, w wielu<br \/>&#13;<br \/>\nkategoriach otrzyma\u0142 nominacje do nagr\u00f3d. Spodziewali\u015bcie si\u0119 tego zg\u0142aszaj\u0105c go do konkursu?<\/strong><\/p>\n<p>&#13;<br \/>\n&#13;<\/p>\n<p><strong>Miko\u0142aj Sadowski, chief creative officer &amp; partner w 180heartbeats +Jung v Matt: <\/strong>Oczywi\u015bcie! Zg\u0142aszanie projektu, w kt\u00f3ry si\u0119\u00a0nie wierzy to strata czasu.<\/p>\n<p>&#13;<br \/>\n&#13;<\/p>\n<p>&#13;<br \/>\n&#13;<\/p>\n<p><strong>W kt\u00f3rym momencie stwierdzili\u015bcie, \u017ce ta kampania musi zosta\u0107 pokazana w Cannes, na jednym z najwa\u017cniejszych bran\u017cowych konkurs\u00f3w?<\/strong><\/p>\n<p>&#13;<br \/>\n&#13;<\/p>\n<p>T\u0119cza to taka idea, kt\u00f3r\u0105 mo\u017cesz opowiedzie\u0107 jednym zdaniem. W tym tkwi ca\u0142a si\u0142a pomys\u0142u &#8211; w jego prostocie. Klient ju\u017c na prezentacji poczu\u0142 t\u0119 moc i zrozumieli\u015bmy, \u017ce jest szansa naprawd\u0119 go zrealizowa\u0107. Od razu wiedzieli\u015bmy te\u017c, \u017ce to bardzo mocny kandydat do festiwali reklamowych.<\/p>\n<p>&#13;<br \/>\n&#13;<\/p>\n<p><strong>Od czasu do czasu mo\u017cna us\u0142ysze\u0144 opinie w bran\u017cy reklamowej, \u017ce kreatywni w agencjach tworz\u0105 pewne kampanie tylko i wy\u0142\u0105cznie pod k\u0105tem ewentualnej nagrody w Cannes. Ile jest w tym prawdy?<\/strong><\/p>\n<p>&#13;<br \/>\n&#13;<\/p>\n<p>To tak jakby mie\u0107 pretensje do sportowc\u00f3w, \u017ce licz\u0105 na medale i puchary! Nagrody to \u015bwietny spos\u00f3b, \u017ceby zmierzy\u0107 si\u0119 z innymi pomys\u0142ami, zosta\u0107 docenionym po ci\u0119\u017ckiej pracy. Problem pojawia si\u0119 natomiast kiedy najpierw powstaje pomys\u0142, a potem na si\u0142\u0119 szuka si\u0119 dla niego klienta.<\/p>\n<p>&#13;<br \/>\n&#13;<\/p>\n<p><strong>A jak by\u0142o w przypadku \u201eNiezniszczalnej t\u0119czy&#8221;? Kto tak naprawd\u0119 stoi za tym pomys\u0142em?<\/strong><\/p>\n<p>&#13;<br \/>\n&#13;<\/p>\n<p>&#8222;Niezniszczaln\u0105 t\u0119cz\u0119&#8221; wymy\u015bli\u0142 m\u0142ody kreatywny z Hiszpanii Pablo Dom\u00ednguez Agreg\u00e1n. Pablo przyjecha\u0142 do Polski i do 180 w ramach agencyjnego projektu sta\u017cowego o nazwie Talent Program. Jako osoba z zewn\u0105trz, o zupe\u0142nie \u015bwie\u017cym spojrzeniu, przyjrza\u0142 si\u0119 problemowi LGBT+ w Polsce. Siedmiokrotnie palona i niszczona t\u0119cza przy placu Zbawiciela by\u0142a jednym ze smutnych przejaw\u00f3w homofobii. Pablo bardzo trafnie odczyta\u0142 spo\u0142eczne nastroje i zaproponowa\u0142 genialne rozwi\u0105zanie. \u00a0<\/p>\n<p>&#13;<br \/>\n&#13;<\/p>\n<p><strong>Najpierw by\u0142 pomys\u0142, a dopiero potem szukali\u015bcie odpowiedniej marki? Czy odwrotnie?<\/strong><\/p>\n<p>&#13;<br \/>\n&#13;<\/p>\n<p>Pomys\u0142 by\u0142 odpowiedzi\u0105 na konkretny brief. Ben&amp;Jerry&#8217;s anga\u017cuje si\u0119 spo\u0142ecznie na wielu poziomach. W Polsce zdecydowa\u0142a si\u0119 wesprze\u0107 spo\u0142eczno\u015b\u0107 LGBT+.<\/p>\n<p>&#13;<br \/>\n&#13;<\/p>\n<p><strong>Unilever pokaza\u0142, \u017ce sta\u0107 go na odwag\u0119 w komunikacji marki, kt\u00f3ra dopiero co pojawi\u0142a si\u0119 na polskim rynku. Jak wiele ryzykowa\u0142 anga\u017cuj\u0105c w akcj\u0119 przywr\u00f3cenia t\u0119czy \u2013 symbolu \u015brodowisk LGBT swoj\u0105 mark\u0119.\u00a0 Zw\u0142aszcza w tak konserwatywnym i raczej ma\u0142o tolerancyjnym kraju, jakim jest Polska.<\/strong><\/p>\n<p>&#13;<br \/>\n&#13;<\/p>\n<p>Ben&amp;Jerry&#8217;s jest wyj\u0105tkow\u0105 mark\u0105 w portfolio Unilevera &#8211; mark\u0105, kt\u00f3ra od pocz\u0105tku swego istnienia anga\u017cuje si\u0119 w trudne tematy i na tym buduje swoj\u0105 wyj\u0105tkow\u0105 pozycj\u0119. Niemniej byli\u015bmy bardzo pozytywnie zaskoczeni, kiedy dowiedzieli\u015bmy si\u0119, \u017ce nasz pomys\u0142 na przywr\u00f3cenie t\u0119czy b\u0119dzie realizowany. Wymaga\u0142o to ogromnej odwagi, szczeg\u00f3lnie w obecnej sytuacji spo\u0142eczno-politycznej w Polsce.<\/p>\n<p>&#13;<br \/>\n&#13;<\/p>\n<p><strong>Od pewnego czasu w Polsce i na \u015bwiecie bardzo du\u017co i cz\u0119sto m\u00f3wi si\u0119 o r\u00f3wno\u015bci p\u0142ci, LGBT, ochronie \u015brodowiska itp. Tak\u017ce w komunikacji reklamowej te w\u0105tki sta\u0142y si\u0119 trendem. Czy dlatego Wasza kampania z t\u0119cz\u0105 mia\u0142a wi\u0119ksze szanse na nagrod\u0119 w Cannes?<\/strong><\/p>\n<p>&#13;<br \/>\n&#13;<\/p>\n<p>Trendy faktycznie dosy\u0107 mocno steruj\u0105 &#8222;rynkiem&#8221; nagr\u00f3d. To co jest jednak dla nas wa\u017cne, to, \u017ce nasza kampania jest zakorzeniona w warto\u015bciach marki. To nie jest pinkwashing, o kt\u00f3rym ostatnio g\u0142o\u015bno. Ben&amp;Jerry&#8217;s wspiera\u00a0spo\u0142eczno\u015b\u0107 LGBT+ niemal od pocz\u0105tku istnienia, czyli od 1978 roku. .<\/p>\n<p>&#13;<br \/>\n&#13;<\/p>\n<p><strong>Kt\u00f3ra z kampanii, kt\u00f3re odebra\u0142y Wam Z\u0142oto na festiwalu Cannes Lions jest dla Was niedo\u015bcignionym wzorem?<\/strong><\/p>\n<p>&#13;<br \/>\n&#13;<\/p>\n<p>W tym roku Nike kampani\u0105 &#8222;Dream Crazy&#8221; pokaza\u0142o, czym jest odwa\u017cna komunikacja. Mieli\u015bmy przyjemno\u015b\u0107 konkurowa\u0107 z Dream Crazy o nagrod\u0119 Bravery w presti\u017cowym konkursie Andy Awards. W sumie by\u0142o sze\u015b\u0107 kampanii. Znalezienie si\u0119 w takim towarzystwie to dla nas ogromny zaszczyt.<\/p>\n<p>&#13;<br \/>\n&#13;<\/p>\n<p><strong>W jakim stopniu nagroda za t\u0119 akcj\u0119 w Cannes pomo\u017ce Wam przekonywa\u0107 kolejnych reklamodawc\u00f3w do tego, by podobne trudne w\u0105tki porusza\u0107 w kampaniach ich marek, buduj\u0105c tym samym wizerunek?<\/strong><\/p>\n<p>&#13;<br \/>\n&#13;<\/p>\n<p>Przez ostatni rok wielu klient\u00f3w zg\u0142osi\u0142o si\u0119 do nas m\u00f3wi\u0105c wprost, \u017ce chc\u0105 &#8222;T\u0119cz\u0119&#8221; &#8211; czyli co\u015b odwa\u017cnego, efektownego, g\u0142o\u015bnego. Niestety w wielu przypadkach s\u0142yszeli\u015bmy po prezentacji, \u017ce nasze pomys\u0142y s\u0105 jednak zbyt odwa\u017cne dla ich marki. My\u015bl\u0119 wi\u0119c, \u017ce wola ju\u017c jest, ale odwagi jeszcze cz\u0119sto marketerom brakuje.<\/p>\n<p>&#13;<br \/>\n                            &#13;<br \/>\n&#13;<br \/>\n                            &#13;<br \/>\n&#13;<br \/>\n&#13;<br \/>\n&#13;<br \/>\n&#13;<br \/>\n&#13;<br \/>\n                            &#13;<br \/>\n                                                            &#13;<br \/>\n&#13;<br \/>\n                            &#13;\n                        <\/p><\/div>\n<p><script>(function (d, s, id) {\n        var js, fjs = d.getElementsByTagName(s)[0];\n        if (d.getElementById(id)) return;\n        js = d.createElement(s);\n        js.id = id;\n        js.src = \"http:\/\/connect.facebook.net\/pl_PL\/sdk.js#xfbml=1&version=v2.6&appId=297996717062470\";\n        fjs.parentNode.insertBefore(js, fjs);\n    }(document, 'script', 'facebook-jssdk'));<\/script><br \/>\n<br \/>[ad_2]<br \/>\n<br \/><a href=\"https:\/\/www.wirtualnemedia.pl\/artykul\/niezniszczalna-tecza-kampania-mikolaj-sadowski-tecza-to-taka-idea-ktora-mozesz-opowiedziec-jednym-zdaniem-w-tym-tkwi-cala-sila-pomyslu\">Source link <\/a><\/p>\n","protected":false},"excerpt":{"rendered":"<p>[ad_1] Nowojorska agencja FCB za kampani\u0119 promuj\u0105c\u0105 Whoppera w sieci gastronomicznej Burger King otrzyma\u0142a w pi\u0105tek Grand Prix festiwalu Cannes Lions w uznawanej za najbardziej presti\u017cow\u0105 kategorii Titanum Lions, a tak\u017ce w kategoriach Mobile i Lions. Akcj\u0119 nagrodzono te\u017c wieloma Z\u0142otymi Lwami w r\u00f3\u017cnych kategoriach &#13; &#13; Agencj\u0105 reklamow\u0105 roku zosta\u0142a Wieden + Kennedy dzia\u0142aj\u0105ca [&hellip;]<\/p>\n","protected":false},"author":2,"featured_media":1818,"comment_status":"open","ping_status":"open","sticky":false,"template":"","format":"standard","meta":{"footnotes":""},"categories":[2],"tags":[],"class_list":["post-1817","post","type-post","status-publish","format-standard","has-post-thumbnail","hentry","category-wiadomosci-marketingowe-internetowe"],"yoast_head":"<!-- This site is optimized with the Yoast SEO plugin v27.4 - https:\/\/yoast.com\/product\/yoast-seo-wordpress\/ -->\n<title>T\u0119cza to taka idea, kt\u00f3r\u0105 mo\u017cesz opowiedzie\u0107 jednym zdaniem. W tym tkwi ca\u0142a si\u0142a pomys\u0142u - Favorite News<\/title>\n<meta name=\"robots\" content=\"index, follow, max-snippet:-1, max-image-preview:large, max-video-preview:-1\" \/>\n<link rel=\"canonical\" href=\"https:\/\/favorite-news.com\/pl\/tecza-to-taka-idea-ktora-mozesz-opowiedziec-jednym-zdaniem-w-tym-tkwi-cala-sila-pomyslu\/\" \/>\n<meta property=\"og:locale\" content=\"pl_PL\" \/>\n<meta property=\"og:type\" content=\"article\" \/>\n<meta property=\"og:title\" content=\"T\u0119cza to taka idea, kt\u00f3r\u0105 mo\u017cesz opowiedzie\u0107 jednym zdaniem. W tym tkwi ca\u0142a si\u0142a pomys\u0142u - Favorite News\" \/>\n<meta property=\"og:description\" content=\"[ad_1] Nowojorska agencja FCB za kampani\u0119 promuj\u0105c\u0105 Whoppera w sieci gastronomicznej Burger King otrzyma\u0142a w pi\u0105tek Grand Prix festiwalu Cannes Lions w uznawanej za najbardziej presti\u017cow\u0105 kategorii Titanum Lions, a tak\u017ce w kategoriach Mobile i Lions. Akcj\u0119 nagrodzono te\u017c wieloma Z\u0142otymi Lwami w r\u00f3\u017cnych kategoriach &#013; &#013; Agencj\u0105 reklamow\u0105 roku zosta\u0142a Wieden + Kennedy dzia\u0142aj\u0105ca [&hellip;]\" \/>\n<meta property=\"og:url\" content=\"https:\/\/favorite-news.com\/pl\/tecza-to-taka-idea-ktora-mozesz-opowiedziec-jednym-zdaniem-w-tym-tkwi-cala-sila-pomyslu\/\" \/>\n<meta property=\"og:site_name\" content=\"Favorite News\" \/>\n<meta property=\"article:published_time\" content=\"2019-06-24T05:47:25+00:00\" \/>\n<meta property=\"article:modified_time\" content=\"2019-06-24T05:47:26+00:00\" \/>\n<meta property=\"og:image\" content=\"https:\/\/favorite-news.com\/pl\/wp-content\/uploads\/sites\/6\/2019\/06\/T\u0119cza-to-taka-idea-kt\u00f3r\u0105-mo\u017cesz-opowiedzie\u0107-jednym-zdaniem.-W.jpg\" \/>\n\t<meta property=\"og:image:width\" content=\"655\" \/>\n\t<meta property=\"og:image:height\" content=\"655\" \/>\n\t<meta property=\"og:image:type\" content=\"image\/jpeg\" \/>\n<meta name=\"author\" content=\"favorite-news\" \/>\n<meta name=\"twitter:card\" content=\"summary_large_image\" \/>\n<meta name=\"twitter:label1\" content=\"Napisane przez\" \/>\n\t<meta name=\"twitter:data1\" content=\"favorite-news\" \/>\n\t<meta name=\"twitter:label2\" content=\"Szacowany czas czytania\" \/>\n\t<meta name=\"twitter:data2\" content=\"7 minut\" \/>\n<script type=\"application\/ld+json\" class=\"yoast-schema-graph\">{\"@context\":\"https:\\\/\\\/schema.org\",\"@graph\":[{\"@type\":\"Article\",\"@id\":\"https:\\\/\\\/favorite-news.com\\\/pl\\\/tecza-to-taka-idea-ktora-mozesz-opowiedziec-jednym-zdaniem-w-tym-tkwi-cala-sila-pomyslu\\\/#article\",\"isPartOf\":{\"@id\":\"https:\\\/\\\/favorite-news.com\\\/pl\\\/tecza-to-taka-idea-ktora-mozesz-opowiedziec-jednym-zdaniem-w-tym-tkwi-cala-sila-pomyslu\\\/\"},\"author\":{\"name\":\"favorite-news\",\"@id\":\"https:\\\/\\\/favorite-news.com\\\/pl\\\/#\\\/schema\\\/person\\\/b91573b717dcfa5e4696032a9d28d3e8\"},\"headline\":\"T\u0119cza to taka idea, kt\u00f3r\u0105 mo\u017cesz opowiedzie\u0107 jednym zdaniem. W tym tkwi ca\u0142a si\u0142a pomys\u0142u\",\"datePublished\":\"2019-06-24T05:47:25+00:00\",\"dateModified\":\"2019-06-24T05:47:26+00:00\",\"mainEntityOfPage\":{\"@id\":\"https:\\\/\\\/favorite-news.com\\\/pl\\\/tecza-to-taka-idea-ktora-mozesz-opowiedziec-jednym-zdaniem-w-tym-tkwi-cala-sila-pomyslu\\\/\"},\"wordCount\":1452,\"commentCount\":0,\"image\":{\"@id\":\"https:\\\/\\\/favorite-news.com\\\/pl\\\/tecza-to-taka-idea-ktora-mozesz-opowiedziec-jednym-zdaniem-w-tym-tkwi-cala-sila-pomyslu\\\/#primaryimage\"},\"thumbnailUrl\":\"https:\\\/\\\/favorite-news.com\\\/pl\\\/wp-content\\\/uploads\\\/sites\\\/6\\\/2019\\\/06\\\/T\u0119cza-to-taka-idea-kt\u00f3r\u0105-mo\u017cesz-opowiedzie\u0107-jednym-zdaniem.-W.jpg\",\"articleSection\":[\"WIADOMO\u015aCI MARKETINGOWE INTERNETOWE\"],\"inLanguage\":\"pl-PL\",\"potentialAction\":[{\"@type\":\"CommentAction\",\"name\":\"Comment\",\"target\":[\"https:\\\/\\\/favorite-news.com\\\/pl\\\/tecza-to-taka-idea-ktora-mozesz-opowiedziec-jednym-zdaniem-w-tym-tkwi-cala-sila-pomyslu\\\/#respond\"]}]},{\"@type\":\"WebPage\",\"@id\":\"https:\\\/\\\/favorite-news.com\\\/pl\\\/tecza-to-taka-idea-ktora-mozesz-opowiedziec-jednym-zdaniem-w-tym-tkwi-cala-sila-pomyslu\\\/\",\"url\":\"https:\\\/\\\/favorite-news.com\\\/pl\\\/tecza-to-taka-idea-ktora-mozesz-opowiedziec-jednym-zdaniem-w-tym-tkwi-cala-sila-pomyslu\\\/\",\"name\":\"T\u0119cza to taka idea, kt\u00f3r\u0105 mo\u017cesz opowiedzie\u0107 jednym zdaniem. W tym tkwi ca\u0142a si\u0142a pomys\u0142u - Favorite News\",\"isPartOf\":{\"@id\":\"https:\\\/\\\/favorite-news.com\\\/pl\\\/#website\"},\"primaryImageOfPage\":{\"@id\":\"https:\\\/\\\/favorite-news.com\\\/pl\\\/tecza-to-taka-idea-ktora-mozesz-opowiedziec-jednym-zdaniem-w-tym-tkwi-cala-sila-pomyslu\\\/#primaryimage\"},\"image\":{\"@id\":\"https:\\\/\\\/favorite-news.com\\\/pl\\\/tecza-to-taka-idea-ktora-mozesz-opowiedziec-jednym-zdaniem-w-tym-tkwi-cala-sila-pomyslu\\\/#primaryimage\"},\"thumbnailUrl\":\"https:\\\/\\\/favorite-news.com\\\/pl\\\/wp-content\\\/uploads\\\/sites\\\/6\\\/2019\\\/06\\\/T\u0119cza-to-taka-idea-kt\u00f3r\u0105-mo\u017cesz-opowiedzie\u0107-jednym-zdaniem.-W.jpg\",\"datePublished\":\"2019-06-24T05:47:25+00:00\",\"dateModified\":\"2019-06-24T05:47:26+00:00\",\"author\":{\"@id\":\"https:\\\/\\\/favorite-news.com\\\/pl\\\/#\\\/schema\\\/person\\\/b91573b717dcfa5e4696032a9d28d3e8\"},\"breadcrumb\":{\"@id\":\"https:\\\/\\\/favorite-news.com\\\/pl\\\/tecza-to-taka-idea-ktora-mozesz-opowiedziec-jednym-zdaniem-w-tym-tkwi-cala-sila-pomyslu\\\/#breadcrumb\"},\"inLanguage\":\"pl-PL\",\"potentialAction\":[{\"@type\":\"ReadAction\",\"target\":[\"https:\\\/\\\/favorite-news.com\\\/pl\\\/tecza-to-taka-idea-ktora-mozesz-opowiedziec-jednym-zdaniem-w-tym-tkwi-cala-sila-pomyslu\\\/\"]}]},{\"@type\":\"ImageObject\",\"inLanguage\":\"pl-PL\",\"@id\":\"https:\\\/\\\/favorite-news.com\\\/pl\\\/tecza-to-taka-idea-ktora-mozesz-opowiedziec-jednym-zdaniem-w-tym-tkwi-cala-sila-pomyslu\\\/#primaryimage\",\"url\":\"https:\\\/\\\/favorite-news.com\\\/pl\\\/wp-content\\\/uploads\\\/sites\\\/6\\\/2019\\\/06\\\/T\u0119cza-to-taka-idea-kt\u00f3r\u0105-mo\u017cesz-opowiedzie\u0107-jednym-zdaniem.-W.jpg\",\"contentUrl\":\"https:\\\/\\\/favorite-news.com\\\/pl\\\/wp-content\\\/uploads\\\/sites\\\/6\\\/2019\\\/06\\\/T\u0119cza-to-taka-idea-kt\u00f3r\u0105-mo\u017cesz-opowiedzie\u0107-jednym-zdaniem.-W.jpg\",\"width\":655,\"height\":655,\"caption\":\"T\u0119cza to taka idea, kt\u00f3r\u0105 mo\u017cesz opowiedzie\u0107 jednym zdaniem. W tym tkwi ca\u0142a si\u0142a pomys\u0142u\"},{\"@type\":\"BreadcrumbList\",\"@id\":\"https:\\\/\\\/favorite-news.com\\\/pl\\\/tecza-to-taka-idea-ktora-mozesz-opowiedziec-jednym-zdaniem-w-tym-tkwi-cala-sila-pomyslu\\\/#breadcrumb\",\"itemListElement\":[{\"@type\":\"ListItem\",\"position\":1,\"name\":\"Home\",\"item\":\"https:\\\/\\\/favorite-news.com\\\/pl\\\/\"},{\"@type\":\"ListItem\",\"position\":2,\"name\":\"T\u0119cza to taka idea, kt\u00f3r\u0105 mo\u017cesz opowiedzie\u0107 jednym zdaniem. W tym tkwi ca\u0142a si\u0142a pomys\u0142u\"}]},{\"@type\":\"WebSite\",\"@id\":\"https:\\\/\\\/favorite-news.com\\\/pl\\\/#website\",\"url\":\"https:\\\/\\\/favorite-news.com\\\/pl\\\/\",\"name\":\"Favorite News\",\"description\":\"Favorite News Polska\",\"potentialAction\":[{\"@type\":\"SearchAction\",\"target\":{\"@type\":\"EntryPoint\",\"urlTemplate\":\"https:\\\/\\\/favorite-news.com\\\/pl\\\/?s={search_term_string}\"},\"query-input\":{\"@type\":\"PropertyValueSpecification\",\"valueRequired\":true,\"valueName\":\"search_term_string\"}}],\"inLanguage\":\"pl-PL\"},{\"@type\":\"Person\",\"@id\":\"https:\\\/\\\/favorite-news.com\\\/pl\\\/#\\\/schema\\\/person\\\/b91573b717dcfa5e4696032a9d28d3e8\",\"name\":\"favorite-news\",\"image\":{\"@type\":\"ImageObject\",\"inLanguage\":\"pl-PL\",\"@id\":\"https:\\\/\\\/secure.gravatar.com\\\/avatar\\\/6c5a5cb12b74e9d517ee91cf570335b7d16177f1977cc91db161adfa435945a7?s=96&d=mm&r=g\",\"url\":\"https:\\\/\\\/secure.gravatar.com\\\/avatar\\\/6c5a5cb12b74e9d517ee91cf570335b7d16177f1977cc91db161adfa435945a7?s=96&d=mm&r=g\",\"contentUrl\":\"https:\\\/\\\/secure.gravatar.com\\\/avatar\\\/6c5a5cb12b74e9d517ee91cf570335b7d16177f1977cc91db161adfa435945a7?s=96&d=mm&r=g\",\"caption\":\"favorite-news\"},\"url\":\"https:\\\/\\\/favorite-news.com\\\/pl\\\/author\\\/pt\\\/\"}]}<\/script>\n<!-- \/ Yoast SEO plugin. -->","yoast_head_json":{"title":"T\u0119cza to taka idea, kt\u00f3r\u0105 mo\u017cesz opowiedzie\u0107 jednym zdaniem. W tym tkwi ca\u0142a si\u0142a pomys\u0142u - Favorite News","robots":{"index":"index","follow":"follow","max-snippet":"max-snippet:-1","max-image-preview":"max-image-preview:large","max-video-preview":"max-video-preview:-1"},"canonical":"https:\/\/favorite-news.com\/pl\/tecza-to-taka-idea-ktora-mozesz-opowiedziec-jednym-zdaniem-w-tym-tkwi-cala-sila-pomyslu\/","og_locale":"pl_PL","og_type":"article","og_title":"T\u0119cza to taka idea, kt\u00f3r\u0105 mo\u017cesz opowiedzie\u0107 jednym zdaniem. W tym tkwi ca\u0142a si\u0142a pomys\u0142u - Favorite News","og_description":"[ad_1] Nowojorska agencja FCB za kampani\u0119 promuj\u0105c\u0105 Whoppera w sieci gastronomicznej Burger King otrzyma\u0142a w pi\u0105tek Grand Prix festiwalu Cannes Lions w uznawanej za najbardziej presti\u017cow\u0105 kategorii Titanum Lions, a tak\u017ce w kategoriach Mobile i Lions. Akcj\u0119 nagrodzono te\u017c wieloma Z\u0142otymi Lwami w r\u00f3\u017cnych kategoriach &#13; &#13; Agencj\u0105 reklamow\u0105 roku zosta\u0142a Wieden + Kennedy dzia\u0142aj\u0105ca [&hellip;]","og_url":"https:\/\/favorite-news.com\/pl\/tecza-to-taka-idea-ktora-mozesz-opowiedziec-jednym-zdaniem-w-tym-tkwi-cala-sila-pomyslu\/","og_site_name":"Favorite News","article_published_time":"2019-06-24T05:47:25+00:00","article_modified_time":"2019-06-24T05:47:26+00:00","og_image":[{"width":655,"height":655,"url":"https:\/\/favorite-news.com\/pl\/wp-content\/uploads\/sites\/6\/2019\/06\/T\u0119cza-to-taka-idea-kt\u00f3r\u0105-mo\u017cesz-opowiedzie\u0107-jednym-zdaniem.-W.jpg","type":"image\/jpeg"}],"author":"favorite-news","twitter_card":"summary_large_image","twitter_misc":{"Napisane przez":"favorite-news","Szacowany czas czytania":"7 minut"},"schema":{"@context":"https:\/\/schema.org","@graph":[{"@type":"Article","@id":"https:\/\/favorite-news.com\/pl\/tecza-to-taka-idea-ktora-mozesz-opowiedziec-jednym-zdaniem-w-tym-tkwi-cala-sila-pomyslu\/#article","isPartOf":{"@id":"https:\/\/favorite-news.com\/pl\/tecza-to-taka-idea-ktora-mozesz-opowiedziec-jednym-zdaniem-w-tym-tkwi-cala-sila-pomyslu\/"},"author":{"name":"favorite-news","@id":"https:\/\/favorite-news.com\/pl\/#\/schema\/person\/b91573b717dcfa5e4696032a9d28d3e8"},"headline":"T\u0119cza to taka idea, kt\u00f3r\u0105 mo\u017cesz opowiedzie\u0107 jednym zdaniem. W tym tkwi ca\u0142a si\u0142a pomys\u0142u","datePublished":"2019-06-24T05:47:25+00:00","dateModified":"2019-06-24T05:47:26+00:00","mainEntityOfPage":{"@id":"https:\/\/favorite-news.com\/pl\/tecza-to-taka-idea-ktora-mozesz-opowiedziec-jednym-zdaniem-w-tym-tkwi-cala-sila-pomyslu\/"},"wordCount":1452,"commentCount":0,"image":{"@id":"https:\/\/favorite-news.com\/pl\/tecza-to-taka-idea-ktora-mozesz-opowiedziec-jednym-zdaniem-w-tym-tkwi-cala-sila-pomyslu\/#primaryimage"},"thumbnailUrl":"https:\/\/favorite-news.com\/pl\/wp-content\/uploads\/sites\/6\/2019\/06\/T\u0119cza-to-taka-idea-kt\u00f3r\u0105-mo\u017cesz-opowiedzie\u0107-jednym-zdaniem.-W.jpg","articleSection":["WIADOMO\u015aCI MARKETINGOWE INTERNETOWE"],"inLanguage":"pl-PL","potentialAction":[{"@type":"CommentAction","name":"Comment","target":["https:\/\/favorite-news.com\/pl\/tecza-to-taka-idea-ktora-mozesz-opowiedziec-jednym-zdaniem-w-tym-tkwi-cala-sila-pomyslu\/#respond"]}]},{"@type":"WebPage","@id":"https:\/\/favorite-news.com\/pl\/tecza-to-taka-idea-ktora-mozesz-opowiedziec-jednym-zdaniem-w-tym-tkwi-cala-sila-pomyslu\/","url":"https:\/\/favorite-news.com\/pl\/tecza-to-taka-idea-ktora-mozesz-opowiedziec-jednym-zdaniem-w-tym-tkwi-cala-sila-pomyslu\/","name":"T\u0119cza to taka idea, kt\u00f3r\u0105 mo\u017cesz opowiedzie\u0107 jednym zdaniem. W tym tkwi ca\u0142a si\u0142a pomys\u0142u - Favorite News","isPartOf":{"@id":"https:\/\/favorite-news.com\/pl\/#website"},"primaryImageOfPage":{"@id":"https:\/\/favorite-news.com\/pl\/tecza-to-taka-idea-ktora-mozesz-opowiedziec-jednym-zdaniem-w-tym-tkwi-cala-sila-pomyslu\/#primaryimage"},"image":{"@id":"https:\/\/favorite-news.com\/pl\/tecza-to-taka-idea-ktora-mozesz-opowiedziec-jednym-zdaniem-w-tym-tkwi-cala-sila-pomyslu\/#primaryimage"},"thumbnailUrl":"https:\/\/favorite-news.com\/pl\/wp-content\/uploads\/sites\/6\/2019\/06\/T\u0119cza-to-taka-idea-kt\u00f3r\u0105-mo\u017cesz-opowiedzie\u0107-jednym-zdaniem.-W.jpg","datePublished":"2019-06-24T05:47:25+00:00","dateModified":"2019-06-24T05:47:26+00:00","author":{"@id":"https:\/\/favorite-news.com\/pl\/#\/schema\/person\/b91573b717dcfa5e4696032a9d28d3e8"},"breadcrumb":{"@id":"https:\/\/favorite-news.com\/pl\/tecza-to-taka-idea-ktora-mozesz-opowiedziec-jednym-zdaniem-w-tym-tkwi-cala-sila-pomyslu\/#breadcrumb"},"inLanguage":"pl-PL","potentialAction":[{"@type":"ReadAction","target":["https:\/\/favorite-news.com\/pl\/tecza-to-taka-idea-ktora-mozesz-opowiedziec-jednym-zdaniem-w-tym-tkwi-cala-sila-pomyslu\/"]}]},{"@type":"ImageObject","inLanguage":"pl-PL","@id":"https:\/\/favorite-news.com\/pl\/tecza-to-taka-idea-ktora-mozesz-opowiedziec-jednym-zdaniem-w-tym-tkwi-cala-sila-pomyslu\/#primaryimage","url":"https:\/\/favorite-news.com\/pl\/wp-content\/uploads\/sites\/6\/2019\/06\/T\u0119cza-to-taka-idea-kt\u00f3r\u0105-mo\u017cesz-opowiedzie\u0107-jednym-zdaniem.-W.jpg","contentUrl":"https:\/\/favorite-news.com\/pl\/wp-content\/uploads\/sites\/6\/2019\/06\/T\u0119cza-to-taka-idea-kt\u00f3r\u0105-mo\u017cesz-opowiedzie\u0107-jednym-zdaniem.-W.jpg","width":655,"height":655,"caption":"T\u0119cza to taka idea, kt\u00f3r\u0105 mo\u017cesz opowiedzie\u0107 jednym zdaniem. W tym tkwi ca\u0142a si\u0142a pomys\u0142u"},{"@type":"BreadcrumbList","@id":"https:\/\/favorite-news.com\/pl\/tecza-to-taka-idea-ktora-mozesz-opowiedziec-jednym-zdaniem-w-tym-tkwi-cala-sila-pomyslu\/#breadcrumb","itemListElement":[{"@type":"ListItem","position":1,"name":"Home","item":"https:\/\/favorite-news.com\/pl\/"},{"@type":"ListItem","position":2,"name":"T\u0119cza to taka idea, kt\u00f3r\u0105 mo\u017cesz opowiedzie\u0107 jednym zdaniem. W tym tkwi ca\u0142a si\u0142a pomys\u0142u"}]},{"@type":"WebSite","@id":"https:\/\/favorite-news.com\/pl\/#website","url":"https:\/\/favorite-news.com\/pl\/","name":"Favorite News","description":"Favorite News Polska","potentialAction":[{"@type":"SearchAction","target":{"@type":"EntryPoint","urlTemplate":"https:\/\/favorite-news.com\/pl\/?s={search_term_string}"},"query-input":{"@type":"PropertyValueSpecification","valueRequired":true,"valueName":"search_term_string"}}],"inLanguage":"pl-PL"},{"@type":"Person","@id":"https:\/\/favorite-news.com\/pl\/#\/schema\/person\/b91573b717dcfa5e4696032a9d28d3e8","name":"favorite-news","image":{"@type":"ImageObject","inLanguage":"pl-PL","@id":"https:\/\/secure.gravatar.com\/avatar\/6c5a5cb12b74e9d517ee91cf570335b7d16177f1977cc91db161adfa435945a7?s=96&d=mm&r=g","url":"https:\/\/secure.gravatar.com\/avatar\/6c5a5cb12b74e9d517ee91cf570335b7d16177f1977cc91db161adfa435945a7?s=96&d=mm&r=g","contentUrl":"https:\/\/secure.gravatar.com\/avatar\/6c5a5cb12b74e9d517ee91cf570335b7d16177f1977cc91db161adfa435945a7?s=96&d=mm&r=g","caption":"favorite-news"},"url":"https:\/\/favorite-news.com\/pl\/author\/pt\/"}]}},"_links":{"self":[{"href":"https:\/\/favorite-news.com\/pl\/wp-json\/wp\/v2\/posts\/1817","targetHints":{"allow":["GET"]}}],"collection":[{"href":"https:\/\/favorite-news.com\/pl\/wp-json\/wp\/v2\/posts"}],"about":[{"href":"https:\/\/favorite-news.com\/pl\/wp-json\/wp\/v2\/types\/post"}],"author":[{"embeddable":true,"href":"https:\/\/favorite-news.com\/pl\/wp-json\/wp\/v2\/users\/2"}],"replies":[{"embeddable":true,"href":"https:\/\/favorite-news.com\/pl\/wp-json\/wp\/v2\/comments?post=1817"}],"version-history":[{"count":1,"href":"https:\/\/favorite-news.com\/pl\/wp-json\/wp\/v2\/posts\/1817\/revisions"}],"predecessor-version":[{"id":1819,"href":"https:\/\/favorite-news.com\/pl\/wp-json\/wp\/v2\/posts\/1817\/revisions\/1819"}],"wp:featuredmedia":[{"embeddable":true,"href":"https:\/\/favorite-news.com\/pl\/wp-json\/wp\/v2\/media\/1818"}],"wp:attachment":[{"href":"https:\/\/favorite-news.com\/pl\/wp-json\/wp\/v2\/media?parent=1817"}],"wp:term":[{"taxonomy":"category","embeddable":true,"href":"https:\/\/favorite-news.com\/pl\/wp-json\/wp\/v2\/categories?post=1817"},{"taxonomy":"post_tag","embeddable":true,"href":"https:\/\/favorite-news.com\/pl\/wp-json\/wp\/v2\/tags?post=1817"}],"curies":[{"name":"wp","href":"https:\/\/api.w.org\/{rel}","templated":true}]}}