{"id":1794,"date":"2019-06-21T02:25:16","date_gmt":"2019-06-20T23:25:16","guid":{"rendered":"https:\/\/favorite-news.com\/pl\/ams-rewitalizuje-wiaty-przystankowe-w-lodzi\/"},"modified":"2019-06-21T02:25:18","modified_gmt":"2019-06-20T23:25:18","slug":"ams-rewitalizuje-wiaty-przystankowe-w-lodzi","status":"publish","type":"post","link":"https:\/\/favorite-news.com\/pl\/ams-rewitalizuje-wiaty-przystankowe-w-lodzi\/","title":{"rendered":"AMS rewitalizuje wiaty przystankowe w \u0141odzi"},"content":{"rendered":"<p> [ad_1]<br \/>\n<\/p>\n<div id=\"\">\n<p>Pierwsze cztery, zrewitalizowane wiaty znajduj\u0105 si\u0119 na ul. Piotrkowskiej przy pl. Niepodleg\u0142o\u015bci. Zamontowano w nich energooszcz\u0119dne o\u015bwietlenie LED, listwy o\u015bwietlaj\u0105ce wn\u0119trze wiaty, wymieniono w szyby oraz \u0142awki. W wiatach znajduj\u0105 si\u0119 r\u00f3wnie\u017c nowe, szklane gabloty na rozk\u0142ady jazdy. \u00a0<\/p>\n<p>&#13;<br \/>\n&#13;<\/p>\n<p>Jedna\u00a0 z wiat na ul. Piotrkowskiej dodatkowo zosta\u0142a wyposa\u017cona w panel cyfrowy (rozwi\u0105zanie ma charakter pilota\u017cowy). Cyfrowy citylight umo\u017cliwia prezentowanie reklam oraz plansz z tre\u015bciami redakcyjnymi i miejskimi. Dzi\u0119ki temu pasa\u017cerowie oczekuj\u0105cy na autobusy i tramwaje maj\u0105 okazj\u0119 zobaczy\u0107 nie tylko reklamy, ale tak\u017ce informacje dotycz\u0105ce utrudnie\u0144 w ruchu czy os\u00f3b zaginionych.<\/p>\n<p>&#13;<br \/>\n&#13;<\/p>\n<p>Opr\u00f3cz komunikat\u00f3w reklamowych i aktualnych informacji lokalnych na ekranach widoczny jest pasek informacyjny z dat\u0105, godzin\u0105 i prognoz\u0105 pogody. Ponadto no\u015bnik wyposa\u017cony jest w panel boczny z przyciskiem umo\u017cliwiaj\u0105cym wy\u015bwietlenie mapy okolicy oraz z \u0142adowarkami ze z\u0142\u0105czem USB, dzi\u0119ki kt\u00f3rym mo\u017cna na przystanku bezp\u0142atnie do\u0142adowa\u0107 telefon.<\/p>\n<p>&#13;<br \/>\n&#13;<\/p>\n<p>&#13;<br \/>\n&#13;<\/p>\n<p><img decoding=\"async\" alt=\"\" src=\"https:\/\/favorite-news.com\/pl\/wp-content\/uploads\/sites\/6\/2019\/06\/1561073116_754_AMS-rewitalizuje-wiaty-przystankowe-w-Lodzi.jpg\" style=\"width: 655px; height: 435px;\"\/><\/p>\n<p>&#13;<br \/>\n&#13;<\/p>\n<p>\u00a0&#8211; Dzi\u0119ki zmianom, kt\u00f3re przeprowadzimy, \u0142\u00f3dzkie ulice zyskaj\u0105 nowy wyraz estetyczny. Do o\u015bwietlenia wn\u0119trza wiaty, rozk\u0142adu jazdy, znaku przystankowego oraz gablot reklamowych zastosowali\u015bmy energooszcz\u0119dn\u0105 technologi\u0119 LED. Wiaty mog\u0105 te\u017c, w zale\u017cno\u015bci od potrzeb, by\u0107 wyposa\u017cone w dodatkowe urz\u0105dzenia multimedialne takie, jak WiFi czy mp3 &#8211; deklaruje prezes AMS Marek Kuzaka.<\/p>\n<p>&#13;<br \/>\n                            &#13;<br \/>\n&#13;<br \/>\n                            &#13;<br \/>\n&#13;<br \/>\n&#13;<br \/>\n&#13;<br \/>\n&#13;<br \/>\n&#13;<br \/>\n                            &#13;<br \/>\n                                                            &#13;<br \/>\n&#13;<br \/>\n                            &#13;\n                        <\/p><\/div>\n<p><script>(function (d, s, id) {\n        var js, fjs = d.getElementsByTagName(s)[0];\n        if (d.getElementById(id)) return;\n        js = d.createElement(s);\n        js.id = id;\n        js.src = \"http:\/\/connect.facebook.net\/pl_PL\/sdk.js#xfbml=1&version=v2.6&appId=297996717062470\";\n        fjs.parentNode.insertBefore(js, fjs);\n    }(document, 'script', 'facebook-jssdk'));<\/script><br \/>\n<br \/>[ad_2]<br \/>\n<br \/><a href=\"https:\/\/www.wirtualnemedia.pl\/artykul\/ams-rewitalizuje-wiaty-przystankowe-w-lodzi\">Source link <\/a><\/p>\n","protected":false},"excerpt":{"rendered":"<p>[ad_1] Pierwsze cztery, zrewitalizowane wiaty znajduj\u0105 si\u0119 na ul. Piotrkowskiej przy pl. Niepodleg\u0142o\u015bci. Zamontowano w nich energooszcz\u0119dne o\u015bwietlenie LED, listwy o\u015bwietlaj\u0105ce wn\u0119trze wiaty, wymieniono w szyby oraz \u0142awki. W wiatach znajduj\u0105 si\u0119 r\u00f3wnie\u017c nowe, szklane gabloty na rozk\u0142ady jazdy. \u00a0 &#13; &#13; Jedna\u00a0 z wiat na ul. Piotrkowskiej dodatkowo zosta\u0142a wyposa\u017cona w panel cyfrowy (rozwi\u0105zanie [&hellip;]<\/p>\n","protected":false},"author":2,"featured_media":1795,"comment_status":"open","ping_status":"open","sticky":false,"template":"","format":"standard","meta":{"footnotes":""},"categories":[2],"tags":[],"class_list":["post-1794","post","type-post","status-publish","format-standard","has-post-thumbnail","hentry","category-wiadomosci-marketingowe-internetowe"],"yoast_head":"<!-- This site is optimized with the Yoast SEO plugin v27.4 - https:\/\/yoast.com\/product\/yoast-seo-wordpress\/ -->\n<title>AMS rewitalizuje wiaty przystankowe w \u0141odzi - Favorite News<\/title>\n<meta name=\"robots\" content=\"index, follow, max-snippet:-1, max-image-preview:large, max-video-preview:-1\" \/>\n<link rel=\"canonical\" href=\"https:\/\/favorite-news.com\/pl\/ams-rewitalizuje-wiaty-przystankowe-w-lodzi\/\" \/>\n<meta property=\"og:locale\" content=\"pl_PL\" \/>\n<meta property=\"og:type\" content=\"article\" \/>\n<meta property=\"og:title\" content=\"AMS rewitalizuje wiaty przystankowe w \u0141odzi - Favorite News\" \/>\n<meta property=\"og:description\" content=\"[ad_1] Pierwsze cztery, zrewitalizowane wiaty znajduj\u0105 si\u0119 na ul. Piotrkowskiej przy pl. Niepodleg\u0142o\u015bci. Zamontowano w nich energooszcz\u0119dne o\u015bwietlenie LED, listwy o\u015bwietlaj\u0105ce wn\u0119trze wiaty, wymieniono w szyby oraz \u0142awki. W wiatach znajduj\u0105 si\u0119 r\u00f3wnie\u017c nowe, szklane gabloty na rozk\u0142ady jazdy. \u00a0 &#013; &#013; Jedna\u00a0 z wiat na ul. Piotrkowskiej dodatkowo zosta\u0142a wyposa\u017cona w panel cyfrowy (rozwi\u0105zanie [&hellip;]\" \/>\n<meta property=\"og:url\" content=\"https:\/\/favorite-news.com\/pl\/ams-rewitalizuje-wiaty-przystankowe-w-lodzi\/\" \/>\n<meta property=\"og:site_name\" content=\"Favorite News\" \/>\n<meta property=\"article:published_time\" content=\"2019-06-20T23:25:16+00:00\" \/>\n<meta property=\"article:modified_time\" content=\"2019-06-20T23:25:18+00:00\" \/>\n<meta property=\"og:image\" content=\"https:\/\/favorite-news.com\/pl\/wp-content\/uploads\/sites\/6\/2019\/06\/AMS-rewitalizuje-wiaty-przystankowe-w-\u0141odzi.jpg\" \/>\n\t<meta property=\"og:image:width\" content=\"1600\" \/>\n\t<meta property=\"og:image:height\" content=\"1063\" \/>\n\t<meta property=\"og:image:type\" content=\"image\/jpeg\" \/>\n<meta name=\"author\" content=\"favorite-news\" \/>\n<meta name=\"twitter:card\" content=\"summary_large_image\" \/>\n<meta name=\"twitter:label1\" content=\"Napisane przez\" \/>\n\t<meta name=\"twitter:data1\" content=\"favorite-news\" \/>\n\t<meta name=\"twitter:label2\" content=\"Szacowany czas czytania\" \/>\n\t<meta name=\"twitter:data2\" content=\"1 minuta\" \/>\n<script type=\"application\/ld+json\" class=\"yoast-schema-graph\">{\"@context\":\"https:\\\/\\\/schema.org\",\"@graph\":[{\"@type\":\"Article\",\"@id\":\"https:\\\/\\\/favorite-news.com\\\/pl\\\/ams-rewitalizuje-wiaty-przystankowe-w-lodzi\\\/#article\",\"isPartOf\":{\"@id\":\"https:\\\/\\\/favorite-news.com\\\/pl\\\/ams-rewitalizuje-wiaty-przystankowe-w-lodzi\\\/\"},\"author\":{\"name\":\"favorite-news\",\"@id\":\"https:\\\/\\\/favorite-news.com\\\/pl\\\/#\\\/schema\\\/person\\\/b91573b717dcfa5e4696032a9d28d3e8\"},\"headline\":\"AMS rewitalizuje wiaty przystankowe w \u0141odzi\",\"datePublished\":\"2019-06-20T23:25:16+00:00\",\"dateModified\":\"2019-06-20T23:25:18+00:00\",\"mainEntityOfPage\":{\"@id\":\"https:\\\/\\\/favorite-news.com\\\/pl\\\/ams-rewitalizuje-wiaty-przystankowe-w-lodzi\\\/\"},\"wordCount\":241,\"commentCount\":0,\"image\":{\"@id\":\"https:\\\/\\\/favorite-news.com\\\/pl\\\/ams-rewitalizuje-wiaty-przystankowe-w-lodzi\\\/#primaryimage\"},\"thumbnailUrl\":\"https:\\\/\\\/favorite-news.com\\\/pl\\\/wp-content\\\/uploads\\\/sites\\\/6\\\/2019\\\/06\\\/AMS-rewitalizuje-wiaty-przystankowe-w-\u0141odzi.jpg\",\"articleSection\":[\"WIADOMO\u015aCI MARKETINGOWE INTERNETOWE\"],\"inLanguage\":\"pl-PL\",\"potentialAction\":[{\"@type\":\"CommentAction\",\"name\":\"Comment\",\"target\":[\"https:\\\/\\\/favorite-news.com\\\/pl\\\/ams-rewitalizuje-wiaty-przystankowe-w-lodzi\\\/#respond\"]}]},{\"@type\":\"WebPage\",\"@id\":\"https:\\\/\\\/favorite-news.com\\\/pl\\\/ams-rewitalizuje-wiaty-przystankowe-w-lodzi\\\/\",\"url\":\"https:\\\/\\\/favorite-news.com\\\/pl\\\/ams-rewitalizuje-wiaty-przystankowe-w-lodzi\\\/\",\"name\":\"AMS rewitalizuje wiaty przystankowe w \u0141odzi - Favorite News\",\"isPartOf\":{\"@id\":\"https:\\\/\\\/favorite-news.com\\\/pl\\\/#website\"},\"primaryImageOfPage\":{\"@id\":\"https:\\\/\\\/favorite-news.com\\\/pl\\\/ams-rewitalizuje-wiaty-przystankowe-w-lodzi\\\/#primaryimage\"},\"image\":{\"@id\":\"https:\\\/\\\/favorite-news.com\\\/pl\\\/ams-rewitalizuje-wiaty-przystankowe-w-lodzi\\\/#primaryimage\"},\"thumbnailUrl\":\"https:\\\/\\\/favorite-news.com\\\/pl\\\/wp-content\\\/uploads\\\/sites\\\/6\\\/2019\\\/06\\\/AMS-rewitalizuje-wiaty-przystankowe-w-\u0141odzi.jpg\",\"datePublished\":\"2019-06-20T23:25:16+00:00\",\"dateModified\":\"2019-06-20T23:25:18+00:00\",\"author\":{\"@id\":\"https:\\\/\\\/favorite-news.com\\\/pl\\\/#\\\/schema\\\/person\\\/b91573b717dcfa5e4696032a9d28d3e8\"},\"breadcrumb\":{\"@id\":\"https:\\\/\\\/favorite-news.com\\\/pl\\\/ams-rewitalizuje-wiaty-przystankowe-w-lodzi\\\/#breadcrumb\"},\"inLanguage\":\"pl-PL\",\"potentialAction\":[{\"@type\":\"ReadAction\",\"target\":[\"https:\\\/\\\/favorite-news.com\\\/pl\\\/ams-rewitalizuje-wiaty-przystankowe-w-lodzi\\\/\"]}]},{\"@type\":\"ImageObject\",\"inLanguage\":\"pl-PL\",\"@id\":\"https:\\\/\\\/favorite-news.com\\\/pl\\\/ams-rewitalizuje-wiaty-przystankowe-w-lodzi\\\/#primaryimage\",\"url\":\"https:\\\/\\\/favorite-news.com\\\/pl\\\/wp-content\\\/uploads\\\/sites\\\/6\\\/2019\\\/06\\\/AMS-rewitalizuje-wiaty-przystankowe-w-\u0141odzi.jpg\",\"contentUrl\":\"https:\\\/\\\/favorite-news.com\\\/pl\\\/wp-content\\\/uploads\\\/sites\\\/6\\\/2019\\\/06\\\/AMS-rewitalizuje-wiaty-przystankowe-w-\u0141odzi.jpg\",\"width\":1600,\"height\":1063,\"caption\":\"AMS rewitalizuje wiaty przystankowe w \u0141odzi\"},{\"@type\":\"BreadcrumbList\",\"@id\":\"https:\\\/\\\/favorite-news.com\\\/pl\\\/ams-rewitalizuje-wiaty-przystankowe-w-lodzi\\\/#breadcrumb\",\"itemListElement\":[{\"@type\":\"ListItem\",\"position\":1,\"name\":\"Home\",\"item\":\"https:\\\/\\\/favorite-news.com\\\/pl\\\/\"},{\"@type\":\"ListItem\",\"position\":2,\"name\":\"AMS rewitalizuje wiaty przystankowe w \u0141odzi\"}]},{\"@type\":\"WebSite\",\"@id\":\"https:\\\/\\\/favorite-news.com\\\/pl\\\/#website\",\"url\":\"https:\\\/\\\/favorite-news.com\\\/pl\\\/\",\"name\":\"Favorite News\",\"description\":\"Favorite News Polska\",\"potentialAction\":[{\"@type\":\"SearchAction\",\"target\":{\"@type\":\"EntryPoint\",\"urlTemplate\":\"https:\\\/\\\/favorite-news.com\\\/pl\\\/?s={search_term_string}\"},\"query-input\":{\"@type\":\"PropertyValueSpecification\",\"valueRequired\":true,\"valueName\":\"search_term_string\"}}],\"inLanguage\":\"pl-PL\"},{\"@type\":\"Person\",\"@id\":\"https:\\\/\\\/favorite-news.com\\\/pl\\\/#\\\/schema\\\/person\\\/b91573b717dcfa5e4696032a9d28d3e8\",\"name\":\"favorite-news\",\"image\":{\"@type\":\"ImageObject\",\"inLanguage\":\"pl-PL\",\"@id\":\"https:\\\/\\\/secure.gravatar.com\\\/avatar\\\/6c5a5cb12b74e9d517ee91cf570335b7d16177f1977cc91db161adfa435945a7?s=96&d=mm&r=g\",\"url\":\"https:\\\/\\\/secure.gravatar.com\\\/avatar\\\/6c5a5cb12b74e9d517ee91cf570335b7d16177f1977cc91db161adfa435945a7?s=96&d=mm&r=g\",\"contentUrl\":\"https:\\\/\\\/secure.gravatar.com\\\/avatar\\\/6c5a5cb12b74e9d517ee91cf570335b7d16177f1977cc91db161adfa435945a7?s=96&d=mm&r=g\",\"caption\":\"favorite-news\"},\"url\":\"https:\\\/\\\/favorite-news.com\\\/pl\\\/author\\\/pt\\\/\"}]}<\/script>\n<!-- \/ Yoast SEO plugin. -->","yoast_head_json":{"title":"AMS rewitalizuje wiaty przystankowe w \u0141odzi - Favorite News","robots":{"index":"index","follow":"follow","max-snippet":"max-snippet:-1","max-image-preview":"max-image-preview:large","max-video-preview":"max-video-preview:-1"},"canonical":"https:\/\/favorite-news.com\/pl\/ams-rewitalizuje-wiaty-przystankowe-w-lodzi\/","og_locale":"pl_PL","og_type":"article","og_title":"AMS rewitalizuje wiaty przystankowe w \u0141odzi - Favorite News","og_description":"[ad_1] Pierwsze cztery, zrewitalizowane wiaty znajduj\u0105 si\u0119 na ul. Piotrkowskiej przy pl. Niepodleg\u0142o\u015bci. Zamontowano w nich energooszcz\u0119dne o\u015bwietlenie LED, listwy o\u015bwietlaj\u0105ce wn\u0119trze wiaty, wymieniono w szyby oraz \u0142awki. W wiatach znajduj\u0105 si\u0119 r\u00f3wnie\u017c nowe, szklane gabloty na rozk\u0142ady jazdy. \u00a0 &#13; &#13; Jedna\u00a0 z wiat na ul. Piotrkowskiej dodatkowo zosta\u0142a wyposa\u017cona w panel cyfrowy (rozwi\u0105zanie [&hellip;]","og_url":"https:\/\/favorite-news.com\/pl\/ams-rewitalizuje-wiaty-przystankowe-w-lodzi\/","og_site_name":"Favorite News","article_published_time":"2019-06-20T23:25:16+00:00","article_modified_time":"2019-06-20T23:25:18+00:00","og_image":[{"width":1600,"height":1063,"url":"https:\/\/favorite-news.com\/pl\/wp-content\/uploads\/sites\/6\/2019\/06\/AMS-rewitalizuje-wiaty-przystankowe-w-\u0141odzi.jpg","type":"image\/jpeg"}],"author":"favorite-news","twitter_card":"summary_large_image","twitter_misc":{"Napisane przez":"favorite-news","Szacowany czas czytania":"1 minuta"},"schema":{"@context":"https:\/\/schema.org","@graph":[{"@type":"Article","@id":"https:\/\/favorite-news.com\/pl\/ams-rewitalizuje-wiaty-przystankowe-w-lodzi\/#article","isPartOf":{"@id":"https:\/\/favorite-news.com\/pl\/ams-rewitalizuje-wiaty-przystankowe-w-lodzi\/"},"author":{"name":"favorite-news","@id":"https:\/\/favorite-news.com\/pl\/#\/schema\/person\/b91573b717dcfa5e4696032a9d28d3e8"},"headline":"AMS rewitalizuje wiaty przystankowe w \u0141odzi","datePublished":"2019-06-20T23:25:16+00:00","dateModified":"2019-06-20T23:25:18+00:00","mainEntityOfPage":{"@id":"https:\/\/favorite-news.com\/pl\/ams-rewitalizuje-wiaty-przystankowe-w-lodzi\/"},"wordCount":241,"commentCount":0,"image":{"@id":"https:\/\/favorite-news.com\/pl\/ams-rewitalizuje-wiaty-przystankowe-w-lodzi\/#primaryimage"},"thumbnailUrl":"https:\/\/favorite-news.com\/pl\/wp-content\/uploads\/sites\/6\/2019\/06\/AMS-rewitalizuje-wiaty-przystankowe-w-\u0141odzi.jpg","articleSection":["WIADOMO\u015aCI MARKETINGOWE INTERNETOWE"],"inLanguage":"pl-PL","potentialAction":[{"@type":"CommentAction","name":"Comment","target":["https:\/\/favorite-news.com\/pl\/ams-rewitalizuje-wiaty-przystankowe-w-lodzi\/#respond"]}]},{"@type":"WebPage","@id":"https:\/\/favorite-news.com\/pl\/ams-rewitalizuje-wiaty-przystankowe-w-lodzi\/","url":"https:\/\/favorite-news.com\/pl\/ams-rewitalizuje-wiaty-przystankowe-w-lodzi\/","name":"AMS rewitalizuje wiaty przystankowe w \u0141odzi - Favorite News","isPartOf":{"@id":"https:\/\/favorite-news.com\/pl\/#website"},"primaryImageOfPage":{"@id":"https:\/\/favorite-news.com\/pl\/ams-rewitalizuje-wiaty-przystankowe-w-lodzi\/#primaryimage"},"image":{"@id":"https:\/\/favorite-news.com\/pl\/ams-rewitalizuje-wiaty-przystankowe-w-lodzi\/#primaryimage"},"thumbnailUrl":"https:\/\/favorite-news.com\/pl\/wp-content\/uploads\/sites\/6\/2019\/06\/AMS-rewitalizuje-wiaty-przystankowe-w-\u0141odzi.jpg","datePublished":"2019-06-20T23:25:16+00:00","dateModified":"2019-06-20T23:25:18+00:00","author":{"@id":"https:\/\/favorite-news.com\/pl\/#\/schema\/person\/b91573b717dcfa5e4696032a9d28d3e8"},"breadcrumb":{"@id":"https:\/\/favorite-news.com\/pl\/ams-rewitalizuje-wiaty-przystankowe-w-lodzi\/#breadcrumb"},"inLanguage":"pl-PL","potentialAction":[{"@type":"ReadAction","target":["https:\/\/favorite-news.com\/pl\/ams-rewitalizuje-wiaty-przystankowe-w-lodzi\/"]}]},{"@type":"ImageObject","inLanguage":"pl-PL","@id":"https:\/\/favorite-news.com\/pl\/ams-rewitalizuje-wiaty-przystankowe-w-lodzi\/#primaryimage","url":"https:\/\/favorite-news.com\/pl\/wp-content\/uploads\/sites\/6\/2019\/06\/AMS-rewitalizuje-wiaty-przystankowe-w-\u0141odzi.jpg","contentUrl":"https:\/\/favorite-news.com\/pl\/wp-content\/uploads\/sites\/6\/2019\/06\/AMS-rewitalizuje-wiaty-przystankowe-w-\u0141odzi.jpg","width":1600,"height":1063,"caption":"AMS rewitalizuje wiaty przystankowe w \u0141odzi"},{"@type":"BreadcrumbList","@id":"https:\/\/favorite-news.com\/pl\/ams-rewitalizuje-wiaty-przystankowe-w-lodzi\/#breadcrumb","itemListElement":[{"@type":"ListItem","position":1,"name":"Home","item":"https:\/\/favorite-news.com\/pl\/"},{"@type":"ListItem","position":2,"name":"AMS rewitalizuje wiaty przystankowe w \u0141odzi"}]},{"@type":"WebSite","@id":"https:\/\/favorite-news.com\/pl\/#website","url":"https:\/\/favorite-news.com\/pl\/","name":"Favorite News","description":"Favorite News Polska","potentialAction":[{"@type":"SearchAction","target":{"@type":"EntryPoint","urlTemplate":"https:\/\/favorite-news.com\/pl\/?s={search_term_string}"},"query-input":{"@type":"PropertyValueSpecification","valueRequired":true,"valueName":"search_term_string"}}],"inLanguage":"pl-PL"},{"@type":"Person","@id":"https:\/\/favorite-news.com\/pl\/#\/schema\/person\/b91573b717dcfa5e4696032a9d28d3e8","name":"favorite-news","image":{"@type":"ImageObject","inLanguage":"pl-PL","@id":"https:\/\/secure.gravatar.com\/avatar\/6c5a5cb12b74e9d517ee91cf570335b7d16177f1977cc91db161adfa435945a7?s=96&d=mm&r=g","url":"https:\/\/secure.gravatar.com\/avatar\/6c5a5cb12b74e9d517ee91cf570335b7d16177f1977cc91db161adfa435945a7?s=96&d=mm&r=g","contentUrl":"https:\/\/secure.gravatar.com\/avatar\/6c5a5cb12b74e9d517ee91cf570335b7d16177f1977cc91db161adfa435945a7?s=96&d=mm&r=g","caption":"favorite-news"},"url":"https:\/\/favorite-news.com\/pl\/author\/pt\/"}]}},"_links":{"self":[{"href":"https:\/\/favorite-news.com\/pl\/wp-json\/wp\/v2\/posts\/1794","targetHints":{"allow":["GET"]}}],"collection":[{"href":"https:\/\/favorite-news.com\/pl\/wp-json\/wp\/v2\/posts"}],"about":[{"href":"https:\/\/favorite-news.com\/pl\/wp-json\/wp\/v2\/types\/post"}],"author":[{"embeddable":true,"href":"https:\/\/favorite-news.com\/pl\/wp-json\/wp\/v2\/users\/2"}],"replies":[{"embeddable":true,"href":"https:\/\/favorite-news.com\/pl\/wp-json\/wp\/v2\/comments?post=1794"}],"version-history":[{"count":1,"href":"https:\/\/favorite-news.com\/pl\/wp-json\/wp\/v2\/posts\/1794\/revisions"}],"predecessor-version":[{"id":1796,"href":"https:\/\/favorite-news.com\/pl\/wp-json\/wp\/v2\/posts\/1794\/revisions\/1796"}],"wp:featuredmedia":[{"embeddable":true,"href":"https:\/\/favorite-news.com\/pl\/wp-json\/wp\/v2\/media\/1795"}],"wp:attachment":[{"href":"https:\/\/favorite-news.com\/pl\/wp-json\/wp\/v2\/media?parent=1794"}],"wp:term":[{"taxonomy":"category","embeddable":true,"href":"https:\/\/favorite-news.com\/pl\/wp-json\/wp\/v2\/categories?post=1794"},{"taxonomy":"post_tag","embeddable":true,"href":"https:\/\/favorite-news.com\/pl\/wp-json\/wp\/v2\/tags?post=1794"}],"curies":[{"name":"wp","href":"https:\/\/api.w.org\/{rel}","templated":true}]}}