{"id":1786,"date":"2019-06-20T04:43:29","date_gmt":"2019-06-20T01:43:29","guid":{"rendered":"https:\/\/favorite-news.com\/pl\/zwolnienia-750-pracownikow-restrukturyzacja-kosztow-dzialania\/"},"modified":"2019-06-20T04:43:30","modified_gmt":"2019-06-20T01:43:30","slug":"zwolnienia-750-pracownikow-restrukturyzacja-kosztow-dzialania","status":"publish","type":"post","link":"https:\/\/favorite-news.com\/pl\/zwolnienia-750-pracownikow-restrukturyzacja-kosztow-dzialania\/","title":{"rendered":"zwolnienia 750 pracownik\u00f3w, restrukturyzacja koszt\u00f3w dzia\u0142ania"},"content":{"rendered":"<p> [ad_1]<br \/>\n<\/p>\n<div id=\"\">\n<p>W \u015brod\u0119 w komunikacie gie\u0142dowym poinformowano, \u017ce zarz\u0105d Idea Banku powiadomi przedstawicieli pracownik\u00f3w o przyczynach zamierzonego grupowego zwolnienia oraz zwr\u00f3ci si\u0119 do nich o przyst\u0105pienie do konsultacji dotycz\u0105cych warunk\u00f3w zwolnie\u0144. Poinformuje te\u017c o tym w\u0142a\u015bciwy urz\u0105d pracy.<\/p>\n<p>&#13;<br \/>\n&#13;<\/p>\n<p>Zaznaczono, \u017ce kolejny komunikat o zwolnieniach zostanie opublikowany po przeprowadzeniu tych procedur.<\/p>\n<p>&#13;<br \/>\n&#13;<\/p>\n<p><strong>W ub.r. grupa kapita\u0142owa Idea Banku zatrudnia\u0142a na etacie 1 562 os\u00f3b, wobec 1 765 rok wcze\u015bniej. <\/strong>W skali roku wydatki na \u015bwiadczenia pracownicze zmala\u0142y z 232,3 do 197,5 mln z\u0142. By\u0142a to zdecydowanie najwi\u0119ksza pozycja w\u015br\u00f3d og\u00f3lnych koszt\u00f3w administracyjnych, kt\u00f3re og\u00f3\u0142em zmniejszy\u0142y si\u0119 rok do roku z 548,7 do 498,3 mln z\u0142.<\/p>\n<p>&#13;<br \/>\n&#13;<\/p>\n<p>W komunikacie prasowym bank zaznaczy\u0142, \u017ce <strong>szacowane oszcz\u0119dno\u015bci po zapowiedzianych zwolnieniach wynios\u0105 ok. 50 mln z\u0142 rocznie.<\/strong><\/p>\n<p>&#13;<br \/>\n&#13;<\/p>\n<p>&#8211; W istniej\u0105cych uwarunkowaniach, niezb\u0119dne jest znaczne i szybkie ograniczenie sumy bilansowej, co pozwoli na popraw\u0119 wska\u017anik\u00f3w kapita\u0142owych w kr\u00f3tkim okresie. <strong>Niestety, odbudowa rentowno\u015bci wymaga tak\u017ce g\u0142\u0119bokiej redukcji koszt\u00f3w dzia\u0142ania, w tym koszt\u00f3w osobowych &#8211; stwierdzi\u0142 Jerzy Pruski, prezes Idea Banku. &#8211; Nikt z obecnie pracuj\u0105cych w Idea Banku nie jest winien jego obecnej sytuacji. Jednak baga\u017c przesz\u0142o\u015bci okaza\u0142 si\u0119 zbyt du\u017cy, by proces uzdrawiania m\u00f3g\u0142 przebiec bez znacznych redukcji kosztowych, w tym zwolnie\u0144 grupowych. Po prostu nie ma alternatywy dla \u015bcie\u017cki, na kt\u00f3r\u0105 dzisiaj wchodzimy &#8211; uzasadni\u0142.<\/strong><\/p>\n<p>&#13;<br \/>\n&#13;<\/p>\n<p>&#8211; Pomimo tego, \u017ce \u017ar\u00f3de\u0142 wysokich strat za 2018 r. nale\u017cy dopatrywa\u0107 si\u0119 w okresach przesz\u0142ych i w przyj\u0119tym wtedy niestabilnym modelu finansowo-biznesowym, ich rozmiar wymaga podj\u0119cia dzisiaj dzia\u0142a\u0144 nadzwyczajnych. S\u0105 one konieczne dla uzdrowienia banku &#8211; podkre\u015bli\u0142 Pruski.<\/p>\n<p>&#13;<br \/>\n&#13;<\/p>\n<p>W ub.r. Idea Bank zanotowa\u0142 spadek wp\u0142yw\u00f3w odsetkowych do 1 mld z\u0142 oraz 221,9 mln z\u0142 straty z tytu\u0142u prowizji i p\u0142at. Strata netto banku wynios\u0142a a\u017c 1,89 mld z\u0142, g\u0142\u00f3wnie z powodu odpis\u00f3w i rezerw w wysoko\u015bci 1,46 mln z\u0142.<\/p>\n<p>&#13;<br \/>\n&#13;<\/p>\n<p>Z kolei w pierwszym kwartale br. Idea Bank przy spadku przychod\u00f3w i wyniku z odsetek, prowizji i op\u0142at mia\u0142 80,8 mln z\u0142 skonsolidowanej straty netto (wobec 14,8 mln z\u0142 zysku netto rok wcze\u015bniej).<\/p>\n<p>&#13;<br \/>\n&#13;<\/p>\n<p>Wskutek tych strat du\u017co poni\u017cej wymaganych norm zmala\u0142y wsp\u00f3\u0142czynniki kapita\u0142owe Idea Banku. Komisja Nadzoru Finansowego wezwa\u0142a bank do uzupe\u0142nienia tej ogromnej luki kapita\u0142owej. Poniewa\u017c jak na razie to nie nast\u0105pi\u0142o, w po\u0142owie maja KNF wyznaczy\u0142a bankowi kuratora, kt\u00f3rym zosta\u0142 Bankowy Fundusz Gwarancyjny.<\/p>\n<p>&#13;<br \/>\n&#13;<\/p>\n<p><span style=\"font-size:20px;\"><strong>Bez inwestora i fuzji z Getin Noble Bankiem<\/strong><\/span><\/p>\n<p>&#13;<br \/>\n&#13;<\/p>\n<p>W styczniu br. zapowiedziano fuzj\u0119 Idea Banku i Getin Noble Banku (wi\u0119kszo\u015bciowym akcjonariuszem obu jest Leszek Czarnecki). Po po\u0142\u0105czeniu mia\u0142y dzia\u0142a\u0107 pod mark\u0105 tego drugiego, osi\u0105gaj\u0105c synergie kosztowe i operacyjne (m.in. w efekcie integracji system\u00f3w IT, konsolidacji centrali obu bank\u00f3w oraz optymalizacji sieci plac\u00f3wek), kt\u00f3re szacowano docelowo na ok. 180 mln z\u0142 rocznie.<\/p>\n<p>&#13;<br \/>\n&#13;<\/p>\n<p>Jednocze\u015bnie rozpocz\u0119to rozmowy z potencjalnymi inwestorami finansowymi, na pocz\u0105tku lutego banki poda\u0142y, \u017ce dopu\u015bci\u0142y do procesu due diligence (czyli badania dokument\u00f3w finansowych i prawnych) wybrane fundusze private equity.<\/p>\n<p>&#13;<br \/>\n&#13;<\/p>\n<p>Pod koniec maja KNF jednog\u0142o\u015bnie nie zgodzi\u0142a si\u0119 na fuzj\u0119 bank\u00f3w. Stwierdzi\u0142a w uzasadnieniu, \u017ce \u201epo\u0142\u0105czony bank nie b\u0119dzie spe\u0142nia\u0142 wszystkich wymog\u00f3w regulacyjnych w zakresie adekwatno\u015bci kapita\u0142owej i nie zapewni bezpiecze\u0144stwa \u015brodk\u00f3w gromadzonych w po\u0142\u0105czonych bankach oraz praw ich klient\u00f3w\u201d.<\/p>\n<p>&#13;<br \/>\n&#13;<\/p>\n<p>Dodano, \u017ce oba banki, mimo ponawianych wezwa\u0144, \u201enie przedstawili KNF kluczowych dla post\u0119powania zaktualizowanych danych i projekcji finansowych dla banku powsta\u0142ego w wyniku po\u0142\u0105czenia\u201d oraz \u201enie wykazali spe\u0142nienia przez po\u0142\u0105czony bank wymog\u00f3w kapita\u0142owych wynikaj\u0105cych z przepis\u00f3w praw\u201d.<\/p>\n<p>&#13;<br \/>\n&#13;<\/p>\n<p>W mijaj\u0105cym tygodniu Getin Noble Bank poinformowa\u0142, \u017ce dosta\u0142 dwie niewi\u0105\u017c\u0105ce oferty inwestycyjne od funduszy private equity. &#8211; Oferty zawieraj\u0105 szereg warunk\u00f3w, w tym mi\u0119dzy innymi odnosz\u0105cych si\u0119 do zakupu istniej\u0105cych obecnie akcji banku, uzgodnie\u0144 z organami regulacyjnymi oraz przeprowadzenia dodatkowego badania due diligence banku &#8211; zaznaczono.<\/p>\n<p>&#13;<br \/>\n&#13;<\/p>\n<p><span style=\"font-size:20px;\"><strong>Idea Bank zapowiada zmniejszenie skali dzia\u0142ania<\/strong><\/span><\/p>\n<p>&#13;<br \/>\n&#13;<\/p>\n<p>W sprawozdaniu z pierwszego kwarta\u0142u br. Idea Bank w swoim sprawozdaniu poinformowa\u0142, \u017ce przedstawi\u0142 Komisji Nadzoru Finansowego za\u0142o\u017cenia dzia\u0142ania na wypadek, je\u015bli nie dojdzie do fuzji z Getin Noble Bankiem. Przede wszystkim\u00a0 zamierza wtedy zmniejszy\u0107 sw\u00f3j bilans o ok. 50 proc. poprzez zbycie cz\u0119\u015bci aktyw\u00f3w i dostosowanie skali finansowania. W ten spos\u00f3b spe\u0142nia\u0142by wymogi kapita\u0142owe.<\/p>\n<p>&#13;<br \/>\n&#13;<\/p>\n<p>W takim wariancie konieczne by\u0142oby te\u017c zmniejszenie o kilkadziesi\u0105t proc. koszt\u00f3w operacyjnych. Idea Bank zapewni\u0142, \u017ce \u201etakie dzia\u0142ania powinny doprowadzi\u0107 nie tylko do przywr\u00f3cenia wska\u017anik\u00f3w kapita\u0142owych, ale &#8211; w perspektywie kilku lat &#8211; stworzy\u0142yby r\u00f3wnie\u017c przes\u0142ank\u0119 odbudowy rentowno\u015bci banku\u201d.<\/p>\n<p>&#13;<br \/>\n&#13;<\/p>\n<p>Idea Bank zaznaczy\u0142, \u017ce i tak potrzebowa\u0142by ok. 500 mln z\u0142 od nowego inwestora. W prezentacji dla akcjonariuszy zapowiedzia\u0142, \u017ce oczekuje, \u017ce do ko\u0144ca czerwca zako\u0144cz\u0105 si\u0119 rozmowy z potencjalnymi inwestorami.<\/p>\n<p>&#13;<br \/>\n&#13;<\/p>\n<p>&#8211; Docelowy bank wg tego scenariusza by\u0142y instytucj\u0105 skierowan\u0105 na rozw\u00f3j biznesu leasingowego w oparciu o ju\u017c istniej\u0105ca wsp\u00f3\u0142prac\u0119 z Idea Getin Leasing S.A. (IGL) oraz aktywno\u015b\u0107 w wybranych obszarach biznesowych. Taki portfel odznacza si\u0119 stabiln\u0105 rentowno\u015bci\u0105 przy zachowaniu niskich koszt\u00f3w ryzyka w ca\u0142ym okresie finansowania &#8211; opisano. &#8211; Oferta banku by\u0142aby skierowana przede wszystkim do klient\u00f3w depozytowych, chc\u0105cych dokonywa\u0107 operacji depozytowych samodzielnie poprzez elektroniczne kana\u0142y dost\u0119pu. Nowa oferta produktowa obejmowa\u0142aby przede wszystkim lokaty terminowe oraz rachunki oszcz\u0119dno\u015bciowe. Jednocze\u015bnie Bank planuje kontynuowa\u0107 wsp\u00f3\u0142prac\u0119 z IGL w zakresie rozwijania oferty leasingowej &#8211; dodano w sprawozdaniu Idea Banku.<\/p>\n<p>&#13;<br \/>\n&#13;<\/p>\n<p><span style=\"font-size:20px;\"><strong>Kryzys Idea Banku po dystrybucji obligacji GetBacku<\/strong><\/span><\/p>\n<p>&#13;<br \/>\n&#13;<\/p>\n<p>Kryzys biznesowy Idea Banku trwaj\u0105cy od listopada ub.r. wynika m.in. z dystrybucji przez bank obligacji firmy windykacyjnej GetBack, kt\u00f3ra w kwietniu ub.r. og\u0142osi\u0142a niewyp\u0142acalno\u015b\u0107. Wcze\u015bniej bezpo\u015brednio i poprzez banki sprzeda\u0142a swoje obligacje za ok. 2,6 mld z\u0142, natomiast wed\u0142ug uk\u0142adu zawartego z wierzycielami na pocz\u0105tku br. (na pocz\u0105tku czerwca o jego zatwierdzeniu b\u0119dzie decydowa\u0142 s\u0105d).<\/p>\n<p>&#13;<br \/>\n&#13;<\/p>\n<p>Na pocz\u0105tku listopada ub.r. w zwi\u0105zku z nadu\u017cyciami przy oferowaniu obligacji GetBacku Idea Bank zosta\u0142 wpisany przez Komisj\u0119 Nadzoru Finansowego na list\u0119 alert\u00f3w w zwi\u0105zku ze sprzeda\u017c\u0105 obligacji GetBacku. Jednocze\u015bnie Leszek Czarnecki, wi\u0119kszo\u015bciowy akcjonariusz Idea Banku i Getin Noble Banku, zawiadomi\u0142 prokuratur\u0119 o mo\u017cliwo\u015bci pope\u0142nienia przest\u0119pstwa przez \u00f3wczesnego szefa KNF (\u201eGazeta Wyborcza\u201d opublikowa\u0142a ich rozmow\u0119 nagran\u0105 przez Czarneckiego).<\/p>\n<p>&#13;<br \/>\n&#13;<\/p>\n<p>Wielu klient\u00f3w Idea Banku i Getin Noble Banku zdecydowa\u0142o si\u0119 wycofa\u0107 z nich swoje \u015brodki. Getin i Idea mocno podnios\u0142y oprocentowanie lokat (z ok. 3 proc. do 3,5, a nawet 3,9 proc.), umo\u017cliwi\u0142y te\u017c zrywanie ich przed terminem bez utraty odsetek. W materia\u0142ach marketingowych podkre\u015bla\u0142y, \u017ce depozyty do warto\u015bci 100 tys. euro s\u0105 chronione przez Bankowy Fundusz Gwarancyjny. W po\u0142owie marca oba banki poinformowa\u0142y, \u017ce w drugiej po\u0142owie listopada ub.r. po\u017cyczy\u0142y z Narodowego Banku Polskiego 5,84 mld z\u0142 na zachowanie p\u0142ynno\u015bci p\u0142atniczej. Zwr\u00f3ci\u0142y te \u015brodki w styczniu i lutym br. W kwietniu br. Idea Bank nadal oferowa\u0142 lokaty z oprocentowaniem 3,2-3,5 proc.<\/p>\n<p>&#13;<br \/>\n&#13;<\/p>\n<p><span style=\"font-size:20px;\"><strong>Reklamacje i pozwy od klient\u00f3w<\/strong><\/span><\/p>\n<p>&#13;<br \/>\n&#13;<\/p>\n<p>W sprawozdaniu za ub.r. Idea Bank poinformowa\u0142, \u017ce do 29 kwietnia br. reklamacje skierowa\u0142o 1 935 klient\u00f3w, kt\u00f3rzy za jego po\u015brednictwem kupili obligacje GetBacku na kwot\u0119 356,6 mln z\u0142. Rozpatrzono 1 881 skarg i zawarto ugody na \u0142\u0105czn\u0105 kwot\u0119 6,7 mln z\u0142 z 41 klientami.<\/p>\n<p>&#13;<br \/>\n&#13;<\/p>\n<p>Og\u00f3\u0142em do post\u0119powania ugodowego skierowano skargi 148 klient\u00f3w, kt\u00f3rzy kupli papiery d\u0142u\u017cne GetBacku za ok. 23,7 mln z\u0142. Do Idea Banku wp\u0142yn\u0119\u0142o te\u017c 15 pozw\u00f3w od klient\u00f3w dotycz\u0105cych nabycia obligacji GetBacku za \u0142\u0105cznie 4,03 mln z\u0142.<\/p>\n<p>&#13;<br \/>\n&#13;<\/p>\n<p>W zesz\u0142ym tygodniu \u201eDziennik Gazeta Prawna\u201d i \u201eRzeczpospolita\u201d poinformowa\u0142y, \u017ce do roszcze\u0144 niekt\u00f3rych poszkodowanych klient\u00f3w, kt\u00f3rzy za po\u015brednictwem Idea Banku i Polskiego Domu Maklerskiego kupili obligacje GetBacku, w\u0142\u0105czy\u0142a si\u0119 prokuratura. Chodzi o osoby, kt\u00f3re przedstawiciele Idea Banku wprowadzili w b\u0142\u0105d, zapewniaj\u0105c, \u017ce chodzi o inwestycj\u0119 pewn\u0105 jak lokata, oraz wype\u0142niaj\u0105c za nie niekt\u00f3re dokumenty.<\/p>\n<p>&#13;<br \/>\n&#13;<\/p>\n<p>\u201eDGP\u201d i \u201eRz\u201d opisa\u0142y przypadek, w kt\u00f3rym doradca Idea Banku Micha\u0142 K. (ma w sprawie postawione zarzuty karne) nam\u00f3wi\u0142 emerytk\u0119 na zakup papier\u00f3w d\u0142u\u017cnych GetBacku za 380 tys. z\u0142, kt\u00f3re mia\u0142a na lokatach, przekonuj\u0105c, \u017ce w\u0142a\u015bnie tyle wynosi minimalny zapis. Zesp\u00f3\u0142 cywilny prokurator\u00f3w w pozwie w imieniu emerytki domaga si\u0119 od Idea Banku i Polskiego Domu Maklerskiego zwrotu ca\u0142ej zainwestowanej kwoty z odsetkami. Niebawem prokuratorzy maj\u0105 sk\u0142ada\u0107 kolejne podobne pozwy w imieniu innych poszkodowanych klient\u00f3w.<\/p>\n<p>&#13;<br \/>\n&#13;<\/p>\n<p><span style=\"font-size:20px;\"><strong>Zatrzymania by\u0142ych mened\u017cer\u00f3w Idea Banku<\/strong><\/span><\/p>\n<p>&#13;<br \/>\n&#13;<\/p>\n<p>Pod koniec lutego br. w ramach \u015bledztwa dot. GetBacku na zlecenie prokuratury zatrzymano 18 by\u0142ych mened\u017cer\u00f3w Idea Banku, m.in. wieloletniego prezesa Jaros\u0142awa Augustyniaka (zgodzi\u0142 si\u0119 na podawanie pe\u0142nego nazwiska), innych by\u0142ych cz\u0142onk\u00f3w zarz\u0105du i dyrektor\u00f3w w banku. Postawiono im zarzuty zwi\u0105zane z wprowadzaniem klient\u00f3w w b\u0142\u0105d co do gwarancji zysku i bezpiecze\u0144stwa inwestowania w papiery d\u0142u\u017cne GetBacku.<\/p>\n<p>&#13;<br \/>\n&#13;<\/p>\n<p>Wed\u0142ug prokuratury doprowadzili 400 klient\u00f3w do start o \u0142\u0105cznej warto\u015bci 89,3 mln z\u0142. Wed\u0142ug ustale\u0144 \u201eDziennika Gazety Prawnej\u201d Augustyniak nie przyzna\u0142 si\u0119 do winy, natomiast z\u0142o\u017cy\u0142 obszerne wyja\u015bnienia i wsp\u00f3\u0142pracuje z organami \u015bcigania.<\/p>\n<p>&#13;<br \/>\n&#13;<\/p>\n<p>Na pocz\u0105tku kwietnia zatrzymano w tej sprawie kolejne 11 os\u00f3b, m.in. by\u0142ego dyrektora dzia\u0142u prawnego i zarazem prokurenta Idea Banku oraz sze\u015bciu pracownik\u00f3w, kt\u00f3rzy sprzedawali obligacje GetBacku. Wed\u0142ug \u015bledczych wszyscy zatrzymani mieli doprowadzi\u0107 407 klient\u00f3w Idea Banku do niekorzystnego rozporz\u0105dzania mieniem o warto\u015bci 91,4 mln z\u0142.<\/p>\n<p>&#13;<br \/>\n&#13;<\/p>\n<p>Leszek Czarnecki 5 marca zosta\u0142 zapytany o pierwsze z tych zatrzyma\u0144 i sprzeda\u017c przez Idea Bank obligacji GetBacku przez reportera Magazynu \u015bledczego Anity Gargas\u201d, kiedy wychodzi\u0142 z przes\u0142uchania w siedzibie CBA. Biznesmen zaatakowa\u0142 filmuj\u0105cego to operatora kamery.<\/p>\n<p>&#13;<br \/>\n&#13;<\/p>\n<p>Wi\u0119kszo\u015bciowym akcjonariuszem<strong> <\/strong>Idea Banku jest Getin Holding (ma walory stanowi\u0105ce 54,43 proc. kapita\u0142u) kontrolowany przez Leszka Czarneckiego. Bezpo\u015brednio do Czarneckiego nale\u017cy 9,84 proc. akcji, a do Getin Noble Banku &#8211; 9,99 proc.<\/p>\n<p>&#13;<br \/>\n&#13;<\/p>\n<p>Bank jest notowany na warszawskiej gie\u0142dzie od wiosny 2015 roku. We wtorek na koniec sesji kurs banku wynosi\u0142 2,155 z\u0142, przy takiej cenie jego kapitalizacja gie\u0142dowa to 168,9 mln z\u0142.<\/p>\n<p>&#13;<br \/>\n&#13;<\/p>\n<p>&#13;<br \/>\n                            &#13;<br \/>\n&#13;<br \/>\n                            &#13;<br \/>\n&#13;<br \/>\n&#13;<br \/>\n&#13;<br \/>\n&#13;<br \/>\n&#13;<br \/>\n                            &#13;<br \/>\n                                                            &#13;<br \/>\n&#13;<br \/>\n                            &#13;\n                        <\/p><\/div>\n<p><script>(function (d, s, id) {\n        var js, fjs = d.getElementsByTagName(s)[0];\n        if (d.getElementById(id)) return;\n        js = d.createElement(s);\n        js.id = id;\n        js.src = \"http:\/\/connect.facebook.net\/pl_PL\/sdk.js#xfbml=1&version=v2.6&appId=297996717062470\";\n        fjs.parentNode.insertBefore(js, fjs);\n    }(document, 'script', 'facebook-jssdk'));<\/script><br \/>\n<br \/>[ad_2]<br \/>\n<br \/><a href=\"https:\/\/www.wirtualnemedia.pl\/artykul\/idea-bank-praca-zwolnienia-750-pracownikow-restrukturyzacja-kosztow-dzialania\">Source link <\/a><\/p>\n","protected":false},"excerpt":{"rendered":"<p>[ad_1] W \u015brod\u0119 w komunikacie gie\u0142dowym poinformowano, \u017ce zarz\u0105d Idea Banku powiadomi przedstawicieli pracownik\u00f3w o przyczynach zamierzonego grupowego zwolnienia oraz zwr\u00f3ci si\u0119 do nich o przyst\u0105pienie do konsultacji dotycz\u0105cych warunk\u00f3w zwolnie\u0144. Poinformuje te\u017c o tym w\u0142a\u015bciwy urz\u0105d pracy. &#13; &#13; Zaznaczono, \u017ce kolejny komunikat o zwolnieniach zostanie opublikowany po przeprowadzeniu tych procedur. &#13; &#13; W [&hellip;]<\/p>\n","protected":false},"author":2,"featured_media":1787,"comment_status":"open","ping_status":"open","sticky":false,"template":"","format":"standard","meta":{"footnotes":""},"categories":[2],"tags":[],"class_list":["post-1786","post","type-post","status-publish","format-standard","has-post-thumbnail","hentry","category-wiadomosci-marketingowe-internetowe"],"yoast_head":"<!-- This site is optimized with the Yoast SEO plugin v27.4 - https:\/\/yoast.com\/product\/yoast-seo-wordpress\/ -->\n<title>zwolnienia 750 pracownik\u00f3w, restrukturyzacja koszt\u00f3w dzia\u0142ania - Favorite News<\/title>\n<meta name=\"robots\" content=\"index, follow, max-snippet:-1, max-image-preview:large, max-video-preview:-1\" \/>\n<link rel=\"canonical\" href=\"https:\/\/favorite-news.com\/pl\/zwolnienia-750-pracownikow-restrukturyzacja-kosztow-dzialania\/\" \/>\n<meta property=\"og:locale\" content=\"pl_PL\" \/>\n<meta property=\"og:type\" content=\"article\" \/>\n<meta property=\"og:title\" content=\"zwolnienia 750 pracownik\u00f3w, restrukturyzacja koszt\u00f3w dzia\u0142ania - Favorite News\" \/>\n<meta property=\"og:description\" content=\"[ad_1] W \u015brod\u0119 w komunikacie gie\u0142dowym poinformowano, \u017ce zarz\u0105d Idea Banku powiadomi przedstawicieli pracownik\u00f3w o przyczynach zamierzonego grupowego zwolnienia oraz zwr\u00f3ci si\u0119 do nich o przyst\u0105pienie do konsultacji dotycz\u0105cych warunk\u00f3w zwolnie\u0144. Poinformuje te\u017c o tym w\u0142a\u015bciwy urz\u0105d pracy. &#013; &#013; Zaznaczono, \u017ce kolejny komunikat o zwolnieniach zostanie opublikowany po przeprowadzeniu tych procedur. &#013; &#013; W [&hellip;]\" \/>\n<meta property=\"og:url\" content=\"https:\/\/favorite-news.com\/pl\/zwolnienia-750-pracownikow-restrukturyzacja-kosztow-dzialania\/\" \/>\n<meta property=\"og:site_name\" content=\"Favorite News\" \/>\n<meta property=\"article:published_time\" content=\"2019-06-20T01:43:29+00:00\" \/>\n<meta property=\"article:modified_time\" content=\"2019-06-20T01:43:30+00:00\" \/>\n<meta property=\"og:image\" content=\"https:\/\/favorite-news.com\/pl\/wp-content\/uploads\/sites\/6\/2019\/06\/zwolnienia-750-pracownik\u00f3w-restrukturyzacja-koszt\u00f3w-dzia\u0142ania.png\" \/>\n\t<meta property=\"og:image:width\" content=\"965\" \/>\n\t<meta property=\"og:image:height\" content=\"293\" \/>\n\t<meta property=\"og:image:type\" content=\"image\/png\" \/>\n<meta name=\"author\" content=\"favorite-news\" \/>\n<meta name=\"twitter:card\" content=\"summary_large_image\" \/>\n<meta name=\"twitter:label1\" content=\"Napisane przez\" \/>\n\t<meta name=\"twitter:data1\" content=\"favorite-news\" \/>\n\t<meta name=\"twitter:label2\" content=\"Szacowany czas czytania\" \/>\n\t<meta name=\"twitter:data2\" content=\"9 minut\" \/>\n<script type=\"application\/ld+json\" class=\"yoast-schema-graph\">{\"@context\":\"https:\\\/\\\/schema.org\",\"@graph\":[{\"@type\":\"Article\",\"@id\":\"https:\\\/\\\/favorite-news.com\\\/pl\\\/zwolnienia-750-pracownikow-restrukturyzacja-kosztow-dzialania\\\/#article\",\"isPartOf\":{\"@id\":\"https:\\\/\\\/favorite-news.com\\\/pl\\\/zwolnienia-750-pracownikow-restrukturyzacja-kosztow-dzialania\\\/\"},\"author\":{\"name\":\"favorite-news\",\"@id\":\"https:\\\/\\\/favorite-news.com\\\/pl\\\/#\\\/schema\\\/person\\\/b91573b717dcfa5e4696032a9d28d3e8\"},\"headline\":\"zwolnienia 750 pracownik\u00f3w, restrukturyzacja koszt\u00f3w dzia\u0142ania\",\"datePublished\":\"2019-06-20T01:43:29+00:00\",\"dateModified\":\"2019-06-20T01:43:30+00:00\",\"mainEntityOfPage\":{\"@id\":\"https:\\\/\\\/favorite-news.com\\\/pl\\\/zwolnienia-750-pracownikow-restrukturyzacja-kosztow-dzialania\\\/\"},\"wordCount\":1760,\"commentCount\":0,\"image\":{\"@id\":\"https:\\\/\\\/favorite-news.com\\\/pl\\\/zwolnienia-750-pracownikow-restrukturyzacja-kosztow-dzialania\\\/#primaryimage\"},\"thumbnailUrl\":\"https:\\\/\\\/favorite-news.com\\\/pl\\\/wp-content\\\/uploads\\\/sites\\\/6\\\/2019\\\/06\\\/zwolnienia-750-pracownik\u00f3w-restrukturyzacja-koszt\u00f3w-dzia\u0142ania.png\",\"articleSection\":[\"WIADOMO\u015aCI MARKETINGOWE INTERNETOWE\"],\"inLanguage\":\"pl-PL\",\"potentialAction\":[{\"@type\":\"CommentAction\",\"name\":\"Comment\",\"target\":[\"https:\\\/\\\/favorite-news.com\\\/pl\\\/zwolnienia-750-pracownikow-restrukturyzacja-kosztow-dzialania\\\/#respond\"]}]},{\"@type\":\"WebPage\",\"@id\":\"https:\\\/\\\/favorite-news.com\\\/pl\\\/zwolnienia-750-pracownikow-restrukturyzacja-kosztow-dzialania\\\/\",\"url\":\"https:\\\/\\\/favorite-news.com\\\/pl\\\/zwolnienia-750-pracownikow-restrukturyzacja-kosztow-dzialania\\\/\",\"name\":\"zwolnienia 750 pracownik\u00f3w, restrukturyzacja koszt\u00f3w dzia\u0142ania - Favorite News\",\"isPartOf\":{\"@id\":\"https:\\\/\\\/favorite-news.com\\\/pl\\\/#website\"},\"primaryImageOfPage\":{\"@id\":\"https:\\\/\\\/favorite-news.com\\\/pl\\\/zwolnienia-750-pracownikow-restrukturyzacja-kosztow-dzialania\\\/#primaryimage\"},\"image\":{\"@id\":\"https:\\\/\\\/favorite-news.com\\\/pl\\\/zwolnienia-750-pracownikow-restrukturyzacja-kosztow-dzialania\\\/#primaryimage\"},\"thumbnailUrl\":\"https:\\\/\\\/favorite-news.com\\\/pl\\\/wp-content\\\/uploads\\\/sites\\\/6\\\/2019\\\/06\\\/zwolnienia-750-pracownik\u00f3w-restrukturyzacja-koszt\u00f3w-dzia\u0142ania.png\",\"datePublished\":\"2019-06-20T01:43:29+00:00\",\"dateModified\":\"2019-06-20T01:43:30+00:00\",\"author\":{\"@id\":\"https:\\\/\\\/favorite-news.com\\\/pl\\\/#\\\/schema\\\/person\\\/b91573b717dcfa5e4696032a9d28d3e8\"},\"breadcrumb\":{\"@id\":\"https:\\\/\\\/favorite-news.com\\\/pl\\\/zwolnienia-750-pracownikow-restrukturyzacja-kosztow-dzialania\\\/#breadcrumb\"},\"inLanguage\":\"pl-PL\",\"potentialAction\":[{\"@type\":\"ReadAction\",\"target\":[\"https:\\\/\\\/favorite-news.com\\\/pl\\\/zwolnienia-750-pracownikow-restrukturyzacja-kosztow-dzialania\\\/\"]}]},{\"@type\":\"ImageObject\",\"inLanguage\":\"pl-PL\",\"@id\":\"https:\\\/\\\/favorite-news.com\\\/pl\\\/zwolnienia-750-pracownikow-restrukturyzacja-kosztow-dzialania\\\/#primaryimage\",\"url\":\"https:\\\/\\\/favorite-news.com\\\/pl\\\/wp-content\\\/uploads\\\/sites\\\/6\\\/2019\\\/06\\\/zwolnienia-750-pracownik\u00f3w-restrukturyzacja-koszt\u00f3w-dzia\u0142ania.png\",\"contentUrl\":\"https:\\\/\\\/favorite-news.com\\\/pl\\\/wp-content\\\/uploads\\\/sites\\\/6\\\/2019\\\/06\\\/zwolnienia-750-pracownik\u00f3w-restrukturyzacja-koszt\u00f3w-dzia\u0142ania.png\",\"width\":965,\"height\":293,\"caption\":\"zwolnienia 750 pracownik\u00f3w, restrukturyzacja koszt\u00f3w dzia\u0142ania\"},{\"@type\":\"BreadcrumbList\",\"@id\":\"https:\\\/\\\/favorite-news.com\\\/pl\\\/zwolnienia-750-pracownikow-restrukturyzacja-kosztow-dzialania\\\/#breadcrumb\",\"itemListElement\":[{\"@type\":\"ListItem\",\"position\":1,\"name\":\"Home\",\"item\":\"https:\\\/\\\/favorite-news.com\\\/pl\\\/\"},{\"@type\":\"ListItem\",\"position\":2,\"name\":\"zwolnienia 750 pracownik\u00f3w, restrukturyzacja koszt\u00f3w dzia\u0142ania\"}]},{\"@type\":\"WebSite\",\"@id\":\"https:\\\/\\\/favorite-news.com\\\/pl\\\/#website\",\"url\":\"https:\\\/\\\/favorite-news.com\\\/pl\\\/\",\"name\":\"Favorite News\",\"description\":\"Favorite News Polska\",\"potentialAction\":[{\"@type\":\"SearchAction\",\"target\":{\"@type\":\"EntryPoint\",\"urlTemplate\":\"https:\\\/\\\/favorite-news.com\\\/pl\\\/?s={search_term_string}\"},\"query-input\":{\"@type\":\"PropertyValueSpecification\",\"valueRequired\":true,\"valueName\":\"search_term_string\"}}],\"inLanguage\":\"pl-PL\"},{\"@type\":\"Person\",\"@id\":\"https:\\\/\\\/favorite-news.com\\\/pl\\\/#\\\/schema\\\/person\\\/b91573b717dcfa5e4696032a9d28d3e8\",\"name\":\"favorite-news\",\"image\":{\"@type\":\"ImageObject\",\"inLanguage\":\"pl-PL\",\"@id\":\"https:\\\/\\\/secure.gravatar.com\\\/avatar\\\/6c5a5cb12b74e9d517ee91cf570335b7d16177f1977cc91db161adfa435945a7?s=96&d=mm&r=g\",\"url\":\"https:\\\/\\\/secure.gravatar.com\\\/avatar\\\/6c5a5cb12b74e9d517ee91cf570335b7d16177f1977cc91db161adfa435945a7?s=96&d=mm&r=g\",\"contentUrl\":\"https:\\\/\\\/secure.gravatar.com\\\/avatar\\\/6c5a5cb12b74e9d517ee91cf570335b7d16177f1977cc91db161adfa435945a7?s=96&d=mm&r=g\",\"caption\":\"favorite-news\"},\"url\":\"https:\\\/\\\/favorite-news.com\\\/pl\\\/author\\\/pt\\\/\"}]}<\/script>\n<!-- \/ Yoast SEO plugin. -->","yoast_head_json":{"title":"zwolnienia 750 pracownik\u00f3w, restrukturyzacja koszt\u00f3w dzia\u0142ania - Favorite News","robots":{"index":"index","follow":"follow","max-snippet":"max-snippet:-1","max-image-preview":"max-image-preview:large","max-video-preview":"max-video-preview:-1"},"canonical":"https:\/\/favorite-news.com\/pl\/zwolnienia-750-pracownikow-restrukturyzacja-kosztow-dzialania\/","og_locale":"pl_PL","og_type":"article","og_title":"zwolnienia 750 pracownik\u00f3w, restrukturyzacja koszt\u00f3w dzia\u0142ania - Favorite News","og_description":"[ad_1] W \u015brod\u0119 w komunikacie gie\u0142dowym poinformowano, \u017ce zarz\u0105d Idea Banku powiadomi przedstawicieli pracownik\u00f3w o przyczynach zamierzonego grupowego zwolnienia oraz zwr\u00f3ci si\u0119 do nich o przyst\u0105pienie do konsultacji dotycz\u0105cych warunk\u00f3w zwolnie\u0144. Poinformuje te\u017c o tym w\u0142a\u015bciwy urz\u0105d pracy. &#13; &#13; Zaznaczono, \u017ce kolejny komunikat o zwolnieniach zostanie opublikowany po przeprowadzeniu tych procedur. &#13; &#13; W [&hellip;]","og_url":"https:\/\/favorite-news.com\/pl\/zwolnienia-750-pracownikow-restrukturyzacja-kosztow-dzialania\/","og_site_name":"Favorite News","article_published_time":"2019-06-20T01:43:29+00:00","article_modified_time":"2019-06-20T01:43:30+00:00","og_image":[{"width":965,"height":293,"url":"https:\/\/favorite-news.com\/pl\/wp-content\/uploads\/sites\/6\/2019\/06\/zwolnienia-750-pracownik\u00f3w-restrukturyzacja-koszt\u00f3w-dzia\u0142ania.png","type":"image\/png"}],"author":"favorite-news","twitter_card":"summary_large_image","twitter_misc":{"Napisane przez":"favorite-news","Szacowany czas czytania":"9 minut"},"schema":{"@context":"https:\/\/schema.org","@graph":[{"@type":"Article","@id":"https:\/\/favorite-news.com\/pl\/zwolnienia-750-pracownikow-restrukturyzacja-kosztow-dzialania\/#article","isPartOf":{"@id":"https:\/\/favorite-news.com\/pl\/zwolnienia-750-pracownikow-restrukturyzacja-kosztow-dzialania\/"},"author":{"name":"favorite-news","@id":"https:\/\/favorite-news.com\/pl\/#\/schema\/person\/b91573b717dcfa5e4696032a9d28d3e8"},"headline":"zwolnienia 750 pracownik\u00f3w, restrukturyzacja koszt\u00f3w dzia\u0142ania","datePublished":"2019-06-20T01:43:29+00:00","dateModified":"2019-06-20T01:43:30+00:00","mainEntityOfPage":{"@id":"https:\/\/favorite-news.com\/pl\/zwolnienia-750-pracownikow-restrukturyzacja-kosztow-dzialania\/"},"wordCount":1760,"commentCount":0,"image":{"@id":"https:\/\/favorite-news.com\/pl\/zwolnienia-750-pracownikow-restrukturyzacja-kosztow-dzialania\/#primaryimage"},"thumbnailUrl":"https:\/\/favorite-news.com\/pl\/wp-content\/uploads\/sites\/6\/2019\/06\/zwolnienia-750-pracownik\u00f3w-restrukturyzacja-koszt\u00f3w-dzia\u0142ania.png","articleSection":["WIADOMO\u015aCI MARKETINGOWE INTERNETOWE"],"inLanguage":"pl-PL","potentialAction":[{"@type":"CommentAction","name":"Comment","target":["https:\/\/favorite-news.com\/pl\/zwolnienia-750-pracownikow-restrukturyzacja-kosztow-dzialania\/#respond"]}]},{"@type":"WebPage","@id":"https:\/\/favorite-news.com\/pl\/zwolnienia-750-pracownikow-restrukturyzacja-kosztow-dzialania\/","url":"https:\/\/favorite-news.com\/pl\/zwolnienia-750-pracownikow-restrukturyzacja-kosztow-dzialania\/","name":"zwolnienia 750 pracownik\u00f3w, restrukturyzacja koszt\u00f3w dzia\u0142ania - Favorite News","isPartOf":{"@id":"https:\/\/favorite-news.com\/pl\/#website"},"primaryImageOfPage":{"@id":"https:\/\/favorite-news.com\/pl\/zwolnienia-750-pracownikow-restrukturyzacja-kosztow-dzialania\/#primaryimage"},"image":{"@id":"https:\/\/favorite-news.com\/pl\/zwolnienia-750-pracownikow-restrukturyzacja-kosztow-dzialania\/#primaryimage"},"thumbnailUrl":"https:\/\/favorite-news.com\/pl\/wp-content\/uploads\/sites\/6\/2019\/06\/zwolnienia-750-pracownik\u00f3w-restrukturyzacja-koszt\u00f3w-dzia\u0142ania.png","datePublished":"2019-06-20T01:43:29+00:00","dateModified":"2019-06-20T01:43:30+00:00","author":{"@id":"https:\/\/favorite-news.com\/pl\/#\/schema\/person\/b91573b717dcfa5e4696032a9d28d3e8"},"breadcrumb":{"@id":"https:\/\/favorite-news.com\/pl\/zwolnienia-750-pracownikow-restrukturyzacja-kosztow-dzialania\/#breadcrumb"},"inLanguage":"pl-PL","potentialAction":[{"@type":"ReadAction","target":["https:\/\/favorite-news.com\/pl\/zwolnienia-750-pracownikow-restrukturyzacja-kosztow-dzialania\/"]}]},{"@type":"ImageObject","inLanguage":"pl-PL","@id":"https:\/\/favorite-news.com\/pl\/zwolnienia-750-pracownikow-restrukturyzacja-kosztow-dzialania\/#primaryimage","url":"https:\/\/favorite-news.com\/pl\/wp-content\/uploads\/sites\/6\/2019\/06\/zwolnienia-750-pracownik\u00f3w-restrukturyzacja-koszt\u00f3w-dzia\u0142ania.png","contentUrl":"https:\/\/favorite-news.com\/pl\/wp-content\/uploads\/sites\/6\/2019\/06\/zwolnienia-750-pracownik\u00f3w-restrukturyzacja-koszt\u00f3w-dzia\u0142ania.png","width":965,"height":293,"caption":"zwolnienia 750 pracownik\u00f3w, restrukturyzacja koszt\u00f3w dzia\u0142ania"},{"@type":"BreadcrumbList","@id":"https:\/\/favorite-news.com\/pl\/zwolnienia-750-pracownikow-restrukturyzacja-kosztow-dzialania\/#breadcrumb","itemListElement":[{"@type":"ListItem","position":1,"name":"Home","item":"https:\/\/favorite-news.com\/pl\/"},{"@type":"ListItem","position":2,"name":"zwolnienia 750 pracownik\u00f3w, restrukturyzacja koszt\u00f3w dzia\u0142ania"}]},{"@type":"WebSite","@id":"https:\/\/favorite-news.com\/pl\/#website","url":"https:\/\/favorite-news.com\/pl\/","name":"Favorite News","description":"Favorite News Polska","potentialAction":[{"@type":"SearchAction","target":{"@type":"EntryPoint","urlTemplate":"https:\/\/favorite-news.com\/pl\/?s={search_term_string}"},"query-input":{"@type":"PropertyValueSpecification","valueRequired":true,"valueName":"search_term_string"}}],"inLanguage":"pl-PL"},{"@type":"Person","@id":"https:\/\/favorite-news.com\/pl\/#\/schema\/person\/b91573b717dcfa5e4696032a9d28d3e8","name":"favorite-news","image":{"@type":"ImageObject","inLanguage":"pl-PL","@id":"https:\/\/secure.gravatar.com\/avatar\/6c5a5cb12b74e9d517ee91cf570335b7d16177f1977cc91db161adfa435945a7?s=96&d=mm&r=g","url":"https:\/\/secure.gravatar.com\/avatar\/6c5a5cb12b74e9d517ee91cf570335b7d16177f1977cc91db161adfa435945a7?s=96&d=mm&r=g","contentUrl":"https:\/\/secure.gravatar.com\/avatar\/6c5a5cb12b74e9d517ee91cf570335b7d16177f1977cc91db161adfa435945a7?s=96&d=mm&r=g","caption":"favorite-news"},"url":"https:\/\/favorite-news.com\/pl\/author\/pt\/"}]}},"_links":{"self":[{"href":"https:\/\/favorite-news.com\/pl\/wp-json\/wp\/v2\/posts\/1786","targetHints":{"allow":["GET"]}}],"collection":[{"href":"https:\/\/favorite-news.com\/pl\/wp-json\/wp\/v2\/posts"}],"about":[{"href":"https:\/\/favorite-news.com\/pl\/wp-json\/wp\/v2\/types\/post"}],"author":[{"embeddable":true,"href":"https:\/\/favorite-news.com\/pl\/wp-json\/wp\/v2\/users\/2"}],"replies":[{"embeddable":true,"href":"https:\/\/favorite-news.com\/pl\/wp-json\/wp\/v2\/comments?post=1786"}],"version-history":[{"count":1,"href":"https:\/\/favorite-news.com\/pl\/wp-json\/wp\/v2\/posts\/1786\/revisions"}],"predecessor-version":[{"id":1788,"href":"https:\/\/favorite-news.com\/pl\/wp-json\/wp\/v2\/posts\/1786\/revisions\/1788"}],"wp:featuredmedia":[{"embeddable":true,"href":"https:\/\/favorite-news.com\/pl\/wp-json\/wp\/v2\/media\/1787"}],"wp:attachment":[{"href":"https:\/\/favorite-news.com\/pl\/wp-json\/wp\/v2\/media?parent=1786"}],"wp:term":[{"taxonomy":"category","embeddable":true,"href":"https:\/\/favorite-news.com\/pl\/wp-json\/wp\/v2\/categories?post=1786"},{"taxonomy":"post_tag","embeddable":true,"href":"https:\/\/favorite-news.com\/pl\/wp-json\/wp\/v2\/tags?post=1786"}],"curies":[{"name":"wp","href":"https:\/\/api.w.org\/{rel}","templated":true}]}}