{"id":1761,"date":"2019-06-19T15:17:21","date_gmt":"2019-06-19T12:17:21","guid":{"rendered":"https:\/\/favorite-news.com\/pl\/z-duda-polska-do-walk-creative\/"},"modified":"2019-06-19T15:17:22","modified_gmt":"2019-06-19T12:17:22","slug":"z-duda-polska-do-walk-creative","status":"publish","type":"post","link":"https:\/\/favorite-news.com\/pl\/z-duda-polska-do-walk-creative\/","title":{"rendered":"z Duda Polska do Walk Creative"},"content":{"rendered":"<p> [ad_1]<br \/>\n<\/p>\n<div id=\"\">\n<p>Maciej Stojek i Artur Koczergo ostatnio pracowali w agencji reklamowej Duda, kt\u00f3ra przygotowuje kreacje reklam dla sieci sklep\u00f3w Biedronka (Jeronimo Martins Polska). Obaj byli wsp\u00f3\u0142tw\u00f3rcami programu lojalno\u015bciowego Biedronki \u2013 Gang \u015awie\u017cak\u00f3w.<\/p>\n<p>&#13;<br \/>\n&#13;<\/p>\n<p><strong>W Walk Creative obejmuj\u0105 stanowiska creative group head. B\u0119d\u0105 te\u017c odpowiada\u0107 za obs\u0142ug\u0119 firmy Volkswagen Samochody U\u017cytkowe oraz wsparcie zespo\u0142u obs\u0142uguj\u0105cego bie\u017c\u0105cych klient\u00f3w i dzia\u0142a\u0144 new business.<\/strong><\/p>\n<p>&#13;<br \/>\n&#13;<\/p>\n<p><strong>Maciej Stojek <\/strong>przygod\u0119 z reklam\u0105 rozpocz\u0105\u0142 w 1994 roku w niewielkiej wtedy firmie Prografix. Swoj\u0105 p\u00f3\u017aniejsz\u0105 karier\u0119 rozwija\u0142 w takich agencjach jak OgilvyOne, Leo Burnett, Momentum Worldwide, Cheil a ostatnio Duda Polska. Wiedz\u0119 oraz do\u015bwiadczenie zdobywa\u0142 pracuj\u0105c dla polskich i zagranicznych brand\u00f3w z r\u00f3\u017cnych kategorii, m.in. L&amp;M, Marlboro, Danone, Kamis, Bakoma, Red Bull, Bayer, \u015anie\u017cka, Ceresit, Danfoss, Mastercard, PKO BP, Inteligo, Orange, Microsoft, Samsung czy Biedronka. Przez kilka lat prowadzi\u0142 w\u0142asn\u0105 agencj\u0119 reklamow\u0105. Posiada du\u017ce do\u015bwiadczenie i kompetencje w zakresie shoppermarketingu i komunikacji w bran\u017cy Retail.<\/p>\n<p>&#13;<br \/>\n&#13;<\/p>\n<p><strong>Artur Koczergo<\/strong> pierwsze kroki w bran\u017cy reklamowej stawia\u0142 w 1996 roku jako copywriter w agencji Lintas. Pracowa\u0142 dla polskich i zagranicznych agencji, takich jak BBDO, D\u2019Arcy, McCann Erickson, Brainshop U-boot, Nader Advertising, Altavia Interactive, Duda Ads, jako copywriter, creative group head czy creative director. Tworzy\u0142 kampanie dla wi\u0119kszo\u015bci kategorii produktowych i dla wielu kluczowych marek, w tym dla Unilever, Procter&amp;Gamble, Daewoo, Bayer, Frito Lay, Master Foods, Pepsi, Coca-Cola, Era GSM, Polkomtel, Volvo, L\u2019Oreal czy Biedronka.<\/p>\n<p>&#13;<br \/>\n                            &#13;<br \/>\n&#13;<br \/>\n                            &#13;<br \/>\n&#13;<br \/>\n&#13;<br \/>\n&#13;<br \/>\n&#13;<br \/>\n&#13;<br \/>\n                            &#13;<br \/>\n                                                            &#13;<br \/>\n&#13;<br \/>\n                            &#13;\n                        <\/p><\/div>\n<p><script>(function (d, s, id) {\n        var js, fjs = d.getElementsByTagName(s)[0];\n        if (d.getElementById(id)) return;\n        js = d.createElement(s);\n        js.id = id;\n        js.src = \"http:\/\/connect.facebook.net\/pl_PL\/sdk.js#xfbml=1&version=v2.6&appId=297996717062470\";\n        fjs.parentNode.insertBefore(js, fjs);\n    }(document, 'script', 'facebook-jssdk'));<\/script><br \/>\n<br \/>[ad_2]<br \/>\n<br \/><a href=\"https:\/\/www.wirtualnemedia.pl\/artykul\/maciej-stojek-i-artur-koczergo-z-duda-polska-do-walk-creative\">Source link <\/a><\/p>\n","protected":false},"excerpt":{"rendered":"<p>[ad_1] Maciej Stojek i Artur Koczergo ostatnio pracowali w agencji reklamowej Duda, kt\u00f3ra przygotowuje kreacje reklam dla sieci sklep\u00f3w Biedronka (Jeronimo Martins Polska). Obaj byli wsp\u00f3\u0142tw\u00f3rcami programu lojalno\u015bciowego Biedronki \u2013 Gang \u015awie\u017cak\u00f3w. &#13; &#13; W Walk Creative obejmuj\u0105 stanowiska creative group head. B\u0119d\u0105 te\u017c odpowiada\u0107 za obs\u0142ug\u0119 firmy Volkswagen Samochody U\u017cytkowe oraz wsparcie zespo\u0142u obs\u0142uguj\u0105cego [&hellip;]<\/p>\n","protected":false},"author":2,"featured_media":1762,"comment_status":"open","ping_status":"open","sticky":false,"template":"","format":"standard","meta":{"footnotes":""},"categories":[2],"tags":[],"class_list":["post-1761","post","type-post","status-publish","format-standard","has-post-thumbnail","hentry","category-wiadomosci-marketingowe-internetowe"],"yoast_head":"<!-- This site is optimized with the Yoast SEO plugin v27.4 - https:\/\/yoast.com\/product\/yoast-seo-wordpress\/ -->\n<title>z Duda Polska do Walk Creative - Favorite News<\/title>\n<meta name=\"robots\" content=\"index, follow, max-snippet:-1, max-image-preview:large, max-video-preview:-1\" \/>\n<link rel=\"canonical\" href=\"https:\/\/favorite-news.com\/pl\/z-duda-polska-do-walk-creative\/\" \/>\n<meta property=\"og:locale\" content=\"pl_PL\" \/>\n<meta property=\"og:type\" content=\"article\" \/>\n<meta property=\"og:title\" content=\"z Duda Polska do Walk Creative - Favorite News\" \/>\n<meta property=\"og:description\" content=\"[ad_1] Maciej Stojek i Artur Koczergo ostatnio pracowali w agencji reklamowej Duda, kt\u00f3ra przygotowuje kreacje reklam dla sieci sklep\u00f3w Biedronka (Jeronimo Martins Polska). Obaj byli wsp\u00f3\u0142tw\u00f3rcami programu lojalno\u015bciowego Biedronki \u2013 Gang \u015awie\u017cak\u00f3w. &#013; &#013; W Walk Creative obejmuj\u0105 stanowiska creative group head. B\u0119d\u0105 te\u017c odpowiada\u0107 za obs\u0142ug\u0119 firmy Volkswagen Samochody U\u017cytkowe oraz wsparcie zespo\u0142u obs\u0142uguj\u0105cego [&hellip;]\" \/>\n<meta property=\"og:url\" content=\"https:\/\/favorite-news.com\/pl\/z-duda-polska-do-walk-creative\/\" \/>\n<meta property=\"og:site_name\" content=\"Favorite News\" \/>\n<meta property=\"article:published_time\" content=\"2019-06-19T12:17:21+00:00\" \/>\n<meta property=\"article:modified_time\" content=\"2019-06-19T12:17:22+00:00\" \/>\n<meta property=\"og:image\" content=\"https:\/\/favorite-news.com\/pl\/wp-content\/uploads\/sites\/6\/2019\/06\/z-Duda-Polska-do-Walk-Creative.png\" \/>\n\t<meta property=\"og:image:width\" content=\"655\" \/>\n\t<meta property=\"og:image:height\" content=\"396\" \/>\n\t<meta property=\"og:image:type\" content=\"image\/png\" \/>\n<meta name=\"author\" content=\"favorite-news\" \/>\n<meta name=\"twitter:card\" content=\"summary_large_image\" \/>\n<meta name=\"twitter:label1\" content=\"Napisane przez\" \/>\n\t<meta name=\"twitter:data1\" content=\"favorite-news\" \/>\n\t<meta name=\"twitter:label2\" content=\"Szacowany czas czytania\" \/>\n\t<meta name=\"twitter:data2\" content=\"1 minuta\" \/>\n<script type=\"application\/ld+json\" class=\"yoast-schema-graph\">{\"@context\":\"https:\\\/\\\/schema.org\",\"@graph\":[{\"@type\":\"Article\",\"@id\":\"https:\\\/\\\/favorite-news.com\\\/pl\\\/z-duda-polska-do-walk-creative\\\/#article\",\"isPartOf\":{\"@id\":\"https:\\\/\\\/favorite-news.com\\\/pl\\\/z-duda-polska-do-walk-creative\\\/\"},\"author\":{\"name\":\"favorite-news\",\"@id\":\"https:\\\/\\\/favorite-news.com\\\/pl\\\/#\\\/schema\\\/person\\\/b91573b717dcfa5e4696032a9d28d3e8\"},\"headline\":\"z Duda Polska do Walk Creative\",\"datePublished\":\"2019-06-19T12:17:21+00:00\",\"dateModified\":\"2019-06-19T12:17:22+00:00\",\"mainEntityOfPage\":{\"@id\":\"https:\\\/\\\/favorite-news.com\\\/pl\\\/z-duda-polska-do-walk-creative\\\/\"},\"wordCount\":262,\"commentCount\":0,\"image\":{\"@id\":\"https:\\\/\\\/favorite-news.com\\\/pl\\\/z-duda-polska-do-walk-creative\\\/#primaryimage\"},\"thumbnailUrl\":\"https:\\\/\\\/favorite-news.com\\\/pl\\\/wp-content\\\/uploads\\\/sites\\\/6\\\/2019\\\/06\\\/z-Duda-Polska-do-Walk-Creative.png\",\"articleSection\":[\"WIADOMO\u015aCI MARKETINGOWE INTERNETOWE\"],\"inLanguage\":\"pl-PL\",\"potentialAction\":[{\"@type\":\"CommentAction\",\"name\":\"Comment\",\"target\":[\"https:\\\/\\\/favorite-news.com\\\/pl\\\/z-duda-polska-do-walk-creative\\\/#respond\"]}]},{\"@type\":\"WebPage\",\"@id\":\"https:\\\/\\\/favorite-news.com\\\/pl\\\/z-duda-polska-do-walk-creative\\\/\",\"url\":\"https:\\\/\\\/favorite-news.com\\\/pl\\\/z-duda-polska-do-walk-creative\\\/\",\"name\":\"z Duda Polska do Walk Creative - Favorite News\",\"isPartOf\":{\"@id\":\"https:\\\/\\\/favorite-news.com\\\/pl\\\/#website\"},\"primaryImageOfPage\":{\"@id\":\"https:\\\/\\\/favorite-news.com\\\/pl\\\/z-duda-polska-do-walk-creative\\\/#primaryimage\"},\"image\":{\"@id\":\"https:\\\/\\\/favorite-news.com\\\/pl\\\/z-duda-polska-do-walk-creative\\\/#primaryimage\"},\"thumbnailUrl\":\"https:\\\/\\\/favorite-news.com\\\/pl\\\/wp-content\\\/uploads\\\/sites\\\/6\\\/2019\\\/06\\\/z-Duda-Polska-do-Walk-Creative.png\",\"datePublished\":\"2019-06-19T12:17:21+00:00\",\"dateModified\":\"2019-06-19T12:17:22+00:00\",\"author\":{\"@id\":\"https:\\\/\\\/favorite-news.com\\\/pl\\\/#\\\/schema\\\/person\\\/b91573b717dcfa5e4696032a9d28d3e8\"},\"breadcrumb\":{\"@id\":\"https:\\\/\\\/favorite-news.com\\\/pl\\\/z-duda-polska-do-walk-creative\\\/#breadcrumb\"},\"inLanguage\":\"pl-PL\",\"potentialAction\":[{\"@type\":\"ReadAction\",\"target\":[\"https:\\\/\\\/favorite-news.com\\\/pl\\\/z-duda-polska-do-walk-creative\\\/\"]}]},{\"@type\":\"ImageObject\",\"inLanguage\":\"pl-PL\",\"@id\":\"https:\\\/\\\/favorite-news.com\\\/pl\\\/z-duda-polska-do-walk-creative\\\/#primaryimage\",\"url\":\"https:\\\/\\\/favorite-news.com\\\/pl\\\/wp-content\\\/uploads\\\/sites\\\/6\\\/2019\\\/06\\\/z-Duda-Polska-do-Walk-Creative.png\",\"contentUrl\":\"https:\\\/\\\/favorite-news.com\\\/pl\\\/wp-content\\\/uploads\\\/sites\\\/6\\\/2019\\\/06\\\/z-Duda-Polska-do-Walk-Creative.png\",\"width\":655,\"height\":396,\"caption\":\"Article\"},{\"@type\":\"BreadcrumbList\",\"@id\":\"https:\\\/\\\/favorite-news.com\\\/pl\\\/z-duda-polska-do-walk-creative\\\/#breadcrumb\",\"itemListElement\":[{\"@type\":\"ListItem\",\"position\":1,\"name\":\"Home\",\"item\":\"https:\\\/\\\/favorite-news.com\\\/pl\\\/\"},{\"@type\":\"ListItem\",\"position\":2,\"name\":\"z Duda Polska do Walk Creative\"}]},{\"@type\":\"WebSite\",\"@id\":\"https:\\\/\\\/favorite-news.com\\\/pl\\\/#website\",\"url\":\"https:\\\/\\\/favorite-news.com\\\/pl\\\/\",\"name\":\"Favorite News\",\"description\":\"Favorite News Polska\",\"potentialAction\":[{\"@type\":\"SearchAction\",\"target\":{\"@type\":\"EntryPoint\",\"urlTemplate\":\"https:\\\/\\\/favorite-news.com\\\/pl\\\/?s={search_term_string}\"},\"query-input\":{\"@type\":\"PropertyValueSpecification\",\"valueRequired\":true,\"valueName\":\"search_term_string\"}}],\"inLanguage\":\"pl-PL\"},{\"@type\":\"Person\",\"@id\":\"https:\\\/\\\/favorite-news.com\\\/pl\\\/#\\\/schema\\\/person\\\/b91573b717dcfa5e4696032a9d28d3e8\",\"name\":\"favorite-news\",\"image\":{\"@type\":\"ImageObject\",\"inLanguage\":\"pl-PL\",\"@id\":\"https:\\\/\\\/secure.gravatar.com\\\/avatar\\\/6c5a5cb12b74e9d517ee91cf570335b7d16177f1977cc91db161adfa435945a7?s=96&d=mm&r=g\",\"url\":\"https:\\\/\\\/secure.gravatar.com\\\/avatar\\\/6c5a5cb12b74e9d517ee91cf570335b7d16177f1977cc91db161adfa435945a7?s=96&d=mm&r=g\",\"contentUrl\":\"https:\\\/\\\/secure.gravatar.com\\\/avatar\\\/6c5a5cb12b74e9d517ee91cf570335b7d16177f1977cc91db161adfa435945a7?s=96&d=mm&r=g\",\"caption\":\"favorite-news\"},\"url\":\"https:\\\/\\\/favorite-news.com\\\/pl\\\/author\\\/pt\\\/\"}]}<\/script>\n<!-- \/ Yoast SEO plugin. -->","yoast_head_json":{"title":"z Duda Polska do Walk Creative - Favorite News","robots":{"index":"index","follow":"follow","max-snippet":"max-snippet:-1","max-image-preview":"max-image-preview:large","max-video-preview":"max-video-preview:-1"},"canonical":"https:\/\/favorite-news.com\/pl\/z-duda-polska-do-walk-creative\/","og_locale":"pl_PL","og_type":"article","og_title":"z Duda Polska do Walk Creative - Favorite News","og_description":"[ad_1] Maciej Stojek i Artur Koczergo ostatnio pracowali w agencji reklamowej Duda, kt\u00f3ra przygotowuje kreacje reklam dla sieci sklep\u00f3w Biedronka (Jeronimo Martins Polska). Obaj byli wsp\u00f3\u0142tw\u00f3rcami programu lojalno\u015bciowego Biedronki \u2013 Gang \u015awie\u017cak\u00f3w. &#13; &#13; W Walk Creative obejmuj\u0105 stanowiska creative group head. B\u0119d\u0105 te\u017c odpowiada\u0107 za obs\u0142ug\u0119 firmy Volkswagen Samochody U\u017cytkowe oraz wsparcie zespo\u0142u obs\u0142uguj\u0105cego [&hellip;]","og_url":"https:\/\/favorite-news.com\/pl\/z-duda-polska-do-walk-creative\/","og_site_name":"Favorite News","article_published_time":"2019-06-19T12:17:21+00:00","article_modified_time":"2019-06-19T12:17:22+00:00","og_image":[{"width":655,"height":396,"url":"https:\/\/favorite-news.com\/pl\/wp-content\/uploads\/sites\/6\/2019\/06\/z-Duda-Polska-do-Walk-Creative.png","type":"image\/png"}],"author":"favorite-news","twitter_card":"summary_large_image","twitter_misc":{"Napisane przez":"favorite-news","Szacowany czas czytania":"1 minuta"},"schema":{"@context":"https:\/\/schema.org","@graph":[{"@type":"Article","@id":"https:\/\/favorite-news.com\/pl\/z-duda-polska-do-walk-creative\/#article","isPartOf":{"@id":"https:\/\/favorite-news.com\/pl\/z-duda-polska-do-walk-creative\/"},"author":{"name":"favorite-news","@id":"https:\/\/favorite-news.com\/pl\/#\/schema\/person\/b91573b717dcfa5e4696032a9d28d3e8"},"headline":"z Duda Polska do Walk Creative","datePublished":"2019-06-19T12:17:21+00:00","dateModified":"2019-06-19T12:17:22+00:00","mainEntityOfPage":{"@id":"https:\/\/favorite-news.com\/pl\/z-duda-polska-do-walk-creative\/"},"wordCount":262,"commentCount":0,"image":{"@id":"https:\/\/favorite-news.com\/pl\/z-duda-polska-do-walk-creative\/#primaryimage"},"thumbnailUrl":"https:\/\/favorite-news.com\/pl\/wp-content\/uploads\/sites\/6\/2019\/06\/z-Duda-Polska-do-Walk-Creative.png","articleSection":["WIADOMO\u015aCI MARKETINGOWE INTERNETOWE"],"inLanguage":"pl-PL","potentialAction":[{"@type":"CommentAction","name":"Comment","target":["https:\/\/favorite-news.com\/pl\/z-duda-polska-do-walk-creative\/#respond"]}]},{"@type":"WebPage","@id":"https:\/\/favorite-news.com\/pl\/z-duda-polska-do-walk-creative\/","url":"https:\/\/favorite-news.com\/pl\/z-duda-polska-do-walk-creative\/","name":"z Duda Polska do Walk Creative - Favorite News","isPartOf":{"@id":"https:\/\/favorite-news.com\/pl\/#website"},"primaryImageOfPage":{"@id":"https:\/\/favorite-news.com\/pl\/z-duda-polska-do-walk-creative\/#primaryimage"},"image":{"@id":"https:\/\/favorite-news.com\/pl\/z-duda-polska-do-walk-creative\/#primaryimage"},"thumbnailUrl":"https:\/\/favorite-news.com\/pl\/wp-content\/uploads\/sites\/6\/2019\/06\/z-Duda-Polska-do-Walk-Creative.png","datePublished":"2019-06-19T12:17:21+00:00","dateModified":"2019-06-19T12:17:22+00:00","author":{"@id":"https:\/\/favorite-news.com\/pl\/#\/schema\/person\/b91573b717dcfa5e4696032a9d28d3e8"},"breadcrumb":{"@id":"https:\/\/favorite-news.com\/pl\/z-duda-polska-do-walk-creative\/#breadcrumb"},"inLanguage":"pl-PL","potentialAction":[{"@type":"ReadAction","target":["https:\/\/favorite-news.com\/pl\/z-duda-polska-do-walk-creative\/"]}]},{"@type":"ImageObject","inLanguage":"pl-PL","@id":"https:\/\/favorite-news.com\/pl\/z-duda-polska-do-walk-creative\/#primaryimage","url":"https:\/\/favorite-news.com\/pl\/wp-content\/uploads\/sites\/6\/2019\/06\/z-Duda-Polska-do-Walk-Creative.png","contentUrl":"https:\/\/favorite-news.com\/pl\/wp-content\/uploads\/sites\/6\/2019\/06\/z-Duda-Polska-do-Walk-Creative.png","width":655,"height":396,"caption":"Article"},{"@type":"BreadcrumbList","@id":"https:\/\/favorite-news.com\/pl\/z-duda-polska-do-walk-creative\/#breadcrumb","itemListElement":[{"@type":"ListItem","position":1,"name":"Home","item":"https:\/\/favorite-news.com\/pl\/"},{"@type":"ListItem","position":2,"name":"z Duda Polska do Walk Creative"}]},{"@type":"WebSite","@id":"https:\/\/favorite-news.com\/pl\/#website","url":"https:\/\/favorite-news.com\/pl\/","name":"Favorite News","description":"Favorite News Polska","potentialAction":[{"@type":"SearchAction","target":{"@type":"EntryPoint","urlTemplate":"https:\/\/favorite-news.com\/pl\/?s={search_term_string}"},"query-input":{"@type":"PropertyValueSpecification","valueRequired":true,"valueName":"search_term_string"}}],"inLanguage":"pl-PL"},{"@type":"Person","@id":"https:\/\/favorite-news.com\/pl\/#\/schema\/person\/b91573b717dcfa5e4696032a9d28d3e8","name":"favorite-news","image":{"@type":"ImageObject","inLanguage":"pl-PL","@id":"https:\/\/secure.gravatar.com\/avatar\/6c5a5cb12b74e9d517ee91cf570335b7d16177f1977cc91db161adfa435945a7?s=96&d=mm&r=g","url":"https:\/\/secure.gravatar.com\/avatar\/6c5a5cb12b74e9d517ee91cf570335b7d16177f1977cc91db161adfa435945a7?s=96&d=mm&r=g","contentUrl":"https:\/\/secure.gravatar.com\/avatar\/6c5a5cb12b74e9d517ee91cf570335b7d16177f1977cc91db161adfa435945a7?s=96&d=mm&r=g","caption":"favorite-news"},"url":"https:\/\/favorite-news.com\/pl\/author\/pt\/"}]}},"_links":{"self":[{"href":"https:\/\/favorite-news.com\/pl\/wp-json\/wp\/v2\/posts\/1761","targetHints":{"allow":["GET"]}}],"collection":[{"href":"https:\/\/favorite-news.com\/pl\/wp-json\/wp\/v2\/posts"}],"about":[{"href":"https:\/\/favorite-news.com\/pl\/wp-json\/wp\/v2\/types\/post"}],"author":[{"embeddable":true,"href":"https:\/\/favorite-news.com\/pl\/wp-json\/wp\/v2\/users\/2"}],"replies":[{"embeddable":true,"href":"https:\/\/favorite-news.com\/pl\/wp-json\/wp\/v2\/comments?post=1761"}],"version-history":[{"count":1,"href":"https:\/\/favorite-news.com\/pl\/wp-json\/wp\/v2\/posts\/1761\/revisions"}],"predecessor-version":[{"id":1763,"href":"https:\/\/favorite-news.com\/pl\/wp-json\/wp\/v2\/posts\/1761\/revisions\/1763"}],"wp:featuredmedia":[{"embeddable":true,"href":"https:\/\/favorite-news.com\/pl\/wp-json\/wp\/v2\/media\/1762"}],"wp:attachment":[{"href":"https:\/\/favorite-news.com\/pl\/wp-json\/wp\/v2\/media?parent=1761"}],"wp:term":[{"taxonomy":"category","embeddable":true,"href":"https:\/\/favorite-news.com\/pl\/wp-json\/wp\/v2\/categories?post=1761"},{"taxonomy":"post_tag","embeddable":true,"href":"https:\/\/favorite-news.com\/pl\/wp-json\/wp\/v2\/tags?post=1761"}],"curies":[{"name":"wp","href":"https:\/\/api.w.org\/{rel}","templated":true}]}}