{"id":1758,"date":"2019-06-19T13:39:50","date_gmt":"2019-06-19T10:39:50","guid":{"rendered":"https:\/\/favorite-news.com\/pl\/pogoda-wiadomosci-i-skoki-narciarskie-w-wisle-najdrozsze-w-lipcowym-cenniku-tvp\/"},"modified":"2019-06-19T13:39:51","modified_gmt":"2019-06-19T10:39:51","slug":"pogoda-wiadomosci-i-skoki-narciarskie-w-wisle-najdrozsze-w-lipcowym-cenniku-tvp","status":"publish","type":"post","link":"https:\/\/favorite-news.com\/pl\/pogoda-wiadomosci-i-skoki-narciarskie-w-wisle-najdrozsze-w-lipcowym-cenniku-tvp\/","title":{"rendered":"Pogoda, \u201eWiadomo\u015bci\u201d i Skoki narciarskie w Wi\u015ble najdro\u017csze w lipcowym cenniku TVP"},"content":{"rendered":"<p> [ad_1]<br \/>\n<\/p>\n<div id=\"\">\n<p><strong>Najdro\u017cszy 30-sek. spot w TVP1 w lipcu kosztuje 34,9 tys. z\u0142<\/strong> (cena netto, bez rabat\u00f3w). Jest to stawka dla reklamy emitowanej przy niedzielnym wydaniu prognozy pogody. W dni powszednie jest taniej \u2013 maksymalna cena wynosi 29,6 tys. z\u0142.<\/p>\n<p>&#13;<br \/>\n&#13;<\/p>\n<p><strong>26,7 tys. z\u0142 trzeba z kolei zap\u0142aci\u0107 za reklam\u0119 przy transmisjach z Letniego Grand Prix w skokach<\/strong>, kt\u00f3re odb\u0119d\u0105 si\u0119 w Wi\u015ble 20 i 21 lipca br.<\/p>\n<p>&#13;<br \/>\n&#13;<\/p>\n<p>Maksymalna cena za spot przy programie \u201eAlarm\u201d wynosi 15,7 tys. z\u0142, a przy \u201eSprawie dla reportera\u201d &#8211; 14,4 tys. z\u0142.<\/p>\n<p>&#13;<br \/>\n&#13;<\/p>\n<p>Za reklam\u0119 przy serialu \u201eOjciec Mateusz\u201d w czwartkowy wiecz\u00f3r trzeba zap\u0142aci\u0107 16,3 tys. z\u0142, a przy pokazywanym w pi\u0105tki \u201eEcho serca\u201d -15,2 tys. z\u0142. Tylko 200 z\u0142 mniej kosztuje natomiast reklama przy serialu \u201eKomisarz Alex\u201d pokazywanym w sobotnie wieczory. Najta\u0144sze s\u0105 spoty przy \u201eLe\u015bnicz\u00f3wce\u201d, gdzie maksymalna stawka nie przekracza 12,3 tys. z\u0142.<\/p>\n<p>&#13;<br \/>\n&#13;<\/p>\n<p><strong>Spoty przy \u201eWiadomo\u015bciach\u201d wyceniono na maksymalnie 30,8 tys. z\u0142 <\/strong>w dni powszednie (w niedziele nie ma bloku reklamowego bezpo\u015brednio przy tym serwisie informacyjnym . Z kolei cena przy serwisie sportowym nie przekracza 18,6 tys. z\u0142 w dni robocze i 16,4 tys. z\u0142 dla wyda\u0144 niedzielnych.<\/p>\n<p>&#13;<br \/>\n&#13;<\/p>\n<p><strong>W TVP2 najwy\u017csze stawki dotycz\u0105 reklam, kt\u00f3re zostan\u0105 wyemitowane przy sobotnich i niedzielnych transmisjach z muzycznych imprez.<\/strong> 7, 14, 21 i 28 lipca Dw\u00f3jka poka\u017ce \u201eLato Muzyka Zabawa \u2013 Wakacyjna Trasa Dw\u00f3jki\u201d. Na spot przy tych transmisjach trzeba wyda\u0107 21,5 tys. z\u0142.<\/p>\n<p>&#13;<br \/>\n&#13;<\/p>\n<p>24,4 tys. z\u0142 kosztuje reklama przy \u201eFestiwalu Muzyki i Kultury Rom\u00f3w w Ciechocinku\u201d (20 lipca) iprzy \u201eFestiwalu Muzyki lat 90. w Lubinie\u201d (27 lipca).<\/p>\n<p>&#13;<br \/>\n&#13;<\/p>\n<p>Maksymalna cena dla reklamy, kt\u00f3ra pojawi si\u0119 przy g\u0142\u00f3wnym wydaniu \u201ePanoramy\u201d wynosi z kolei 18,8 tys. z\u0142.<\/p>\n<p>&#13;<br \/>\n&#13;<\/p>\n<p>Biuro Reklamy TVP jako drugi po TVN Media og\u0142osi\u0142o cennik reklamowy na lipiec. TVN obni\u017cy\u0142o \u015bredni\u0105 cen\u0119 cennikow\u0105 rok do roku o 11 proc. w zwi\u0105zku ze spodziewanym na poziomie 10 proc. spadkiem ogl\u0105dalno\u015bci w lipcu br.<\/p>\n<p>&#13;<br \/>\n                            &#13;<br \/>\n&#13;<br \/>\n                            &#13;<br \/>\n&#13;<br \/>\n&#13;<br \/>\n&#13;<br \/>\n&#13;<br \/>\n&#13;<br \/>\n                            &#13;<br \/>\n                                                            &#13;<br \/>\n&#13;<br \/>\n                            &#13;\n                        <\/p><\/div>\n<p><script>(function (d, s, id) {\n        var js, fjs = d.getElementsByTagName(s)[0];\n        if (d.getElementById(id)) return;\n        js = d.createElement(s);\n        js.id = id;\n        js.src = \"http:\/\/connect.facebook.net\/pl_PL\/sdk.js#xfbml=1&version=v2.6&appId=297996717062470\";\n        fjs.parentNode.insertBefore(js, fjs);\n    }(document, 'script', 'facebook-jssdk'));<\/script><br \/>\n<br \/>[ad_2]<br \/>\n<br \/><a href=\"https:\/\/www.wirtualnemedia.pl\/artykul\/pogoda-wiadomosci-i-skoki-narciarskie-w-wisle-najdrozsze-w-lipcowym-cenniku-tvp\">Source link <\/a><\/p>\n","protected":false},"excerpt":{"rendered":"<p>[ad_1] Najdro\u017cszy 30-sek. spot w TVP1 w lipcu kosztuje 34,9 tys. z\u0142 (cena netto, bez rabat\u00f3w). Jest to stawka dla reklamy emitowanej przy niedzielnym wydaniu prognozy pogody. W dni powszednie jest taniej \u2013 maksymalna cena wynosi 29,6 tys. z\u0142. &#13; &#13; 26,7 tys. z\u0142 trzeba z kolei zap\u0142aci\u0107 za reklam\u0119 przy transmisjach z Letniego Grand [&hellip;]<\/p>\n","protected":false},"author":2,"featured_media":1759,"comment_status":"open","ping_status":"open","sticky":false,"template":"","format":"standard","meta":{"footnotes":""},"categories":[2],"tags":[],"class_list":["post-1758","post","type-post","status-publish","format-standard","has-post-thumbnail","hentry","category-wiadomosci-marketingowe-internetowe"],"yoast_head":"<!-- This site is optimized with the Yoast SEO plugin v27.4 - https:\/\/yoast.com\/product\/yoast-seo-wordpress\/ -->\n<title>Pogoda, \u201eWiadomo\u015bci\u201d i Skoki narciarskie w Wi\u015ble najdro\u017csze w lipcowym cenniku TVP - Favorite News<\/title>\n<meta name=\"robots\" content=\"index, follow, max-snippet:-1, max-image-preview:large, max-video-preview:-1\" \/>\n<link rel=\"canonical\" href=\"https:\/\/favorite-news.com\/pl\/pogoda-wiadomosci-i-skoki-narciarskie-w-wisle-najdrozsze-w-lipcowym-cenniku-tvp\/\" \/>\n<meta property=\"og:locale\" content=\"pl_PL\" \/>\n<meta property=\"og:type\" content=\"article\" \/>\n<meta property=\"og:title\" content=\"Pogoda, \u201eWiadomo\u015bci\u201d i Skoki narciarskie w Wi\u015ble najdro\u017csze w lipcowym cenniku TVP - Favorite News\" \/>\n<meta property=\"og:description\" content=\"[ad_1] Najdro\u017cszy 30-sek. spot w TVP1 w lipcu kosztuje 34,9 tys. z\u0142 (cena netto, bez rabat\u00f3w). Jest to stawka dla reklamy emitowanej przy niedzielnym wydaniu prognozy pogody. W dni powszednie jest taniej \u2013 maksymalna cena wynosi 29,6 tys. z\u0142. &#013; &#013; 26,7 tys. z\u0142 trzeba z kolei zap\u0142aci\u0107 za reklam\u0119 przy transmisjach z Letniego Grand [&hellip;]\" \/>\n<meta property=\"og:url\" content=\"https:\/\/favorite-news.com\/pl\/pogoda-wiadomosci-i-skoki-narciarskie-w-wisle-najdrozsze-w-lipcowym-cenniku-tvp\/\" \/>\n<meta property=\"og:site_name\" content=\"Favorite News\" \/>\n<meta property=\"article:published_time\" content=\"2019-06-19T10:39:50+00:00\" \/>\n<meta property=\"article:modified_time\" content=\"2019-06-19T10:39:51+00:00\" \/>\n<meta property=\"og:image\" content=\"https:\/\/favorite-news.com\/pl\/wp-content\/uploads\/sites\/6\/2019\/06\/Pogoda-\u201eWiadomo\u015bci\u201d-i-Skoki-narciarskie-w-Wi\u015ble-najdro\u017csze-w-lipcowym.jpg\" \/>\n\t<meta property=\"og:image:width\" content=\"655\" \/>\n\t<meta property=\"og:image:height\" content=\"491\" \/>\n\t<meta property=\"og:image:type\" content=\"image\/jpeg\" \/>\n<meta name=\"author\" content=\"favorite-news\" \/>\n<meta name=\"twitter:card\" content=\"summary_large_image\" \/>\n<meta name=\"twitter:label1\" content=\"Napisane przez\" \/>\n\t<meta name=\"twitter:data1\" content=\"favorite-news\" \/>\n\t<meta name=\"twitter:label2\" content=\"Szacowany czas czytania\" \/>\n\t<meta name=\"twitter:data2\" content=\"2 minuty\" \/>\n<script type=\"application\/ld+json\" class=\"yoast-schema-graph\">{\"@context\":\"https:\\\/\\\/schema.org\",\"@graph\":[{\"@type\":\"Article\",\"@id\":\"https:\\\/\\\/favorite-news.com\\\/pl\\\/pogoda-wiadomosci-i-skoki-narciarskie-w-wisle-najdrozsze-w-lipcowym-cenniku-tvp\\\/#article\",\"isPartOf\":{\"@id\":\"https:\\\/\\\/favorite-news.com\\\/pl\\\/pogoda-wiadomosci-i-skoki-narciarskie-w-wisle-najdrozsze-w-lipcowym-cenniku-tvp\\\/\"},\"author\":{\"name\":\"favorite-news\",\"@id\":\"https:\\\/\\\/favorite-news.com\\\/pl\\\/#\\\/schema\\\/person\\\/b91573b717dcfa5e4696032a9d28d3e8\"},\"headline\":\"Pogoda, \u201eWiadomo\u015bci\u201d i Skoki narciarskie w Wi\u015ble najdro\u017csze w lipcowym cenniku TVP\",\"datePublished\":\"2019-06-19T10:39:50+00:00\",\"dateModified\":\"2019-06-19T10:39:51+00:00\",\"mainEntityOfPage\":{\"@id\":\"https:\\\/\\\/favorite-news.com\\\/pl\\\/pogoda-wiadomosci-i-skoki-narciarskie-w-wisle-najdrozsze-w-lipcowym-cenniku-tvp\\\/\"},\"wordCount\":322,\"commentCount\":0,\"image\":{\"@id\":\"https:\\\/\\\/favorite-news.com\\\/pl\\\/pogoda-wiadomosci-i-skoki-narciarskie-w-wisle-najdrozsze-w-lipcowym-cenniku-tvp\\\/#primaryimage\"},\"thumbnailUrl\":\"https:\\\/\\\/favorite-news.com\\\/pl\\\/wp-content\\\/uploads\\\/sites\\\/6\\\/2019\\\/06\\\/Pogoda-\u201eWiadomo\u015bci\u201d-i-Skoki-narciarskie-w-Wi\u015ble-najdro\u017csze-w-lipcowym.jpg\",\"articleSection\":[\"WIADOMO\u015aCI MARKETINGOWE INTERNETOWE\"],\"inLanguage\":\"pl-PL\",\"potentialAction\":[{\"@type\":\"CommentAction\",\"name\":\"Comment\",\"target\":[\"https:\\\/\\\/favorite-news.com\\\/pl\\\/pogoda-wiadomosci-i-skoki-narciarskie-w-wisle-najdrozsze-w-lipcowym-cenniku-tvp\\\/#respond\"]}]},{\"@type\":\"WebPage\",\"@id\":\"https:\\\/\\\/favorite-news.com\\\/pl\\\/pogoda-wiadomosci-i-skoki-narciarskie-w-wisle-najdrozsze-w-lipcowym-cenniku-tvp\\\/\",\"url\":\"https:\\\/\\\/favorite-news.com\\\/pl\\\/pogoda-wiadomosci-i-skoki-narciarskie-w-wisle-najdrozsze-w-lipcowym-cenniku-tvp\\\/\",\"name\":\"Pogoda, \u201eWiadomo\u015bci\u201d i Skoki narciarskie w Wi\u015ble najdro\u017csze w lipcowym cenniku TVP - Favorite News\",\"isPartOf\":{\"@id\":\"https:\\\/\\\/favorite-news.com\\\/pl\\\/#website\"},\"primaryImageOfPage\":{\"@id\":\"https:\\\/\\\/favorite-news.com\\\/pl\\\/pogoda-wiadomosci-i-skoki-narciarskie-w-wisle-najdrozsze-w-lipcowym-cenniku-tvp\\\/#primaryimage\"},\"image\":{\"@id\":\"https:\\\/\\\/favorite-news.com\\\/pl\\\/pogoda-wiadomosci-i-skoki-narciarskie-w-wisle-najdrozsze-w-lipcowym-cenniku-tvp\\\/#primaryimage\"},\"thumbnailUrl\":\"https:\\\/\\\/favorite-news.com\\\/pl\\\/wp-content\\\/uploads\\\/sites\\\/6\\\/2019\\\/06\\\/Pogoda-\u201eWiadomo\u015bci\u201d-i-Skoki-narciarskie-w-Wi\u015ble-najdro\u017csze-w-lipcowym.jpg\",\"datePublished\":\"2019-06-19T10:39:50+00:00\",\"dateModified\":\"2019-06-19T10:39:51+00:00\",\"author\":{\"@id\":\"https:\\\/\\\/favorite-news.com\\\/pl\\\/#\\\/schema\\\/person\\\/b91573b717dcfa5e4696032a9d28d3e8\"},\"breadcrumb\":{\"@id\":\"https:\\\/\\\/favorite-news.com\\\/pl\\\/pogoda-wiadomosci-i-skoki-narciarskie-w-wisle-najdrozsze-w-lipcowym-cenniku-tvp\\\/#breadcrumb\"},\"inLanguage\":\"pl-PL\",\"potentialAction\":[{\"@type\":\"ReadAction\",\"target\":[\"https:\\\/\\\/favorite-news.com\\\/pl\\\/pogoda-wiadomosci-i-skoki-narciarskie-w-wisle-najdrozsze-w-lipcowym-cenniku-tvp\\\/\"]}]},{\"@type\":\"ImageObject\",\"inLanguage\":\"pl-PL\",\"@id\":\"https:\\\/\\\/favorite-news.com\\\/pl\\\/pogoda-wiadomosci-i-skoki-narciarskie-w-wisle-najdrozsze-w-lipcowym-cenniku-tvp\\\/#primaryimage\",\"url\":\"https:\\\/\\\/favorite-news.com\\\/pl\\\/wp-content\\\/uploads\\\/sites\\\/6\\\/2019\\\/06\\\/Pogoda-\u201eWiadomo\u015bci\u201d-i-Skoki-narciarskie-w-Wi\u015ble-najdro\u017csze-w-lipcowym.jpg\",\"contentUrl\":\"https:\\\/\\\/favorite-news.com\\\/pl\\\/wp-content\\\/uploads\\\/sites\\\/6\\\/2019\\\/06\\\/Pogoda-\u201eWiadomo\u015bci\u201d-i-Skoki-narciarskie-w-Wi\u015ble-najdro\u017csze-w-lipcowym.jpg\",\"width\":655,\"height\":491,\"caption\":\"Article\"},{\"@type\":\"BreadcrumbList\",\"@id\":\"https:\\\/\\\/favorite-news.com\\\/pl\\\/pogoda-wiadomosci-i-skoki-narciarskie-w-wisle-najdrozsze-w-lipcowym-cenniku-tvp\\\/#breadcrumb\",\"itemListElement\":[{\"@type\":\"ListItem\",\"position\":1,\"name\":\"Home\",\"item\":\"https:\\\/\\\/favorite-news.com\\\/pl\\\/\"},{\"@type\":\"ListItem\",\"position\":2,\"name\":\"Pogoda, \u201eWiadomo\u015bci\u201d i Skoki narciarskie w Wi\u015ble najdro\u017csze w lipcowym cenniku TVP\"}]},{\"@type\":\"WebSite\",\"@id\":\"https:\\\/\\\/favorite-news.com\\\/pl\\\/#website\",\"url\":\"https:\\\/\\\/favorite-news.com\\\/pl\\\/\",\"name\":\"Favorite News\",\"description\":\"Favorite News Polska\",\"potentialAction\":[{\"@type\":\"SearchAction\",\"target\":{\"@type\":\"EntryPoint\",\"urlTemplate\":\"https:\\\/\\\/favorite-news.com\\\/pl\\\/?s={search_term_string}\"},\"query-input\":{\"@type\":\"PropertyValueSpecification\",\"valueRequired\":true,\"valueName\":\"search_term_string\"}}],\"inLanguage\":\"pl-PL\"},{\"@type\":\"Person\",\"@id\":\"https:\\\/\\\/favorite-news.com\\\/pl\\\/#\\\/schema\\\/person\\\/b91573b717dcfa5e4696032a9d28d3e8\",\"name\":\"favorite-news\",\"image\":{\"@type\":\"ImageObject\",\"inLanguage\":\"pl-PL\",\"@id\":\"https:\\\/\\\/secure.gravatar.com\\\/avatar\\\/6c5a5cb12b74e9d517ee91cf570335b7d16177f1977cc91db161adfa435945a7?s=96&d=mm&r=g\",\"url\":\"https:\\\/\\\/secure.gravatar.com\\\/avatar\\\/6c5a5cb12b74e9d517ee91cf570335b7d16177f1977cc91db161adfa435945a7?s=96&d=mm&r=g\",\"contentUrl\":\"https:\\\/\\\/secure.gravatar.com\\\/avatar\\\/6c5a5cb12b74e9d517ee91cf570335b7d16177f1977cc91db161adfa435945a7?s=96&d=mm&r=g\",\"caption\":\"favorite-news\"},\"url\":\"https:\\\/\\\/favorite-news.com\\\/pl\\\/author\\\/pt\\\/\"}]}<\/script>\n<!-- \/ Yoast SEO plugin. -->","yoast_head_json":{"title":"Pogoda, \u201eWiadomo\u015bci\u201d i Skoki narciarskie w Wi\u015ble najdro\u017csze w lipcowym cenniku TVP - Favorite News","robots":{"index":"index","follow":"follow","max-snippet":"max-snippet:-1","max-image-preview":"max-image-preview:large","max-video-preview":"max-video-preview:-1"},"canonical":"https:\/\/favorite-news.com\/pl\/pogoda-wiadomosci-i-skoki-narciarskie-w-wisle-najdrozsze-w-lipcowym-cenniku-tvp\/","og_locale":"pl_PL","og_type":"article","og_title":"Pogoda, \u201eWiadomo\u015bci\u201d i Skoki narciarskie w Wi\u015ble najdro\u017csze w lipcowym cenniku TVP - Favorite News","og_description":"[ad_1] Najdro\u017cszy 30-sek. spot w TVP1 w lipcu kosztuje 34,9 tys. z\u0142 (cena netto, bez rabat\u00f3w). Jest to stawka dla reklamy emitowanej przy niedzielnym wydaniu prognozy pogody. W dni powszednie jest taniej \u2013 maksymalna cena wynosi 29,6 tys. z\u0142. &#13; &#13; 26,7 tys. z\u0142 trzeba z kolei zap\u0142aci\u0107 za reklam\u0119 przy transmisjach z Letniego Grand [&hellip;]","og_url":"https:\/\/favorite-news.com\/pl\/pogoda-wiadomosci-i-skoki-narciarskie-w-wisle-najdrozsze-w-lipcowym-cenniku-tvp\/","og_site_name":"Favorite News","article_published_time":"2019-06-19T10:39:50+00:00","article_modified_time":"2019-06-19T10:39:51+00:00","og_image":[{"width":655,"height":491,"url":"https:\/\/favorite-news.com\/pl\/wp-content\/uploads\/sites\/6\/2019\/06\/Pogoda-\u201eWiadomo\u015bci\u201d-i-Skoki-narciarskie-w-Wi\u015ble-najdro\u017csze-w-lipcowym.jpg","type":"image\/jpeg"}],"author":"favorite-news","twitter_card":"summary_large_image","twitter_misc":{"Napisane przez":"favorite-news","Szacowany czas czytania":"2 minuty"},"schema":{"@context":"https:\/\/schema.org","@graph":[{"@type":"Article","@id":"https:\/\/favorite-news.com\/pl\/pogoda-wiadomosci-i-skoki-narciarskie-w-wisle-najdrozsze-w-lipcowym-cenniku-tvp\/#article","isPartOf":{"@id":"https:\/\/favorite-news.com\/pl\/pogoda-wiadomosci-i-skoki-narciarskie-w-wisle-najdrozsze-w-lipcowym-cenniku-tvp\/"},"author":{"name":"favorite-news","@id":"https:\/\/favorite-news.com\/pl\/#\/schema\/person\/b91573b717dcfa5e4696032a9d28d3e8"},"headline":"Pogoda, \u201eWiadomo\u015bci\u201d i Skoki narciarskie w Wi\u015ble najdro\u017csze w lipcowym cenniku TVP","datePublished":"2019-06-19T10:39:50+00:00","dateModified":"2019-06-19T10:39:51+00:00","mainEntityOfPage":{"@id":"https:\/\/favorite-news.com\/pl\/pogoda-wiadomosci-i-skoki-narciarskie-w-wisle-najdrozsze-w-lipcowym-cenniku-tvp\/"},"wordCount":322,"commentCount":0,"image":{"@id":"https:\/\/favorite-news.com\/pl\/pogoda-wiadomosci-i-skoki-narciarskie-w-wisle-najdrozsze-w-lipcowym-cenniku-tvp\/#primaryimage"},"thumbnailUrl":"https:\/\/favorite-news.com\/pl\/wp-content\/uploads\/sites\/6\/2019\/06\/Pogoda-\u201eWiadomo\u015bci\u201d-i-Skoki-narciarskie-w-Wi\u015ble-najdro\u017csze-w-lipcowym.jpg","articleSection":["WIADOMO\u015aCI MARKETINGOWE INTERNETOWE"],"inLanguage":"pl-PL","potentialAction":[{"@type":"CommentAction","name":"Comment","target":["https:\/\/favorite-news.com\/pl\/pogoda-wiadomosci-i-skoki-narciarskie-w-wisle-najdrozsze-w-lipcowym-cenniku-tvp\/#respond"]}]},{"@type":"WebPage","@id":"https:\/\/favorite-news.com\/pl\/pogoda-wiadomosci-i-skoki-narciarskie-w-wisle-najdrozsze-w-lipcowym-cenniku-tvp\/","url":"https:\/\/favorite-news.com\/pl\/pogoda-wiadomosci-i-skoki-narciarskie-w-wisle-najdrozsze-w-lipcowym-cenniku-tvp\/","name":"Pogoda, \u201eWiadomo\u015bci\u201d i Skoki narciarskie w Wi\u015ble najdro\u017csze w lipcowym cenniku TVP - Favorite News","isPartOf":{"@id":"https:\/\/favorite-news.com\/pl\/#website"},"primaryImageOfPage":{"@id":"https:\/\/favorite-news.com\/pl\/pogoda-wiadomosci-i-skoki-narciarskie-w-wisle-najdrozsze-w-lipcowym-cenniku-tvp\/#primaryimage"},"image":{"@id":"https:\/\/favorite-news.com\/pl\/pogoda-wiadomosci-i-skoki-narciarskie-w-wisle-najdrozsze-w-lipcowym-cenniku-tvp\/#primaryimage"},"thumbnailUrl":"https:\/\/favorite-news.com\/pl\/wp-content\/uploads\/sites\/6\/2019\/06\/Pogoda-\u201eWiadomo\u015bci\u201d-i-Skoki-narciarskie-w-Wi\u015ble-najdro\u017csze-w-lipcowym.jpg","datePublished":"2019-06-19T10:39:50+00:00","dateModified":"2019-06-19T10:39:51+00:00","author":{"@id":"https:\/\/favorite-news.com\/pl\/#\/schema\/person\/b91573b717dcfa5e4696032a9d28d3e8"},"breadcrumb":{"@id":"https:\/\/favorite-news.com\/pl\/pogoda-wiadomosci-i-skoki-narciarskie-w-wisle-najdrozsze-w-lipcowym-cenniku-tvp\/#breadcrumb"},"inLanguage":"pl-PL","potentialAction":[{"@type":"ReadAction","target":["https:\/\/favorite-news.com\/pl\/pogoda-wiadomosci-i-skoki-narciarskie-w-wisle-najdrozsze-w-lipcowym-cenniku-tvp\/"]}]},{"@type":"ImageObject","inLanguage":"pl-PL","@id":"https:\/\/favorite-news.com\/pl\/pogoda-wiadomosci-i-skoki-narciarskie-w-wisle-najdrozsze-w-lipcowym-cenniku-tvp\/#primaryimage","url":"https:\/\/favorite-news.com\/pl\/wp-content\/uploads\/sites\/6\/2019\/06\/Pogoda-\u201eWiadomo\u015bci\u201d-i-Skoki-narciarskie-w-Wi\u015ble-najdro\u017csze-w-lipcowym.jpg","contentUrl":"https:\/\/favorite-news.com\/pl\/wp-content\/uploads\/sites\/6\/2019\/06\/Pogoda-\u201eWiadomo\u015bci\u201d-i-Skoki-narciarskie-w-Wi\u015ble-najdro\u017csze-w-lipcowym.jpg","width":655,"height":491,"caption":"Article"},{"@type":"BreadcrumbList","@id":"https:\/\/favorite-news.com\/pl\/pogoda-wiadomosci-i-skoki-narciarskie-w-wisle-najdrozsze-w-lipcowym-cenniku-tvp\/#breadcrumb","itemListElement":[{"@type":"ListItem","position":1,"name":"Home","item":"https:\/\/favorite-news.com\/pl\/"},{"@type":"ListItem","position":2,"name":"Pogoda, \u201eWiadomo\u015bci\u201d i Skoki narciarskie w Wi\u015ble najdro\u017csze w lipcowym cenniku TVP"}]},{"@type":"WebSite","@id":"https:\/\/favorite-news.com\/pl\/#website","url":"https:\/\/favorite-news.com\/pl\/","name":"Favorite News","description":"Favorite News Polska","potentialAction":[{"@type":"SearchAction","target":{"@type":"EntryPoint","urlTemplate":"https:\/\/favorite-news.com\/pl\/?s={search_term_string}"},"query-input":{"@type":"PropertyValueSpecification","valueRequired":true,"valueName":"search_term_string"}}],"inLanguage":"pl-PL"},{"@type":"Person","@id":"https:\/\/favorite-news.com\/pl\/#\/schema\/person\/b91573b717dcfa5e4696032a9d28d3e8","name":"favorite-news","image":{"@type":"ImageObject","inLanguage":"pl-PL","@id":"https:\/\/secure.gravatar.com\/avatar\/6c5a5cb12b74e9d517ee91cf570335b7d16177f1977cc91db161adfa435945a7?s=96&d=mm&r=g","url":"https:\/\/secure.gravatar.com\/avatar\/6c5a5cb12b74e9d517ee91cf570335b7d16177f1977cc91db161adfa435945a7?s=96&d=mm&r=g","contentUrl":"https:\/\/secure.gravatar.com\/avatar\/6c5a5cb12b74e9d517ee91cf570335b7d16177f1977cc91db161adfa435945a7?s=96&d=mm&r=g","caption":"favorite-news"},"url":"https:\/\/favorite-news.com\/pl\/author\/pt\/"}]}},"_links":{"self":[{"href":"https:\/\/favorite-news.com\/pl\/wp-json\/wp\/v2\/posts\/1758","targetHints":{"allow":["GET"]}}],"collection":[{"href":"https:\/\/favorite-news.com\/pl\/wp-json\/wp\/v2\/posts"}],"about":[{"href":"https:\/\/favorite-news.com\/pl\/wp-json\/wp\/v2\/types\/post"}],"author":[{"embeddable":true,"href":"https:\/\/favorite-news.com\/pl\/wp-json\/wp\/v2\/users\/2"}],"replies":[{"embeddable":true,"href":"https:\/\/favorite-news.com\/pl\/wp-json\/wp\/v2\/comments?post=1758"}],"version-history":[{"count":1,"href":"https:\/\/favorite-news.com\/pl\/wp-json\/wp\/v2\/posts\/1758\/revisions"}],"predecessor-version":[{"id":1760,"href":"https:\/\/favorite-news.com\/pl\/wp-json\/wp\/v2\/posts\/1758\/revisions\/1760"}],"wp:featuredmedia":[{"embeddable":true,"href":"https:\/\/favorite-news.com\/pl\/wp-json\/wp\/v2\/media\/1759"}],"wp:attachment":[{"href":"https:\/\/favorite-news.com\/pl\/wp-json\/wp\/v2\/media?parent=1758"}],"wp:term":[{"taxonomy":"category","embeddable":true,"href":"https:\/\/favorite-news.com\/pl\/wp-json\/wp\/v2\/categories?post=1758"},{"taxonomy":"post_tag","embeddable":true,"href":"https:\/\/favorite-news.com\/pl\/wp-json\/wp\/v2\/tags?post=1758"}],"curies":[{"name":"wp","href":"https:\/\/api.w.org\/{rel}","templated":true}]}}