{"id":1750,"date":"2019-06-19T10:37:44","date_gmt":"2019-06-19T07:37:44","guid":{"rendered":"https:\/\/favorite-news.com\/pl\/aviva-tworzy-marke-ubezpieczen-dla-kierowcow-teraz-piosenka-agnieszki-chylinskiej-w-reklamach\/"},"modified":"2019-06-19T10:37:45","modified_gmt":"2019-06-19T07:37:45","slug":"aviva-tworzy-marke-ubezpieczen-dla-kierowcow-teraz-piosenka-agnieszki-chylinskiej-w-reklamach","status":"publish","type":"post","link":"https:\/\/favorite-news.com\/pl\/aviva-tworzy-marke-ubezpieczen-dla-kierowcow-teraz-piosenka-agnieszki-chylinskiej-w-reklamach\/","title":{"rendered":"Aviva tworzy mark\u0119 ubezpiecze\u0144 dla kierowc\u00f3w Teraz, piosenka Agnieszki Chyli\u0144skiej w reklamach"},"content":{"rendered":"<p> [ad_1]<br \/>\n<\/p>\n<div id=\"\">\n<p><strong>Teraz by Aviva to marka powsta\u0142a z my\u015bl\u0105 o kierowcach, kt\u00f3rzy kilka razy w roku je\u017cd\u017c\u0105 na weekendy, wakacje, ferie, do rodziny \u2013 lub po\u017cyczaj\u0105 samoch\u00f3d bliskim, a nie chc\u0105 p\u0142aci\u0107 za AC na ca\u0142y rok.<\/strong> Oferuje czasowe ubezpieczenie samochodu (od 3 godzin do 30 dni) do sumy 150 tys. z\u0142otych. Dzia\u0142a na terenie ca\u0142ej Polski i Europy (z wy\u0142\u0105czeniem Rosji, a w przypadku kradzie\u017cy r\u00f3wnie\u017c z wy\u0142\u0105czeniem Bia\u0142orusi, Ukrainy i Mo\u0142dawii). AC mo\u017cna rozszerzy\u0107 o assistance (m. in. auto zast\u0119pcze na 7 dni, holowanie po wypadku lub awarii do serwisu Avivy lub miejsca wskazanego do 200 km).<\/p>\n<p>&#13;<br \/>\n&#13;<\/p>\n<p>&#8211; Jest to propozycja dla kierowc\u00f3w, kt\u00f3rzy kilka razy w roku wyje\u017cd\u017caj\u0105 w podr\u00f3\u017c i chc\u0105 si\u0119 czu\u0107 bezpiecznie. Zar\u00f3wno dla rodzin, jak i ludzi m\u0142odych, podr\u00f3\u017cuj\u0105cych ze znajomymi. Chcemy poszerzy\u0107 rynek AC o du\u017c\u0105 grup\u0119 nowych klient\u00f3w, dla kt\u00f3rych polisa na ca\u0142y rok nie jest rozwi\u0105zaniem. Tym, kt\u00f3rzy du\u017co je\u017cd\u017c\u0105 i chc\u0105 pe\u0142nej ochrony przez ca\u0142y czas, proponujemy pakiet z rocznym AC. Nie namawiamy kierowc\u00f3w do zmiany ca\u0142orocznego autocasco na nowy produkt. Z tych samych powod\u00f3w ubezpieczenia na czas przez smartfon nie s\u0105 konkurencj\u0105 dla kana\u0142u agencyjnego i directu &#8211; podkre\u015bla Adam Uszpolewicz, prezes Avivy.<\/p>\n<p>&#13;<br \/>\n&#13;<\/p>\n<p>Koncepcj\u0119 ubezpieczenia na czas, aplikacj\u0119 Teraz i model dystrybucji stworzy\u0142 wewn\u0119trzny zesp\u00f3\u0142 specjalist\u00f3w w Avivie.<\/p>\n<p>&#13;<br \/>\n&#13;<\/p>\n<p><span style=\"font-size:20px;\"><strong>Kampania reklamowa Teraz by Aviva<\/strong><\/span><\/p>\n<p>&#13;<br \/>\n&#13;<\/p>\n<p>Kampania reklamowa nowej marki wystartowa\u0142a 18 czerwca. Obejmie telewizj\u0119, radio, Spotify, VoD, outdoor (billboardy przy autostradach i drogach szybkiego ruchu), stron\u0119 i reklamy w internecie. Dodatkowo przygotowano aktywacje w\u00a0 mediach spo\u0142eczno\u015bciowych oraz nawi\u0105zano wsp\u00f3\u0142prac\u0119 z influencerami. \u00a0<\/p>\n<p>&#13;<br \/>\n&#13;<\/p>\n<p><strong>W spotach reklamowych wykorzystano motyw muzyczny z piosenki &#8222;Znalaz\u0142am&#8221; zespo\u0142u O.N.A. sprzed ponad 20 lat.<\/strong><\/p>\n<p>&#13;<br \/>\n&#13;<\/p>\n<p><iframe loading=\"lazy\" allow=\"accelerometer; autoplay; encrypted-media; gyroscope; picture-in-picture\" allowfullscreen=\"\" frameborder=\"0\" height=\"315\" src=\"https:\/\/www.youtube.com\/embed\/e_NcEqPYU74\" width=\"560\"><\/iframe><\/p>\n<p>&#13;<br \/>\n&#13;<\/p>\n<p><iframe loading=\"lazy\" allow=\"accelerometer; autoplay; encrypted-media; gyroscope; picture-in-picture\" allowfullscreen=\"\" frameborder=\"0\" height=\"315\" src=\"https:\/\/www.youtube.com\/embed\/1KrYtn7BB68\" width=\"560\"><\/iframe><\/p>\n<p>&#13;<br \/>\n&#13;<\/p>\n<p>&#8211; Stawiamy na komunikacj\u0119, kt\u00f3ra w nieszablonowy, humorystyczny spos\u00f3b opowiada o nowej marce i ubezpieczeniu. W spotach przedstawiamy historie osadzone w realnym \u015bwiecie, ale z przymru\u017ceniem oka. Dzi\u0119ki temu chcemy wyr\u00f3\u017cni\u0107 si\u0119 na rynku z nasz\u0105 niestandardow\u0105 ofert\u0105 &#8211; m\u00f3wi \u0141ukasz Wyrzykowski, senior brand manager w Avivie.<\/p>\n<p>&#13;<br \/>\n&#13;<\/p>\n<p>Mark\u0119, jej strategi\u0119 oraz kreacje reklamowe stworzy\u0142a agencja FCB Bridge2Fun, kt\u00f3ra wygra\u0142a przetarg na ten projekt. Za planowanie medi\u00f3w odpowiada Spark Foundry. Produkcj\u0105 spot\u00f3w zaj\u0119\u0142a si\u0119 Papaya Films. Za dzia\u0142ania w social media odpowiada Nieagencja.<\/p>\n<p>&#13;<br \/>\n                            &#13;<br \/>\n&#13;<br \/>\n                            &#13;<br \/>\n&#13;<br \/>\n&#13;<br \/>\n&#13;<br \/>\n&#13;<br \/>\n&#13;<br \/>\n                            &#13;<br \/>\n                                                            &#13;<br \/>\n&#13;<br \/>\n                            &#13;\n                        <\/p><\/div>\n<p><script>(function (d, s, id) {\n        var js, fjs = d.getElementsByTagName(s)[0];\n        if (d.getElementById(id)) return;\n        js = d.createElement(s);\n        js.id = id;\n        js.src = \"http:\/\/connect.facebook.net\/pl_PL\/sdk.js#xfbml=1&version=v2.6&appId=297996717062470\";\n        fjs.parentNode.insertBefore(js, fjs);\n    }(document, 'script', 'facebook-jssdk'));<\/script><br \/>\n<br \/>[ad_2]<br \/>\n<br \/><a href=\"https:\/\/www.wirtualnemedia.pl\/artykul\/aviva-tworzy-marke-ubezpieczen-dla-kierowcow-teraz-piosenka-agnieszki-chylinskiej-w-reklamach\">Source link <\/a><\/p>\n","protected":false},"excerpt":{"rendered":"<p>[ad_1] Teraz by Aviva to marka powsta\u0142a z my\u015bl\u0105 o kierowcach, kt\u00f3rzy kilka razy w roku je\u017cd\u017c\u0105 na weekendy, wakacje, ferie, do rodziny \u2013 lub po\u017cyczaj\u0105 samoch\u00f3d bliskim, a nie chc\u0105 p\u0142aci\u0107 za AC na ca\u0142y rok. Oferuje czasowe ubezpieczenie samochodu (od 3 godzin do 30 dni) do sumy 150 tys. z\u0142otych. Dzia\u0142a na terenie [&hellip;]<\/p>\n","protected":false},"author":2,"featured_media":1751,"comment_status":"open","ping_status":"open","sticky":false,"template":"","format":"standard","meta":{"footnotes":""},"categories":[2],"tags":[],"class_list":["post-1750","post","type-post","status-publish","format-standard","has-post-thumbnail","hentry","category-wiadomosci-marketingowe-internetowe"],"yoast_head":"<!-- This site is optimized with the Yoast SEO plugin v27.4 - https:\/\/yoast.com\/product\/yoast-seo-wordpress\/ -->\n<title>Aviva tworzy mark\u0119 ubezpiecze\u0144 dla kierowc\u00f3w Teraz, piosenka Agnieszki Chyli\u0144skiej w reklamach - Favorite News<\/title>\n<meta name=\"robots\" content=\"index, follow, max-snippet:-1, max-image-preview:large, max-video-preview:-1\" \/>\n<link rel=\"canonical\" href=\"https:\/\/favorite-news.com\/pl\/aviva-tworzy-marke-ubezpieczen-dla-kierowcow-teraz-piosenka-agnieszki-chylinskiej-w-reklamach\/\" \/>\n<meta property=\"og:locale\" content=\"pl_PL\" \/>\n<meta property=\"og:type\" content=\"article\" \/>\n<meta property=\"og:title\" content=\"Aviva tworzy mark\u0119 ubezpiecze\u0144 dla kierowc\u00f3w Teraz, piosenka Agnieszki Chyli\u0144skiej w reklamach - Favorite News\" \/>\n<meta property=\"og:description\" content=\"[ad_1] Teraz by Aviva to marka powsta\u0142a z my\u015bl\u0105 o kierowcach, kt\u00f3rzy kilka razy w roku je\u017cd\u017c\u0105 na weekendy, wakacje, ferie, do rodziny \u2013 lub po\u017cyczaj\u0105 samoch\u00f3d bliskim, a nie chc\u0105 p\u0142aci\u0107 za AC na ca\u0142y rok. Oferuje czasowe ubezpieczenie samochodu (od 3 godzin do 30 dni) do sumy 150 tys. z\u0142otych. Dzia\u0142a na terenie [&hellip;]\" \/>\n<meta property=\"og:url\" content=\"https:\/\/favorite-news.com\/pl\/aviva-tworzy-marke-ubezpieczen-dla-kierowcow-teraz-piosenka-agnieszki-chylinskiej-w-reklamach\/\" \/>\n<meta property=\"og:site_name\" content=\"Favorite News\" \/>\n<meta property=\"article:published_time\" content=\"2019-06-19T07:37:44+00:00\" \/>\n<meta property=\"article:modified_time\" content=\"2019-06-19T07:37:45+00:00\" \/>\n<meta property=\"og:image\" content=\"https:\/\/favorite-news.com\/pl\/wp-content\/uploads\/sites\/6\/2019\/06\/Aviva-tworzy-mark\u0119-ubezpiecze\u0144-dla-kierowc\u00f3w-Teraz-piosenka-Agnieszki-Chyli\u0144skiej.png\" \/>\n\t<meta property=\"og:image:width\" content=\"655\" \/>\n\t<meta property=\"og:image:height\" content=\"337\" \/>\n\t<meta property=\"og:image:type\" content=\"image\/png\" \/>\n<meta name=\"author\" content=\"favorite-news\" \/>\n<meta name=\"twitter:card\" content=\"summary_large_image\" \/>\n<meta name=\"twitter:label1\" content=\"Napisane przez\" \/>\n\t<meta name=\"twitter:data1\" content=\"favorite-news\" \/>\n\t<meta name=\"twitter:label2\" content=\"Szacowany czas czytania\" \/>\n\t<meta name=\"twitter:data2\" content=\"2 minuty\" \/>\n<script type=\"application\/ld+json\" class=\"yoast-schema-graph\">{\"@context\":\"https:\\\/\\\/schema.org\",\"@graph\":[{\"@type\":\"Article\",\"@id\":\"https:\\\/\\\/favorite-news.com\\\/pl\\\/aviva-tworzy-marke-ubezpieczen-dla-kierowcow-teraz-piosenka-agnieszki-chylinskiej-w-reklamach\\\/#article\",\"isPartOf\":{\"@id\":\"https:\\\/\\\/favorite-news.com\\\/pl\\\/aviva-tworzy-marke-ubezpieczen-dla-kierowcow-teraz-piosenka-agnieszki-chylinskiej-w-reklamach\\\/\"},\"author\":{\"name\":\"favorite-news\",\"@id\":\"https:\\\/\\\/favorite-news.com\\\/pl\\\/#\\\/schema\\\/person\\\/b91573b717dcfa5e4696032a9d28d3e8\"},\"headline\":\"Aviva tworzy mark\u0119 ubezpiecze\u0144 dla kierowc\u00f3w Teraz, piosenka Agnieszki Chyli\u0144skiej w reklamach\",\"datePublished\":\"2019-06-19T07:37:44+00:00\",\"dateModified\":\"2019-06-19T07:37:45+00:00\",\"mainEntityOfPage\":{\"@id\":\"https:\\\/\\\/favorite-news.com\\\/pl\\\/aviva-tworzy-marke-ubezpieczen-dla-kierowcow-teraz-piosenka-agnieszki-chylinskiej-w-reklamach\\\/\"},\"wordCount\":423,\"commentCount\":0,\"image\":{\"@id\":\"https:\\\/\\\/favorite-news.com\\\/pl\\\/aviva-tworzy-marke-ubezpieczen-dla-kierowcow-teraz-piosenka-agnieszki-chylinskiej-w-reklamach\\\/#primaryimage\"},\"thumbnailUrl\":\"https:\\\/\\\/favorite-news.com\\\/pl\\\/wp-content\\\/uploads\\\/sites\\\/6\\\/2019\\\/06\\\/Aviva-tworzy-mark\u0119-ubezpiecze\u0144-dla-kierowc\u00f3w-Teraz-piosenka-Agnieszki-Chyli\u0144skiej.png\",\"articleSection\":[\"WIADOMO\u015aCI MARKETINGOWE INTERNETOWE\"],\"inLanguage\":\"pl-PL\",\"potentialAction\":[{\"@type\":\"CommentAction\",\"name\":\"Comment\",\"target\":[\"https:\\\/\\\/favorite-news.com\\\/pl\\\/aviva-tworzy-marke-ubezpieczen-dla-kierowcow-teraz-piosenka-agnieszki-chylinskiej-w-reklamach\\\/#respond\"]}]},{\"@type\":\"WebPage\",\"@id\":\"https:\\\/\\\/favorite-news.com\\\/pl\\\/aviva-tworzy-marke-ubezpieczen-dla-kierowcow-teraz-piosenka-agnieszki-chylinskiej-w-reklamach\\\/\",\"url\":\"https:\\\/\\\/favorite-news.com\\\/pl\\\/aviva-tworzy-marke-ubezpieczen-dla-kierowcow-teraz-piosenka-agnieszki-chylinskiej-w-reklamach\\\/\",\"name\":\"Aviva tworzy mark\u0119 ubezpiecze\u0144 dla kierowc\u00f3w Teraz, piosenka Agnieszki Chyli\u0144skiej w reklamach - Favorite News\",\"isPartOf\":{\"@id\":\"https:\\\/\\\/favorite-news.com\\\/pl\\\/#website\"},\"primaryImageOfPage\":{\"@id\":\"https:\\\/\\\/favorite-news.com\\\/pl\\\/aviva-tworzy-marke-ubezpieczen-dla-kierowcow-teraz-piosenka-agnieszki-chylinskiej-w-reklamach\\\/#primaryimage\"},\"image\":{\"@id\":\"https:\\\/\\\/favorite-news.com\\\/pl\\\/aviva-tworzy-marke-ubezpieczen-dla-kierowcow-teraz-piosenka-agnieszki-chylinskiej-w-reklamach\\\/#primaryimage\"},\"thumbnailUrl\":\"https:\\\/\\\/favorite-news.com\\\/pl\\\/wp-content\\\/uploads\\\/sites\\\/6\\\/2019\\\/06\\\/Aviva-tworzy-mark\u0119-ubezpiecze\u0144-dla-kierowc\u00f3w-Teraz-piosenka-Agnieszki-Chyli\u0144skiej.png\",\"datePublished\":\"2019-06-19T07:37:44+00:00\",\"dateModified\":\"2019-06-19T07:37:45+00:00\",\"author\":{\"@id\":\"https:\\\/\\\/favorite-news.com\\\/pl\\\/#\\\/schema\\\/person\\\/b91573b717dcfa5e4696032a9d28d3e8\"},\"breadcrumb\":{\"@id\":\"https:\\\/\\\/favorite-news.com\\\/pl\\\/aviva-tworzy-marke-ubezpieczen-dla-kierowcow-teraz-piosenka-agnieszki-chylinskiej-w-reklamach\\\/#breadcrumb\"},\"inLanguage\":\"pl-PL\",\"potentialAction\":[{\"@type\":\"ReadAction\",\"target\":[\"https:\\\/\\\/favorite-news.com\\\/pl\\\/aviva-tworzy-marke-ubezpieczen-dla-kierowcow-teraz-piosenka-agnieszki-chylinskiej-w-reklamach\\\/\"]}]},{\"@type\":\"ImageObject\",\"inLanguage\":\"pl-PL\",\"@id\":\"https:\\\/\\\/favorite-news.com\\\/pl\\\/aviva-tworzy-marke-ubezpieczen-dla-kierowcow-teraz-piosenka-agnieszki-chylinskiej-w-reklamach\\\/#primaryimage\",\"url\":\"https:\\\/\\\/favorite-news.com\\\/pl\\\/wp-content\\\/uploads\\\/sites\\\/6\\\/2019\\\/06\\\/Aviva-tworzy-mark\u0119-ubezpiecze\u0144-dla-kierowc\u00f3w-Teraz-piosenka-Agnieszki-Chyli\u0144skiej.png\",\"contentUrl\":\"https:\\\/\\\/favorite-news.com\\\/pl\\\/wp-content\\\/uploads\\\/sites\\\/6\\\/2019\\\/06\\\/Aviva-tworzy-mark\u0119-ubezpiecze\u0144-dla-kierowc\u00f3w-Teraz-piosenka-Agnieszki-Chyli\u0144skiej.png\",\"width\":655,\"height\":337,\"caption\":\"Article\"},{\"@type\":\"BreadcrumbList\",\"@id\":\"https:\\\/\\\/favorite-news.com\\\/pl\\\/aviva-tworzy-marke-ubezpieczen-dla-kierowcow-teraz-piosenka-agnieszki-chylinskiej-w-reklamach\\\/#breadcrumb\",\"itemListElement\":[{\"@type\":\"ListItem\",\"position\":1,\"name\":\"Home\",\"item\":\"https:\\\/\\\/favorite-news.com\\\/pl\\\/\"},{\"@type\":\"ListItem\",\"position\":2,\"name\":\"Aviva tworzy mark\u0119 ubezpiecze\u0144 dla kierowc\u00f3w Teraz, piosenka Agnieszki Chyli\u0144skiej w reklamach\"}]},{\"@type\":\"WebSite\",\"@id\":\"https:\\\/\\\/favorite-news.com\\\/pl\\\/#website\",\"url\":\"https:\\\/\\\/favorite-news.com\\\/pl\\\/\",\"name\":\"Favorite News\",\"description\":\"Favorite News Polska\",\"potentialAction\":[{\"@type\":\"SearchAction\",\"target\":{\"@type\":\"EntryPoint\",\"urlTemplate\":\"https:\\\/\\\/favorite-news.com\\\/pl\\\/?s={search_term_string}\"},\"query-input\":{\"@type\":\"PropertyValueSpecification\",\"valueRequired\":true,\"valueName\":\"search_term_string\"}}],\"inLanguage\":\"pl-PL\"},{\"@type\":\"Person\",\"@id\":\"https:\\\/\\\/favorite-news.com\\\/pl\\\/#\\\/schema\\\/person\\\/b91573b717dcfa5e4696032a9d28d3e8\",\"name\":\"favorite-news\",\"image\":{\"@type\":\"ImageObject\",\"inLanguage\":\"pl-PL\",\"@id\":\"https:\\\/\\\/secure.gravatar.com\\\/avatar\\\/6c5a5cb12b74e9d517ee91cf570335b7d16177f1977cc91db161adfa435945a7?s=96&d=mm&r=g\",\"url\":\"https:\\\/\\\/secure.gravatar.com\\\/avatar\\\/6c5a5cb12b74e9d517ee91cf570335b7d16177f1977cc91db161adfa435945a7?s=96&d=mm&r=g\",\"contentUrl\":\"https:\\\/\\\/secure.gravatar.com\\\/avatar\\\/6c5a5cb12b74e9d517ee91cf570335b7d16177f1977cc91db161adfa435945a7?s=96&d=mm&r=g\",\"caption\":\"favorite-news\"},\"url\":\"https:\\\/\\\/favorite-news.com\\\/pl\\\/author\\\/pt\\\/\"}]}<\/script>\n<!-- \/ Yoast SEO plugin. -->","yoast_head_json":{"title":"Aviva tworzy mark\u0119 ubezpiecze\u0144 dla kierowc\u00f3w Teraz, piosenka Agnieszki Chyli\u0144skiej w reklamach - Favorite News","robots":{"index":"index","follow":"follow","max-snippet":"max-snippet:-1","max-image-preview":"max-image-preview:large","max-video-preview":"max-video-preview:-1"},"canonical":"https:\/\/favorite-news.com\/pl\/aviva-tworzy-marke-ubezpieczen-dla-kierowcow-teraz-piosenka-agnieszki-chylinskiej-w-reklamach\/","og_locale":"pl_PL","og_type":"article","og_title":"Aviva tworzy mark\u0119 ubezpiecze\u0144 dla kierowc\u00f3w Teraz, piosenka Agnieszki Chyli\u0144skiej w reklamach - Favorite News","og_description":"[ad_1] Teraz by Aviva to marka powsta\u0142a z my\u015bl\u0105 o kierowcach, kt\u00f3rzy kilka razy w roku je\u017cd\u017c\u0105 na weekendy, wakacje, ferie, do rodziny \u2013 lub po\u017cyczaj\u0105 samoch\u00f3d bliskim, a nie chc\u0105 p\u0142aci\u0107 za AC na ca\u0142y rok. Oferuje czasowe ubezpieczenie samochodu (od 3 godzin do 30 dni) do sumy 150 tys. z\u0142otych. Dzia\u0142a na terenie [&hellip;]","og_url":"https:\/\/favorite-news.com\/pl\/aviva-tworzy-marke-ubezpieczen-dla-kierowcow-teraz-piosenka-agnieszki-chylinskiej-w-reklamach\/","og_site_name":"Favorite News","article_published_time":"2019-06-19T07:37:44+00:00","article_modified_time":"2019-06-19T07:37:45+00:00","og_image":[{"width":655,"height":337,"url":"https:\/\/favorite-news.com\/pl\/wp-content\/uploads\/sites\/6\/2019\/06\/Aviva-tworzy-mark\u0119-ubezpiecze\u0144-dla-kierowc\u00f3w-Teraz-piosenka-Agnieszki-Chyli\u0144skiej.png","type":"image\/png"}],"author":"favorite-news","twitter_card":"summary_large_image","twitter_misc":{"Napisane przez":"favorite-news","Szacowany czas czytania":"2 minuty"},"schema":{"@context":"https:\/\/schema.org","@graph":[{"@type":"Article","@id":"https:\/\/favorite-news.com\/pl\/aviva-tworzy-marke-ubezpieczen-dla-kierowcow-teraz-piosenka-agnieszki-chylinskiej-w-reklamach\/#article","isPartOf":{"@id":"https:\/\/favorite-news.com\/pl\/aviva-tworzy-marke-ubezpieczen-dla-kierowcow-teraz-piosenka-agnieszki-chylinskiej-w-reklamach\/"},"author":{"name":"favorite-news","@id":"https:\/\/favorite-news.com\/pl\/#\/schema\/person\/b91573b717dcfa5e4696032a9d28d3e8"},"headline":"Aviva tworzy mark\u0119 ubezpiecze\u0144 dla kierowc\u00f3w Teraz, piosenka Agnieszki Chyli\u0144skiej w reklamach","datePublished":"2019-06-19T07:37:44+00:00","dateModified":"2019-06-19T07:37:45+00:00","mainEntityOfPage":{"@id":"https:\/\/favorite-news.com\/pl\/aviva-tworzy-marke-ubezpieczen-dla-kierowcow-teraz-piosenka-agnieszki-chylinskiej-w-reklamach\/"},"wordCount":423,"commentCount":0,"image":{"@id":"https:\/\/favorite-news.com\/pl\/aviva-tworzy-marke-ubezpieczen-dla-kierowcow-teraz-piosenka-agnieszki-chylinskiej-w-reklamach\/#primaryimage"},"thumbnailUrl":"https:\/\/favorite-news.com\/pl\/wp-content\/uploads\/sites\/6\/2019\/06\/Aviva-tworzy-mark\u0119-ubezpiecze\u0144-dla-kierowc\u00f3w-Teraz-piosenka-Agnieszki-Chyli\u0144skiej.png","articleSection":["WIADOMO\u015aCI MARKETINGOWE INTERNETOWE"],"inLanguage":"pl-PL","potentialAction":[{"@type":"CommentAction","name":"Comment","target":["https:\/\/favorite-news.com\/pl\/aviva-tworzy-marke-ubezpieczen-dla-kierowcow-teraz-piosenka-agnieszki-chylinskiej-w-reklamach\/#respond"]}]},{"@type":"WebPage","@id":"https:\/\/favorite-news.com\/pl\/aviva-tworzy-marke-ubezpieczen-dla-kierowcow-teraz-piosenka-agnieszki-chylinskiej-w-reklamach\/","url":"https:\/\/favorite-news.com\/pl\/aviva-tworzy-marke-ubezpieczen-dla-kierowcow-teraz-piosenka-agnieszki-chylinskiej-w-reklamach\/","name":"Aviva tworzy mark\u0119 ubezpiecze\u0144 dla kierowc\u00f3w Teraz, piosenka Agnieszki Chyli\u0144skiej w reklamach - Favorite News","isPartOf":{"@id":"https:\/\/favorite-news.com\/pl\/#website"},"primaryImageOfPage":{"@id":"https:\/\/favorite-news.com\/pl\/aviva-tworzy-marke-ubezpieczen-dla-kierowcow-teraz-piosenka-agnieszki-chylinskiej-w-reklamach\/#primaryimage"},"image":{"@id":"https:\/\/favorite-news.com\/pl\/aviva-tworzy-marke-ubezpieczen-dla-kierowcow-teraz-piosenka-agnieszki-chylinskiej-w-reklamach\/#primaryimage"},"thumbnailUrl":"https:\/\/favorite-news.com\/pl\/wp-content\/uploads\/sites\/6\/2019\/06\/Aviva-tworzy-mark\u0119-ubezpiecze\u0144-dla-kierowc\u00f3w-Teraz-piosenka-Agnieszki-Chyli\u0144skiej.png","datePublished":"2019-06-19T07:37:44+00:00","dateModified":"2019-06-19T07:37:45+00:00","author":{"@id":"https:\/\/favorite-news.com\/pl\/#\/schema\/person\/b91573b717dcfa5e4696032a9d28d3e8"},"breadcrumb":{"@id":"https:\/\/favorite-news.com\/pl\/aviva-tworzy-marke-ubezpieczen-dla-kierowcow-teraz-piosenka-agnieszki-chylinskiej-w-reklamach\/#breadcrumb"},"inLanguage":"pl-PL","potentialAction":[{"@type":"ReadAction","target":["https:\/\/favorite-news.com\/pl\/aviva-tworzy-marke-ubezpieczen-dla-kierowcow-teraz-piosenka-agnieszki-chylinskiej-w-reklamach\/"]}]},{"@type":"ImageObject","inLanguage":"pl-PL","@id":"https:\/\/favorite-news.com\/pl\/aviva-tworzy-marke-ubezpieczen-dla-kierowcow-teraz-piosenka-agnieszki-chylinskiej-w-reklamach\/#primaryimage","url":"https:\/\/favorite-news.com\/pl\/wp-content\/uploads\/sites\/6\/2019\/06\/Aviva-tworzy-mark\u0119-ubezpiecze\u0144-dla-kierowc\u00f3w-Teraz-piosenka-Agnieszki-Chyli\u0144skiej.png","contentUrl":"https:\/\/favorite-news.com\/pl\/wp-content\/uploads\/sites\/6\/2019\/06\/Aviva-tworzy-mark\u0119-ubezpiecze\u0144-dla-kierowc\u00f3w-Teraz-piosenka-Agnieszki-Chyli\u0144skiej.png","width":655,"height":337,"caption":"Article"},{"@type":"BreadcrumbList","@id":"https:\/\/favorite-news.com\/pl\/aviva-tworzy-marke-ubezpieczen-dla-kierowcow-teraz-piosenka-agnieszki-chylinskiej-w-reklamach\/#breadcrumb","itemListElement":[{"@type":"ListItem","position":1,"name":"Home","item":"https:\/\/favorite-news.com\/pl\/"},{"@type":"ListItem","position":2,"name":"Aviva tworzy mark\u0119 ubezpiecze\u0144 dla kierowc\u00f3w Teraz, piosenka Agnieszki Chyli\u0144skiej w reklamach"}]},{"@type":"WebSite","@id":"https:\/\/favorite-news.com\/pl\/#website","url":"https:\/\/favorite-news.com\/pl\/","name":"Favorite News","description":"Favorite News Polska","potentialAction":[{"@type":"SearchAction","target":{"@type":"EntryPoint","urlTemplate":"https:\/\/favorite-news.com\/pl\/?s={search_term_string}"},"query-input":{"@type":"PropertyValueSpecification","valueRequired":true,"valueName":"search_term_string"}}],"inLanguage":"pl-PL"},{"@type":"Person","@id":"https:\/\/favorite-news.com\/pl\/#\/schema\/person\/b91573b717dcfa5e4696032a9d28d3e8","name":"favorite-news","image":{"@type":"ImageObject","inLanguage":"pl-PL","@id":"https:\/\/secure.gravatar.com\/avatar\/6c5a5cb12b74e9d517ee91cf570335b7d16177f1977cc91db161adfa435945a7?s=96&d=mm&r=g","url":"https:\/\/secure.gravatar.com\/avatar\/6c5a5cb12b74e9d517ee91cf570335b7d16177f1977cc91db161adfa435945a7?s=96&d=mm&r=g","contentUrl":"https:\/\/secure.gravatar.com\/avatar\/6c5a5cb12b74e9d517ee91cf570335b7d16177f1977cc91db161adfa435945a7?s=96&d=mm&r=g","caption":"favorite-news"},"url":"https:\/\/favorite-news.com\/pl\/author\/pt\/"}]}},"_links":{"self":[{"href":"https:\/\/favorite-news.com\/pl\/wp-json\/wp\/v2\/posts\/1750","targetHints":{"allow":["GET"]}}],"collection":[{"href":"https:\/\/favorite-news.com\/pl\/wp-json\/wp\/v2\/posts"}],"about":[{"href":"https:\/\/favorite-news.com\/pl\/wp-json\/wp\/v2\/types\/post"}],"author":[{"embeddable":true,"href":"https:\/\/favorite-news.com\/pl\/wp-json\/wp\/v2\/users\/2"}],"replies":[{"embeddable":true,"href":"https:\/\/favorite-news.com\/pl\/wp-json\/wp\/v2\/comments?post=1750"}],"version-history":[{"count":1,"href":"https:\/\/favorite-news.com\/pl\/wp-json\/wp\/v2\/posts\/1750\/revisions"}],"predecessor-version":[{"id":1752,"href":"https:\/\/favorite-news.com\/pl\/wp-json\/wp\/v2\/posts\/1750\/revisions\/1752"}],"wp:featuredmedia":[{"embeddable":true,"href":"https:\/\/favorite-news.com\/pl\/wp-json\/wp\/v2\/media\/1751"}],"wp:attachment":[{"href":"https:\/\/favorite-news.com\/pl\/wp-json\/wp\/v2\/media?parent=1750"}],"wp:term":[{"taxonomy":"category","embeddable":true,"href":"https:\/\/favorite-news.com\/pl\/wp-json\/wp\/v2\/categories?post=1750"},{"taxonomy":"post_tag","embeddable":true,"href":"https:\/\/favorite-news.com\/pl\/wp-json\/wp\/v2\/tags?post=1750"}],"curies":[{"name":"wp","href":"https:\/\/api.w.org\/{rel}","templated":true}]}}