{"id":1734,"date":"2019-06-19T01:28:06","date_gmt":"2019-06-18T22:28:06","guid":{"rendered":"https:\/\/favorite-news.com\/pl\/szymon-majewski-na-basenie-reklamuje-abonamenty-plusa-za-pol-ceny-dla-rodziny\/"},"modified":"2019-06-19T01:28:08","modified_gmt":"2019-06-18T22:28:08","slug":"szymon-majewski-na-basenie-reklamuje-abonamenty-plusa-za-pol-ceny-dla-rodziny","status":"publish","type":"post","link":"https:\/\/favorite-news.com\/pl\/szymon-majewski-na-basenie-reklamuje-abonamenty-plusa-za-pol-ceny-dla-rodziny\/","title":{"rendered":"Szymon Majewski na basenie reklamuje abonamenty Plusa za p\u00f3\u0142 ceny dla rodziny"},"content":{"rendered":"<p> [ad_1]<br \/>\n<\/p>\n<div id=\"\">\n<p>W nowej reklamie Plusa ambasador marki, Szymon Majewski, chwali abonamenty operatora na basenie. Wyst\u0119puje w roli ratownika na p\u0142ywali, gdzie rozmawia z rodzicami jednej z dziewczynek o ofercie Plusa.<\/p>\n<p>&#13;<br \/>\n&#13;<\/p>\n<p>Spot emitowany jest w telewizji i internecie.<\/p>\n<p>&#13;<br \/>\n&#13;<\/p>\n<p>Za kreacj\u0119 odpowiada Scholz&amp;Friends Warszawa, za produkcj\u0119 TFP, a za postprodukcj\u0119 Televizor.<\/p>\n<p>&#13;<br \/>\n&#13;<\/p>\n<p>Media zaplanowa\u0142 i zakupi\u0142 dom mediowy Vizeum. Spot wyre\u017cyserowa\u0142 Piotr Janowski.<\/p>\n<p>&#13;<br \/>\n&#13;<\/p>\n<p><iframe loading=\"lazy\" allow=\"accelerometer; autoplay; encrypted-media; gyroscope; picture-in-picture\" allowfullscreen=\"\" frameborder=\"0\" height=\"315\" src=\"https:\/\/www.youtube.com\/embed\/cXNBtcVOwIQ\" width=\"560\"><\/iframe><\/p>\n<p>&#13;<br \/>\n&#13;<\/p>\n<p>W poprzednich kampaniach Plusa z Szymonem Majewskim promowano internet \u015bwiat\u0142owodowy, GigaBank w Plusie na Kart\u0119 oraz ofert\u0119 dla rodzin i firm.<\/p>\n<p>&#13;<br \/>\n&#13;<\/p>\n<p>Plus oferuje abonamenty dla rodzin za 30, 40, 50 lub 75 z\u0142otych. Do abonamentu mo\u017cna dokupi\u0107 us\u0142ugi dodatkowe, takie jak HBO GO, Tidal, Ipla z dost\u0119pem do transmisji Champions League.<\/p>\n<p>&#13;<br \/>\n&#13;<\/p>\n<p>W ub.r. grupa kapita\u0142owa Cyfrowy Polsat zanotowa\u0142a 10,69 mld z\u0142 przychod\u00f3w sprzeda\u017cowych i 816,1 mln z\u0142 zysku netto. Liczba abonent\u00f3w firmy zmala\u0142a o 1,2 proc., natomiast liczba sprzedanych im us\u0142ug jednostkowych wzros\u0142a o 2,3 proc. Na koniec ub.r. firma mia\u0142a sprzedane 7,34 mln jednostkowych us\u0142ug (RGU) telefonii kom\u00f3rkowej, o 6 proc. mniej ni\u017c rok wcze\u015bniej.<\/p>\n<p>&#13;<br \/>\n&#13;<\/p>\n<hr\/>\n<p>Metryczka kampanii:<br \/>&#13;<br \/>\n1.\u00a0\u00a0\u00a0\u00a0\u00a0\u00a0 Kampania: PLUS ABO WAKACJE<br \/>&#13;<br \/>\n2.\u00a0\u00a0\u00a0\u00a0\u00a0\u00a0 Nazwa reklamy: PLUS ABO Basen<br \/>&#13;<br \/>\n3.\u00a0\u00a0\u00a0\u00a0\u00a0\u00a0 Klient: Polkomtel Sp. z o.o.<br \/>&#13;<br \/>\n4.\u00a0\u00a0\u00a0\u00a0\u00a0\u00a0 Agencja: Scholz&amp;Friends Warszawa<br \/>&#13;<br \/>\n5.\u00a0\u00a0\u00a0\u00a0\u00a0\u00a0 Re\u017cyser: Piotr Janowski<br \/>&#13;<br \/>\n6.\u00a0\u00a0\u00a0\u00a0\u00a0\u00a0 Operator obrazu: Mateusz Wich\u0142acz<br \/>&#13;<br \/>\n7.\u00a0\u00a0\u00a0\u00a0\u00a0\u00a0 Scenariusz: Micha\u0142 Witek, Maciej \u0141adzi\u0144ski, Piotr Jakubowski<br \/>&#13;<br \/>\n8.\u00a0\u00a0\u00a0\u00a0\u00a0\u00a0 Muzyka: \u201eFeel The Sun 8&#8243;, komp: Bob Bradley, Matt Sanchez, Steve Dymond, Harrison Stanford<br \/>&#13;<br \/>\n9.\u00a0\u00a0\u00a0\u00a0\u00a0\u00a0 Producent: Mariusz Matwiejczuk<br \/>&#13;<br \/>\n10.\u00a0\u00a0 Dom Produkcyjny: TFP<br \/>&#13;<br \/>\n11.\u00a0\u00a0 Postprodukcja: Televisor<br \/>&#13;<br \/>\n12.\u00a0\u00a0 Dom mediowy: Vizeum<br \/>&#13;<br \/>\n13.\u00a0\u00a0 Media: TV; online; BTL<\/p>\n<p>&#13;<br \/>\n                            &#13;<br \/>\n&#13;<br \/>\n                            &#13;<br \/>\n&#13;<br \/>\n&#13;<br \/>\n&#13;<br \/>\n&#13;<br \/>\n&#13;<br \/>\n                            &#13;<br \/>\n                                                            &#13;<br \/>\n&#13;<br \/>\n                            &#13;\n                        <\/p><\/div>\n<p><script>(function (d, s, id) {\n        var js, fjs = d.getElementsByTagName(s)[0];\n        if (d.getElementById(id)) return;\n        js = d.createElement(s);\n        js.id = id;\n        js.src = \"http:\/\/connect.facebook.net\/pl_PL\/sdk.js#xfbml=1&version=v2.6&appId=297996717062470\";\n        fjs.parentNode.insertBefore(js, fjs);\n    }(document, 'script', 'facebook-jssdk'));<\/script><br \/>\n<br \/>[ad_2]<br \/>\n<br \/><a href=\"https:\/\/www.wirtualnemedia.pl\/artykul\/szymon-majewski-na-basenie-reklamuje-abonamenty-plusa-za-pol-ceny-dla-rodziny\">Source link <\/a><\/p>\n","protected":false},"excerpt":{"rendered":"<p>[ad_1] W nowej reklamie Plusa ambasador marki, Szymon Majewski, chwali abonamenty operatora na basenie. Wyst\u0119puje w roli ratownika na p\u0142ywali, gdzie rozmawia z rodzicami jednej z dziewczynek o ofercie Plusa. &#13; &#13; Spot emitowany jest w telewizji i internecie. &#13; &#13; Za kreacj\u0119 odpowiada Scholz&amp;Friends Warszawa, za produkcj\u0119 TFP, a za postprodukcj\u0119 Televizor. &#13; &#13; [&hellip;]<\/p>\n","protected":false},"author":2,"featured_media":1735,"comment_status":"open","ping_status":"open","sticky":false,"template":"","format":"standard","meta":{"footnotes":""},"categories":[2],"tags":[],"class_list":["post-1734","post","type-post","status-publish","format-standard","has-post-thumbnail","hentry","category-wiadomosci-marketingowe-internetowe"],"yoast_head":"<!-- This site is optimized with the Yoast SEO plugin v27.4 - https:\/\/yoast.com\/product\/yoast-seo-wordpress\/ -->\n<title>Szymon Majewski na basenie reklamuje abonamenty Plusa za p\u00f3\u0142 ceny dla rodziny - Favorite News<\/title>\n<meta name=\"robots\" content=\"index, follow, max-snippet:-1, max-image-preview:large, max-video-preview:-1\" \/>\n<link rel=\"canonical\" href=\"https:\/\/favorite-news.com\/pl\/szymon-majewski-na-basenie-reklamuje-abonamenty-plusa-za-pol-ceny-dla-rodziny\/\" \/>\n<meta property=\"og:locale\" content=\"pl_PL\" \/>\n<meta property=\"og:type\" content=\"article\" \/>\n<meta property=\"og:title\" content=\"Szymon Majewski na basenie reklamuje abonamenty Plusa za p\u00f3\u0142 ceny dla rodziny - Favorite News\" \/>\n<meta property=\"og:description\" content=\"[ad_1] W nowej reklamie Plusa ambasador marki, Szymon Majewski, chwali abonamenty operatora na basenie. Wyst\u0119puje w roli ratownika na p\u0142ywali, gdzie rozmawia z rodzicami jednej z dziewczynek o ofercie Plusa. &#013; &#013; Spot emitowany jest w telewizji i internecie. &#013; &#013; Za kreacj\u0119 odpowiada Scholz&amp;Friends Warszawa, za produkcj\u0119 TFP, a za postprodukcj\u0119 Televizor. &#013; &#013; [&hellip;]\" \/>\n<meta property=\"og:url\" content=\"https:\/\/favorite-news.com\/pl\/szymon-majewski-na-basenie-reklamuje-abonamenty-plusa-za-pol-ceny-dla-rodziny\/\" \/>\n<meta property=\"og:site_name\" content=\"Favorite News\" \/>\n<meta property=\"article:published_time\" content=\"2019-06-18T22:28:06+00:00\" \/>\n<meta property=\"article:modified_time\" content=\"2019-06-18T22:28:08+00:00\" \/>\n<meta property=\"og:image\" content=\"https:\/\/favorite-news.com\/pl\/wp-content\/uploads\/sites\/6\/2019\/06\/Szymon-Majewski-na-basenie-reklamuje-abonamenty-Plusa-za-p\u00f3\u0142-ceny.png\" \/>\n\t<meta property=\"og:image:width\" content=\"655\" \/>\n\t<meta property=\"og:image:height\" content=\"486\" \/>\n\t<meta property=\"og:image:type\" content=\"image\/png\" \/>\n<meta name=\"author\" content=\"favorite-news\" \/>\n<meta name=\"twitter:card\" content=\"summary_large_image\" \/>\n<meta name=\"twitter:label1\" content=\"Napisane przez\" \/>\n\t<meta name=\"twitter:data1\" content=\"favorite-news\" \/>\n\t<meta name=\"twitter:label2\" content=\"Szacowany czas czytania\" \/>\n\t<meta name=\"twitter:data2\" content=\"1 minuta\" \/>\n<script type=\"application\/ld+json\" class=\"yoast-schema-graph\">{\"@context\":\"https:\\\/\\\/schema.org\",\"@graph\":[{\"@type\":\"Article\",\"@id\":\"https:\\\/\\\/favorite-news.com\\\/pl\\\/szymon-majewski-na-basenie-reklamuje-abonamenty-plusa-za-pol-ceny-dla-rodziny\\\/#article\",\"isPartOf\":{\"@id\":\"https:\\\/\\\/favorite-news.com\\\/pl\\\/szymon-majewski-na-basenie-reklamuje-abonamenty-plusa-za-pol-ceny-dla-rodziny\\\/\"},\"author\":{\"name\":\"favorite-news\",\"@id\":\"https:\\\/\\\/favorite-news.com\\\/pl\\\/#\\\/schema\\\/person\\\/b91573b717dcfa5e4696032a9d28d3e8\"},\"headline\":\"Szymon Majewski na basenie reklamuje abonamenty Plusa za p\u00f3\u0142 ceny dla rodziny\",\"datePublished\":\"2019-06-18T22:28:06+00:00\",\"dateModified\":\"2019-06-18T22:28:08+00:00\",\"mainEntityOfPage\":{\"@id\":\"https:\\\/\\\/favorite-news.com\\\/pl\\\/szymon-majewski-na-basenie-reklamuje-abonamenty-plusa-za-pol-ceny-dla-rodziny\\\/\"},\"wordCount\":262,\"commentCount\":0,\"image\":{\"@id\":\"https:\\\/\\\/favorite-news.com\\\/pl\\\/szymon-majewski-na-basenie-reklamuje-abonamenty-plusa-za-pol-ceny-dla-rodziny\\\/#primaryimage\"},\"thumbnailUrl\":\"https:\\\/\\\/favorite-news.com\\\/pl\\\/wp-content\\\/uploads\\\/sites\\\/6\\\/2019\\\/06\\\/Szymon-Majewski-na-basenie-reklamuje-abonamenty-Plusa-za-p\u00f3\u0142-ceny.png\",\"articleSection\":[\"WIADOMO\u015aCI MARKETINGOWE INTERNETOWE\"],\"inLanguage\":\"pl-PL\",\"potentialAction\":[{\"@type\":\"CommentAction\",\"name\":\"Comment\",\"target\":[\"https:\\\/\\\/favorite-news.com\\\/pl\\\/szymon-majewski-na-basenie-reklamuje-abonamenty-plusa-za-pol-ceny-dla-rodziny\\\/#respond\"]}]},{\"@type\":\"WebPage\",\"@id\":\"https:\\\/\\\/favorite-news.com\\\/pl\\\/szymon-majewski-na-basenie-reklamuje-abonamenty-plusa-za-pol-ceny-dla-rodziny\\\/\",\"url\":\"https:\\\/\\\/favorite-news.com\\\/pl\\\/szymon-majewski-na-basenie-reklamuje-abonamenty-plusa-za-pol-ceny-dla-rodziny\\\/\",\"name\":\"Szymon Majewski na basenie reklamuje abonamenty Plusa za p\u00f3\u0142 ceny dla rodziny - Favorite News\",\"isPartOf\":{\"@id\":\"https:\\\/\\\/favorite-news.com\\\/pl\\\/#website\"},\"primaryImageOfPage\":{\"@id\":\"https:\\\/\\\/favorite-news.com\\\/pl\\\/szymon-majewski-na-basenie-reklamuje-abonamenty-plusa-za-pol-ceny-dla-rodziny\\\/#primaryimage\"},\"image\":{\"@id\":\"https:\\\/\\\/favorite-news.com\\\/pl\\\/szymon-majewski-na-basenie-reklamuje-abonamenty-plusa-za-pol-ceny-dla-rodziny\\\/#primaryimage\"},\"thumbnailUrl\":\"https:\\\/\\\/favorite-news.com\\\/pl\\\/wp-content\\\/uploads\\\/sites\\\/6\\\/2019\\\/06\\\/Szymon-Majewski-na-basenie-reklamuje-abonamenty-Plusa-za-p\u00f3\u0142-ceny.png\",\"datePublished\":\"2019-06-18T22:28:06+00:00\",\"dateModified\":\"2019-06-18T22:28:08+00:00\",\"author\":{\"@id\":\"https:\\\/\\\/favorite-news.com\\\/pl\\\/#\\\/schema\\\/person\\\/b91573b717dcfa5e4696032a9d28d3e8\"},\"breadcrumb\":{\"@id\":\"https:\\\/\\\/favorite-news.com\\\/pl\\\/szymon-majewski-na-basenie-reklamuje-abonamenty-plusa-za-pol-ceny-dla-rodziny\\\/#breadcrumb\"},\"inLanguage\":\"pl-PL\",\"potentialAction\":[{\"@type\":\"ReadAction\",\"target\":[\"https:\\\/\\\/favorite-news.com\\\/pl\\\/szymon-majewski-na-basenie-reklamuje-abonamenty-plusa-za-pol-ceny-dla-rodziny\\\/\"]}]},{\"@type\":\"ImageObject\",\"inLanguage\":\"pl-PL\",\"@id\":\"https:\\\/\\\/favorite-news.com\\\/pl\\\/szymon-majewski-na-basenie-reklamuje-abonamenty-plusa-za-pol-ceny-dla-rodziny\\\/#primaryimage\",\"url\":\"https:\\\/\\\/favorite-news.com\\\/pl\\\/wp-content\\\/uploads\\\/sites\\\/6\\\/2019\\\/06\\\/Szymon-Majewski-na-basenie-reklamuje-abonamenty-Plusa-za-p\u00f3\u0142-ceny.png\",\"contentUrl\":\"https:\\\/\\\/favorite-news.com\\\/pl\\\/wp-content\\\/uploads\\\/sites\\\/6\\\/2019\\\/06\\\/Szymon-Majewski-na-basenie-reklamuje-abonamenty-Plusa-za-p\u00f3\u0142-ceny.png\",\"width\":655,\"height\":486,\"caption\":\"Article\"},{\"@type\":\"BreadcrumbList\",\"@id\":\"https:\\\/\\\/favorite-news.com\\\/pl\\\/szymon-majewski-na-basenie-reklamuje-abonamenty-plusa-za-pol-ceny-dla-rodziny\\\/#breadcrumb\",\"itemListElement\":[{\"@type\":\"ListItem\",\"position\":1,\"name\":\"Home\",\"item\":\"https:\\\/\\\/favorite-news.com\\\/pl\\\/\"},{\"@type\":\"ListItem\",\"position\":2,\"name\":\"Szymon Majewski na basenie reklamuje abonamenty Plusa za p\u00f3\u0142 ceny dla rodziny\"}]},{\"@type\":\"WebSite\",\"@id\":\"https:\\\/\\\/favorite-news.com\\\/pl\\\/#website\",\"url\":\"https:\\\/\\\/favorite-news.com\\\/pl\\\/\",\"name\":\"Favorite News\",\"description\":\"Favorite News Polska\",\"potentialAction\":[{\"@type\":\"SearchAction\",\"target\":{\"@type\":\"EntryPoint\",\"urlTemplate\":\"https:\\\/\\\/favorite-news.com\\\/pl\\\/?s={search_term_string}\"},\"query-input\":{\"@type\":\"PropertyValueSpecification\",\"valueRequired\":true,\"valueName\":\"search_term_string\"}}],\"inLanguage\":\"pl-PL\"},{\"@type\":\"Person\",\"@id\":\"https:\\\/\\\/favorite-news.com\\\/pl\\\/#\\\/schema\\\/person\\\/b91573b717dcfa5e4696032a9d28d3e8\",\"name\":\"favorite-news\",\"image\":{\"@type\":\"ImageObject\",\"inLanguage\":\"pl-PL\",\"@id\":\"https:\\\/\\\/secure.gravatar.com\\\/avatar\\\/6c5a5cb12b74e9d517ee91cf570335b7d16177f1977cc91db161adfa435945a7?s=96&d=mm&r=g\",\"url\":\"https:\\\/\\\/secure.gravatar.com\\\/avatar\\\/6c5a5cb12b74e9d517ee91cf570335b7d16177f1977cc91db161adfa435945a7?s=96&d=mm&r=g\",\"contentUrl\":\"https:\\\/\\\/secure.gravatar.com\\\/avatar\\\/6c5a5cb12b74e9d517ee91cf570335b7d16177f1977cc91db161adfa435945a7?s=96&d=mm&r=g\",\"caption\":\"favorite-news\"},\"url\":\"https:\\\/\\\/favorite-news.com\\\/pl\\\/author\\\/pt\\\/\"}]}<\/script>\n<!-- \/ Yoast SEO plugin. -->","yoast_head_json":{"title":"Szymon Majewski na basenie reklamuje abonamenty Plusa za p\u00f3\u0142 ceny dla rodziny - Favorite News","robots":{"index":"index","follow":"follow","max-snippet":"max-snippet:-1","max-image-preview":"max-image-preview:large","max-video-preview":"max-video-preview:-1"},"canonical":"https:\/\/favorite-news.com\/pl\/szymon-majewski-na-basenie-reklamuje-abonamenty-plusa-za-pol-ceny-dla-rodziny\/","og_locale":"pl_PL","og_type":"article","og_title":"Szymon Majewski na basenie reklamuje abonamenty Plusa za p\u00f3\u0142 ceny dla rodziny - Favorite News","og_description":"[ad_1] W nowej reklamie Plusa ambasador marki, Szymon Majewski, chwali abonamenty operatora na basenie. Wyst\u0119puje w roli ratownika na p\u0142ywali, gdzie rozmawia z rodzicami jednej z dziewczynek o ofercie Plusa. &#13; &#13; Spot emitowany jest w telewizji i internecie. &#13; &#13; Za kreacj\u0119 odpowiada Scholz&amp;Friends Warszawa, za produkcj\u0119 TFP, a za postprodukcj\u0119 Televizor. &#13; &#13; [&hellip;]","og_url":"https:\/\/favorite-news.com\/pl\/szymon-majewski-na-basenie-reklamuje-abonamenty-plusa-za-pol-ceny-dla-rodziny\/","og_site_name":"Favorite News","article_published_time":"2019-06-18T22:28:06+00:00","article_modified_time":"2019-06-18T22:28:08+00:00","og_image":[{"width":655,"height":486,"url":"https:\/\/favorite-news.com\/pl\/wp-content\/uploads\/sites\/6\/2019\/06\/Szymon-Majewski-na-basenie-reklamuje-abonamenty-Plusa-za-p\u00f3\u0142-ceny.png","type":"image\/png"}],"author":"favorite-news","twitter_card":"summary_large_image","twitter_misc":{"Napisane przez":"favorite-news","Szacowany czas czytania":"1 minuta"},"schema":{"@context":"https:\/\/schema.org","@graph":[{"@type":"Article","@id":"https:\/\/favorite-news.com\/pl\/szymon-majewski-na-basenie-reklamuje-abonamenty-plusa-za-pol-ceny-dla-rodziny\/#article","isPartOf":{"@id":"https:\/\/favorite-news.com\/pl\/szymon-majewski-na-basenie-reklamuje-abonamenty-plusa-za-pol-ceny-dla-rodziny\/"},"author":{"name":"favorite-news","@id":"https:\/\/favorite-news.com\/pl\/#\/schema\/person\/b91573b717dcfa5e4696032a9d28d3e8"},"headline":"Szymon Majewski na basenie reklamuje abonamenty Plusa za p\u00f3\u0142 ceny dla rodziny","datePublished":"2019-06-18T22:28:06+00:00","dateModified":"2019-06-18T22:28:08+00:00","mainEntityOfPage":{"@id":"https:\/\/favorite-news.com\/pl\/szymon-majewski-na-basenie-reklamuje-abonamenty-plusa-za-pol-ceny-dla-rodziny\/"},"wordCount":262,"commentCount":0,"image":{"@id":"https:\/\/favorite-news.com\/pl\/szymon-majewski-na-basenie-reklamuje-abonamenty-plusa-za-pol-ceny-dla-rodziny\/#primaryimage"},"thumbnailUrl":"https:\/\/favorite-news.com\/pl\/wp-content\/uploads\/sites\/6\/2019\/06\/Szymon-Majewski-na-basenie-reklamuje-abonamenty-Plusa-za-p\u00f3\u0142-ceny.png","articleSection":["WIADOMO\u015aCI MARKETINGOWE INTERNETOWE"],"inLanguage":"pl-PL","potentialAction":[{"@type":"CommentAction","name":"Comment","target":["https:\/\/favorite-news.com\/pl\/szymon-majewski-na-basenie-reklamuje-abonamenty-plusa-za-pol-ceny-dla-rodziny\/#respond"]}]},{"@type":"WebPage","@id":"https:\/\/favorite-news.com\/pl\/szymon-majewski-na-basenie-reklamuje-abonamenty-plusa-za-pol-ceny-dla-rodziny\/","url":"https:\/\/favorite-news.com\/pl\/szymon-majewski-na-basenie-reklamuje-abonamenty-plusa-za-pol-ceny-dla-rodziny\/","name":"Szymon Majewski na basenie reklamuje abonamenty Plusa za p\u00f3\u0142 ceny dla rodziny - Favorite News","isPartOf":{"@id":"https:\/\/favorite-news.com\/pl\/#website"},"primaryImageOfPage":{"@id":"https:\/\/favorite-news.com\/pl\/szymon-majewski-na-basenie-reklamuje-abonamenty-plusa-za-pol-ceny-dla-rodziny\/#primaryimage"},"image":{"@id":"https:\/\/favorite-news.com\/pl\/szymon-majewski-na-basenie-reklamuje-abonamenty-plusa-za-pol-ceny-dla-rodziny\/#primaryimage"},"thumbnailUrl":"https:\/\/favorite-news.com\/pl\/wp-content\/uploads\/sites\/6\/2019\/06\/Szymon-Majewski-na-basenie-reklamuje-abonamenty-Plusa-za-p\u00f3\u0142-ceny.png","datePublished":"2019-06-18T22:28:06+00:00","dateModified":"2019-06-18T22:28:08+00:00","author":{"@id":"https:\/\/favorite-news.com\/pl\/#\/schema\/person\/b91573b717dcfa5e4696032a9d28d3e8"},"breadcrumb":{"@id":"https:\/\/favorite-news.com\/pl\/szymon-majewski-na-basenie-reklamuje-abonamenty-plusa-za-pol-ceny-dla-rodziny\/#breadcrumb"},"inLanguage":"pl-PL","potentialAction":[{"@type":"ReadAction","target":["https:\/\/favorite-news.com\/pl\/szymon-majewski-na-basenie-reklamuje-abonamenty-plusa-za-pol-ceny-dla-rodziny\/"]}]},{"@type":"ImageObject","inLanguage":"pl-PL","@id":"https:\/\/favorite-news.com\/pl\/szymon-majewski-na-basenie-reklamuje-abonamenty-plusa-za-pol-ceny-dla-rodziny\/#primaryimage","url":"https:\/\/favorite-news.com\/pl\/wp-content\/uploads\/sites\/6\/2019\/06\/Szymon-Majewski-na-basenie-reklamuje-abonamenty-Plusa-za-p\u00f3\u0142-ceny.png","contentUrl":"https:\/\/favorite-news.com\/pl\/wp-content\/uploads\/sites\/6\/2019\/06\/Szymon-Majewski-na-basenie-reklamuje-abonamenty-Plusa-za-p\u00f3\u0142-ceny.png","width":655,"height":486,"caption":"Article"},{"@type":"BreadcrumbList","@id":"https:\/\/favorite-news.com\/pl\/szymon-majewski-na-basenie-reklamuje-abonamenty-plusa-za-pol-ceny-dla-rodziny\/#breadcrumb","itemListElement":[{"@type":"ListItem","position":1,"name":"Home","item":"https:\/\/favorite-news.com\/pl\/"},{"@type":"ListItem","position":2,"name":"Szymon Majewski na basenie reklamuje abonamenty Plusa za p\u00f3\u0142 ceny dla rodziny"}]},{"@type":"WebSite","@id":"https:\/\/favorite-news.com\/pl\/#website","url":"https:\/\/favorite-news.com\/pl\/","name":"Favorite News","description":"Favorite News Polska","potentialAction":[{"@type":"SearchAction","target":{"@type":"EntryPoint","urlTemplate":"https:\/\/favorite-news.com\/pl\/?s={search_term_string}"},"query-input":{"@type":"PropertyValueSpecification","valueRequired":true,"valueName":"search_term_string"}}],"inLanguage":"pl-PL"},{"@type":"Person","@id":"https:\/\/favorite-news.com\/pl\/#\/schema\/person\/b91573b717dcfa5e4696032a9d28d3e8","name":"favorite-news","image":{"@type":"ImageObject","inLanguage":"pl-PL","@id":"https:\/\/secure.gravatar.com\/avatar\/6c5a5cb12b74e9d517ee91cf570335b7d16177f1977cc91db161adfa435945a7?s=96&d=mm&r=g","url":"https:\/\/secure.gravatar.com\/avatar\/6c5a5cb12b74e9d517ee91cf570335b7d16177f1977cc91db161adfa435945a7?s=96&d=mm&r=g","contentUrl":"https:\/\/secure.gravatar.com\/avatar\/6c5a5cb12b74e9d517ee91cf570335b7d16177f1977cc91db161adfa435945a7?s=96&d=mm&r=g","caption":"favorite-news"},"url":"https:\/\/favorite-news.com\/pl\/author\/pt\/"}]}},"_links":{"self":[{"href":"https:\/\/favorite-news.com\/pl\/wp-json\/wp\/v2\/posts\/1734","targetHints":{"allow":["GET"]}}],"collection":[{"href":"https:\/\/favorite-news.com\/pl\/wp-json\/wp\/v2\/posts"}],"about":[{"href":"https:\/\/favorite-news.com\/pl\/wp-json\/wp\/v2\/types\/post"}],"author":[{"embeddable":true,"href":"https:\/\/favorite-news.com\/pl\/wp-json\/wp\/v2\/users\/2"}],"replies":[{"embeddable":true,"href":"https:\/\/favorite-news.com\/pl\/wp-json\/wp\/v2\/comments?post=1734"}],"version-history":[{"count":1,"href":"https:\/\/favorite-news.com\/pl\/wp-json\/wp\/v2\/posts\/1734\/revisions"}],"predecessor-version":[{"id":1736,"href":"https:\/\/favorite-news.com\/pl\/wp-json\/wp\/v2\/posts\/1734\/revisions\/1736"}],"wp:featuredmedia":[{"embeddable":true,"href":"https:\/\/favorite-news.com\/pl\/wp-json\/wp\/v2\/media\/1735"}],"wp:attachment":[{"href":"https:\/\/favorite-news.com\/pl\/wp-json\/wp\/v2\/media?parent=1734"}],"wp:term":[{"taxonomy":"category","embeddable":true,"href":"https:\/\/favorite-news.com\/pl\/wp-json\/wp\/v2\/categories?post=1734"},{"taxonomy":"post_tag","embeddable":true,"href":"https:\/\/favorite-news.com\/pl\/wp-json\/wp\/v2\/tags?post=1734"}],"curies":[{"name":"wp","href":"https:\/\/api.w.org\/{rel}","templated":true}]}}