{"id":1725,"date":"2019-06-18T22:00:36","date_gmt":"2019-06-18T19:00:36","guid":{"rendered":"https:\/\/favorite-news.com\/pl\/ile-wynosi-dzien-wyplaty-maciej-klepacki-w-radzie-nadzorczej\/"},"modified":"2019-06-18T22:00:37","modified_gmt":"2019-06-18T19:00:37","slug":"ile-wynosi-dzien-wyplaty-maciej-klepacki-w-radzie-nadzorczej","status":"publish","type":"post","link":"https:\/\/favorite-news.com\/pl\/ile-wynosi-dzien-wyplaty-maciej-klepacki-w-radzie-nadzorczej\/","title":{"rendered":"ile wynosi, dzie\u0144 wyp\u0142aty; Maciej Klepacki w radzie nadzorczej"},"content":{"rendered":"<p> [ad_1]<br \/>\n<\/p>\n<div id=\"\">\n<p>We wtorek walne zgromadzenie akcjonariuszy przed\u0142u\u017cy\u0142o mandat w radzie nadzorczej innej osoby &#8211; Roberta Rz\u0105dcy, kt\u00f3ry jest w radzie od czerwca 2016 roku.<\/p>\n<p>&#13;<br \/>\n&#13;<\/p>\n<p>W radzie nadzorczej sp\u00f3\u0142ki s\u0105 te\u017c Janusz \u017bebrowski (od czerwca 2014 roku, jest przewodnicz\u0105cym), Grzegorz Stulgis (do wrze\u015bnia 2015 roku) i Micha\u0142 Zdziarski (od czerwca ub.r.).<\/p>\n<p>&#13;<br \/>\n&#13;<\/p>\n<p>Dariusz Ciborski by\u0142 w radzie nadzorczej K2 od listopada 2016 roku. Powo\u0142any w\u0142a\u015bnie do rady w jego miejsce <strong>Maciej Klepacki od pocz\u0105tku 2017 roku pracuje w Edipresse Polska.<\/strong> Jest dyrektorem operacyjnym segmentu cyfrowego, odpowiada m.in. za zarz\u0105dzanie wszystkimi procesami cyfrowymi, obszarem technologii oraz za monetyzacj\u0119 internetowego portfolio firmy. Wiosn\u0105 br. zosta\u0142 te\u017c cz\u0142onkiem jej zarz\u0105du.<\/p>\n<p>&#13;<br \/>\n&#13;<\/p>\n<p>W latach 2013-2015 Maciej Klepacki by\u0142 dyrektorem zarz\u0105dzaj\u0105cym w Grupie Allegro, odpowiada\u0142 za strategi\u0119, rozw\u00f3j biznesu i zarz\u0105dzanie operacyjne o\u015bmioma portalami tematycznymi: Bankier.pl, PIT.pl, VAT.pl, Twoja-firma.pl, Mambiznes.pl, PRnews.pl, 24.pl, SystemPartnerski.pl. Wcze\u015bniej pracowa\u0142 m.in. w sp\u00f3\u0142ce ATM (w latach 2009-2013 jako dyrektor ds. marketingu i relacji inwestorskich) oraz domu mediowym Starcom Mediavest Group. Natomiast w latach 2011-2013 by\u0142 cz\u0142onkiem rady nadzorczej sp\u00f3\u0142ki mPay.<\/p>\n<p>&#13;<br \/>\n&#13;<\/p>\n<p><span style=\"font-size:20px;\"><strong>K2 wyp\u0142aci 1,2 mln z\u0142 dywidendy<\/strong><\/span><\/p>\n<p>&#13;<br \/>\n&#13;<\/p>\n<p>We wtorek walne zgromadzenie K2 zgodnie z propozycj\u0105 zarz\u0105du zdecydowa\u0142o o podziale 7,57 mln z\u0142 zysku netto osi\u0105gni\u0119tego w ub.r. 6<strong>,33 mln z\u0142 zostanie przeznaczone na kapita\u0142 rezerwowy, a 1,24 mln z\u0142 na dywidend\u0119.<\/strong><\/p>\n<p>&#13;<br \/>\n&#13;<\/p>\n<p><strong>Na ka\u017cd\u0105 akcje przypadnie 50 groszy dywidendy<\/strong>, co przy kursie 9,70 z\u0142 z ko\u0144ca sesji w poniedzia\u0142ek daje stop\u0119 dywidendy wynosz\u0105c\u0105 5,1 proc.<\/p>\n<p>&#13;<br \/>\n&#13;<\/p>\n<p><strong>Dzie\u0144 ustalenia prawa do dywidendy wyznaczono na 12 lipca, a dzie\u0144 jej wyp\u0142aty &#8211; na 26 lipca.<\/strong><\/p>\n<p>&#13;<br \/>\n&#13;<\/p>\n<p>Poprzednio przez cztery lata K2 wyp\u0142aca\u0142a po 2,48 mln z\u0142 dywidendy (1 z\u0142 na akcj\u0119). Przy czym w 2018 i 2017 roku prawie wszystkie \u015brodki na dywidend\u0119 pochodzi\u0142y z kapita\u0142u zapasowego.<\/p>\n<p>&#13;<br \/>\n&#13;<\/p>\n<p>G\u0142\u00f3wnymi akcjonariuszami K2 s\u0105 AGS A\/S (ma akcje stanowi\u0105ce 16,84 proc. kapita\u0142u) i jej by\u0142y prezes Janusz \u017bebrowski (16,47 proc.).<\/p>\n<p>&#13;<br \/>\n&#13;<\/p>\n<p>Ca\u0142a grupa kapita\u0142owa K2 (opr\u00f3cz K2 nale\u017c\u0105 do niej sp\u00f3\u0142ki K2 Precise, Oktawave i Fabrity) w pierwszym kwartale br. zanotowa\u0142a 27,7 mln z\u0142 przychod\u00f3w sprzeda\u017cowych (10,4 proc. wi\u0119cej ni\u017c rok wcze\u015bniej) i 257 tys. z\u0142 straty netto (wobec 105 tys. z\u0142 zysku netto przed rokiem).<\/p>\n<p>&#13;<br \/>\n                            &#13;<br \/>\n&#13;<br \/>\n                            &#13;<br \/>\n&#13;<br \/>\n&#13;<br \/>\n&#13;<br \/>\n&#13;<br \/>\n&#13;<br \/>\n                            &#13;<br \/>\n                                                            &#13;<br \/>\n&#13;<br \/>\n                            &#13;\n                        <\/p><\/div>\n<p><script>(function (d, s, id) {\n        var js, fjs = d.getElementsByTagName(s)[0];\n        if (d.getElementById(id)) return;\n        js = d.createElement(s);\n        js.id = id;\n        js.src = \"http:\/\/connect.facebook.net\/pl_PL\/sdk.js#xfbml=1&version=v2.6&appId=297996717062470\";\n        fjs.parentNode.insertBefore(js, fjs);\n    }(document, 'script', 'facebook-jssdk'));<\/script><br \/>\n<br \/>[ad_2]<br \/>\n<br \/><a href=\"https:\/\/www.wirtualnemedia.pl\/artykul\/k2-dywidenda-w-2019-roku-ile-wynosi-dzien-wyplaty-maciej-klepacki-w-radzie-nadzorczej\">Source link <\/a><\/p>\n","protected":false},"excerpt":{"rendered":"<p>[ad_1] We wtorek walne zgromadzenie akcjonariuszy przed\u0142u\u017cy\u0142o mandat w radzie nadzorczej innej osoby &#8211; Roberta Rz\u0105dcy, kt\u00f3ry jest w radzie od czerwca 2016 roku. &#13; &#13; W radzie nadzorczej sp\u00f3\u0142ki s\u0105 te\u017c Janusz \u017bebrowski (od czerwca 2014 roku, jest przewodnicz\u0105cym), Grzegorz Stulgis (do wrze\u015bnia 2015 roku) i Micha\u0142 Zdziarski (od czerwca ub.r.). &#13; &#13; Dariusz [&hellip;]<\/p>\n","protected":false},"author":2,"featured_media":1726,"comment_status":"open","ping_status":"open","sticky":false,"template":"","format":"standard","meta":{"footnotes":""},"categories":[2],"tags":[],"class_list":["post-1725","post","type-post","status-publish","format-standard","has-post-thumbnail","hentry","category-wiadomosci-marketingowe-internetowe"],"yoast_head":"<!-- This site is optimized with the Yoast SEO plugin v27.4 - https:\/\/yoast.com\/product\/yoast-seo-wordpress\/ -->\n<title>ile wynosi, dzie\u0144 wyp\u0142aty; Maciej Klepacki w radzie nadzorczej - Favorite News<\/title>\n<meta name=\"robots\" content=\"index, follow, max-snippet:-1, max-image-preview:large, max-video-preview:-1\" \/>\n<link rel=\"canonical\" href=\"https:\/\/favorite-news.com\/pl\/ile-wynosi-dzien-wyplaty-maciej-klepacki-w-radzie-nadzorczej\/\" \/>\n<meta property=\"og:locale\" content=\"pl_PL\" \/>\n<meta property=\"og:type\" content=\"article\" \/>\n<meta property=\"og:title\" content=\"ile wynosi, dzie\u0144 wyp\u0142aty; Maciej Klepacki w radzie nadzorczej - Favorite News\" \/>\n<meta property=\"og:description\" content=\"[ad_1] We wtorek walne zgromadzenie akcjonariuszy przed\u0142u\u017cy\u0142o mandat w radzie nadzorczej innej osoby &#8211; Roberta Rz\u0105dcy, kt\u00f3ry jest w radzie od czerwca 2016 roku. &#013; &#013; W radzie nadzorczej sp\u00f3\u0142ki s\u0105 te\u017c Janusz \u017bebrowski (od czerwca 2014 roku, jest przewodnicz\u0105cym), Grzegorz Stulgis (do wrze\u015bnia 2015 roku) i Micha\u0142 Zdziarski (od czerwca ub.r.). &#013; &#013; Dariusz [&hellip;]\" \/>\n<meta property=\"og:url\" content=\"https:\/\/favorite-news.com\/pl\/ile-wynosi-dzien-wyplaty-maciej-klepacki-w-radzie-nadzorczej\/\" \/>\n<meta property=\"og:site_name\" content=\"Favorite News\" \/>\n<meta property=\"article:published_time\" content=\"2019-06-18T19:00:36+00:00\" \/>\n<meta property=\"article:modified_time\" content=\"2019-06-18T19:00:37+00:00\" \/>\n<meta property=\"og:image\" content=\"https:\/\/favorite-news.com\/pl\/wp-content\/uploads\/sites\/6\/2019\/06\/ile-wynosi-dzie\u0144-wyp\u0142aty-Maciej-Klepacki-w-radzie-nadzorczej.jpg\" \/>\n\t<meta property=\"og:image:width\" content=\"655\" \/>\n\t<meta property=\"og:image:height\" content=\"555\" \/>\n\t<meta property=\"og:image:type\" content=\"image\/jpeg\" \/>\n<meta name=\"author\" content=\"favorite-news\" \/>\n<meta name=\"twitter:card\" content=\"summary_large_image\" \/>\n<meta name=\"twitter:label1\" content=\"Napisane przez\" \/>\n\t<meta name=\"twitter:data1\" content=\"favorite-news\" \/>\n\t<meta name=\"twitter:label2\" content=\"Szacowany czas czytania\" \/>\n\t<meta name=\"twitter:data2\" content=\"2 minuty\" \/>\n<script type=\"application\/ld+json\" class=\"yoast-schema-graph\">{\"@context\":\"https:\\\/\\\/schema.org\",\"@graph\":[{\"@type\":\"Article\",\"@id\":\"https:\\\/\\\/favorite-news.com\\\/pl\\\/ile-wynosi-dzien-wyplaty-maciej-klepacki-w-radzie-nadzorczej\\\/#article\",\"isPartOf\":{\"@id\":\"https:\\\/\\\/favorite-news.com\\\/pl\\\/ile-wynosi-dzien-wyplaty-maciej-klepacki-w-radzie-nadzorczej\\\/\"},\"author\":{\"name\":\"favorite-news\",\"@id\":\"https:\\\/\\\/favorite-news.com\\\/pl\\\/#\\\/schema\\\/person\\\/b91573b717dcfa5e4696032a9d28d3e8\"},\"headline\":\"ile wynosi, dzie\u0144 wyp\u0142aty; Maciej Klepacki w radzie nadzorczej\",\"datePublished\":\"2019-06-18T19:00:36+00:00\",\"dateModified\":\"2019-06-18T19:00:37+00:00\",\"mainEntityOfPage\":{\"@id\":\"https:\\\/\\\/favorite-news.com\\\/pl\\\/ile-wynosi-dzien-wyplaty-maciej-klepacki-w-radzie-nadzorczej\\\/\"},\"wordCount\":395,\"commentCount\":0,\"image\":{\"@id\":\"https:\\\/\\\/favorite-news.com\\\/pl\\\/ile-wynosi-dzien-wyplaty-maciej-klepacki-w-radzie-nadzorczej\\\/#primaryimage\"},\"thumbnailUrl\":\"https:\\\/\\\/favorite-news.com\\\/pl\\\/wp-content\\\/uploads\\\/sites\\\/6\\\/2019\\\/06\\\/ile-wynosi-dzie\u0144-wyp\u0142aty-Maciej-Klepacki-w-radzie-nadzorczej.jpg\",\"articleSection\":[\"WIADOMO\u015aCI MARKETINGOWE INTERNETOWE\"],\"inLanguage\":\"pl-PL\",\"potentialAction\":[{\"@type\":\"CommentAction\",\"name\":\"Comment\",\"target\":[\"https:\\\/\\\/favorite-news.com\\\/pl\\\/ile-wynosi-dzien-wyplaty-maciej-klepacki-w-radzie-nadzorczej\\\/#respond\"]}]},{\"@type\":\"WebPage\",\"@id\":\"https:\\\/\\\/favorite-news.com\\\/pl\\\/ile-wynosi-dzien-wyplaty-maciej-klepacki-w-radzie-nadzorczej\\\/\",\"url\":\"https:\\\/\\\/favorite-news.com\\\/pl\\\/ile-wynosi-dzien-wyplaty-maciej-klepacki-w-radzie-nadzorczej\\\/\",\"name\":\"ile wynosi, dzie\u0144 wyp\u0142aty; Maciej Klepacki w radzie nadzorczej - Favorite News\",\"isPartOf\":{\"@id\":\"https:\\\/\\\/favorite-news.com\\\/pl\\\/#website\"},\"primaryImageOfPage\":{\"@id\":\"https:\\\/\\\/favorite-news.com\\\/pl\\\/ile-wynosi-dzien-wyplaty-maciej-klepacki-w-radzie-nadzorczej\\\/#primaryimage\"},\"image\":{\"@id\":\"https:\\\/\\\/favorite-news.com\\\/pl\\\/ile-wynosi-dzien-wyplaty-maciej-klepacki-w-radzie-nadzorczej\\\/#primaryimage\"},\"thumbnailUrl\":\"https:\\\/\\\/favorite-news.com\\\/pl\\\/wp-content\\\/uploads\\\/sites\\\/6\\\/2019\\\/06\\\/ile-wynosi-dzie\u0144-wyp\u0142aty-Maciej-Klepacki-w-radzie-nadzorczej.jpg\",\"datePublished\":\"2019-06-18T19:00:36+00:00\",\"dateModified\":\"2019-06-18T19:00:37+00:00\",\"author\":{\"@id\":\"https:\\\/\\\/favorite-news.com\\\/pl\\\/#\\\/schema\\\/person\\\/b91573b717dcfa5e4696032a9d28d3e8\"},\"breadcrumb\":{\"@id\":\"https:\\\/\\\/favorite-news.com\\\/pl\\\/ile-wynosi-dzien-wyplaty-maciej-klepacki-w-radzie-nadzorczej\\\/#breadcrumb\"},\"inLanguage\":\"pl-PL\",\"potentialAction\":[{\"@type\":\"ReadAction\",\"target\":[\"https:\\\/\\\/favorite-news.com\\\/pl\\\/ile-wynosi-dzien-wyplaty-maciej-klepacki-w-radzie-nadzorczej\\\/\"]}]},{\"@type\":\"ImageObject\",\"inLanguage\":\"pl-PL\",\"@id\":\"https:\\\/\\\/favorite-news.com\\\/pl\\\/ile-wynosi-dzien-wyplaty-maciej-klepacki-w-radzie-nadzorczej\\\/#primaryimage\",\"url\":\"https:\\\/\\\/favorite-news.com\\\/pl\\\/wp-content\\\/uploads\\\/sites\\\/6\\\/2019\\\/06\\\/ile-wynosi-dzie\u0144-wyp\u0142aty-Maciej-Klepacki-w-radzie-nadzorczej.jpg\",\"contentUrl\":\"https:\\\/\\\/favorite-news.com\\\/pl\\\/wp-content\\\/uploads\\\/sites\\\/6\\\/2019\\\/06\\\/ile-wynosi-dzie\u0144-wyp\u0142aty-Maciej-Klepacki-w-radzie-nadzorczej.jpg\",\"width\":655,\"height\":555,\"caption\":\"Article\"},{\"@type\":\"BreadcrumbList\",\"@id\":\"https:\\\/\\\/favorite-news.com\\\/pl\\\/ile-wynosi-dzien-wyplaty-maciej-klepacki-w-radzie-nadzorczej\\\/#breadcrumb\",\"itemListElement\":[{\"@type\":\"ListItem\",\"position\":1,\"name\":\"Home\",\"item\":\"https:\\\/\\\/favorite-news.com\\\/pl\\\/\"},{\"@type\":\"ListItem\",\"position\":2,\"name\":\"ile wynosi, dzie\u0144 wyp\u0142aty; Maciej Klepacki w radzie nadzorczej\"}]},{\"@type\":\"WebSite\",\"@id\":\"https:\\\/\\\/favorite-news.com\\\/pl\\\/#website\",\"url\":\"https:\\\/\\\/favorite-news.com\\\/pl\\\/\",\"name\":\"Favorite News\",\"description\":\"Favorite News Polska\",\"potentialAction\":[{\"@type\":\"SearchAction\",\"target\":{\"@type\":\"EntryPoint\",\"urlTemplate\":\"https:\\\/\\\/favorite-news.com\\\/pl\\\/?s={search_term_string}\"},\"query-input\":{\"@type\":\"PropertyValueSpecification\",\"valueRequired\":true,\"valueName\":\"search_term_string\"}}],\"inLanguage\":\"pl-PL\"},{\"@type\":\"Person\",\"@id\":\"https:\\\/\\\/favorite-news.com\\\/pl\\\/#\\\/schema\\\/person\\\/b91573b717dcfa5e4696032a9d28d3e8\",\"name\":\"favorite-news\",\"image\":{\"@type\":\"ImageObject\",\"inLanguage\":\"pl-PL\",\"@id\":\"https:\\\/\\\/secure.gravatar.com\\\/avatar\\\/6c5a5cb12b74e9d517ee91cf570335b7d16177f1977cc91db161adfa435945a7?s=96&d=mm&r=g\",\"url\":\"https:\\\/\\\/secure.gravatar.com\\\/avatar\\\/6c5a5cb12b74e9d517ee91cf570335b7d16177f1977cc91db161adfa435945a7?s=96&d=mm&r=g\",\"contentUrl\":\"https:\\\/\\\/secure.gravatar.com\\\/avatar\\\/6c5a5cb12b74e9d517ee91cf570335b7d16177f1977cc91db161adfa435945a7?s=96&d=mm&r=g\",\"caption\":\"favorite-news\"},\"url\":\"https:\\\/\\\/favorite-news.com\\\/pl\\\/author\\\/pt\\\/\"}]}<\/script>\n<!-- \/ Yoast SEO plugin. -->","yoast_head_json":{"title":"ile wynosi, dzie\u0144 wyp\u0142aty; Maciej Klepacki w radzie nadzorczej - Favorite News","robots":{"index":"index","follow":"follow","max-snippet":"max-snippet:-1","max-image-preview":"max-image-preview:large","max-video-preview":"max-video-preview:-1"},"canonical":"https:\/\/favorite-news.com\/pl\/ile-wynosi-dzien-wyplaty-maciej-klepacki-w-radzie-nadzorczej\/","og_locale":"pl_PL","og_type":"article","og_title":"ile wynosi, dzie\u0144 wyp\u0142aty; Maciej Klepacki w radzie nadzorczej - Favorite News","og_description":"[ad_1] We wtorek walne zgromadzenie akcjonariuszy przed\u0142u\u017cy\u0142o mandat w radzie nadzorczej innej osoby &#8211; Roberta Rz\u0105dcy, kt\u00f3ry jest w radzie od czerwca 2016 roku. &#13; &#13; W radzie nadzorczej sp\u00f3\u0142ki s\u0105 te\u017c Janusz \u017bebrowski (od czerwca 2014 roku, jest przewodnicz\u0105cym), Grzegorz Stulgis (do wrze\u015bnia 2015 roku) i Micha\u0142 Zdziarski (od czerwca ub.r.). &#13; &#13; Dariusz [&hellip;]","og_url":"https:\/\/favorite-news.com\/pl\/ile-wynosi-dzien-wyplaty-maciej-klepacki-w-radzie-nadzorczej\/","og_site_name":"Favorite News","article_published_time":"2019-06-18T19:00:36+00:00","article_modified_time":"2019-06-18T19:00:37+00:00","og_image":[{"width":655,"height":555,"url":"https:\/\/favorite-news.com\/pl\/wp-content\/uploads\/sites\/6\/2019\/06\/ile-wynosi-dzie\u0144-wyp\u0142aty-Maciej-Klepacki-w-radzie-nadzorczej.jpg","type":"image\/jpeg"}],"author":"favorite-news","twitter_card":"summary_large_image","twitter_misc":{"Napisane przez":"favorite-news","Szacowany czas czytania":"2 minuty"},"schema":{"@context":"https:\/\/schema.org","@graph":[{"@type":"Article","@id":"https:\/\/favorite-news.com\/pl\/ile-wynosi-dzien-wyplaty-maciej-klepacki-w-radzie-nadzorczej\/#article","isPartOf":{"@id":"https:\/\/favorite-news.com\/pl\/ile-wynosi-dzien-wyplaty-maciej-klepacki-w-radzie-nadzorczej\/"},"author":{"name":"favorite-news","@id":"https:\/\/favorite-news.com\/pl\/#\/schema\/person\/b91573b717dcfa5e4696032a9d28d3e8"},"headline":"ile wynosi, dzie\u0144 wyp\u0142aty; Maciej Klepacki w radzie nadzorczej","datePublished":"2019-06-18T19:00:36+00:00","dateModified":"2019-06-18T19:00:37+00:00","mainEntityOfPage":{"@id":"https:\/\/favorite-news.com\/pl\/ile-wynosi-dzien-wyplaty-maciej-klepacki-w-radzie-nadzorczej\/"},"wordCount":395,"commentCount":0,"image":{"@id":"https:\/\/favorite-news.com\/pl\/ile-wynosi-dzien-wyplaty-maciej-klepacki-w-radzie-nadzorczej\/#primaryimage"},"thumbnailUrl":"https:\/\/favorite-news.com\/pl\/wp-content\/uploads\/sites\/6\/2019\/06\/ile-wynosi-dzie\u0144-wyp\u0142aty-Maciej-Klepacki-w-radzie-nadzorczej.jpg","articleSection":["WIADOMO\u015aCI MARKETINGOWE INTERNETOWE"],"inLanguage":"pl-PL","potentialAction":[{"@type":"CommentAction","name":"Comment","target":["https:\/\/favorite-news.com\/pl\/ile-wynosi-dzien-wyplaty-maciej-klepacki-w-radzie-nadzorczej\/#respond"]}]},{"@type":"WebPage","@id":"https:\/\/favorite-news.com\/pl\/ile-wynosi-dzien-wyplaty-maciej-klepacki-w-radzie-nadzorczej\/","url":"https:\/\/favorite-news.com\/pl\/ile-wynosi-dzien-wyplaty-maciej-klepacki-w-radzie-nadzorczej\/","name":"ile wynosi, dzie\u0144 wyp\u0142aty; Maciej Klepacki w radzie nadzorczej - Favorite News","isPartOf":{"@id":"https:\/\/favorite-news.com\/pl\/#website"},"primaryImageOfPage":{"@id":"https:\/\/favorite-news.com\/pl\/ile-wynosi-dzien-wyplaty-maciej-klepacki-w-radzie-nadzorczej\/#primaryimage"},"image":{"@id":"https:\/\/favorite-news.com\/pl\/ile-wynosi-dzien-wyplaty-maciej-klepacki-w-radzie-nadzorczej\/#primaryimage"},"thumbnailUrl":"https:\/\/favorite-news.com\/pl\/wp-content\/uploads\/sites\/6\/2019\/06\/ile-wynosi-dzie\u0144-wyp\u0142aty-Maciej-Klepacki-w-radzie-nadzorczej.jpg","datePublished":"2019-06-18T19:00:36+00:00","dateModified":"2019-06-18T19:00:37+00:00","author":{"@id":"https:\/\/favorite-news.com\/pl\/#\/schema\/person\/b91573b717dcfa5e4696032a9d28d3e8"},"breadcrumb":{"@id":"https:\/\/favorite-news.com\/pl\/ile-wynosi-dzien-wyplaty-maciej-klepacki-w-radzie-nadzorczej\/#breadcrumb"},"inLanguage":"pl-PL","potentialAction":[{"@type":"ReadAction","target":["https:\/\/favorite-news.com\/pl\/ile-wynosi-dzien-wyplaty-maciej-klepacki-w-radzie-nadzorczej\/"]}]},{"@type":"ImageObject","inLanguage":"pl-PL","@id":"https:\/\/favorite-news.com\/pl\/ile-wynosi-dzien-wyplaty-maciej-klepacki-w-radzie-nadzorczej\/#primaryimage","url":"https:\/\/favorite-news.com\/pl\/wp-content\/uploads\/sites\/6\/2019\/06\/ile-wynosi-dzie\u0144-wyp\u0142aty-Maciej-Klepacki-w-radzie-nadzorczej.jpg","contentUrl":"https:\/\/favorite-news.com\/pl\/wp-content\/uploads\/sites\/6\/2019\/06\/ile-wynosi-dzie\u0144-wyp\u0142aty-Maciej-Klepacki-w-radzie-nadzorczej.jpg","width":655,"height":555,"caption":"Article"},{"@type":"BreadcrumbList","@id":"https:\/\/favorite-news.com\/pl\/ile-wynosi-dzien-wyplaty-maciej-klepacki-w-radzie-nadzorczej\/#breadcrumb","itemListElement":[{"@type":"ListItem","position":1,"name":"Home","item":"https:\/\/favorite-news.com\/pl\/"},{"@type":"ListItem","position":2,"name":"ile wynosi, dzie\u0144 wyp\u0142aty; Maciej Klepacki w radzie nadzorczej"}]},{"@type":"WebSite","@id":"https:\/\/favorite-news.com\/pl\/#website","url":"https:\/\/favorite-news.com\/pl\/","name":"Favorite News","description":"Favorite News Polska","potentialAction":[{"@type":"SearchAction","target":{"@type":"EntryPoint","urlTemplate":"https:\/\/favorite-news.com\/pl\/?s={search_term_string}"},"query-input":{"@type":"PropertyValueSpecification","valueRequired":true,"valueName":"search_term_string"}}],"inLanguage":"pl-PL"},{"@type":"Person","@id":"https:\/\/favorite-news.com\/pl\/#\/schema\/person\/b91573b717dcfa5e4696032a9d28d3e8","name":"favorite-news","image":{"@type":"ImageObject","inLanguage":"pl-PL","@id":"https:\/\/secure.gravatar.com\/avatar\/6c5a5cb12b74e9d517ee91cf570335b7d16177f1977cc91db161adfa435945a7?s=96&d=mm&r=g","url":"https:\/\/secure.gravatar.com\/avatar\/6c5a5cb12b74e9d517ee91cf570335b7d16177f1977cc91db161adfa435945a7?s=96&d=mm&r=g","contentUrl":"https:\/\/secure.gravatar.com\/avatar\/6c5a5cb12b74e9d517ee91cf570335b7d16177f1977cc91db161adfa435945a7?s=96&d=mm&r=g","caption":"favorite-news"},"url":"https:\/\/favorite-news.com\/pl\/author\/pt\/"}]}},"_links":{"self":[{"href":"https:\/\/favorite-news.com\/pl\/wp-json\/wp\/v2\/posts\/1725","targetHints":{"allow":["GET"]}}],"collection":[{"href":"https:\/\/favorite-news.com\/pl\/wp-json\/wp\/v2\/posts"}],"about":[{"href":"https:\/\/favorite-news.com\/pl\/wp-json\/wp\/v2\/types\/post"}],"author":[{"embeddable":true,"href":"https:\/\/favorite-news.com\/pl\/wp-json\/wp\/v2\/users\/2"}],"replies":[{"embeddable":true,"href":"https:\/\/favorite-news.com\/pl\/wp-json\/wp\/v2\/comments?post=1725"}],"version-history":[{"count":1,"href":"https:\/\/favorite-news.com\/pl\/wp-json\/wp\/v2\/posts\/1725\/revisions"}],"predecessor-version":[{"id":1727,"href":"https:\/\/favorite-news.com\/pl\/wp-json\/wp\/v2\/posts\/1725\/revisions\/1727"}],"wp:featuredmedia":[{"embeddable":true,"href":"https:\/\/favorite-news.com\/pl\/wp-json\/wp\/v2\/media\/1726"}],"wp:attachment":[{"href":"https:\/\/favorite-news.com\/pl\/wp-json\/wp\/v2\/media?parent=1725"}],"wp:term":[{"taxonomy":"category","embeddable":true,"href":"https:\/\/favorite-news.com\/pl\/wp-json\/wp\/v2\/categories?post=1725"},{"taxonomy":"post_tag","embeddable":true,"href":"https:\/\/favorite-news.com\/pl\/wp-json\/wp\/v2\/tags?post=1725"}],"curies":[{"name":"wp","href":"https:\/\/api.w.org\/{rel}","templated":true}]}}