{"id":1716,"date":"2019-06-18T17:04:51","date_gmt":"2019-06-18T14:04:51","guid":{"rendered":"https:\/\/favorite-news.com\/pl\/jej-czarne-oczy-i-karaoke-reklamuja-wyprzedaz-w-vision-express-wideo\/"},"modified":"2019-06-18T17:04:52","modified_gmt":"2019-06-18T14:04:52","slug":"jej-czarne-oczy-i-karaoke-reklamuja-wyprzedaz-w-vision-express-wideo","status":"publish","type":"post","link":"https:\/\/favorite-news.com\/pl\/jej-czarne-oczy-i-karaoke-reklamuja-wyprzedaz-w-vision-express-wideo\/","title":{"rendered":"\u201eJej czarne oczy\u201d i karaoke reklamuj\u0105 wyprzeda\u017c w Vision Express (wideo)"},"content":{"rendered":"<p> [ad_1]<br \/>\n<\/p>\n<div id=\"\">\n<p>W ramach kampanii emitowane s\u0105 dwa spoty. Ich bohaterowie to osoby z wadami wzroku, kt\u00f3re pr\u00f3buj\u0105 swoich si\u0142 w karaoke. Wykonuj\u0105 piosenki \u201eJej czarne oczy\u201d zespo\u0142u Iwan i Delfin oraz weselny szlagier \u201eGdybym mia\u0142 gitar\u0119\u201d.<\/p>\n<p>&#13;<br \/>\n&#13;<\/p>\n<p><iframe loading=\"lazy\" allow=\"accelerometer; autoplay; encrypted-media; gyroscope; picture-in-picture\" allowfullscreen=\"\" frameborder=\"0\" height=\"360\" src=\"https:\/\/www.youtube.com\/embed\/Jec20IkCOeY\" width=\"600\"><\/iframe><\/p>\n<p>&#13;<br \/>\n&#13;<\/p>\n<p>Kampania prowadzona jest w telewizji, internecie, radiu, mediach spo\u0142eczno\u015bciowych, w prasie i na no\u015bnikach reklamy zewn\u0119trznej.<\/p>\n<p>&#13;<br \/>\n&#13;<\/p>\n<p><iframe loading=\"lazy\" allow=\"accelerometer; autoplay; encrypted-media; gyroscope; picture-in-picture\" allowfullscreen=\"\" frameborder=\"0\" height=\"360\" src=\"https:\/\/www.youtube.com\/embed\/R0i1oqBHyn4\" width=\"600\"><\/iframe><\/p>\n<p>&#13;<br \/>\n&#13;<\/p>\n<p>Za kreacj\u0119 reklam odpowiada agencja Walk Creative, planowaniem i zakupem medi\u00f3w zaj\u0105\u0142 si\u0119 dom mediowy MullenLowe MediaHub. Produkcj\u0105 spot\u00f3w wyre\u017cyserowanych przez Micha\u0142a Bulika zaj\u0119\u0142o si\u0119 dom produkcyjny Szut Szut Studio. Autorem zdj\u0119\u0107 do kampanii jest Micha\u0142 Englert, postprodukcj\u0105 zaj\u0119\u0142o si\u0119 Badi Badi.<\/p>\n<p>&#13;<br \/>\n&#13;<\/p>\n<p>W jednej ze swoich ostatnich kampanii reklamowych Vision Express zaprasza\u0142o po raz kolejny na badania wzroku.<\/p>\n<p>&#13;<br \/>\n                            &#13;<br \/>\n&#13;<br \/>\n                            &#13;<br \/>\n&#13;<br \/>\n&#13;<br \/>\n&#13;<br \/>\n&#13;<br \/>\n&#13;<br \/>\n                            &#13;<br \/>\n                                                            &#13;<br \/>\n&#13;<br \/>\n                            &#13;\n                        <\/p><\/div>\n<p><script>(function (d, s, id) {\n        var js, fjs = d.getElementsByTagName(s)[0];\n        if (d.getElementById(id)) return;\n        js = d.createElement(s);\n        js.id = id;\n        js.src = \"http:\/\/connect.facebook.net\/pl_PL\/sdk.js#xfbml=1&version=v2.6&appId=297996717062470\";\n        fjs.parentNode.insertBefore(js, fjs);\n    }(document, 'script', 'facebook-jssdk'));<\/script><br \/>\n<br \/>[ad_2]<br \/>\n<br \/><a href=\"https:\/\/www.wirtualnemedia.pl\/artykul\/jej-czarne-oczy-i-karaoke-reklamuja-wyprzedaz-w-vision-express-wideo\">Source link <\/a><\/p>\n","protected":false},"excerpt":{"rendered":"<p>[ad_1] W ramach kampanii emitowane s\u0105 dwa spoty. Ich bohaterowie to osoby z wadami wzroku, kt\u00f3re pr\u00f3buj\u0105 swoich si\u0142 w karaoke. Wykonuj\u0105 piosenki \u201eJej czarne oczy\u201d zespo\u0142u Iwan i Delfin oraz weselny szlagier \u201eGdybym mia\u0142 gitar\u0119\u201d. &#13; &#13; &#13; &#13; Kampania prowadzona jest w telewizji, internecie, radiu, mediach spo\u0142eczno\u015bciowych, w prasie i na no\u015bnikach reklamy [&hellip;]<\/p>\n","protected":false},"author":2,"featured_media":1717,"comment_status":"open","ping_status":"open","sticky":false,"template":"","format":"standard","meta":{"footnotes":""},"categories":[2],"tags":[],"class_list":["post-1716","post","type-post","status-publish","format-standard","has-post-thumbnail","hentry","category-wiadomosci-marketingowe-internetowe"],"yoast_head":"<!-- This site is optimized with the Yoast SEO plugin v27.4 - https:\/\/yoast.com\/product\/yoast-seo-wordpress\/ -->\n<title>\u201eJej czarne oczy\u201d i karaoke reklamuj\u0105 wyprzeda\u017c w Vision Express (wideo) - Favorite News<\/title>\n<meta name=\"robots\" content=\"index, follow, max-snippet:-1, max-image-preview:large, max-video-preview:-1\" \/>\n<link rel=\"canonical\" href=\"https:\/\/favorite-news.com\/pl\/jej-czarne-oczy-i-karaoke-reklamuja-wyprzedaz-w-vision-express-wideo\/\" \/>\n<meta property=\"og:locale\" content=\"pl_PL\" \/>\n<meta property=\"og:type\" content=\"article\" \/>\n<meta property=\"og:title\" content=\"\u201eJej czarne oczy\u201d i karaoke reklamuj\u0105 wyprzeda\u017c w Vision Express (wideo) - Favorite News\" \/>\n<meta property=\"og:description\" content=\"[ad_1] W ramach kampanii emitowane s\u0105 dwa spoty. Ich bohaterowie to osoby z wadami wzroku, kt\u00f3re pr\u00f3buj\u0105 swoich si\u0142 w karaoke. Wykonuj\u0105 piosenki \u201eJej czarne oczy\u201d zespo\u0142u Iwan i Delfin oraz weselny szlagier \u201eGdybym mia\u0142 gitar\u0119\u201d. &#013; &#013; &#013; &#013; Kampania prowadzona jest w telewizji, internecie, radiu, mediach spo\u0142eczno\u015bciowych, w prasie i na no\u015bnikach reklamy [&hellip;]\" \/>\n<meta property=\"og:url\" content=\"https:\/\/favorite-news.com\/pl\/jej-czarne-oczy-i-karaoke-reklamuja-wyprzedaz-w-vision-express-wideo\/\" \/>\n<meta property=\"og:site_name\" content=\"Favorite News\" \/>\n<meta property=\"article:published_time\" content=\"2019-06-18T14:04:51+00:00\" \/>\n<meta property=\"article:modified_time\" content=\"2019-06-18T14:04:52+00:00\" \/>\n<meta property=\"og:image\" content=\"https:\/\/favorite-news.com\/pl\/wp-content\/uploads\/sites\/6\/2019\/06\/\u201eJej-czarne-oczy\u201d-i-karaoke-reklamuj\u0105-wyprzeda\u017c-w-Vision-Express.png\" \/>\n\t<meta property=\"og:image:width\" content=\"655\" \/>\n\t<meta property=\"og:image:height\" content=\"345\" \/>\n\t<meta property=\"og:image:type\" content=\"image\/png\" \/>\n<meta name=\"author\" content=\"favorite-news\" \/>\n<meta name=\"twitter:card\" content=\"summary_large_image\" \/>\n<meta name=\"twitter:label1\" content=\"Napisane przez\" \/>\n\t<meta name=\"twitter:data1\" content=\"favorite-news\" \/>\n\t<meta name=\"twitter:label2\" content=\"Szacowany czas czytania\" \/>\n\t<meta name=\"twitter:data2\" content=\"1 minuta\" \/>\n<script type=\"application\/ld+json\" class=\"yoast-schema-graph\">{\"@context\":\"https:\\\/\\\/schema.org\",\"@graph\":[{\"@type\":\"Article\",\"@id\":\"https:\\\/\\\/favorite-news.com\\\/pl\\\/jej-czarne-oczy-i-karaoke-reklamuja-wyprzedaz-w-vision-express-wideo\\\/#article\",\"isPartOf\":{\"@id\":\"https:\\\/\\\/favorite-news.com\\\/pl\\\/jej-czarne-oczy-i-karaoke-reklamuja-wyprzedaz-w-vision-express-wideo\\\/\"},\"author\":{\"name\":\"favorite-news\",\"@id\":\"https:\\\/\\\/favorite-news.com\\\/pl\\\/#\\\/schema\\\/person\\\/b91573b717dcfa5e4696032a9d28d3e8\"},\"headline\":\"\u201eJej czarne oczy\u201d i karaoke reklamuj\u0105 wyprzeda\u017c w Vision Express (wideo)\",\"datePublished\":\"2019-06-18T14:04:51+00:00\",\"dateModified\":\"2019-06-18T14:04:52+00:00\",\"mainEntityOfPage\":{\"@id\":\"https:\\\/\\\/favorite-news.com\\\/pl\\\/jej-czarne-oczy-i-karaoke-reklamuja-wyprzedaz-w-vision-express-wideo\\\/\"},\"wordCount\":138,\"commentCount\":0,\"image\":{\"@id\":\"https:\\\/\\\/favorite-news.com\\\/pl\\\/jej-czarne-oczy-i-karaoke-reklamuja-wyprzedaz-w-vision-express-wideo\\\/#primaryimage\"},\"thumbnailUrl\":\"https:\\\/\\\/favorite-news.com\\\/pl\\\/wp-content\\\/uploads\\\/sites\\\/6\\\/2019\\\/06\\\/\u201eJej-czarne-oczy\u201d-i-karaoke-reklamuj\u0105-wyprzeda\u017c-w-Vision-Express.png\",\"articleSection\":[\"WIADOMO\u015aCI MARKETINGOWE INTERNETOWE\"],\"inLanguage\":\"pl-PL\",\"potentialAction\":[{\"@type\":\"CommentAction\",\"name\":\"Comment\",\"target\":[\"https:\\\/\\\/favorite-news.com\\\/pl\\\/jej-czarne-oczy-i-karaoke-reklamuja-wyprzedaz-w-vision-express-wideo\\\/#respond\"]}]},{\"@type\":\"WebPage\",\"@id\":\"https:\\\/\\\/favorite-news.com\\\/pl\\\/jej-czarne-oczy-i-karaoke-reklamuja-wyprzedaz-w-vision-express-wideo\\\/\",\"url\":\"https:\\\/\\\/favorite-news.com\\\/pl\\\/jej-czarne-oczy-i-karaoke-reklamuja-wyprzedaz-w-vision-express-wideo\\\/\",\"name\":\"\u201eJej czarne oczy\u201d i karaoke reklamuj\u0105 wyprzeda\u017c w Vision Express (wideo) - Favorite News\",\"isPartOf\":{\"@id\":\"https:\\\/\\\/favorite-news.com\\\/pl\\\/#website\"},\"primaryImageOfPage\":{\"@id\":\"https:\\\/\\\/favorite-news.com\\\/pl\\\/jej-czarne-oczy-i-karaoke-reklamuja-wyprzedaz-w-vision-express-wideo\\\/#primaryimage\"},\"image\":{\"@id\":\"https:\\\/\\\/favorite-news.com\\\/pl\\\/jej-czarne-oczy-i-karaoke-reklamuja-wyprzedaz-w-vision-express-wideo\\\/#primaryimage\"},\"thumbnailUrl\":\"https:\\\/\\\/favorite-news.com\\\/pl\\\/wp-content\\\/uploads\\\/sites\\\/6\\\/2019\\\/06\\\/\u201eJej-czarne-oczy\u201d-i-karaoke-reklamuj\u0105-wyprzeda\u017c-w-Vision-Express.png\",\"datePublished\":\"2019-06-18T14:04:51+00:00\",\"dateModified\":\"2019-06-18T14:04:52+00:00\",\"author\":{\"@id\":\"https:\\\/\\\/favorite-news.com\\\/pl\\\/#\\\/schema\\\/person\\\/b91573b717dcfa5e4696032a9d28d3e8\"},\"breadcrumb\":{\"@id\":\"https:\\\/\\\/favorite-news.com\\\/pl\\\/jej-czarne-oczy-i-karaoke-reklamuja-wyprzedaz-w-vision-express-wideo\\\/#breadcrumb\"},\"inLanguage\":\"pl-PL\",\"potentialAction\":[{\"@type\":\"ReadAction\",\"target\":[\"https:\\\/\\\/favorite-news.com\\\/pl\\\/jej-czarne-oczy-i-karaoke-reklamuja-wyprzedaz-w-vision-express-wideo\\\/\"]}]},{\"@type\":\"ImageObject\",\"inLanguage\":\"pl-PL\",\"@id\":\"https:\\\/\\\/favorite-news.com\\\/pl\\\/jej-czarne-oczy-i-karaoke-reklamuja-wyprzedaz-w-vision-express-wideo\\\/#primaryimage\",\"url\":\"https:\\\/\\\/favorite-news.com\\\/pl\\\/wp-content\\\/uploads\\\/sites\\\/6\\\/2019\\\/06\\\/\u201eJej-czarne-oczy\u201d-i-karaoke-reklamuj\u0105-wyprzeda\u017c-w-Vision-Express.png\",\"contentUrl\":\"https:\\\/\\\/favorite-news.com\\\/pl\\\/wp-content\\\/uploads\\\/sites\\\/6\\\/2019\\\/06\\\/\u201eJej-czarne-oczy\u201d-i-karaoke-reklamuj\u0105-wyprzeda\u017c-w-Vision-Express.png\",\"width\":655,\"height\":345,\"caption\":\"Article\"},{\"@type\":\"BreadcrumbList\",\"@id\":\"https:\\\/\\\/favorite-news.com\\\/pl\\\/jej-czarne-oczy-i-karaoke-reklamuja-wyprzedaz-w-vision-express-wideo\\\/#breadcrumb\",\"itemListElement\":[{\"@type\":\"ListItem\",\"position\":1,\"name\":\"Home\",\"item\":\"https:\\\/\\\/favorite-news.com\\\/pl\\\/\"},{\"@type\":\"ListItem\",\"position\":2,\"name\":\"\u201eJej czarne oczy\u201d i karaoke reklamuj\u0105 wyprzeda\u017c w Vision Express (wideo)\"}]},{\"@type\":\"WebSite\",\"@id\":\"https:\\\/\\\/favorite-news.com\\\/pl\\\/#website\",\"url\":\"https:\\\/\\\/favorite-news.com\\\/pl\\\/\",\"name\":\"Favorite News\",\"description\":\"Favorite News Polska\",\"potentialAction\":[{\"@type\":\"SearchAction\",\"target\":{\"@type\":\"EntryPoint\",\"urlTemplate\":\"https:\\\/\\\/favorite-news.com\\\/pl\\\/?s={search_term_string}\"},\"query-input\":{\"@type\":\"PropertyValueSpecification\",\"valueRequired\":true,\"valueName\":\"search_term_string\"}}],\"inLanguage\":\"pl-PL\"},{\"@type\":\"Person\",\"@id\":\"https:\\\/\\\/favorite-news.com\\\/pl\\\/#\\\/schema\\\/person\\\/b91573b717dcfa5e4696032a9d28d3e8\",\"name\":\"favorite-news\",\"image\":{\"@type\":\"ImageObject\",\"inLanguage\":\"pl-PL\",\"@id\":\"https:\\\/\\\/secure.gravatar.com\\\/avatar\\\/6c5a5cb12b74e9d517ee91cf570335b7d16177f1977cc91db161adfa435945a7?s=96&d=mm&r=g\",\"url\":\"https:\\\/\\\/secure.gravatar.com\\\/avatar\\\/6c5a5cb12b74e9d517ee91cf570335b7d16177f1977cc91db161adfa435945a7?s=96&d=mm&r=g\",\"contentUrl\":\"https:\\\/\\\/secure.gravatar.com\\\/avatar\\\/6c5a5cb12b74e9d517ee91cf570335b7d16177f1977cc91db161adfa435945a7?s=96&d=mm&r=g\",\"caption\":\"favorite-news\"},\"url\":\"https:\\\/\\\/favorite-news.com\\\/pl\\\/author\\\/pt\\\/\"}]}<\/script>\n<!-- \/ Yoast SEO plugin. -->","yoast_head_json":{"title":"\u201eJej czarne oczy\u201d i karaoke reklamuj\u0105 wyprzeda\u017c w Vision Express (wideo) - Favorite News","robots":{"index":"index","follow":"follow","max-snippet":"max-snippet:-1","max-image-preview":"max-image-preview:large","max-video-preview":"max-video-preview:-1"},"canonical":"https:\/\/favorite-news.com\/pl\/jej-czarne-oczy-i-karaoke-reklamuja-wyprzedaz-w-vision-express-wideo\/","og_locale":"pl_PL","og_type":"article","og_title":"\u201eJej czarne oczy\u201d i karaoke reklamuj\u0105 wyprzeda\u017c w Vision Express (wideo) - Favorite News","og_description":"[ad_1] W ramach kampanii emitowane s\u0105 dwa spoty. Ich bohaterowie to osoby z wadami wzroku, kt\u00f3re pr\u00f3buj\u0105 swoich si\u0142 w karaoke. Wykonuj\u0105 piosenki \u201eJej czarne oczy\u201d zespo\u0142u Iwan i Delfin oraz weselny szlagier \u201eGdybym mia\u0142 gitar\u0119\u201d. &#13; &#13; &#13; &#13; Kampania prowadzona jest w telewizji, internecie, radiu, mediach spo\u0142eczno\u015bciowych, w prasie i na no\u015bnikach reklamy [&hellip;]","og_url":"https:\/\/favorite-news.com\/pl\/jej-czarne-oczy-i-karaoke-reklamuja-wyprzedaz-w-vision-express-wideo\/","og_site_name":"Favorite News","article_published_time":"2019-06-18T14:04:51+00:00","article_modified_time":"2019-06-18T14:04:52+00:00","og_image":[{"width":655,"height":345,"url":"https:\/\/favorite-news.com\/pl\/wp-content\/uploads\/sites\/6\/2019\/06\/\u201eJej-czarne-oczy\u201d-i-karaoke-reklamuj\u0105-wyprzeda\u017c-w-Vision-Express.png","type":"image\/png"}],"author":"favorite-news","twitter_card":"summary_large_image","twitter_misc":{"Napisane przez":"favorite-news","Szacowany czas czytania":"1 minuta"},"schema":{"@context":"https:\/\/schema.org","@graph":[{"@type":"Article","@id":"https:\/\/favorite-news.com\/pl\/jej-czarne-oczy-i-karaoke-reklamuja-wyprzedaz-w-vision-express-wideo\/#article","isPartOf":{"@id":"https:\/\/favorite-news.com\/pl\/jej-czarne-oczy-i-karaoke-reklamuja-wyprzedaz-w-vision-express-wideo\/"},"author":{"name":"favorite-news","@id":"https:\/\/favorite-news.com\/pl\/#\/schema\/person\/b91573b717dcfa5e4696032a9d28d3e8"},"headline":"\u201eJej czarne oczy\u201d i karaoke reklamuj\u0105 wyprzeda\u017c w Vision Express (wideo)","datePublished":"2019-06-18T14:04:51+00:00","dateModified":"2019-06-18T14:04:52+00:00","mainEntityOfPage":{"@id":"https:\/\/favorite-news.com\/pl\/jej-czarne-oczy-i-karaoke-reklamuja-wyprzedaz-w-vision-express-wideo\/"},"wordCount":138,"commentCount":0,"image":{"@id":"https:\/\/favorite-news.com\/pl\/jej-czarne-oczy-i-karaoke-reklamuja-wyprzedaz-w-vision-express-wideo\/#primaryimage"},"thumbnailUrl":"https:\/\/favorite-news.com\/pl\/wp-content\/uploads\/sites\/6\/2019\/06\/\u201eJej-czarne-oczy\u201d-i-karaoke-reklamuj\u0105-wyprzeda\u017c-w-Vision-Express.png","articleSection":["WIADOMO\u015aCI MARKETINGOWE INTERNETOWE"],"inLanguage":"pl-PL","potentialAction":[{"@type":"CommentAction","name":"Comment","target":["https:\/\/favorite-news.com\/pl\/jej-czarne-oczy-i-karaoke-reklamuja-wyprzedaz-w-vision-express-wideo\/#respond"]}]},{"@type":"WebPage","@id":"https:\/\/favorite-news.com\/pl\/jej-czarne-oczy-i-karaoke-reklamuja-wyprzedaz-w-vision-express-wideo\/","url":"https:\/\/favorite-news.com\/pl\/jej-czarne-oczy-i-karaoke-reklamuja-wyprzedaz-w-vision-express-wideo\/","name":"\u201eJej czarne oczy\u201d i karaoke reklamuj\u0105 wyprzeda\u017c w Vision Express (wideo) - Favorite News","isPartOf":{"@id":"https:\/\/favorite-news.com\/pl\/#website"},"primaryImageOfPage":{"@id":"https:\/\/favorite-news.com\/pl\/jej-czarne-oczy-i-karaoke-reklamuja-wyprzedaz-w-vision-express-wideo\/#primaryimage"},"image":{"@id":"https:\/\/favorite-news.com\/pl\/jej-czarne-oczy-i-karaoke-reklamuja-wyprzedaz-w-vision-express-wideo\/#primaryimage"},"thumbnailUrl":"https:\/\/favorite-news.com\/pl\/wp-content\/uploads\/sites\/6\/2019\/06\/\u201eJej-czarne-oczy\u201d-i-karaoke-reklamuj\u0105-wyprzeda\u017c-w-Vision-Express.png","datePublished":"2019-06-18T14:04:51+00:00","dateModified":"2019-06-18T14:04:52+00:00","author":{"@id":"https:\/\/favorite-news.com\/pl\/#\/schema\/person\/b91573b717dcfa5e4696032a9d28d3e8"},"breadcrumb":{"@id":"https:\/\/favorite-news.com\/pl\/jej-czarne-oczy-i-karaoke-reklamuja-wyprzedaz-w-vision-express-wideo\/#breadcrumb"},"inLanguage":"pl-PL","potentialAction":[{"@type":"ReadAction","target":["https:\/\/favorite-news.com\/pl\/jej-czarne-oczy-i-karaoke-reklamuja-wyprzedaz-w-vision-express-wideo\/"]}]},{"@type":"ImageObject","inLanguage":"pl-PL","@id":"https:\/\/favorite-news.com\/pl\/jej-czarne-oczy-i-karaoke-reklamuja-wyprzedaz-w-vision-express-wideo\/#primaryimage","url":"https:\/\/favorite-news.com\/pl\/wp-content\/uploads\/sites\/6\/2019\/06\/\u201eJej-czarne-oczy\u201d-i-karaoke-reklamuj\u0105-wyprzeda\u017c-w-Vision-Express.png","contentUrl":"https:\/\/favorite-news.com\/pl\/wp-content\/uploads\/sites\/6\/2019\/06\/\u201eJej-czarne-oczy\u201d-i-karaoke-reklamuj\u0105-wyprzeda\u017c-w-Vision-Express.png","width":655,"height":345,"caption":"Article"},{"@type":"BreadcrumbList","@id":"https:\/\/favorite-news.com\/pl\/jej-czarne-oczy-i-karaoke-reklamuja-wyprzedaz-w-vision-express-wideo\/#breadcrumb","itemListElement":[{"@type":"ListItem","position":1,"name":"Home","item":"https:\/\/favorite-news.com\/pl\/"},{"@type":"ListItem","position":2,"name":"\u201eJej czarne oczy\u201d i karaoke reklamuj\u0105 wyprzeda\u017c w Vision Express (wideo)"}]},{"@type":"WebSite","@id":"https:\/\/favorite-news.com\/pl\/#website","url":"https:\/\/favorite-news.com\/pl\/","name":"Favorite News","description":"Favorite News Polska","potentialAction":[{"@type":"SearchAction","target":{"@type":"EntryPoint","urlTemplate":"https:\/\/favorite-news.com\/pl\/?s={search_term_string}"},"query-input":{"@type":"PropertyValueSpecification","valueRequired":true,"valueName":"search_term_string"}}],"inLanguage":"pl-PL"},{"@type":"Person","@id":"https:\/\/favorite-news.com\/pl\/#\/schema\/person\/b91573b717dcfa5e4696032a9d28d3e8","name":"favorite-news","image":{"@type":"ImageObject","inLanguage":"pl-PL","@id":"https:\/\/secure.gravatar.com\/avatar\/6c5a5cb12b74e9d517ee91cf570335b7d16177f1977cc91db161adfa435945a7?s=96&d=mm&r=g","url":"https:\/\/secure.gravatar.com\/avatar\/6c5a5cb12b74e9d517ee91cf570335b7d16177f1977cc91db161adfa435945a7?s=96&d=mm&r=g","contentUrl":"https:\/\/secure.gravatar.com\/avatar\/6c5a5cb12b74e9d517ee91cf570335b7d16177f1977cc91db161adfa435945a7?s=96&d=mm&r=g","caption":"favorite-news"},"url":"https:\/\/favorite-news.com\/pl\/author\/pt\/"}]}},"_links":{"self":[{"href":"https:\/\/favorite-news.com\/pl\/wp-json\/wp\/v2\/posts\/1716","targetHints":{"allow":["GET"]}}],"collection":[{"href":"https:\/\/favorite-news.com\/pl\/wp-json\/wp\/v2\/posts"}],"about":[{"href":"https:\/\/favorite-news.com\/pl\/wp-json\/wp\/v2\/types\/post"}],"author":[{"embeddable":true,"href":"https:\/\/favorite-news.com\/pl\/wp-json\/wp\/v2\/users\/2"}],"replies":[{"embeddable":true,"href":"https:\/\/favorite-news.com\/pl\/wp-json\/wp\/v2\/comments?post=1716"}],"version-history":[{"count":1,"href":"https:\/\/favorite-news.com\/pl\/wp-json\/wp\/v2\/posts\/1716\/revisions"}],"predecessor-version":[{"id":1718,"href":"https:\/\/favorite-news.com\/pl\/wp-json\/wp\/v2\/posts\/1716\/revisions\/1718"}],"wp:featuredmedia":[{"embeddable":true,"href":"https:\/\/favorite-news.com\/pl\/wp-json\/wp\/v2\/media\/1717"}],"wp:attachment":[{"href":"https:\/\/favorite-news.com\/pl\/wp-json\/wp\/v2\/media?parent=1716"}],"wp:term":[{"taxonomy":"category","embeddable":true,"href":"https:\/\/favorite-news.com\/pl\/wp-json\/wp\/v2\/categories?post=1716"},{"taxonomy":"post_tag","embeddable":true,"href":"https:\/\/favorite-news.com\/pl\/wp-json\/wp\/v2\/tags?post=1716"}],"curies":[{"name":"wp","href":"https:\/\/api.w.org\/{rel}","templated":true}]}}