{"id":1699,"date":"2019-06-18T09:30:39","date_gmt":"2019-06-18T06:30:39","guid":{"rendered":"https:\/\/favorite-news.com\/pl\/tvp-rozpoczela-przetarg-na-roczna-obsluge-mediowa-10-mln-zl-budzetu\/"},"modified":"2019-06-18T09:30:40","modified_gmt":"2019-06-18T06:30:40","slug":"tvp-rozpoczela-przetarg-na-roczna-obsluge-mediowa-10-mln-zl-budzetu","status":"publish","type":"post","link":"https:\/\/favorite-news.com\/pl\/tvp-rozpoczela-przetarg-na-roczna-obsluge-mediowa-10-mln-zl-budzetu\/","title":{"rendered":"TVP rozpocz\u0119\u0142a przetarg na roczn\u0105 obs\u0142ug\u0119 mediow\u0105 10 mln z\u0142 bud\u017cetu"},"content":{"rendered":"<p> [ad_1]<br \/>\n<\/p>\n<div id=\"\">\n<p><strong>Wybrany dom mediowy zajmie si\u0119 planowaniem i zakupem medi\u00f3w, tworzeniem strategii mediowych zlecanych przez TVP kampanii reklamowych, ocen\u0105 ofert medi\u00f3w, rekomendowaniem nowych kreatywnych rozwi\u0105za\u0144 mediowych, monitoringiem kampanii,ich rozliczaniem itp.<\/strong><\/p>\n<p>&#13;<br \/>\n&#13;<\/p>\n<p>Do jego zada\u0144 nale\u017ce\u0107 ma te\u017c projektowanie i produkcja internetowych reklam. TVP wymaga, aby koszt tej us\u0142ugi nie by\u0142 wy\u017cszy ni\u017c 600 z\u0142 netto za sztuk\u0119 dla realizacji w trybie standardowych i nie wy\u017cszy ni\u017c 1200 z\u0142 w przypadku zlece\u0144 ekspresowych.<\/p>\n<p>&#13;<br \/>\n&#13;<\/p>\n<p>W agencji ma zosta\u0107 <strong>oddelegowany do obs\u0142ugi zlecanych przez TVP taki pracownik, <\/strong>kt\u00f3ry b\u0119dzie w pe\u0142ni dyspozycyjny. Publiczny nadawca okre\u015bli\u0142 bowiem minimalny czas reakcji takiej osoby na wezwania TVP.\u00a0 <strong>Mi\u0119dzy godzinami 8 a 18 ten czas reakcji nie mo\u017ce przekroczy\u0107 15 minut, a w godzinach od 18 do 8 rano &#8211; maksymalnie 30 minut.<\/strong><\/p>\n<p>&#13;<br \/>\n&#13;<\/p>\n<p><span style=\"font-size:20px;\"><strong>Dwucyfrowe rabaty<\/strong><\/span><\/p>\n<p>&#13;<br \/>\n&#13;<\/p>\n<p>W dokumentach przetargowych Telewizja Polska okre\u015bli\u0142a progi rabat\u00f3w, jakich oczekuje od domu mediowego w zakupie konkretnych medi\u00f3w.<\/p>\n<p>&#13;<br \/>\n&#13;<\/p>\n<p><strong>Dla radia i prasy gwarantowany opust przy zakupie kampanii ma wynie\u015b\u0107\u00a0 minimum 89,25 proc. Dla kin wynosi 90,75 proc., w internecie (display) -92,09 proc.<\/strong><\/p>\n<p>&#13;<br \/>\n&#13;<\/p>\n<p>Bud\u017cet, kt\u00f3rego obs\u0142ug\u0119 powierzy domowi mediowemu TVP wynosi <strong>10 mln z\u0142 netto<\/strong> (z VAT \u2013 12,3 mln z\u0142). Na kwot\u0119 t\u0119 sk\u0142adaj\u0105 si\u0119 koszty zewn\u0119trznego wykonania us\u0142ug (czyli m.in. zakup medi\u00f3w), w wysoko\u015bci nie wy\u017cszej ni\u017c <strong>9, 625 mln z\u0142 netto <\/strong>(bez VAT). Pozosta\u0142a kwota <strong>375 tys. z\u0142 to wynagrodzenie agencji <\/strong>w ci\u0105gu roku wsp\u00f3\u0142pracy. <strong>Umowa zostanie bowiem zawarta na 12 miesi\u0119cy, pocz\u0105wszy od 1 pa\u017adziernika br.<\/strong><\/p>\n<p>&#13;<br \/>\n&#13;<\/p>\n<p>Zainteresowane agencje mog\u0105 sk\u0142ada\u0107 oferty do 19 lipca br., po wcze\u015bniej <strong>wp\u0142acie 100 tys. z\u0142 wadium.<\/strong><\/p>\n<p>&#13;<br \/>\n&#13;<\/p>\n<p>Kolejny przetarg na obs\u0142ug\u0119 mediow\u0105 Telewizja Polska zamierza og\u0142osi\u0107 w czerwcu 2020 roku.<\/p>\n<p>&#13;<br \/>\n&#13;<\/p>\n<p><span style=\"font-size:20px;\"><strong>Value Media od dw\u00f3ch lat<\/strong><\/span><\/p>\n<p>&#13;<br \/>\n&#13;<\/p>\n<p><strong>Obecnie obs\u0142ug\u0105 mediow\u0105 TVP zajmuje si\u0119 dom mediowy Value Media<\/strong> (Group One). W maju br. nadawca przed\u0142u\u017cy\u0142 wcze\u015bniejsz\u0105 umow\u0119 z t\u0105 agencj\u0105\u00a0 o kolejne blisko trzy miesi\u0105ce \u2013 do 31 lipca br.\u00a0 Warto\u015b\u0107 bud\u017cetu na ten okres ustalono na na kwot\u0119 3 487 000 z\u0142 (netto, bez VAT)<\/p>\n<p>&#13;<br \/>\n&#13;<\/p>\n<p>Value Media planuje i kupuje media do kampanii TVP od wiosny ub.r. po tym, jak w przetargu\u00a0 obroni\u0142 jej bud\u017cet. Agencja zacz\u0119\u0142a pierwotnie planowa\u0107 i kupowa\u0107 media dla TVP w 2017 roku, kiedy w wygranym post\u0119powaniu przej\u0119\u0142a bud\u017cet Telewizji Polskiej od domu mediowego Maxus (GroupM; po po\u0142\u0105czeniu z MEC dzia\u0142a obecnie jako Wavemaker). <\/p>\n<p>&#13;<br \/>\n&#13;<\/p>\n<p>W ub.r. Telewizja Polska otrzyma\u0142a 979 mln z\u0142 z abonamentu i rekompensaty abonamentowej (57 proc. wi\u0119cej ni\u017c rok wcze\u015bniej) i zanotowa\u0142a 908 mln z\u0142 z reklam i sponsoringu (po wzro\u015bcie o 14 proc.). Sp\u00f3\u0142ka osi\u0105gn\u0119\u0142a 31,7 mln z\u0142 zysku netto.<\/p>\n<p>&#13;<br \/>\n                            &#13;<br \/>\n&#13;<br \/>\n                            &#13;<br \/>\n&#13;<br \/>\n&#13;<br \/>\n&#13;<br \/>\n&#13;<br \/>\n&#13;<br \/>\n                            &#13;<br \/>\n                                                            &#13;<br \/>\n&#13;<br \/>\n                            &#13;\n                        <\/p><\/div>\n<p><script>(function (d, s, id) {\n        var js, fjs = d.getElementsByTagName(s)[0];\n        if (d.getElementById(id)) return;\n        js = d.createElement(s);\n        js.id = id;\n        js.src = \"http:\/\/connect.facebook.net\/pl_PL\/sdk.js#xfbml=1&version=v2.6&appId=297996717062470\";\n        fjs.parentNode.insertBefore(js, fjs);\n    }(document, 'script', 'facebook-jssdk'));<\/script><br \/>\n<br \/>[ad_2]<br \/>\n<br \/><a href=\"https:\/\/www.wirtualnemedia.pl\/artykul\/tvp-rozpoczela-przetarg-na-roczna-obsluge-mediowa-10-mln-zl-budzetu\">Source link <\/a><\/p>\n","protected":false},"excerpt":{"rendered":"<p>[ad_1] Wybrany dom mediowy zajmie si\u0119 planowaniem i zakupem medi\u00f3w, tworzeniem strategii mediowych zlecanych przez TVP kampanii reklamowych, ocen\u0105 ofert medi\u00f3w, rekomendowaniem nowych kreatywnych rozwi\u0105za\u0144 mediowych, monitoringiem kampanii,ich rozliczaniem itp. &#13; &#13; Do jego zada\u0144 nale\u017ce\u0107 ma te\u017c projektowanie i produkcja internetowych reklam. TVP wymaga, aby koszt tej us\u0142ugi nie by\u0142 wy\u017cszy ni\u017c 600 z\u0142 [&hellip;]<\/p>\n","protected":false},"author":2,"featured_media":1700,"comment_status":"open","ping_status":"open","sticky":false,"template":"","format":"standard","meta":{"footnotes":""},"categories":[2],"tags":[],"class_list":["post-1699","post","type-post","status-publish","format-standard","has-post-thumbnail","hentry","category-wiadomosci-marketingowe-internetowe"],"yoast_head":"<!-- This site is optimized with the Yoast SEO plugin v27.4 - https:\/\/yoast.com\/product\/yoast-seo-wordpress\/ -->\n<title>TVP rozpocz\u0119\u0142a przetarg na roczn\u0105 obs\u0142ug\u0119 mediow\u0105 10 mln z\u0142 bud\u017cetu - Favorite News<\/title>\n<meta name=\"robots\" content=\"index, follow, max-snippet:-1, max-image-preview:large, max-video-preview:-1\" \/>\n<link rel=\"canonical\" href=\"https:\/\/favorite-news.com\/pl\/tvp-rozpoczela-przetarg-na-roczna-obsluge-mediowa-10-mln-zl-budzetu\/\" \/>\n<meta property=\"og:locale\" content=\"pl_PL\" \/>\n<meta property=\"og:type\" content=\"article\" \/>\n<meta property=\"og:title\" content=\"TVP rozpocz\u0119\u0142a przetarg na roczn\u0105 obs\u0142ug\u0119 mediow\u0105 10 mln z\u0142 bud\u017cetu - Favorite News\" \/>\n<meta property=\"og:description\" content=\"[ad_1] Wybrany dom mediowy zajmie si\u0119 planowaniem i zakupem medi\u00f3w, tworzeniem strategii mediowych zlecanych przez TVP kampanii reklamowych, ocen\u0105 ofert medi\u00f3w, rekomendowaniem nowych kreatywnych rozwi\u0105za\u0144 mediowych, monitoringiem kampanii,ich rozliczaniem itp. &#013; &#013; Do jego zada\u0144 nale\u017ce\u0107 ma te\u017c projektowanie i produkcja internetowych reklam. TVP wymaga, aby koszt tej us\u0142ugi nie by\u0142 wy\u017cszy ni\u017c 600 z\u0142 [&hellip;]\" \/>\n<meta property=\"og:url\" content=\"https:\/\/favorite-news.com\/pl\/tvp-rozpoczela-przetarg-na-roczna-obsluge-mediowa-10-mln-zl-budzetu\/\" \/>\n<meta property=\"og:site_name\" content=\"Favorite News\" \/>\n<meta property=\"article:published_time\" content=\"2019-06-18T06:30:39+00:00\" \/>\n<meta property=\"article:modified_time\" content=\"2019-06-18T06:30:40+00:00\" \/>\n<meta property=\"og:image\" content=\"https:\/\/favorite-news.com\/pl\/wp-content\/uploads\/sites\/6\/2019\/06\/TVP-rozpocz\u0119\u0142a-przetarg-na-roczn\u0105-obs\u0142ug\u0119-mediow\u0105-10-mln-z\u0142.jpg\" \/>\n\t<meta property=\"og:image:width\" content=\"655\" \/>\n\t<meta property=\"og:image:height\" content=\"436\" \/>\n\t<meta property=\"og:image:type\" content=\"image\/jpeg\" \/>\n<meta name=\"author\" content=\"favorite-news\" \/>\n<meta name=\"twitter:card\" content=\"summary_large_image\" \/>\n<meta name=\"twitter:label1\" content=\"Napisane przez\" \/>\n\t<meta name=\"twitter:data1\" content=\"favorite-news\" \/>\n\t<meta name=\"twitter:label2\" content=\"Szacowany czas czytania\" \/>\n\t<meta name=\"twitter:data2\" content=\"2 minuty\" \/>\n<script type=\"application\/ld+json\" class=\"yoast-schema-graph\">{\"@context\":\"https:\\\/\\\/schema.org\",\"@graph\":[{\"@type\":\"Article\",\"@id\":\"https:\\\/\\\/favorite-news.com\\\/pl\\\/tvp-rozpoczela-przetarg-na-roczna-obsluge-mediowa-10-mln-zl-budzetu\\\/#article\",\"isPartOf\":{\"@id\":\"https:\\\/\\\/favorite-news.com\\\/pl\\\/tvp-rozpoczela-przetarg-na-roczna-obsluge-mediowa-10-mln-zl-budzetu\\\/\"},\"author\":{\"name\":\"favorite-news\",\"@id\":\"https:\\\/\\\/favorite-news.com\\\/pl\\\/#\\\/schema\\\/person\\\/b91573b717dcfa5e4696032a9d28d3e8\"},\"headline\":\"TVP rozpocz\u0119\u0142a przetarg na roczn\u0105 obs\u0142ug\u0119 mediow\u0105 10 mln z\u0142 bud\u017cetu\",\"datePublished\":\"2019-06-18T06:30:39+00:00\",\"dateModified\":\"2019-06-18T06:30:40+00:00\",\"mainEntityOfPage\":{\"@id\":\"https:\\\/\\\/favorite-news.com\\\/pl\\\/tvp-rozpoczela-przetarg-na-roczna-obsluge-mediowa-10-mln-zl-budzetu\\\/\"},\"wordCount\":458,\"commentCount\":0,\"image\":{\"@id\":\"https:\\\/\\\/favorite-news.com\\\/pl\\\/tvp-rozpoczela-przetarg-na-roczna-obsluge-mediowa-10-mln-zl-budzetu\\\/#primaryimage\"},\"thumbnailUrl\":\"https:\\\/\\\/favorite-news.com\\\/pl\\\/wp-content\\\/uploads\\\/sites\\\/6\\\/2019\\\/06\\\/TVP-rozpocz\u0119\u0142a-przetarg-na-roczn\u0105-obs\u0142ug\u0119-mediow\u0105-10-mln-z\u0142.jpg\",\"articleSection\":[\"WIADOMO\u015aCI MARKETINGOWE INTERNETOWE\"],\"inLanguage\":\"pl-PL\",\"potentialAction\":[{\"@type\":\"CommentAction\",\"name\":\"Comment\",\"target\":[\"https:\\\/\\\/favorite-news.com\\\/pl\\\/tvp-rozpoczela-przetarg-na-roczna-obsluge-mediowa-10-mln-zl-budzetu\\\/#respond\"]}]},{\"@type\":\"WebPage\",\"@id\":\"https:\\\/\\\/favorite-news.com\\\/pl\\\/tvp-rozpoczela-przetarg-na-roczna-obsluge-mediowa-10-mln-zl-budzetu\\\/\",\"url\":\"https:\\\/\\\/favorite-news.com\\\/pl\\\/tvp-rozpoczela-przetarg-na-roczna-obsluge-mediowa-10-mln-zl-budzetu\\\/\",\"name\":\"TVP rozpocz\u0119\u0142a przetarg na roczn\u0105 obs\u0142ug\u0119 mediow\u0105 10 mln z\u0142 bud\u017cetu - Favorite News\",\"isPartOf\":{\"@id\":\"https:\\\/\\\/favorite-news.com\\\/pl\\\/#website\"},\"primaryImageOfPage\":{\"@id\":\"https:\\\/\\\/favorite-news.com\\\/pl\\\/tvp-rozpoczela-przetarg-na-roczna-obsluge-mediowa-10-mln-zl-budzetu\\\/#primaryimage\"},\"image\":{\"@id\":\"https:\\\/\\\/favorite-news.com\\\/pl\\\/tvp-rozpoczela-przetarg-na-roczna-obsluge-mediowa-10-mln-zl-budzetu\\\/#primaryimage\"},\"thumbnailUrl\":\"https:\\\/\\\/favorite-news.com\\\/pl\\\/wp-content\\\/uploads\\\/sites\\\/6\\\/2019\\\/06\\\/TVP-rozpocz\u0119\u0142a-przetarg-na-roczn\u0105-obs\u0142ug\u0119-mediow\u0105-10-mln-z\u0142.jpg\",\"datePublished\":\"2019-06-18T06:30:39+00:00\",\"dateModified\":\"2019-06-18T06:30:40+00:00\",\"author\":{\"@id\":\"https:\\\/\\\/favorite-news.com\\\/pl\\\/#\\\/schema\\\/person\\\/b91573b717dcfa5e4696032a9d28d3e8\"},\"breadcrumb\":{\"@id\":\"https:\\\/\\\/favorite-news.com\\\/pl\\\/tvp-rozpoczela-przetarg-na-roczna-obsluge-mediowa-10-mln-zl-budzetu\\\/#breadcrumb\"},\"inLanguage\":\"pl-PL\",\"potentialAction\":[{\"@type\":\"ReadAction\",\"target\":[\"https:\\\/\\\/favorite-news.com\\\/pl\\\/tvp-rozpoczela-przetarg-na-roczna-obsluge-mediowa-10-mln-zl-budzetu\\\/\"]}]},{\"@type\":\"ImageObject\",\"inLanguage\":\"pl-PL\",\"@id\":\"https:\\\/\\\/favorite-news.com\\\/pl\\\/tvp-rozpoczela-przetarg-na-roczna-obsluge-mediowa-10-mln-zl-budzetu\\\/#primaryimage\",\"url\":\"https:\\\/\\\/favorite-news.com\\\/pl\\\/wp-content\\\/uploads\\\/sites\\\/6\\\/2019\\\/06\\\/TVP-rozpocz\u0119\u0142a-przetarg-na-roczn\u0105-obs\u0142ug\u0119-mediow\u0105-10-mln-z\u0142.jpg\",\"contentUrl\":\"https:\\\/\\\/favorite-news.com\\\/pl\\\/wp-content\\\/uploads\\\/sites\\\/6\\\/2019\\\/06\\\/TVP-rozpocz\u0119\u0142a-przetarg-na-roczn\u0105-obs\u0142ug\u0119-mediow\u0105-10-mln-z\u0142.jpg\",\"width\":655,\"height\":436,\"caption\":\"Article\"},{\"@type\":\"BreadcrumbList\",\"@id\":\"https:\\\/\\\/favorite-news.com\\\/pl\\\/tvp-rozpoczela-przetarg-na-roczna-obsluge-mediowa-10-mln-zl-budzetu\\\/#breadcrumb\",\"itemListElement\":[{\"@type\":\"ListItem\",\"position\":1,\"name\":\"Home\",\"item\":\"https:\\\/\\\/favorite-news.com\\\/pl\\\/\"},{\"@type\":\"ListItem\",\"position\":2,\"name\":\"TVP rozpocz\u0119\u0142a przetarg na roczn\u0105 obs\u0142ug\u0119 mediow\u0105 10 mln z\u0142 bud\u017cetu\"}]},{\"@type\":\"WebSite\",\"@id\":\"https:\\\/\\\/favorite-news.com\\\/pl\\\/#website\",\"url\":\"https:\\\/\\\/favorite-news.com\\\/pl\\\/\",\"name\":\"Favorite News\",\"description\":\"Favorite News Polska\",\"potentialAction\":[{\"@type\":\"SearchAction\",\"target\":{\"@type\":\"EntryPoint\",\"urlTemplate\":\"https:\\\/\\\/favorite-news.com\\\/pl\\\/?s={search_term_string}\"},\"query-input\":{\"@type\":\"PropertyValueSpecification\",\"valueRequired\":true,\"valueName\":\"search_term_string\"}}],\"inLanguage\":\"pl-PL\"},{\"@type\":\"Person\",\"@id\":\"https:\\\/\\\/favorite-news.com\\\/pl\\\/#\\\/schema\\\/person\\\/b91573b717dcfa5e4696032a9d28d3e8\",\"name\":\"favorite-news\",\"image\":{\"@type\":\"ImageObject\",\"inLanguage\":\"pl-PL\",\"@id\":\"https:\\\/\\\/secure.gravatar.com\\\/avatar\\\/6c5a5cb12b74e9d517ee91cf570335b7d16177f1977cc91db161adfa435945a7?s=96&d=mm&r=g\",\"url\":\"https:\\\/\\\/secure.gravatar.com\\\/avatar\\\/6c5a5cb12b74e9d517ee91cf570335b7d16177f1977cc91db161adfa435945a7?s=96&d=mm&r=g\",\"contentUrl\":\"https:\\\/\\\/secure.gravatar.com\\\/avatar\\\/6c5a5cb12b74e9d517ee91cf570335b7d16177f1977cc91db161adfa435945a7?s=96&d=mm&r=g\",\"caption\":\"favorite-news\"},\"url\":\"https:\\\/\\\/favorite-news.com\\\/pl\\\/author\\\/pt\\\/\"}]}<\/script>\n<!-- \/ Yoast SEO plugin. -->","yoast_head_json":{"title":"TVP rozpocz\u0119\u0142a przetarg na roczn\u0105 obs\u0142ug\u0119 mediow\u0105 10 mln z\u0142 bud\u017cetu - Favorite News","robots":{"index":"index","follow":"follow","max-snippet":"max-snippet:-1","max-image-preview":"max-image-preview:large","max-video-preview":"max-video-preview:-1"},"canonical":"https:\/\/favorite-news.com\/pl\/tvp-rozpoczela-przetarg-na-roczna-obsluge-mediowa-10-mln-zl-budzetu\/","og_locale":"pl_PL","og_type":"article","og_title":"TVP rozpocz\u0119\u0142a przetarg na roczn\u0105 obs\u0142ug\u0119 mediow\u0105 10 mln z\u0142 bud\u017cetu - Favorite News","og_description":"[ad_1] Wybrany dom mediowy zajmie si\u0119 planowaniem i zakupem medi\u00f3w, tworzeniem strategii mediowych zlecanych przez TVP kampanii reklamowych, ocen\u0105 ofert medi\u00f3w, rekomendowaniem nowych kreatywnych rozwi\u0105za\u0144 mediowych, monitoringiem kampanii,ich rozliczaniem itp. &#13; &#13; Do jego zada\u0144 nale\u017ce\u0107 ma te\u017c projektowanie i produkcja internetowych reklam. TVP wymaga, aby koszt tej us\u0142ugi nie by\u0142 wy\u017cszy ni\u017c 600 z\u0142 [&hellip;]","og_url":"https:\/\/favorite-news.com\/pl\/tvp-rozpoczela-przetarg-na-roczna-obsluge-mediowa-10-mln-zl-budzetu\/","og_site_name":"Favorite News","article_published_time":"2019-06-18T06:30:39+00:00","article_modified_time":"2019-06-18T06:30:40+00:00","og_image":[{"width":655,"height":436,"url":"https:\/\/favorite-news.com\/pl\/wp-content\/uploads\/sites\/6\/2019\/06\/TVP-rozpocz\u0119\u0142a-przetarg-na-roczn\u0105-obs\u0142ug\u0119-mediow\u0105-10-mln-z\u0142.jpg","type":"image\/jpeg"}],"author":"favorite-news","twitter_card":"summary_large_image","twitter_misc":{"Napisane przez":"favorite-news","Szacowany czas czytania":"2 minuty"},"schema":{"@context":"https:\/\/schema.org","@graph":[{"@type":"Article","@id":"https:\/\/favorite-news.com\/pl\/tvp-rozpoczela-przetarg-na-roczna-obsluge-mediowa-10-mln-zl-budzetu\/#article","isPartOf":{"@id":"https:\/\/favorite-news.com\/pl\/tvp-rozpoczela-przetarg-na-roczna-obsluge-mediowa-10-mln-zl-budzetu\/"},"author":{"name":"favorite-news","@id":"https:\/\/favorite-news.com\/pl\/#\/schema\/person\/b91573b717dcfa5e4696032a9d28d3e8"},"headline":"TVP rozpocz\u0119\u0142a przetarg na roczn\u0105 obs\u0142ug\u0119 mediow\u0105 10 mln z\u0142 bud\u017cetu","datePublished":"2019-06-18T06:30:39+00:00","dateModified":"2019-06-18T06:30:40+00:00","mainEntityOfPage":{"@id":"https:\/\/favorite-news.com\/pl\/tvp-rozpoczela-przetarg-na-roczna-obsluge-mediowa-10-mln-zl-budzetu\/"},"wordCount":458,"commentCount":0,"image":{"@id":"https:\/\/favorite-news.com\/pl\/tvp-rozpoczela-przetarg-na-roczna-obsluge-mediowa-10-mln-zl-budzetu\/#primaryimage"},"thumbnailUrl":"https:\/\/favorite-news.com\/pl\/wp-content\/uploads\/sites\/6\/2019\/06\/TVP-rozpocz\u0119\u0142a-przetarg-na-roczn\u0105-obs\u0142ug\u0119-mediow\u0105-10-mln-z\u0142.jpg","articleSection":["WIADOMO\u015aCI MARKETINGOWE INTERNETOWE"],"inLanguage":"pl-PL","potentialAction":[{"@type":"CommentAction","name":"Comment","target":["https:\/\/favorite-news.com\/pl\/tvp-rozpoczela-przetarg-na-roczna-obsluge-mediowa-10-mln-zl-budzetu\/#respond"]}]},{"@type":"WebPage","@id":"https:\/\/favorite-news.com\/pl\/tvp-rozpoczela-przetarg-na-roczna-obsluge-mediowa-10-mln-zl-budzetu\/","url":"https:\/\/favorite-news.com\/pl\/tvp-rozpoczela-przetarg-na-roczna-obsluge-mediowa-10-mln-zl-budzetu\/","name":"TVP rozpocz\u0119\u0142a przetarg na roczn\u0105 obs\u0142ug\u0119 mediow\u0105 10 mln z\u0142 bud\u017cetu - Favorite News","isPartOf":{"@id":"https:\/\/favorite-news.com\/pl\/#website"},"primaryImageOfPage":{"@id":"https:\/\/favorite-news.com\/pl\/tvp-rozpoczela-przetarg-na-roczna-obsluge-mediowa-10-mln-zl-budzetu\/#primaryimage"},"image":{"@id":"https:\/\/favorite-news.com\/pl\/tvp-rozpoczela-przetarg-na-roczna-obsluge-mediowa-10-mln-zl-budzetu\/#primaryimage"},"thumbnailUrl":"https:\/\/favorite-news.com\/pl\/wp-content\/uploads\/sites\/6\/2019\/06\/TVP-rozpocz\u0119\u0142a-przetarg-na-roczn\u0105-obs\u0142ug\u0119-mediow\u0105-10-mln-z\u0142.jpg","datePublished":"2019-06-18T06:30:39+00:00","dateModified":"2019-06-18T06:30:40+00:00","author":{"@id":"https:\/\/favorite-news.com\/pl\/#\/schema\/person\/b91573b717dcfa5e4696032a9d28d3e8"},"breadcrumb":{"@id":"https:\/\/favorite-news.com\/pl\/tvp-rozpoczela-przetarg-na-roczna-obsluge-mediowa-10-mln-zl-budzetu\/#breadcrumb"},"inLanguage":"pl-PL","potentialAction":[{"@type":"ReadAction","target":["https:\/\/favorite-news.com\/pl\/tvp-rozpoczela-przetarg-na-roczna-obsluge-mediowa-10-mln-zl-budzetu\/"]}]},{"@type":"ImageObject","inLanguage":"pl-PL","@id":"https:\/\/favorite-news.com\/pl\/tvp-rozpoczela-przetarg-na-roczna-obsluge-mediowa-10-mln-zl-budzetu\/#primaryimage","url":"https:\/\/favorite-news.com\/pl\/wp-content\/uploads\/sites\/6\/2019\/06\/TVP-rozpocz\u0119\u0142a-przetarg-na-roczn\u0105-obs\u0142ug\u0119-mediow\u0105-10-mln-z\u0142.jpg","contentUrl":"https:\/\/favorite-news.com\/pl\/wp-content\/uploads\/sites\/6\/2019\/06\/TVP-rozpocz\u0119\u0142a-przetarg-na-roczn\u0105-obs\u0142ug\u0119-mediow\u0105-10-mln-z\u0142.jpg","width":655,"height":436,"caption":"Article"},{"@type":"BreadcrumbList","@id":"https:\/\/favorite-news.com\/pl\/tvp-rozpoczela-przetarg-na-roczna-obsluge-mediowa-10-mln-zl-budzetu\/#breadcrumb","itemListElement":[{"@type":"ListItem","position":1,"name":"Home","item":"https:\/\/favorite-news.com\/pl\/"},{"@type":"ListItem","position":2,"name":"TVP rozpocz\u0119\u0142a przetarg na roczn\u0105 obs\u0142ug\u0119 mediow\u0105 10 mln z\u0142 bud\u017cetu"}]},{"@type":"WebSite","@id":"https:\/\/favorite-news.com\/pl\/#website","url":"https:\/\/favorite-news.com\/pl\/","name":"Favorite News","description":"Favorite News Polska","potentialAction":[{"@type":"SearchAction","target":{"@type":"EntryPoint","urlTemplate":"https:\/\/favorite-news.com\/pl\/?s={search_term_string}"},"query-input":{"@type":"PropertyValueSpecification","valueRequired":true,"valueName":"search_term_string"}}],"inLanguage":"pl-PL"},{"@type":"Person","@id":"https:\/\/favorite-news.com\/pl\/#\/schema\/person\/b91573b717dcfa5e4696032a9d28d3e8","name":"favorite-news","image":{"@type":"ImageObject","inLanguage":"pl-PL","@id":"https:\/\/secure.gravatar.com\/avatar\/6c5a5cb12b74e9d517ee91cf570335b7d16177f1977cc91db161adfa435945a7?s=96&d=mm&r=g","url":"https:\/\/secure.gravatar.com\/avatar\/6c5a5cb12b74e9d517ee91cf570335b7d16177f1977cc91db161adfa435945a7?s=96&d=mm&r=g","contentUrl":"https:\/\/secure.gravatar.com\/avatar\/6c5a5cb12b74e9d517ee91cf570335b7d16177f1977cc91db161adfa435945a7?s=96&d=mm&r=g","caption":"favorite-news"},"url":"https:\/\/favorite-news.com\/pl\/author\/pt\/"}]}},"_links":{"self":[{"href":"https:\/\/favorite-news.com\/pl\/wp-json\/wp\/v2\/posts\/1699","targetHints":{"allow":["GET"]}}],"collection":[{"href":"https:\/\/favorite-news.com\/pl\/wp-json\/wp\/v2\/posts"}],"about":[{"href":"https:\/\/favorite-news.com\/pl\/wp-json\/wp\/v2\/types\/post"}],"author":[{"embeddable":true,"href":"https:\/\/favorite-news.com\/pl\/wp-json\/wp\/v2\/users\/2"}],"replies":[{"embeddable":true,"href":"https:\/\/favorite-news.com\/pl\/wp-json\/wp\/v2\/comments?post=1699"}],"version-history":[{"count":1,"href":"https:\/\/favorite-news.com\/pl\/wp-json\/wp\/v2\/posts\/1699\/revisions"}],"predecessor-version":[{"id":1701,"href":"https:\/\/favorite-news.com\/pl\/wp-json\/wp\/v2\/posts\/1699\/revisions\/1701"}],"wp:featuredmedia":[{"embeddable":true,"href":"https:\/\/favorite-news.com\/pl\/wp-json\/wp\/v2\/media\/1700"}],"wp:attachment":[{"href":"https:\/\/favorite-news.com\/pl\/wp-json\/wp\/v2\/media?parent=1699"}],"wp:term":[{"taxonomy":"category","embeddable":true,"href":"https:\/\/favorite-news.com\/pl\/wp-json\/wp\/v2\/categories?post=1699"},{"taxonomy":"post_tag","embeddable":true,"href":"https:\/\/favorite-news.com\/pl\/wp-json\/wp\/v2\/tags?post=1699"}],"curies":[{"name":"wp","href":"https:\/\/api.w.org\/{rel}","templated":true}]}}