{"id":1690,"date":"2019-06-18T04:22:25","date_gmt":"2019-06-18T01:22:25","guid":{"rendered":"https:\/\/favorite-news.com\/pl\/kosmetyki-i-srodki-czystosci-henkla-w-opakowania-z-plastiku-pozyskanego-spolecznie\/"},"modified":"2019-06-18T04:22:27","modified_gmt":"2019-06-18T01:22:27","slug":"kosmetyki-i-srodki-czystosci-henkla-w-opakowania-z-plastiku-pozyskanego-spolecznie","status":"publish","type":"post","link":"https:\/\/favorite-news.com\/pl\/kosmetyki-i-srodki-czystosci-henkla-w-opakowania-z-plastiku-pozyskanego-spolecznie\/","title":{"rendered":"Kosmetyki i \u015brodki czysto\u015bci Henkla w opakowania z plastiku pozyskanego spo\u0142ecznie"},"content":{"rendered":"<p> [ad_1]<br \/>\n<\/p>\n<div id=\"\">\n<p><strong>Jest to efekt wsp\u00f3\u0142pracy z firm\u0105 Plastic Bank<\/strong> rozpocz\u0119tej w 2017 roku. Jej celem jest zbi\u00f3rka plastikowych odpad\u00f3w zanim jeszcze zanieczyszcz\u0105 oceany, przede wszystkim w miejscach, w kt\u00f3rych brakuje infrastruktury potrzebnej do ich utylizacji. I tak np. dzi\u0119ki temu projektow<strong>i mieszka\u0144cy Haiti, kt\u00f3re jest jednym z najbardziej zanieczyszczonych miejsc na \u015bwiecie mog\u0105 wymienia\u0107 zebrane plastikowe odpady na produkty, us\u0142ugi lub pieni\u0105dze.<\/strong><\/p>\n<p>&#13;<br \/>\n&#13;<\/p>\n<p><strong><span style=\"font-size:20px;\">Regularna sprzeda\u017c<\/span><\/strong><\/p>\n<p>&#13;<br \/>\n&#13;<\/p>\n<p>Pocz\u0105tkowo Henkel w ramach pilota\u017cu wprowadza\u0142 co jaki\u015b czas do sprzeda\u017cy swoje produkty w opakowaniach wytworzonych z plastiku pochodz\u0105cego ze spo\u0142ecznej zbi\u00f3rki. Teraz chce je sprzedawa\u0107 regularnie. Zaczyna od rynku niemieckiego, na kt\u00f3rym pojawi\u0105 si\u0119 opakowania w 100 proc. wykonane z plastiku pochodz\u0105cego z recyklingu, z czego do 50 proc. ich sk\u0142adu stanowi tzw. social plastic.<\/p>\n<p>&#13;<br \/>\n&#13;<\/p>\n<p>Obecnie w tego rodzaju opakowaniach mo\u017cna ju\u017c kupi\u0107 <strong>niekt\u00f3re szampony i \u017cele pod prysznic Nature Box i Fa. Od lipca br. na rynku pojawi\u0105 si\u0119 w takich butelkach produkty czyszcz\u0105ce z serii Pro Nature oraz p\u0142yn do p\u0142ukania Vernel Fresh Control. \u00a0<\/strong><\/p>\n<p>&#13;<br \/>\n&#13;<\/p>\n<p>W tym roku Henkel zleci recykling ok. 200 ton plastikowych odpad\u00f3w pochodz\u0105cych ze spo\u0142ecznej zbi\u00f3rki.<\/p>\n<p>&#13;<br \/>\n&#13;<\/p>\n<p>Firma zapowiedzia\u0142a ju\u017c , \u017ce do 2025 roku plastikowe opakowania jej produkt\u00f3w w Europie b\u0119d\u0105 wytwarzane w 35 proc. z plastikowych \u015bmieci.<\/p>\n<p>&#13;<br \/>\n&#13;<\/p>\n<p>Ponadto opakowania wszystkich marek maj\u0105 do tego czasu by\u0107 w 100 proc. zdatne do ponownego u\u017cycia, kompostowania albo do recyklingu.<\/p>\n<p>&#13;<br \/>\n&#13;<\/p>\n<p>Henkel jest jedn\u0105 z wielu du\u017cych firm z sektora FMCG, kt\u00f3re przywi\u0105zuj\u0105 du\u017c\u0105 wag\u0119 do opakowa\u0144 swoich produkt\u00f3w. Procter&amp;Gamble w ci\u0105gu najbli\u017cszych 6 lat ma zmniejszy\u0107 ilo\u015b\u0107 plastiku o 30 proc.<\/p>\n<p>&#13;<br \/>\n                            &#13;<br \/>\n&#13;<br \/>\n                            &#13;<br \/>\n&#13;<br \/>\n&#13;<br \/>\n&#13;<br \/>\n&#13;<br \/>\n&#13;<br \/>\n                            &#13;<br \/>\n                                                            &#13;<br \/>\n&#13;<br \/>\n                            &#13;\n                        <\/p><\/div>\n<p><script>(function (d, s, id) {\n        var js, fjs = d.getElementsByTagName(s)[0];\n        if (d.getElementById(id)) return;\n        js = d.createElement(s);\n        js.id = id;\n        js.src = \"http:\/\/connect.facebook.net\/pl_PL\/sdk.js#xfbml=1&version=v2.6&appId=297996717062470\";\n        fjs.parentNode.insertBefore(js, fjs);\n    }(document, 'script', 'facebook-jssdk'));<\/script><br \/>\n<br \/>[ad_2]<br \/>\n<br \/><a href=\"https:\/\/www.wirtualnemedia.pl\/artykul\/kosmetyki-i-srodki-czystosci-henkla-w-opakowania-z-plastiku-pozyskanego-spolecznie\">Source link <\/a><\/p>\n","protected":false},"excerpt":{"rendered":"<p>[ad_1] Jest to efekt wsp\u00f3\u0142pracy z firm\u0105 Plastic Bank rozpocz\u0119tej w 2017 roku. Jej celem jest zbi\u00f3rka plastikowych odpad\u00f3w zanim jeszcze zanieczyszcz\u0105 oceany, przede wszystkim w miejscach, w kt\u00f3rych brakuje infrastruktury potrzebnej do ich utylizacji. I tak np. dzi\u0119ki temu projektowi mieszka\u0144cy Haiti, kt\u00f3re jest jednym z najbardziej zanieczyszczonych miejsc na \u015bwiecie mog\u0105 wymienia\u0107 zebrane [&hellip;]<\/p>\n","protected":false},"author":2,"featured_media":1691,"comment_status":"open","ping_status":"open","sticky":false,"template":"","format":"standard","meta":{"footnotes":""},"categories":[2],"tags":[],"class_list":["post-1690","post","type-post","status-publish","format-standard","has-post-thumbnail","hentry","category-wiadomosci-marketingowe-internetowe"],"yoast_head":"<!-- This site is optimized with the Yoast SEO plugin v27.4 - https:\/\/yoast.com\/product\/yoast-seo-wordpress\/ -->\n<title>Kosmetyki i \u015brodki czysto\u015bci Henkla w opakowania z plastiku pozyskanego spo\u0142ecznie - Favorite News<\/title>\n<meta name=\"robots\" content=\"index, follow, max-snippet:-1, max-image-preview:large, max-video-preview:-1\" \/>\n<link rel=\"canonical\" href=\"https:\/\/favorite-news.com\/pl\/kosmetyki-i-srodki-czystosci-henkla-w-opakowania-z-plastiku-pozyskanego-spolecznie\/\" \/>\n<meta property=\"og:locale\" content=\"pl_PL\" \/>\n<meta property=\"og:type\" content=\"article\" \/>\n<meta property=\"og:title\" content=\"Kosmetyki i \u015brodki czysto\u015bci Henkla w opakowania z plastiku pozyskanego spo\u0142ecznie - Favorite News\" \/>\n<meta property=\"og:description\" content=\"[ad_1] Jest to efekt wsp\u00f3\u0142pracy z firm\u0105 Plastic Bank rozpocz\u0119tej w 2017 roku. Jej celem jest zbi\u00f3rka plastikowych odpad\u00f3w zanim jeszcze zanieczyszcz\u0105 oceany, przede wszystkim w miejscach, w kt\u00f3rych brakuje infrastruktury potrzebnej do ich utylizacji. I tak np. dzi\u0119ki temu projektowi mieszka\u0144cy Haiti, kt\u00f3re jest jednym z najbardziej zanieczyszczonych miejsc na \u015bwiecie mog\u0105 wymienia\u0107 zebrane [&hellip;]\" \/>\n<meta property=\"og:url\" content=\"https:\/\/favorite-news.com\/pl\/kosmetyki-i-srodki-czystosci-henkla-w-opakowania-z-plastiku-pozyskanego-spolecznie\/\" \/>\n<meta property=\"og:site_name\" content=\"Favorite News\" \/>\n<meta property=\"article:published_time\" content=\"2019-06-18T01:22:25+00:00\" \/>\n<meta property=\"article:modified_time\" content=\"2019-06-18T01:22:27+00:00\" \/>\n<meta property=\"og:image\" content=\"https:\/\/favorite-news.com\/pl\/wp-content\/uploads\/sites\/6\/2019\/06\/Kosmetyki-i-\u015brodki-czysto\u015bci-Henkla-w-opakowania-z-plastiku-pozyskanego.jpg\" \/>\n\t<meta property=\"og:image:width\" content=\"655\" \/>\n\t<meta property=\"og:image:height\" content=\"437\" \/>\n\t<meta property=\"og:image:type\" content=\"image\/jpeg\" \/>\n<meta name=\"author\" content=\"favorite-news\" \/>\n<meta name=\"twitter:card\" content=\"summary_large_image\" \/>\n<meta name=\"twitter:label1\" content=\"Napisane przez\" \/>\n\t<meta name=\"twitter:data1\" content=\"favorite-news\" \/>\n\t<meta name=\"twitter:label2\" content=\"Szacowany czas czytania\" \/>\n\t<meta name=\"twitter:data2\" content=\"1 minuta\" \/>\n<script type=\"application\/ld+json\" class=\"yoast-schema-graph\">{\"@context\":\"https:\\\/\\\/schema.org\",\"@graph\":[{\"@type\":\"Article\",\"@id\":\"https:\\\/\\\/favorite-news.com\\\/pl\\\/kosmetyki-i-srodki-czystosci-henkla-w-opakowania-z-plastiku-pozyskanego-spolecznie\\\/#article\",\"isPartOf\":{\"@id\":\"https:\\\/\\\/favorite-news.com\\\/pl\\\/kosmetyki-i-srodki-czystosci-henkla-w-opakowania-z-plastiku-pozyskanego-spolecznie\\\/\"},\"author\":{\"name\":\"favorite-news\",\"@id\":\"https:\\\/\\\/favorite-news.com\\\/pl\\\/#\\\/schema\\\/person\\\/b91573b717dcfa5e4696032a9d28d3e8\"},\"headline\":\"Kosmetyki i \u015brodki czysto\u015bci Henkla w opakowania z plastiku pozyskanego spo\u0142ecznie\",\"datePublished\":\"2019-06-18T01:22:25+00:00\",\"dateModified\":\"2019-06-18T01:22:27+00:00\",\"mainEntityOfPage\":{\"@id\":\"https:\\\/\\\/favorite-news.com\\\/pl\\\/kosmetyki-i-srodki-czystosci-henkla-w-opakowania-z-plastiku-pozyskanego-spolecznie\\\/\"},\"wordCount\":295,\"commentCount\":0,\"image\":{\"@id\":\"https:\\\/\\\/favorite-news.com\\\/pl\\\/kosmetyki-i-srodki-czystosci-henkla-w-opakowania-z-plastiku-pozyskanego-spolecznie\\\/#primaryimage\"},\"thumbnailUrl\":\"https:\\\/\\\/favorite-news.com\\\/pl\\\/wp-content\\\/uploads\\\/sites\\\/6\\\/2019\\\/06\\\/Kosmetyki-i-\u015brodki-czysto\u015bci-Henkla-w-opakowania-z-plastiku-pozyskanego.jpg\",\"articleSection\":[\"WIADOMO\u015aCI MARKETINGOWE INTERNETOWE\"],\"inLanguage\":\"pl-PL\",\"potentialAction\":[{\"@type\":\"CommentAction\",\"name\":\"Comment\",\"target\":[\"https:\\\/\\\/favorite-news.com\\\/pl\\\/kosmetyki-i-srodki-czystosci-henkla-w-opakowania-z-plastiku-pozyskanego-spolecznie\\\/#respond\"]}]},{\"@type\":\"WebPage\",\"@id\":\"https:\\\/\\\/favorite-news.com\\\/pl\\\/kosmetyki-i-srodki-czystosci-henkla-w-opakowania-z-plastiku-pozyskanego-spolecznie\\\/\",\"url\":\"https:\\\/\\\/favorite-news.com\\\/pl\\\/kosmetyki-i-srodki-czystosci-henkla-w-opakowania-z-plastiku-pozyskanego-spolecznie\\\/\",\"name\":\"Kosmetyki i \u015brodki czysto\u015bci Henkla w opakowania z plastiku pozyskanego spo\u0142ecznie - Favorite News\",\"isPartOf\":{\"@id\":\"https:\\\/\\\/favorite-news.com\\\/pl\\\/#website\"},\"primaryImageOfPage\":{\"@id\":\"https:\\\/\\\/favorite-news.com\\\/pl\\\/kosmetyki-i-srodki-czystosci-henkla-w-opakowania-z-plastiku-pozyskanego-spolecznie\\\/#primaryimage\"},\"image\":{\"@id\":\"https:\\\/\\\/favorite-news.com\\\/pl\\\/kosmetyki-i-srodki-czystosci-henkla-w-opakowania-z-plastiku-pozyskanego-spolecznie\\\/#primaryimage\"},\"thumbnailUrl\":\"https:\\\/\\\/favorite-news.com\\\/pl\\\/wp-content\\\/uploads\\\/sites\\\/6\\\/2019\\\/06\\\/Kosmetyki-i-\u015brodki-czysto\u015bci-Henkla-w-opakowania-z-plastiku-pozyskanego.jpg\",\"datePublished\":\"2019-06-18T01:22:25+00:00\",\"dateModified\":\"2019-06-18T01:22:27+00:00\",\"author\":{\"@id\":\"https:\\\/\\\/favorite-news.com\\\/pl\\\/#\\\/schema\\\/person\\\/b91573b717dcfa5e4696032a9d28d3e8\"},\"breadcrumb\":{\"@id\":\"https:\\\/\\\/favorite-news.com\\\/pl\\\/kosmetyki-i-srodki-czystosci-henkla-w-opakowania-z-plastiku-pozyskanego-spolecznie\\\/#breadcrumb\"},\"inLanguage\":\"pl-PL\",\"potentialAction\":[{\"@type\":\"ReadAction\",\"target\":[\"https:\\\/\\\/favorite-news.com\\\/pl\\\/kosmetyki-i-srodki-czystosci-henkla-w-opakowania-z-plastiku-pozyskanego-spolecznie\\\/\"]}]},{\"@type\":\"ImageObject\",\"inLanguage\":\"pl-PL\",\"@id\":\"https:\\\/\\\/favorite-news.com\\\/pl\\\/kosmetyki-i-srodki-czystosci-henkla-w-opakowania-z-plastiku-pozyskanego-spolecznie\\\/#primaryimage\",\"url\":\"https:\\\/\\\/favorite-news.com\\\/pl\\\/wp-content\\\/uploads\\\/sites\\\/6\\\/2019\\\/06\\\/Kosmetyki-i-\u015brodki-czysto\u015bci-Henkla-w-opakowania-z-plastiku-pozyskanego.jpg\",\"contentUrl\":\"https:\\\/\\\/favorite-news.com\\\/pl\\\/wp-content\\\/uploads\\\/sites\\\/6\\\/2019\\\/06\\\/Kosmetyki-i-\u015brodki-czysto\u015bci-Henkla-w-opakowania-z-plastiku-pozyskanego.jpg\",\"width\":655,\"height\":437,\"caption\":\"Article\"},{\"@type\":\"BreadcrumbList\",\"@id\":\"https:\\\/\\\/favorite-news.com\\\/pl\\\/kosmetyki-i-srodki-czystosci-henkla-w-opakowania-z-plastiku-pozyskanego-spolecznie\\\/#breadcrumb\",\"itemListElement\":[{\"@type\":\"ListItem\",\"position\":1,\"name\":\"Home\",\"item\":\"https:\\\/\\\/favorite-news.com\\\/pl\\\/\"},{\"@type\":\"ListItem\",\"position\":2,\"name\":\"Kosmetyki i \u015brodki czysto\u015bci Henkla w opakowania z plastiku pozyskanego spo\u0142ecznie\"}]},{\"@type\":\"WebSite\",\"@id\":\"https:\\\/\\\/favorite-news.com\\\/pl\\\/#website\",\"url\":\"https:\\\/\\\/favorite-news.com\\\/pl\\\/\",\"name\":\"Favorite News\",\"description\":\"Favorite News Polska\",\"potentialAction\":[{\"@type\":\"SearchAction\",\"target\":{\"@type\":\"EntryPoint\",\"urlTemplate\":\"https:\\\/\\\/favorite-news.com\\\/pl\\\/?s={search_term_string}\"},\"query-input\":{\"@type\":\"PropertyValueSpecification\",\"valueRequired\":true,\"valueName\":\"search_term_string\"}}],\"inLanguage\":\"pl-PL\"},{\"@type\":\"Person\",\"@id\":\"https:\\\/\\\/favorite-news.com\\\/pl\\\/#\\\/schema\\\/person\\\/b91573b717dcfa5e4696032a9d28d3e8\",\"name\":\"favorite-news\",\"image\":{\"@type\":\"ImageObject\",\"inLanguage\":\"pl-PL\",\"@id\":\"https:\\\/\\\/secure.gravatar.com\\\/avatar\\\/6c5a5cb12b74e9d517ee91cf570335b7d16177f1977cc91db161adfa435945a7?s=96&d=mm&r=g\",\"url\":\"https:\\\/\\\/secure.gravatar.com\\\/avatar\\\/6c5a5cb12b74e9d517ee91cf570335b7d16177f1977cc91db161adfa435945a7?s=96&d=mm&r=g\",\"contentUrl\":\"https:\\\/\\\/secure.gravatar.com\\\/avatar\\\/6c5a5cb12b74e9d517ee91cf570335b7d16177f1977cc91db161adfa435945a7?s=96&d=mm&r=g\",\"caption\":\"favorite-news\"},\"url\":\"https:\\\/\\\/favorite-news.com\\\/pl\\\/author\\\/pt\\\/\"}]}<\/script>\n<!-- \/ Yoast SEO plugin. -->","yoast_head_json":{"title":"Kosmetyki i \u015brodki czysto\u015bci Henkla w opakowania z plastiku pozyskanego spo\u0142ecznie - Favorite News","robots":{"index":"index","follow":"follow","max-snippet":"max-snippet:-1","max-image-preview":"max-image-preview:large","max-video-preview":"max-video-preview:-1"},"canonical":"https:\/\/favorite-news.com\/pl\/kosmetyki-i-srodki-czystosci-henkla-w-opakowania-z-plastiku-pozyskanego-spolecznie\/","og_locale":"pl_PL","og_type":"article","og_title":"Kosmetyki i \u015brodki czysto\u015bci Henkla w opakowania z plastiku pozyskanego spo\u0142ecznie - Favorite News","og_description":"[ad_1] Jest to efekt wsp\u00f3\u0142pracy z firm\u0105 Plastic Bank rozpocz\u0119tej w 2017 roku. Jej celem jest zbi\u00f3rka plastikowych odpad\u00f3w zanim jeszcze zanieczyszcz\u0105 oceany, przede wszystkim w miejscach, w kt\u00f3rych brakuje infrastruktury potrzebnej do ich utylizacji. I tak np. dzi\u0119ki temu projektowi mieszka\u0144cy Haiti, kt\u00f3re jest jednym z najbardziej zanieczyszczonych miejsc na \u015bwiecie mog\u0105 wymienia\u0107 zebrane [&hellip;]","og_url":"https:\/\/favorite-news.com\/pl\/kosmetyki-i-srodki-czystosci-henkla-w-opakowania-z-plastiku-pozyskanego-spolecznie\/","og_site_name":"Favorite News","article_published_time":"2019-06-18T01:22:25+00:00","article_modified_time":"2019-06-18T01:22:27+00:00","og_image":[{"width":655,"height":437,"url":"https:\/\/favorite-news.com\/pl\/wp-content\/uploads\/sites\/6\/2019\/06\/Kosmetyki-i-\u015brodki-czysto\u015bci-Henkla-w-opakowania-z-plastiku-pozyskanego.jpg","type":"image\/jpeg"}],"author":"favorite-news","twitter_card":"summary_large_image","twitter_misc":{"Napisane przez":"favorite-news","Szacowany czas czytania":"1 minuta"},"schema":{"@context":"https:\/\/schema.org","@graph":[{"@type":"Article","@id":"https:\/\/favorite-news.com\/pl\/kosmetyki-i-srodki-czystosci-henkla-w-opakowania-z-plastiku-pozyskanego-spolecznie\/#article","isPartOf":{"@id":"https:\/\/favorite-news.com\/pl\/kosmetyki-i-srodki-czystosci-henkla-w-opakowania-z-plastiku-pozyskanego-spolecznie\/"},"author":{"name":"favorite-news","@id":"https:\/\/favorite-news.com\/pl\/#\/schema\/person\/b91573b717dcfa5e4696032a9d28d3e8"},"headline":"Kosmetyki i \u015brodki czysto\u015bci Henkla w opakowania z plastiku pozyskanego spo\u0142ecznie","datePublished":"2019-06-18T01:22:25+00:00","dateModified":"2019-06-18T01:22:27+00:00","mainEntityOfPage":{"@id":"https:\/\/favorite-news.com\/pl\/kosmetyki-i-srodki-czystosci-henkla-w-opakowania-z-plastiku-pozyskanego-spolecznie\/"},"wordCount":295,"commentCount":0,"image":{"@id":"https:\/\/favorite-news.com\/pl\/kosmetyki-i-srodki-czystosci-henkla-w-opakowania-z-plastiku-pozyskanego-spolecznie\/#primaryimage"},"thumbnailUrl":"https:\/\/favorite-news.com\/pl\/wp-content\/uploads\/sites\/6\/2019\/06\/Kosmetyki-i-\u015brodki-czysto\u015bci-Henkla-w-opakowania-z-plastiku-pozyskanego.jpg","articleSection":["WIADOMO\u015aCI MARKETINGOWE INTERNETOWE"],"inLanguage":"pl-PL","potentialAction":[{"@type":"CommentAction","name":"Comment","target":["https:\/\/favorite-news.com\/pl\/kosmetyki-i-srodki-czystosci-henkla-w-opakowania-z-plastiku-pozyskanego-spolecznie\/#respond"]}]},{"@type":"WebPage","@id":"https:\/\/favorite-news.com\/pl\/kosmetyki-i-srodki-czystosci-henkla-w-opakowania-z-plastiku-pozyskanego-spolecznie\/","url":"https:\/\/favorite-news.com\/pl\/kosmetyki-i-srodki-czystosci-henkla-w-opakowania-z-plastiku-pozyskanego-spolecznie\/","name":"Kosmetyki i \u015brodki czysto\u015bci Henkla w opakowania z plastiku pozyskanego spo\u0142ecznie - Favorite News","isPartOf":{"@id":"https:\/\/favorite-news.com\/pl\/#website"},"primaryImageOfPage":{"@id":"https:\/\/favorite-news.com\/pl\/kosmetyki-i-srodki-czystosci-henkla-w-opakowania-z-plastiku-pozyskanego-spolecznie\/#primaryimage"},"image":{"@id":"https:\/\/favorite-news.com\/pl\/kosmetyki-i-srodki-czystosci-henkla-w-opakowania-z-plastiku-pozyskanego-spolecznie\/#primaryimage"},"thumbnailUrl":"https:\/\/favorite-news.com\/pl\/wp-content\/uploads\/sites\/6\/2019\/06\/Kosmetyki-i-\u015brodki-czysto\u015bci-Henkla-w-opakowania-z-plastiku-pozyskanego.jpg","datePublished":"2019-06-18T01:22:25+00:00","dateModified":"2019-06-18T01:22:27+00:00","author":{"@id":"https:\/\/favorite-news.com\/pl\/#\/schema\/person\/b91573b717dcfa5e4696032a9d28d3e8"},"breadcrumb":{"@id":"https:\/\/favorite-news.com\/pl\/kosmetyki-i-srodki-czystosci-henkla-w-opakowania-z-plastiku-pozyskanego-spolecznie\/#breadcrumb"},"inLanguage":"pl-PL","potentialAction":[{"@type":"ReadAction","target":["https:\/\/favorite-news.com\/pl\/kosmetyki-i-srodki-czystosci-henkla-w-opakowania-z-plastiku-pozyskanego-spolecznie\/"]}]},{"@type":"ImageObject","inLanguage":"pl-PL","@id":"https:\/\/favorite-news.com\/pl\/kosmetyki-i-srodki-czystosci-henkla-w-opakowania-z-plastiku-pozyskanego-spolecznie\/#primaryimage","url":"https:\/\/favorite-news.com\/pl\/wp-content\/uploads\/sites\/6\/2019\/06\/Kosmetyki-i-\u015brodki-czysto\u015bci-Henkla-w-opakowania-z-plastiku-pozyskanego.jpg","contentUrl":"https:\/\/favorite-news.com\/pl\/wp-content\/uploads\/sites\/6\/2019\/06\/Kosmetyki-i-\u015brodki-czysto\u015bci-Henkla-w-opakowania-z-plastiku-pozyskanego.jpg","width":655,"height":437,"caption":"Article"},{"@type":"BreadcrumbList","@id":"https:\/\/favorite-news.com\/pl\/kosmetyki-i-srodki-czystosci-henkla-w-opakowania-z-plastiku-pozyskanego-spolecznie\/#breadcrumb","itemListElement":[{"@type":"ListItem","position":1,"name":"Home","item":"https:\/\/favorite-news.com\/pl\/"},{"@type":"ListItem","position":2,"name":"Kosmetyki i \u015brodki czysto\u015bci Henkla w opakowania z plastiku pozyskanego spo\u0142ecznie"}]},{"@type":"WebSite","@id":"https:\/\/favorite-news.com\/pl\/#website","url":"https:\/\/favorite-news.com\/pl\/","name":"Favorite News","description":"Favorite News Polska","potentialAction":[{"@type":"SearchAction","target":{"@type":"EntryPoint","urlTemplate":"https:\/\/favorite-news.com\/pl\/?s={search_term_string}"},"query-input":{"@type":"PropertyValueSpecification","valueRequired":true,"valueName":"search_term_string"}}],"inLanguage":"pl-PL"},{"@type":"Person","@id":"https:\/\/favorite-news.com\/pl\/#\/schema\/person\/b91573b717dcfa5e4696032a9d28d3e8","name":"favorite-news","image":{"@type":"ImageObject","inLanguage":"pl-PL","@id":"https:\/\/secure.gravatar.com\/avatar\/6c5a5cb12b74e9d517ee91cf570335b7d16177f1977cc91db161adfa435945a7?s=96&d=mm&r=g","url":"https:\/\/secure.gravatar.com\/avatar\/6c5a5cb12b74e9d517ee91cf570335b7d16177f1977cc91db161adfa435945a7?s=96&d=mm&r=g","contentUrl":"https:\/\/secure.gravatar.com\/avatar\/6c5a5cb12b74e9d517ee91cf570335b7d16177f1977cc91db161adfa435945a7?s=96&d=mm&r=g","caption":"favorite-news"},"url":"https:\/\/favorite-news.com\/pl\/author\/pt\/"}]}},"_links":{"self":[{"href":"https:\/\/favorite-news.com\/pl\/wp-json\/wp\/v2\/posts\/1690","targetHints":{"allow":["GET"]}}],"collection":[{"href":"https:\/\/favorite-news.com\/pl\/wp-json\/wp\/v2\/posts"}],"about":[{"href":"https:\/\/favorite-news.com\/pl\/wp-json\/wp\/v2\/types\/post"}],"author":[{"embeddable":true,"href":"https:\/\/favorite-news.com\/pl\/wp-json\/wp\/v2\/users\/2"}],"replies":[{"embeddable":true,"href":"https:\/\/favorite-news.com\/pl\/wp-json\/wp\/v2\/comments?post=1690"}],"version-history":[{"count":1,"href":"https:\/\/favorite-news.com\/pl\/wp-json\/wp\/v2\/posts\/1690\/revisions"}],"predecessor-version":[{"id":1692,"href":"https:\/\/favorite-news.com\/pl\/wp-json\/wp\/v2\/posts\/1690\/revisions\/1692"}],"wp:featuredmedia":[{"embeddable":true,"href":"https:\/\/favorite-news.com\/pl\/wp-json\/wp\/v2\/media\/1691"}],"wp:attachment":[{"href":"https:\/\/favorite-news.com\/pl\/wp-json\/wp\/v2\/media?parent=1690"}],"wp:term":[{"taxonomy":"category","embeddable":true,"href":"https:\/\/favorite-news.com\/pl\/wp-json\/wp\/v2\/categories?post=1690"},{"taxonomy":"post_tag","embeddable":true,"href":"https:\/\/favorite-news.com\/pl\/wp-json\/wp\/v2\/tags?post=1690"}],"curies":[{"name":"wp","href":"https:\/\/api.w.org\/{rel}","templated":true}]}}