{"id":1677,"date":"2019-06-17T21:10:53","date_gmt":"2019-06-17T18:10:53","guid":{"rendered":"https:\/\/favorite-news.com\/pl\/artur-malek-za-macieja-gamrota-w-zarzadzie\/"},"modified":"2019-06-17T21:10:54","modified_gmt":"2019-06-17T18:10:54","slug":"artur-malek-za-macieja-gamrota-w-zarzadzie","status":"publish","type":"post","link":"https:\/\/favorite-news.com\/pl\/artur-malek-za-macieja-gamrota-w-zarzadzie\/","title":{"rendered":"Artur Ma\u0142ek za Macieja Gamrota w zarz\u0105dzie"},"content":{"rendered":"<p> [ad_1]<br \/>\n<\/p>\n<div id=\"\">\n<p>Maciej Gamrot by\u0142 w zarz\u0105dzie Platige Image od pa\u017adziernika 2017 roku. Nie poda\u0142 powod\u00f3w swojej rezygnacji, zaznaczono natomiast, \u017ce pozostanie doradc\u0105 zarz\u0105du.<\/p>\n<p>&#13;<br \/>\n&#13;<\/p>\n<p>Ponadto Gamrot nadal b\u0119dzie prezesem nale\u017c\u0105cej do Platige Image sp\u00f3\u0142ki Platige Films, a tak\u017ce zosta\u0142 jedynym cz\u0142onkiem zarz\u0105d\u00f3w dw\u00f3ch innych sp\u00f3\u0142ek zale\u017cnych firmy: Platige i Fatima Film.<\/p>\n<p>&#13;<br \/>\n&#13;<\/p>\n<p>Maciej Gamrot w latach 2016-2017 by\u0142 dyrektorem finansowym i cz\u0142onkiem zarz\u0105du Audioteki. Wcze\u015bniej pe\u0142ni\u0142 takie funkcje w sp\u00f3\u0142ce Dobroplast produkuj\u0105cej okna, ponadto pracowa\u0142 w Agorze (w latach 1999-2013), Coopers&amp;Lybrand (obecnie PwC) i Arthur Andersen (obecnie E&amp;Y).<\/p>\n<p>&#13;<br \/>\n&#13;<\/p>\n<p><span style=\"font-size:20px;\"><strong>Artur Ma\u0142ek przechodzi z Calypso Fitness<\/strong><\/span><\/p>\n<p>&#13;<br \/>\n&#13;<\/p>\n<p>Nowym cz\u0142onkiem zarz\u0105du Platige Image zosta\u0142 Artur Ma\u0142ek. Przez ostatnie pi\u0119\u0107 lat by\u0142 dyrektorem finansowym w Calypso Fitness, a przedtem przez 14 lat zajmowa\u0142 takie stanowisko w Benefit Systems.<\/p>\n<p>&#13;<br \/>\n&#13;<\/p>\n<p>Wcze\u015bniej Artur Ma\u0142ek pracowa\u0142 na stanowiskach dyrektorskich i kierowniczych w Noblestar Polska, Wola Info (obecnie Devoteam), Novitus (obecnie Comp) i Optimus-ic (obecnie te\u017c Comp). Jest te cz\u0142onkiem rad nadzorczych Vistula Group i Medicalgorithmics, a wcze\u015bniej zasiada\u0142 w radach nadzorczych wielu innych firm.<\/p>\n<p>&#13;<br \/>\n&#13;<\/p>\n<p>Uko\u0144czy\u0142 studia z finans\u00f3w i bankowo\u015bci na Uniwersytecie Ekonomicznym w Krakowie, a tak\u017ce studia podyplomowe i MBA.<\/p>\n<p>&#13;<br \/>\n&#13;<\/p>\n<p>Od listopada ub.r. prezesem Platige Image jest Karol \u017bbikowski. W lutym br. Magdalena Machalica i Janusz W\u0142odarski odeszli z zarz\u0105du, pozostaj\u0105c w firmie na stanowiskach dyrektorskich.<\/p>\n<p>&#13;<br \/>\n&#13;<\/p>\n<p>W pierwszym kwartale br. grupa kapita\u0142owa Platige Image zanotowa\u0142a wzrost przychod\u00f3w sprzeda\u017cowych o 26 proc. do 19,43 mln z\u0142 oraz 450 tys. z\u0142 zysku netto (wobec 903 tys. z\u0142 straty rok wcze\u015bniej).<\/p>\n<p>&#13;<br \/>\n                            &#13;<br \/>\n&#13;<br \/>\n                            &#13;<br \/>\n&#13;<br \/>\n&#13;<br \/>\n&#13;<br \/>\n&#13;<br \/>\n&#13;<br \/>\n                            &#13;<br \/>\n                                                            &#13;<br \/>\n&#13;<br \/>\n                            &#13;\n                        <\/p><\/div>\n<p><script>(function (d, s, id) {\n        var js, fjs = d.getElementsByTagName(s)[0];\n        if (d.getElementById(id)) return;\n        js = d.createElement(s);\n        js.id = id;\n        js.src = \"http:\/\/connect.facebook.net\/pl_PL\/sdk.js#xfbml=1&version=v2.6&appId=297996717062470\";\n        fjs.parentNode.insertBefore(js, fjs);\n    }(document, 'script', 'facebook-jssdk'));<\/script><br \/>\n<br \/>[ad_2]<br \/>\n<br \/><a href=\"https:\/\/www.wirtualnemedia.pl\/artykul\/platige-image-artur-malek-za-macieja-gamrota-w-zarzadzie\">Source link <\/a><\/p>\n","protected":false},"excerpt":{"rendered":"<p>[ad_1] Maciej Gamrot by\u0142 w zarz\u0105dzie Platige Image od pa\u017adziernika 2017 roku. Nie poda\u0142 powod\u00f3w swojej rezygnacji, zaznaczono natomiast, \u017ce pozostanie doradc\u0105 zarz\u0105du. &#13; &#13; Ponadto Gamrot nadal b\u0119dzie prezesem nale\u017c\u0105cej do Platige Image sp\u00f3\u0142ki Platige Films, a tak\u017ce zosta\u0142 jedynym cz\u0142onkiem zarz\u0105d\u00f3w dw\u00f3ch innych sp\u00f3\u0142ek zale\u017cnych firmy: Platige i Fatima Film. &#13; &#13; Maciej [&hellip;]<\/p>\n","protected":false},"author":2,"featured_media":146,"comment_status":"open","ping_status":"open","sticky":false,"template":"","format":"standard","meta":{"footnotes":""},"categories":[2],"tags":[],"class_list":["post-1677","post","type-post","status-publish","format-standard","has-post-thumbnail","hentry","category-wiadomosci-marketingowe-internetowe"],"yoast_head":"<!-- This site is optimized with the Yoast SEO plugin v27.4 - https:\/\/yoast.com\/product\/yoast-seo-wordpress\/ -->\n<title>Artur Ma\u0142ek za Macieja Gamrota w zarz\u0105dzie - Favorite News<\/title>\n<meta name=\"robots\" content=\"index, follow, max-snippet:-1, max-image-preview:large, max-video-preview:-1\" \/>\n<link rel=\"canonical\" href=\"https:\/\/favorite-news.com\/pl\/artur-malek-za-macieja-gamrota-w-zarzadzie\/\" \/>\n<meta property=\"og:locale\" content=\"pl_PL\" \/>\n<meta property=\"og:type\" content=\"article\" \/>\n<meta property=\"og:title\" content=\"Artur Ma\u0142ek za Macieja Gamrota w zarz\u0105dzie - Favorite News\" \/>\n<meta property=\"og:description\" content=\"[ad_1] Maciej Gamrot by\u0142 w zarz\u0105dzie Platige Image od pa\u017adziernika 2017 roku. Nie poda\u0142 powod\u00f3w swojej rezygnacji, zaznaczono natomiast, \u017ce pozostanie doradc\u0105 zarz\u0105du. &#013; &#013; Ponadto Gamrot nadal b\u0119dzie prezesem nale\u017c\u0105cej do Platige Image sp\u00f3\u0142ki Platige Films, a tak\u017ce zosta\u0142 jedynym cz\u0142onkiem zarz\u0105d\u00f3w dw\u00f3ch innych sp\u00f3\u0142ek zale\u017cnych firmy: Platige i Fatima Film. &#013; &#013; Maciej [&hellip;]\" \/>\n<meta property=\"og:url\" content=\"https:\/\/favorite-news.com\/pl\/artur-malek-za-macieja-gamrota-w-zarzadzie\/\" \/>\n<meta property=\"og:site_name\" content=\"Favorite News\" \/>\n<meta property=\"article:published_time\" content=\"2019-06-17T18:10:53+00:00\" \/>\n<meta property=\"article:modified_time\" content=\"2019-06-17T18:10:54+00:00\" \/>\n<meta property=\"og:image\" content=\"https:\/\/favorite-news.com\/pl\/wp-content\/uploads\/sites\/6\/2019\/04\/Platige-Image-ma-zlecenie-od-Electronics-Arts-za-ponad-44.png\" \/>\n\t<meta property=\"og:image:width\" content=\"655\" \/>\n\t<meta property=\"og:image:height\" content=\"329\" \/>\n\t<meta property=\"og:image:type\" content=\"image\/png\" \/>\n<meta name=\"author\" content=\"favorite-news\" \/>\n<meta name=\"twitter:card\" content=\"summary_large_image\" \/>\n<meta name=\"twitter:label1\" content=\"Napisane przez\" \/>\n\t<meta name=\"twitter:data1\" content=\"favorite-news\" \/>\n\t<meta name=\"twitter:label2\" content=\"Szacowany czas czytania\" \/>\n\t<meta name=\"twitter:data2\" content=\"1 minuta\" \/>\n<script type=\"application\/ld+json\" class=\"yoast-schema-graph\">{\"@context\":\"https:\\\/\\\/schema.org\",\"@graph\":[{\"@type\":\"Article\",\"@id\":\"https:\\\/\\\/favorite-news.com\\\/pl\\\/artur-malek-za-macieja-gamrota-w-zarzadzie\\\/#article\",\"isPartOf\":{\"@id\":\"https:\\\/\\\/favorite-news.com\\\/pl\\\/artur-malek-za-macieja-gamrota-w-zarzadzie\\\/\"},\"author\":{\"name\":\"favorite-news\",\"@id\":\"https:\\\/\\\/favorite-news.com\\\/pl\\\/#\\\/schema\\\/person\\\/b91573b717dcfa5e4696032a9d28d3e8\"},\"headline\":\"Artur Ma\u0142ek za Macieja Gamrota w zarz\u0105dzie\",\"datePublished\":\"2019-06-17T18:10:53+00:00\",\"dateModified\":\"2019-06-17T18:10:54+00:00\",\"mainEntityOfPage\":{\"@id\":\"https:\\\/\\\/favorite-news.com\\\/pl\\\/artur-malek-za-macieja-gamrota-w-zarzadzie\\\/\"},\"wordCount\":289,\"commentCount\":0,\"image\":{\"@id\":\"https:\\\/\\\/favorite-news.com\\\/pl\\\/artur-malek-za-macieja-gamrota-w-zarzadzie\\\/#primaryimage\"},\"thumbnailUrl\":\"https:\\\/\\\/favorite-news.com\\\/pl\\\/wp-content\\\/uploads\\\/sites\\\/6\\\/2019\\\/04\\\/Platige-Image-ma-zlecenie-od-Electronics-Arts-za-ponad-44.png\",\"articleSection\":[\"WIADOMO\u015aCI MARKETINGOWE INTERNETOWE\"],\"inLanguage\":\"pl-PL\",\"potentialAction\":[{\"@type\":\"CommentAction\",\"name\":\"Comment\",\"target\":[\"https:\\\/\\\/favorite-news.com\\\/pl\\\/artur-malek-za-macieja-gamrota-w-zarzadzie\\\/#respond\"]}]},{\"@type\":\"WebPage\",\"@id\":\"https:\\\/\\\/favorite-news.com\\\/pl\\\/artur-malek-za-macieja-gamrota-w-zarzadzie\\\/\",\"url\":\"https:\\\/\\\/favorite-news.com\\\/pl\\\/artur-malek-za-macieja-gamrota-w-zarzadzie\\\/\",\"name\":\"Artur Ma\u0142ek za Macieja Gamrota w zarz\u0105dzie - Favorite News\",\"isPartOf\":{\"@id\":\"https:\\\/\\\/favorite-news.com\\\/pl\\\/#website\"},\"primaryImageOfPage\":{\"@id\":\"https:\\\/\\\/favorite-news.com\\\/pl\\\/artur-malek-za-macieja-gamrota-w-zarzadzie\\\/#primaryimage\"},\"image\":{\"@id\":\"https:\\\/\\\/favorite-news.com\\\/pl\\\/artur-malek-za-macieja-gamrota-w-zarzadzie\\\/#primaryimage\"},\"thumbnailUrl\":\"https:\\\/\\\/favorite-news.com\\\/pl\\\/wp-content\\\/uploads\\\/sites\\\/6\\\/2019\\\/04\\\/Platige-Image-ma-zlecenie-od-Electronics-Arts-za-ponad-44.png\",\"datePublished\":\"2019-06-17T18:10:53+00:00\",\"dateModified\":\"2019-06-17T18:10:54+00:00\",\"author\":{\"@id\":\"https:\\\/\\\/favorite-news.com\\\/pl\\\/#\\\/schema\\\/person\\\/b91573b717dcfa5e4696032a9d28d3e8\"},\"breadcrumb\":{\"@id\":\"https:\\\/\\\/favorite-news.com\\\/pl\\\/artur-malek-za-macieja-gamrota-w-zarzadzie\\\/#breadcrumb\"},\"inLanguage\":\"pl-PL\",\"potentialAction\":[{\"@type\":\"ReadAction\",\"target\":[\"https:\\\/\\\/favorite-news.com\\\/pl\\\/artur-malek-za-macieja-gamrota-w-zarzadzie\\\/\"]}]},{\"@type\":\"ImageObject\",\"inLanguage\":\"pl-PL\",\"@id\":\"https:\\\/\\\/favorite-news.com\\\/pl\\\/artur-malek-za-macieja-gamrota-w-zarzadzie\\\/#primaryimage\",\"url\":\"https:\\\/\\\/favorite-news.com\\\/pl\\\/wp-content\\\/uploads\\\/sites\\\/6\\\/2019\\\/04\\\/Platige-Image-ma-zlecenie-od-Electronics-Arts-za-ponad-44.png\",\"contentUrl\":\"https:\\\/\\\/favorite-news.com\\\/pl\\\/wp-content\\\/uploads\\\/sites\\\/6\\\/2019\\\/04\\\/Platige-Image-ma-zlecenie-od-Electronics-Arts-za-ponad-44.png\",\"width\":655,\"height\":329,\"caption\":\"Article\"},{\"@type\":\"BreadcrumbList\",\"@id\":\"https:\\\/\\\/favorite-news.com\\\/pl\\\/artur-malek-za-macieja-gamrota-w-zarzadzie\\\/#breadcrumb\",\"itemListElement\":[{\"@type\":\"ListItem\",\"position\":1,\"name\":\"Home\",\"item\":\"https:\\\/\\\/favorite-news.com\\\/pl\\\/\"},{\"@type\":\"ListItem\",\"position\":2,\"name\":\"Artur Ma\u0142ek za Macieja Gamrota w zarz\u0105dzie\"}]},{\"@type\":\"WebSite\",\"@id\":\"https:\\\/\\\/favorite-news.com\\\/pl\\\/#website\",\"url\":\"https:\\\/\\\/favorite-news.com\\\/pl\\\/\",\"name\":\"Favorite News\",\"description\":\"Favorite News Polska\",\"potentialAction\":[{\"@type\":\"SearchAction\",\"target\":{\"@type\":\"EntryPoint\",\"urlTemplate\":\"https:\\\/\\\/favorite-news.com\\\/pl\\\/?s={search_term_string}\"},\"query-input\":{\"@type\":\"PropertyValueSpecification\",\"valueRequired\":true,\"valueName\":\"search_term_string\"}}],\"inLanguage\":\"pl-PL\"},{\"@type\":\"Person\",\"@id\":\"https:\\\/\\\/favorite-news.com\\\/pl\\\/#\\\/schema\\\/person\\\/b91573b717dcfa5e4696032a9d28d3e8\",\"name\":\"favorite-news\",\"image\":{\"@type\":\"ImageObject\",\"inLanguage\":\"pl-PL\",\"@id\":\"https:\\\/\\\/secure.gravatar.com\\\/avatar\\\/6c5a5cb12b74e9d517ee91cf570335b7d16177f1977cc91db161adfa435945a7?s=96&d=mm&r=g\",\"url\":\"https:\\\/\\\/secure.gravatar.com\\\/avatar\\\/6c5a5cb12b74e9d517ee91cf570335b7d16177f1977cc91db161adfa435945a7?s=96&d=mm&r=g\",\"contentUrl\":\"https:\\\/\\\/secure.gravatar.com\\\/avatar\\\/6c5a5cb12b74e9d517ee91cf570335b7d16177f1977cc91db161adfa435945a7?s=96&d=mm&r=g\",\"caption\":\"favorite-news\"},\"url\":\"https:\\\/\\\/favorite-news.com\\\/pl\\\/author\\\/pt\\\/\"}]}<\/script>\n<!-- \/ Yoast SEO plugin. -->","yoast_head_json":{"title":"Artur Ma\u0142ek za Macieja Gamrota w zarz\u0105dzie - Favorite News","robots":{"index":"index","follow":"follow","max-snippet":"max-snippet:-1","max-image-preview":"max-image-preview:large","max-video-preview":"max-video-preview:-1"},"canonical":"https:\/\/favorite-news.com\/pl\/artur-malek-za-macieja-gamrota-w-zarzadzie\/","og_locale":"pl_PL","og_type":"article","og_title":"Artur Ma\u0142ek za Macieja Gamrota w zarz\u0105dzie - Favorite News","og_description":"[ad_1] Maciej Gamrot by\u0142 w zarz\u0105dzie Platige Image od pa\u017adziernika 2017 roku. Nie poda\u0142 powod\u00f3w swojej rezygnacji, zaznaczono natomiast, \u017ce pozostanie doradc\u0105 zarz\u0105du. &#13; &#13; Ponadto Gamrot nadal b\u0119dzie prezesem nale\u017c\u0105cej do Platige Image sp\u00f3\u0142ki Platige Films, a tak\u017ce zosta\u0142 jedynym cz\u0142onkiem zarz\u0105d\u00f3w dw\u00f3ch innych sp\u00f3\u0142ek zale\u017cnych firmy: Platige i Fatima Film. &#13; &#13; Maciej [&hellip;]","og_url":"https:\/\/favorite-news.com\/pl\/artur-malek-za-macieja-gamrota-w-zarzadzie\/","og_site_name":"Favorite News","article_published_time":"2019-06-17T18:10:53+00:00","article_modified_time":"2019-06-17T18:10:54+00:00","og_image":[{"width":655,"height":329,"url":"https:\/\/favorite-news.com\/pl\/wp-content\/uploads\/sites\/6\/2019\/04\/Platige-Image-ma-zlecenie-od-Electronics-Arts-za-ponad-44.png","type":"image\/png"}],"author":"favorite-news","twitter_card":"summary_large_image","twitter_misc":{"Napisane przez":"favorite-news","Szacowany czas czytania":"1 minuta"},"schema":{"@context":"https:\/\/schema.org","@graph":[{"@type":"Article","@id":"https:\/\/favorite-news.com\/pl\/artur-malek-za-macieja-gamrota-w-zarzadzie\/#article","isPartOf":{"@id":"https:\/\/favorite-news.com\/pl\/artur-malek-za-macieja-gamrota-w-zarzadzie\/"},"author":{"name":"favorite-news","@id":"https:\/\/favorite-news.com\/pl\/#\/schema\/person\/b91573b717dcfa5e4696032a9d28d3e8"},"headline":"Artur Ma\u0142ek za Macieja Gamrota w zarz\u0105dzie","datePublished":"2019-06-17T18:10:53+00:00","dateModified":"2019-06-17T18:10:54+00:00","mainEntityOfPage":{"@id":"https:\/\/favorite-news.com\/pl\/artur-malek-za-macieja-gamrota-w-zarzadzie\/"},"wordCount":289,"commentCount":0,"image":{"@id":"https:\/\/favorite-news.com\/pl\/artur-malek-za-macieja-gamrota-w-zarzadzie\/#primaryimage"},"thumbnailUrl":"https:\/\/favorite-news.com\/pl\/wp-content\/uploads\/sites\/6\/2019\/04\/Platige-Image-ma-zlecenie-od-Electronics-Arts-za-ponad-44.png","articleSection":["WIADOMO\u015aCI MARKETINGOWE INTERNETOWE"],"inLanguage":"pl-PL","potentialAction":[{"@type":"CommentAction","name":"Comment","target":["https:\/\/favorite-news.com\/pl\/artur-malek-za-macieja-gamrota-w-zarzadzie\/#respond"]}]},{"@type":"WebPage","@id":"https:\/\/favorite-news.com\/pl\/artur-malek-za-macieja-gamrota-w-zarzadzie\/","url":"https:\/\/favorite-news.com\/pl\/artur-malek-za-macieja-gamrota-w-zarzadzie\/","name":"Artur Ma\u0142ek za Macieja Gamrota w zarz\u0105dzie - Favorite News","isPartOf":{"@id":"https:\/\/favorite-news.com\/pl\/#website"},"primaryImageOfPage":{"@id":"https:\/\/favorite-news.com\/pl\/artur-malek-za-macieja-gamrota-w-zarzadzie\/#primaryimage"},"image":{"@id":"https:\/\/favorite-news.com\/pl\/artur-malek-za-macieja-gamrota-w-zarzadzie\/#primaryimage"},"thumbnailUrl":"https:\/\/favorite-news.com\/pl\/wp-content\/uploads\/sites\/6\/2019\/04\/Platige-Image-ma-zlecenie-od-Electronics-Arts-za-ponad-44.png","datePublished":"2019-06-17T18:10:53+00:00","dateModified":"2019-06-17T18:10:54+00:00","author":{"@id":"https:\/\/favorite-news.com\/pl\/#\/schema\/person\/b91573b717dcfa5e4696032a9d28d3e8"},"breadcrumb":{"@id":"https:\/\/favorite-news.com\/pl\/artur-malek-za-macieja-gamrota-w-zarzadzie\/#breadcrumb"},"inLanguage":"pl-PL","potentialAction":[{"@type":"ReadAction","target":["https:\/\/favorite-news.com\/pl\/artur-malek-za-macieja-gamrota-w-zarzadzie\/"]}]},{"@type":"ImageObject","inLanguage":"pl-PL","@id":"https:\/\/favorite-news.com\/pl\/artur-malek-za-macieja-gamrota-w-zarzadzie\/#primaryimage","url":"https:\/\/favorite-news.com\/pl\/wp-content\/uploads\/sites\/6\/2019\/04\/Platige-Image-ma-zlecenie-od-Electronics-Arts-za-ponad-44.png","contentUrl":"https:\/\/favorite-news.com\/pl\/wp-content\/uploads\/sites\/6\/2019\/04\/Platige-Image-ma-zlecenie-od-Electronics-Arts-za-ponad-44.png","width":655,"height":329,"caption":"Article"},{"@type":"BreadcrumbList","@id":"https:\/\/favorite-news.com\/pl\/artur-malek-za-macieja-gamrota-w-zarzadzie\/#breadcrumb","itemListElement":[{"@type":"ListItem","position":1,"name":"Home","item":"https:\/\/favorite-news.com\/pl\/"},{"@type":"ListItem","position":2,"name":"Artur Ma\u0142ek za Macieja Gamrota w zarz\u0105dzie"}]},{"@type":"WebSite","@id":"https:\/\/favorite-news.com\/pl\/#website","url":"https:\/\/favorite-news.com\/pl\/","name":"Favorite News","description":"Favorite News Polska","potentialAction":[{"@type":"SearchAction","target":{"@type":"EntryPoint","urlTemplate":"https:\/\/favorite-news.com\/pl\/?s={search_term_string}"},"query-input":{"@type":"PropertyValueSpecification","valueRequired":true,"valueName":"search_term_string"}}],"inLanguage":"pl-PL"},{"@type":"Person","@id":"https:\/\/favorite-news.com\/pl\/#\/schema\/person\/b91573b717dcfa5e4696032a9d28d3e8","name":"favorite-news","image":{"@type":"ImageObject","inLanguage":"pl-PL","@id":"https:\/\/secure.gravatar.com\/avatar\/6c5a5cb12b74e9d517ee91cf570335b7d16177f1977cc91db161adfa435945a7?s=96&d=mm&r=g","url":"https:\/\/secure.gravatar.com\/avatar\/6c5a5cb12b74e9d517ee91cf570335b7d16177f1977cc91db161adfa435945a7?s=96&d=mm&r=g","contentUrl":"https:\/\/secure.gravatar.com\/avatar\/6c5a5cb12b74e9d517ee91cf570335b7d16177f1977cc91db161adfa435945a7?s=96&d=mm&r=g","caption":"favorite-news"},"url":"https:\/\/favorite-news.com\/pl\/author\/pt\/"}]}},"_links":{"self":[{"href":"https:\/\/favorite-news.com\/pl\/wp-json\/wp\/v2\/posts\/1677","targetHints":{"allow":["GET"]}}],"collection":[{"href":"https:\/\/favorite-news.com\/pl\/wp-json\/wp\/v2\/posts"}],"about":[{"href":"https:\/\/favorite-news.com\/pl\/wp-json\/wp\/v2\/types\/post"}],"author":[{"embeddable":true,"href":"https:\/\/favorite-news.com\/pl\/wp-json\/wp\/v2\/users\/2"}],"replies":[{"embeddable":true,"href":"https:\/\/favorite-news.com\/pl\/wp-json\/wp\/v2\/comments?post=1677"}],"version-history":[{"count":1,"href":"https:\/\/favorite-news.com\/pl\/wp-json\/wp\/v2\/posts\/1677\/revisions"}],"predecessor-version":[{"id":1678,"href":"https:\/\/favorite-news.com\/pl\/wp-json\/wp\/v2\/posts\/1677\/revisions\/1678"}],"wp:featuredmedia":[{"embeddable":true,"href":"https:\/\/favorite-news.com\/pl\/wp-json\/wp\/v2\/media\/146"}],"wp:attachment":[{"href":"https:\/\/favorite-news.com\/pl\/wp-json\/wp\/v2\/media?parent=1677"}],"wp:term":[{"taxonomy":"category","embeddable":true,"href":"https:\/\/favorite-news.com\/pl\/wp-json\/wp\/v2\/categories?post=1677"},{"taxonomy":"post_tag","embeddable":true,"href":"https:\/\/favorite-news.com\/pl\/wp-json\/wp\/v2\/tags?post=1677"}],"curies":[{"name":"wp","href":"https:\/\/api.w.org\/{rel}","templated":true}]}}