{"id":4217,"date":"2021-06-28T20:55:25","date_gmt":"2021-06-28T17:55:25","guid":{"rendered":"https:\/\/favorite-news.com\/mx\/opinion-de-cristina-garcia-ramos-de-la-mascarilla-al-pintalabios\/"},"modified":"2021-06-28T20:55:28","modified_gmt":"2021-06-28T17:55:28","slug":"opinion-de-cristina-garcia-ramos-de-la-mascarilla-al-pintalabios","status":"publish","type":"post","link":"https:\/\/favorite-news.com\/mx\/opinion-de-cristina-garcia-ramos-de-la-mascarilla-al-pintalabios\/","title":{"rendered":"Opini\u00f3n de Cristina Garc\u00eda Ramos | De la mascarilla al pintalabios"},"content":{"rendered":"<p>Al final, ya se sabe que nunca llueve a gusto de todos. Y no lo digo por este voluble mes de junio, que, sin atender razones de refranero, nos ha tenido, pasado ya el cuarenta de mayo, alternando el ba\u00f1ador con la gabardina y la sombrilla de playa con el paraguas.No iba por ah\u00ed. Yo quer\u00eda hablar de mascarillas y pintalabios. El anuncio de que al fin podemos dejar de usar la mascarilla en espacios abiertos es la buena noticia de la semana, pero, incluso en este caso, siempre hay alguien que se siente perjudicado.Al margen de reticencias sanitarias que tambi\u00e9n las hay, los fabricantes de mascarillas ya han manifestado p\u00fablicamente su preocupaci\u00f3n. Van a vender menos y eso no es bueno para el negocio. Pero mientras unos se lamentan, otros vislumbran mejores perspectivas para lo suyo.Desde el inicio de la pandemia no hemos gastado mucho en maquillaje y bastante menos en pintura de labios. Y hay un sector, el de la cosm\u00e9tica, que se frota las manos, porque al fin ha llegado la hora de resarcirse. Creo que esta vez no van a necesitar echar mano del marketing y la publicidad.O mucho me equivoco o las barras de labios, mates, satinadas, permanentes o cremosas, se van a vender como churros y los rojos m\u00e1s vibrantes van a adue\u00f1arse de la calle. Yo estoy dudando entre el \u2018red carolina\u2019 y el rojo pasi\u00f3n. Hay ganas de ponerle color a la vida. Y de estrenar sonrisa sin tapujos.<br \/>\n<br \/>\n<!--noindex--><br \/>\n<a href=\"https:\/\/www.20minutos.es\/opinion\/opinion-cristina-garcia-ramos-de-la-mascarilla-al-pintalabios-20210625-4742793\/\" rel=\"nofollow\">Source link <\/a><br \/>\n<!--\/noindex--><\/p>\n","protected":false},"excerpt":{"rendered":"<p>Al final, ya se sabe que nunca llueve a gusto de todos. Y no lo digo por este voluble mes de junio, que, sin atender razones de refranero, nos ha tenido, pasado ya el cuarenta de mayo, alternando el ba\u00f1ador con la gabardina y la sombrilla de playa con el paraguas.No iba por ah\u00ed. Yo [&hellip;]<\/p>\n","protected":false},"author":2,"featured_media":4218,"comment_status":"open","ping_status":"open","sticky":false,"template":"","format":"standard","meta":{"footnotes":""},"categories":[1],"tags":[],"class_list":["post-4217","post","type-post","status-publish","format-standard","has-post-thumbnail","hentry","category-noticias-financieras"],"yoast_head":"<!-- This site is optimized with the Yoast SEO plugin v27.4 - https:\/\/yoast.com\/product\/yoast-seo-wordpress\/ -->\n<title>Opini\u00f3n de Cristina Garc\u00eda Ramos | De la mascarilla al pintalabios - Favorite News<\/title>\n<meta name=\"robots\" content=\"index, follow, max-snippet:-1, max-image-preview:large, max-video-preview:-1\" \/>\n<link rel=\"canonical\" href=\"https:\/\/favorite-news.com\/mx\/opinion-de-cristina-garcia-ramos-de-la-mascarilla-al-pintalabios\/\" \/>\n<meta property=\"og:locale\" content=\"es_MX\" \/>\n<meta property=\"og:type\" content=\"article\" \/>\n<meta property=\"og:title\" content=\"Opini\u00f3n de Cristina Garc\u00eda Ramos | De la mascarilla al pintalabios - Favorite News\" \/>\n<meta property=\"og:description\" content=\"Al final, ya se sabe que nunca llueve a gusto de todos. Y no lo digo por este voluble mes de junio, que, sin atender razones de refranero, nos ha tenido, pasado ya el cuarenta de mayo, alternando el ba\u00f1ador con la gabardina y la sombrilla de playa con el paraguas.No iba por ah\u00ed. Yo [&hellip;]\" \/>\n<meta property=\"og:url\" content=\"https:\/\/favorite-news.com\/mx\/opinion-de-cristina-garcia-ramos-de-la-mascarilla-al-pintalabios\/\" \/>\n<meta property=\"og:site_name\" content=\"Favorite News\" \/>\n<meta property=\"article:published_time\" content=\"2021-06-28T17:55:25+00:00\" \/>\n<meta property=\"article:modified_time\" content=\"2021-06-28T17:55:28+00:00\" \/>\n<meta property=\"og:image\" content=\"https:\/\/favorite-news.com\/mx\/wp-content\/uploads\/sites\/8\/2021\/06\/Opinion-de-Cristina-Garcia-Ramos-De-la-mascarilla-al.jpeg\" \/>\n\t<meta property=\"og:image:width\" content=\"1200\" \/>\n\t<meta property=\"og:image:height\" content=\"675\" \/>\n\t<meta property=\"og:image:type\" content=\"image\/jpeg\" \/>\n<meta name=\"author\" content=\"favorite-news\" \/>\n<meta name=\"twitter:card\" content=\"summary_large_image\" \/>\n<meta name=\"twitter:label1\" content=\"Escrito por\" \/>\n\t<meta name=\"twitter:data1\" content=\"favorite-news\" \/>\n\t<meta name=\"twitter:label2\" content=\"Tiempo de lectura\" \/>\n\t<meta name=\"twitter:data2\" content=\"1 minuto\" \/>\n<script type=\"application\/ld+json\" class=\"yoast-schema-graph\">{\"@context\":\"https:\\\/\\\/schema.org\",\"@graph\":[{\"@type\":\"Article\",\"@id\":\"https:\\\/\\\/favorite-news.com\\\/mx\\\/opinion-de-cristina-garcia-ramos-de-la-mascarilla-al-pintalabios\\\/#article\",\"isPartOf\":{\"@id\":\"https:\\\/\\\/favorite-news.com\\\/mx\\\/opinion-de-cristina-garcia-ramos-de-la-mascarilla-al-pintalabios\\\/\"},\"author\":{\"name\":\"favorite-news\",\"@id\":\"https:\\\/\\\/favorite-news.com\\\/mx\\\/#\\\/schema\\\/person\\\/b91573b717dcfa5e4696032a9d28d3e8\"},\"headline\":\"Opini\u00f3n de Cristina Garc\u00eda Ramos | De la mascarilla al pintalabios\",\"datePublished\":\"2021-06-28T17:55:25+00:00\",\"dateModified\":\"2021-06-28T17:55:28+00:00\",\"mainEntityOfPage\":{\"@id\":\"https:\\\/\\\/favorite-news.com\\\/mx\\\/opinion-de-cristina-garcia-ramos-de-la-mascarilla-al-pintalabios\\\/\"},\"wordCount\":274,\"commentCount\":0,\"image\":{\"@id\":\"https:\\\/\\\/favorite-news.com\\\/mx\\\/opinion-de-cristina-garcia-ramos-de-la-mascarilla-al-pintalabios\\\/#primaryimage\"},\"thumbnailUrl\":\"https:\\\/\\\/favorite-news.com\\\/mx\\\/wp-content\\\/uploads\\\/sites\\\/8\\\/2021\\\/06\\\/Opinion-de-Cristina-Garcia-Ramos-De-la-mascarilla-al.jpeg\",\"articleSection\":[\"NOTICIAS FINANCIERAS\"],\"inLanguage\":\"es\",\"potentialAction\":[{\"@type\":\"CommentAction\",\"name\":\"Comment\",\"target\":[\"https:\\\/\\\/favorite-news.com\\\/mx\\\/opinion-de-cristina-garcia-ramos-de-la-mascarilla-al-pintalabios\\\/#respond\"]}]},{\"@type\":\"WebPage\",\"@id\":\"https:\\\/\\\/favorite-news.com\\\/mx\\\/opinion-de-cristina-garcia-ramos-de-la-mascarilla-al-pintalabios\\\/\",\"url\":\"https:\\\/\\\/favorite-news.com\\\/mx\\\/opinion-de-cristina-garcia-ramos-de-la-mascarilla-al-pintalabios\\\/\",\"name\":\"Opini\u00f3n de Cristina Garc\u00eda Ramos | De la mascarilla al pintalabios - Favorite News\",\"isPartOf\":{\"@id\":\"https:\\\/\\\/favorite-news.com\\\/mx\\\/#website\"},\"primaryImageOfPage\":{\"@id\":\"https:\\\/\\\/favorite-news.com\\\/mx\\\/opinion-de-cristina-garcia-ramos-de-la-mascarilla-al-pintalabios\\\/#primaryimage\"},\"image\":{\"@id\":\"https:\\\/\\\/favorite-news.com\\\/mx\\\/opinion-de-cristina-garcia-ramos-de-la-mascarilla-al-pintalabios\\\/#primaryimage\"},\"thumbnailUrl\":\"https:\\\/\\\/favorite-news.com\\\/mx\\\/wp-content\\\/uploads\\\/sites\\\/8\\\/2021\\\/06\\\/Opinion-de-Cristina-Garcia-Ramos-De-la-mascarilla-al.jpeg\",\"datePublished\":\"2021-06-28T17:55:25+00:00\",\"dateModified\":\"2021-06-28T17:55:28+00:00\",\"author\":{\"@id\":\"https:\\\/\\\/favorite-news.com\\\/mx\\\/#\\\/schema\\\/person\\\/b91573b717dcfa5e4696032a9d28d3e8\"},\"breadcrumb\":{\"@id\":\"https:\\\/\\\/favorite-news.com\\\/mx\\\/opinion-de-cristina-garcia-ramos-de-la-mascarilla-al-pintalabios\\\/#breadcrumb\"},\"inLanguage\":\"es\",\"potentialAction\":[{\"@type\":\"ReadAction\",\"target\":[\"https:\\\/\\\/favorite-news.com\\\/mx\\\/opinion-de-cristina-garcia-ramos-de-la-mascarilla-al-pintalabios\\\/\"]}]},{\"@type\":\"ImageObject\",\"inLanguage\":\"es\",\"@id\":\"https:\\\/\\\/favorite-news.com\\\/mx\\\/opinion-de-cristina-garcia-ramos-de-la-mascarilla-al-pintalabios\\\/#primaryimage\",\"url\":\"https:\\\/\\\/favorite-news.com\\\/mx\\\/wp-content\\\/uploads\\\/sites\\\/8\\\/2021\\\/06\\\/Opinion-de-Cristina-Garcia-Ramos-De-la-mascarilla-al.jpeg\",\"contentUrl\":\"https:\\\/\\\/favorite-news.com\\\/mx\\\/wp-content\\\/uploads\\\/sites\\\/8\\\/2021\\\/06\\\/Opinion-de-Cristina-Garcia-Ramos-De-la-mascarilla-al.jpeg\",\"width\":1200,\"height\":675,\"caption\":\"Opini\u00f3n de Cristina Garc\u00eda Ramos | De la mascarilla al pintalabios\"},{\"@type\":\"BreadcrumbList\",\"@id\":\"https:\\\/\\\/favorite-news.com\\\/mx\\\/opinion-de-cristina-garcia-ramos-de-la-mascarilla-al-pintalabios\\\/#breadcrumb\",\"itemListElement\":[{\"@type\":\"ListItem\",\"position\":1,\"name\":\"\u0413\u043b\u0430\u0432\u043d\u0430\u044f \u0441\u0442\u0440\u0430\u043d\u0438\u0446\u0430\",\"item\":\"https:\\\/\\\/favorite-news.com\\\/mx\\\/\"},{\"@type\":\"ListItem\",\"position\":2,\"name\":\"Opini\u00f3n de Cristina Garc\u00eda Ramos | De la mascarilla al pintalabios\"}]},{\"@type\":\"WebSite\",\"@id\":\"https:\\\/\\\/favorite-news.com\\\/mx\\\/#website\",\"url\":\"https:\\\/\\\/favorite-news.com\\\/mx\\\/\",\"name\":\"Favorite News\",\"description\":\"Favorite News Mexico\",\"potentialAction\":[{\"@type\":\"SearchAction\",\"target\":{\"@type\":\"EntryPoint\",\"urlTemplate\":\"https:\\\/\\\/favorite-news.com\\\/mx\\\/?s={search_term_string}\"},\"query-input\":{\"@type\":\"PropertyValueSpecification\",\"valueRequired\":true,\"valueName\":\"search_term_string\"}}],\"inLanguage\":\"es\"},{\"@type\":\"Person\",\"@id\":\"https:\\\/\\\/favorite-news.com\\\/mx\\\/#\\\/schema\\\/person\\\/b91573b717dcfa5e4696032a9d28d3e8\",\"name\":\"favorite-news\",\"image\":{\"@type\":\"ImageObject\",\"inLanguage\":\"es\",\"@id\":\"https:\\\/\\\/secure.gravatar.com\\\/avatar\\\/6c5a5cb12b74e9d517ee91cf570335b7d16177f1977cc91db161adfa435945a7?s=96&d=mm&r=g\",\"url\":\"https:\\\/\\\/secure.gravatar.com\\\/avatar\\\/6c5a5cb12b74e9d517ee91cf570335b7d16177f1977cc91db161adfa435945a7?s=96&d=mm&r=g\",\"contentUrl\":\"https:\\\/\\\/secure.gravatar.com\\\/avatar\\\/6c5a5cb12b74e9d517ee91cf570335b7d16177f1977cc91db161adfa435945a7?s=96&d=mm&r=g\",\"caption\":\"favorite-news\"},\"url\":\"https:\\\/\\\/favorite-news.com\\\/mx\\\/author\\\/pt\\\/\"}]}<\/script>\n<!-- \/ Yoast SEO plugin. -->","yoast_head_json":{"title":"Opini\u00f3n de Cristina Garc\u00eda Ramos | De la mascarilla al pintalabios - Favorite News","robots":{"index":"index","follow":"follow","max-snippet":"max-snippet:-1","max-image-preview":"max-image-preview:large","max-video-preview":"max-video-preview:-1"},"canonical":"https:\/\/favorite-news.com\/mx\/opinion-de-cristina-garcia-ramos-de-la-mascarilla-al-pintalabios\/","og_locale":"es_MX","og_type":"article","og_title":"Opini\u00f3n de Cristina Garc\u00eda Ramos | De la mascarilla al pintalabios - Favorite News","og_description":"Al final, ya se sabe que nunca llueve a gusto de todos. Y no lo digo por este voluble mes de junio, que, sin atender razones de refranero, nos ha tenido, pasado ya el cuarenta de mayo, alternando el ba\u00f1ador con la gabardina y la sombrilla de playa con el paraguas.No iba por ah\u00ed. Yo [&hellip;]","og_url":"https:\/\/favorite-news.com\/mx\/opinion-de-cristina-garcia-ramos-de-la-mascarilla-al-pintalabios\/","og_site_name":"Favorite News","article_published_time":"2021-06-28T17:55:25+00:00","article_modified_time":"2021-06-28T17:55:28+00:00","og_image":[{"width":1200,"height":675,"url":"https:\/\/favorite-news.com\/mx\/wp-content\/uploads\/sites\/8\/2021\/06\/Opinion-de-Cristina-Garcia-Ramos-De-la-mascarilla-al.jpeg","type":"image\/jpeg"}],"author":"favorite-news","twitter_card":"summary_large_image","twitter_misc":{"Escrito por":"favorite-news","Tiempo de lectura":"1 minuto"},"schema":{"@context":"https:\/\/schema.org","@graph":[{"@type":"Article","@id":"https:\/\/favorite-news.com\/mx\/opinion-de-cristina-garcia-ramos-de-la-mascarilla-al-pintalabios\/#article","isPartOf":{"@id":"https:\/\/favorite-news.com\/mx\/opinion-de-cristina-garcia-ramos-de-la-mascarilla-al-pintalabios\/"},"author":{"name":"favorite-news","@id":"https:\/\/favorite-news.com\/mx\/#\/schema\/person\/b91573b717dcfa5e4696032a9d28d3e8"},"headline":"Opini\u00f3n de Cristina Garc\u00eda Ramos | De la mascarilla al pintalabios","datePublished":"2021-06-28T17:55:25+00:00","dateModified":"2021-06-28T17:55:28+00:00","mainEntityOfPage":{"@id":"https:\/\/favorite-news.com\/mx\/opinion-de-cristina-garcia-ramos-de-la-mascarilla-al-pintalabios\/"},"wordCount":274,"commentCount":0,"image":{"@id":"https:\/\/favorite-news.com\/mx\/opinion-de-cristina-garcia-ramos-de-la-mascarilla-al-pintalabios\/#primaryimage"},"thumbnailUrl":"https:\/\/favorite-news.com\/mx\/wp-content\/uploads\/sites\/8\/2021\/06\/Opinion-de-Cristina-Garcia-Ramos-De-la-mascarilla-al.jpeg","articleSection":["NOTICIAS FINANCIERAS"],"inLanguage":"es","potentialAction":[{"@type":"CommentAction","name":"Comment","target":["https:\/\/favorite-news.com\/mx\/opinion-de-cristina-garcia-ramos-de-la-mascarilla-al-pintalabios\/#respond"]}]},{"@type":"WebPage","@id":"https:\/\/favorite-news.com\/mx\/opinion-de-cristina-garcia-ramos-de-la-mascarilla-al-pintalabios\/","url":"https:\/\/favorite-news.com\/mx\/opinion-de-cristina-garcia-ramos-de-la-mascarilla-al-pintalabios\/","name":"Opini\u00f3n de Cristina Garc\u00eda Ramos | De la mascarilla al pintalabios - Favorite News","isPartOf":{"@id":"https:\/\/favorite-news.com\/mx\/#website"},"primaryImageOfPage":{"@id":"https:\/\/favorite-news.com\/mx\/opinion-de-cristina-garcia-ramos-de-la-mascarilla-al-pintalabios\/#primaryimage"},"image":{"@id":"https:\/\/favorite-news.com\/mx\/opinion-de-cristina-garcia-ramos-de-la-mascarilla-al-pintalabios\/#primaryimage"},"thumbnailUrl":"https:\/\/favorite-news.com\/mx\/wp-content\/uploads\/sites\/8\/2021\/06\/Opinion-de-Cristina-Garcia-Ramos-De-la-mascarilla-al.jpeg","datePublished":"2021-06-28T17:55:25+00:00","dateModified":"2021-06-28T17:55:28+00:00","author":{"@id":"https:\/\/favorite-news.com\/mx\/#\/schema\/person\/b91573b717dcfa5e4696032a9d28d3e8"},"breadcrumb":{"@id":"https:\/\/favorite-news.com\/mx\/opinion-de-cristina-garcia-ramos-de-la-mascarilla-al-pintalabios\/#breadcrumb"},"inLanguage":"es","potentialAction":[{"@type":"ReadAction","target":["https:\/\/favorite-news.com\/mx\/opinion-de-cristina-garcia-ramos-de-la-mascarilla-al-pintalabios\/"]}]},{"@type":"ImageObject","inLanguage":"es","@id":"https:\/\/favorite-news.com\/mx\/opinion-de-cristina-garcia-ramos-de-la-mascarilla-al-pintalabios\/#primaryimage","url":"https:\/\/favorite-news.com\/mx\/wp-content\/uploads\/sites\/8\/2021\/06\/Opinion-de-Cristina-Garcia-Ramos-De-la-mascarilla-al.jpeg","contentUrl":"https:\/\/favorite-news.com\/mx\/wp-content\/uploads\/sites\/8\/2021\/06\/Opinion-de-Cristina-Garcia-Ramos-De-la-mascarilla-al.jpeg","width":1200,"height":675,"caption":"Opini\u00f3n de Cristina Garc\u00eda Ramos | De la mascarilla al pintalabios"},{"@type":"BreadcrumbList","@id":"https:\/\/favorite-news.com\/mx\/opinion-de-cristina-garcia-ramos-de-la-mascarilla-al-pintalabios\/#breadcrumb","itemListElement":[{"@type":"ListItem","position":1,"name":"\u0413\u043b\u0430\u0432\u043d\u0430\u044f \u0441\u0442\u0440\u0430\u043d\u0438\u0446\u0430","item":"https:\/\/favorite-news.com\/mx\/"},{"@type":"ListItem","position":2,"name":"Opini\u00f3n de Cristina Garc\u00eda Ramos | De la mascarilla al pintalabios"}]},{"@type":"WebSite","@id":"https:\/\/favorite-news.com\/mx\/#website","url":"https:\/\/favorite-news.com\/mx\/","name":"Favorite News","description":"Favorite News Mexico","potentialAction":[{"@type":"SearchAction","target":{"@type":"EntryPoint","urlTemplate":"https:\/\/favorite-news.com\/mx\/?s={search_term_string}"},"query-input":{"@type":"PropertyValueSpecification","valueRequired":true,"valueName":"search_term_string"}}],"inLanguage":"es"},{"@type":"Person","@id":"https:\/\/favorite-news.com\/mx\/#\/schema\/person\/b91573b717dcfa5e4696032a9d28d3e8","name":"favorite-news","image":{"@type":"ImageObject","inLanguage":"es","@id":"https:\/\/secure.gravatar.com\/avatar\/6c5a5cb12b74e9d517ee91cf570335b7d16177f1977cc91db161adfa435945a7?s=96&d=mm&r=g","url":"https:\/\/secure.gravatar.com\/avatar\/6c5a5cb12b74e9d517ee91cf570335b7d16177f1977cc91db161adfa435945a7?s=96&d=mm&r=g","contentUrl":"https:\/\/secure.gravatar.com\/avatar\/6c5a5cb12b74e9d517ee91cf570335b7d16177f1977cc91db161adfa435945a7?s=96&d=mm&r=g","caption":"favorite-news"},"url":"https:\/\/favorite-news.com\/mx\/author\/pt\/"}]}},"_links":{"self":[{"href":"https:\/\/favorite-news.com\/mx\/wp-json\/wp\/v2\/posts\/4217","targetHints":{"allow":["GET"]}}],"collection":[{"href":"https:\/\/favorite-news.com\/mx\/wp-json\/wp\/v2\/posts"}],"about":[{"href":"https:\/\/favorite-news.com\/mx\/wp-json\/wp\/v2\/types\/post"}],"author":[{"embeddable":true,"href":"https:\/\/favorite-news.com\/mx\/wp-json\/wp\/v2\/users\/2"}],"replies":[{"embeddable":true,"href":"https:\/\/favorite-news.com\/mx\/wp-json\/wp\/v2\/comments?post=4217"}],"version-history":[{"count":1,"href":"https:\/\/favorite-news.com\/mx\/wp-json\/wp\/v2\/posts\/4217\/revisions"}],"predecessor-version":[{"id":4219,"href":"https:\/\/favorite-news.com\/mx\/wp-json\/wp\/v2\/posts\/4217\/revisions\/4219"}],"wp:featuredmedia":[{"embeddable":true,"href":"https:\/\/favorite-news.com\/mx\/wp-json\/wp\/v2\/media\/4218"}],"wp:attachment":[{"href":"https:\/\/favorite-news.com\/mx\/wp-json\/wp\/v2\/media?parent=4217"}],"wp:term":[{"taxonomy":"category","embeddable":true,"href":"https:\/\/favorite-news.com\/mx\/wp-json\/wp\/v2\/categories?post=4217"},{"taxonomy":"post_tag","embeddable":true,"href":"https:\/\/favorite-news.com\/mx\/wp-json\/wp\/v2\/tags?post=4217"}],"curies":[{"name":"wp","href":"https:\/\/api.w.org\/{rel}","templated":true}]}}